{"id":20269,"date":"2025-02-13T08:00:00","date_gmt":"2025-02-13T11:00:00","guid":{"rendered":"https:\/\/agenciainfra.com\/blog\/?p=20269"},"modified":"2025-02-13T06:23:32","modified_gmt":"2025-02-13T09:23:32","slug":"consenso-no-tce-ba-repactua-ppp-de-r-11-bi-para-ponte-salvador-itaparica","status":"publish","type":"post","link":"https:\/\/agenciainfra.com\/blog\/consenso-no-tce-ba-repactua-ppp-de-r-11-bi-para-ponte-salvador-itaparica\/","title":{"rendered":"Consenso no TCE-BA repactua PPP de R$ 11 bi para Ponte Salvador-Itaparica"},"content":{"rendered":"\n<p class=\"has-text-align-right\"><strong>da Ag\u00eancia iNFRA<\/strong><\/p>\n\n\n\n<p>Os conselheiros do TCE-BA (Tribunal de Contas do Estado da Bahia) homologaram na \u00faltima ter\u00e7a-feira (11) a\u00a0proposta de consenso para a repactua\u00e7\u00e3o do contrato para execu\u00e7\u00e3o das obras de constru\u00e7\u00e3o e opera\u00e7\u00e3o do sistema da Ponte Salvador-Itaparica, uma PPP (Parceria P\u00fablico-Privada) licitada em 2019 cujas obras n\u00e3o tiveram in\u00edcio. A estimativa \u00e9 de investimentos na casa dos R$ 11 bilh\u00f5es no projeto.<\/p>\n\n\n\n<p>Os conselheiros acompanharam o relator do processo, o presidente da corte, Marcus Presidio.&nbsp;Em seu voto, o relator disse que o acordo \u201cencoraja os gestores a sa\u00edrem da ina\u00e7\u00e3o dos \u00faltimos anos e a prosseguirem com os investimentos planejados, os quais, ao final e ao cabo,&nbsp;legar\u00e3o&nbsp;uma ponte, espinha dorsal de um ambicioso sistema\u201d.<\/p>\n\n\n\n<p>Presidio&nbsp;destacou que houve &#8220;radical altera\u00e7\u00e3o&#8221; do cen\u00e1rio econ\u00f4mico, em raz\u00e3o da pandemia da Covid-19, que afetou financeiramente o contrato, \u201cpois provocou o aumento extraordin\u00e1rio e significativo nos pre\u00e7os da constru\u00e7\u00e3o civil e dos materiais sider\u00fargicos, da taxa b\u00e1sica de juros (Selic), e, por consequ\u00eancia, do custo de oportunidade do capital investido\u201d.&nbsp;<\/p>\n\n\n\n<p>A PPP foi licitada antes da pandemia, mas o contrato foi assinado com as restri\u00e7\u00f5es j\u00e1 em andamento. O acordo reconheceu que os impactos da Covid-19 mudaram as bases do contrato, que os atrasos na execu\u00e7\u00e3o n\u00e3o eram por dolo da concession\u00e1ria e, por isso, a repactua\u00e7\u00e3o era justific\u00e1vel.<\/p>\n\n\n\n<p>A proposta de concilia\u00e7\u00e3o prev\u00ea a altera\u00e7\u00e3o da Taxa Interna de Retorno do projeto para 10,72% ao ano; a eleva\u00e7\u00e3o do aporte p\u00fablico total para R$ 5,07 bilh\u00f5es, na data-base de agosto de 2024; a altera\u00e7\u00e3o do valor da contrapresta\u00e7\u00e3o anual para R$ 371 milh\u00f5es, nos primeiros 10 anos de opera\u00e7\u00e3o plena; e R$ 170 milh\u00f5es, no per\u00edodo subsequente de opera\u00e7\u00e3o plena (do ano 11 ao 29), valores na data-base de agosto de 2024.<\/p>\n\n\n\n<p>Haver\u00e1 tamb\u00e9m a atualiza\u00e7\u00e3o do valor do contrato e a extens\u00e3o do cronograma de execu\u00e7\u00e3o das obras de cinco para seis anos. E tamb\u00e9m a redu\u00e7\u00e3o do prazo de opera\u00e7\u00e3o efetiva de 30 para 29 anos, de acordo com o voto.<\/p>\n\n\n\n<p>A proposta foi elaborada pela Comiss\u00e3o Consensual de Controv\u00e9rsias e Preven\u00e7\u00e3o de Conflitos, composta por auditores da Corte de Contas, integrantes do Minist\u00e9rio P\u00fablico de Contas, da Procuradoria-Geral do Estado, da Secretaria da Fazenda, da Secretaria da Casa Civil, da Secretaria de Infraestrutura e da Concession\u00e1ria Ponte Salvador-Itaparica, com a concession\u00e1ria CPSI (Concession\u00e1ria Ponte Salvador Itaparica), que \u00e9 controlada pelas construtoras&nbsp;CCCC e CRCC, ambas chinesas.<\/p>\n\n\n\n<p><strong>&#8220;Transforma\u00e7\u00e3o da administra\u00e7\u00e3o p\u00fablica&#8221;<\/strong><br>A advogada Let\u00edcia Queiroz, s\u00f3cia do Queiroz Maluf Reis Sociedade de Advogados, representou a concession\u00e1ria nas negocia\u00e7\u00f5es. Tamb\u00e9m representante da concession\u00e1ria ViaBahia num acordo recentemente firmado no TCU (Tribunal de Contas da Uni\u00e3o), ela afirmou que o acordo foi comemorado por ser o primeiro de grande porte em um&nbsp;estado da Federa\u00e7\u00e3o.<\/p>\n\n\n\n<p>Segundo Let\u00edcia, os trabalhos\u00a0da comiss\u00e3o no TCE-BA tiveram crit\u00e9rios para avalia\u00e7\u00e3o dos acordos altamente t\u00e9cnicos,\u00a0com os termos dissecados por diferentes \u00f3rg\u00e3os.<\/p>\n\n\n\n<p>&#8220;\u00c9 um sinal de que o modelo que est\u00e1 sendo praticado no \u00e2mbito da Uni\u00e3o com o TCU pode ser trazido aos estados, mostrando uma linha de transforma\u00e7\u00e3o mais profunda para toda a administra\u00e7\u00e3o p\u00fablica&#8221;, disse a advogada.<\/p>\n\n\n\n<p>A sess\u00e3o no TCE-BA contou com a presen\u00e7a da procuradora-geral do estado, Barbara Camardelli Loi, e outros secret\u00e1rios estaduais, al\u00e9m do diretor-presidente da concession\u00e1ria, Cl\u00e1udio Brito Villas Boas, e o presidente do Conselho de Administra\u00e7\u00e3o, Lin Li.<\/p>\n","protected":false},"excerpt":{"rendered":"<p>da Ag\u00eancia iNFRA Os conselheiros do TCE-BA (Tribunal de Contas do Estado da Bahia) homologaram na \u00faltima ter\u00e7a-feira (11) a\u00a0proposta de consenso para a repactua\u00e7\u00e3o do contrato para execu\u00e7\u00e3o das obras de constru\u00e7\u00e3o e opera\u00e7\u00e3o do sistema da Ponte Salvador-Itaparica, uma PPP (Parceria P\u00fablico-Privada) licitada em 2019 cujas obras n\u00e3o tiveram in\u00edcio. A estimativa \u00e9 [&hellip;]<\/p>\n","protected":false},"author":1,"featured_media":20270,"comment_status":"closed","ping_status":"closed","sticky":false,"template":"","format":"standard","meta":{"_monsterinsights_skip_tracking":false,"_monsterinsights_sitenote_active":false,"_monsterinsights_sitenote_note":"","_monsterinsights_sitenote_category":0,"footnotes":""},"categories":[7250,1,7],"tags":[265,12528,5329,12526,97,9935,12529,12527,12530],"class_list":["post-20269","post","type-post","status-publish","format-standard","has-post-thumbnail","hentry","category-destaque-lista","category-geral","category-infratransporte","tag-construcao-civil","tag-construcao-de-ponte","tag-ponte","tag-ponte-salvador-itaparica","tag-ppp","tag-repactuacao-de-contrato","tag-repactuacao-de-ppp","tag-tce-ba","tag-tribunal-de-contas-da-bahia"],"yoast_head":"<!-- This site is optimized with the Yoast SEO Premium plugin v25.4 (Yoast SEO v26.0) - https:\/\/yoast.com\/wordpress\/plugins\/seo\/ -->\n<title>Consenso no TCE-BA repactua PPP de R$ 11 bi para Ponte Salvador-Itaparica - Ag\u00eancia iNFRA<\/title>\n<meta name=\"robots\" content=\"index, follow, max-snippet:-1, max-image-preview:large, max-video-preview:-1\" \/>\n<link rel=\"canonical\" href=\"https:\/\/agenciainfra.com\/blog\/consenso-no-tce-ba-repactua-ppp-de-r-11-bi-para-ponte-salvador-itaparica\/\" \/>\n<meta property=\"og:locale\" content=\"pt_BR\" \/>\n<meta property=\"og:type\" content=\"article\" \/>\n<meta property=\"og:title\" content=\"Consenso no TCE-BA repactua PPP de R$ 11 bi para Ponte Salvador-Itaparica\" \/>\n<meta property=\"og:description\" content=\"da Ag\u00eancia iNFRA Os conselheiros do TCE-BA (Tribunal de Contas do Estado da Bahia) homologaram na \u00faltima ter\u00e7a-feira (11) a\u00a0proposta de consenso para a repactua\u00e7\u00e3o do contrato para execu\u00e7\u00e3o das obras de constru\u00e7\u00e3o e opera\u00e7\u00e3o do sistema da Ponte Salvador-Itaparica, uma PPP (Parceria P\u00fablico-Privada) licitada em 2019 cujas obras n\u00e3o tiveram in\u00edcio. A estimativa \u00e9 [&hellip;]\" \/>\n<meta property=\"og:url\" content=\"https:\/\/agenciainfra.com\/blog\/consenso-no-tce-ba-repactua-ppp-de-r-11-bi-para-ponte-salvador-itaparica\/\" \/>\n<meta property=\"og:site_name\" content=\"Ag\u00eancia iNFRA\" \/>\n<meta property=\"article:publisher\" content=\"https:\/\/www.facebook.com\/ageninfra\" \/>\n<meta property=\"article:published_time\" content=\"2025-02-13T11:00:00+00:00\" \/>\n<meta property=\"og:image\" content=\"https:\/\/agenciainfra.com\/blog\/wp-content\/uploads\/2025\/02\/SESSAO-DA-PONTE-FOTO-e1739438583386.jpg\" \/>\n\t<meta property=\"og:image:width\" content=\"1208\" \/>\n\t<meta property=\"og:image:height\" content=\"805\" \/>\n\t<meta property=\"og:image:type\" content=\"image\/jpeg\" \/>\n<meta name=\"author\" content=\"Ag\u00eancia iNFRA\" \/>\n<meta name=\"twitter:card\" content=\"summary_large_image\" \/>\n<meta name=\"twitter:creator\" content=\"@agencia_infra\" \/>\n<meta name=\"twitter:site\" content=\"@agencia_infra\" \/>\n<meta name=\"twitter:label1\" content=\"Escrito por\" \/>\n\t<meta name=\"twitter:data1\" content=\"Ag\u00eancia iNFRA\" \/>\n\t<meta name=\"twitter:label2\" content=\"Est. tempo de leitura\" \/>\n\t<meta name=\"twitter:data2\" content=\"3 minutos\" \/>\n<script type=\"application\/ld+json\" class=\"yoast-schema-graph\">{\"@context\":\"https:\/\/schema.org\",\"@graph\":[{\"@type\":\"Article\",\"@id\":\"https:\/\/agenciainfra.com\/blog\/consenso-no-tce-ba-repactua-ppp-de-r-11-bi-para-ponte-salvador-itaparica\/#article\",\"isPartOf\":{\"@id\":\"https:\/\/agenciainfra.com\/blog\/consenso-no-tce-ba-repactua-ppp-de-r-11-bi-para-ponte-salvador-itaparica\/\"},\"author\":{\"name\":\"Ag\u00eancia iNFRA\",\"@id\":\"https:\/\/agenciainfra.com\/blog\/#\/schema\/person\/34af08dff6adea4cb22b06612ba7acfa\"},\"headline\":\"Consenso no TCE-BA repactua PPP de R$ 11 bi para Ponte Salvador-Itaparica\",\"datePublished\":\"2025-02-13T11:00:00+00:00\",\"mainEntityOfPage\":{\"@id\":\"https:\/\/agenciainfra.com\/blog\/consenso-no-tce-ba-repactua-ppp-de-r-11-bi-para-ponte-salvador-itaparica\/\"},\"wordCount\":642,\"publisher\":{\"@id\":\"https:\/\/agenciainfra.com\/blog\/#organization\"},\"image\":{\"@id\":\"https:\/\/agenciainfra.com\/blog\/consenso-no-tce-ba-repactua-ppp-de-r-11-bi-para-ponte-salvador-itaparica\/#primaryimage\"},\"thumbnailUrl\":\"https:\/\/agenciainfra.com\/blog\/wp-content\/uploads\/2025\/02\/SESSAO-DA-PONTE-FOTO-e1739438583386.jpg\",\"keywords\":[\"constru\u00e7\u00e3o civil\",\"Constru\u00e7\u00e3o de ponte\",\"ponte\",\"Ponte Salvador-Itaparica\",\"PPP\",\"repactua\u00e7\u00e3o de contrato\",\"Repactua\u00e7\u00e3o de PPP\",\"TCE\/BA\",\"Tribunal de Contas da Bahia\"],\"articleSection\":[\"Destaque lista\",\"Geral\",\"iNFRATransporte\"],\"inLanguage\":\"pt-BR\",\"copyrightYear\":\"2025\",\"copyrightHolder\":{\"@id\":\"https:\/\/agenciainfra.com\/blog\/#organization\"}},{\"@type\":\"WebPage\",\"@id\":\"https:\/\/agenciainfra.com\/blog\/consenso-no-tce-ba-repactua-ppp-de-r-11-bi-para-ponte-salvador-itaparica\/\",\"url\":\"https:\/\/agenciainfra.com\/blog\/consenso-no-tce-ba-repactua-ppp-de-r-11-bi-para-ponte-salvador-itaparica\/\",\"name\":\"Consenso no TCE-BA repactua PPP de R$ 11 bi para Ponte Salvador-Itaparica - Ag\u00eancia iNFRA\",\"isPartOf\":{\"@id\":\"https:\/\/agenciainfra.com\/blog\/#website\"},\"primaryImageOfPage\":{\"@id\":\"https:\/\/agenciainfra.com\/blog\/consenso-no-tce-ba-repactua-ppp-de-r-11-bi-para-ponte-salvador-itaparica\/#primaryimage\"},\"image\":{\"@id\":\"https:\/\/agenciainfra.com\/blog\/consenso-no-tce-ba-repactua-ppp-de-r-11-bi-para-ponte-salvador-itaparica\/#primaryimage\"},\"thumbnailUrl\":\"https:\/\/agenciainfra.com\/blog\/wp-content\/uploads\/2025\/02\/SESSAO-DA-PONTE-FOTO-e1739438583386.jpg\",\"datePublished\":\"2025-02-13T11:00:00+00:00\",\"breadcrumb\":{\"@id\":\"https:\/\/agenciainfra.com\/blog\/consenso-no-tce-ba-repactua-ppp-de-r-11-bi-para-ponte-salvador-itaparica\/#breadcrumb\"},\"inLanguage\":\"pt-BR\",\"potentialAction\":[{\"@type\":\"ReadAction\",\"target\":[\"https:\/\/agenciainfra.com\/blog\/consenso-no-tce-ba-repactua-ppp-de-r-11-bi-para-ponte-salvador-itaparica\/\"]}]},{\"@type\":\"ImageObject\",\"inLanguage\":\"pt-BR\",\"@id\":\"https:\/\/agenciainfra.com\/blog\/consenso-no-tce-ba-repactua-ppp-de-r-11-bi-para-ponte-salvador-itaparica\/#primaryimage\",\"url\":\"https:\/\/agenciainfra.com\/blog\/wp-content\/uploads\/2025\/02\/SESSAO-DA-PONTE-FOTO-e1739438583386.jpg\",\"contentUrl\":\"https:\/\/agenciainfra.com\/blog\/wp-content\/uploads\/2025\/02\/SESSAO-DA-PONTE-FOTO-e1739438583386.jpg\",\"width\":1208,\"height\":805},{\"@type\":\"BreadcrumbList\",\"@id\":\"https:\/\/agenciainfra.com\/blog\/consenso-no-tce-ba-repactua-ppp-de-r-11-bi-para-ponte-salvador-itaparica\/#breadcrumb\",\"itemListElement\":[{\"@type\":\"ListItem\",\"position\":1,\"name\":\"In\u00edcio\",\"item\":\"https:\/\/agenciainfra.com\/blog\/\"},{\"@type\":\"ListItem\",\"position\":2,\"name\":\"Consenso no TCE-BA repactua PPP de R$ 11 bi para Ponte Salvador-Itaparica\"}]},{\"@type\":\"WebSite\",\"@id\":\"https:\/\/agenciainfra.com\/blog\/#website\",\"url\":\"https:\/\/agenciainfra.com\/blog\/\",\"name\":\"Ag\u00eancia iNFRA\",\"description\":\"Multiplataforma de informa\u00e7\u00e3o jornal\u00edstica refer\u00eancia na \u00e1rea de infraestrutura no Brasil!\",\"publisher\":{\"@id\":\"https:\/\/agenciainfra.com\/blog\/#organization\"},\"potentialAction\":[{\"@type\":\"SearchAction\",\"target\":{\"@type\":\"EntryPoint\",\"urlTemplate\":\"https:\/\/agenciainfra.com\/blog\/?s={search_term_string}\"},\"query-input\":{\"@type\":\"PropertyValueSpecification\",\"valueRequired\":true,\"valueName\":\"search_term_string\"}}],\"inLanguage\":\"pt-BR\"},{\"@type\":\"Organization\",\"@id\":\"https:\/\/agenciainfra.com\/blog\/#organization\",\"name\":\"Ag\u00eancia iNFRA\",\"url\":\"https:\/\/agenciainfra.com\/blog\/\",\"logo\":{\"@type\":\"ImageObject\",\"inLanguage\":\"pt-BR\",\"@id\":\"https:\/\/agenciainfra.com\/blog\/#\/schema\/logo\/image\/\",\"url\":\"https:\/\/agenciainfra.com\/blog\/wp-content\/uploads\/2023\/09\/iNFRA_5-e1761735885940.png\",\"contentUrl\":\"https:\/\/agenciainfra.com\/blog\/wp-content\/uploads\/2023\/09\/iNFRA_5-e1761735885940.png\",\"width\":1672,\"height\":454,\"caption\":\"Ag\u00eancia iNFRA\"},\"image\":{\"@id\":\"https:\/\/agenciainfra.com\/blog\/#\/schema\/logo\/image\/\"},\"sameAs\":[\"https:\/\/www.facebook.com\/ageninfra\",\"https:\/\/x.com\/agencia_infra\",\"https:\/\/www.linkedin.com\/company\/ag\u00eanciainfra\/\",\"https:\/\/www.instagram.com\/agenciainfra\/\"]},{\"@type\":\"Person\",\"@id\":\"https:\/\/agenciainfra.com\/blog\/#\/schema\/person\/34af08dff6adea4cb22b06612ba7acfa\",\"name\":\"Ag\u00eancia iNFRA\",\"image\":{\"@type\":\"ImageObject\",\"inLanguage\":\"pt-BR\",\"@id\":\"https:\/\/agenciainfra.com\/blog\/#\/schema\/person\/image\/\",\"url\":\"https:\/\/secure.gravatar.com\/avatar\/d189e01678f06d8eb84d4e01f08eb848b3fffe3f8443818d3c356c66892f5be8?s=96&d=mm&r=g\",\"contentUrl\":\"https:\/\/secure.gravatar.com\/avatar\/d189e01678f06d8eb84d4e01f08eb848b3fffe3f8443818d3c356c66892f5be8?s=96&d=mm&r=g\",\"caption\":\"Ag\u00eancia iNFRA\"},\"url\":\"https:\/\/agenciainfra.com\/blog\/author\/admin\/\"}]}<\/script>\n<!-- \/ Yoast SEO Premium plugin. -->","yoast_head_json":{"title":"Consenso no TCE-BA repactua PPP de R$ 11 bi para Ponte Salvador-Itaparica - Ag\u00eancia iNFRA","robots":{"index":"index","follow":"follow","max-snippet":"max-snippet:-1","max-image-preview":"max-image-preview:large","max-video-preview":"max-video-preview:-1"},"canonical":"https:\/\/agenciainfra.com\/blog\/consenso-no-tce-ba-repactua-ppp-de-r-11-bi-para-ponte-salvador-itaparica\/","og_locale":"pt_BR","og_type":"article","og_title":"Consenso no TCE-BA repactua PPP de R$ 11 bi para Ponte Salvador-Itaparica","og_description":"da Ag\u00eancia iNFRA Os conselheiros do TCE-BA (Tribunal de Contas do Estado da Bahia) homologaram na \u00faltima ter\u00e7a-feira (11) a\u00a0proposta de consenso para a repactua\u00e7\u00e3o do contrato para execu\u00e7\u00e3o das obras de constru\u00e7\u00e3o e opera\u00e7\u00e3o do sistema da Ponte Salvador-Itaparica, uma PPP (Parceria P\u00fablico-Privada) licitada em 2019 cujas obras n\u00e3o tiveram in\u00edcio. A estimativa \u00e9 [&hellip;]","og_url":"https:\/\/agenciainfra.com\/blog\/consenso-no-tce-ba-repactua-ppp-de-r-11-bi-para-ponte-salvador-itaparica\/","og_site_name":"Ag\u00eancia iNFRA","article_publisher":"https:\/\/www.facebook.com\/ageninfra","article_published_time":"2025-02-13T11:00:00+00:00","og_image":[{"width":1208,"height":805,"url":"https:\/\/agenciainfra.com\/blog\/wp-content\/uploads\/2025\/02\/SESSAO-DA-PONTE-FOTO-e1739438583386.jpg","type":"image\/jpeg"}],"author":"Ag\u00eancia iNFRA","twitter_card":"summary_large_image","twitter_creator":"@agencia_infra","twitter_site":"@agencia_infra","twitter_misc":{"Escrito por":"Ag\u00eancia iNFRA","Est. tempo de leitura":"3 minutos"},"schema":{"@context":"https:\/\/schema.org","@graph":[{"@type":"Article","@id":"https:\/\/agenciainfra.com\/blog\/consenso-no-tce-ba-repactua-ppp-de-r-11-bi-para-ponte-salvador-itaparica\/#article","isPartOf":{"@id":"https:\/\/agenciainfra.com\/blog\/consenso-no-tce-ba-repactua-ppp-de-r-11-bi-para-ponte-salvador-itaparica\/"},"author":{"name":"Ag\u00eancia iNFRA","@id":"https:\/\/agenciainfra.com\/blog\/#\/schema\/person\/34af08dff6adea4cb22b06612ba7acfa"},"headline":"Consenso no TCE-BA repactua PPP de R$ 11 bi para Ponte Salvador-Itaparica","datePublished":"2025-02-13T11:00:00+00:00","mainEntityOfPage":{"@id":"https:\/\/agenciainfra.com\/blog\/consenso-no-tce-ba-repactua-ppp-de-r-11-bi-para-ponte-salvador-itaparica\/"},"wordCount":642,"publisher":{"@id":"https:\/\/agenciainfra.com\/blog\/#organization"},"image":{"@id":"https:\/\/agenciainfra.com\/blog\/consenso-no-tce-ba-repactua-ppp-de-r-11-bi-para-ponte-salvador-itaparica\/#primaryimage"},"thumbnailUrl":"https:\/\/agenciainfra.com\/blog\/wp-content\/uploads\/2025\/02\/SESSAO-DA-PONTE-FOTO-e1739438583386.jpg","keywords":["constru\u00e7\u00e3o civil","Constru\u00e7\u00e3o de ponte","ponte","Ponte Salvador-Itaparica","PPP","repactua\u00e7\u00e3o de contrato","Repactua\u00e7\u00e3o de PPP","TCE\/BA","Tribunal de Contas da Bahia"],"articleSection":["Destaque lista","Geral","iNFRATransporte"],"inLanguage":"pt-BR","copyrightYear":"2025","copyrightHolder":{"@id":"https:\/\/agenciainfra.com\/blog\/#organization"}},{"@type":"WebPage","@id":"https:\/\/agenciainfra.com\/blog\/consenso-no-tce-ba-repactua-ppp-de-r-11-bi-para-ponte-salvador-itaparica\/","url":"https:\/\/agenciainfra.com\/blog\/consenso-no-tce-ba-repactua-ppp-de-r-11-bi-para-ponte-salvador-itaparica\/","name":"Consenso no TCE-BA repactua PPP de R$ 11 bi para Ponte Salvador-Itaparica - Ag\u00eancia iNFRA","isPartOf":{"@id":"https:\/\/agenciainfra.com\/blog\/#website"},"primaryImageOfPage":{"@id":"https:\/\/agenciainfra.com\/blog\/consenso-no-tce-ba-repactua-ppp-de-r-11-bi-para-ponte-salvador-itaparica\/#primaryimage"},"image":{"@id":"https:\/\/agenciainfra.com\/blog\/consenso-no-tce-ba-repactua-ppp-de-r-11-bi-para-ponte-salvador-itaparica\/#primaryimage"},"thumbnailUrl":"https:\/\/agenciainfra.com\/blog\/wp-content\/uploads\/2025\/02\/SESSAO-DA-PONTE-FOTO-e1739438583386.jpg","datePublished":"2025-02-13T11:00:00+00:00","breadcrumb":{"@id":"https:\/\/agenciainfra.com\/blog\/consenso-no-tce-ba-repactua-ppp-de-r-11-bi-para-ponte-salvador-itaparica\/#breadcrumb"},"inLanguage":"pt-BR","potentialAction":[{"@type":"ReadAction","target":["https:\/\/agenciainfra.com\/blog\/consenso-no-tce-ba-repactua-ppp-de-r-11-bi-para-ponte-salvador-itaparica\/"]}]},{"@type":"ImageObject","inLanguage":"pt-BR","@id":"https:\/\/agenciainfra.com\/blog\/consenso-no-tce-ba-repactua-ppp-de-r-11-bi-para-ponte-salvador-itaparica\/#primaryimage","url":"https:\/\/agenciainfra.com\/blog\/wp-content\/uploads\/2025\/02\/SESSAO-DA-PONTE-FOTO-e1739438583386.jpg","contentUrl":"https:\/\/agenciainfra.com\/blog\/wp-content\/uploads\/2025\/02\/SESSAO-DA-PONTE-FOTO-e1739438583386.jpg","width":1208,"height":805},{"@type":"BreadcrumbList","@id":"https:\/\/agenciainfra.com\/blog\/consenso-no-tce-ba-repactua-ppp-de-r-11-bi-para-ponte-salvador-itaparica\/#breadcrumb","itemListElement":[{"@type":"ListItem","position":1,"name":"In\u00edcio","item":"https:\/\/agenciainfra.com\/blog\/"},{"@type":"ListItem","position":2,"name":"Consenso no TCE-BA repactua PPP de R$ 11 bi para Ponte Salvador-Itaparica"}]},{"@type":"WebSite","@id":"https:\/\/agenciainfra.com\/blog\/#website","url":"https:\/\/agenciainfra.com\/blog\/","name":"Ag\u00eancia iNFRA","description":"Multiplataforma de informa\u00e7\u00e3o jornal\u00edstica refer\u00eancia na \u00e1rea de infraestrutura no Brasil!","publisher":{"@id":"https:\/\/agenciainfra.com\/blog\/#organization"},"potentialAction":[{"@type":"SearchAction","target":{"@type":"EntryPoint","urlTemplate":"https:\/\/agenciainfra.com\/blog\/?s={search_term_string}"},"query-input":{"@type":"PropertyValueSpecification","valueRequired":true,"valueName":"search_term_string"}}],"inLanguage":"pt-BR"},{"@type":"Organization","@id":"https:\/\/agenciainfra.com\/blog\/#organization","name":"Ag\u00eancia iNFRA","url":"https:\/\/agenciainfra.com\/blog\/","logo":{"@type":"ImageObject","inLanguage":"pt-BR","@id":"https:\/\/agenciainfra.com\/blog\/#\/schema\/logo\/image\/","url":"https:\/\/agenciainfra.com\/blog\/wp-content\/uploads\/2023\/09\/iNFRA_5-e1761735885940.png","contentUrl":"https:\/\/agenciainfra.com\/blog\/wp-content\/uploads\/2023\/09\/iNFRA_5-e1761735885940.png","width":1672,"height":454,"caption":"Ag\u00eancia iNFRA"},"image":{"@id":"https:\/\/agenciainfra.com\/blog\/#\/schema\/logo\/image\/"},"sameAs":["https:\/\/www.facebook.com\/ageninfra","https:\/\/x.com\/agencia_infra","https:\/\/www.linkedin.com\/company\/ag\u00eanciainfra\/","https:\/\/www.instagram.com\/agenciainfra\/"]},{"@type":"Person","@id":"https:\/\/agenciainfra.com\/blog\/#\/schema\/person\/34af08dff6adea4cb22b06612ba7acfa","name":"Ag\u00eancia iNFRA","image":{"@type":"ImageObject","inLanguage":"pt-BR","@id":"https:\/\/agenciainfra.com\/blog\/#\/schema\/person\/image\/","url":"https:\/\/secure.gravatar.com\/avatar\/d189e01678f06d8eb84d4e01f08eb848b3fffe3f8443818d3c356c66892f5be8?s=96&d=mm&r=g","contentUrl":"https:\/\/secure.gravatar.com\/avatar\/d189e01678f06d8eb84d4e01f08eb848b3fffe3f8443818d3c356c66892f5be8?s=96&d=mm&r=g","caption":"Ag\u00eancia iNFRA"},"url":"https:\/\/agenciainfra.com\/blog\/author\/admin\/"}]}},"_links":{"self":[{"href":"https:\/\/agenciainfra.com\/blog\/wp-json\/wp\/v2\/posts\/20269","targetHints":{"allow":["GET"]}}],"collection":[{"href":"https:\/\/agenciainfra.com\/blog\/wp-json\/wp\/v2\/posts"}],"about":[{"href":"https:\/\/agenciainfra.com\/blog\/wp-json\/wp\/v2\/types\/post"}],"author":[{"embeddable":true,"href":"https:\/\/agenciainfra.com\/blog\/wp-json\/wp\/v2\/users\/1"}],"replies":[{"embeddable":true,"href":"https:\/\/agenciainfra.com\/blog\/wp-json\/wp\/v2\/comments?post=20269"}],"version-history":[{"count":2,"href":"https:\/\/agenciainfra.com\/blog\/wp-json\/wp\/v2\/posts\/20269\/revisions"}],"predecessor-version":[{"id":20272,"href":"https:\/\/agenciainfra.com\/blog\/wp-json\/wp\/v2\/posts\/20269\/revisions\/20272"}],"wp:featuredmedia":[{"embeddable":true,"href":"https:\/\/agenciainfra.com\/blog\/wp-json\/wp\/v2\/media\/20270"}],"wp:attachment":[{"href":"https:\/\/agenciainfra.com\/blog\/wp-json\/wp\/v2\/media?parent=20269"}],"wp:term":[{"taxonomy":"category","embeddable":true,"href":"https:\/\/agenciainfra.com\/blog\/wp-json\/wp\/v2\/categories?post=20269"},{"taxonomy":"post_tag","embeddable":true,"href":"https:\/\/agenciainfra.com\/blog\/wp-json\/wp\/v2\/tags?post=20269"}],"curies":[{"name":"wp","href":"https:\/\/api.w.org\/{rel}","templated":true}]}}