{"id":20273,"date":"2025-02-13T09:00:00","date_gmt":"2025-02-13T12:00:00","guid":{"rendered":"https:\/\/agenciainfra.com\/blog\/?p=20273"},"modified":"2025-02-13T11:28:52","modified_gmt":"2025-02-13T14:28:52","slug":"politicos-gauchos-pedem-ao-ministro-medida-provisoria-para-reabrir-termica-de-candiota","status":"publish","type":"post","link":"https:\/\/agenciainfra.com\/blog\/politicos-gauchos-pedem-ao-ministro-medida-provisoria-para-reabrir-termica-de-candiota\/","title":{"rendered":"Pol\u00edticos ga\u00fachos pedem ao ministro medida provis\u00f3ria para reabrir t\u00e9rmica de Candiota"},"content":{"rendered":"\n<p class=\"has-text-align-right\"><strong>Geraldo Campos Jr. e Marisa Wanzeller, da Ag\u00eancia iNFRA<\/strong><\/p>\n\n\n\n<p>O governador do Rio Grande do Sul, Eduardo Leite, juntamente com&nbsp;senadores, deputados e prefeitos ga\u00fachos, reuniu-se com o ministro de Minas e Energia, Alexandre Silveira, nesta quarta-feira (12), pleiteando uma MP (Medida Provis\u00f3ria) para permitir a retomada da t\u00e9rmica a carv\u00e3o de Candiota, no Rio Grande do Sul. A usina operada pela \u00c2mbar Energia, do Grupo J&amp;F, teve as atividades paralisadas em fun\u00e7\u00e3o do fim da licen\u00e7a em 31 de dezembro de 2024.<\/p>\n\n\n\n<p>Alexandre Silveira disse \u00e0 imprensa ap\u00f3s o encontro que essa \u00e9 uma decis\u00e3o de governo \u201cque perpassa por v\u00e1rias \u00e1reas\u201d e n\u00e3o depende apenas do ministro de Minas e Energia. Durante a reuni\u00e3o, ele afirmou que se trata de uma \u201cdiscuss\u00e3o complexa do ponto de vista pol\u00edtico\u201d.<\/p>\n\n\n\n<p>Segundo os pol\u00edticos ga\u00fachos, essa seria a \u00fanica solu\u00e7\u00e3o para viabilizar no curto prazo a retomada da termel\u00e9trica. A ideia seria a MP viabilizar que as t\u00e9rmicas de Candiota e de Figueira (PR) tenham o mesmo benef\u00edcio dado \u00e0 usina Jorge Lacerda (SC) pela <a href=\"https:\/\/www.planalto.gov.br\/ccivil_03\/_ato2019-2022\/2022\/lei\/l14299.htm\" target=\"_blank\" rel=\"noreferrer noopener\">Lei 14.299\/2022<\/a>, estendendo a opera\u00e7\u00e3o at\u00e9 2040.<\/p>\n\n\n\n<p><strong>Jabutis<\/strong><br>Durante o encontro, Eduardo Leite lembrou que o presidente Lula vetou o artigo do Marco Legal das E\u00f3licas Offshore (<a href=\"https:\/\/www.in.gov.br\/web\/dou\/-\/lei-n-15.097-de-10-de-janeiro-de-2025-606521855\" target=\"_blank\" rel=\"noreferrer noopener\">Lei 15.097<\/a>) que garantia a prorroga\u00e7\u00e3o da licen\u00e7a da usina, depois de o texto ter sido aglutinado em um artigo \u00fanico com outros &#8220;jabutis&#8221; de subs\u00eddios para o g\u00e1s natural e usinas renov\u00e1veis.&nbsp;<\/p>\n\n\n\n<p>O governador ainda afirmou que, sem uma MP, o \u00fanico caminho da bancada ga\u00facha ser\u00e1 buscar a derrubada do veto no Congresso Nacional. \u201cN\u00f3s precisamos dessa prorroga\u00e7\u00e3o para podermos desenvolver um plano de trabalho nessa regi\u00e3o, pensando na transi\u00e7\u00e3o. O que estamos pedindo \u00e9 uma oportunidade de fazer essa transi\u00e7\u00e3o energ\u00e9tica de forma justa, sem deixar as pessoas para tr\u00e1s\u201d, disse.<\/p>\n\n\n\n<p>O deputado federal Paulo Pimenta (PT-RS), ex-ministro da Secom (Secretaria de Comunica\u00e7\u00e3o Social) do governo Lula, endossou a ideia de uma MP. Segundo ele, o caminho n\u00e3o \u00e9 lutar pela derrubada dos jabutis, uma vez que, se isso acontecer, o governo dever\u00e1 judicializar o projeto e deixar a situa\u00e7\u00e3o ainda mais indefinida.<\/p>\n\n\n\n<p>\u201cConseguimos colocar isso na C\u00e2mara (no Marco das E\u00f3licas), mas no Senado botaram no mesmo artigo do g\u00e1s, acabaram misturando alhos e bugalhos. A\u00ed n\u00e3o tinha como o presidente n\u00e3o vetar, porque ele estaria sancionando um aumento na conta de luz. Agora temos que lutar para que saia uma MP para garantir o justo, que \u00e9 garantir a retomada da usina\u201d, afirmou.<\/p>\n\n\n\n<p><strong>Pleito novo?<\/strong><br>Fontes do governo informaram \u00e0 <strong>Ag\u00eancia iNFRA <\/strong>que at\u00e9 o momento n\u00e3o h\u00e1 nenhuma an\u00e1lise no sentido de editar uma MP para o carv\u00e3o e que se trata&nbsp;de um \u201cpedido novo\u201d dos pol\u00edticos do Rio Grande do Sul. No entanto, pelo menos desde 2023, h\u00e1 expectativa dos ga\u00fachos por uma medida provis\u00f3ria para prorrogar a opera\u00e7\u00e3o da usina.<\/p>\n\n\n\n<p>Quando a C\u00e2mara dos Deputados aprovou&nbsp;um artigo que tratava da recontrata\u00e7\u00e3o das t\u00e9rmicas a carv\u00e3o at\u00e9 2050, durante a vota\u00e7\u00e3o do Marco Legal das E\u00f3licas Offshore, em novembro de 2023, o deputado Z\u00e9 Vitor (PL-MG), relator do projeto, disse que o governo j\u00e1 pretendia incluir a quest\u00e3o em uma medida provis\u00f3ria, mas que a bancada ga\u00facha se adiantou e pediu a inclus\u00e3o no relat\u00f3rio.&nbsp;<\/p>\n\n\n\n<p>\u201cEstava prevista que essa quest\u00e3o do carv\u00e3o, verbalmente, fosse inclu\u00edda na medida provis\u00f3ria, ent\u00e3o o pessoal antecipou isso e houve uma mobiliza\u00e7\u00e3o\u201d, disse. Na ocasi\u00e3o, ele destacou que essa antecipa\u00e7\u00e3o poderia levar a um eventual veto do presidente Lula, caso o ponto fosse mantido pelo Senado, como ocorreu. &#8220;\u00c9 um assunto que o governo pode querer tratar em outra hora.\u201d<\/p>\n\n\n\n<p>No Senado, o relator Weverton Rocha (PDT-MA), tamb\u00e9m foi procurado ao longo do \u00faltimo ano, tanto por parlamentares ga\u00fachos quanto por agentes do segmento que defendiam a manuten\u00e7\u00e3o do benef\u00edcio \u00e0s usinas, o que foi aprovado.<\/p>\n","protected":false},"excerpt":{"rendered":"<p>Geraldo Campos Jr. e Marisa Wanzeller, da Ag\u00eancia iNFRA O governador do Rio Grande do Sul, Eduardo Leite, juntamente com&nbsp;senadores, deputados e prefeitos ga\u00fachos, reuniu-se com o ministro de Minas e Energia, Alexandre Silveira, nesta quarta-feira (12), pleiteando uma MP (Medida Provis\u00f3ria) para permitir a retomada da t\u00e9rmica a carv\u00e3o de Candiota, no Rio Grande [&hellip;]<\/p>\n","protected":false},"author":1,"featured_media":20274,"comment_status":"closed","ping_status":"closed","sticky":false,"template":"","format":"standard","meta":{"_monsterinsights_skip_tracking":false,"_monsterinsights_sitenote_active":false,"_monsterinsights_sitenote_note":"","_monsterinsights_sitenote_category":0,"footnotes":""},"categories":[7250,1,10],"tags":[12535,11331,12536,11594,12542,10326,7145,7366,12537,12541,12539,12532,12540,12534,12538],"class_list":["post-20273","post","type-post","status-publish","format-standard","has-post-thumbnail","hentry","category-destaque-lista","category-geral","category-infraenergia","tag-ambar-energia-jf","tag-candiota","tag-carvao-termico","tag-geraldo-campos-jr","tag-governador-eduardo-leite","tag-jabutis-legislativos","tag-marco-legal-das-eolicas-offshore","tag-marisa-wanzeller","tag-medida-provisoria-carvao","tag-ministro-alexandre-silveira","tag-paulo-pimenta-pt-rs","tag-presidente-lula-vetos","tag-termica-de-candiota","tag-transicao-energetica-justa","tag-usinas-termicas-brasil"],"yoast_head":"<!-- This site is optimized with the Yoast SEO Premium plugin v25.4 (Yoast SEO v26.0) - https:\/\/yoast.com\/wordpress\/plugins\/seo\/ -->\n<title>Pol\u00edticos ga\u00fachos pedem ao ministro medida provis\u00f3ria para reabrir t\u00e9rmica de Candiota - Ag\u00eancia iNFRA<\/title>\n<meta name=\"robots\" content=\"index, follow, max-snippet:-1, max-image-preview:large, max-video-preview:-1\" \/>\n<link rel=\"canonical\" href=\"https:\/\/agenciainfra.com\/blog\/politicos-gauchos-pedem-ao-ministro-medida-provisoria-para-reabrir-termica-de-candiota\/\" \/>\n<meta property=\"og:locale\" content=\"pt_BR\" \/>\n<meta property=\"og:type\" content=\"article\" \/>\n<meta property=\"og:title\" content=\"Pol\u00edticos ga\u00fachos pedem ao ministro medida provis\u00f3ria para reabrir t\u00e9rmica de Candiota\" \/>\n<meta property=\"og:description\" content=\"Geraldo Campos Jr. e Marisa Wanzeller, da Ag\u00eancia iNFRA O governador do Rio Grande do Sul, Eduardo Leite, juntamente com&nbsp;senadores, deputados e prefeitos ga\u00fachos, reuniu-se com o ministro de Minas e Energia, Alexandre Silveira, nesta quarta-feira (12), pleiteando uma MP (Medida Provis\u00f3ria) para permitir a retomada da t\u00e9rmica a carv\u00e3o de Candiota, no Rio Grande [&hellip;]\" \/>\n<meta property=\"og:url\" content=\"https:\/\/agenciainfra.com\/blog\/politicos-gauchos-pedem-ao-ministro-medida-provisoria-para-reabrir-termica-de-candiota\/\" \/>\n<meta property=\"og:site_name\" content=\"Ag\u00eancia iNFRA\" \/>\n<meta property=\"article:publisher\" content=\"https:\/\/www.facebook.com\/ageninfra\" \/>\n<meta property=\"article:published_time\" content=\"2025-02-13T12:00:00+00:00\" \/>\n<meta property=\"article:modified_time\" content=\"2025-02-13T14:28:52+00:00\" \/>\n<meta property=\"og:image\" content=\"https:\/\/agenciainfra.com\/blog\/wp-content\/uploads\/2025\/02\/usina-termeletrica-de-candiota-foto-ibama.jpeg\" \/>\n\t<meta property=\"og:image:width\" content=\"1208\" \/>\n\t<meta property=\"og:image:height\" content=\"804\" \/>\n\t<meta property=\"og:image:type\" content=\"image\/jpeg\" \/>\n<meta name=\"author\" content=\"Ag\u00eancia iNFRA\" \/>\n<meta name=\"twitter:card\" content=\"summary_large_image\" \/>\n<meta name=\"twitter:creator\" content=\"@agencia_infra\" \/>\n<meta name=\"twitter:site\" content=\"@agencia_infra\" \/>\n<meta name=\"twitter:label1\" content=\"Escrito por\" \/>\n\t<meta name=\"twitter:data1\" content=\"Ag\u00eancia iNFRA\" \/>\n\t<meta name=\"twitter:label2\" content=\"Est. tempo de leitura\" \/>\n\t<meta name=\"twitter:data2\" content=\"3 minutos\" \/>\n<script type=\"application\/ld+json\" class=\"yoast-schema-graph\">{\"@context\":\"https:\/\/schema.org\",\"@graph\":[{\"@type\":\"Article\",\"@id\":\"https:\/\/agenciainfra.com\/blog\/politicos-gauchos-pedem-ao-ministro-medida-provisoria-para-reabrir-termica-de-candiota\/#article\",\"isPartOf\":{\"@id\":\"https:\/\/agenciainfra.com\/blog\/politicos-gauchos-pedem-ao-ministro-medida-provisoria-para-reabrir-termica-de-candiota\/\"},\"author\":{\"name\":\"Ag\u00eancia iNFRA\",\"@id\":\"https:\/\/agenciainfra.com\/blog\/#\/schema\/person\/34af08dff6adea4cb22b06612ba7acfa\"},\"headline\":\"Pol\u00edticos ga\u00fachos pedem ao ministro medida provis\u00f3ria para reabrir t\u00e9rmica de Candiota\",\"datePublished\":\"2025-02-13T12:00:00+00:00\",\"dateModified\":\"2025-02-13T14:28:52+00:00\",\"mainEntityOfPage\":{\"@id\":\"https:\/\/agenciainfra.com\/blog\/politicos-gauchos-pedem-ao-ministro-medida-provisoria-para-reabrir-termica-de-candiota\/\"},\"wordCount\":711,\"publisher\":{\"@id\":\"https:\/\/agenciainfra.com\/blog\/#organization\"},\"image\":{\"@id\":\"https:\/\/agenciainfra.com\/blog\/politicos-gauchos-pedem-ao-ministro-medida-provisoria-para-reabrir-termica-de-candiota\/#primaryimage\"},\"thumbnailUrl\":\"https:\/\/agenciainfra.com\/blog\/wp-content\/uploads\/2025\/02\/usina-termeletrica-de-candiota-foto-ibama.jpeg\",\"keywords\":[\"\u00c2mbar Energia J&amp;F\",\"Candiota\",\"carv\u00e3o t\u00e9rmico\",\"Geraldo Campos Jr.\",\"Governador Eduardo Leite\",\"jabutis legislativos\",\"Marco Legal das E\u00f3licas Offshore\",\"Marisa Wanzeller\",\"Medida Provis\u00f3ria carv\u00e3o\",\"Ministro Alexandre Silveira\",\"Paulo Pimenta PT-RS\",\"presidente Lula vetos\",\"T\u00e9rmica de Candiota\",\"transi\u00e7\u00e3o energ\u00e9tica justa\",\"usinas t\u00e9rmicas Brasil\"],\"articleSection\":[\"Destaque lista\",\"Geral\",\"iNFRAEnergia\"],\"inLanguage\":\"pt-BR\",\"copyrightYear\":\"2025\",\"copyrightHolder\":{\"@id\":\"https:\/\/agenciainfra.com\/blog\/#organization\"}},{\"@type\":\"WebPage\",\"@id\":\"https:\/\/agenciainfra.com\/blog\/politicos-gauchos-pedem-ao-ministro-medida-provisoria-para-reabrir-termica-de-candiota\/\",\"url\":\"https:\/\/agenciainfra.com\/blog\/politicos-gauchos-pedem-ao-ministro-medida-provisoria-para-reabrir-termica-de-candiota\/\",\"name\":\"Pol\u00edticos ga\u00fachos pedem ao ministro medida provis\u00f3ria para reabrir t\u00e9rmica de Candiota - Ag\u00eancia iNFRA\",\"isPartOf\":{\"@id\":\"https:\/\/agenciainfra.com\/blog\/#website\"},\"primaryImageOfPage\":{\"@id\":\"https:\/\/agenciainfra.com\/blog\/politicos-gauchos-pedem-ao-ministro-medida-provisoria-para-reabrir-termica-de-candiota\/#primaryimage\"},\"image\":{\"@id\":\"https:\/\/agenciainfra.com\/blog\/politicos-gauchos-pedem-ao-ministro-medida-provisoria-para-reabrir-termica-de-candiota\/#primaryimage\"},\"thumbnailUrl\":\"https:\/\/agenciainfra.com\/blog\/wp-content\/uploads\/2025\/02\/usina-termeletrica-de-candiota-foto-ibama.jpeg\",\"datePublished\":\"2025-02-13T12:00:00+00:00\",\"dateModified\":\"2025-02-13T14:28:52+00:00\",\"breadcrumb\":{\"@id\":\"https:\/\/agenciainfra.com\/blog\/politicos-gauchos-pedem-ao-ministro-medida-provisoria-para-reabrir-termica-de-candiota\/#breadcrumb\"},\"inLanguage\":\"pt-BR\",\"potentialAction\":[{\"@type\":\"ReadAction\",\"target\":[\"https:\/\/agenciainfra.com\/blog\/politicos-gauchos-pedem-ao-ministro-medida-provisoria-para-reabrir-termica-de-candiota\/\"]}]},{\"@type\":\"ImageObject\",\"inLanguage\":\"pt-BR\",\"@id\":\"https:\/\/agenciainfra.com\/blog\/politicos-gauchos-pedem-ao-ministro-medida-provisoria-para-reabrir-termica-de-candiota\/#primaryimage\",\"url\":\"https:\/\/agenciainfra.com\/blog\/wp-content\/uploads\/2025\/02\/usina-termeletrica-de-candiota-foto-ibama.jpeg\",\"contentUrl\":\"https:\/\/agenciainfra.com\/blog\/wp-content\/uploads\/2025\/02\/usina-termeletrica-de-candiota-foto-ibama.jpeg\",\"width\":1208,\"height\":804,\"caption\":\"Foto: Divulga\u00e7\u00e3o\/Ibama\"},{\"@type\":\"BreadcrumbList\",\"@id\":\"https:\/\/agenciainfra.com\/blog\/politicos-gauchos-pedem-ao-ministro-medida-provisoria-para-reabrir-termica-de-candiota\/#breadcrumb\",\"itemListElement\":[{\"@type\":\"ListItem\",\"position\":1,\"name\":\"In\u00edcio\",\"item\":\"https:\/\/agenciainfra.com\/blog\/\"},{\"@type\":\"ListItem\",\"position\":2,\"name\":\"Pol\u00edticos ga\u00fachos pedem ao ministro medida provis\u00f3ria para reabrir t\u00e9rmica de Candiota\"}]},{\"@type\":\"WebSite\",\"@id\":\"https:\/\/agenciainfra.com\/blog\/#website\",\"url\":\"https:\/\/agenciainfra.com\/blog\/\",\"name\":\"Ag\u00eancia iNFRA\",\"description\":\"Multiplataforma de informa\u00e7\u00e3o jornal\u00edstica refer\u00eancia na \u00e1rea de infraestrutura no Brasil!\",\"publisher\":{\"@id\":\"https:\/\/agenciainfra.com\/blog\/#organization\"},\"potentialAction\":[{\"@type\":\"SearchAction\",\"target\":{\"@type\":\"EntryPoint\",\"urlTemplate\":\"https:\/\/agenciainfra.com\/blog\/?s={search_term_string}\"},\"query-input\":{\"@type\":\"PropertyValueSpecification\",\"valueRequired\":true,\"valueName\":\"search_term_string\"}}],\"inLanguage\":\"pt-BR\"},{\"@type\":\"Organization\",\"@id\":\"https:\/\/agenciainfra.com\/blog\/#organization\",\"name\":\"Ag\u00eancia iNFRA\",\"url\":\"https:\/\/agenciainfra.com\/blog\/\",\"logo\":{\"@type\":\"ImageObject\",\"inLanguage\":\"pt-BR\",\"@id\":\"https:\/\/agenciainfra.com\/blog\/#\/schema\/logo\/image\/\",\"url\":\"https:\/\/agenciainfra.com\/blog\/wp-content\/uploads\/2023\/09\/iNFRA_5-e1761735885940.png\",\"contentUrl\":\"https:\/\/agenciainfra.com\/blog\/wp-content\/uploads\/2023\/09\/iNFRA_5-e1761735885940.png\",\"width\":1672,\"height\":454,\"caption\":\"Ag\u00eancia iNFRA\"},\"image\":{\"@id\":\"https:\/\/agenciainfra.com\/blog\/#\/schema\/logo\/image\/\"},\"sameAs\":[\"https:\/\/www.facebook.com\/ageninfra\",\"https:\/\/x.com\/agencia_infra\",\"https:\/\/www.linkedin.com\/company\/ag\u00eanciainfra\/\",\"https:\/\/www.instagram.com\/agenciainfra\/\"]},{\"@type\":\"Person\",\"@id\":\"https:\/\/agenciainfra.com\/blog\/#\/schema\/person\/34af08dff6adea4cb22b06612ba7acfa\",\"name\":\"Ag\u00eancia iNFRA\",\"image\":{\"@type\":\"ImageObject\",\"inLanguage\":\"pt-BR\",\"@id\":\"https:\/\/agenciainfra.com\/blog\/#\/schema\/person\/image\/\",\"url\":\"https:\/\/secure.gravatar.com\/avatar\/d189e01678f06d8eb84d4e01f08eb848b3fffe3f8443818d3c356c66892f5be8?s=96&d=mm&r=g\",\"contentUrl\":\"https:\/\/secure.gravatar.com\/avatar\/d189e01678f06d8eb84d4e01f08eb848b3fffe3f8443818d3c356c66892f5be8?s=96&d=mm&r=g\",\"caption\":\"Ag\u00eancia iNFRA\"},\"url\":\"https:\/\/agenciainfra.com\/blog\/author\/admin\/\"}]}<\/script>\n<!-- \/ Yoast SEO Premium plugin. -->","yoast_head_json":{"title":"Pol\u00edticos ga\u00fachos pedem ao ministro medida provis\u00f3ria para reabrir t\u00e9rmica de Candiota - Ag\u00eancia iNFRA","robots":{"index":"index","follow":"follow","max-snippet":"max-snippet:-1","max-image-preview":"max-image-preview:large","max-video-preview":"max-video-preview:-1"},"canonical":"https:\/\/agenciainfra.com\/blog\/politicos-gauchos-pedem-ao-ministro-medida-provisoria-para-reabrir-termica-de-candiota\/","og_locale":"pt_BR","og_type":"article","og_title":"Pol\u00edticos ga\u00fachos pedem ao ministro medida provis\u00f3ria para reabrir t\u00e9rmica de Candiota","og_description":"Geraldo Campos Jr. e Marisa Wanzeller, da Ag\u00eancia iNFRA O governador do Rio Grande do Sul, Eduardo Leite, juntamente com&nbsp;senadores, deputados e prefeitos ga\u00fachos, reuniu-se com o ministro de Minas e Energia, Alexandre Silveira, nesta quarta-feira (12), pleiteando uma MP (Medida Provis\u00f3ria) para permitir a retomada da t\u00e9rmica a carv\u00e3o de Candiota, no Rio Grande [&hellip;]","og_url":"https:\/\/agenciainfra.com\/blog\/politicos-gauchos-pedem-ao-ministro-medida-provisoria-para-reabrir-termica-de-candiota\/","og_site_name":"Ag\u00eancia iNFRA","article_publisher":"https:\/\/www.facebook.com\/ageninfra","article_published_time":"2025-02-13T12:00:00+00:00","article_modified_time":"2025-02-13T14:28:52+00:00","og_image":[{"width":1208,"height":804,"url":"https:\/\/agenciainfra.com\/blog\/wp-content\/uploads\/2025\/02\/usina-termeletrica-de-candiota-foto-ibama.jpeg","type":"image\/jpeg"}],"author":"Ag\u00eancia iNFRA","twitter_card":"summary_large_image","twitter_creator":"@agencia_infra","twitter_site":"@agencia_infra","twitter_misc":{"Escrito por":"Ag\u00eancia iNFRA","Est. tempo de leitura":"3 minutos"},"schema":{"@context":"https:\/\/schema.org","@graph":[{"@type":"Article","@id":"https:\/\/agenciainfra.com\/blog\/politicos-gauchos-pedem-ao-ministro-medida-provisoria-para-reabrir-termica-de-candiota\/#article","isPartOf":{"@id":"https:\/\/agenciainfra.com\/blog\/politicos-gauchos-pedem-ao-ministro-medida-provisoria-para-reabrir-termica-de-candiota\/"},"author":{"name":"Ag\u00eancia iNFRA","@id":"https:\/\/agenciainfra.com\/blog\/#\/schema\/person\/34af08dff6adea4cb22b06612ba7acfa"},"headline":"Pol\u00edticos ga\u00fachos pedem ao ministro medida provis\u00f3ria para reabrir t\u00e9rmica de Candiota","datePublished":"2025-02-13T12:00:00+00:00","dateModified":"2025-02-13T14:28:52+00:00","mainEntityOfPage":{"@id":"https:\/\/agenciainfra.com\/blog\/politicos-gauchos-pedem-ao-ministro-medida-provisoria-para-reabrir-termica-de-candiota\/"},"wordCount":711,"publisher":{"@id":"https:\/\/agenciainfra.com\/blog\/#organization"},"image":{"@id":"https:\/\/agenciainfra.com\/blog\/politicos-gauchos-pedem-ao-ministro-medida-provisoria-para-reabrir-termica-de-candiota\/#primaryimage"},"thumbnailUrl":"https:\/\/agenciainfra.com\/blog\/wp-content\/uploads\/2025\/02\/usina-termeletrica-de-candiota-foto-ibama.jpeg","keywords":["\u00c2mbar Energia J&amp;F","Candiota","carv\u00e3o t\u00e9rmico","Geraldo Campos Jr.","Governador Eduardo Leite","jabutis legislativos","Marco Legal das E\u00f3licas Offshore","Marisa Wanzeller","Medida Provis\u00f3ria carv\u00e3o","Ministro Alexandre Silveira","Paulo Pimenta PT-RS","presidente Lula vetos","T\u00e9rmica de Candiota","transi\u00e7\u00e3o energ\u00e9tica justa","usinas t\u00e9rmicas Brasil"],"articleSection":["Destaque lista","Geral","iNFRAEnergia"],"inLanguage":"pt-BR","copyrightYear":"2025","copyrightHolder":{"@id":"https:\/\/agenciainfra.com\/blog\/#organization"}},{"@type":"WebPage","@id":"https:\/\/agenciainfra.com\/blog\/politicos-gauchos-pedem-ao-ministro-medida-provisoria-para-reabrir-termica-de-candiota\/","url":"https:\/\/agenciainfra.com\/blog\/politicos-gauchos-pedem-ao-ministro-medida-provisoria-para-reabrir-termica-de-candiota\/","name":"Pol\u00edticos ga\u00fachos pedem ao ministro medida provis\u00f3ria para reabrir t\u00e9rmica de Candiota - Ag\u00eancia iNFRA","isPartOf":{"@id":"https:\/\/agenciainfra.com\/blog\/#website"},"primaryImageOfPage":{"@id":"https:\/\/agenciainfra.com\/blog\/politicos-gauchos-pedem-ao-ministro-medida-provisoria-para-reabrir-termica-de-candiota\/#primaryimage"},"image":{"@id":"https:\/\/agenciainfra.com\/blog\/politicos-gauchos-pedem-ao-ministro-medida-provisoria-para-reabrir-termica-de-candiota\/#primaryimage"},"thumbnailUrl":"https:\/\/agenciainfra.com\/blog\/wp-content\/uploads\/2025\/02\/usina-termeletrica-de-candiota-foto-ibama.jpeg","datePublished":"2025-02-13T12:00:00+00:00","dateModified":"2025-02-13T14:28:52+00:00","breadcrumb":{"@id":"https:\/\/agenciainfra.com\/blog\/politicos-gauchos-pedem-ao-ministro-medida-provisoria-para-reabrir-termica-de-candiota\/#breadcrumb"},"inLanguage":"pt-BR","potentialAction":[{"@type":"ReadAction","target":["https:\/\/agenciainfra.com\/blog\/politicos-gauchos-pedem-ao-ministro-medida-provisoria-para-reabrir-termica-de-candiota\/"]}]},{"@type":"ImageObject","inLanguage":"pt-BR","@id":"https:\/\/agenciainfra.com\/blog\/politicos-gauchos-pedem-ao-ministro-medida-provisoria-para-reabrir-termica-de-candiota\/#primaryimage","url":"https:\/\/agenciainfra.com\/blog\/wp-content\/uploads\/2025\/02\/usina-termeletrica-de-candiota-foto-ibama.jpeg","contentUrl":"https:\/\/agenciainfra.com\/blog\/wp-content\/uploads\/2025\/02\/usina-termeletrica-de-candiota-foto-ibama.jpeg","width":1208,"height":804,"caption":"Foto: Divulga\u00e7\u00e3o\/Ibama"},{"@type":"BreadcrumbList","@id":"https:\/\/agenciainfra.com\/blog\/politicos-gauchos-pedem-ao-ministro-medida-provisoria-para-reabrir-termica-de-candiota\/#breadcrumb","itemListElement":[{"@type":"ListItem","position":1,"name":"In\u00edcio","item":"https:\/\/agenciainfra.com\/blog\/"},{"@type":"ListItem","position":2,"name":"Pol\u00edticos ga\u00fachos pedem ao ministro medida provis\u00f3ria para reabrir t\u00e9rmica de Candiota"}]},{"@type":"WebSite","@id":"https:\/\/agenciainfra.com\/blog\/#website","url":"https:\/\/agenciainfra.com\/blog\/","name":"Ag\u00eancia iNFRA","description":"Multiplataforma de informa\u00e7\u00e3o jornal\u00edstica refer\u00eancia na \u00e1rea de infraestrutura no Brasil!","publisher":{"@id":"https:\/\/agenciainfra.com\/blog\/#organization"},"potentialAction":[{"@type":"SearchAction","target":{"@type":"EntryPoint","urlTemplate":"https:\/\/agenciainfra.com\/blog\/?s={search_term_string}"},"query-input":{"@type":"PropertyValueSpecification","valueRequired":true,"valueName":"search_term_string"}}],"inLanguage":"pt-BR"},{"@type":"Organization","@id":"https:\/\/agenciainfra.com\/blog\/#organization","name":"Ag\u00eancia iNFRA","url":"https:\/\/agenciainfra.com\/blog\/","logo":{"@type":"ImageObject","inLanguage":"pt-BR","@id":"https:\/\/agenciainfra.com\/blog\/#\/schema\/logo\/image\/","url":"https:\/\/agenciainfra.com\/blog\/wp-content\/uploads\/2023\/09\/iNFRA_5-e1761735885940.png","contentUrl":"https:\/\/agenciainfra.com\/blog\/wp-content\/uploads\/2023\/09\/iNFRA_5-e1761735885940.png","width":1672,"height":454,"caption":"Ag\u00eancia iNFRA"},"image":{"@id":"https:\/\/agenciainfra.com\/blog\/#\/schema\/logo\/image\/"},"sameAs":["https:\/\/www.facebook.com\/ageninfra","https:\/\/x.com\/agencia_infra","https:\/\/www.linkedin.com\/company\/ag\u00eanciainfra\/","https:\/\/www.instagram.com\/agenciainfra\/"]},{"@type":"Person","@id":"https:\/\/agenciainfra.com\/blog\/#\/schema\/person\/34af08dff6adea4cb22b06612ba7acfa","name":"Ag\u00eancia iNFRA","image":{"@type":"ImageObject","inLanguage":"pt-BR","@id":"https:\/\/agenciainfra.com\/blog\/#\/schema\/person\/image\/","url":"https:\/\/secure.gravatar.com\/avatar\/d189e01678f06d8eb84d4e01f08eb848b3fffe3f8443818d3c356c66892f5be8?s=96&d=mm&r=g","contentUrl":"https:\/\/secure.gravatar.com\/avatar\/d189e01678f06d8eb84d4e01f08eb848b3fffe3f8443818d3c356c66892f5be8?s=96&d=mm&r=g","caption":"Ag\u00eancia iNFRA"},"url":"https:\/\/agenciainfra.com\/blog\/author\/admin\/"}]}},"_links":{"self":[{"href":"https:\/\/agenciainfra.com\/blog\/wp-json\/wp\/v2\/posts\/20273","targetHints":{"allow":["GET"]}}],"collection":[{"href":"https:\/\/agenciainfra.com\/blog\/wp-json\/wp\/v2\/posts"}],"about":[{"href":"https:\/\/agenciainfra.com\/blog\/wp-json\/wp\/v2\/types\/post"}],"author":[{"embeddable":true,"href":"https:\/\/agenciainfra.com\/blog\/wp-json\/wp\/v2\/users\/1"}],"replies":[{"embeddable":true,"href":"https:\/\/agenciainfra.com\/blog\/wp-json\/wp\/v2\/comments?post=20273"}],"version-history":[{"count":1,"href":"https:\/\/agenciainfra.com\/blog\/wp-json\/wp\/v2\/posts\/20273\/revisions"}],"predecessor-version":[{"id":20275,"href":"https:\/\/agenciainfra.com\/blog\/wp-json\/wp\/v2\/posts\/20273\/revisions\/20275"}],"wp:featuredmedia":[{"embeddable":true,"href":"https:\/\/agenciainfra.com\/blog\/wp-json\/wp\/v2\/media\/20274"}],"wp:attachment":[{"href":"https:\/\/agenciainfra.com\/blog\/wp-json\/wp\/v2\/media?parent=20273"}],"wp:term":[{"taxonomy":"category","embeddable":true,"href":"https:\/\/agenciainfra.com\/blog\/wp-json\/wp\/v2\/categories?post=20273"},{"taxonomy":"post_tag","embeddable":true,"href":"https:\/\/agenciainfra.com\/blog\/wp-json\/wp\/v2\/tags?post=20273"}],"curies":[{"name":"wp","href":"https:\/\/api.w.org\/{rel}","templated":true}]}}