{"id":20286,"date":"2025-02-14T08:00:00","date_gmt":"2025-02-14T11:00:00","guid":{"rendered":"https:\/\/agenciainfra.com\/blog\/?p=20286"},"modified":"2025-02-14T06:29:26","modified_gmt":"2025-02-14T09:29:26","slug":"aneel-pauta-para-a-proxima-terca-processos-de-energia-eolica-que-causaram-desentendimento","status":"publish","type":"post","link":"https:\/\/agenciainfra.com\/blog\/aneel-pauta-para-a-proxima-terca-processos-de-energia-eolica-que-causaram-desentendimento\/","title":{"rendered":"ANEEL pauta para a pr\u00f3xima ter\u00e7a processos de energia e\u00f3lica que causaram desentendimento"},"content":{"rendered":"\n<p class=\"has-text-align-right\"><strong>Geraldo Campos Jr. e Marisa Wanzeller, da Ag\u00eancia iNFRA<\/strong><\/p>\n\n\n\n<p>Os dois processos sobre energia e\u00f3lica que levaram a diretoria da ANEEL (Ag\u00eancia Nacional de Energia El\u00e9trica) a um desentendimento na \u00faltima reuni\u00e3o est\u00e3o na <a href=\"https:\/\/www2.aneel.gov.br\/aplicacoes_liferay\/noticias_area\/dsp_detalheNoticia.cfm?idNoticia=14541&amp;idAreaNoticia=425\" target=\"_blank\" rel=\"noreferrer noopener\">pauta<\/a> do colegiado da pr\u00f3xima ter\u00e7a-feira (18). Ambos est\u00e3o empatados e sob vista da diretora Agnes Costa.<\/p>\n\n\n\n<p>Os itens tratam sobre prorroga\u00e7\u00e3o dos CUSTs (Contratos de Uso do Sistema de Transmiss\u00e3o) para renov\u00e1veis enquadradas na MP (Medida Provis\u00f3ria) 1.212\/2024, e sobre o valor das TUSTs (Tarifas de Uso do Sistema de Transmiss\u00e3o) de usinas e\u00f3licas.&nbsp;<\/p>\n\n\n\n<p>Na \u00faltima ter\u00e7a-feira (11), os dois processos causaram bate-boca na diretoria, ap\u00f3s o diretor Ricardo Tili ter pedido de vista negado pelo diretor-geral, Sandoval Feitosa, que posteriormente o concedeu \u00e0 diretora Agnes Costa. Tili e o diretor Fernando Mosna, que relatou os processos, questionaram a decis\u00e3o de Feitosa e afirmaram que ele fazia uma &#8220;interpreta\u00e7\u00e3o casu\u00edstica&#8221; do regimento da ANEEL.<\/p>\n\n\n\n<p>Os itens estavam na pauta para desempate, mas n\u00e3o puderam ser votados devido \u00e0 aus\u00eancia da diretora-substituta Ludimila Lima.<\/p>\n\n\n\n<p><strong>Restri\u00e7\u00e3o<\/strong><br>Tamb\u00e9m est\u00e1 na pauta um pedido de reconsidera\u00e7\u00e3o sobre regras de ressarcimento por cortes de gera\u00e7\u00e3o (curtailment ou constrained-off) de fonte solar. O requerimento foi apresentado pela Absolar (Associa\u00e7\u00e3o Brasileira de Energia Solar Fotovoltaica) e est\u00e1 sob relatoria do diretor Mosna.<\/p>\n\n\n\n<p><strong>Mais empate<\/strong><br>H\u00e1 ainda um terceiro item empatado na pauta da pr\u00f3xima ter\u00e7a. Trata-se de um pedido de cautelar da Abradee (Associa\u00e7\u00e3o Brasileira de Distribuidores de Energia El\u00e9trica) para antecipar os efeitos da CP (Consulta P\u00fablica) 9\/2024, sobre alternativas no c\u00e1lculo de perdas n\u00e3o t\u00e9cnicas, solicitando a inclus\u00e3o do entendimento novo nos processos tarif\u00e1rios de 2025.<\/p>\n\n\n\n<p>O processo foi analisado na \u00faltima ter\u00e7a. A relatora, diretora Agnes, votou para negar o pedido, uma vez que a CP continua aberta, e foi seguida por Sandoval Feitosa. J\u00e1 o diretor Mosna apresentou voto divergente, seguido por Tili, no sentido de conceder a cautelar, por entender que est\u00e3o presentes no pedido os requisitos para admissibilidade.<\/p>\n","protected":false},"excerpt":{"rendered":"<p>Geraldo Campos Jr. e Marisa Wanzeller, da Ag\u00eancia iNFRA Os dois processos sobre energia e\u00f3lica que levaram a diretoria da ANEEL (Ag\u00eancia Nacional de Energia El\u00e9trica) a um desentendimento na \u00faltima reuni\u00e3o est\u00e3o na pauta do colegiado da pr\u00f3xima ter\u00e7a-feira (18). Ambos est\u00e3o empatados e sob vista da diretora Agnes Costa. Os itens tratam sobre [&hellip;]<\/p>\n","protected":false},"author":1,"featured_media":10065,"comment_status":"closed","ping_status":"closed","sticky":false,"template":"","format":"standard","meta":{"_monsterinsights_skip_tracking":false,"_monsterinsights_sitenote_active":false,"_monsterinsights_sitenote_note":"","_monsterinsights_sitenote_category":0,"footnotes":""},"categories":[7250,1,10],"tags":[7471,12154,11474,12569,12568,11594,7366,9072,12567,12570,12571,11764,12572],"class_list":["post-20286","post","type-post","status-publish","format-standard","has-post-thumbnail","hentry","category-destaque-lista","category-geral","category-infraenergia","tag-constrained-off","tag-cortes-de-geracao","tag-curtailment","tag-desentendimentos-na-aneel","tag-empates-na-aneel","tag-geraldo-campos-jr","tag-marisa-wanzeller","tag-mp-1-212-2024","tag-processos-de-eolicas","tag-prorrogacao-dos-curts","tag-prorrogacao-dos-custs","tag-reuniao-da-aneel","tag-tusts"],"yoast_head":"<!-- This site is optimized with the Yoast SEO Premium plugin v25.4 (Yoast SEO v26.0) - https:\/\/yoast.com\/wordpress\/plugins\/seo\/ -->\n<title>ANEEL pauta para a pr\u00f3xima ter\u00e7a processos de energia e\u00f3lica que causaram desentendimento - Ag\u00eancia iNFRA<\/title>\n<meta name=\"robots\" content=\"index, follow, max-snippet:-1, max-image-preview:large, max-video-preview:-1\" \/>\n<link rel=\"canonical\" href=\"https:\/\/agenciainfra.com\/blog\/aneel-pauta-para-a-proxima-terca-processos-de-energia-eolica-que-causaram-desentendimento\/\" \/>\n<meta property=\"og:locale\" content=\"pt_BR\" \/>\n<meta property=\"og:type\" content=\"article\" \/>\n<meta property=\"og:title\" content=\"ANEEL pauta para a pr\u00f3xima ter\u00e7a processos de energia e\u00f3lica que causaram desentendimento\" \/>\n<meta property=\"og:description\" content=\"Geraldo Campos Jr. e Marisa Wanzeller, da Ag\u00eancia iNFRA Os dois processos sobre energia e\u00f3lica que levaram a diretoria da ANEEL (Ag\u00eancia Nacional de Energia El\u00e9trica) a um desentendimento na \u00faltima reuni\u00e3o est\u00e3o na pauta do colegiado da pr\u00f3xima ter\u00e7a-feira (18). Ambos est\u00e3o empatados e sob vista da diretora Agnes Costa. Os itens tratam sobre [&hellip;]\" \/>\n<meta property=\"og:url\" content=\"https:\/\/agenciainfra.com\/blog\/aneel-pauta-para-a-proxima-terca-processos-de-energia-eolica-que-causaram-desentendimento\/\" \/>\n<meta property=\"og:site_name\" content=\"Ag\u00eancia iNFRA\" \/>\n<meta property=\"article:publisher\" content=\"https:\/\/www.facebook.com\/ageninfra\" \/>\n<meta property=\"article:published_time\" content=\"2025-02-14T11:00:00+00:00\" \/>\n<meta property=\"og:image\" content=\"https:\/\/agenciainfra.com\/blog\/wp-content\/uploads\/2022\/04\/divulgacao-aneel-scaled.jpeg\" \/>\n\t<meta property=\"og:image:width\" content=\"2560\" \/>\n\t<meta property=\"og:image:height\" content=\"1707\" \/>\n\t<meta property=\"og:image:type\" content=\"image\/jpeg\" \/>\n<meta name=\"author\" content=\"Ag\u00eancia iNFRA\" \/>\n<meta name=\"twitter:card\" content=\"summary_large_image\" \/>\n<meta name=\"twitter:creator\" content=\"@agencia_infra\" \/>\n<meta name=\"twitter:site\" content=\"@agencia_infra\" \/>\n<meta name=\"twitter:label1\" content=\"Escrito por\" \/>\n\t<meta name=\"twitter:data1\" content=\"Ag\u00eancia iNFRA\" \/>\n\t<meta name=\"twitter:label2\" content=\"Est. tempo de leitura\" \/>\n\t<meta name=\"twitter:data2\" content=\"2 minutos\" \/>\n<script type=\"application\/ld+json\" class=\"yoast-schema-graph\">{\"@context\":\"https:\/\/schema.org\",\"@graph\":[{\"@type\":\"Article\",\"@id\":\"https:\/\/agenciainfra.com\/blog\/aneel-pauta-para-a-proxima-terca-processos-de-energia-eolica-que-causaram-desentendimento\/#article\",\"isPartOf\":{\"@id\":\"https:\/\/agenciainfra.com\/blog\/aneel-pauta-para-a-proxima-terca-processos-de-energia-eolica-que-causaram-desentendimento\/\"},\"author\":{\"name\":\"Ag\u00eancia iNFRA\",\"@id\":\"https:\/\/agenciainfra.com\/blog\/#\/schema\/person\/34af08dff6adea4cb22b06612ba7acfa\"},\"headline\":\"ANEEL pauta para a pr\u00f3xima ter\u00e7a processos de energia e\u00f3lica que causaram desentendimento\",\"datePublished\":\"2025-02-14T11:00:00+00:00\",\"mainEntityOfPage\":{\"@id\":\"https:\/\/agenciainfra.com\/blog\/aneel-pauta-para-a-proxima-terca-processos-de-energia-eolica-que-causaram-desentendimento\/\"},\"wordCount\":371,\"publisher\":{\"@id\":\"https:\/\/agenciainfra.com\/blog\/#organization\"},\"image\":{\"@id\":\"https:\/\/agenciainfra.com\/blog\/aneel-pauta-para-a-proxima-terca-processos-de-energia-eolica-que-causaram-desentendimento\/#primaryimage\"},\"thumbnailUrl\":\"https:\/\/agenciainfra.com\/blog\/wp-content\/uploads\/2022\/04\/divulgacao-aneel-scaled-e1770122374333.jpeg\",\"keywords\":[\"constrained-off\",\"cortes de gera\u00e7\u00e3o\",\"curtailment\",\"desentendimentos na aneel\",\"empates na aneel\",\"Geraldo Campos Jr.\",\"Marisa Wanzeller\",\"MP 1.212\/2024\",\"processos de e\u00f3licas\",\"prorroga\u00e7\u00e3o dos curts\",\"prorroga\u00e7\u00e3o dos custs\",\"reuni\u00e3o da aneel\",\"tusts\"],\"articleSection\":[\"Destaque lista\",\"Geral\",\"iNFRAEnergia\"],\"inLanguage\":\"pt-BR\",\"copyrightYear\":\"2025\",\"copyrightHolder\":{\"@id\":\"https:\/\/agenciainfra.com\/blog\/#organization\"}},{\"@type\":\"WebPage\",\"@id\":\"https:\/\/agenciainfra.com\/blog\/aneel-pauta-para-a-proxima-terca-processos-de-energia-eolica-que-causaram-desentendimento\/\",\"url\":\"https:\/\/agenciainfra.com\/blog\/aneel-pauta-para-a-proxima-terca-processos-de-energia-eolica-que-causaram-desentendimento\/\",\"name\":\"ANEEL pauta para a pr\u00f3xima ter\u00e7a processos de energia e\u00f3lica que causaram desentendimento - Ag\u00eancia iNFRA\",\"isPartOf\":{\"@id\":\"https:\/\/agenciainfra.com\/blog\/#website\"},\"primaryImageOfPage\":{\"@id\":\"https:\/\/agenciainfra.com\/blog\/aneel-pauta-para-a-proxima-terca-processos-de-energia-eolica-que-causaram-desentendimento\/#primaryimage\"},\"image\":{\"@id\":\"https:\/\/agenciainfra.com\/blog\/aneel-pauta-para-a-proxima-terca-processos-de-energia-eolica-que-causaram-desentendimento\/#primaryimage\"},\"thumbnailUrl\":\"https:\/\/agenciainfra.com\/blog\/wp-content\/uploads\/2022\/04\/divulgacao-aneel-scaled-e1770122374333.jpeg\",\"datePublished\":\"2025-02-14T11:00:00+00:00\",\"breadcrumb\":{\"@id\":\"https:\/\/agenciainfra.com\/blog\/aneel-pauta-para-a-proxima-terca-processos-de-energia-eolica-que-causaram-desentendimento\/#breadcrumb\"},\"inLanguage\":\"pt-BR\",\"potentialAction\":[{\"@type\":\"ReadAction\",\"target\":[\"https:\/\/agenciainfra.com\/blog\/aneel-pauta-para-a-proxima-terca-processos-de-energia-eolica-que-causaram-desentendimento\/\"]}]},{\"@type\":\"ImageObject\",\"inLanguage\":\"pt-BR\",\"@id\":\"https:\/\/agenciainfra.com\/blog\/aneel-pauta-para-a-proxima-terca-processos-de-energia-eolica-que-causaram-desentendimento\/#primaryimage\",\"url\":\"https:\/\/agenciainfra.com\/blog\/wp-content\/uploads\/2022\/04\/divulgacao-aneel-scaled-e1770122374333.jpeg\",\"contentUrl\":\"https:\/\/agenciainfra.com\/blog\/wp-content\/uploads\/2022\/04\/divulgacao-aneel-scaled-e1770122374333.jpeg\",\"width\":1280,\"height\":750,\"caption\":\"Foto: ANEEL\"},{\"@type\":\"BreadcrumbList\",\"@id\":\"https:\/\/agenciainfra.com\/blog\/aneel-pauta-para-a-proxima-terca-processos-de-energia-eolica-que-causaram-desentendimento\/#breadcrumb\",\"itemListElement\":[{\"@type\":\"ListItem\",\"position\":1,\"name\":\"In\u00edcio\",\"item\":\"https:\/\/agenciainfra.com\/blog\/\"},{\"@type\":\"ListItem\",\"position\":2,\"name\":\"ANEEL pauta para a pr\u00f3xima ter\u00e7a processos de energia e\u00f3lica que causaram desentendimento\"}]},{\"@type\":\"WebSite\",\"@id\":\"https:\/\/agenciainfra.com\/blog\/#website\",\"url\":\"https:\/\/agenciainfra.com\/blog\/\",\"name\":\"Ag\u00eancia iNFRA\",\"description\":\"Multiplataforma de informa\u00e7\u00e3o jornal\u00edstica refer\u00eancia na \u00e1rea de infraestrutura no Brasil!\",\"publisher\":{\"@id\":\"https:\/\/agenciainfra.com\/blog\/#organization\"},\"potentialAction\":[{\"@type\":\"SearchAction\",\"target\":{\"@type\":\"EntryPoint\",\"urlTemplate\":\"https:\/\/agenciainfra.com\/blog\/?s={search_term_string}\"},\"query-input\":{\"@type\":\"PropertyValueSpecification\",\"valueRequired\":true,\"valueName\":\"search_term_string\"}}],\"inLanguage\":\"pt-BR\"},{\"@type\":\"Organization\",\"@id\":\"https:\/\/agenciainfra.com\/blog\/#organization\",\"name\":\"Ag\u00eancia iNFRA\",\"url\":\"https:\/\/agenciainfra.com\/blog\/\",\"logo\":{\"@type\":\"ImageObject\",\"inLanguage\":\"pt-BR\",\"@id\":\"https:\/\/agenciainfra.com\/blog\/#\/schema\/logo\/image\/\",\"url\":\"https:\/\/agenciainfra.com\/blog\/wp-content\/uploads\/2023\/09\/iNFRA_5-e1761735885940.png\",\"contentUrl\":\"https:\/\/agenciainfra.com\/blog\/wp-content\/uploads\/2023\/09\/iNFRA_5-e1761735885940.png\",\"width\":1672,\"height\":454,\"caption\":\"Ag\u00eancia iNFRA\"},\"image\":{\"@id\":\"https:\/\/agenciainfra.com\/blog\/#\/schema\/logo\/image\/\"},\"sameAs\":[\"https:\/\/www.facebook.com\/ageninfra\",\"https:\/\/x.com\/agencia_infra\",\"https:\/\/www.linkedin.com\/company\/ag\u00eanciainfra\/\",\"https:\/\/www.instagram.com\/agenciainfra\/\"]},{\"@type\":\"Person\",\"@id\":\"https:\/\/agenciainfra.com\/blog\/#\/schema\/person\/34af08dff6adea4cb22b06612ba7acfa\",\"name\":\"Ag\u00eancia iNFRA\",\"image\":{\"@type\":\"ImageObject\",\"inLanguage\":\"pt-BR\",\"@id\":\"https:\/\/agenciainfra.com\/blog\/#\/schema\/person\/image\/\",\"url\":\"https:\/\/secure.gravatar.com\/avatar\/d189e01678f06d8eb84d4e01f08eb848b3fffe3f8443818d3c356c66892f5be8?s=96&d=mm&r=g\",\"contentUrl\":\"https:\/\/secure.gravatar.com\/avatar\/d189e01678f06d8eb84d4e01f08eb848b3fffe3f8443818d3c356c66892f5be8?s=96&d=mm&r=g\",\"caption\":\"Ag\u00eancia iNFRA\"},\"url\":\"https:\/\/agenciainfra.com\/blog\/author\/admin\/\"}]}<\/script>\n<!-- \/ Yoast SEO Premium plugin. -->","yoast_head_json":{"title":"ANEEL pauta para a pr\u00f3xima ter\u00e7a processos de energia e\u00f3lica que causaram desentendimento - Ag\u00eancia iNFRA","robots":{"index":"index","follow":"follow","max-snippet":"max-snippet:-1","max-image-preview":"max-image-preview:large","max-video-preview":"max-video-preview:-1"},"canonical":"https:\/\/agenciainfra.com\/blog\/aneel-pauta-para-a-proxima-terca-processos-de-energia-eolica-que-causaram-desentendimento\/","og_locale":"pt_BR","og_type":"article","og_title":"ANEEL pauta para a pr\u00f3xima ter\u00e7a processos de energia e\u00f3lica que causaram desentendimento","og_description":"Geraldo Campos Jr. e Marisa Wanzeller, da Ag\u00eancia iNFRA Os dois processos sobre energia e\u00f3lica que levaram a diretoria da ANEEL (Ag\u00eancia Nacional de Energia El\u00e9trica) a um desentendimento na \u00faltima reuni\u00e3o est\u00e3o na pauta do colegiado da pr\u00f3xima ter\u00e7a-feira (18). Ambos est\u00e3o empatados e sob vista da diretora Agnes Costa. Os itens tratam sobre [&hellip;]","og_url":"https:\/\/agenciainfra.com\/blog\/aneel-pauta-para-a-proxima-terca-processos-de-energia-eolica-que-causaram-desentendimento\/","og_site_name":"Ag\u00eancia iNFRA","article_publisher":"https:\/\/www.facebook.com\/ageninfra","article_published_time":"2025-02-14T11:00:00+00:00","og_image":[{"width":2560,"height":1707,"url":"https:\/\/agenciainfra.com\/blog\/wp-content\/uploads\/2022\/04\/divulgacao-aneel-scaled.jpeg","type":"image\/jpeg"}],"author":"Ag\u00eancia iNFRA","twitter_card":"summary_large_image","twitter_creator":"@agencia_infra","twitter_site":"@agencia_infra","twitter_misc":{"Escrito por":"Ag\u00eancia iNFRA","Est. tempo de leitura":"2 minutos"},"schema":{"@context":"https:\/\/schema.org","@graph":[{"@type":"Article","@id":"https:\/\/agenciainfra.com\/blog\/aneel-pauta-para-a-proxima-terca-processos-de-energia-eolica-que-causaram-desentendimento\/#article","isPartOf":{"@id":"https:\/\/agenciainfra.com\/blog\/aneel-pauta-para-a-proxima-terca-processos-de-energia-eolica-que-causaram-desentendimento\/"},"author":{"name":"Ag\u00eancia iNFRA","@id":"https:\/\/agenciainfra.com\/blog\/#\/schema\/person\/34af08dff6adea4cb22b06612ba7acfa"},"headline":"ANEEL pauta para a pr\u00f3xima ter\u00e7a processos de energia e\u00f3lica que causaram desentendimento","datePublished":"2025-02-14T11:00:00+00:00","mainEntityOfPage":{"@id":"https:\/\/agenciainfra.com\/blog\/aneel-pauta-para-a-proxima-terca-processos-de-energia-eolica-que-causaram-desentendimento\/"},"wordCount":371,"publisher":{"@id":"https:\/\/agenciainfra.com\/blog\/#organization"},"image":{"@id":"https:\/\/agenciainfra.com\/blog\/aneel-pauta-para-a-proxima-terca-processos-de-energia-eolica-que-causaram-desentendimento\/#primaryimage"},"thumbnailUrl":"https:\/\/agenciainfra.com\/blog\/wp-content\/uploads\/2022\/04\/divulgacao-aneel-scaled-e1770122374333.jpeg","keywords":["constrained-off","cortes de gera\u00e7\u00e3o","curtailment","desentendimentos na aneel","empates na aneel","Geraldo Campos Jr.","Marisa Wanzeller","MP 1.212\/2024","processos de e\u00f3licas","prorroga\u00e7\u00e3o dos curts","prorroga\u00e7\u00e3o dos custs","reuni\u00e3o da aneel","tusts"],"articleSection":["Destaque lista","Geral","iNFRAEnergia"],"inLanguage":"pt-BR","copyrightYear":"2025","copyrightHolder":{"@id":"https:\/\/agenciainfra.com\/blog\/#organization"}},{"@type":"WebPage","@id":"https:\/\/agenciainfra.com\/blog\/aneel-pauta-para-a-proxima-terca-processos-de-energia-eolica-que-causaram-desentendimento\/","url":"https:\/\/agenciainfra.com\/blog\/aneel-pauta-para-a-proxima-terca-processos-de-energia-eolica-que-causaram-desentendimento\/","name":"ANEEL pauta para a pr\u00f3xima ter\u00e7a processos de energia e\u00f3lica que causaram desentendimento - Ag\u00eancia iNFRA","isPartOf":{"@id":"https:\/\/agenciainfra.com\/blog\/#website"},"primaryImageOfPage":{"@id":"https:\/\/agenciainfra.com\/blog\/aneel-pauta-para-a-proxima-terca-processos-de-energia-eolica-que-causaram-desentendimento\/#primaryimage"},"image":{"@id":"https:\/\/agenciainfra.com\/blog\/aneel-pauta-para-a-proxima-terca-processos-de-energia-eolica-que-causaram-desentendimento\/#primaryimage"},"thumbnailUrl":"https:\/\/agenciainfra.com\/blog\/wp-content\/uploads\/2022\/04\/divulgacao-aneel-scaled-e1770122374333.jpeg","datePublished":"2025-02-14T11:00:00+00:00","breadcrumb":{"@id":"https:\/\/agenciainfra.com\/blog\/aneel-pauta-para-a-proxima-terca-processos-de-energia-eolica-que-causaram-desentendimento\/#breadcrumb"},"inLanguage":"pt-BR","potentialAction":[{"@type":"ReadAction","target":["https:\/\/agenciainfra.com\/blog\/aneel-pauta-para-a-proxima-terca-processos-de-energia-eolica-que-causaram-desentendimento\/"]}]},{"@type":"ImageObject","inLanguage":"pt-BR","@id":"https:\/\/agenciainfra.com\/blog\/aneel-pauta-para-a-proxima-terca-processos-de-energia-eolica-que-causaram-desentendimento\/#primaryimage","url":"https:\/\/agenciainfra.com\/blog\/wp-content\/uploads\/2022\/04\/divulgacao-aneel-scaled-e1770122374333.jpeg","contentUrl":"https:\/\/agenciainfra.com\/blog\/wp-content\/uploads\/2022\/04\/divulgacao-aneel-scaled-e1770122374333.jpeg","width":1280,"height":750,"caption":"Foto: ANEEL"},{"@type":"BreadcrumbList","@id":"https:\/\/agenciainfra.com\/blog\/aneel-pauta-para-a-proxima-terca-processos-de-energia-eolica-que-causaram-desentendimento\/#breadcrumb","itemListElement":[{"@type":"ListItem","position":1,"name":"In\u00edcio","item":"https:\/\/agenciainfra.com\/blog\/"},{"@type":"ListItem","position":2,"name":"ANEEL pauta para a pr\u00f3xima ter\u00e7a processos de energia e\u00f3lica que causaram desentendimento"}]},{"@type":"WebSite","@id":"https:\/\/agenciainfra.com\/blog\/#website","url":"https:\/\/agenciainfra.com\/blog\/","name":"Ag\u00eancia iNFRA","description":"Multiplataforma de informa\u00e7\u00e3o jornal\u00edstica refer\u00eancia na \u00e1rea de infraestrutura no Brasil!","publisher":{"@id":"https:\/\/agenciainfra.com\/blog\/#organization"},"potentialAction":[{"@type":"SearchAction","target":{"@type":"EntryPoint","urlTemplate":"https:\/\/agenciainfra.com\/blog\/?s={search_term_string}"},"query-input":{"@type":"PropertyValueSpecification","valueRequired":true,"valueName":"search_term_string"}}],"inLanguage":"pt-BR"},{"@type":"Organization","@id":"https:\/\/agenciainfra.com\/blog\/#organization","name":"Ag\u00eancia iNFRA","url":"https:\/\/agenciainfra.com\/blog\/","logo":{"@type":"ImageObject","inLanguage":"pt-BR","@id":"https:\/\/agenciainfra.com\/blog\/#\/schema\/logo\/image\/","url":"https:\/\/agenciainfra.com\/blog\/wp-content\/uploads\/2023\/09\/iNFRA_5-e1761735885940.png","contentUrl":"https:\/\/agenciainfra.com\/blog\/wp-content\/uploads\/2023\/09\/iNFRA_5-e1761735885940.png","width":1672,"height":454,"caption":"Ag\u00eancia iNFRA"},"image":{"@id":"https:\/\/agenciainfra.com\/blog\/#\/schema\/logo\/image\/"},"sameAs":["https:\/\/www.facebook.com\/ageninfra","https:\/\/x.com\/agencia_infra","https:\/\/www.linkedin.com\/company\/ag\u00eanciainfra\/","https:\/\/www.instagram.com\/agenciainfra\/"]},{"@type":"Person","@id":"https:\/\/agenciainfra.com\/blog\/#\/schema\/person\/34af08dff6adea4cb22b06612ba7acfa","name":"Ag\u00eancia iNFRA","image":{"@type":"ImageObject","inLanguage":"pt-BR","@id":"https:\/\/agenciainfra.com\/blog\/#\/schema\/person\/image\/","url":"https:\/\/secure.gravatar.com\/avatar\/d189e01678f06d8eb84d4e01f08eb848b3fffe3f8443818d3c356c66892f5be8?s=96&d=mm&r=g","contentUrl":"https:\/\/secure.gravatar.com\/avatar\/d189e01678f06d8eb84d4e01f08eb848b3fffe3f8443818d3c356c66892f5be8?s=96&d=mm&r=g","caption":"Ag\u00eancia iNFRA"},"url":"https:\/\/agenciainfra.com\/blog\/author\/admin\/"}]}},"_links":{"self":[{"href":"https:\/\/agenciainfra.com\/blog\/wp-json\/wp\/v2\/posts\/20286","targetHints":{"allow":["GET"]}}],"collection":[{"href":"https:\/\/agenciainfra.com\/blog\/wp-json\/wp\/v2\/posts"}],"about":[{"href":"https:\/\/agenciainfra.com\/blog\/wp-json\/wp\/v2\/types\/post"}],"author":[{"embeddable":true,"href":"https:\/\/agenciainfra.com\/blog\/wp-json\/wp\/v2\/users\/1"}],"replies":[{"embeddable":true,"href":"https:\/\/agenciainfra.com\/blog\/wp-json\/wp\/v2\/comments?post=20286"}],"version-history":[{"count":1,"href":"https:\/\/agenciainfra.com\/blog\/wp-json\/wp\/v2\/posts\/20286\/revisions"}],"predecessor-version":[{"id":20287,"href":"https:\/\/agenciainfra.com\/blog\/wp-json\/wp\/v2\/posts\/20286\/revisions\/20287"}],"wp:featuredmedia":[{"embeddable":true,"href":"https:\/\/agenciainfra.com\/blog\/wp-json\/wp\/v2\/media\/10065"}],"wp:attachment":[{"href":"https:\/\/agenciainfra.com\/blog\/wp-json\/wp\/v2\/media?parent=20286"}],"wp:term":[{"taxonomy":"category","embeddable":true,"href":"https:\/\/agenciainfra.com\/blog\/wp-json\/wp\/v2\/categories?post=20286"},{"taxonomy":"post_tag","embeddable":true,"href":"https:\/\/agenciainfra.com\/blog\/wp-json\/wp\/v2\/tags?post=20286"}],"curies":[{"name":"wp","href":"https:\/\/api.w.org\/{rel}","templated":true}]}}