{"id":20303,"date":"2025-02-18T08:00:00","date_gmt":"2025-02-18T11:00:00","guid":{"rendered":"https:\/\/agenciainfra.com\/blog\/?p=20303"},"modified":"2025-02-20T06:27:43","modified_gmt":"2025-02-20T09:27:43","slug":"ministerio-dos-transportes-cria-forca-tarefa-para-acelerar-audiencias-publicas-de-concessoes-de-rodovias-e-ferrovias","status":"publish","type":"post","link":"https:\/\/agenciainfra.com\/blog\/ministerio-dos-transportes-cria-forca-tarefa-para-acelerar-audiencias-publicas-de-concessoes-de-rodovias-e-ferrovias\/","title":{"rendered":"Minist\u00e9rio dos Transportes cria for\u00e7a-tarefa para acelerar audi\u00eancias p\u00fablicas de concess\u00f5es de rodovias e ferrovias"},"content":{"rendered":"\n<p class=\"has-text-align-right\"><strong>Sheyla Santos e Dimmi Amora, da Ag\u00eancia iNFRA<\/strong><\/p>\n\n\n\n<p>O Minist\u00e9rio dos Transportes publicou na \u00faltima sexta-feira (14) a&nbsp;<a href=\"https:\/\/www.in.gov.br\/en\/web\/dou\/-\/portaria-n-125-de-13-de-fevereiro-de-2025-612638409\" rel=\"noreferrer noopener\" target=\"_blank\">Portaria 125\/2025<\/a>,&nbsp;que institui for\u00e7a-tarefa para \u201cacompanhar, avaliar e instruir\u201d os processos de audi\u00eancias p\u00fablicas dos projetos de parceria de outorgas rodovi\u00e1rias, que tenham leil\u00f5es previstos para este ano, e de outorgas ferrovi\u00e1rias priorizadas, com expectativa de leil\u00e3o entre 2025 e 2026.<\/p>\n\n\n\n<p>A decis\u00e3o envolve as audi\u00eancias p\u00fablicas de cinco concess\u00f5es de rodovias: BR-116\/BA\/PE, em trecho que liga Feira de Santana (BA) a Salgueiro (PE); BR-116\/251\/MG (Rotas Gerais); BR-070\/174\/364\/MT\/RO (Rota Agro Central); BR-116\/158\/392\/290\/RS (Rota Integra\u00e7\u00e3o do Sul); e BR-116\/324\/BA.<\/p>\n\n\n\n<p>A portaria provocou rea\u00e7\u00f5es contr\u00e1rias de servidores da ANTT (Ag\u00eancia Nacional de Transportes Terrestres), que est\u00e3o interpretando o texto como uma tomada de atribui\u00e7\u00f5es do \u00f3rg\u00e3o pelo minist\u00e9rio. De acordo com nota do minist\u00e9rio, 16 servidores da pasta ser\u00e3o disponibilizados para trabalhar junto \u00e0 autarquia.<\/p>\n\n\n\n<p>O diretor da ANTT Guilherme Sampaio, que dever\u00e1 assumir a diretoria da ag\u00eancia nesta semana, disse que o Minist\u00e9rio dos Transportes j\u00e1 havia informado anteriormente que a portaria seria publicada. Segundo ele, o&nbsp;objetivo da norma&nbsp;est\u00e1 alinhado ao da ag\u00eancia, de agilizar as audi\u00eancias p\u00fablicas e concluir a an\u00e1lise das contribui\u00e7\u00f5es, com o intuito de cumprir a meta de leil\u00f5es deste ano.<\/p>\n\n\n\n<p>&#8220;Precisamos estruturar e formalizar o conte\u00fado da portaria, indicando os membros respons\u00e1veis e iniciar os trabalhos em conjunto. O alinhamento sin\u00e9rgico segue firme e se fortalece a cada dia&#8221;, disse Sampaio negando qualquer ru\u00eddo com a pasta.<\/p>\n\n\n\n<p>\u00c0&nbsp;<strong>Ag\u00eancia iNFRA<\/strong>, o secret\u00e1rio-executivo do Minist\u00e9rio dos Transportes, George Santoro, afirmou que a inten\u00e7\u00e3o da pasta \u00e9 apoiar a ag\u00eancia a acelerar ainda mais os processos de concess\u00e3o, devido ao grande volume de leil\u00f5es previstos nesses setores nos pr\u00f3ximos dois anos, mais de 30 previstos para os dois setores.<\/p>\n\n\n\n<p>Santoro afirmou que n\u00e3o h\u00e1 na portaria nenhuma mudan\u00e7a nas atribui\u00e7\u00f5es da ag\u00eancia e que a medida j\u00e1 foi tomada em outras ocasi\u00f5es e que houve uma comunica\u00e7\u00e3o pr\u00e9via com a ag\u00eancia sobre a portaria.<\/p>\n\n\n\n<p>&#8220;Temos prazos acordados com os outros atores no processo, como o TCU [Tribunal de Contas da Uni\u00e3o], e tamb\u00e9m apresentados ao mercado. Se atrasarmos a consolida\u00e7\u00e3o das audi\u00eancias p\u00fablicas, que \u00e9 um processo que precisa de equipe, pode atrasar tudo. A ideia \u00e9 trabalhar em parceria [com a ag\u00eancia]&#8221;, disse Santoro, lembrando ainda que o governo est\u00e1 sem or\u00e7amento de 2025, o que dificulta a ag\u00eancia de contratar apoio para esses processos.<\/p>\n\n\n\n<p>Segundo a secret\u00e1ria nacional de Transporte Rodovi\u00e1rio, Viviane Esse, o objetivo da portaria \u00e9 fazer com que a pasta ajude a ANTT, vinculada da pasta, a cumprir os prazos em fun\u00e7\u00e3o da alta demanda de concess\u00f5es. Ela ressaltou que for\u00e7as-tarefas do tipo j\u00e1 ocorreram em governos anteriores. \u201cA compet\u00eancia continua sendo da ANTT, isso a for\u00e7a-tarefa n\u00e3o tem a menor inten\u00e7\u00e3o de alterar\u201d, afirmou a secret\u00e1ria.<\/p>\n\n\n\n<p>No minist\u00e9rio, h\u00e1 um entendimento de que o projeto de concess\u00e3o do lote rodovi\u00e1rio que liga Feira de Santana (BA) a Salgueiro (PE) poderia estar mais avan\u00e7ado. Na pr\u00e1tica, os servidores da pasta far\u00e3o&nbsp;um \u201ctrabalho bra\u00e7al\u201d, no sentido de ajudar a ler as contribui\u00e7\u00f5es recebidas e a montar os relat\u00f3rios, que tamb\u00e9m ser\u00e3o analisados e finalizados pela ag\u00eancia reguladora. \u201cA ideia \u00e9 a gente ajudar a ANTT para a gente poder cumprir os prazos\u201d, ressaltou a secret\u00e1ria.<\/p>\n\n\n\n<p><strong>Ferrovias<\/strong><br>A portaria tamb\u00e9m contempla tr\u00eas projetos de ferrovias que t\u00eam previs\u00e3o de leil\u00e3o para o bi\u00eanio 2025\/2026 \u2013 a EF-118 (Anel Ferrovi\u00e1rio do Sudeste), que conecta Anchieta (ES) a Nova Igua\u00e7u (RJ); a Fico-Fiol (Ferrovia de Integra\u00e7\u00e3o Centro-Oeste\/Leste-Oeste); e a FCA (Ferrovia Centro-Atl\u00e2ntica). A pasta tamb\u00e9m trabalha com a possibilidade de abrir at\u00e9 seis audi\u00eancias p\u00fablicas para projetos de chamamentos p\u00fablicos para ferrovias de passageiros.<\/p>\n\n\n\n<p>De acordo com a norma, a audi\u00eancia p\u00fablica da Fico-Fiol est\u00e1 aberta a receber contribui\u00e7\u00f5es at\u00e9 24 de mar\u00e7o. Os projetos da FCA e da EF-118 tiveram seus prazos para contribui\u00e7\u00f5es encerrados em 29 de outubro do ano passado e em 12 de fevereiro de 2025, respectivamente.<\/p>\n","protected":false},"excerpt":{"rendered":"<p>Sheyla Santos e Dimmi Amora, da Ag\u00eancia iNFRA O Minist\u00e9rio dos Transportes publicou na \u00faltima sexta-feira (14) a&nbsp;Portaria 125\/2025,&nbsp;que institui for\u00e7a-tarefa para \u201cacompanhar, avaliar e instruir\u201d os processos de audi\u00eancias p\u00fablicas dos projetos de parceria de outorgas rodovi\u00e1rias, que tenham leil\u00f5es previstos para este ano, e de outorgas ferrovi\u00e1rias priorizadas, com expectativa de leil\u00e3o entre [&hellip;]<\/p>\n","protected":false},"author":1,"featured_media":8985,"comment_status":"closed","ping_status":"closed","sticky":false,"template":"","format":"standard","meta":{"_monsterinsights_skip_tracking":false,"_monsterinsights_sitenote_active":false,"_monsterinsights_sitenote_note":"","_monsterinsights_sitenote_category":0,"footnotes":""},"categories":[7250,1,7],"tags":[2187,78,11605,951,1299,11944,10201,6956,12597,346,16,12596,8838],"class_list":["post-20303","post","type-post","status-publish","format-standard","has-post-thumbnail","hentry","category-destaque-lista","category-geral","category-infratransporte","tag-audiencias-publicas","tag-concessoes","tag-concessoes-de-ferrovias","tag-concessoes-de-rodovias","tag-dimmi-amora","tag-diretoria-da-antt","tag-forca-tarefa","tag-george-santoro","tag-guilherme-sampaio-na-antt","tag-leiloes","tag-ministerio-dos-transportes","tag-portaria-125-2025","tag-sheyla-santos"],"yoast_head":"<!-- This site is optimized with the Yoast SEO Premium plugin v25.4 (Yoast SEO v26.0) - https:\/\/yoast.com\/wordpress\/plugins\/seo\/ -->\n<title>Minist\u00e9rio dos Transportes cria for\u00e7a-tarefa para acelerar audi\u00eancias p\u00fablicas de concess\u00f5es de rodovias e ferrovias - Ag\u00eancia iNFRA<\/title>\n<meta name=\"robots\" content=\"index, follow, max-snippet:-1, max-image-preview:large, max-video-preview:-1\" \/>\n<link rel=\"canonical\" href=\"https:\/\/agenciainfra.com\/blog\/ministerio-dos-transportes-cria-forca-tarefa-para-acelerar-audiencias-publicas-de-concessoes-de-rodovias-e-ferrovias\/\" \/>\n<meta property=\"og:locale\" content=\"pt_BR\" \/>\n<meta property=\"og:type\" content=\"article\" \/>\n<meta property=\"og:title\" content=\"Minist\u00e9rio dos Transportes cria for\u00e7a-tarefa para acelerar audi\u00eancias p\u00fablicas de concess\u00f5es de rodovias e ferrovias\" \/>\n<meta property=\"og:description\" content=\"Sheyla Santos e Dimmi Amora, da Ag\u00eancia iNFRA O Minist\u00e9rio dos Transportes publicou na \u00faltima sexta-feira (14) a&nbsp;Portaria 125\/2025,&nbsp;que institui for\u00e7a-tarefa para \u201cacompanhar, avaliar e instruir\u201d os processos de audi\u00eancias p\u00fablicas dos projetos de parceria de outorgas rodovi\u00e1rias, que tenham leil\u00f5es previstos para este ano, e de outorgas ferrovi\u00e1rias priorizadas, com expectativa de leil\u00e3o entre [&hellip;]\" \/>\n<meta property=\"og:url\" content=\"https:\/\/agenciainfra.com\/blog\/ministerio-dos-transportes-cria-forca-tarefa-para-acelerar-audiencias-publicas-de-concessoes-de-rodovias-e-ferrovias\/\" \/>\n<meta property=\"og:site_name\" content=\"Ag\u00eancia iNFRA\" \/>\n<meta property=\"article:publisher\" content=\"https:\/\/www.facebook.com\/ageninfra\" \/>\n<meta property=\"article:published_time\" content=\"2025-02-18T11:00:00+00:00\" \/>\n<meta property=\"article:modified_time\" content=\"2025-02-20T09:27:43+00:00\" \/>\n<meta property=\"og:image\" content=\"https:\/\/agenciainfra.com\/blog\/wp-content\/uploads\/2021\/11\/leilao-foto-ricardo-botelho-minfra.jpeg\" \/>\n\t<meta property=\"og:image:width\" content=\"1280\" \/>\n\t<meta property=\"og:image:height\" content=\"853\" \/>\n\t<meta property=\"og:image:type\" content=\"image\/jpeg\" \/>\n<meta name=\"author\" content=\"Ag\u00eancia iNFRA\" \/>\n<meta name=\"twitter:card\" content=\"summary_large_image\" \/>\n<meta name=\"twitter:creator\" content=\"@agencia_infra\" \/>\n<meta name=\"twitter:site\" content=\"@agencia_infra\" \/>\n<meta name=\"twitter:label1\" content=\"Escrito por\" \/>\n\t<meta name=\"twitter:data1\" content=\"Ag\u00eancia iNFRA\" \/>\n\t<meta name=\"twitter:label2\" content=\"Est. tempo de leitura\" \/>\n\t<meta name=\"twitter:data2\" content=\"4 minutos\" \/>\n<script type=\"application\/ld+json\" class=\"yoast-schema-graph\">{\"@context\":\"https:\/\/schema.org\",\"@graph\":[{\"@type\":\"Article\",\"@id\":\"https:\/\/agenciainfra.com\/blog\/ministerio-dos-transportes-cria-forca-tarefa-para-acelerar-audiencias-publicas-de-concessoes-de-rodovias-e-ferrovias\/#article\",\"isPartOf\":{\"@id\":\"https:\/\/agenciainfra.com\/blog\/ministerio-dos-transportes-cria-forca-tarefa-para-acelerar-audiencias-publicas-de-concessoes-de-rodovias-e-ferrovias\/\"},\"author\":{\"name\":\"Ag\u00eancia iNFRA\",\"@id\":\"https:\/\/agenciainfra.com\/blog\/#\/schema\/person\/34af08dff6adea4cb22b06612ba7acfa\"},\"headline\":\"Minist\u00e9rio dos Transportes cria for\u00e7a-tarefa para acelerar audi\u00eancias p\u00fablicas de concess\u00f5es de rodovias e ferrovias\",\"datePublished\":\"2025-02-18T11:00:00+00:00\",\"dateModified\":\"2025-02-20T09:27:43+00:00\",\"mainEntityOfPage\":{\"@id\":\"https:\/\/agenciainfra.com\/blog\/ministerio-dos-transportes-cria-forca-tarefa-para-acelerar-audiencias-publicas-de-concessoes-de-rodovias-e-ferrovias\/\"},\"wordCount\":771,\"publisher\":{\"@id\":\"https:\/\/agenciainfra.com\/blog\/#organization\"},\"image\":{\"@id\":\"https:\/\/agenciainfra.com\/blog\/ministerio-dos-transportes-cria-forca-tarefa-para-acelerar-audiencias-publicas-de-concessoes-de-rodovias-e-ferrovias\/#primaryimage\"},\"thumbnailUrl\":\"https:\/\/agenciainfra.com\/blog\/wp-content\/uploads\/2021\/11\/leilao-foto-ricardo-botelho-minfra.jpeg\",\"keywords\":[\"audi\u00eancias p\u00fablicas\",\"concess\u00f5es\",\"concess\u00f5es de ferrovias\",\"concess\u00f5es de rodovias\",\"Dimmi Amora\",\"diretoria da antt\",\"For\u00e7a-Tarefa\",\"George Santoro\",\"Guilherme Sampaio na ANTT\",\"leil\u00f5es\",\"minist\u00e9rio dos transportes\",\"portaria 125\/2025\",\"Sheyla Santos\"],\"articleSection\":[\"Destaque lista\",\"Geral\",\"iNFRATransporte\"],\"inLanguage\":\"pt-BR\",\"copyrightYear\":\"2025\",\"copyrightHolder\":{\"@id\":\"https:\/\/agenciainfra.com\/blog\/#organization\"}},{\"@type\":\"WebPage\",\"@id\":\"https:\/\/agenciainfra.com\/blog\/ministerio-dos-transportes-cria-forca-tarefa-para-acelerar-audiencias-publicas-de-concessoes-de-rodovias-e-ferrovias\/\",\"url\":\"https:\/\/agenciainfra.com\/blog\/ministerio-dos-transportes-cria-forca-tarefa-para-acelerar-audiencias-publicas-de-concessoes-de-rodovias-e-ferrovias\/\",\"name\":\"Minist\u00e9rio dos Transportes cria for\u00e7a-tarefa para acelerar audi\u00eancias p\u00fablicas de concess\u00f5es de rodovias e ferrovias - Ag\u00eancia iNFRA\",\"isPartOf\":{\"@id\":\"https:\/\/agenciainfra.com\/blog\/#website\"},\"primaryImageOfPage\":{\"@id\":\"https:\/\/agenciainfra.com\/blog\/ministerio-dos-transportes-cria-forca-tarefa-para-acelerar-audiencias-publicas-de-concessoes-de-rodovias-e-ferrovias\/#primaryimage\"},\"image\":{\"@id\":\"https:\/\/agenciainfra.com\/blog\/ministerio-dos-transportes-cria-forca-tarefa-para-acelerar-audiencias-publicas-de-concessoes-de-rodovias-e-ferrovias\/#primaryimage\"},\"thumbnailUrl\":\"https:\/\/agenciainfra.com\/blog\/wp-content\/uploads\/2021\/11\/leilao-foto-ricardo-botelho-minfra.jpeg\",\"datePublished\":\"2025-02-18T11:00:00+00:00\",\"dateModified\":\"2025-02-20T09:27:43+00:00\",\"breadcrumb\":{\"@id\":\"https:\/\/agenciainfra.com\/blog\/ministerio-dos-transportes-cria-forca-tarefa-para-acelerar-audiencias-publicas-de-concessoes-de-rodovias-e-ferrovias\/#breadcrumb\"},\"inLanguage\":\"pt-BR\",\"potentialAction\":[{\"@type\":\"ReadAction\",\"target\":[\"https:\/\/agenciainfra.com\/blog\/ministerio-dos-transportes-cria-forca-tarefa-para-acelerar-audiencias-publicas-de-concessoes-de-rodovias-e-ferrovias\/\"]}]},{\"@type\":\"ImageObject\",\"inLanguage\":\"pt-BR\",\"@id\":\"https:\/\/agenciainfra.com\/blog\/ministerio-dos-transportes-cria-forca-tarefa-para-acelerar-audiencias-publicas-de-concessoes-de-rodovias-e-ferrovias\/#primaryimage\",\"url\":\"https:\/\/agenciainfra.com\/blog\/wp-content\/uploads\/2021\/11\/leilao-foto-ricardo-botelho-minfra.jpeg\",\"contentUrl\":\"https:\/\/agenciainfra.com\/blog\/wp-content\/uploads\/2021\/11\/leilao-foto-ricardo-botelho-minfra.jpeg\",\"width\":1280,\"height\":853,\"caption\":\"Foto: Ricardo Botelho\/Minfra\"},{\"@type\":\"BreadcrumbList\",\"@id\":\"https:\/\/agenciainfra.com\/blog\/ministerio-dos-transportes-cria-forca-tarefa-para-acelerar-audiencias-publicas-de-concessoes-de-rodovias-e-ferrovias\/#breadcrumb\",\"itemListElement\":[{\"@type\":\"ListItem\",\"position\":1,\"name\":\"In\u00edcio\",\"item\":\"https:\/\/agenciainfra.com\/blog\/\"},{\"@type\":\"ListItem\",\"position\":2,\"name\":\"Minist\u00e9rio dos Transportes cria for\u00e7a-tarefa para acelerar audi\u00eancias p\u00fablicas de concess\u00f5es de rodovias e ferrovias\"}]},{\"@type\":\"WebSite\",\"@id\":\"https:\/\/agenciainfra.com\/blog\/#website\",\"url\":\"https:\/\/agenciainfra.com\/blog\/\",\"name\":\"Ag\u00eancia iNFRA\",\"description\":\"Multiplataforma de informa\u00e7\u00e3o jornal\u00edstica refer\u00eancia na \u00e1rea de infraestrutura no Brasil!\",\"publisher\":{\"@id\":\"https:\/\/agenciainfra.com\/blog\/#organization\"},\"potentialAction\":[{\"@type\":\"SearchAction\",\"target\":{\"@type\":\"EntryPoint\",\"urlTemplate\":\"https:\/\/agenciainfra.com\/blog\/?s={search_term_string}\"},\"query-input\":{\"@type\":\"PropertyValueSpecification\",\"valueRequired\":true,\"valueName\":\"search_term_string\"}}],\"inLanguage\":\"pt-BR\"},{\"@type\":\"Organization\",\"@id\":\"https:\/\/agenciainfra.com\/blog\/#organization\",\"name\":\"Ag\u00eancia iNFRA\",\"url\":\"https:\/\/agenciainfra.com\/blog\/\",\"logo\":{\"@type\":\"ImageObject\",\"inLanguage\":\"pt-BR\",\"@id\":\"https:\/\/agenciainfra.com\/blog\/#\/schema\/logo\/image\/\",\"url\":\"https:\/\/agenciainfra.com\/blog\/wp-content\/uploads\/2023\/09\/iNFRA_5-e1761735885940.png\",\"contentUrl\":\"https:\/\/agenciainfra.com\/blog\/wp-content\/uploads\/2023\/09\/iNFRA_5-e1761735885940.png\",\"width\":1672,\"height\":454,\"caption\":\"Ag\u00eancia iNFRA\"},\"image\":{\"@id\":\"https:\/\/agenciainfra.com\/blog\/#\/schema\/logo\/image\/\"},\"sameAs\":[\"https:\/\/www.facebook.com\/ageninfra\",\"https:\/\/x.com\/agencia_infra\",\"https:\/\/www.linkedin.com\/company\/ag\u00eanciainfra\/\",\"https:\/\/www.instagram.com\/agenciainfra\/\"]},{\"@type\":\"Person\",\"@id\":\"https:\/\/agenciainfra.com\/blog\/#\/schema\/person\/34af08dff6adea4cb22b06612ba7acfa\",\"name\":\"Ag\u00eancia iNFRA\",\"image\":{\"@type\":\"ImageObject\",\"inLanguage\":\"pt-BR\",\"@id\":\"https:\/\/agenciainfra.com\/blog\/#\/schema\/person\/image\/\",\"url\":\"https:\/\/secure.gravatar.com\/avatar\/d189e01678f06d8eb84d4e01f08eb848b3fffe3f8443818d3c356c66892f5be8?s=96&d=mm&r=g\",\"contentUrl\":\"https:\/\/secure.gravatar.com\/avatar\/d189e01678f06d8eb84d4e01f08eb848b3fffe3f8443818d3c356c66892f5be8?s=96&d=mm&r=g\",\"caption\":\"Ag\u00eancia iNFRA\"},\"url\":\"https:\/\/agenciainfra.com\/blog\/author\/admin\/\"}]}<\/script>\n<!-- \/ Yoast SEO Premium plugin. -->","yoast_head_json":{"title":"Minist\u00e9rio dos Transportes cria for\u00e7a-tarefa para acelerar audi\u00eancias p\u00fablicas de concess\u00f5es de rodovias e ferrovias - Ag\u00eancia iNFRA","robots":{"index":"index","follow":"follow","max-snippet":"max-snippet:-1","max-image-preview":"max-image-preview:large","max-video-preview":"max-video-preview:-1"},"canonical":"https:\/\/agenciainfra.com\/blog\/ministerio-dos-transportes-cria-forca-tarefa-para-acelerar-audiencias-publicas-de-concessoes-de-rodovias-e-ferrovias\/","og_locale":"pt_BR","og_type":"article","og_title":"Minist\u00e9rio dos Transportes cria for\u00e7a-tarefa para acelerar audi\u00eancias p\u00fablicas de concess\u00f5es de rodovias e ferrovias","og_description":"Sheyla Santos e Dimmi Amora, da Ag\u00eancia iNFRA O Minist\u00e9rio dos Transportes publicou na \u00faltima sexta-feira (14) a&nbsp;Portaria 125\/2025,&nbsp;que institui for\u00e7a-tarefa para \u201cacompanhar, avaliar e instruir\u201d os processos de audi\u00eancias p\u00fablicas dos projetos de parceria de outorgas rodovi\u00e1rias, que tenham leil\u00f5es previstos para este ano, e de outorgas ferrovi\u00e1rias priorizadas, com expectativa de leil\u00e3o entre [&hellip;]","og_url":"https:\/\/agenciainfra.com\/blog\/ministerio-dos-transportes-cria-forca-tarefa-para-acelerar-audiencias-publicas-de-concessoes-de-rodovias-e-ferrovias\/","og_site_name":"Ag\u00eancia iNFRA","article_publisher":"https:\/\/www.facebook.com\/ageninfra","article_published_time":"2025-02-18T11:00:00+00:00","article_modified_time":"2025-02-20T09:27:43+00:00","og_image":[{"width":1280,"height":853,"url":"https:\/\/agenciainfra.com\/blog\/wp-content\/uploads\/2021\/11\/leilao-foto-ricardo-botelho-minfra.jpeg","type":"image\/jpeg"}],"author":"Ag\u00eancia iNFRA","twitter_card":"summary_large_image","twitter_creator":"@agencia_infra","twitter_site":"@agencia_infra","twitter_misc":{"Escrito por":"Ag\u00eancia iNFRA","Est. tempo de leitura":"4 minutos"},"schema":{"@context":"https:\/\/schema.org","@graph":[{"@type":"Article","@id":"https:\/\/agenciainfra.com\/blog\/ministerio-dos-transportes-cria-forca-tarefa-para-acelerar-audiencias-publicas-de-concessoes-de-rodovias-e-ferrovias\/#article","isPartOf":{"@id":"https:\/\/agenciainfra.com\/blog\/ministerio-dos-transportes-cria-forca-tarefa-para-acelerar-audiencias-publicas-de-concessoes-de-rodovias-e-ferrovias\/"},"author":{"name":"Ag\u00eancia iNFRA","@id":"https:\/\/agenciainfra.com\/blog\/#\/schema\/person\/34af08dff6adea4cb22b06612ba7acfa"},"headline":"Minist\u00e9rio dos Transportes cria for\u00e7a-tarefa para acelerar audi\u00eancias p\u00fablicas de concess\u00f5es de rodovias e ferrovias","datePublished":"2025-02-18T11:00:00+00:00","dateModified":"2025-02-20T09:27:43+00:00","mainEntityOfPage":{"@id":"https:\/\/agenciainfra.com\/blog\/ministerio-dos-transportes-cria-forca-tarefa-para-acelerar-audiencias-publicas-de-concessoes-de-rodovias-e-ferrovias\/"},"wordCount":771,"publisher":{"@id":"https:\/\/agenciainfra.com\/blog\/#organization"},"image":{"@id":"https:\/\/agenciainfra.com\/blog\/ministerio-dos-transportes-cria-forca-tarefa-para-acelerar-audiencias-publicas-de-concessoes-de-rodovias-e-ferrovias\/#primaryimage"},"thumbnailUrl":"https:\/\/agenciainfra.com\/blog\/wp-content\/uploads\/2021\/11\/leilao-foto-ricardo-botelho-minfra.jpeg","keywords":["audi\u00eancias p\u00fablicas","concess\u00f5es","concess\u00f5es de ferrovias","concess\u00f5es de rodovias","Dimmi Amora","diretoria da antt","For\u00e7a-Tarefa","George Santoro","Guilherme Sampaio na ANTT","leil\u00f5es","minist\u00e9rio dos transportes","portaria 125\/2025","Sheyla Santos"],"articleSection":["Destaque lista","Geral","iNFRATransporte"],"inLanguage":"pt-BR","copyrightYear":"2025","copyrightHolder":{"@id":"https:\/\/agenciainfra.com\/blog\/#organization"}},{"@type":"WebPage","@id":"https:\/\/agenciainfra.com\/blog\/ministerio-dos-transportes-cria-forca-tarefa-para-acelerar-audiencias-publicas-de-concessoes-de-rodovias-e-ferrovias\/","url":"https:\/\/agenciainfra.com\/blog\/ministerio-dos-transportes-cria-forca-tarefa-para-acelerar-audiencias-publicas-de-concessoes-de-rodovias-e-ferrovias\/","name":"Minist\u00e9rio dos Transportes cria for\u00e7a-tarefa para acelerar audi\u00eancias p\u00fablicas de concess\u00f5es de rodovias e ferrovias - Ag\u00eancia iNFRA","isPartOf":{"@id":"https:\/\/agenciainfra.com\/blog\/#website"},"primaryImageOfPage":{"@id":"https:\/\/agenciainfra.com\/blog\/ministerio-dos-transportes-cria-forca-tarefa-para-acelerar-audiencias-publicas-de-concessoes-de-rodovias-e-ferrovias\/#primaryimage"},"image":{"@id":"https:\/\/agenciainfra.com\/blog\/ministerio-dos-transportes-cria-forca-tarefa-para-acelerar-audiencias-publicas-de-concessoes-de-rodovias-e-ferrovias\/#primaryimage"},"thumbnailUrl":"https:\/\/agenciainfra.com\/blog\/wp-content\/uploads\/2021\/11\/leilao-foto-ricardo-botelho-minfra.jpeg","datePublished":"2025-02-18T11:00:00+00:00","dateModified":"2025-02-20T09:27:43+00:00","breadcrumb":{"@id":"https:\/\/agenciainfra.com\/blog\/ministerio-dos-transportes-cria-forca-tarefa-para-acelerar-audiencias-publicas-de-concessoes-de-rodovias-e-ferrovias\/#breadcrumb"},"inLanguage":"pt-BR","potentialAction":[{"@type":"ReadAction","target":["https:\/\/agenciainfra.com\/blog\/ministerio-dos-transportes-cria-forca-tarefa-para-acelerar-audiencias-publicas-de-concessoes-de-rodovias-e-ferrovias\/"]}]},{"@type":"ImageObject","inLanguage":"pt-BR","@id":"https:\/\/agenciainfra.com\/blog\/ministerio-dos-transportes-cria-forca-tarefa-para-acelerar-audiencias-publicas-de-concessoes-de-rodovias-e-ferrovias\/#primaryimage","url":"https:\/\/agenciainfra.com\/blog\/wp-content\/uploads\/2021\/11\/leilao-foto-ricardo-botelho-minfra.jpeg","contentUrl":"https:\/\/agenciainfra.com\/blog\/wp-content\/uploads\/2021\/11\/leilao-foto-ricardo-botelho-minfra.jpeg","width":1280,"height":853,"caption":"Foto: Ricardo Botelho\/Minfra"},{"@type":"BreadcrumbList","@id":"https:\/\/agenciainfra.com\/blog\/ministerio-dos-transportes-cria-forca-tarefa-para-acelerar-audiencias-publicas-de-concessoes-de-rodovias-e-ferrovias\/#breadcrumb","itemListElement":[{"@type":"ListItem","position":1,"name":"In\u00edcio","item":"https:\/\/agenciainfra.com\/blog\/"},{"@type":"ListItem","position":2,"name":"Minist\u00e9rio dos Transportes cria for\u00e7a-tarefa para acelerar audi\u00eancias p\u00fablicas de concess\u00f5es de rodovias e ferrovias"}]},{"@type":"WebSite","@id":"https:\/\/agenciainfra.com\/blog\/#website","url":"https:\/\/agenciainfra.com\/blog\/","name":"Ag\u00eancia iNFRA","description":"Multiplataforma de informa\u00e7\u00e3o jornal\u00edstica refer\u00eancia na \u00e1rea de infraestrutura no Brasil!","publisher":{"@id":"https:\/\/agenciainfra.com\/blog\/#organization"},"potentialAction":[{"@type":"SearchAction","target":{"@type":"EntryPoint","urlTemplate":"https:\/\/agenciainfra.com\/blog\/?s={search_term_string}"},"query-input":{"@type":"PropertyValueSpecification","valueRequired":true,"valueName":"search_term_string"}}],"inLanguage":"pt-BR"},{"@type":"Organization","@id":"https:\/\/agenciainfra.com\/blog\/#organization","name":"Ag\u00eancia iNFRA","url":"https:\/\/agenciainfra.com\/blog\/","logo":{"@type":"ImageObject","inLanguage":"pt-BR","@id":"https:\/\/agenciainfra.com\/blog\/#\/schema\/logo\/image\/","url":"https:\/\/agenciainfra.com\/blog\/wp-content\/uploads\/2023\/09\/iNFRA_5-e1761735885940.png","contentUrl":"https:\/\/agenciainfra.com\/blog\/wp-content\/uploads\/2023\/09\/iNFRA_5-e1761735885940.png","width":1672,"height":454,"caption":"Ag\u00eancia iNFRA"},"image":{"@id":"https:\/\/agenciainfra.com\/blog\/#\/schema\/logo\/image\/"},"sameAs":["https:\/\/www.facebook.com\/ageninfra","https:\/\/x.com\/agencia_infra","https:\/\/www.linkedin.com\/company\/ag\u00eanciainfra\/","https:\/\/www.instagram.com\/agenciainfra\/"]},{"@type":"Person","@id":"https:\/\/agenciainfra.com\/blog\/#\/schema\/person\/34af08dff6adea4cb22b06612ba7acfa","name":"Ag\u00eancia iNFRA","image":{"@type":"ImageObject","inLanguage":"pt-BR","@id":"https:\/\/agenciainfra.com\/blog\/#\/schema\/person\/image\/","url":"https:\/\/secure.gravatar.com\/avatar\/d189e01678f06d8eb84d4e01f08eb848b3fffe3f8443818d3c356c66892f5be8?s=96&d=mm&r=g","contentUrl":"https:\/\/secure.gravatar.com\/avatar\/d189e01678f06d8eb84d4e01f08eb848b3fffe3f8443818d3c356c66892f5be8?s=96&d=mm&r=g","caption":"Ag\u00eancia iNFRA"},"url":"https:\/\/agenciainfra.com\/blog\/author\/admin\/"}]}},"_links":{"self":[{"href":"https:\/\/agenciainfra.com\/blog\/wp-json\/wp\/v2\/posts\/20303","targetHints":{"allow":["GET"]}}],"collection":[{"href":"https:\/\/agenciainfra.com\/blog\/wp-json\/wp\/v2\/posts"}],"about":[{"href":"https:\/\/agenciainfra.com\/blog\/wp-json\/wp\/v2\/types\/post"}],"author":[{"embeddable":true,"href":"https:\/\/agenciainfra.com\/blog\/wp-json\/wp\/v2\/users\/1"}],"replies":[{"embeddable":true,"href":"https:\/\/agenciainfra.com\/blog\/wp-json\/wp\/v2\/comments?post=20303"}],"version-history":[{"count":1,"href":"https:\/\/agenciainfra.com\/blog\/wp-json\/wp\/v2\/posts\/20303\/revisions"}],"predecessor-version":[{"id":20304,"href":"https:\/\/agenciainfra.com\/blog\/wp-json\/wp\/v2\/posts\/20303\/revisions\/20304"}],"wp:featuredmedia":[{"embeddable":true,"href":"https:\/\/agenciainfra.com\/blog\/wp-json\/wp\/v2\/media\/8985"}],"wp:attachment":[{"href":"https:\/\/agenciainfra.com\/blog\/wp-json\/wp\/v2\/media?parent=20303"}],"wp:term":[{"taxonomy":"category","embeddable":true,"href":"https:\/\/agenciainfra.com\/blog\/wp-json\/wp\/v2\/categories?post=20303"},{"taxonomy":"post_tag","embeddable":true,"href":"https:\/\/agenciainfra.com\/blog\/wp-json\/wp\/v2\/tags?post=20303"}],"curies":[{"name":"wp","href":"https:\/\/api.w.org\/{rel}","templated":true}]}}