{"id":20307,"date":"2025-02-18T08:00:00","date_gmt":"2025-02-18T11:00:00","guid":{"rendered":"https:\/\/agenciainfra.com\/blog\/?p=20307"},"modified":"2025-02-18T06:57:10","modified_gmt":"2025-02-18T09:57:10","slug":"governo-apresenta-proposta-de-acordo-para-maior-participacao-no-conselho-da-eletrobras","status":"publish","type":"post","link":"https:\/\/agenciainfra.com\/blog\/governo-apresenta-proposta-de-acordo-para-maior-participacao-no-conselho-da-eletrobras\/","title":{"rendered":"Governo apresenta proposta de acordo para maior participa\u00e7\u00e3o no Conselho da Eletrobras"},"content":{"rendered":"\n<p class=\"has-text-align-right\"><strong>Marisa Wanzeller e Geraldo Campos Jr., da Ag\u00eancia iNFRA<\/strong><\/p>\n\n\n\n<p>O governo apresentou para representantes da Eletrobras na noite desta segunda-feira (17) uma proposta de acordo sobre a representatividade da Uni\u00e3o nos conselhos da companhia, que foi costurada durante a tarde de ontem no Pal\u00e1cio do Planalto. A reuni\u00e3o, realizada na sede da AGU (Advocacia-Geral da Uni\u00e3o), alongou-se durante a noite e n\u00e3o foi encerrada at\u00e9 o fechamento desta edi\u00e7\u00e3o.&nbsp;<\/p>\n\n\n\n<p>Horas antes da reuni\u00e3o da AGU com a Eletrobras, o presidente Lula esteve reunido com cinco ministros para tratar sobre o tema. A Fazenda e o MME (Minist\u00e9rio de Minas e Energia) sa\u00edram da reuni\u00e3o&nbsp;&#8220;mais azeitados&#8221;, segundo fontes, que destacaram que ainda faltavam&nbsp;alguns ajustes finais para a conclus\u00e3o.<\/p>\n\n\n\n<p>As duas pastas discordavam at\u00e9 ent\u00e3o de pontos importantes da negocia\u00e7\u00e3o, especialmente sobre a poss\u00edvel sa\u00edda da Eletrobras da Eletronuclear e a obriga\u00e7\u00e3o de investimentos em Angra 3. At\u00e9 ent\u00e3o, o minist\u00e9rio de Fernando Haddad vetava qualquer modelo que pudesse demandar aportes de recursos do Tesouro.<\/p>\n\n\n\n<p>A Eletronuclear \u00e9 controlada pela ENBPar (Empresa Brasileira de Participa\u00e7\u00f5es em Energia Nuclear e Binacional) desde a privatiza\u00e7\u00e3o da Eletrobras, que manteve participa\u00e7\u00e3o acion\u00e1ria de 35% no ativo. A empresa \u00e9 respons\u00e1vel pelas usinas nucleares do complexo de Angra dos Reis (RJ).&nbsp;<\/p>\n\n\n\n<p>Por outro lado, o acordo deve fechar a cess\u00e3o pela Eletrobras de mais uma cadeira no seu CA (Conselho de Administra\u00e7\u00e3o) para o governo, que passaria a ser composto por 10 conselheiros. Atualmente, a Uni\u00e3o tem dois representantes entre nove conselheiros. O governo tamb\u00e9m teria mais um assento no Conselho Fiscal da empresa.<\/p>\n\n\n\n<p><strong>Pr\u00f3ximas etapas<\/strong><br>O governo e a Eletrobras trabalham para a conclus\u00e3o do acordo dentro do prazo dado pelo ministro Nunes Marques, do STF (Supremo Tribunal Federal). Ao estender o tempo-limite em 18 de dezembro, o ministro afirmou que dentro de 60 dias as partes deveriam apresentar compromisso com a resolu\u00e7\u00e3o definitiva das quest\u00f5es abordadas na a\u00e7\u00e3o, os avan\u00e7os e est\u00e1gios das negocia\u00e7\u00f5es nestes 60 dias e os ajustes, ainda que parciais, firmados no per\u00edodo.<\/p>\n\n\n\n<p>Ap\u00f3s a conclus\u00e3o desse entendimento no prazo, AGU e Eletrobras assinar\u00e3o um termo de concilia\u00e7\u00e3o, que precisar\u00e1 passar pela aprova\u00e7\u00e3o dos seus termos pela Assembleia Geral Extraordin\u00e1ria dos acionistas da companhia. Na ocasi\u00e3o, a Uni\u00e3o e os acionistas a ela vinculados v\u00e3o se abster de votar. Depois, ainda ser\u00e1 necess\u00e1ria a homologa\u00e7\u00e3o pelo STF.<\/p>\n\n\n\n<p>A Eletrobras j\u00e1 convocou uma AGE (Assembleia Geral Extraordin\u00e1ria) para o dia 26 de fevereiro, na qual prev\u00ea a cria\u00e7\u00e3o de uma nova cadeira no Conselho de Administra\u00e7\u00e3o. Contudo, n\u00e3o h\u00e1 especifica\u00e7\u00e3o na pauta sobre autorizar que o governo tenha mais participa\u00e7\u00e3o nos conselhos da companhia.&nbsp;<\/p>\n\n\n\n<p><strong>&#8220;Dia D&#8221; para Angra 3<\/strong><br>Tamb\u00e9m nesta ter\u00e7a, o governo dever\u00e1 decidir em reuni\u00e3o do CNPE (Conselho Nacional de Pol\u00edtica Energ\u00e9tica) se dar\u00e1 andamento ou n\u00e3o \u00e0s obras de Angra 3. Trata-se de uma quest\u00e3o que afeta o acordo, uma vez que a Lei de Privatiza\u00e7\u00e3o da Eletrobras obriga a companhia a aportar recursos para garantir a continuidade da usina caso o governo queira.<\/p>\n\n\n\n<p>O conselho dever\u00e1 definir o pre\u00e7o da tarifa da usina, o que determina a viabilidade de continua\u00e7\u00e3o das obras. Isso porque um valor muito baixo pode inviabilizar o investimento bilion\u00e1rio necess\u00e1rio para que a usina entre em opera\u00e7\u00e3o.<\/p>\n","protected":false},"excerpt":{"rendered":"<p>Marisa Wanzeller e Geraldo Campos Jr., da Ag\u00eancia iNFRA O governo apresentou para representantes da Eletrobras na noite desta segunda-feira (17) uma proposta de acordo sobre a representatividade da Uni\u00e3o nos conselhos da companhia, que foi costurada durante a tarde de ontem no Pal\u00e1cio do Planalto. A reuni\u00e3o, realizada na sede da AGU (Advocacia-Geral da [&hellip;]<\/p>\n","protected":false},"author":1,"featured_media":10213,"comment_status":"closed","ping_status":"closed","sticky":false,"template":"","format":"standard","meta":{"_monsterinsights_skip_tracking":false,"_monsterinsights_sitenote_active":false,"_monsterinsights_sitenote_note":"","_monsterinsights_sitenote_category":0,"footnotes":""},"categories":[7250,1,10],"tags":[353,326,56,4323,50,327,5453,11594,7366,96,71,5844,11957,11910,372,12033],"class_list":["post-20307","post","type-post","status-publish","format-standard","has-post-thumbnail","hentry","category-destaque-lista","category-geral","category-infraenergia","tag-agu","tag-angra-3","tag-cde","tag-conciliacao","tag-eletrobras","tag-eletronuclear","tag-enbpar","tag-geraldo-campos-jr","tag-marisa-wanzeller","tag-ministerio-de-minas-e-energia","tag-mme","tag-nunes-marques","tag-obras-de-angra-3","tag-participacao-da-uniao-na-eletrobras","tag-stf","tag-voto-da-uniao-na-eletrobras"],"yoast_head":"<!-- This site is optimized with the Yoast SEO Premium plugin v25.4 (Yoast SEO v26.0) - https:\/\/yoast.com\/wordpress\/plugins\/seo\/ -->\n<title>Governo apresenta proposta de acordo para maior participa\u00e7\u00e3o no Conselho da Eletrobras - Ag\u00eancia iNFRA<\/title>\n<meta name=\"robots\" content=\"index, follow, max-snippet:-1, max-image-preview:large, max-video-preview:-1\" \/>\n<link rel=\"canonical\" href=\"https:\/\/agenciainfra.com\/blog\/governo-apresenta-proposta-de-acordo-para-maior-participacao-no-conselho-da-eletrobras\/\" \/>\n<meta property=\"og:locale\" content=\"pt_BR\" \/>\n<meta property=\"og:type\" content=\"article\" \/>\n<meta property=\"og:title\" content=\"Governo apresenta proposta de acordo para maior participa\u00e7\u00e3o no Conselho da Eletrobras\" \/>\n<meta property=\"og:description\" content=\"Marisa Wanzeller e Geraldo Campos Jr., da Ag\u00eancia iNFRA O governo apresentou para representantes da Eletrobras na noite desta segunda-feira (17) uma proposta de acordo sobre a representatividade da Uni\u00e3o nos conselhos da companhia, que foi costurada durante a tarde de ontem no Pal\u00e1cio do Planalto. A reuni\u00e3o, realizada na sede da AGU (Advocacia-Geral da [&hellip;]\" \/>\n<meta property=\"og:url\" content=\"https:\/\/agenciainfra.com\/blog\/governo-apresenta-proposta-de-acordo-para-maior-participacao-no-conselho-da-eletrobras\/\" \/>\n<meta property=\"og:site_name\" content=\"Ag\u00eancia iNFRA\" \/>\n<meta property=\"article:publisher\" content=\"https:\/\/www.facebook.com\/ageninfra\" \/>\n<meta property=\"article:published_time\" content=\"2025-02-18T11:00:00+00:00\" \/>\n<meta property=\"og:image\" content=\"https:\/\/agenciainfra.com\/blog\/wp-content\/uploads\/2022\/04\/eletrobras-foto-eletrobras.jpg\" \/>\n\t<meta property=\"og:image:width\" content=\"1279\" \/>\n\t<meta property=\"og:image:height\" content=\"848\" \/>\n\t<meta property=\"og:image:type\" content=\"image\/jpeg\" \/>\n<meta name=\"author\" content=\"Ag\u00eancia iNFRA\" \/>\n<meta name=\"twitter:card\" content=\"summary_large_image\" \/>\n<meta name=\"twitter:creator\" content=\"@agencia_infra\" \/>\n<meta name=\"twitter:site\" content=\"@agencia_infra\" \/>\n<meta name=\"twitter:label1\" content=\"Escrito por\" \/>\n\t<meta name=\"twitter:data1\" content=\"Ag\u00eancia iNFRA\" \/>\n\t<meta name=\"twitter:label2\" content=\"Est. tempo de leitura\" \/>\n\t<meta name=\"twitter:data2\" content=\"3 minutos\" \/>\n<script type=\"application\/ld+json\" class=\"yoast-schema-graph\">{\"@context\":\"https:\/\/schema.org\",\"@graph\":[{\"@type\":\"Article\",\"@id\":\"https:\/\/agenciainfra.com\/blog\/governo-apresenta-proposta-de-acordo-para-maior-participacao-no-conselho-da-eletrobras\/#article\",\"isPartOf\":{\"@id\":\"https:\/\/agenciainfra.com\/blog\/governo-apresenta-proposta-de-acordo-para-maior-participacao-no-conselho-da-eletrobras\/\"},\"author\":{\"name\":\"Ag\u00eancia iNFRA\",\"@id\":\"https:\/\/agenciainfra.com\/blog\/#\/schema\/person\/34af08dff6adea4cb22b06612ba7acfa\"},\"headline\":\"Governo apresenta proposta de acordo para maior participa\u00e7\u00e3o no Conselho da Eletrobras\",\"datePublished\":\"2025-02-18T11:00:00+00:00\",\"mainEntityOfPage\":{\"@id\":\"https:\/\/agenciainfra.com\/blog\/governo-apresenta-proposta-de-acordo-para-maior-participacao-no-conselho-da-eletrobras\/\"},\"wordCount\":609,\"publisher\":{\"@id\":\"https:\/\/agenciainfra.com\/blog\/#organization\"},\"image\":{\"@id\":\"https:\/\/agenciainfra.com\/blog\/governo-apresenta-proposta-de-acordo-para-maior-participacao-no-conselho-da-eletrobras\/#primaryimage\"},\"thumbnailUrl\":\"https:\/\/agenciainfra.com\/blog\/wp-content\/uploads\/2022\/04\/eletrobras-foto-eletrobras.jpg\",\"keywords\":[\"AGU\",\"Angra 3\",\"CDE\",\"concilia\u00e7\u00e3o\",\"Eletrobras\",\"Eletronuclear\",\"ENBPar\",\"Geraldo Campos Jr.\",\"Marisa Wanzeller\",\"Minist\u00e9rio de Minas e Energia\",\"MME\",\"Nunes Marques\",\"obras de Angra 3\",\"Participa\u00e7\u00e3o da Uni\u00e3o na Eletrobras\",\"STF\",\"Voto da uni\u00e3o na eletrobras\"],\"articleSection\":[\"Destaque lista\",\"Geral\",\"iNFRAEnergia\"],\"inLanguage\":\"pt-BR\",\"copyrightYear\":\"2025\",\"copyrightHolder\":{\"@id\":\"https:\/\/agenciainfra.com\/blog\/#organization\"}},{\"@type\":\"WebPage\",\"@id\":\"https:\/\/agenciainfra.com\/blog\/governo-apresenta-proposta-de-acordo-para-maior-participacao-no-conselho-da-eletrobras\/\",\"url\":\"https:\/\/agenciainfra.com\/blog\/governo-apresenta-proposta-de-acordo-para-maior-participacao-no-conselho-da-eletrobras\/\",\"name\":\"Governo apresenta proposta de acordo para maior participa\u00e7\u00e3o no Conselho da Eletrobras - Ag\u00eancia iNFRA\",\"isPartOf\":{\"@id\":\"https:\/\/agenciainfra.com\/blog\/#website\"},\"primaryImageOfPage\":{\"@id\":\"https:\/\/agenciainfra.com\/blog\/governo-apresenta-proposta-de-acordo-para-maior-participacao-no-conselho-da-eletrobras\/#primaryimage\"},\"image\":{\"@id\":\"https:\/\/agenciainfra.com\/blog\/governo-apresenta-proposta-de-acordo-para-maior-participacao-no-conselho-da-eletrobras\/#primaryimage\"},\"thumbnailUrl\":\"https:\/\/agenciainfra.com\/blog\/wp-content\/uploads\/2022\/04\/eletrobras-foto-eletrobras.jpg\",\"datePublished\":\"2025-02-18T11:00:00+00:00\",\"breadcrumb\":{\"@id\":\"https:\/\/agenciainfra.com\/blog\/governo-apresenta-proposta-de-acordo-para-maior-participacao-no-conselho-da-eletrobras\/#breadcrumb\"},\"inLanguage\":\"pt-BR\",\"potentialAction\":[{\"@type\":\"ReadAction\",\"target\":[\"https:\/\/agenciainfra.com\/blog\/governo-apresenta-proposta-de-acordo-para-maior-participacao-no-conselho-da-eletrobras\/\"]}]},{\"@type\":\"ImageObject\",\"inLanguage\":\"pt-BR\",\"@id\":\"https:\/\/agenciainfra.com\/blog\/governo-apresenta-proposta-de-acordo-para-maior-participacao-no-conselho-da-eletrobras\/#primaryimage\",\"url\":\"https:\/\/agenciainfra.com\/blog\/wp-content\/uploads\/2022\/04\/eletrobras-foto-eletrobras.jpg\",\"contentUrl\":\"https:\/\/agenciainfra.com\/blog\/wp-content\/uploads\/2022\/04\/eletrobras-foto-eletrobras.jpg\",\"width\":1279,\"height\":848,\"caption\":\"Foto: Divulga\u00e7\u00e3o\/Eletrobras\"},{\"@type\":\"BreadcrumbList\",\"@id\":\"https:\/\/agenciainfra.com\/blog\/governo-apresenta-proposta-de-acordo-para-maior-participacao-no-conselho-da-eletrobras\/#breadcrumb\",\"itemListElement\":[{\"@type\":\"ListItem\",\"position\":1,\"name\":\"In\u00edcio\",\"item\":\"https:\/\/agenciainfra.com\/blog\/\"},{\"@type\":\"ListItem\",\"position\":2,\"name\":\"Governo apresenta proposta de acordo para maior participa\u00e7\u00e3o no Conselho da Eletrobras\"}]},{\"@type\":\"WebSite\",\"@id\":\"https:\/\/agenciainfra.com\/blog\/#website\",\"url\":\"https:\/\/agenciainfra.com\/blog\/\",\"name\":\"Ag\u00eancia iNFRA\",\"description\":\"Multiplataforma de informa\u00e7\u00e3o jornal\u00edstica refer\u00eancia na \u00e1rea de infraestrutura no Brasil!\",\"publisher\":{\"@id\":\"https:\/\/agenciainfra.com\/blog\/#organization\"},\"potentialAction\":[{\"@type\":\"SearchAction\",\"target\":{\"@type\":\"EntryPoint\",\"urlTemplate\":\"https:\/\/agenciainfra.com\/blog\/?s={search_term_string}\"},\"query-input\":{\"@type\":\"PropertyValueSpecification\",\"valueRequired\":true,\"valueName\":\"search_term_string\"}}],\"inLanguage\":\"pt-BR\"},{\"@type\":\"Organization\",\"@id\":\"https:\/\/agenciainfra.com\/blog\/#organization\",\"name\":\"Ag\u00eancia iNFRA\",\"url\":\"https:\/\/agenciainfra.com\/blog\/\",\"logo\":{\"@type\":\"ImageObject\",\"inLanguage\":\"pt-BR\",\"@id\":\"https:\/\/agenciainfra.com\/blog\/#\/schema\/logo\/image\/\",\"url\":\"https:\/\/agenciainfra.com\/blog\/wp-content\/uploads\/2023\/09\/iNFRA_5-e1761735885940.png\",\"contentUrl\":\"https:\/\/agenciainfra.com\/blog\/wp-content\/uploads\/2023\/09\/iNFRA_5-e1761735885940.png\",\"width\":1672,\"height\":454,\"caption\":\"Ag\u00eancia iNFRA\"},\"image\":{\"@id\":\"https:\/\/agenciainfra.com\/blog\/#\/schema\/logo\/image\/\"},\"sameAs\":[\"https:\/\/www.facebook.com\/ageninfra\",\"https:\/\/x.com\/agencia_infra\",\"https:\/\/www.linkedin.com\/company\/ag\u00eanciainfra\/\",\"https:\/\/www.instagram.com\/agenciainfra\/\"]},{\"@type\":\"Person\",\"@id\":\"https:\/\/agenciainfra.com\/blog\/#\/schema\/person\/34af08dff6adea4cb22b06612ba7acfa\",\"name\":\"Ag\u00eancia iNFRA\",\"image\":{\"@type\":\"ImageObject\",\"inLanguage\":\"pt-BR\",\"@id\":\"https:\/\/agenciainfra.com\/blog\/#\/schema\/person\/image\/\",\"url\":\"https:\/\/secure.gravatar.com\/avatar\/d189e01678f06d8eb84d4e01f08eb848b3fffe3f8443818d3c356c66892f5be8?s=96&d=mm&r=g\",\"contentUrl\":\"https:\/\/secure.gravatar.com\/avatar\/d189e01678f06d8eb84d4e01f08eb848b3fffe3f8443818d3c356c66892f5be8?s=96&d=mm&r=g\",\"caption\":\"Ag\u00eancia iNFRA\"},\"url\":\"https:\/\/agenciainfra.com\/blog\/author\/admin\/\"}]}<\/script>\n<!-- \/ Yoast SEO Premium plugin. -->","yoast_head_json":{"title":"Governo apresenta proposta de acordo para maior participa\u00e7\u00e3o no Conselho da Eletrobras - Ag\u00eancia iNFRA","robots":{"index":"index","follow":"follow","max-snippet":"max-snippet:-1","max-image-preview":"max-image-preview:large","max-video-preview":"max-video-preview:-1"},"canonical":"https:\/\/agenciainfra.com\/blog\/governo-apresenta-proposta-de-acordo-para-maior-participacao-no-conselho-da-eletrobras\/","og_locale":"pt_BR","og_type":"article","og_title":"Governo apresenta proposta de acordo para maior participa\u00e7\u00e3o no Conselho da Eletrobras","og_description":"Marisa Wanzeller e Geraldo Campos Jr., da Ag\u00eancia iNFRA O governo apresentou para representantes da Eletrobras na noite desta segunda-feira (17) uma proposta de acordo sobre a representatividade da Uni\u00e3o nos conselhos da companhia, que foi costurada durante a tarde de ontem no Pal\u00e1cio do Planalto. A reuni\u00e3o, realizada na sede da AGU (Advocacia-Geral da [&hellip;]","og_url":"https:\/\/agenciainfra.com\/blog\/governo-apresenta-proposta-de-acordo-para-maior-participacao-no-conselho-da-eletrobras\/","og_site_name":"Ag\u00eancia iNFRA","article_publisher":"https:\/\/www.facebook.com\/ageninfra","article_published_time":"2025-02-18T11:00:00+00:00","og_image":[{"width":1279,"height":848,"url":"https:\/\/agenciainfra.com\/blog\/wp-content\/uploads\/2022\/04\/eletrobras-foto-eletrobras.jpg","type":"image\/jpeg"}],"author":"Ag\u00eancia iNFRA","twitter_card":"summary_large_image","twitter_creator":"@agencia_infra","twitter_site":"@agencia_infra","twitter_misc":{"Escrito por":"Ag\u00eancia iNFRA","Est. tempo de leitura":"3 minutos"},"schema":{"@context":"https:\/\/schema.org","@graph":[{"@type":"Article","@id":"https:\/\/agenciainfra.com\/blog\/governo-apresenta-proposta-de-acordo-para-maior-participacao-no-conselho-da-eletrobras\/#article","isPartOf":{"@id":"https:\/\/agenciainfra.com\/blog\/governo-apresenta-proposta-de-acordo-para-maior-participacao-no-conselho-da-eletrobras\/"},"author":{"name":"Ag\u00eancia iNFRA","@id":"https:\/\/agenciainfra.com\/blog\/#\/schema\/person\/34af08dff6adea4cb22b06612ba7acfa"},"headline":"Governo apresenta proposta de acordo para maior participa\u00e7\u00e3o no Conselho da Eletrobras","datePublished":"2025-02-18T11:00:00+00:00","mainEntityOfPage":{"@id":"https:\/\/agenciainfra.com\/blog\/governo-apresenta-proposta-de-acordo-para-maior-participacao-no-conselho-da-eletrobras\/"},"wordCount":609,"publisher":{"@id":"https:\/\/agenciainfra.com\/blog\/#organization"},"image":{"@id":"https:\/\/agenciainfra.com\/blog\/governo-apresenta-proposta-de-acordo-para-maior-participacao-no-conselho-da-eletrobras\/#primaryimage"},"thumbnailUrl":"https:\/\/agenciainfra.com\/blog\/wp-content\/uploads\/2022\/04\/eletrobras-foto-eletrobras.jpg","keywords":["AGU","Angra 3","CDE","concilia\u00e7\u00e3o","Eletrobras","Eletronuclear","ENBPar","Geraldo Campos Jr.","Marisa Wanzeller","Minist\u00e9rio de Minas e Energia","MME","Nunes Marques","obras de Angra 3","Participa\u00e7\u00e3o da Uni\u00e3o na Eletrobras","STF","Voto da uni\u00e3o na eletrobras"],"articleSection":["Destaque lista","Geral","iNFRAEnergia"],"inLanguage":"pt-BR","copyrightYear":"2025","copyrightHolder":{"@id":"https:\/\/agenciainfra.com\/blog\/#organization"}},{"@type":"WebPage","@id":"https:\/\/agenciainfra.com\/blog\/governo-apresenta-proposta-de-acordo-para-maior-participacao-no-conselho-da-eletrobras\/","url":"https:\/\/agenciainfra.com\/blog\/governo-apresenta-proposta-de-acordo-para-maior-participacao-no-conselho-da-eletrobras\/","name":"Governo apresenta proposta de acordo para maior participa\u00e7\u00e3o no Conselho da Eletrobras - Ag\u00eancia iNFRA","isPartOf":{"@id":"https:\/\/agenciainfra.com\/blog\/#website"},"primaryImageOfPage":{"@id":"https:\/\/agenciainfra.com\/blog\/governo-apresenta-proposta-de-acordo-para-maior-participacao-no-conselho-da-eletrobras\/#primaryimage"},"image":{"@id":"https:\/\/agenciainfra.com\/blog\/governo-apresenta-proposta-de-acordo-para-maior-participacao-no-conselho-da-eletrobras\/#primaryimage"},"thumbnailUrl":"https:\/\/agenciainfra.com\/blog\/wp-content\/uploads\/2022\/04\/eletrobras-foto-eletrobras.jpg","datePublished":"2025-02-18T11:00:00+00:00","breadcrumb":{"@id":"https:\/\/agenciainfra.com\/blog\/governo-apresenta-proposta-de-acordo-para-maior-participacao-no-conselho-da-eletrobras\/#breadcrumb"},"inLanguage":"pt-BR","potentialAction":[{"@type":"ReadAction","target":["https:\/\/agenciainfra.com\/blog\/governo-apresenta-proposta-de-acordo-para-maior-participacao-no-conselho-da-eletrobras\/"]}]},{"@type":"ImageObject","inLanguage":"pt-BR","@id":"https:\/\/agenciainfra.com\/blog\/governo-apresenta-proposta-de-acordo-para-maior-participacao-no-conselho-da-eletrobras\/#primaryimage","url":"https:\/\/agenciainfra.com\/blog\/wp-content\/uploads\/2022\/04\/eletrobras-foto-eletrobras.jpg","contentUrl":"https:\/\/agenciainfra.com\/blog\/wp-content\/uploads\/2022\/04\/eletrobras-foto-eletrobras.jpg","width":1279,"height":848,"caption":"Foto: Divulga\u00e7\u00e3o\/Eletrobras"},{"@type":"BreadcrumbList","@id":"https:\/\/agenciainfra.com\/blog\/governo-apresenta-proposta-de-acordo-para-maior-participacao-no-conselho-da-eletrobras\/#breadcrumb","itemListElement":[{"@type":"ListItem","position":1,"name":"In\u00edcio","item":"https:\/\/agenciainfra.com\/blog\/"},{"@type":"ListItem","position":2,"name":"Governo apresenta proposta de acordo para maior participa\u00e7\u00e3o no Conselho da Eletrobras"}]},{"@type":"WebSite","@id":"https:\/\/agenciainfra.com\/blog\/#website","url":"https:\/\/agenciainfra.com\/blog\/","name":"Ag\u00eancia iNFRA","description":"Multiplataforma de informa\u00e7\u00e3o jornal\u00edstica refer\u00eancia na \u00e1rea de infraestrutura no Brasil!","publisher":{"@id":"https:\/\/agenciainfra.com\/blog\/#organization"},"potentialAction":[{"@type":"SearchAction","target":{"@type":"EntryPoint","urlTemplate":"https:\/\/agenciainfra.com\/blog\/?s={search_term_string}"},"query-input":{"@type":"PropertyValueSpecification","valueRequired":true,"valueName":"search_term_string"}}],"inLanguage":"pt-BR"},{"@type":"Organization","@id":"https:\/\/agenciainfra.com\/blog\/#organization","name":"Ag\u00eancia iNFRA","url":"https:\/\/agenciainfra.com\/blog\/","logo":{"@type":"ImageObject","inLanguage":"pt-BR","@id":"https:\/\/agenciainfra.com\/blog\/#\/schema\/logo\/image\/","url":"https:\/\/agenciainfra.com\/blog\/wp-content\/uploads\/2023\/09\/iNFRA_5-e1761735885940.png","contentUrl":"https:\/\/agenciainfra.com\/blog\/wp-content\/uploads\/2023\/09\/iNFRA_5-e1761735885940.png","width":1672,"height":454,"caption":"Ag\u00eancia iNFRA"},"image":{"@id":"https:\/\/agenciainfra.com\/blog\/#\/schema\/logo\/image\/"},"sameAs":["https:\/\/www.facebook.com\/ageninfra","https:\/\/x.com\/agencia_infra","https:\/\/www.linkedin.com\/company\/ag\u00eanciainfra\/","https:\/\/www.instagram.com\/agenciainfra\/"]},{"@type":"Person","@id":"https:\/\/agenciainfra.com\/blog\/#\/schema\/person\/34af08dff6adea4cb22b06612ba7acfa","name":"Ag\u00eancia iNFRA","image":{"@type":"ImageObject","inLanguage":"pt-BR","@id":"https:\/\/agenciainfra.com\/blog\/#\/schema\/person\/image\/","url":"https:\/\/secure.gravatar.com\/avatar\/d189e01678f06d8eb84d4e01f08eb848b3fffe3f8443818d3c356c66892f5be8?s=96&d=mm&r=g","contentUrl":"https:\/\/secure.gravatar.com\/avatar\/d189e01678f06d8eb84d4e01f08eb848b3fffe3f8443818d3c356c66892f5be8?s=96&d=mm&r=g","caption":"Ag\u00eancia iNFRA"},"url":"https:\/\/agenciainfra.com\/blog\/author\/admin\/"}]}},"_links":{"self":[{"href":"https:\/\/agenciainfra.com\/blog\/wp-json\/wp\/v2\/posts\/20307","targetHints":{"allow":["GET"]}}],"collection":[{"href":"https:\/\/agenciainfra.com\/blog\/wp-json\/wp\/v2\/posts"}],"about":[{"href":"https:\/\/agenciainfra.com\/blog\/wp-json\/wp\/v2\/types\/post"}],"author":[{"embeddable":true,"href":"https:\/\/agenciainfra.com\/blog\/wp-json\/wp\/v2\/users\/1"}],"replies":[{"embeddable":true,"href":"https:\/\/agenciainfra.com\/blog\/wp-json\/wp\/v2\/comments?post=20307"}],"version-history":[{"count":1,"href":"https:\/\/agenciainfra.com\/blog\/wp-json\/wp\/v2\/posts\/20307\/revisions"}],"predecessor-version":[{"id":20308,"href":"https:\/\/agenciainfra.com\/blog\/wp-json\/wp\/v2\/posts\/20307\/revisions\/20308"}],"wp:featuredmedia":[{"embeddable":true,"href":"https:\/\/agenciainfra.com\/blog\/wp-json\/wp\/v2\/media\/10213"}],"wp:attachment":[{"href":"https:\/\/agenciainfra.com\/blog\/wp-json\/wp\/v2\/media?parent=20307"}],"wp:term":[{"taxonomy":"category","embeddable":true,"href":"https:\/\/agenciainfra.com\/blog\/wp-json\/wp\/v2\/categories?post=20307"},{"taxonomy":"post_tag","embeddable":true,"href":"https:\/\/agenciainfra.com\/blog\/wp-json\/wp\/v2\/tags?post=20307"}],"curies":[{"name":"wp","href":"https:\/\/api.w.org\/{rel}","templated":true}]}}