{"id":20315,"date":"2025-02-19T09:00:00","date_gmt":"2025-02-19T12:00:00","guid":{"rendered":"https:\/\/agenciainfra.com\/blog\/?p=20315"},"modified":"2025-02-19T12:38:01","modified_gmt":"2025-02-19T15:38:01","slug":"prazo-para-acordo-entre-governo-e-eletrobras-termina-em-6-de-marco-diz-stf","status":"publish","type":"post","link":"https:\/\/agenciainfra.com\/blog\/prazo-para-acordo-entre-governo-e-eletrobras-termina-em-6-de-marco-diz-stf\/","title":{"rendered":"Prazo para acordo entre governo e Eletrobras termina em 6 de mar\u00e7o, diz STF"},"content":{"rendered":"\n<p class=\"has-text-align-right\"><strong>Geraldo Campos Jr. e Marisa Wanzeller, da Ag\u00eancia iNFRA<\/strong><\/p>\n\n\n\n<p>O prazo para conclus\u00e3o do acordo entre a Eletrobras e o governo federal no \u00e2mbito da ADI (A\u00e7\u00e3o Direta de Inconstitucionalidade) 7.385, conforme a \u00faltima decis\u00e3o do ministro Nunes Marques, ser\u00e1 encerrado somente em 6 de mar\u00e7o, informou o STF (Supremo Tribunal Federal) nesta ter\u00e7a-feira (18).<\/p>\n\n\n\n<p>Inicialmente, a interpreta\u00e7\u00e3o de integrantes do governo e da companhia era de que o prazo terminaria no dia 18 de fevereiro. No entanto, n\u00e3o havia um consenso e a AGU (Advocacia-Geral da Uni\u00e3o) consultou o gabinete do ministro Nunes Marques para verificar se o recesso do Judici\u00e1rio seria descontado.<\/p>\n\n\n\n<p>Segundo o STF,&nbsp;o prazo de 60 dias de prorroga\u00e7\u00e3o dado em 18 de dezembro ficou suspenso ao longo do recesso do Judici\u00e1rio, ou seja, entre 20 de dezembro e 6 de janeiro. Portanto, valeria at\u00e9 o dia 6 de mar\u00e7o, segundo o tribunal.<\/p>\n\n\n\n<p>Na ter\u00e7a-feira pela manh\u00e3, o ministro de Minas e Energia, Alexandre Silveira, chegou a dizer que acreditava que o prazo iria at\u00e9 26 de fevereiro.<\/p>\n\n\n\n<p><strong>Avan\u00e7os<\/strong><br>Silveira afirmou que foram feitos&nbsp;avan\u00e7os nas tratativas entre governo e Eletrobras e que agora s\u00f3 est\u00e3o &#8220;sendo discutidos detalhes&#8221;. Ele disse ainda que a sa\u00edda da companhia da Eletronuclear n\u00e3o est\u00e1 mais na mesa de negocia\u00e7\u00e3o.<\/p>\n\n\n\n<p>&#8220;N\u00e3o tem possibilidade de a Eletrobras sair da Eletronuclear porque n\u00e3o h\u00e1 mecanismos pra isso. O que est\u00e1 sendo discutido s\u00e3o outras possibilidades&#8221;, disse em entrevista ap\u00f3s a reuni\u00e3o do CNPE (Conselho Nacional de Pol\u00edtica Energ\u00e9tica).<\/p>\n\n\n\n<p>A fala endossa o <a href=\"https:\/\/www.rad.cvm.gov.br\/ENET\/frmExibirArquivoIPEExterno.aspx?NumeroProtocoloEntrega=1335975\" target=\"_blank\" rel=\"noreferrer noopener\">comunicado<\/a> ao mercado divulgado pela Eletrobras na manh\u00e3 desta ter\u00e7a, no qual diz que ocorreram avan\u00e7os nas negocia\u00e7\u00f5es com a Uni\u00e3o sobre maior participa\u00e7\u00e3o do governo no conselho da companhia ap\u00f3s reuni\u00f5es realizadas na segunda-feira (17) e na \u00faltima sexta-feira (14).<\/p>\n\n\n\n<p>Por\u00e9m, segundo a empresa, &#8220;as partes ainda n\u00e3o alcan\u00e7aram um acordo sobre todos os itens tratados e seguem em negocia\u00e7\u00e3o&#8221;.<\/p>\n\n\n\n<p>As tratativas ocorrem no \u00e2mbito da CCAF (C\u00e2mara de Media\u00e7\u00e3o e de Concilia\u00e7\u00e3o da Administra\u00e7\u00e3o Federal), do STF, sobre a a\u00e7\u00e3o ajuizada pela Uni\u00e3o na qual pede maior participa\u00e7\u00e3o nos conselhos de Administra\u00e7\u00e3o e Fiscal da companhia.<\/p>\n","protected":false},"excerpt":{"rendered":"<p>Geraldo Campos Jr. e Marisa Wanzeller, da Ag\u00eancia iNFRA O prazo para conclus\u00e3o do acordo entre a Eletrobras e o governo federal no \u00e2mbito da ADI (A\u00e7\u00e3o Direta de Inconstitucionalidade) 7.385, conforme a \u00faltima decis\u00e3o do ministro Nunes Marques, ser\u00e1 encerrado somente em 6 de mar\u00e7o, informou o STF (Supremo Tribunal Federal) nesta ter\u00e7a-feira (18). [&hellip;]<\/p>\n","protected":false},"author":1,"featured_media":11428,"comment_status":"closed","ping_status":"closed","sticky":false,"template":"","format":"standard","meta":{"_monsterinsights_skip_tracking":false,"_monsterinsights_sitenote_active":false,"_monsterinsights_sitenote_note":"","_monsterinsights_sitenote_category":0,"footnotes":""},"categories":[7250,1,10],"tags":[353,326,56,4323,50,327,5453,11594,7366,96,71,5844,11957,11910,372,12033],"class_list":["post-20315","post","type-post","status-publish","format-standard","has-post-thumbnail","hentry","category-destaque-lista","category-geral","category-infraenergia","tag-agu","tag-angra-3","tag-cde","tag-conciliacao","tag-eletrobras","tag-eletronuclear","tag-enbpar","tag-geraldo-campos-jr","tag-marisa-wanzeller","tag-ministerio-de-minas-e-energia","tag-mme","tag-nunes-marques","tag-obras-de-angra-3","tag-participacao-da-uniao-na-eletrobras","tag-stf","tag-voto-da-uniao-na-eletrobras"],"yoast_head":"<!-- This site is optimized with the Yoast SEO Premium plugin v25.4 (Yoast SEO v26.0) - https:\/\/yoast.com\/wordpress\/plugins\/seo\/ -->\n<title>Prazo para acordo entre governo e Eletrobras termina em 6 de mar\u00e7o, diz STF - Ag\u00eancia iNFRA<\/title>\n<meta name=\"robots\" content=\"index, follow, max-snippet:-1, max-image-preview:large, max-video-preview:-1\" \/>\n<link rel=\"canonical\" href=\"https:\/\/agenciainfra.com\/blog\/prazo-para-acordo-entre-governo-e-eletrobras-termina-em-6-de-marco-diz-stf\/\" \/>\n<meta property=\"og:locale\" content=\"pt_BR\" \/>\n<meta property=\"og:type\" content=\"article\" \/>\n<meta property=\"og:title\" content=\"Prazo para acordo entre governo e Eletrobras termina em 6 de mar\u00e7o, diz STF\" \/>\n<meta property=\"og:description\" content=\"Geraldo Campos Jr. e Marisa Wanzeller, da Ag\u00eancia iNFRA O prazo para conclus\u00e3o do acordo entre a Eletrobras e o governo federal no \u00e2mbito da ADI (A\u00e7\u00e3o Direta de Inconstitucionalidade) 7.385, conforme a \u00faltima decis\u00e3o do ministro Nunes Marques, ser\u00e1 encerrado somente em 6 de mar\u00e7o, informou o STF (Supremo Tribunal Federal) nesta ter\u00e7a-feira (18). [&hellip;]\" \/>\n<meta property=\"og:url\" content=\"https:\/\/agenciainfra.com\/blog\/prazo-para-acordo-entre-governo-e-eletrobras-termina-em-6-de-marco-diz-stf\/\" \/>\n<meta property=\"og:site_name\" content=\"Ag\u00eancia iNFRA\" \/>\n<meta property=\"article:publisher\" content=\"https:\/\/www.facebook.com\/ageninfra\" \/>\n<meta property=\"article:published_time\" content=\"2025-02-19T12:00:00+00:00\" \/>\n<meta property=\"article:modified_time\" content=\"2025-02-19T15:38:01+00:00\" \/>\n<meta property=\"og:image\" content=\"https:\/\/agenciainfra.com\/blog\/wp-content\/uploads\/2022\/09\/eletrobras-foto-fernando-frazao-agencia-brasil.jpeg\" \/>\n\t<meta property=\"og:image:width\" content=\"1280\" \/>\n\t<meta property=\"og:image:height\" content=\"766\" \/>\n\t<meta property=\"og:image:type\" content=\"image\/jpeg\" \/>\n<meta name=\"author\" content=\"Ag\u00eancia iNFRA\" \/>\n<meta name=\"twitter:card\" content=\"summary_large_image\" \/>\n<meta name=\"twitter:creator\" content=\"@agencia_infra\" \/>\n<meta name=\"twitter:site\" content=\"@agencia_infra\" \/>\n<meta name=\"twitter:label1\" content=\"Escrito por\" \/>\n\t<meta name=\"twitter:data1\" content=\"Ag\u00eancia iNFRA\" \/>\n\t<meta name=\"twitter:label2\" content=\"Est. tempo de leitura\" \/>\n\t<meta name=\"twitter:data2\" content=\"2 minutos\" \/>\n<script type=\"application\/ld+json\" class=\"yoast-schema-graph\">{\"@context\":\"https:\/\/schema.org\",\"@graph\":[{\"@type\":\"Article\",\"@id\":\"https:\/\/agenciainfra.com\/blog\/prazo-para-acordo-entre-governo-e-eletrobras-termina-em-6-de-marco-diz-stf\/#article\",\"isPartOf\":{\"@id\":\"https:\/\/agenciainfra.com\/blog\/prazo-para-acordo-entre-governo-e-eletrobras-termina-em-6-de-marco-diz-stf\/\"},\"author\":{\"name\":\"Ag\u00eancia iNFRA\",\"@id\":\"https:\/\/agenciainfra.com\/blog\/#\/schema\/person\/34af08dff6adea4cb22b06612ba7acfa\"},\"headline\":\"Prazo para acordo entre governo e Eletrobras termina em 6 de mar\u00e7o, diz STF\",\"datePublished\":\"2025-02-19T12:00:00+00:00\",\"dateModified\":\"2025-02-19T15:38:01+00:00\",\"mainEntityOfPage\":{\"@id\":\"https:\/\/agenciainfra.com\/blog\/prazo-para-acordo-entre-governo-e-eletrobras-termina-em-6-de-marco-diz-stf\/\"},\"wordCount\":399,\"publisher\":{\"@id\":\"https:\/\/agenciainfra.com\/blog\/#organization\"},\"image\":{\"@id\":\"https:\/\/agenciainfra.com\/blog\/prazo-para-acordo-entre-governo-e-eletrobras-termina-em-6-de-marco-diz-stf\/#primaryimage\"},\"thumbnailUrl\":\"https:\/\/agenciainfra.com\/blog\/wp-content\/uploads\/2022\/09\/eletrobras-foto-fernando-frazao-agencia-brasil.jpeg\",\"keywords\":[\"AGU\",\"Angra 3\",\"CDE\",\"concilia\u00e7\u00e3o\",\"Eletrobras\",\"Eletronuclear\",\"ENBPar\",\"Geraldo Campos Jr.\",\"Marisa Wanzeller\",\"Minist\u00e9rio de Minas e Energia\",\"MME\",\"Nunes Marques\",\"obras de Angra 3\",\"Participa\u00e7\u00e3o da Uni\u00e3o na Eletrobras\",\"STF\",\"Voto da uni\u00e3o na eletrobras\"],\"articleSection\":[\"Destaque lista\",\"Geral\",\"iNFRAEnergia\"],\"inLanguage\":\"pt-BR\",\"copyrightYear\":\"2025\",\"copyrightHolder\":{\"@id\":\"https:\/\/agenciainfra.com\/blog\/#organization\"}},{\"@type\":\"WebPage\",\"@id\":\"https:\/\/agenciainfra.com\/blog\/prazo-para-acordo-entre-governo-e-eletrobras-termina-em-6-de-marco-diz-stf\/\",\"url\":\"https:\/\/agenciainfra.com\/blog\/prazo-para-acordo-entre-governo-e-eletrobras-termina-em-6-de-marco-diz-stf\/\",\"name\":\"Prazo para acordo entre governo e Eletrobras termina em 6 de mar\u00e7o, diz STF - Ag\u00eancia iNFRA\",\"isPartOf\":{\"@id\":\"https:\/\/agenciainfra.com\/blog\/#website\"},\"primaryImageOfPage\":{\"@id\":\"https:\/\/agenciainfra.com\/blog\/prazo-para-acordo-entre-governo-e-eletrobras-termina-em-6-de-marco-diz-stf\/#primaryimage\"},\"image\":{\"@id\":\"https:\/\/agenciainfra.com\/blog\/prazo-para-acordo-entre-governo-e-eletrobras-termina-em-6-de-marco-diz-stf\/#primaryimage\"},\"thumbnailUrl\":\"https:\/\/agenciainfra.com\/blog\/wp-content\/uploads\/2022\/09\/eletrobras-foto-fernando-frazao-agencia-brasil.jpeg\",\"datePublished\":\"2025-02-19T12:00:00+00:00\",\"dateModified\":\"2025-02-19T15:38:01+00:00\",\"breadcrumb\":{\"@id\":\"https:\/\/agenciainfra.com\/blog\/prazo-para-acordo-entre-governo-e-eletrobras-termina-em-6-de-marco-diz-stf\/#breadcrumb\"},\"inLanguage\":\"pt-BR\",\"potentialAction\":[{\"@type\":\"ReadAction\",\"target\":[\"https:\/\/agenciainfra.com\/blog\/prazo-para-acordo-entre-governo-e-eletrobras-termina-em-6-de-marco-diz-stf\/\"]}]},{\"@type\":\"ImageObject\",\"inLanguage\":\"pt-BR\",\"@id\":\"https:\/\/agenciainfra.com\/blog\/prazo-para-acordo-entre-governo-e-eletrobras-termina-em-6-de-marco-diz-stf\/#primaryimage\",\"url\":\"https:\/\/agenciainfra.com\/blog\/wp-content\/uploads\/2022\/09\/eletrobras-foto-fernando-frazao-agencia-brasil.jpeg\",\"contentUrl\":\"https:\/\/agenciainfra.com\/blog\/wp-content\/uploads\/2022\/09\/eletrobras-foto-fernando-frazao-agencia-brasil.jpeg\",\"width\":1280,\"height\":766,\"caption\":\"Foto: Fernando Fraz\u00e3o\/Ag\u00eancia Brasil\"},{\"@type\":\"BreadcrumbList\",\"@id\":\"https:\/\/agenciainfra.com\/blog\/prazo-para-acordo-entre-governo-e-eletrobras-termina-em-6-de-marco-diz-stf\/#breadcrumb\",\"itemListElement\":[{\"@type\":\"ListItem\",\"position\":1,\"name\":\"In\u00edcio\",\"item\":\"https:\/\/agenciainfra.com\/blog\/\"},{\"@type\":\"ListItem\",\"position\":2,\"name\":\"Prazo para acordo entre governo e Eletrobras termina em 6 de mar\u00e7o, diz STF\"}]},{\"@type\":\"WebSite\",\"@id\":\"https:\/\/agenciainfra.com\/blog\/#website\",\"url\":\"https:\/\/agenciainfra.com\/blog\/\",\"name\":\"Ag\u00eancia iNFRA\",\"description\":\"Multiplataforma de informa\u00e7\u00e3o jornal\u00edstica refer\u00eancia na \u00e1rea de infraestrutura no Brasil!\",\"publisher\":{\"@id\":\"https:\/\/agenciainfra.com\/blog\/#organization\"},\"potentialAction\":[{\"@type\":\"SearchAction\",\"target\":{\"@type\":\"EntryPoint\",\"urlTemplate\":\"https:\/\/agenciainfra.com\/blog\/?s={search_term_string}\"},\"query-input\":{\"@type\":\"PropertyValueSpecification\",\"valueRequired\":true,\"valueName\":\"search_term_string\"}}],\"inLanguage\":\"pt-BR\"},{\"@type\":\"Organization\",\"@id\":\"https:\/\/agenciainfra.com\/blog\/#organization\",\"name\":\"Ag\u00eancia iNFRA\",\"url\":\"https:\/\/agenciainfra.com\/blog\/\",\"logo\":{\"@type\":\"ImageObject\",\"inLanguage\":\"pt-BR\",\"@id\":\"https:\/\/agenciainfra.com\/blog\/#\/schema\/logo\/image\/\",\"url\":\"https:\/\/agenciainfra.com\/blog\/wp-content\/uploads\/2023\/09\/iNFRA_5-e1761735885940.png\",\"contentUrl\":\"https:\/\/agenciainfra.com\/blog\/wp-content\/uploads\/2023\/09\/iNFRA_5-e1761735885940.png\",\"width\":1672,\"height\":454,\"caption\":\"Ag\u00eancia iNFRA\"},\"image\":{\"@id\":\"https:\/\/agenciainfra.com\/blog\/#\/schema\/logo\/image\/\"},\"sameAs\":[\"https:\/\/www.facebook.com\/ageninfra\",\"https:\/\/x.com\/agencia_infra\",\"https:\/\/www.linkedin.com\/company\/ag\u00eanciainfra\/\",\"https:\/\/www.instagram.com\/agenciainfra\/\"]},{\"@type\":\"Person\",\"@id\":\"https:\/\/agenciainfra.com\/blog\/#\/schema\/person\/34af08dff6adea4cb22b06612ba7acfa\",\"name\":\"Ag\u00eancia iNFRA\",\"image\":{\"@type\":\"ImageObject\",\"inLanguage\":\"pt-BR\",\"@id\":\"https:\/\/agenciainfra.com\/blog\/#\/schema\/person\/image\/\",\"url\":\"https:\/\/secure.gravatar.com\/avatar\/d189e01678f06d8eb84d4e01f08eb848b3fffe3f8443818d3c356c66892f5be8?s=96&d=mm&r=g\",\"contentUrl\":\"https:\/\/secure.gravatar.com\/avatar\/d189e01678f06d8eb84d4e01f08eb848b3fffe3f8443818d3c356c66892f5be8?s=96&d=mm&r=g\",\"caption\":\"Ag\u00eancia iNFRA\"},\"url\":\"https:\/\/agenciainfra.com\/blog\/author\/admin\/\"}]}<\/script>\n<!-- \/ Yoast SEO Premium plugin. -->","yoast_head_json":{"title":"Prazo para acordo entre governo e Eletrobras termina em 6 de mar\u00e7o, diz STF - Ag\u00eancia iNFRA","robots":{"index":"index","follow":"follow","max-snippet":"max-snippet:-1","max-image-preview":"max-image-preview:large","max-video-preview":"max-video-preview:-1"},"canonical":"https:\/\/agenciainfra.com\/blog\/prazo-para-acordo-entre-governo-e-eletrobras-termina-em-6-de-marco-diz-stf\/","og_locale":"pt_BR","og_type":"article","og_title":"Prazo para acordo entre governo e Eletrobras termina em 6 de mar\u00e7o, diz STF","og_description":"Geraldo Campos Jr. e Marisa Wanzeller, da Ag\u00eancia iNFRA O prazo para conclus\u00e3o do acordo entre a Eletrobras e o governo federal no \u00e2mbito da ADI (A\u00e7\u00e3o Direta de Inconstitucionalidade) 7.385, conforme a \u00faltima decis\u00e3o do ministro Nunes Marques, ser\u00e1 encerrado somente em 6 de mar\u00e7o, informou o STF (Supremo Tribunal Federal) nesta ter\u00e7a-feira (18). [&hellip;]","og_url":"https:\/\/agenciainfra.com\/blog\/prazo-para-acordo-entre-governo-e-eletrobras-termina-em-6-de-marco-diz-stf\/","og_site_name":"Ag\u00eancia iNFRA","article_publisher":"https:\/\/www.facebook.com\/ageninfra","article_published_time":"2025-02-19T12:00:00+00:00","article_modified_time":"2025-02-19T15:38:01+00:00","og_image":[{"width":1280,"height":766,"url":"https:\/\/agenciainfra.com\/blog\/wp-content\/uploads\/2022\/09\/eletrobras-foto-fernando-frazao-agencia-brasil.jpeg","type":"image\/jpeg"}],"author":"Ag\u00eancia iNFRA","twitter_card":"summary_large_image","twitter_creator":"@agencia_infra","twitter_site":"@agencia_infra","twitter_misc":{"Escrito por":"Ag\u00eancia iNFRA","Est. tempo de leitura":"2 minutos"},"schema":{"@context":"https:\/\/schema.org","@graph":[{"@type":"Article","@id":"https:\/\/agenciainfra.com\/blog\/prazo-para-acordo-entre-governo-e-eletrobras-termina-em-6-de-marco-diz-stf\/#article","isPartOf":{"@id":"https:\/\/agenciainfra.com\/blog\/prazo-para-acordo-entre-governo-e-eletrobras-termina-em-6-de-marco-diz-stf\/"},"author":{"name":"Ag\u00eancia iNFRA","@id":"https:\/\/agenciainfra.com\/blog\/#\/schema\/person\/34af08dff6adea4cb22b06612ba7acfa"},"headline":"Prazo para acordo entre governo e Eletrobras termina em 6 de mar\u00e7o, diz STF","datePublished":"2025-02-19T12:00:00+00:00","dateModified":"2025-02-19T15:38:01+00:00","mainEntityOfPage":{"@id":"https:\/\/agenciainfra.com\/blog\/prazo-para-acordo-entre-governo-e-eletrobras-termina-em-6-de-marco-diz-stf\/"},"wordCount":399,"publisher":{"@id":"https:\/\/agenciainfra.com\/blog\/#organization"},"image":{"@id":"https:\/\/agenciainfra.com\/blog\/prazo-para-acordo-entre-governo-e-eletrobras-termina-em-6-de-marco-diz-stf\/#primaryimage"},"thumbnailUrl":"https:\/\/agenciainfra.com\/blog\/wp-content\/uploads\/2022\/09\/eletrobras-foto-fernando-frazao-agencia-brasil.jpeg","keywords":["AGU","Angra 3","CDE","concilia\u00e7\u00e3o","Eletrobras","Eletronuclear","ENBPar","Geraldo Campos Jr.","Marisa Wanzeller","Minist\u00e9rio de Minas e Energia","MME","Nunes Marques","obras de Angra 3","Participa\u00e7\u00e3o da Uni\u00e3o na Eletrobras","STF","Voto da uni\u00e3o na eletrobras"],"articleSection":["Destaque lista","Geral","iNFRAEnergia"],"inLanguage":"pt-BR","copyrightYear":"2025","copyrightHolder":{"@id":"https:\/\/agenciainfra.com\/blog\/#organization"}},{"@type":"WebPage","@id":"https:\/\/agenciainfra.com\/blog\/prazo-para-acordo-entre-governo-e-eletrobras-termina-em-6-de-marco-diz-stf\/","url":"https:\/\/agenciainfra.com\/blog\/prazo-para-acordo-entre-governo-e-eletrobras-termina-em-6-de-marco-diz-stf\/","name":"Prazo para acordo entre governo e Eletrobras termina em 6 de mar\u00e7o, diz STF - Ag\u00eancia iNFRA","isPartOf":{"@id":"https:\/\/agenciainfra.com\/blog\/#website"},"primaryImageOfPage":{"@id":"https:\/\/agenciainfra.com\/blog\/prazo-para-acordo-entre-governo-e-eletrobras-termina-em-6-de-marco-diz-stf\/#primaryimage"},"image":{"@id":"https:\/\/agenciainfra.com\/blog\/prazo-para-acordo-entre-governo-e-eletrobras-termina-em-6-de-marco-diz-stf\/#primaryimage"},"thumbnailUrl":"https:\/\/agenciainfra.com\/blog\/wp-content\/uploads\/2022\/09\/eletrobras-foto-fernando-frazao-agencia-brasil.jpeg","datePublished":"2025-02-19T12:00:00+00:00","dateModified":"2025-02-19T15:38:01+00:00","breadcrumb":{"@id":"https:\/\/agenciainfra.com\/blog\/prazo-para-acordo-entre-governo-e-eletrobras-termina-em-6-de-marco-diz-stf\/#breadcrumb"},"inLanguage":"pt-BR","potentialAction":[{"@type":"ReadAction","target":["https:\/\/agenciainfra.com\/blog\/prazo-para-acordo-entre-governo-e-eletrobras-termina-em-6-de-marco-diz-stf\/"]}]},{"@type":"ImageObject","inLanguage":"pt-BR","@id":"https:\/\/agenciainfra.com\/blog\/prazo-para-acordo-entre-governo-e-eletrobras-termina-em-6-de-marco-diz-stf\/#primaryimage","url":"https:\/\/agenciainfra.com\/blog\/wp-content\/uploads\/2022\/09\/eletrobras-foto-fernando-frazao-agencia-brasil.jpeg","contentUrl":"https:\/\/agenciainfra.com\/blog\/wp-content\/uploads\/2022\/09\/eletrobras-foto-fernando-frazao-agencia-brasil.jpeg","width":1280,"height":766,"caption":"Foto: Fernando Fraz\u00e3o\/Ag\u00eancia Brasil"},{"@type":"BreadcrumbList","@id":"https:\/\/agenciainfra.com\/blog\/prazo-para-acordo-entre-governo-e-eletrobras-termina-em-6-de-marco-diz-stf\/#breadcrumb","itemListElement":[{"@type":"ListItem","position":1,"name":"In\u00edcio","item":"https:\/\/agenciainfra.com\/blog\/"},{"@type":"ListItem","position":2,"name":"Prazo para acordo entre governo e Eletrobras termina em 6 de mar\u00e7o, diz STF"}]},{"@type":"WebSite","@id":"https:\/\/agenciainfra.com\/blog\/#website","url":"https:\/\/agenciainfra.com\/blog\/","name":"Ag\u00eancia iNFRA","description":"Multiplataforma de informa\u00e7\u00e3o jornal\u00edstica refer\u00eancia na \u00e1rea de infraestrutura no Brasil!","publisher":{"@id":"https:\/\/agenciainfra.com\/blog\/#organization"},"potentialAction":[{"@type":"SearchAction","target":{"@type":"EntryPoint","urlTemplate":"https:\/\/agenciainfra.com\/blog\/?s={search_term_string}"},"query-input":{"@type":"PropertyValueSpecification","valueRequired":true,"valueName":"search_term_string"}}],"inLanguage":"pt-BR"},{"@type":"Organization","@id":"https:\/\/agenciainfra.com\/blog\/#organization","name":"Ag\u00eancia iNFRA","url":"https:\/\/agenciainfra.com\/blog\/","logo":{"@type":"ImageObject","inLanguage":"pt-BR","@id":"https:\/\/agenciainfra.com\/blog\/#\/schema\/logo\/image\/","url":"https:\/\/agenciainfra.com\/blog\/wp-content\/uploads\/2023\/09\/iNFRA_5-e1761735885940.png","contentUrl":"https:\/\/agenciainfra.com\/blog\/wp-content\/uploads\/2023\/09\/iNFRA_5-e1761735885940.png","width":1672,"height":454,"caption":"Ag\u00eancia iNFRA"},"image":{"@id":"https:\/\/agenciainfra.com\/blog\/#\/schema\/logo\/image\/"},"sameAs":["https:\/\/www.facebook.com\/ageninfra","https:\/\/x.com\/agencia_infra","https:\/\/www.linkedin.com\/company\/ag\u00eanciainfra\/","https:\/\/www.instagram.com\/agenciainfra\/"]},{"@type":"Person","@id":"https:\/\/agenciainfra.com\/blog\/#\/schema\/person\/34af08dff6adea4cb22b06612ba7acfa","name":"Ag\u00eancia iNFRA","image":{"@type":"ImageObject","inLanguage":"pt-BR","@id":"https:\/\/agenciainfra.com\/blog\/#\/schema\/person\/image\/","url":"https:\/\/secure.gravatar.com\/avatar\/d189e01678f06d8eb84d4e01f08eb848b3fffe3f8443818d3c356c66892f5be8?s=96&d=mm&r=g","contentUrl":"https:\/\/secure.gravatar.com\/avatar\/d189e01678f06d8eb84d4e01f08eb848b3fffe3f8443818d3c356c66892f5be8?s=96&d=mm&r=g","caption":"Ag\u00eancia iNFRA"},"url":"https:\/\/agenciainfra.com\/blog\/author\/admin\/"}]}},"_links":{"self":[{"href":"https:\/\/agenciainfra.com\/blog\/wp-json\/wp\/v2\/posts\/20315","targetHints":{"allow":["GET"]}}],"collection":[{"href":"https:\/\/agenciainfra.com\/blog\/wp-json\/wp\/v2\/posts"}],"about":[{"href":"https:\/\/agenciainfra.com\/blog\/wp-json\/wp\/v2\/types\/post"}],"author":[{"embeddable":true,"href":"https:\/\/agenciainfra.com\/blog\/wp-json\/wp\/v2\/users\/1"}],"replies":[{"embeddable":true,"href":"https:\/\/agenciainfra.com\/blog\/wp-json\/wp\/v2\/comments?post=20315"}],"version-history":[{"count":1,"href":"https:\/\/agenciainfra.com\/blog\/wp-json\/wp\/v2\/posts\/20315\/revisions"}],"predecessor-version":[{"id":20316,"href":"https:\/\/agenciainfra.com\/blog\/wp-json\/wp\/v2\/posts\/20315\/revisions\/20316"}],"wp:featuredmedia":[{"embeddable":true,"href":"https:\/\/agenciainfra.com\/blog\/wp-json\/wp\/v2\/media\/11428"}],"wp:attachment":[{"href":"https:\/\/agenciainfra.com\/blog\/wp-json\/wp\/v2\/media?parent=20315"}],"wp:term":[{"taxonomy":"category","embeddable":true,"href":"https:\/\/agenciainfra.com\/blog\/wp-json\/wp\/v2\/categories?post=20315"},{"taxonomy":"post_tag","embeddable":true,"href":"https:\/\/agenciainfra.com\/blog\/wp-json\/wp\/v2\/tags?post=20315"}],"curies":[{"name":"wp","href":"https:\/\/api.w.org\/{rel}","templated":true}]}}