{"id":20319,"date":"2025-02-19T10:00:00","date_gmt":"2025-02-19T13:00:00","guid":{"rendered":"https:\/\/agenciainfra.com\/blog\/?p=20319"},"modified":"2025-02-21T12:20:53","modified_gmt":"2025-02-21T15:20:53","slug":"belo-monte-determinacao-do-ibama-pode-reduzir-geracao-em-24-mil-mw-medios-diz-aneel","status":"publish","type":"post","link":"https:\/\/agenciainfra.com\/blog\/belo-monte-determinacao-do-ibama-pode-reduzir-geracao-em-24-mil-mw-medios-diz-aneel\/","title":{"rendered":"Belo Monte: Determina\u00e7\u00e3o do Ibama pode reduzir gera\u00e7\u00e3o em 2,4 mil MW m\u00e9dios, diz ANEEL"},"content":{"rendered":"\n<p class=\"has-text-align-right\"><strong>Marisa Wanzeller e Geraldo Campos Jr., da Ag\u00eancia iNFRA<\/strong><\/p>\n\n\n\n<p>O diretor-geral da ANEEL (Ag\u00eancia Nacional de Energia El\u00e9trica), Sandoval Feitosa, disse nesta ter\u00e7a-feira (18) que a determina\u00e7\u00e3o do Ibama (Instituto Brasileiro do Meio Ambiente e dos Recursos Naturais Renov\u00e1veis) encaminhada por of\u00edcio \u00e0 Norte Energia no \u00faltimo fim de semana reduzir\u00e1 a gera\u00e7\u00e3o da usina em aproximadamente 2,4 mil MWmed (megawatts m\u00e9dios) no atendimento \u00e0 ponta do sistema.<\/p>\n\n\n\n<p>O Ibama determinou que se mantenha reduzido o n\u00edvel no trecho de vaz\u00e3o de Belo Monte at\u00e9 o fim do per\u00edodo de defeso, em 15 de mar\u00e7o de 2025. Segundo Sandoval, levando-se em conta o custo de uma t\u00e9rmica marginal entre R$ 500 e R$ 1.000 para substituir a hidrel\u00e9trica, o custo ao consumidor pode variar de R$ 1,2 bilh\u00e3o a R$ 2,4 bilh\u00f5es.&nbsp;<\/p>\n\n\n\n<p>\u201cConsiderando que hoje haver\u00e1 reuni\u00e3o do CNPE [Conselho Nacional de Pol\u00edtica Energ\u00e9tica], espero que esse tema seja objeto de discuss\u00e3o entre os ministros de estado para que n\u00f3s possamos mitigar no que for poss\u00edvel os impactos ao consumidor final de energia el\u00e9trica\u201d, disse na manh\u00e3 desta ter\u00e7a-feira durante a abertura da reuni\u00e3o de diretoria da ag\u00eancia.&nbsp;<\/p>\n\n\n\n<p><strong>\u201cCusto que vale pagar\u201d<\/strong><br>O tema n\u00e3o esteve na pauta da reuni\u00e3o do conselho, segundo fontes. No entanto, o ministro de Minas e Energia, Alexandre Silveira, disse \u00e0 imprensa ap\u00f3s o encontro que a restri\u00e7\u00e3o da vaz\u00e3o da usina de Belo Monte, determinada pelo Ibama, talvez seja um custo que valha a pena pagar uma vez que ser\u00e1 apenas no per\u00edodo de defeso dos peixes (piracema), por menos de um m\u00eas.<\/p>\n\n\n\n<p>\u201cSe for para justificar a piracema, por um per\u00edodo curto, talvez seja um custo que vale a pena pagar. Temos que pensar: Qual o impacto social disso? O que isso representa para a vida das pessoas que vivem l\u00e1? Temos que avaliar porque, sendo somente neste per\u00edodo, se n\u00e3o \u00e9 uma medida que se justifica para ajudar a alimentar o povo da regi\u00e3o. Ent\u00e3o \u00e9 uma decis\u00e3o que precisa ser madura, uma decis\u00e3o de governo\u201d, disse.<\/p>\n\n\n\n<p><strong>Hidrograma<\/strong><br>O ministro ressaltou, por\u00e9m, que \u201cse for pra mudar definitivamente o hidrograma\u201d, ele ser\u00e1 totalmente contra, \u201cporque isso quebra a empresa [Norte Energia] e joga energia fora\u201d. \u201cQual energia substituiria a restri\u00e7\u00e3o que o Ibama quer impor? T\u00e9rmica. E quanto custa a t\u00e9rmica ambiental e economicamente? Vou restringir Belo Monte por causa do rio Xingu e ligar uma t\u00e9rmica a \u00f3leo? Isso vai ajudar o meio ambiente?&#8221;, questionou.<\/p>\n\n\n\n<p>No ano passado, o Ibama retomou o antigo debate sobre uma mudan\u00e7a definitiva no hidrograma, o que poderia limitar a capacidade de gera\u00e7\u00e3o de energia da hidrel\u00e9trica. O \u00f3rg\u00e3o defende a altera\u00e7\u00e3o para aumentar a oferta de \u00e1gua para as comunidades ribeirinhas abaixo da usina.<\/p>\n\n\n\n<p><strong>Ibama x Petrobras<\/strong><br>O ministro tamb\u00e9m fez cr\u00edticas ao \u00f3rg\u00e3o ambiental pela demora na aprova\u00e7\u00e3o da explora\u00e7\u00e3o pela Petrobras dos blocos na Foz do Amazonas, na Margem Equatorial. \u201c\u00c9 um absurdo sentar na mesa com o Ibama e eles n\u00e3o falarem o que falta, porque a Petrobras j\u00e1 entregou tudo o que foi pedido (&#8230;). Quem est\u00e1 sentado naquela cadeira [de presidente do Ibama] tem que ter consci\u00eancia que aquele \u00e9 um cargo do presidente da Rep\u00fablica\u201d, disse.<\/p>\n\n\n\n<p>Na semana passada, o presidente Lula tamb\u00e9m criticou o posicionamento do \u00f3rg\u00e3o em entrevista \u00e0 R\u00e1dio Di\u00e1rio FM, do Amap\u00e1: \u201cPrecisamos autorizar que a Petrobras fa\u00e7a pesquisa, \u00e9 isso que n\u00f3s queremos. Se depois a gente vai explorar, \u00e9 outra discuss\u00e3o. O que n\u00e3o d\u00e1 \u00e9 para ficar nesse lenga-lenga, o Ibama \u00e9 um \u00f3rg\u00e3o do governo parecendo ser um \u00f3rg\u00e3o contra o governo\u201d, afirmou.<\/p>\n","protected":false},"excerpt":{"rendered":"<p>Marisa Wanzeller e Geraldo Campos Jr., da Ag\u00eancia iNFRA O diretor-geral da ANEEL (Ag\u00eancia Nacional de Energia El\u00e9trica), Sandoval Feitosa, disse nesta ter\u00e7a-feira (18) que a determina\u00e7\u00e3o do Ibama (Instituto Brasileiro do Meio Ambiente e dos Recursos Naturais Renov\u00e1veis) encaminhada por of\u00edcio \u00e0 Norte Energia no \u00faltimo fim de semana reduzir\u00e1 a gera\u00e7\u00e3o da usina [&hellip;]<\/p>\n","protected":false},"author":1,"featured_media":20377,"comment_status":"closed","ping_status":"closed","sticky":false,"template":"","format":"standard","meta":{"_monsterinsights_skip_tracking":false,"_monsterinsights_sitenote_active":false,"_monsterinsights_sitenote_note":"","_monsterinsights_sitenote_category":0,"footnotes":""},"categories":[7250,1,10],"tags":[53,3170,11594,3488,749,7366,3390,12609,12607,12468,12605,4237,12608],"class_list":["post-20319","post","type-post","status-publish","format-standard","has-post-thumbnail","hentry","category-destaque-lista","category-geral","category-infraenergia","tag-aneel","tag-belo-monte","tag-geraldo-campos-jr","tag-hidrograma","tag-ibama","tag-marisa-wanzeller","tag-norte-energia","tag-periodo-defeso","tag-reducao-de-vazao","tag-sandoval-feitosa-aneel","tag-usina-de-belo-monte","tag-vazao","tag-vazao-de-belo-monte"],"yoast_head":"<!-- This site is optimized with the Yoast SEO Premium plugin v25.4 (Yoast SEO v26.0) - https:\/\/yoast.com\/wordpress\/plugins\/seo\/ -->\n<title>Belo Monte: Determina\u00e7\u00e3o do Ibama pode reduzir gera\u00e7\u00e3o em 2,4 mil MW m\u00e9dios, diz ANEEL - Ag\u00eancia iNFRA<\/title>\n<meta name=\"robots\" content=\"index, follow, max-snippet:-1, max-image-preview:large, max-video-preview:-1\" \/>\n<link rel=\"canonical\" href=\"https:\/\/agenciainfra.com\/blog\/belo-monte-determinacao-do-ibama-pode-reduzir-geracao-em-24-mil-mw-medios-diz-aneel\/\" \/>\n<meta property=\"og:locale\" content=\"pt_BR\" \/>\n<meta property=\"og:type\" content=\"article\" \/>\n<meta property=\"og:title\" content=\"Belo Monte: Determina\u00e7\u00e3o do Ibama pode reduzir gera\u00e7\u00e3o em 2,4 mil MW m\u00e9dios, diz ANEEL\" \/>\n<meta property=\"og:description\" content=\"Marisa Wanzeller e Geraldo Campos Jr., da Ag\u00eancia iNFRA O diretor-geral da ANEEL (Ag\u00eancia Nacional de Energia El\u00e9trica), Sandoval Feitosa, disse nesta ter\u00e7a-feira (18) que a determina\u00e7\u00e3o do Ibama (Instituto Brasileiro do Meio Ambiente e dos Recursos Naturais Renov\u00e1veis) encaminhada por of\u00edcio \u00e0 Norte Energia no \u00faltimo fim de semana reduzir\u00e1 a gera\u00e7\u00e3o da usina [&hellip;]\" \/>\n<meta property=\"og:url\" content=\"https:\/\/agenciainfra.com\/blog\/belo-monte-determinacao-do-ibama-pode-reduzir-geracao-em-24-mil-mw-medios-diz-aneel\/\" \/>\n<meta property=\"og:site_name\" content=\"Ag\u00eancia iNFRA\" \/>\n<meta property=\"article:publisher\" content=\"https:\/\/www.facebook.com\/ageninfra\" \/>\n<meta property=\"article:published_time\" content=\"2025-02-19T13:00:00+00:00\" \/>\n<meta property=\"article:modified_time\" content=\"2025-02-21T15:20:53+00:00\" \/>\n<meta property=\"og:image\" content=\"https:\/\/agenciainfra.com\/blog\/wp-content\/uploads\/2025\/02\/uhe-belo-monte-foto-norte-energia-e1740151247377.jpg\" \/>\n\t<meta property=\"og:image:width\" content=\"1209\" \/>\n\t<meta property=\"og:image:height\" content=\"680\" \/>\n\t<meta property=\"og:image:type\" content=\"image\/jpeg\" \/>\n<meta name=\"author\" content=\"Ag\u00eancia iNFRA\" \/>\n<meta name=\"twitter:card\" content=\"summary_large_image\" \/>\n<meta name=\"twitter:creator\" content=\"@agencia_infra\" \/>\n<meta name=\"twitter:site\" content=\"@agencia_infra\" \/>\n<meta name=\"twitter:label1\" content=\"Escrito por\" \/>\n\t<meta name=\"twitter:data1\" content=\"Ag\u00eancia iNFRA\" \/>\n\t<meta name=\"twitter:label2\" content=\"Est. tempo de leitura\" \/>\n\t<meta name=\"twitter:data2\" content=\"3 minutos\" \/>\n<script type=\"application\/ld+json\" class=\"yoast-schema-graph\">{\"@context\":\"https:\/\/schema.org\",\"@graph\":[{\"@type\":\"Article\",\"@id\":\"https:\/\/agenciainfra.com\/blog\/belo-monte-determinacao-do-ibama-pode-reduzir-geracao-em-24-mil-mw-medios-diz-aneel\/#article\",\"isPartOf\":{\"@id\":\"https:\/\/agenciainfra.com\/blog\/belo-monte-determinacao-do-ibama-pode-reduzir-geracao-em-24-mil-mw-medios-diz-aneel\/\"},\"author\":{\"name\":\"Ag\u00eancia iNFRA\",\"@id\":\"https:\/\/agenciainfra.com\/blog\/#\/schema\/person\/34af08dff6adea4cb22b06612ba7acfa\"},\"headline\":\"Belo Monte: Determina\u00e7\u00e3o do Ibama pode reduzir gera\u00e7\u00e3o em 2,4 mil MW m\u00e9dios, diz ANEEL\",\"datePublished\":\"2025-02-19T13:00:00+00:00\",\"dateModified\":\"2025-02-21T15:20:53+00:00\",\"mainEntityOfPage\":{\"@id\":\"https:\/\/agenciainfra.com\/blog\/belo-monte-determinacao-do-ibama-pode-reduzir-geracao-em-24-mil-mw-medios-diz-aneel\/\"},\"wordCount\":659,\"publisher\":{\"@id\":\"https:\/\/agenciainfra.com\/blog\/#organization\"},\"image\":{\"@id\":\"https:\/\/agenciainfra.com\/blog\/belo-monte-determinacao-do-ibama-pode-reduzir-geracao-em-24-mil-mw-medios-diz-aneel\/#primaryimage\"},\"thumbnailUrl\":\"https:\/\/agenciainfra.com\/blog\/wp-content\/uploads\/2025\/02\/uhe-belo-monte-foto-norte-energia-e1740151247377.jpg\",\"keywords\":[\"ANEEL\",\"Belo Monte\",\"Geraldo Campos Jr.\",\"hidrograma\",\"Ibama\",\"Marisa Wanzeller\",\"Norte Energia\",\"per\u00edodo defeso\",\"redu\u00e7\u00e3o de vaz\u00e3o\",\"Sandoval Feitosa ANEEL\",\"usina de belo monte\",\"vaz\u00e3o\",\"vaz\u00e3o de Belo Monte\"],\"articleSection\":[\"Destaque lista\",\"Geral\",\"iNFRAEnergia\"],\"inLanguage\":\"pt-BR\",\"copyrightYear\":\"2025\",\"copyrightHolder\":{\"@id\":\"https:\/\/agenciainfra.com\/blog\/#organization\"}},{\"@type\":\"WebPage\",\"@id\":\"https:\/\/agenciainfra.com\/blog\/belo-monte-determinacao-do-ibama-pode-reduzir-geracao-em-24-mil-mw-medios-diz-aneel\/\",\"url\":\"https:\/\/agenciainfra.com\/blog\/belo-monte-determinacao-do-ibama-pode-reduzir-geracao-em-24-mil-mw-medios-diz-aneel\/\",\"name\":\"Belo Monte: Determina\u00e7\u00e3o do Ibama pode reduzir gera\u00e7\u00e3o em 2,4 mil MW m\u00e9dios, diz ANEEL - Ag\u00eancia iNFRA\",\"isPartOf\":{\"@id\":\"https:\/\/agenciainfra.com\/blog\/#website\"},\"primaryImageOfPage\":{\"@id\":\"https:\/\/agenciainfra.com\/blog\/belo-monte-determinacao-do-ibama-pode-reduzir-geracao-em-24-mil-mw-medios-diz-aneel\/#primaryimage\"},\"image\":{\"@id\":\"https:\/\/agenciainfra.com\/blog\/belo-monte-determinacao-do-ibama-pode-reduzir-geracao-em-24-mil-mw-medios-diz-aneel\/#primaryimage\"},\"thumbnailUrl\":\"https:\/\/agenciainfra.com\/blog\/wp-content\/uploads\/2025\/02\/uhe-belo-monte-foto-norte-energia-e1740151247377.jpg\",\"datePublished\":\"2025-02-19T13:00:00+00:00\",\"dateModified\":\"2025-02-21T15:20:53+00:00\",\"breadcrumb\":{\"@id\":\"https:\/\/agenciainfra.com\/blog\/belo-monte-determinacao-do-ibama-pode-reduzir-geracao-em-24-mil-mw-medios-diz-aneel\/#breadcrumb\"},\"inLanguage\":\"pt-BR\",\"potentialAction\":[{\"@type\":\"ReadAction\",\"target\":[\"https:\/\/agenciainfra.com\/blog\/belo-monte-determinacao-do-ibama-pode-reduzir-geracao-em-24-mil-mw-medios-diz-aneel\/\"]}]},{\"@type\":\"ImageObject\",\"inLanguage\":\"pt-BR\",\"@id\":\"https:\/\/agenciainfra.com\/blog\/belo-monte-determinacao-do-ibama-pode-reduzir-geracao-em-24-mil-mw-medios-diz-aneel\/#primaryimage\",\"url\":\"https:\/\/agenciainfra.com\/blog\/wp-content\/uploads\/2025\/02\/uhe-belo-monte-foto-norte-energia-e1740151247377.jpg\",\"contentUrl\":\"https:\/\/agenciainfra.com\/blog\/wp-content\/uploads\/2025\/02\/uhe-belo-monte-foto-norte-energia-e1740151247377.jpg\",\"width\":1209,\"height\":680},{\"@type\":\"BreadcrumbList\",\"@id\":\"https:\/\/agenciainfra.com\/blog\/belo-monte-determinacao-do-ibama-pode-reduzir-geracao-em-24-mil-mw-medios-diz-aneel\/#breadcrumb\",\"itemListElement\":[{\"@type\":\"ListItem\",\"position\":1,\"name\":\"In\u00edcio\",\"item\":\"https:\/\/agenciainfra.com\/blog\/\"},{\"@type\":\"ListItem\",\"position\":2,\"name\":\"Belo Monte: Determina\u00e7\u00e3o do Ibama pode reduzir gera\u00e7\u00e3o em 2,4 mil MW m\u00e9dios, diz ANEEL\"}]},{\"@type\":\"WebSite\",\"@id\":\"https:\/\/agenciainfra.com\/blog\/#website\",\"url\":\"https:\/\/agenciainfra.com\/blog\/\",\"name\":\"Ag\u00eancia iNFRA\",\"description\":\"Multiplataforma de informa\u00e7\u00e3o jornal\u00edstica refer\u00eancia na \u00e1rea de infraestrutura no Brasil!\",\"publisher\":{\"@id\":\"https:\/\/agenciainfra.com\/blog\/#organization\"},\"potentialAction\":[{\"@type\":\"SearchAction\",\"target\":{\"@type\":\"EntryPoint\",\"urlTemplate\":\"https:\/\/agenciainfra.com\/blog\/?s={search_term_string}\"},\"query-input\":{\"@type\":\"PropertyValueSpecification\",\"valueRequired\":true,\"valueName\":\"search_term_string\"}}],\"inLanguage\":\"pt-BR\"},{\"@type\":\"Organization\",\"@id\":\"https:\/\/agenciainfra.com\/blog\/#organization\",\"name\":\"Ag\u00eancia iNFRA\",\"url\":\"https:\/\/agenciainfra.com\/blog\/\",\"logo\":{\"@type\":\"ImageObject\",\"inLanguage\":\"pt-BR\",\"@id\":\"https:\/\/agenciainfra.com\/blog\/#\/schema\/logo\/image\/\",\"url\":\"https:\/\/agenciainfra.com\/blog\/wp-content\/uploads\/2023\/09\/iNFRA_5-e1761735885940.png\",\"contentUrl\":\"https:\/\/agenciainfra.com\/blog\/wp-content\/uploads\/2023\/09\/iNFRA_5-e1761735885940.png\",\"width\":1672,\"height\":454,\"caption\":\"Ag\u00eancia iNFRA\"},\"image\":{\"@id\":\"https:\/\/agenciainfra.com\/blog\/#\/schema\/logo\/image\/\"},\"sameAs\":[\"https:\/\/www.facebook.com\/ageninfra\",\"https:\/\/x.com\/agencia_infra\",\"https:\/\/www.linkedin.com\/company\/ag\u00eanciainfra\/\",\"https:\/\/www.instagram.com\/agenciainfra\/\"]},{\"@type\":\"Person\",\"@id\":\"https:\/\/agenciainfra.com\/blog\/#\/schema\/person\/34af08dff6adea4cb22b06612ba7acfa\",\"name\":\"Ag\u00eancia iNFRA\",\"image\":{\"@type\":\"ImageObject\",\"inLanguage\":\"pt-BR\",\"@id\":\"https:\/\/agenciainfra.com\/blog\/#\/schema\/person\/image\/\",\"url\":\"https:\/\/secure.gravatar.com\/avatar\/d189e01678f06d8eb84d4e01f08eb848b3fffe3f8443818d3c356c66892f5be8?s=96&d=mm&r=g\",\"contentUrl\":\"https:\/\/secure.gravatar.com\/avatar\/d189e01678f06d8eb84d4e01f08eb848b3fffe3f8443818d3c356c66892f5be8?s=96&d=mm&r=g\",\"caption\":\"Ag\u00eancia iNFRA\"},\"url\":\"https:\/\/agenciainfra.com\/blog\/author\/admin\/\"}]}<\/script>\n<!-- \/ Yoast SEO Premium plugin. -->","yoast_head_json":{"title":"Belo Monte: Determina\u00e7\u00e3o do Ibama pode reduzir gera\u00e7\u00e3o em 2,4 mil MW m\u00e9dios, diz ANEEL - Ag\u00eancia iNFRA","robots":{"index":"index","follow":"follow","max-snippet":"max-snippet:-1","max-image-preview":"max-image-preview:large","max-video-preview":"max-video-preview:-1"},"canonical":"https:\/\/agenciainfra.com\/blog\/belo-monte-determinacao-do-ibama-pode-reduzir-geracao-em-24-mil-mw-medios-diz-aneel\/","og_locale":"pt_BR","og_type":"article","og_title":"Belo Monte: Determina\u00e7\u00e3o do Ibama pode reduzir gera\u00e7\u00e3o em 2,4 mil MW m\u00e9dios, diz ANEEL","og_description":"Marisa Wanzeller e Geraldo Campos Jr., da Ag\u00eancia iNFRA O diretor-geral da ANEEL (Ag\u00eancia Nacional de Energia El\u00e9trica), Sandoval Feitosa, disse nesta ter\u00e7a-feira (18) que a determina\u00e7\u00e3o do Ibama (Instituto Brasileiro do Meio Ambiente e dos Recursos Naturais Renov\u00e1veis) encaminhada por of\u00edcio \u00e0 Norte Energia no \u00faltimo fim de semana reduzir\u00e1 a gera\u00e7\u00e3o da usina [&hellip;]","og_url":"https:\/\/agenciainfra.com\/blog\/belo-monte-determinacao-do-ibama-pode-reduzir-geracao-em-24-mil-mw-medios-diz-aneel\/","og_site_name":"Ag\u00eancia iNFRA","article_publisher":"https:\/\/www.facebook.com\/ageninfra","article_published_time":"2025-02-19T13:00:00+00:00","article_modified_time":"2025-02-21T15:20:53+00:00","og_image":[{"width":1209,"height":680,"url":"https:\/\/agenciainfra.com\/blog\/wp-content\/uploads\/2025\/02\/uhe-belo-monte-foto-norte-energia-e1740151247377.jpg","type":"image\/jpeg"}],"author":"Ag\u00eancia iNFRA","twitter_card":"summary_large_image","twitter_creator":"@agencia_infra","twitter_site":"@agencia_infra","twitter_misc":{"Escrito por":"Ag\u00eancia iNFRA","Est. tempo de leitura":"3 minutos"},"schema":{"@context":"https:\/\/schema.org","@graph":[{"@type":"Article","@id":"https:\/\/agenciainfra.com\/blog\/belo-monte-determinacao-do-ibama-pode-reduzir-geracao-em-24-mil-mw-medios-diz-aneel\/#article","isPartOf":{"@id":"https:\/\/agenciainfra.com\/blog\/belo-monte-determinacao-do-ibama-pode-reduzir-geracao-em-24-mil-mw-medios-diz-aneel\/"},"author":{"name":"Ag\u00eancia iNFRA","@id":"https:\/\/agenciainfra.com\/blog\/#\/schema\/person\/34af08dff6adea4cb22b06612ba7acfa"},"headline":"Belo Monte: Determina\u00e7\u00e3o do Ibama pode reduzir gera\u00e7\u00e3o em 2,4 mil MW m\u00e9dios, diz ANEEL","datePublished":"2025-02-19T13:00:00+00:00","dateModified":"2025-02-21T15:20:53+00:00","mainEntityOfPage":{"@id":"https:\/\/agenciainfra.com\/blog\/belo-monte-determinacao-do-ibama-pode-reduzir-geracao-em-24-mil-mw-medios-diz-aneel\/"},"wordCount":659,"publisher":{"@id":"https:\/\/agenciainfra.com\/blog\/#organization"},"image":{"@id":"https:\/\/agenciainfra.com\/blog\/belo-monte-determinacao-do-ibama-pode-reduzir-geracao-em-24-mil-mw-medios-diz-aneel\/#primaryimage"},"thumbnailUrl":"https:\/\/agenciainfra.com\/blog\/wp-content\/uploads\/2025\/02\/uhe-belo-monte-foto-norte-energia-e1740151247377.jpg","keywords":["ANEEL","Belo Monte","Geraldo Campos Jr.","hidrograma","Ibama","Marisa Wanzeller","Norte Energia","per\u00edodo defeso","redu\u00e7\u00e3o de vaz\u00e3o","Sandoval Feitosa ANEEL","usina de belo monte","vaz\u00e3o","vaz\u00e3o de Belo Monte"],"articleSection":["Destaque lista","Geral","iNFRAEnergia"],"inLanguage":"pt-BR","copyrightYear":"2025","copyrightHolder":{"@id":"https:\/\/agenciainfra.com\/blog\/#organization"}},{"@type":"WebPage","@id":"https:\/\/agenciainfra.com\/blog\/belo-monte-determinacao-do-ibama-pode-reduzir-geracao-em-24-mil-mw-medios-diz-aneel\/","url":"https:\/\/agenciainfra.com\/blog\/belo-monte-determinacao-do-ibama-pode-reduzir-geracao-em-24-mil-mw-medios-diz-aneel\/","name":"Belo Monte: Determina\u00e7\u00e3o do Ibama pode reduzir gera\u00e7\u00e3o em 2,4 mil MW m\u00e9dios, diz ANEEL - Ag\u00eancia iNFRA","isPartOf":{"@id":"https:\/\/agenciainfra.com\/blog\/#website"},"primaryImageOfPage":{"@id":"https:\/\/agenciainfra.com\/blog\/belo-monte-determinacao-do-ibama-pode-reduzir-geracao-em-24-mil-mw-medios-diz-aneel\/#primaryimage"},"image":{"@id":"https:\/\/agenciainfra.com\/blog\/belo-monte-determinacao-do-ibama-pode-reduzir-geracao-em-24-mil-mw-medios-diz-aneel\/#primaryimage"},"thumbnailUrl":"https:\/\/agenciainfra.com\/blog\/wp-content\/uploads\/2025\/02\/uhe-belo-monte-foto-norte-energia-e1740151247377.jpg","datePublished":"2025-02-19T13:00:00+00:00","dateModified":"2025-02-21T15:20:53+00:00","breadcrumb":{"@id":"https:\/\/agenciainfra.com\/blog\/belo-monte-determinacao-do-ibama-pode-reduzir-geracao-em-24-mil-mw-medios-diz-aneel\/#breadcrumb"},"inLanguage":"pt-BR","potentialAction":[{"@type":"ReadAction","target":["https:\/\/agenciainfra.com\/blog\/belo-monte-determinacao-do-ibama-pode-reduzir-geracao-em-24-mil-mw-medios-diz-aneel\/"]}]},{"@type":"ImageObject","inLanguage":"pt-BR","@id":"https:\/\/agenciainfra.com\/blog\/belo-monte-determinacao-do-ibama-pode-reduzir-geracao-em-24-mil-mw-medios-diz-aneel\/#primaryimage","url":"https:\/\/agenciainfra.com\/blog\/wp-content\/uploads\/2025\/02\/uhe-belo-monte-foto-norte-energia-e1740151247377.jpg","contentUrl":"https:\/\/agenciainfra.com\/blog\/wp-content\/uploads\/2025\/02\/uhe-belo-monte-foto-norte-energia-e1740151247377.jpg","width":1209,"height":680},{"@type":"BreadcrumbList","@id":"https:\/\/agenciainfra.com\/blog\/belo-monte-determinacao-do-ibama-pode-reduzir-geracao-em-24-mil-mw-medios-diz-aneel\/#breadcrumb","itemListElement":[{"@type":"ListItem","position":1,"name":"In\u00edcio","item":"https:\/\/agenciainfra.com\/blog\/"},{"@type":"ListItem","position":2,"name":"Belo Monte: Determina\u00e7\u00e3o do Ibama pode reduzir gera\u00e7\u00e3o em 2,4 mil MW m\u00e9dios, diz ANEEL"}]},{"@type":"WebSite","@id":"https:\/\/agenciainfra.com\/blog\/#website","url":"https:\/\/agenciainfra.com\/blog\/","name":"Ag\u00eancia iNFRA","description":"Multiplataforma de informa\u00e7\u00e3o jornal\u00edstica refer\u00eancia na \u00e1rea de infraestrutura no Brasil!","publisher":{"@id":"https:\/\/agenciainfra.com\/blog\/#organization"},"potentialAction":[{"@type":"SearchAction","target":{"@type":"EntryPoint","urlTemplate":"https:\/\/agenciainfra.com\/blog\/?s={search_term_string}"},"query-input":{"@type":"PropertyValueSpecification","valueRequired":true,"valueName":"search_term_string"}}],"inLanguage":"pt-BR"},{"@type":"Organization","@id":"https:\/\/agenciainfra.com\/blog\/#organization","name":"Ag\u00eancia iNFRA","url":"https:\/\/agenciainfra.com\/blog\/","logo":{"@type":"ImageObject","inLanguage":"pt-BR","@id":"https:\/\/agenciainfra.com\/blog\/#\/schema\/logo\/image\/","url":"https:\/\/agenciainfra.com\/blog\/wp-content\/uploads\/2023\/09\/iNFRA_5-e1761735885940.png","contentUrl":"https:\/\/agenciainfra.com\/blog\/wp-content\/uploads\/2023\/09\/iNFRA_5-e1761735885940.png","width":1672,"height":454,"caption":"Ag\u00eancia iNFRA"},"image":{"@id":"https:\/\/agenciainfra.com\/blog\/#\/schema\/logo\/image\/"},"sameAs":["https:\/\/www.facebook.com\/ageninfra","https:\/\/x.com\/agencia_infra","https:\/\/www.linkedin.com\/company\/ag\u00eanciainfra\/","https:\/\/www.instagram.com\/agenciainfra\/"]},{"@type":"Person","@id":"https:\/\/agenciainfra.com\/blog\/#\/schema\/person\/34af08dff6adea4cb22b06612ba7acfa","name":"Ag\u00eancia iNFRA","image":{"@type":"ImageObject","inLanguage":"pt-BR","@id":"https:\/\/agenciainfra.com\/blog\/#\/schema\/person\/image\/","url":"https:\/\/secure.gravatar.com\/avatar\/d189e01678f06d8eb84d4e01f08eb848b3fffe3f8443818d3c356c66892f5be8?s=96&d=mm&r=g","contentUrl":"https:\/\/secure.gravatar.com\/avatar\/d189e01678f06d8eb84d4e01f08eb848b3fffe3f8443818d3c356c66892f5be8?s=96&d=mm&r=g","caption":"Ag\u00eancia iNFRA"},"url":"https:\/\/agenciainfra.com\/blog\/author\/admin\/"}]}},"_links":{"self":[{"href":"https:\/\/agenciainfra.com\/blog\/wp-json\/wp\/v2\/posts\/20319","targetHints":{"allow":["GET"]}}],"collection":[{"href":"https:\/\/agenciainfra.com\/blog\/wp-json\/wp\/v2\/posts"}],"about":[{"href":"https:\/\/agenciainfra.com\/blog\/wp-json\/wp\/v2\/types\/post"}],"author":[{"embeddable":true,"href":"https:\/\/agenciainfra.com\/blog\/wp-json\/wp\/v2\/users\/1"}],"replies":[{"embeddable":true,"href":"https:\/\/agenciainfra.com\/blog\/wp-json\/wp\/v2\/comments?post=20319"}],"version-history":[{"count":1,"href":"https:\/\/agenciainfra.com\/blog\/wp-json\/wp\/v2\/posts\/20319\/revisions"}],"predecessor-version":[{"id":20320,"href":"https:\/\/agenciainfra.com\/blog\/wp-json\/wp\/v2\/posts\/20319\/revisions\/20320"}],"wp:featuredmedia":[{"embeddable":true,"href":"https:\/\/agenciainfra.com\/blog\/wp-json\/wp\/v2\/media\/20377"}],"wp:attachment":[{"href":"https:\/\/agenciainfra.com\/blog\/wp-json\/wp\/v2\/media?parent=20319"}],"wp:term":[{"taxonomy":"category","embeddable":true,"href":"https:\/\/agenciainfra.com\/blog\/wp-json\/wp\/v2\/categories?post=20319"},{"taxonomy":"post_tag","embeddable":true,"href":"https:\/\/agenciainfra.com\/blog\/wp-json\/wp\/v2\/tags?post=20319"}],"curies":[{"name":"wp","href":"https:\/\/api.w.org\/{rel}","templated":true}]}}