{"id":20321,"date":"2025-02-19T10:00:00","date_gmt":"2025-02-19T13:00:00","guid":{"rendered":"https:\/\/agenciainfra.com\/blog\/?p=20321"},"modified":"2025-02-19T18:03:24","modified_gmt":"2025-02-19T21:03:24","slug":"diretor-lima-filho-assume-interinamente-comando-da-antaq-mesmo-com-lista-de-servidores-publicada","status":"publish","type":"post","link":"https:\/\/agenciainfra.com\/blog\/diretor-lima-filho-assume-interinamente-comando-da-antaq-mesmo-com-lista-de-servidores-publicada\/","title":{"rendered":"Diretor Lima Filho assume interinamente comando da ANTAQ, mesmo com lista de servidores publicada"},"content":{"rendered":"\n<p class=\"has-text-align-right\"><strong>Mar\u00edlia Sena, da Ag\u00eancia iNFRA<\/strong><\/p>\n\n\n\n<p>O diretor Lima Filho assumir\u00e1 interinamente a diretoria-geral da ANTAQ (Ag\u00eancia Nacional de Transportes Aquavi\u00e1rios) a partir de hoje (19). Eduardo Nery, ent\u00e3o diretor-geral, encerrou seu mandato \u00e0 frente da ag\u00eancia nesta ter\u00e7a-feira (18).&nbsp;A nomea\u00e7\u00e3o de Lima Filho como interino j\u00e1 era aguardada, pois o diretor vinha assumindo a fun\u00e7\u00e3o na aus\u00eancia de Nery, sendo at\u00e9 conhecido como o &#8220;diretor-geral 2&#8221;.<\/p>\n\n\n\n<p>Almirante, Lima Filho chegou \u00e0 ag\u00eancia em 2022, quando houve aumento de tr\u00eas para cinco diretores na ANTAQ.&nbsp;Desde ent\u00e3o, ele e&nbsp;Nery&nbsp;demonstraram afinidade ao votarem alinhados em processos nos quais havia diverg\u00eancias mais significativas na ag\u00eancia,&nbsp;mas em geral as discuss\u00f5es eram&nbsp;vencidas pelos tr\u00eas outros&nbsp;diretores da ag\u00eancia.<\/p>\n\n\n\n<p>Lima Filho segue no comando da ag\u00eancia mesmo com a&nbsp;lista de superintendentes substitutos com&nbsp;<a href=\"https:\/\/agenciainfra.com\/blog\/governo-publica-decreto-com-nomes-de-tres-diretores-substitutos-para-a-antaq\/#:~:text=O%20decreto%20com%20a%20lista,Souza%2C%20como%20primeira%20na%20lista.\" target=\"_blank\" rel=\"noreferrer noopener\">decreto<\/a> publicado pela&nbsp;Presid\u00eancia da Rep\u00fablica no fim do m\u00eas passado. Os tr\u00eas nomes&nbsp;conforme a lista tr\u00edplice s\u00e3o: Cristina Castro Lucas de Souza, superintendente de ESG e Inova\u00e7\u00e3o da ag\u00eancia, na primeira posi\u00e7\u00e3o; Alexandre Palmieri Florambel, superintendente de Fiscaliza\u00e7\u00e3o e Coordena\u00e7\u00e3o das Unidades Regionais, como segundo substituto; e Alfredo Murillo Gameiro de Souza, superintendente de Administra\u00e7\u00e3o e Finan\u00e7as, na terceira posi\u00e7\u00e3o.<\/p>\n\n\n\n<p>Mesmo com a lista publicada, n\u00e3o houve a nomea\u00e7\u00e3o de Cristina Castro para substituir Nery, o que vem acontecendo em outras ag\u00eancias, inclusive a ANAC (Ag\u00eancia Nacional de Avia\u00e7\u00e3o Civil), vinculada ao mesmo minist\u00e9rio, de Portos e Aeroportos. A nomea\u00e7\u00e3o de servidores para o comando das ag\u00eancias quando n\u00e3o h\u00e1 diretor aprovado pelo Senado est\u00e1 baseada num parecer da AGU (Advocacia-Geral da Uni\u00e3o) de 2020.<\/p>\n\n\n\n<p>A informa\u00e7\u00e3o, contudo, \u00e9 que a perman\u00eancia de Lima Filho na fun\u00e7\u00e3o n\u00e3o deve se prolongar por muito tempo. Segundo Eduardo Nery, a decis\u00e3o sobre a convoca\u00e7\u00e3o para substituir o diretor-geral&nbsp;ser\u00e1 tomada em conjunto entre Lima Filho e o governo federal em breve.<\/p>\n\n\n\n<p>Em resposta a questionamento da&nbsp;<strong>Ag\u00eancia iNFRA<\/strong>, o ministro de Portos e Aeroportos, Silvio Costa Filho, afirmou nesta ter\u00e7a-feira (18)&nbsp;que ainda n\u00e3o h\u00e1 uma defini\u00e7\u00e3o sobre o envio do nome do novo diretor-geral para sabatina no Senado. De acordo com o ministro, \u00e9 necess\u00e1rio aguardar a defini\u00e7\u00e3o da presid\u00eancia das comiss\u00f5es antes de prosseguir com o processo.<\/p>\n\n\n\n<p>A articula\u00e7\u00e3o para a sabatina de um novo diretor-geral da ANTAQ est\u00e1 tramitando desde o final do ano passado. Alguns nomes j\u00e1 foram ventilados, como o do auditor do TCU (Tribunal de Contas da Uni\u00e3o) Frederico Dias para a vaga. Os atuais diretores Caio Faria e Alber Vasconcelos tamb\u00e9m postulam a vaga. Caso um deles seja escolhido, uma nova vaga de diretor para a ag\u00eancia ser\u00e1 aberta.<\/p>\n\n\n\n<p>O ministro Silvio Costa Filho, no entanto, j\u00e1 ressaltou que a indica\u00e7\u00e3o ao cargo na ANTAQ depende de uma conversa com o novo presidente do Senado, Davi Alcolumbre (Uni\u00e3o-AP). Algumas fontes indicam que a vaga na autarquia foi prometida \u00e0 sigla MDB e por isso ainda n\u00e3o h\u00e1 um nome definido.<\/p>\n\n\n\n<p><strong>Desempenho aquavi\u00e1rio<\/strong><br>O per\u00edodo de Nery foi marcado por um avan\u00e7o na <a href=\"https:\/\/agenciainfra.com\/blog\/novos-softwares-vao-agilizar-analises-para-investimentos-na-antaq-diz-diretor-geral\/\" target=\"_blank\" rel=\"noreferrer noopener\">moderniza\u00e7\u00e3o da autarquia<\/a>. Ele se despediu do cargo durante a divulga\u00e7\u00e3o do desempenho aquavi\u00e1rio de 2024. O setor atingiu 1,32 bilh\u00e3o de toneladas de carga, o maior n\u00famero da s\u00e9rie hist\u00f3rica.<\/p>\n\n\n\n<p>Os portos p\u00fablicos cresceram 5,13%, totalizando 474,38 milh\u00f5es de toneladas. Santos (SP), Itagua\u00ed (RJ) e Paranagu\u00e1 (PR) destacaram-se, com altas de 2,05%, 8,78% e 1,65%, respectivamente. O Porto de Salvador (BA) teve o maior crescimento percentual, com 41,18%, alcan\u00e7ando 6,6 milh\u00f5es de toneladas. No entanto, a navega\u00e7\u00e3o interior sofreu queda de 9,6%, possivelmente devido a fatores clim\u00e1ticos.<\/p>\n\n\n\n<p>\u201cQuando analisamos apenas a navega\u00e7\u00e3o pura, temos os dados de carga embarcada e desembarcada em cada terminal, ou informa\u00e7\u00f5es sobre a origem e destino dentro de uma hidrovia ou rio. No entanto, ao considerar a intera\u00e7\u00e3o entre diferentes hidrovias, ocorre a sobreposi\u00e7\u00e3o de cargas no transporte, o que pode resultar em diferen\u00e7as nos n\u00fameros quando observamos uma hidrovia isoladamente\u201d, destacou o gerente de Avalia\u00e7\u00e3o e Estat\u00edstica, Fernando Serra.<\/p>\n\n\n\n<p><strong>Comando da ANTT<\/strong><br>Na ANTT (Ag\u00eancia Nacional de Transportes Terrestres), a quest\u00e3o da nomea\u00e7\u00e3o do novo diretor-geral&nbsp;foi resolvida com anteced\u00eancia. O diretor Guilherme Sampaio assume, hoje (19), a dire\u00e7\u00e3o da autarquia como substituto. Ele, no entanto, j\u00e1&nbsp;foi indicado ao Senado em dezembro pelo ministro dos Transportes, Renan Filho, para ser sabatinado como novo diretor-geral da ag\u00eancia.<\/p>\n\n\n\n<p>Mas&nbsp;a an\u00e1lise do nome de Sampaio pelos senadores ficou&nbsp;pendente&nbsp;devido ao fato de outras&nbsp;ag\u00eancias n\u00e3o terem nomes indicados para vagas em aberto, \u00e0 possibilidade de uma reforma ministerial e \u00e0 aprova\u00e7\u00e3o de novas comiss\u00f5es no Congresso Nacional. H\u00e1 expectativa de que hoje seja definido o novo presidente da Comiss\u00e3o de Infraestrutura do Senado, que \u00e9 o colegiado respons\u00e1vel pela avalia\u00e7\u00e3o dos diretores de ag\u00eancias.<\/p>\n\n\n\n<p>Diferente da ANTAQ, a ANTT n\u00e3o tem uma lista tr\u00edplice de substitutos aprovada por decreto. O regimento interno da ANTT permite que o diretor-geral convoque o superintendente mais antigo para assumir uma vaga. Os superintendentes mais antigos s\u00e3o: Eduardo Marra, Mateus Salom\u00e9, Roger P\u00eagas, Jos\u00e9 Aires do Amaral e Marcelo Fonseca. Por\u00e9m, como isso n\u00e3o foi feito, Sampaio permanecer\u00e1 como diretor-substituto do atual diretor-geral, Rafael Vitale.<\/p>\n\n\n\n<p><strong>Reclama\u00e7\u00e3o do Sinag\u00eancias<\/strong><br>O Sinag\u00eancias (Sindicato Nacional dos Servidores das Ag\u00eancias Nacionais de Regula\u00e7\u00e3o) denunciou \u00e0 PGR (Procuradoria-Geral da Rep\u00fablica) e ao presidente Luiz In\u00e1cio Lula da Silva a falta de uma lista tr\u00edplice para a substitui\u00e7\u00e3o de cargos vagos na diretoria colegiada da ANTT, o que configura na vis\u00e3o do sindicato&nbsp;descumprimento da Lei 9.986\/2000.<\/p>\n\n\n\n<p>\u201cA \u00faltima lista tr\u00edplice da ANTT perdeu validade em abril de 2024, e o Sinag\u00eancias alerta que a aus\u00eancia dessa lista compromete a autonomia institucional da ag\u00eancia e afeta a regula\u00e7\u00e3o do setor de transportes terrestres no pa\u00eds, solicitando que sejam tomadas as medidas para garantir o cumprimento da legisla\u00e7\u00e3o e a continuidade da gest\u00e3o\u201d, diz o documento.<\/p>\n","protected":false},"excerpt":{"rendered":"<p>Mar\u00edlia Sena, da Ag\u00eancia iNFRA O diretor Lima Filho assumir\u00e1 interinamente a diretoria-geral da ANTAQ (Ag\u00eancia Nacional de Transportes Aquavi\u00e1rios) a partir de hoje (19). Eduardo Nery, ent\u00e3o diretor-geral, encerrou seu mandato \u00e0 frente da ag\u00eancia nesta ter\u00e7a-feira (18).&nbsp;A nomea\u00e7\u00e3o de Lima Filho como interino j\u00e1 era aguardada, pois o diretor vinha assumindo a fun\u00e7\u00e3o [&hellip;]<\/p>\n","protected":false},"author":1,"featured_media":5491,"comment_status":"closed","ping_status":"closed","sticky":false,"template":"","format":"standard","meta":{"_monsterinsights_skip_tracking":false,"_monsterinsights_sitenote_active":false,"_monsterinsights_sitenote_note":"","_monsterinsights_sitenote_category":0,"footnotes":""},"categories":[1,7],"tags":[46,12616,12615,12425,11944,12611,12614,12612,9406,11654,12610,12617,12613],"class_list":["post-20321","post","type-post","status-publish","format-standard","has-post-thumbnail","hentry","category-geral","category-infratransporte","tag-agencias-reguladoras","tag-comando-da-antt","tag-desempenho-aquaviario","tag-diretoria-da-antaq","tag-diretoria-da-antt","tag-eduardo-nery-na-antaq","tag-guilherme-sampaio-antt","tag-lima-filho-na-antaq","tag-lista-triplice","tag-marilia-sena","tag-novos-diretores","tag-reclamacao-do-sinagencias","tag-termino-de-mandato"],"yoast_head":"<!-- This site is optimized with the Yoast SEO Premium plugin v25.4 (Yoast SEO v26.0) - https:\/\/yoast.com\/wordpress\/plugins\/seo\/ -->\n<title>Diretor Lima Filho assume interinamente comando da ANTAQ, mesmo com lista de servidores publicada - Ag\u00eancia iNFRA<\/title>\n<meta name=\"robots\" content=\"index, follow, max-snippet:-1, max-image-preview:large, max-video-preview:-1\" \/>\n<link rel=\"canonical\" href=\"https:\/\/agenciainfra.com\/blog\/diretor-lima-filho-assume-interinamente-comando-da-antaq-mesmo-com-lista-de-servidores-publicada\/\" \/>\n<meta property=\"og:locale\" content=\"pt_BR\" \/>\n<meta property=\"og:type\" content=\"article\" \/>\n<meta property=\"og:title\" content=\"Diretor Lima Filho assume interinamente comando da ANTAQ, mesmo com lista de servidores publicada\" \/>\n<meta property=\"og:description\" content=\"Mar\u00edlia Sena, da Ag\u00eancia iNFRA O diretor Lima Filho assumir\u00e1 interinamente a diretoria-geral da ANTAQ (Ag\u00eancia Nacional de Transportes Aquavi\u00e1rios) a partir de hoje (19). Eduardo Nery, ent\u00e3o diretor-geral, encerrou seu mandato \u00e0 frente da ag\u00eancia nesta ter\u00e7a-feira (18).&nbsp;A nomea\u00e7\u00e3o de Lima Filho como interino j\u00e1 era aguardada, pois o diretor vinha assumindo a fun\u00e7\u00e3o [&hellip;]\" \/>\n<meta property=\"og:url\" content=\"https:\/\/agenciainfra.com\/blog\/diretor-lima-filho-assume-interinamente-comando-da-antaq-mesmo-com-lista-de-servidores-publicada\/\" \/>\n<meta property=\"og:site_name\" content=\"Ag\u00eancia iNFRA\" \/>\n<meta property=\"article:publisher\" content=\"https:\/\/www.facebook.com\/ageninfra\" \/>\n<meta property=\"article:published_time\" content=\"2025-02-19T13:00:00+00:00\" \/>\n<meta property=\"article:modified_time\" content=\"2025-02-19T21:03:24+00:00\" \/>\n<meta property=\"og:image\" content=\"https:\/\/agenciainfra.com\/blog\/wp-content\/uploads\/2020\/07\/fachada-antaq.jpg\" \/>\n\t<meta property=\"og:image:width\" content=\"1280\" \/>\n\t<meta property=\"og:image:height\" content=\"850\" \/>\n\t<meta property=\"og:image:type\" content=\"image\/jpeg\" \/>\n<meta name=\"author\" content=\"Ag\u00eancia iNFRA\" \/>\n<meta name=\"twitter:card\" content=\"summary_large_image\" \/>\n<meta name=\"twitter:creator\" content=\"@agencia_infra\" \/>\n<meta name=\"twitter:site\" content=\"@agencia_infra\" \/>\n<meta name=\"twitter:label1\" content=\"Escrito por\" \/>\n\t<meta name=\"twitter:data1\" content=\"Ag\u00eancia iNFRA\" \/>\n\t<meta name=\"twitter:label2\" content=\"Est. tempo de leitura\" \/>\n\t<meta name=\"twitter:data2\" content=\"5 minutos\" \/>\n<script type=\"application\/ld+json\" class=\"yoast-schema-graph\">{\"@context\":\"https:\/\/schema.org\",\"@graph\":[{\"@type\":\"Article\",\"@id\":\"https:\/\/agenciainfra.com\/blog\/diretor-lima-filho-assume-interinamente-comando-da-antaq-mesmo-com-lista-de-servidores-publicada\/#article\",\"isPartOf\":{\"@id\":\"https:\/\/agenciainfra.com\/blog\/diretor-lima-filho-assume-interinamente-comando-da-antaq-mesmo-com-lista-de-servidores-publicada\/\"},\"author\":{\"name\":\"Ag\u00eancia iNFRA\",\"@id\":\"https:\/\/agenciainfra.com\/blog\/#\/schema\/person\/34af08dff6adea4cb22b06612ba7acfa\"},\"headline\":\"Diretor Lima Filho assume interinamente comando da ANTAQ, mesmo com lista de servidores publicada\",\"datePublished\":\"2025-02-19T13:00:00+00:00\",\"dateModified\":\"2025-02-19T21:03:24+00:00\",\"mainEntityOfPage\":{\"@id\":\"https:\/\/agenciainfra.com\/blog\/diretor-lima-filho-assume-interinamente-comando-da-antaq-mesmo-com-lista-de-servidores-publicada\/\"},\"wordCount\":1087,\"publisher\":{\"@id\":\"https:\/\/agenciainfra.com\/blog\/#organization\"},\"image\":{\"@id\":\"https:\/\/agenciainfra.com\/blog\/diretor-lima-filho-assume-interinamente-comando-da-antaq-mesmo-com-lista-de-servidores-publicada\/#primaryimage\"},\"thumbnailUrl\":\"https:\/\/agenciainfra.com\/blog\/wp-content\/uploads\/2020\/07\/fachada-antaq.jpg\",\"keywords\":[\"Ag\u00eancias Reguladoras\",\"comando da antt\",\"desempenho aquavi\u00e1rio\",\"diretoria da antaq\",\"diretoria da antt\",\"eduardo nery na antaq\",\"guilherme sampaio antt\",\"lima filho na antaq\",\"Lista tr\u00edplice\",\"Mar\u00edlia Sena\",\"novos diretores\",\"reclama\u00e7\u00e3o do sinag\u00eancias\",\"t\u00e9rmino de mandato\"],\"articleSection\":[\"Geral\",\"iNFRATransporte\"],\"inLanguage\":\"pt-BR\",\"copyrightYear\":\"2025\",\"copyrightHolder\":{\"@id\":\"https:\/\/agenciainfra.com\/blog\/#organization\"}},{\"@type\":\"WebPage\",\"@id\":\"https:\/\/agenciainfra.com\/blog\/diretor-lima-filho-assume-interinamente-comando-da-antaq-mesmo-com-lista-de-servidores-publicada\/\",\"url\":\"https:\/\/agenciainfra.com\/blog\/diretor-lima-filho-assume-interinamente-comando-da-antaq-mesmo-com-lista-de-servidores-publicada\/\",\"name\":\"Diretor Lima Filho assume interinamente comando da ANTAQ, mesmo com lista de servidores publicada - Ag\u00eancia iNFRA\",\"isPartOf\":{\"@id\":\"https:\/\/agenciainfra.com\/blog\/#website\"},\"primaryImageOfPage\":{\"@id\":\"https:\/\/agenciainfra.com\/blog\/diretor-lima-filho-assume-interinamente-comando-da-antaq-mesmo-com-lista-de-servidores-publicada\/#primaryimage\"},\"image\":{\"@id\":\"https:\/\/agenciainfra.com\/blog\/diretor-lima-filho-assume-interinamente-comando-da-antaq-mesmo-com-lista-de-servidores-publicada\/#primaryimage\"},\"thumbnailUrl\":\"https:\/\/agenciainfra.com\/blog\/wp-content\/uploads\/2020\/07\/fachada-antaq.jpg\",\"datePublished\":\"2025-02-19T13:00:00+00:00\",\"dateModified\":\"2025-02-19T21:03:24+00:00\",\"breadcrumb\":{\"@id\":\"https:\/\/agenciainfra.com\/blog\/diretor-lima-filho-assume-interinamente-comando-da-antaq-mesmo-com-lista-de-servidores-publicada\/#breadcrumb\"},\"inLanguage\":\"pt-BR\",\"potentialAction\":[{\"@type\":\"ReadAction\",\"target\":[\"https:\/\/agenciainfra.com\/blog\/diretor-lima-filho-assume-interinamente-comando-da-antaq-mesmo-com-lista-de-servidores-publicada\/\"]}]},{\"@type\":\"ImageObject\",\"inLanguage\":\"pt-BR\",\"@id\":\"https:\/\/agenciainfra.com\/blog\/diretor-lima-filho-assume-interinamente-comando-da-antaq-mesmo-com-lista-de-servidores-publicada\/#primaryimage\",\"url\":\"https:\/\/agenciainfra.com\/blog\/wp-content\/uploads\/2020\/07\/fachada-antaq.jpg\",\"contentUrl\":\"https:\/\/agenciainfra.com\/blog\/wp-content\/uploads\/2020\/07\/fachada-antaq.jpg\",\"width\":1280,\"height\":850,\"caption\":\"Foto: Divulga\u00e7\u00e3o ANTAQ\"},{\"@type\":\"BreadcrumbList\",\"@id\":\"https:\/\/agenciainfra.com\/blog\/diretor-lima-filho-assume-interinamente-comando-da-antaq-mesmo-com-lista-de-servidores-publicada\/#breadcrumb\",\"itemListElement\":[{\"@type\":\"ListItem\",\"position\":1,\"name\":\"In\u00edcio\",\"item\":\"https:\/\/agenciainfra.com\/blog\/\"},{\"@type\":\"ListItem\",\"position\":2,\"name\":\"Diretor Lima Filho assume interinamente comando da ANTAQ, mesmo com lista de servidores publicada\"}]},{\"@type\":\"WebSite\",\"@id\":\"https:\/\/agenciainfra.com\/blog\/#website\",\"url\":\"https:\/\/agenciainfra.com\/blog\/\",\"name\":\"Ag\u00eancia iNFRA\",\"description\":\"Multiplataforma de informa\u00e7\u00e3o jornal\u00edstica refer\u00eancia na \u00e1rea de infraestrutura no Brasil!\",\"publisher\":{\"@id\":\"https:\/\/agenciainfra.com\/blog\/#organization\"},\"potentialAction\":[{\"@type\":\"SearchAction\",\"target\":{\"@type\":\"EntryPoint\",\"urlTemplate\":\"https:\/\/agenciainfra.com\/blog\/?s={search_term_string}\"},\"query-input\":{\"@type\":\"PropertyValueSpecification\",\"valueRequired\":true,\"valueName\":\"search_term_string\"}}],\"inLanguage\":\"pt-BR\"},{\"@type\":\"Organization\",\"@id\":\"https:\/\/agenciainfra.com\/blog\/#organization\",\"name\":\"Ag\u00eancia iNFRA\",\"url\":\"https:\/\/agenciainfra.com\/blog\/\",\"logo\":{\"@type\":\"ImageObject\",\"inLanguage\":\"pt-BR\",\"@id\":\"https:\/\/agenciainfra.com\/blog\/#\/schema\/logo\/image\/\",\"url\":\"https:\/\/agenciainfra.com\/blog\/wp-content\/uploads\/2023\/09\/iNFRA_5-e1761735885940.png\",\"contentUrl\":\"https:\/\/agenciainfra.com\/blog\/wp-content\/uploads\/2023\/09\/iNFRA_5-e1761735885940.png\",\"width\":1672,\"height\":454,\"caption\":\"Ag\u00eancia iNFRA\"},\"image\":{\"@id\":\"https:\/\/agenciainfra.com\/blog\/#\/schema\/logo\/image\/\"},\"sameAs\":[\"https:\/\/www.facebook.com\/ageninfra\",\"https:\/\/x.com\/agencia_infra\",\"https:\/\/www.linkedin.com\/company\/ag\u00eanciainfra\/\",\"https:\/\/www.instagram.com\/agenciainfra\/\"]},{\"@type\":\"Person\",\"@id\":\"https:\/\/agenciainfra.com\/blog\/#\/schema\/person\/34af08dff6adea4cb22b06612ba7acfa\",\"name\":\"Ag\u00eancia iNFRA\",\"image\":{\"@type\":\"ImageObject\",\"inLanguage\":\"pt-BR\",\"@id\":\"https:\/\/agenciainfra.com\/blog\/#\/schema\/person\/image\/\",\"url\":\"https:\/\/secure.gravatar.com\/avatar\/d189e01678f06d8eb84d4e01f08eb848b3fffe3f8443818d3c356c66892f5be8?s=96&d=mm&r=g\",\"contentUrl\":\"https:\/\/secure.gravatar.com\/avatar\/d189e01678f06d8eb84d4e01f08eb848b3fffe3f8443818d3c356c66892f5be8?s=96&d=mm&r=g\",\"caption\":\"Ag\u00eancia iNFRA\"},\"url\":\"https:\/\/agenciainfra.com\/blog\/author\/admin\/\"}]}<\/script>\n<!-- \/ Yoast SEO Premium plugin. -->","yoast_head_json":{"title":"Diretor Lima Filho assume interinamente comando da ANTAQ, mesmo com lista de servidores publicada - Ag\u00eancia iNFRA","robots":{"index":"index","follow":"follow","max-snippet":"max-snippet:-1","max-image-preview":"max-image-preview:large","max-video-preview":"max-video-preview:-1"},"canonical":"https:\/\/agenciainfra.com\/blog\/diretor-lima-filho-assume-interinamente-comando-da-antaq-mesmo-com-lista-de-servidores-publicada\/","og_locale":"pt_BR","og_type":"article","og_title":"Diretor Lima Filho assume interinamente comando da ANTAQ, mesmo com lista de servidores publicada","og_description":"Mar\u00edlia Sena, da Ag\u00eancia iNFRA O diretor Lima Filho assumir\u00e1 interinamente a diretoria-geral da ANTAQ (Ag\u00eancia Nacional de Transportes Aquavi\u00e1rios) a partir de hoje (19). Eduardo Nery, ent\u00e3o diretor-geral, encerrou seu mandato \u00e0 frente da ag\u00eancia nesta ter\u00e7a-feira (18).&nbsp;A nomea\u00e7\u00e3o de Lima Filho como interino j\u00e1 era aguardada, pois o diretor vinha assumindo a fun\u00e7\u00e3o [&hellip;]","og_url":"https:\/\/agenciainfra.com\/blog\/diretor-lima-filho-assume-interinamente-comando-da-antaq-mesmo-com-lista-de-servidores-publicada\/","og_site_name":"Ag\u00eancia iNFRA","article_publisher":"https:\/\/www.facebook.com\/ageninfra","article_published_time":"2025-02-19T13:00:00+00:00","article_modified_time":"2025-02-19T21:03:24+00:00","og_image":[{"width":1280,"height":850,"url":"https:\/\/agenciainfra.com\/blog\/wp-content\/uploads\/2020\/07\/fachada-antaq.jpg","type":"image\/jpeg"}],"author":"Ag\u00eancia iNFRA","twitter_card":"summary_large_image","twitter_creator":"@agencia_infra","twitter_site":"@agencia_infra","twitter_misc":{"Escrito por":"Ag\u00eancia iNFRA","Est. tempo de leitura":"5 minutos"},"schema":{"@context":"https:\/\/schema.org","@graph":[{"@type":"Article","@id":"https:\/\/agenciainfra.com\/blog\/diretor-lima-filho-assume-interinamente-comando-da-antaq-mesmo-com-lista-de-servidores-publicada\/#article","isPartOf":{"@id":"https:\/\/agenciainfra.com\/blog\/diretor-lima-filho-assume-interinamente-comando-da-antaq-mesmo-com-lista-de-servidores-publicada\/"},"author":{"name":"Ag\u00eancia iNFRA","@id":"https:\/\/agenciainfra.com\/blog\/#\/schema\/person\/34af08dff6adea4cb22b06612ba7acfa"},"headline":"Diretor Lima Filho assume interinamente comando da ANTAQ, mesmo com lista de servidores publicada","datePublished":"2025-02-19T13:00:00+00:00","dateModified":"2025-02-19T21:03:24+00:00","mainEntityOfPage":{"@id":"https:\/\/agenciainfra.com\/blog\/diretor-lima-filho-assume-interinamente-comando-da-antaq-mesmo-com-lista-de-servidores-publicada\/"},"wordCount":1087,"publisher":{"@id":"https:\/\/agenciainfra.com\/blog\/#organization"},"image":{"@id":"https:\/\/agenciainfra.com\/blog\/diretor-lima-filho-assume-interinamente-comando-da-antaq-mesmo-com-lista-de-servidores-publicada\/#primaryimage"},"thumbnailUrl":"https:\/\/agenciainfra.com\/blog\/wp-content\/uploads\/2020\/07\/fachada-antaq.jpg","keywords":["Ag\u00eancias Reguladoras","comando da antt","desempenho aquavi\u00e1rio","diretoria da antaq","diretoria da antt","eduardo nery na antaq","guilherme sampaio antt","lima filho na antaq","Lista tr\u00edplice","Mar\u00edlia Sena","novos diretores","reclama\u00e7\u00e3o do sinag\u00eancias","t\u00e9rmino de mandato"],"articleSection":["Geral","iNFRATransporte"],"inLanguage":"pt-BR","copyrightYear":"2025","copyrightHolder":{"@id":"https:\/\/agenciainfra.com\/blog\/#organization"}},{"@type":"WebPage","@id":"https:\/\/agenciainfra.com\/blog\/diretor-lima-filho-assume-interinamente-comando-da-antaq-mesmo-com-lista-de-servidores-publicada\/","url":"https:\/\/agenciainfra.com\/blog\/diretor-lima-filho-assume-interinamente-comando-da-antaq-mesmo-com-lista-de-servidores-publicada\/","name":"Diretor Lima Filho assume interinamente comando da ANTAQ, mesmo com lista de servidores publicada - Ag\u00eancia iNFRA","isPartOf":{"@id":"https:\/\/agenciainfra.com\/blog\/#website"},"primaryImageOfPage":{"@id":"https:\/\/agenciainfra.com\/blog\/diretor-lima-filho-assume-interinamente-comando-da-antaq-mesmo-com-lista-de-servidores-publicada\/#primaryimage"},"image":{"@id":"https:\/\/agenciainfra.com\/blog\/diretor-lima-filho-assume-interinamente-comando-da-antaq-mesmo-com-lista-de-servidores-publicada\/#primaryimage"},"thumbnailUrl":"https:\/\/agenciainfra.com\/blog\/wp-content\/uploads\/2020\/07\/fachada-antaq.jpg","datePublished":"2025-02-19T13:00:00+00:00","dateModified":"2025-02-19T21:03:24+00:00","breadcrumb":{"@id":"https:\/\/agenciainfra.com\/blog\/diretor-lima-filho-assume-interinamente-comando-da-antaq-mesmo-com-lista-de-servidores-publicada\/#breadcrumb"},"inLanguage":"pt-BR","potentialAction":[{"@type":"ReadAction","target":["https:\/\/agenciainfra.com\/blog\/diretor-lima-filho-assume-interinamente-comando-da-antaq-mesmo-com-lista-de-servidores-publicada\/"]}]},{"@type":"ImageObject","inLanguage":"pt-BR","@id":"https:\/\/agenciainfra.com\/blog\/diretor-lima-filho-assume-interinamente-comando-da-antaq-mesmo-com-lista-de-servidores-publicada\/#primaryimage","url":"https:\/\/agenciainfra.com\/blog\/wp-content\/uploads\/2020\/07\/fachada-antaq.jpg","contentUrl":"https:\/\/agenciainfra.com\/blog\/wp-content\/uploads\/2020\/07\/fachada-antaq.jpg","width":1280,"height":850,"caption":"Foto: Divulga\u00e7\u00e3o ANTAQ"},{"@type":"BreadcrumbList","@id":"https:\/\/agenciainfra.com\/blog\/diretor-lima-filho-assume-interinamente-comando-da-antaq-mesmo-com-lista-de-servidores-publicada\/#breadcrumb","itemListElement":[{"@type":"ListItem","position":1,"name":"In\u00edcio","item":"https:\/\/agenciainfra.com\/blog\/"},{"@type":"ListItem","position":2,"name":"Diretor Lima Filho assume interinamente comando da ANTAQ, mesmo com lista de servidores publicada"}]},{"@type":"WebSite","@id":"https:\/\/agenciainfra.com\/blog\/#website","url":"https:\/\/agenciainfra.com\/blog\/","name":"Ag\u00eancia iNFRA","description":"Multiplataforma de informa\u00e7\u00e3o jornal\u00edstica refer\u00eancia na \u00e1rea de infraestrutura no Brasil!","publisher":{"@id":"https:\/\/agenciainfra.com\/blog\/#organization"},"potentialAction":[{"@type":"SearchAction","target":{"@type":"EntryPoint","urlTemplate":"https:\/\/agenciainfra.com\/blog\/?s={search_term_string}"},"query-input":{"@type":"PropertyValueSpecification","valueRequired":true,"valueName":"search_term_string"}}],"inLanguage":"pt-BR"},{"@type":"Organization","@id":"https:\/\/agenciainfra.com\/blog\/#organization","name":"Ag\u00eancia iNFRA","url":"https:\/\/agenciainfra.com\/blog\/","logo":{"@type":"ImageObject","inLanguage":"pt-BR","@id":"https:\/\/agenciainfra.com\/blog\/#\/schema\/logo\/image\/","url":"https:\/\/agenciainfra.com\/blog\/wp-content\/uploads\/2023\/09\/iNFRA_5-e1761735885940.png","contentUrl":"https:\/\/agenciainfra.com\/blog\/wp-content\/uploads\/2023\/09\/iNFRA_5-e1761735885940.png","width":1672,"height":454,"caption":"Ag\u00eancia iNFRA"},"image":{"@id":"https:\/\/agenciainfra.com\/blog\/#\/schema\/logo\/image\/"},"sameAs":["https:\/\/www.facebook.com\/ageninfra","https:\/\/x.com\/agencia_infra","https:\/\/www.linkedin.com\/company\/ag\u00eanciainfra\/","https:\/\/www.instagram.com\/agenciainfra\/"]},{"@type":"Person","@id":"https:\/\/agenciainfra.com\/blog\/#\/schema\/person\/34af08dff6adea4cb22b06612ba7acfa","name":"Ag\u00eancia iNFRA","image":{"@type":"ImageObject","inLanguage":"pt-BR","@id":"https:\/\/agenciainfra.com\/blog\/#\/schema\/person\/image\/","url":"https:\/\/secure.gravatar.com\/avatar\/d189e01678f06d8eb84d4e01f08eb848b3fffe3f8443818d3c356c66892f5be8?s=96&d=mm&r=g","contentUrl":"https:\/\/secure.gravatar.com\/avatar\/d189e01678f06d8eb84d4e01f08eb848b3fffe3f8443818d3c356c66892f5be8?s=96&d=mm&r=g","caption":"Ag\u00eancia iNFRA"},"url":"https:\/\/agenciainfra.com\/blog\/author\/admin\/"}]}},"_links":{"self":[{"href":"https:\/\/agenciainfra.com\/blog\/wp-json\/wp\/v2\/posts\/20321","targetHints":{"allow":["GET"]}}],"collection":[{"href":"https:\/\/agenciainfra.com\/blog\/wp-json\/wp\/v2\/posts"}],"about":[{"href":"https:\/\/agenciainfra.com\/blog\/wp-json\/wp\/v2\/types\/post"}],"author":[{"embeddable":true,"href":"https:\/\/agenciainfra.com\/blog\/wp-json\/wp\/v2\/users\/1"}],"replies":[{"embeddable":true,"href":"https:\/\/agenciainfra.com\/blog\/wp-json\/wp\/v2\/comments?post=20321"}],"version-history":[{"count":2,"href":"https:\/\/agenciainfra.com\/blog\/wp-json\/wp\/v2\/posts\/20321\/revisions"}],"predecessor-version":[{"id":20325,"href":"https:\/\/agenciainfra.com\/blog\/wp-json\/wp\/v2\/posts\/20321\/revisions\/20325"}],"wp:featuredmedia":[{"embeddable":true,"href":"https:\/\/agenciainfra.com\/blog\/wp-json\/wp\/v2\/media\/5491"}],"wp:attachment":[{"href":"https:\/\/agenciainfra.com\/blog\/wp-json\/wp\/v2\/media?parent=20321"}],"wp:term":[{"taxonomy":"category","embeddable":true,"href":"https:\/\/agenciainfra.com\/blog\/wp-json\/wp\/v2\/categories?post=20321"},{"taxonomy":"post_tag","embeddable":true,"href":"https:\/\/agenciainfra.com\/blog\/wp-json\/wp\/v2\/tags?post=20321"}],"curies":[{"name":"wp","href":"https:\/\/api.w.org\/{rel}","templated":true}]}}