{"id":20329,"date":"2025-02-20T08:00:00","date_gmt":"2025-02-20T11:00:00","guid":{"rendered":"https:\/\/agenciainfra.com\/blog\/?p=20329"},"modified":"2025-02-20T07:05:37","modified_gmt":"2025-02-20T10:05:37","slug":"ministro-da-justica-defende-aumento-de-pena-para-receptador-de-roubo-de-carga","status":"publish","type":"post","link":"https:\/\/agenciainfra.com\/blog\/ministro-da-justica-defende-aumento-de-pena-para-receptador-de-roubo-de-carga\/","title":{"rendered":"Ministro da Justi\u00e7a defende aumento de pena para receptador de roubo de carga"},"content":{"rendered":"\n<p class=\"has-text-align-right\"><strong>Sheyla Santos, da Ag\u00eancia iNFRA<\/strong><\/p>\n\n\n\n<p>A PEC (Proposta de Emenda \u00e0 Constitui\u00e7\u00e3o) da Seguran\u00e7a P\u00fablica dever\u00e1 prever aumento de pena para receptadores de cargas roubadas, proposta de lei anti-m\u00e1fia e fiscaliza\u00e7\u00e3o policial em ferrovias e hidrovias. As informa\u00e7\u00f5es foram dadas na \u00faltima ter\u00e7a-feira (18) pelo ministro da Justi\u00e7a e Seguran\u00e7a P\u00fablica, Ricardo Lewandowski, durante o &#8220;F\u00f3rum CNT de Debates &#8211; Seguran\u00e7a P\u00fablica&#8221;, realizado na Confedera\u00e7\u00e3o Nacional do Transporte, em Bras\u00edlia.<\/p>\n\n\n\n<p>Lewandowski ressaltou que nesse processo de roubo de cargas, muitas vezes, os receptadores ficam impunes. A ideia, segundo ele, \u00e9 levar a PEC primeiramente, ao conhecimento do Executivo e, posteriormente, ao Legislativo.<\/p>\n\n\n\n<p>Apesar de a proposta t\u00e9cnica estar em fase de constru\u00e7\u00e3o, Lewandowski adiantou que o chamado marco regulat\u00f3rio da seguran\u00e7a p\u00fablica dever\u00e1 conter uma proposta de lei anti-m\u00e1fia, inspirada no modelo italiano e ainda em elabora\u00e7\u00e3o na Secretaria de Seguran\u00e7a P\u00fablica, al\u00e9m de uma atualiza\u00e7\u00e3o da lei que trata de lavagem de dinheiro.<\/p>\n\n\n\n<p>\u201cMais importante do que o aumento de penas [para receptadores] \u00e9 a certeza da condena\u00e7\u00e3o\u201d, disse o ministro ap\u00f3s realizar uma palestra sobre o tema.<\/p>\n\n\n\n<p><strong>Intelig\u00eancia policial<\/strong><br>Presidente da CNT, Vander Costa defendeu no evento que haja um &#8220;forte investimento&#8221; em intelig\u00eancia policial para o combate ao n\u00famero elevado de roubos de cargas.<\/p>\n\n\n\n<p>\u201cHoje o combate \u00e0 recepta\u00e7\u00e3o depende fortemente de investimento em intelig\u00eancia policial. Mais do que patrulhamento ostensivo, h\u00e1 de se usar dados e rastrear os recursos financeiros at\u00e9 chegar aos mandantes, aqueles que encomendam o crime. \u00c9 preciso criminalizar quem efetivamente tem lucro com o roubo de cargas, e n\u00e3o apenas os agentes operacionais\u201d, disse ele.<\/p>\n\n\n\n<p>Para a confedera\u00e7\u00e3o, o conjunto de dispositivos previstos na PEC vai ajudar o Estado a combater o crime organizado, o que consequentemente ter\u00e1 impacto sobre o setor. Costa destacou que uma nova corpora\u00e7\u00e3o dever\u00e1 substituir a Pol\u00edcia Rodovi\u00e1ria Federal, atendendo a uma demanda hist\u00f3rica do setor de transportes, que sofre com o crescimento da pirataria pelos rios da Amaz\u00f4nia, tendo de investir em contrata\u00e7\u00e3o de seguran\u00e7a privada.<\/p>\n\n\n\n<p>\u201cEste ponto \u00e9 importante para o sistema transporte, pois a pol\u00edcia vi\u00e1ria federal far\u00e1 o patrulhamento ostensivo, n\u00e3o apenas das rodovias, mas das ferrovias e das hidrovias federais\u201d, disse Vander.<\/p>\n\n\n\n<p><strong>Sem GLO<\/strong><br>A jornalistas, o ministro Lewandowski disse descartar a implanta\u00e7\u00e3o de uma nova GLO (Garantia da Lei e da Ordem) para o combate ao roubo de cargas. Segundo ele, essa medida excepcional e extrema s\u00f3 \u00e9 justificada constitucionalmente quando as for\u00e7as de seguran\u00e7a regulares n\u00e3o estiverem mais \u201cdando conta do recado\u201d.<\/p>\n\n\n\n<p>\u201cE no resultado, no balan\u00e7o que n\u00f3s fizemos das \u00faltimas GLOs, nos portos e aeroportos, que decidimos\u2026 Que, na verdade, o senhor presidente da Rep\u00fablica decidiu n\u00e3o prorrogar, \u00e9, justamente, em fun\u00e7\u00e3o do trabalho prof\u00edcuo, trabalho eficiente, dentre outras for\u00e7as, sobretudo da Pol\u00edcia Federal\u201d, avaliou.<\/p>\n","protected":false},"excerpt":{"rendered":"<p>Sheyla Santos, da Ag\u00eancia iNFRA A PEC (Proposta de Emenda \u00e0 Constitui\u00e7\u00e3o) da Seguran\u00e7a P\u00fablica dever\u00e1 prever aumento de pena para receptadores de cargas roubadas, proposta de lei anti-m\u00e1fia e fiscaliza\u00e7\u00e3o policial em ferrovias e hidrovias. As informa\u00e7\u00f5es foram dadas na \u00faltima ter\u00e7a-feira (18) pelo ministro da Justi\u00e7a e Seguran\u00e7a P\u00fablica, Ricardo Lewandowski, durante o [&hellip;]<\/p>\n","protected":false},"author":1,"featured_media":20330,"comment_status":"closed","ping_status":"closed","sticky":false,"template":"","format":"standard","meta":{"_monsterinsights_skip_tracking":false,"_monsterinsights_sitenote_active":false,"_monsterinsights_sitenote_note":"","_monsterinsights_sitenote_category":0,"footnotes":""},"categories":[7250,1,7],"tags":[12620,12621,7782,7781,12618,12619,3887,495,8838,1059],"class_list":["post-20329","post","type-post","status-publish","format-standard","has-post-thumbnail","hentry","category-destaque-lista","category-geral","category-infratransporte","tag-fiscalizacao-policial-em-ferrovias","tag-fiscalizacao-policial-em-hidrovias","tag-forum-cnt-de-debates","tag-glo","tag-interceptacao","tag-lei-anti-mafia","tag-ricardo-lewandowski","tag-roubo-de-cargas","tag-sheyla-santos","tag-transporte-de-cargas"],"yoast_head":"<!-- This site is optimized with the Yoast SEO Premium plugin v25.4 (Yoast SEO v26.0) - https:\/\/yoast.com\/wordpress\/plugins\/seo\/ -->\n<title>Ministro da Justi\u00e7a defende aumento de pena para receptador de roubo de carga - Ag\u00eancia iNFRA<\/title>\n<meta name=\"robots\" content=\"index, follow, max-snippet:-1, max-image-preview:large, max-video-preview:-1\" \/>\n<link rel=\"canonical\" href=\"https:\/\/agenciainfra.com\/blog\/ministro-da-justica-defende-aumento-de-pena-para-receptador-de-roubo-de-carga\/\" \/>\n<meta property=\"og:locale\" content=\"pt_BR\" \/>\n<meta property=\"og:type\" content=\"article\" \/>\n<meta property=\"og:title\" content=\"Ministro da Justi\u00e7a defende aumento de pena para receptador de roubo de carga\" \/>\n<meta property=\"og:description\" content=\"Sheyla Santos, da Ag\u00eancia iNFRA A PEC (Proposta de Emenda \u00e0 Constitui\u00e7\u00e3o) da Seguran\u00e7a P\u00fablica dever\u00e1 prever aumento de pena para receptadores de cargas roubadas, proposta de lei anti-m\u00e1fia e fiscaliza\u00e7\u00e3o policial em ferrovias e hidrovias. As informa\u00e7\u00f5es foram dadas na \u00faltima ter\u00e7a-feira (18) pelo ministro da Justi\u00e7a e Seguran\u00e7a P\u00fablica, Ricardo Lewandowski, durante o [&hellip;]\" \/>\n<meta property=\"og:url\" content=\"https:\/\/agenciainfra.com\/blog\/ministro-da-justica-defende-aumento-de-pena-para-receptador-de-roubo-de-carga\/\" \/>\n<meta property=\"og:site_name\" content=\"Ag\u00eancia iNFRA\" \/>\n<meta property=\"article:publisher\" content=\"https:\/\/www.facebook.com\/ageninfra\" \/>\n<meta property=\"article:published_time\" content=\"2025-02-20T11:00:00+00:00\" \/>\n<meta property=\"og:image\" content=\"https:\/\/agenciainfra.com\/blog\/wp-content\/uploads\/2025\/02\/Ricardo-lewandowski-foto-jamile-ferraris-mjsp-1.jpeg\" \/>\n\t<meta property=\"og:image:width\" content=\"1208\" \/>\n\t<meta property=\"og:image:height\" content=\"658\" \/>\n\t<meta property=\"og:image:type\" content=\"image\/jpeg\" \/>\n<meta name=\"author\" content=\"Ag\u00eancia iNFRA\" \/>\n<meta name=\"twitter:card\" content=\"summary_large_image\" \/>\n<meta name=\"twitter:creator\" content=\"@agencia_infra\" \/>\n<meta name=\"twitter:site\" content=\"@agencia_infra\" \/>\n<meta name=\"twitter:label1\" content=\"Escrito por\" \/>\n\t<meta name=\"twitter:data1\" content=\"Ag\u00eancia iNFRA\" \/>\n\t<meta name=\"twitter:label2\" content=\"Est. tempo de leitura\" \/>\n\t<meta name=\"twitter:data2\" content=\"3 minutos\" \/>\n<script type=\"application\/ld+json\" class=\"yoast-schema-graph\">{\"@context\":\"https:\/\/schema.org\",\"@graph\":[{\"@type\":\"Article\",\"@id\":\"https:\/\/agenciainfra.com\/blog\/ministro-da-justica-defende-aumento-de-pena-para-receptador-de-roubo-de-carga\/#article\",\"isPartOf\":{\"@id\":\"https:\/\/agenciainfra.com\/blog\/ministro-da-justica-defende-aumento-de-pena-para-receptador-de-roubo-de-carga\/\"},\"author\":{\"name\":\"Ag\u00eancia iNFRA\",\"@id\":\"https:\/\/agenciainfra.com\/blog\/#\/schema\/person\/34af08dff6adea4cb22b06612ba7acfa\"},\"headline\":\"Ministro da Justi\u00e7a defende aumento de pena para receptador de roubo de carga\",\"datePublished\":\"2025-02-20T11:00:00+00:00\",\"mainEntityOfPage\":{\"@id\":\"https:\/\/agenciainfra.com\/blog\/ministro-da-justica-defende-aumento-de-pena-para-receptador-de-roubo-de-carga\/\"},\"wordCount\":520,\"publisher\":{\"@id\":\"https:\/\/agenciainfra.com\/blog\/#organization\"},\"image\":{\"@id\":\"https:\/\/agenciainfra.com\/blog\/ministro-da-justica-defende-aumento-de-pena-para-receptador-de-roubo-de-carga\/#primaryimage\"},\"thumbnailUrl\":\"https:\/\/agenciainfra.com\/blog\/wp-content\/uploads\/2025\/02\/Ricardo-lewandowski-foto-jamile-ferraris-mjsp-1.jpeg\",\"keywords\":[\"fiscaliza\u00e7\u00e3o policial em ferrovias\",\"fiscaliza\u00e7\u00e3o policial em hidrovias\",\"F\u00f3rum CNT de Debates\",\"GLO\",\"intercepta\u00e7\u00e3o\",\"lei anti-m\u00e1fia\",\"Ricardo Lewandowski\",\"roubo de cargas\",\"Sheyla Santos\",\"transporte de cargas\"],\"articleSection\":[\"Destaque lista\",\"Geral\",\"iNFRATransporte\"],\"inLanguage\":\"pt-BR\",\"copyrightYear\":\"2025\",\"copyrightHolder\":{\"@id\":\"https:\/\/agenciainfra.com\/blog\/#organization\"}},{\"@type\":\"WebPage\",\"@id\":\"https:\/\/agenciainfra.com\/blog\/ministro-da-justica-defende-aumento-de-pena-para-receptador-de-roubo-de-carga\/\",\"url\":\"https:\/\/agenciainfra.com\/blog\/ministro-da-justica-defende-aumento-de-pena-para-receptador-de-roubo-de-carga\/\",\"name\":\"Ministro da Justi\u00e7a defende aumento de pena para receptador de roubo de carga - Ag\u00eancia iNFRA\",\"isPartOf\":{\"@id\":\"https:\/\/agenciainfra.com\/blog\/#website\"},\"primaryImageOfPage\":{\"@id\":\"https:\/\/agenciainfra.com\/blog\/ministro-da-justica-defende-aumento-de-pena-para-receptador-de-roubo-de-carga\/#primaryimage\"},\"image\":{\"@id\":\"https:\/\/agenciainfra.com\/blog\/ministro-da-justica-defende-aumento-de-pena-para-receptador-de-roubo-de-carga\/#primaryimage\"},\"thumbnailUrl\":\"https:\/\/agenciainfra.com\/blog\/wp-content\/uploads\/2025\/02\/Ricardo-lewandowski-foto-jamile-ferraris-mjsp-1.jpeg\",\"datePublished\":\"2025-02-20T11:00:00+00:00\",\"breadcrumb\":{\"@id\":\"https:\/\/agenciainfra.com\/blog\/ministro-da-justica-defende-aumento-de-pena-para-receptador-de-roubo-de-carga\/#breadcrumb\"},\"inLanguage\":\"pt-BR\",\"potentialAction\":[{\"@type\":\"ReadAction\",\"target\":[\"https:\/\/agenciainfra.com\/blog\/ministro-da-justica-defende-aumento-de-pena-para-receptador-de-roubo-de-carga\/\"]}]},{\"@type\":\"ImageObject\",\"inLanguage\":\"pt-BR\",\"@id\":\"https:\/\/agenciainfra.com\/blog\/ministro-da-justica-defende-aumento-de-pena-para-receptador-de-roubo-de-carga\/#primaryimage\",\"url\":\"https:\/\/agenciainfra.com\/blog\/wp-content\/uploads\/2025\/02\/Ricardo-lewandowski-foto-jamile-ferraris-mjsp-1.jpeg\",\"contentUrl\":\"https:\/\/agenciainfra.com\/blog\/wp-content\/uploads\/2025\/02\/Ricardo-lewandowski-foto-jamile-ferraris-mjsp-1.jpeg\",\"width\":1208,\"height\":658},{\"@type\":\"BreadcrumbList\",\"@id\":\"https:\/\/agenciainfra.com\/blog\/ministro-da-justica-defende-aumento-de-pena-para-receptador-de-roubo-de-carga\/#breadcrumb\",\"itemListElement\":[{\"@type\":\"ListItem\",\"position\":1,\"name\":\"In\u00edcio\",\"item\":\"https:\/\/agenciainfra.com\/blog\/\"},{\"@type\":\"ListItem\",\"position\":2,\"name\":\"Ministro da Justi\u00e7a defende aumento de pena para receptador de roubo de carga\"}]},{\"@type\":\"WebSite\",\"@id\":\"https:\/\/agenciainfra.com\/blog\/#website\",\"url\":\"https:\/\/agenciainfra.com\/blog\/\",\"name\":\"Ag\u00eancia iNFRA\",\"description\":\"Multiplataforma de informa\u00e7\u00e3o jornal\u00edstica refer\u00eancia na \u00e1rea de infraestrutura no Brasil!\",\"publisher\":{\"@id\":\"https:\/\/agenciainfra.com\/blog\/#organization\"},\"potentialAction\":[{\"@type\":\"SearchAction\",\"target\":{\"@type\":\"EntryPoint\",\"urlTemplate\":\"https:\/\/agenciainfra.com\/blog\/?s={search_term_string}\"},\"query-input\":{\"@type\":\"PropertyValueSpecification\",\"valueRequired\":true,\"valueName\":\"search_term_string\"}}],\"inLanguage\":\"pt-BR\"},{\"@type\":\"Organization\",\"@id\":\"https:\/\/agenciainfra.com\/blog\/#organization\",\"name\":\"Ag\u00eancia iNFRA\",\"url\":\"https:\/\/agenciainfra.com\/blog\/\",\"logo\":{\"@type\":\"ImageObject\",\"inLanguage\":\"pt-BR\",\"@id\":\"https:\/\/agenciainfra.com\/blog\/#\/schema\/logo\/image\/\",\"url\":\"https:\/\/agenciainfra.com\/blog\/wp-content\/uploads\/2023\/09\/iNFRA_5-e1761735885940.png\",\"contentUrl\":\"https:\/\/agenciainfra.com\/blog\/wp-content\/uploads\/2023\/09\/iNFRA_5-e1761735885940.png\",\"width\":1672,\"height\":454,\"caption\":\"Ag\u00eancia iNFRA\"},\"image\":{\"@id\":\"https:\/\/agenciainfra.com\/blog\/#\/schema\/logo\/image\/\"},\"sameAs\":[\"https:\/\/www.facebook.com\/ageninfra\",\"https:\/\/x.com\/agencia_infra\",\"https:\/\/www.linkedin.com\/company\/ag\u00eanciainfra\/\",\"https:\/\/www.instagram.com\/agenciainfra\/\"]},{\"@type\":\"Person\",\"@id\":\"https:\/\/agenciainfra.com\/blog\/#\/schema\/person\/34af08dff6adea4cb22b06612ba7acfa\",\"name\":\"Ag\u00eancia iNFRA\",\"image\":{\"@type\":\"ImageObject\",\"inLanguage\":\"pt-BR\",\"@id\":\"https:\/\/agenciainfra.com\/blog\/#\/schema\/person\/image\/\",\"url\":\"https:\/\/secure.gravatar.com\/avatar\/d189e01678f06d8eb84d4e01f08eb848b3fffe3f8443818d3c356c66892f5be8?s=96&d=mm&r=g\",\"contentUrl\":\"https:\/\/secure.gravatar.com\/avatar\/d189e01678f06d8eb84d4e01f08eb848b3fffe3f8443818d3c356c66892f5be8?s=96&d=mm&r=g\",\"caption\":\"Ag\u00eancia iNFRA\"},\"url\":\"https:\/\/agenciainfra.com\/blog\/author\/admin\/\"}]}<\/script>\n<!-- \/ Yoast SEO Premium plugin. -->","yoast_head_json":{"title":"Ministro da Justi\u00e7a defende aumento de pena para receptador de roubo de carga - Ag\u00eancia iNFRA","robots":{"index":"index","follow":"follow","max-snippet":"max-snippet:-1","max-image-preview":"max-image-preview:large","max-video-preview":"max-video-preview:-1"},"canonical":"https:\/\/agenciainfra.com\/blog\/ministro-da-justica-defende-aumento-de-pena-para-receptador-de-roubo-de-carga\/","og_locale":"pt_BR","og_type":"article","og_title":"Ministro da Justi\u00e7a defende aumento de pena para receptador de roubo de carga","og_description":"Sheyla Santos, da Ag\u00eancia iNFRA A PEC (Proposta de Emenda \u00e0 Constitui\u00e7\u00e3o) da Seguran\u00e7a P\u00fablica dever\u00e1 prever aumento de pena para receptadores de cargas roubadas, proposta de lei anti-m\u00e1fia e fiscaliza\u00e7\u00e3o policial em ferrovias e hidrovias. As informa\u00e7\u00f5es foram dadas na \u00faltima ter\u00e7a-feira (18) pelo ministro da Justi\u00e7a e Seguran\u00e7a P\u00fablica, Ricardo Lewandowski, durante o [&hellip;]","og_url":"https:\/\/agenciainfra.com\/blog\/ministro-da-justica-defende-aumento-de-pena-para-receptador-de-roubo-de-carga\/","og_site_name":"Ag\u00eancia iNFRA","article_publisher":"https:\/\/www.facebook.com\/ageninfra","article_published_time":"2025-02-20T11:00:00+00:00","og_image":[{"width":1208,"height":658,"url":"https:\/\/agenciainfra.com\/blog\/wp-content\/uploads\/2025\/02\/Ricardo-lewandowski-foto-jamile-ferraris-mjsp-1.jpeg","type":"image\/jpeg"}],"author":"Ag\u00eancia iNFRA","twitter_card":"summary_large_image","twitter_creator":"@agencia_infra","twitter_site":"@agencia_infra","twitter_misc":{"Escrito por":"Ag\u00eancia iNFRA","Est. tempo de leitura":"3 minutos"},"schema":{"@context":"https:\/\/schema.org","@graph":[{"@type":"Article","@id":"https:\/\/agenciainfra.com\/blog\/ministro-da-justica-defende-aumento-de-pena-para-receptador-de-roubo-de-carga\/#article","isPartOf":{"@id":"https:\/\/agenciainfra.com\/blog\/ministro-da-justica-defende-aumento-de-pena-para-receptador-de-roubo-de-carga\/"},"author":{"name":"Ag\u00eancia iNFRA","@id":"https:\/\/agenciainfra.com\/blog\/#\/schema\/person\/34af08dff6adea4cb22b06612ba7acfa"},"headline":"Ministro da Justi\u00e7a defende aumento de pena para receptador de roubo de carga","datePublished":"2025-02-20T11:00:00+00:00","mainEntityOfPage":{"@id":"https:\/\/agenciainfra.com\/blog\/ministro-da-justica-defende-aumento-de-pena-para-receptador-de-roubo-de-carga\/"},"wordCount":520,"publisher":{"@id":"https:\/\/agenciainfra.com\/blog\/#organization"},"image":{"@id":"https:\/\/agenciainfra.com\/blog\/ministro-da-justica-defende-aumento-de-pena-para-receptador-de-roubo-de-carga\/#primaryimage"},"thumbnailUrl":"https:\/\/agenciainfra.com\/blog\/wp-content\/uploads\/2025\/02\/Ricardo-lewandowski-foto-jamile-ferraris-mjsp-1.jpeg","keywords":["fiscaliza\u00e7\u00e3o policial em ferrovias","fiscaliza\u00e7\u00e3o policial em hidrovias","F\u00f3rum CNT de Debates","GLO","intercepta\u00e7\u00e3o","lei anti-m\u00e1fia","Ricardo Lewandowski","roubo de cargas","Sheyla Santos","transporte de cargas"],"articleSection":["Destaque lista","Geral","iNFRATransporte"],"inLanguage":"pt-BR","copyrightYear":"2025","copyrightHolder":{"@id":"https:\/\/agenciainfra.com\/blog\/#organization"}},{"@type":"WebPage","@id":"https:\/\/agenciainfra.com\/blog\/ministro-da-justica-defende-aumento-de-pena-para-receptador-de-roubo-de-carga\/","url":"https:\/\/agenciainfra.com\/blog\/ministro-da-justica-defende-aumento-de-pena-para-receptador-de-roubo-de-carga\/","name":"Ministro da Justi\u00e7a defende aumento de pena para receptador de roubo de carga - Ag\u00eancia iNFRA","isPartOf":{"@id":"https:\/\/agenciainfra.com\/blog\/#website"},"primaryImageOfPage":{"@id":"https:\/\/agenciainfra.com\/blog\/ministro-da-justica-defende-aumento-de-pena-para-receptador-de-roubo-de-carga\/#primaryimage"},"image":{"@id":"https:\/\/agenciainfra.com\/blog\/ministro-da-justica-defende-aumento-de-pena-para-receptador-de-roubo-de-carga\/#primaryimage"},"thumbnailUrl":"https:\/\/agenciainfra.com\/blog\/wp-content\/uploads\/2025\/02\/Ricardo-lewandowski-foto-jamile-ferraris-mjsp-1.jpeg","datePublished":"2025-02-20T11:00:00+00:00","breadcrumb":{"@id":"https:\/\/agenciainfra.com\/blog\/ministro-da-justica-defende-aumento-de-pena-para-receptador-de-roubo-de-carga\/#breadcrumb"},"inLanguage":"pt-BR","potentialAction":[{"@type":"ReadAction","target":["https:\/\/agenciainfra.com\/blog\/ministro-da-justica-defende-aumento-de-pena-para-receptador-de-roubo-de-carga\/"]}]},{"@type":"ImageObject","inLanguage":"pt-BR","@id":"https:\/\/agenciainfra.com\/blog\/ministro-da-justica-defende-aumento-de-pena-para-receptador-de-roubo-de-carga\/#primaryimage","url":"https:\/\/agenciainfra.com\/blog\/wp-content\/uploads\/2025\/02\/Ricardo-lewandowski-foto-jamile-ferraris-mjsp-1.jpeg","contentUrl":"https:\/\/agenciainfra.com\/blog\/wp-content\/uploads\/2025\/02\/Ricardo-lewandowski-foto-jamile-ferraris-mjsp-1.jpeg","width":1208,"height":658},{"@type":"BreadcrumbList","@id":"https:\/\/agenciainfra.com\/blog\/ministro-da-justica-defende-aumento-de-pena-para-receptador-de-roubo-de-carga\/#breadcrumb","itemListElement":[{"@type":"ListItem","position":1,"name":"In\u00edcio","item":"https:\/\/agenciainfra.com\/blog\/"},{"@type":"ListItem","position":2,"name":"Ministro da Justi\u00e7a defende aumento de pena para receptador de roubo de carga"}]},{"@type":"WebSite","@id":"https:\/\/agenciainfra.com\/blog\/#website","url":"https:\/\/agenciainfra.com\/blog\/","name":"Ag\u00eancia iNFRA","description":"Multiplataforma de informa\u00e7\u00e3o jornal\u00edstica refer\u00eancia na \u00e1rea de infraestrutura no Brasil!","publisher":{"@id":"https:\/\/agenciainfra.com\/blog\/#organization"},"potentialAction":[{"@type":"SearchAction","target":{"@type":"EntryPoint","urlTemplate":"https:\/\/agenciainfra.com\/blog\/?s={search_term_string}"},"query-input":{"@type":"PropertyValueSpecification","valueRequired":true,"valueName":"search_term_string"}}],"inLanguage":"pt-BR"},{"@type":"Organization","@id":"https:\/\/agenciainfra.com\/blog\/#organization","name":"Ag\u00eancia iNFRA","url":"https:\/\/agenciainfra.com\/blog\/","logo":{"@type":"ImageObject","inLanguage":"pt-BR","@id":"https:\/\/agenciainfra.com\/blog\/#\/schema\/logo\/image\/","url":"https:\/\/agenciainfra.com\/blog\/wp-content\/uploads\/2023\/09\/iNFRA_5-e1761735885940.png","contentUrl":"https:\/\/agenciainfra.com\/blog\/wp-content\/uploads\/2023\/09\/iNFRA_5-e1761735885940.png","width":1672,"height":454,"caption":"Ag\u00eancia iNFRA"},"image":{"@id":"https:\/\/agenciainfra.com\/blog\/#\/schema\/logo\/image\/"},"sameAs":["https:\/\/www.facebook.com\/ageninfra","https:\/\/x.com\/agencia_infra","https:\/\/www.linkedin.com\/company\/ag\u00eanciainfra\/","https:\/\/www.instagram.com\/agenciainfra\/"]},{"@type":"Person","@id":"https:\/\/agenciainfra.com\/blog\/#\/schema\/person\/34af08dff6adea4cb22b06612ba7acfa","name":"Ag\u00eancia iNFRA","image":{"@type":"ImageObject","inLanguage":"pt-BR","@id":"https:\/\/agenciainfra.com\/blog\/#\/schema\/person\/image\/","url":"https:\/\/secure.gravatar.com\/avatar\/d189e01678f06d8eb84d4e01f08eb848b3fffe3f8443818d3c356c66892f5be8?s=96&d=mm&r=g","contentUrl":"https:\/\/secure.gravatar.com\/avatar\/d189e01678f06d8eb84d4e01f08eb848b3fffe3f8443818d3c356c66892f5be8?s=96&d=mm&r=g","caption":"Ag\u00eancia iNFRA"},"url":"https:\/\/agenciainfra.com\/blog\/author\/admin\/"}]}},"_links":{"self":[{"href":"https:\/\/agenciainfra.com\/blog\/wp-json\/wp\/v2\/posts\/20329","targetHints":{"allow":["GET"]}}],"collection":[{"href":"https:\/\/agenciainfra.com\/blog\/wp-json\/wp\/v2\/posts"}],"about":[{"href":"https:\/\/agenciainfra.com\/blog\/wp-json\/wp\/v2\/types\/post"}],"author":[{"embeddable":true,"href":"https:\/\/agenciainfra.com\/blog\/wp-json\/wp\/v2\/users\/1"}],"replies":[{"embeddable":true,"href":"https:\/\/agenciainfra.com\/blog\/wp-json\/wp\/v2\/comments?post=20329"}],"version-history":[{"count":1,"href":"https:\/\/agenciainfra.com\/blog\/wp-json\/wp\/v2\/posts\/20329\/revisions"}],"predecessor-version":[{"id":20331,"href":"https:\/\/agenciainfra.com\/blog\/wp-json\/wp\/v2\/posts\/20329\/revisions\/20331"}],"wp:featuredmedia":[{"embeddable":true,"href":"https:\/\/agenciainfra.com\/blog\/wp-json\/wp\/v2\/media\/20330"}],"wp:attachment":[{"href":"https:\/\/agenciainfra.com\/blog\/wp-json\/wp\/v2\/media?parent=20329"}],"wp:term":[{"taxonomy":"category","embeddable":true,"href":"https:\/\/agenciainfra.com\/blog\/wp-json\/wp\/v2\/categories?post=20329"},{"taxonomy":"post_tag","embeddable":true,"href":"https:\/\/agenciainfra.com\/blog\/wp-json\/wp\/v2\/tags?post=20329"}],"curies":[{"name":"wp","href":"https:\/\/api.w.org\/{rel}","templated":true}]}}