{"id":20334,"date":"2025-02-20T09:00:00","date_gmt":"2025-02-20T12:00:00","guid":{"rendered":"https:\/\/agenciainfra.com\/blog\/?p=20334"},"modified":"2025-02-20T07:13:31","modified_gmt":"2025-02-20T10:13:31","slug":"reforma-do-setor-eletrico-sera-prioridade-diz-senador-marcos-rogerio-novo-presidente-da-comissao-de-infraestrutura","status":"publish","type":"post","link":"https:\/\/agenciainfra.com\/blog\/reforma-do-setor-eletrico-sera-prioridade-diz-senador-marcos-rogerio-novo-presidente-da-comissao-de-infraestrutura\/","title":{"rendered":"Reforma do setor el\u00e9trico ser\u00e1 prioridade, diz senador Marcos Rog\u00e9rio, novo presidente da Comiss\u00e3o de Infraestrutura"},"content":{"rendered":"\n<p class=\"has-text-align-right\"><strong>Marisa Wanzeller e Geraldo Campos Jr., da Ag\u00eancia iNFRA<\/strong><\/p>\n\n\n\n<p>O senador Marcos Rog\u00e9rio (PL-RO) foi eleito presidente da CI (Comiss\u00e3o de Servi\u00e7os de Infraestrutura) nesta quarta-feira (19) e j\u00e1 destacou que a reforma do setor el\u00e9trico estar\u00e1 dentre as prioridades do colegiado.<\/p>\n\n\n\n<p>O parlamentar afirmou que buscar\u00e1 reunir-se com o presidente da C\u00e2mara, deputado Hugo Motta (Republicanos-PB), e com o pr\u00f3ximo presidente da CME (Comiss\u00e3o de Minas e Energia) para tratar da mat\u00e9ria que est\u00e1 parada na Casa, o PL (Projeto de Lei) 414\/2021. Marcos Rog\u00e9rio relatou a proposta quando estava no Senado.<\/p>\n\n\n\n<p>\u201cDiscutir uma reforma estruturante \u00e9 um tema necess\u00e1rio. \u00c9 um setor que precisa. O consumidor brasileiro paga uma conta de luz muito alta\u201d, afirmou em entrevista ap\u00f3s a sua elei\u00e7\u00e3o na CI.&nbsp;<\/p>\n\n\n\n<p>O senador ainda defendeu que o projeto precisa de atualiza\u00e7\u00e3o: \u201cDepois de quatro anos, muito daquilo que n\u00f3s colocamos nessa proposta l\u00e1 atr\u00e1s, hoje a gente j\u00e1 precisa revisar. Quando voc\u00ea demora demais para dar efetividade a uma reforma estruturante, no final, voc\u00ea precisa reformar a pr\u00f3pria reforma\u201d.<\/p>\n\n\n\n<p><strong>Ag\u00eancias<\/strong><br>O novo presidente da CI tamb\u00e9m afirmou que \u00e9 preocupante que ag\u00eancias reguladoras funcionem atualmente sem as diretorias completas. Ele ressaltou que, t\u00e3o logo as indica\u00e7\u00f5es sejam despachadas para a CI, a comiss\u00e3o dar\u00e1 encaminhamento das sabatinas para \u201crecompor os colegiados das ag\u00eancias reguladoras\u201d.<\/p>\n\n\n\n<p>O governo encaminhou uma lista de indica\u00e7\u00f5es para o Senado ainda em dezembro de 2024, mas n\u00e3o contemplou a ANEEL (Ag\u00eancia Nacional de Energia El\u00e9trica). A reguladora ficou de maio do \u00faltimo ano at\u00e9 janeiro de 2025 com apenas quatro diretores na composi\u00e7\u00e3o do colegiado. Atualmente, a diretora substituta Ludimila Lima ocupa provisoriamente a quinta cadeira.&nbsp;<\/p>\n\n\n\n<p>\u201c\u00c9 preocupante. Muitas ag\u00eancias est\u00e3o sem a sua composi\u00e7\u00e3o total, funcionando com substitutos eventuais, tempor\u00e1rios, conforme previs\u00e3o legal. Mas aquilo que era para ser uma situa\u00e7\u00e3o tempor\u00e1ria, em muitos casos, tem levado muito mais tempo, em raz\u00e3o de uma aus\u00eancia de indica\u00e7\u00e3o\u201d, disse Marcos Rog\u00e9rio.<\/p>\n\n\n\n<p><strong>Aclama\u00e7\u00e3o<\/strong><br>A presid\u00eancia da CI estava costurada desde antes da elei\u00e7\u00e3o do atual presidente do Senado Federal, Davi Alcolumbre (Uni\u00e3o-AP). O senador Marcos Rog\u00e9rio, que comp\u00f5e o bloco de oposi\u00e7\u00e3o ao governo na Casa, foi eleito por aclama\u00e7\u00e3o.<\/p>\n\n\n\n<p>A reuni\u00e3o de instala\u00e7\u00e3o e elei\u00e7\u00e3o do presidente do colegiado contou com a visita de&nbsp;Alcolumbre. \u201cS\u00f3 vim ver se seria por aclama\u00e7\u00e3o mesmo&#8221;, declarou o presidente da Casa.<\/p>\n","protected":false},"excerpt":{"rendered":"<p>Marisa Wanzeller e Geraldo Campos Jr., da Ag\u00eancia iNFRA O senador Marcos Rog\u00e9rio (PL-RO) foi eleito presidente da CI (Comiss\u00e3o de Servi\u00e7os de Infraestrutura) nesta quarta-feira (19) e j\u00e1 destacou que a reforma do setor el\u00e9trico estar\u00e1 dentre as prioridades do colegiado. O parlamentar afirmou que buscar\u00e1 reunir-se com o presidente da C\u00e2mara, deputado Hugo [&hellip;]<\/p>\n","protected":false},"author":1,"featured_media":20337,"comment_status":"closed","ping_status":"closed","sticky":false,"template":"","format":"standard","meta":{"_monsterinsights_skip_tracking":false,"_monsterinsights_sitenote_active":false,"_monsterinsights_sitenote_note":"","_monsterinsights_sitenote_category":0,"footnotes":""},"categories":[7250,1,10],"tags":[46,1498,12624,11594,1193,7366,11921,10710,123,12625],"class_list":["post-20334","post","type-post","status-publish","format-standard","has-post-thumbnail","hentry","category-destaque-lista","category-geral","category-infraenergia","tag-agencias-reguladoras","tag-comissao-de-infraestrutura","tag-deputado-hugo-motta","tag-geraldo-campos-jr","tag-marcos-rogerio","tag-marisa-wanzeller","tag-presidencia-da-ci","tag-reforma-do-setor-eletrico","tag-senado","tag-senador-davi-alcolumbre"],"yoast_head":"<!-- This site is optimized with the Yoast SEO Premium plugin v25.4 (Yoast SEO v26.0) - https:\/\/yoast.com\/wordpress\/plugins\/seo\/ -->\n<title>Reforma do setor el\u00e9trico ser\u00e1 prioridade, diz senador Marcos Rog\u00e9rio, novo presidente da Comiss\u00e3o de Infraestrutura - Ag\u00eancia iNFRA<\/title>\n<meta name=\"robots\" content=\"index, follow, max-snippet:-1, max-image-preview:large, max-video-preview:-1\" \/>\n<link rel=\"canonical\" href=\"https:\/\/agenciainfra.com\/blog\/reforma-do-setor-eletrico-sera-prioridade-diz-senador-marcos-rogerio-novo-presidente-da-comissao-de-infraestrutura\/\" \/>\n<meta property=\"og:locale\" content=\"pt_BR\" \/>\n<meta property=\"og:type\" content=\"article\" \/>\n<meta property=\"og:title\" content=\"Reforma do setor el\u00e9trico ser\u00e1 prioridade, diz senador Marcos Rog\u00e9rio, novo presidente da Comiss\u00e3o de Infraestrutura\" \/>\n<meta property=\"og:description\" content=\"Marisa Wanzeller e Geraldo Campos Jr., da Ag\u00eancia iNFRA O senador Marcos Rog\u00e9rio (PL-RO) foi eleito presidente da CI (Comiss\u00e3o de Servi\u00e7os de Infraestrutura) nesta quarta-feira (19) e j\u00e1 destacou que a reforma do setor el\u00e9trico estar\u00e1 dentre as prioridades do colegiado. O parlamentar afirmou que buscar\u00e1 reunir-se com o presidente da C\u00e2mara, deputado Hugo [&hellip;]\" \/>\n<meta property=\"og:url\" content=\"https:\/\/agenciainfra.com\/blog\/reforma-do-setor-eletrico-sera-prioridade-diz-senador-marcos-rogerio-novo-presidente-da-comissao-de-infraestrutura\/\" \/>\n<meta property=\"og:site_name\" content=\"Ag\u00eancia iNFRA\" \/>\n<meta property=\"article:publisher\" content=\"https:\/\/www.facebook.com\/ageninfra\" \/>\n<meta property=\"article:published_time\" content=\"2025-02-20T12:00:00+00:00\" \/>\n<meta property=\"og:image\" content=\"https:\/\/agenciainfra.com\/blog\/wp-content\/uploads\/2025\/02\/senador-marcos-rogerio-foto-edilson-rodrigues-agencia-senado.jpg\" \/>\n\t<meta property=\"og:image:width\" content=\"855\" \/>\n\t<meta property=\"og:image:height\" content=\"570\" \/>\n\t<meta property=\"og:image:type\" content=\"image\/jpeg\" \/>\n<meta name=\"author\" content=\"Ag\u00eancia iNFRA\" \/>\n<meta name=\"twitter:card\" content=\"summary_large_image\" \/>\n<meta name=\"twitter:creator\" content=\"@agencia_infra\" \/>\n<meta name=\"twitter:site\" content=\"@agencia_infra\" \/>\n<meta name=\"twitter:label1\" content=\"Escrito por\" \/>\n\t<meta name=\"twitter:data1\" content=\"Ag\u00eancia iNFRA\" \/>\n\t<meta name=\"twitter:label2\" content=\"Est. tempo de leitura\" \/>\n\t<meta name=\"twitter:data2\" content=\"2 minutos\" \/>\n<script type=\"application\/ld+json\" class=\"yoast-schema-graph\">{\"@context\":\"https:\/\/schema.org\",\"@graph\":[{\"@type\":\"Article\",\"@id\":\"https:\/\/agenciainfra.com\/blog\/reforma-do-setor-eletrico-sera-prioridade-diz-senador-marcos-rogerio-novo-presidente-da-comissao-de-infraestrutura\/#article\",\"isPartOf\":{\"@id\":\"https:\/\/agenciainfra.com\/blog\/reforma-do-setor-eletrico-sera-prioridade-diz-senador-marcos-rogerio-novo-presidente-da-comissao-de-infraestrutura\/\"},\"author\":{\"name\":\"Ag\u00eancia iNFRA\",\"@id\":\"https:\/\/agenciainfra.com\/blog\/#\/schema\/person\/34af08dff6adea4cb22b06612ba7acfa\"},\"headline\":\"Reforma do setor el\u00e9trico ser\u00e1 prioridade, diz senador Marcos Rog\u00e9rio, novo presidente da Comiss\u00e3o de Infraestrutura\",\"datePublished\":\"2025-02-20T12:00:00+00:00\",\"mainEntityOfPage\":{\"@id\":\"https:\/\/agenciainfra.com\/blog\/reforma-do-setor-eletrico-sera-prioridade-diz-senador-marcos-rogerio-novo-presidente-da-comissao-de-infraestrutura\/\"},\"wordCount\":452,\"publisher\":{\"@id\":\"https:\/\/agenciainfra.com\/blog\/#organization\"},\"image\":{\"@id\":\"https:\/\/agenciainfra.com\/blog\/reforma-do-setor-eletrico-sera-prioridade-diz-senador-marcos-rogerio-novo-presidente-da-comissao-de-infraestrutura\/#primaryimage\"},\"thumbnailUrl\":\"https:\/\/agenciainfra.com\/blog\/wp-content\/uploads\/2025\/02\/senador-marcos-rogerio-foto-edilson-rodrigues-agencia-senado.jpg\",\"keywords\":[\"Ag\u00eancias Reguladoras\",\"Comiss\u00e3o de Infraestrutura\",\"deputado hugo motta\",\"Geraldo Campos Jr.\",\"Marcos Rog\u00e9rio\",\"Marisa Wanzeller\",\"presid\u00eancia da CI\",\"Reforma do Setor El\u00e9trico\",\"senado\",\"senador davi alcolumbre\"],\"articleSection\":[\"Destaque lista\",\"Geral\",\"iNFRAEnergia\"],\"inLanguage\":\"pt-BR\",\"copyrightYear\":\"2025\",\"copyrightHolder\":{\"@id\":\"https:\/\/agenciainfra.com\/blog\/#organization\"}},{\"@type\":\"WebPage\",\"@id\":\"https:\/\/agenciainfra.com\/blog\/reforma-do-setor-eletrico-sera-prioridade-diz-senador-marcos-rogerio-novo-presidente-da-comissao-de-infraestrutura\/\",\"url\":\"https:\/\/agenciainfra.com\/blog\/reforma-do-setor-eletrico-sera-prioridade-diz-senador-marcos-rogerio-novo-presidente-da-comissao-de-infraestrutura\/\",\"name\":\"Reforma do setor el\u00e9trico ser\u00e1 prioridade, diz senador Marcos Rog\u00e9rio, novo presidente da Comiss\u00e3o de Infraestrutura - Ag\u00eancia iNFRA\",\"isPartOf\":{\"@id\":\"https:\/\/agenciainfra.com\/blog\/#website\"},\"primaryImageOfPage\":{\"@id\":\"https:\/\/agenciainfra.com\/blog\/reforma-do-setor-eletrico-sera-prioridade-diz-senador-marcos-rogerio-novo-presidente-da-comissao-de-infraestrutura\/#primaryimage\"},\"image\":{\"@id\":\"https:\/\/agenciainfra.com\/blog\/reforma-do-setor-eletrico-sera-prioridade-diz-senador-marcos-rogerio-novo-presidente-da-comissao-de-infraestrutura\/#primaryimage\"},\"thumbnailUrl\":\"https:\/\/agenciainfra.com\/blog\/wp-content\/uploads\/2025\/02\/senador-marcos-rogerio-foto-edilson-rodrigues-agencia-senado.jpg\",\"datePublished\":\"2025-02-20T12:00:00+00:00\",\"breadcrumb\":{\"@id\":\"https:\/\/agenciainfra.com\/blog\/reforma-do-setor-eletrico-sera-prioridade-diz-senador-marcos-rogerio-novo-presidente-da-comissao-de-infraestrutura\/#breadcrumb\"},\"inLanguage\":\"pt-BR\",\"potentialAction\":[{\"@type\":\"ReadAction\",\"target\":[\"https:\/\/agenciainfra.com\/blog\/reforma-do-setor-eletrico-sera-prioridade-diz-senador-marcos-rogerio-novo-presidente-da-comissao-de-infraestrutura\/\"]}]},{\"@type\":\"ImageObject\",\"inLanguage\":\"pt-BR\",\"@id\":\"https:\/\/agenciainfra.com\/blog\/reforma-do-setor-eletrico-sera-prioridade-diz-senador-marcos-rogerio-novo-presidente-da-comissao-de-infraestrutura\/#primaryimage\",\"url\":\"https:\/\/agenciainfra.com\/blog\/wp-content\/uploads\/2025\/02\/senador-marcos-rogerio-foto-edilson-rodrigues-agencia-senado.jpg\",\"contentUrl\":\"https:\/\/agenciainfra.com\/blog\/wp-content\/uploads\/2025\/02\/senador-marcos-rogerio-foto-edilson-rodrigues-agencia-senado.jpg\",\"width\":855,\"height\":570,\"caption\":\"Foto: Edilson Rodrigues\/Ag\u00eancia Senado\"},{\"@type\":\"BreadcrumbList\",\"@id\":\"https:\/\/agenciainfra.com\/blog\/reforma-do-setor-eletrico-sera-prioridade-diz-senador-marcos-rogerio-novo-presidente-da-comissao-de-infraestrutura\/#breadcrumb\",\"itemListElement\":[{\"@type\":\"ListItem\",\"position\":1,\"name\":\"In\u00edcio\",\"item\":\"https:\/\/agenciainfra.com\/blog\/\"},{\"@type\":\"ListItem\",\"position\":2,\"name\":\"Reforma do setor el\u00e9trico ser\u00e1 prioridade, diz senador Marcos Rog\u00e9rio, novo presidente da Comiss\u00e3o de Infraestrutura\"}]},{\"@type\":\"WebSite\",\"@id\":\"https:\/\/agenciainfra.com\/blog\/#website\",\"url\":\"https:\/\/agenciainfra.com\/blog\/\",\"name\":\"Ag\u00eancia iNFRA\",\"description\":\"Multiplataforma de informa\u00e7\u00e3o jornal\u00edstica refer\u00eancia na \u00e1rea de infraestrutura no Brasil!\",\"publisher\":{\"@id\":\"https:\/\/agenciainfra.com\/blog\/#organization\"},\"potentialAction\":[{\"@type\":\"SearchAction\",\"target\":{\"@type\":\"EntryPoint\",\"urlTemplate\":\"https:\/\/agenciainfra.com\/blog\/?s={search_term_string}\"},\"query-input\":{\"@type\":\"PropertyValueSpecification\",\"valueRequired\":true,\"valueName\":\"search_term_string\"}}],\"inLanguage\":\"pt-BR\"},{\"@type\":\"Organization\",\"@id\":\"https:\/\/agenciainfra.com\/blog\/#organization\",\"name\":\"Ag\u00eancia iNFRA\",\"url\":\"https:\/\/agenciainfra.com\/blog\/\",\"logo\":{\"@type\":\"ImageObject\",\"inLanguage\":\"pt-BR\",\"@id\":\"https:\/\/agenciainfra.com\/blog\/#\/schema\/logo\/image\/\",\"url\":\"https:\/\/agenciainfra.com\/blog\/wp-content\/uploads\/2023\/09\/iNFRA_5-e1761735885940.png\",\"contentUrl\":\"https:\/\/agenciainfra.com\/blog\/wp-content\/uploads\/2023\/09\/iNFRA_5-e1761735885940.png\",\"width\":1672,\"height\":454,\"caption\":\"Ag\u00eancia iNFRA\"},\"image\":{\"@id\":\"https:\/\/agenciainfra.com\/blog\/#\/schema\/logo\/image\/\"},\"sameAs\":[\"https:\/\/www.facebook.com\/ageninfra\",\"https:\/\/x.com\/agencia_infra\",\"https:\/\/www.linkedin.com\/company\/ag\u00eanciainfra\/\",\"https:\/\/www.instagram.com\/agenciainfra\/\"]},{\"@type\":\"Person\",\"@id\":\"https:\/\/agenciainfra.com\/blog\/#\/schema\/person\/34af08dff6adea4cb22b06612ba7acfa\",\"name\":\"Ag\u00eancia iNFRA\",\"image\":{\"@type\":\"ImageObject\",\"inLanguage\":\"pt-BR\",\"@id\":\"https:\/\/agenciainfra.com\/blog\/#\/schema\/person\/image\/\",\"url\":\"https:\/\/secure.gravatar.com\/avatar\/d189e01678f06d8eb84d4e01f08eb848b3fffe3f8443818d3c356c66892f5be8?s=96&d=mm&r=g\",\"contentUrl\":\"https:\/\/secure.gravatar.com\/avatar\/d189e01678f06d8eb84d4e01f08eb848b3fffe3f8443818d3c356c66892f5be8?s=96&d=mm&r=g\",\"caption\":\"Ag\u00eancia iNFRA\"},\"url\":\"https:\/\/agenciainfra.com\/blog\/author\/admin\/\"}]}<\/script>\n<!-- \/ Yoast SEO Premium plugin. -->","yoast_head_json":{"title":"Reforma do setor el\u00e9trico ser\u00e1 prioridade, diz senador Marcos Rog\u00e9rio, novo presidente da Comiss\u00e3o de Infraestrutura - Ag\u00eancia iNFRA","robots":{"index":"index","follow":"follow","max-snippet":"max-snippet:-1","max-image-preview":"max-image-preview:large","max-video-preview":"max-video-preview:-1"},"canonical":"https:\/\/agenciainfra.com\/blog\/reforma-do-setor-eletrico-sera-prioridade-diz-senador-marcos-rogerio-novo-presidente-da-comissao-de-infraestrutura\/","og_locale":"pt_BR","og_type":"article","og_title":"Reforma do setor el\u00e9trico ser\u00e1 prioridade, diz senador Marcos Rog\u00e9rio, novo presidente da Comiss\u00e3o de Infraestrutura","og_description":"Marisa Wanzeller e Geraldo Campos Jr., da Ag\u00eancia iNFRA O senador Marcos Rog\u00e9rio (PL-RO) foi eleito presidente da CI (Comiss\u00e3o de Servi\u00e7os de Infraestrutura) nesta quarta-feira (19) e j\u00e1 destacou que a reforma do setor el\u00e9trico estar\u00e1 dentre as prioridades do colegiado. O parlamentar afirmou que buscar\u00e1 reunir-se com o presidente da C\u00e2mara, deputado Hugo [&hellip;]","og_url":"https:\/\/agenciainfra.com\/blog\/reforma-do-setor-eletrico-sera-prioridade-diz-senador-marcos-rogerio-novo-presidente-da-comissao-de-infraestrutura\/","og_site_name":"Ag\u00eancia iNFRA","article_publisher":"https:\/\/www.facebook.com\/ageninfra","article_published_time":"2025-02-20T12:00:00+00:00","og_image":[{"width":855,"height":570,"url":"https:\/\/agenciainfra.com\/blog\/wp-content\/uploads\/2025\/02\/senador-marcos-rogerio-foto-edilson-rodrigues-agencia-senado.jpg","type":"image\/jpeg"}],"author":"Ag\u00eancia iNFRA","twitter_card":"summary_large_image","twitter_creator":"@agencia_infra","twitter_site":"@agencia_infra","twitter_misc":{"Escrito por":"Ag\u00eancia iNFRA","Est. tempo de leitura":"2 minutos"},"schema":{"@context":"https:\/\/schema.org","@graph":[{"@type":"Article","@id":"https:\/\/agenciainfra.com\/blog\/reforma-do-setor-eletrico-sera-prioridade-diz-senador-marcos-rogerio-novo-presidente-da-comissao-de-infraestrutura\/#article","isPartOf":{"@id":"https:\/\/agenciainfra.com\/blog\/reforma-do-setor-eletrico-sera-prioridade-diz-senador-marcos-rogerio-novo-presidente-da-comissao-de-infraestrutura\/"},"author":{"name":"Ag\u00eancia iNFRA","@id":"https:\/\/agenciainfra.com\/blog\/#\/schema\/person\/34af08dff6adea4cb22b06612ba7acfa"},"headline":"Reforma do setor el\u00e9trico ser\u00e1 prioridade, diz senador Marcos Rog\u00e9rio, novo presidente da Comiss\u00e3o de Infraestrutura","datePublished":"2025-02-20T12:00:00+00:00","mainEntityOfPage":{"@id":"https:\/\/agenciainfra.com\/blog\/reforma-do-setor-eletrico-sera-prioridade-diz-senador-marcos-rogerio-novo-presidente-da-comissao-de-infraestrutura\/"},"wordCount":452,"publisher":{"@id":"https:\/\/agenciainfra.com\/blog\/#organization"},"image":{"@id":"https:\/\/agenciainfra.com\/blog\/reforma-do-setor-eletrico-sera-prioridade-diz-senador-marcos-rogerio-novo-presidente-da-comissao-de-infraestrutura\/#primaryimage"},"thumbnailUrl":"https:\/\/agenciainfra.com\/blog\/wp-content\/uploads\/2025\/02\/senador-marcos-rogerio-foto-edilson-rodrigues-agencia-senado.jpg","keywords":["Ag\u00eancias Reguladoras","Comiss\u00e3o de Infraestrutura","deputado hugo motta","Geraldo Campos Jr.","Marcos Rog\u00e9rio","Marisa Wanzeller","presid\u00eancia da CI","Reforma do Setor El\u00e9trico","senado","senador davi alcolumbre"],"articleSection":["Destaque lista","Geral","iNFRAEnergia"],"inLanguage":"pt-BR","copyrightYear":"2025","copyrightHolder":{"@id":"https:\/\/agenciainfra.com\/blog\/#organization"}},{"@type":"WebPage","@id":"https:\/\/agenciainfra.com\/blog\/reforma-do-setor-eletrico-sera-prioridade-diz-senador-marcos-rogerio-novo-presidente-da-comissao-de-infraestrutura\/","url":"https:\/\/agenciainfra.com\/blog\/reforma-do-setor-eletrico-sera-prioridade-diz-senador-marcos-rogerio-novo-presidente-da-comissao-de-infraestrutura\/","name":"Reforma do setor el\u00e9trico ser\u00e1 prioridade, diz senador Marcos Rog\u00e9rio, novo presidente da Comiss\u00e3o de Infraestrutura - Ag\u00eancia iNFRA","isPartOf":{"@id":"https:\/\/agenciainfra.com\/blog\/#website"},"primaryImageOfPage":{"@id":"https:\/\/agenciainfra.com\/blog\/reforma-do-setor-eletrico-sera-prioridade-diz-senador-marcos-rogerio-novo-presidente-da-comissao-de-infraestrutura\/#primaryimage"},"image":{"@id":"https:\/\/agenciainfra.com\/blog\/reforma-do-setor-eletrico-sera-prioridade-diz-senador-marcos-rogerio-novo-presidente-da-comissao-de-infraestrutura\/#primaryimage"},"thumbnailUrl":"https:\/\/agenciainfra.com\/blog\/wp-content\/uploads\/2025\/02\/senador-marcos-rogerio-foto-edilson-rodrigues-agencia-senado.jpg","datePublished":"2025-02-20T12:00:00+00:00","breadcrumb":{"@id":"https:\/\/agenciainfra.com\/blog\/reforma-do-setor-eletrico-sera-prioridade-diz-senador-marcos-rogerio-novo-presidente-da-comissao-de-infraestrutura\/#breadcrumb"},"inLanguage":"pt-BR","potentialAction":[{"@type":"ReadAction","target":["https:\/\/agenciainfra.com\/blog\/reforma-do-setor-eletrico-sera-prioridade-diz-senador-marcos-rogerio-novo-presidente-da-comissao-de-infraestrutura\/"]}]},{"@type":"ImageObject","inLanguage":"pt-BR","@id":"https:\/\/agenciainfra.com\/blog\/reforma-do-setor-eletrico-sera-prioridade-diz-senador-marcos-rogerio-novo-presidente-da-comissao-de-infraestrutura\/#primaryimage","url":"https:\/\/agenciainfra.com\/blog\/wp-content\/uploads\/2025\/02\/senador-marcos-rogerio-foto-edilson-rodrigues-agencia-senado.jpg","contentUrl":"https:\/\/agenciainfra.com\/blog\/wp-content\/uploads\/2025\/02\/senador-marcos-rogerio-foto-edilson-rodrigues-agencia-senado.jpg","width":855,"height":570,"caption":"Foto: Edilson Rodrigues\/Ag\u00eancia Senado"},{"@type":"BreadcrumbList","@id":"https:\/\/agenciainfra.com\/blog\/reforma-do-setor-eletrico-sera-prioridade-diz-senador-marcos-rogerio-novo-presidente-da-comissao-de-infraestrutura\/#breadcrumb","itemListElement":[{"@type":"ListItem","position":1,"name":"In\u00edcio","item":"https:\/\/agenciainfra.com\/blog\/"},{"@type":"ListItem","position":2,"name":"Reforma do setor el\u00e9trico ser\u00e1 prioridade, diz senador Marcos Rog\u00e9rio, novo presidente da Comiss\u00e3o de Infraestrutura"}]},{"@type":"WebSite","@id":"https:\/\/agenciainfra.com\/blog\/#website","url":"https:\/\/agenciainfra.com\/blog\/","name":"Ag\u00eancia iNFRA","description":"Multiplataforma de informa\u00e7\u00e3o jornal\u00edstica refer\u00eancia na \u00e1rea de infraestrutura no Brasil!","publisher":{"@id":"https:\/\/agenciainfra.com\/blog\/#organization"},"potentialAction":[{"@type":"SearchAction","target":{"@type":"EntryPoint","urlTemplate":"https:\/\/agenciainfra.com\/blog\/?s={search_term_string}"},"query-input":{"@type":"PropertyValueSpecification","valueRequired":true,"valueName":"search_term_string"}}],"inLanguage":"pt-BR"},{"@type":"Organization","@id":"https:\/\/agenciainfra.com\/blog\/#organization","name":"Ag\u00eancia iNFRA","url":"https:\/\/agenciainfra.com\/blog\/","logo":{"@type":"ImageObject","inLanguage":"pt-BR","@id":"https:\/\/agenciainfra.com\/blog\/#\/schema\/logo\/image\/","url":"https:\/\/agenciainfra.com\/blog\/wp-content\/uploads\/2023\/09\/iNFRA_5-e1761735885940.png","contentUrl":"https:\/\/agenciainfra.com\/blog\/wp-content\/uploads\/2023\/09\/iNFRA_5-e1761735885940.png","width":1672,"height":454,"caption":"Ag\u00eancia iNFRA"},"image":{"@id":"https:\/\/agenciainfra.com\/blog\/#\/schema\/logo\/image\/"},"sameAs":["https:\/\/www.facebook.com\/ageninfra","https:\/\/x.com\/agencia_infra","https:\/\/www.linkedin.com\/company\/ag\u00eanciainfra\/","https:\/\/www.instagram.com\/agenciainfra\/"]},{"@type":"Person","@id":"https:\/\/agenciainfra.com\/blog\/#\/schema\/person\/34af08dff6adea4cb22b06612ba7acfa","name":"Ag\u00eancia iNFRA","image":{"@type":"ImageObject","inLanguage":"pt-BR","@id":"https:\/\/agenciainfra.com\/blog\/#\/schema\/person\/image\/","url":"https:\/\/secure.gravatar.com\/avatar\/d189e01678f06d8eb84d4e01f08eb848b3fffe3f8443818d3c356c66892f5be8?s=96&d=mm&r=g","contentUrl":"https:\/\/secure.gravatar.com\/avatar\/d189e01678f06d8eb84d4e01f08eb848b3fffe3f8443818d3c356c66892f5be8?s=96&d=mm&r=g","caption":"Ag\u00eancia iNFRA"},"url":"https:\/\/agenciainfra.com\/blog\/author\/admin\/"}]}},"_links":{"self":[{"href":"https:\/\/agenciainfra.com\/blog\/wp-json\/wp\/v2\/posts\/20334","targetHints":{"allow":["GET"]}}],"collection":[{"href":"https:\/\/agenciainfra.com\/blog\/wp-json\/wp\/v2\/posts"}],"about":[{"href":"https:\/\/agenciainfra.com\/blog\/wp-json\/wp\/v2\/types\/post"}],"author":[{"embeddable":true,"href":"https:\/\/agenciainfra.com\/blog\/wp-json\/wp\/v2\/users\/1"}],"replies":[{"embeddable":true,"href":"https:\/\/agenciainfra.com\/blog\/wp-json\/wp\/v2\/comments?post=20334"}],"version-history":[{"count":1,"href":"https:\/\/agenciainfra.com\/blog\/wp-json\/wp\/v2\/posts\/20334\/revisions"}],"predecessor-version":[{"id":20336,"href":"https:\/\/agenciainfra.com\/blog\/wp-json\/wp\/v2\/posts\/20334\/revisions\/20336"}],"wp:featuredmedia":[{"embeddable":true,"href":"https:\/\/agenciainfra.com\/blog\/wp-json\/wp\/v2\/media\/20337"}],"wp:attachment":[{"href":"https:\/\/agenciainfra.com\/blog\/wp-json\/wp\/v2\/media?parent=20334"}],"wp:term":[{"taxonomy":"category","embeddable":true,"href":"https:\/\/agenciainfra.com\/blog\/wp-json\/wp\/v2\/categories?post=20334"},{"taxonomy":"post_tag","embeddable":true,"href":"https:\/\/agenciainfra.com\/blog\/wp-json\/wp\/v2\/tags?post=20334"}],"curies":[{"name":"wp","href":"https:\/\/api.w.org\/{rel}","templated":true}]}}