{"id":20338,"date":"2025-02-20T10:00:00","date_gmt":"2025-02-20T13:00:00","guid":{"rendered":"https:\/\/agenciainfra.com\/blog\/?p=20338"},"modified":"2025-02-20T12:38:46","modified_gmt":"2025-02-20T15:38:46","slug":"minuta-da-renovacao-das-concessoes-pode-entrar-na-pauta-da-proxima-reuniao-da-aneel","status":"publish","type":"post","link":"https:\/\/agenciainfra.com\/blog\/minuta-da-renovacao-das-concessoes-pode-entrar-na-pauta-da-proxima-reuniao-da-aneel\/","title":{"rendered":"Minuta da renova\u00e7\u00e3o das concess\u00f5es pode entrar na pauta da pr\u00f3xima reuni\u00e3o da ANEEL"},"content":{"rendered":"\n<p class=\"has-text-align-right\"><strong>Geraldo Campos Jr. e Marisa Wanzeller, da Ag\u00eancia iNFRA<\/strong><\/p>\n\n\n\n<p>Agentes do setor de distribui\u00e7\u00e3o de energia el\u00e9trica acreditam que a ANEEL (Ag\u00eancia Nacional de Energia El\u00e9trica) dever\u00e1 pautar o processo que trata da minuta do contrato de renova\u00e7\u00e3o das concess\u00f5es de distribui\u00e7\u00e3o de energia na pr\u00f3xima ter\u00e7a-feira (25). Uma reuni\u00e3o t\u00e9cnica foi realizada na ag\u00eancia na manh\u00e3 da \u00faltima quarta-feira (19) para tratar do tema.<\/p>\n\n\n\n<p>Tamb\u00e9m na quarta-feira, no fim da tarde, o ministro de Minas e Energia, Alexandre Silveira, reuniu-se com os CEOs de sete distribuidoras para acertar os detalhes finais da prorroga\u00e7\u00e3o das concess\u00f5es.<\/p>\n\n\n\n<p>O processo na ANEEL que trata do modelo dos contratos que ser\u00e3o prorrogados est\u00e1 sob relatoria da diretora Agnes Costa. Em outubro do ano passado, ela disse que pretendia levar o item para vota\u00e7\u00e3o at\u00e9 o fim de fevereiro para dar tempo de os tr\u00e2mites serem conclu\u00eddos antes do primeiro vencimento, o da EDP Esp\u00edrito Santo, cujo contrato expira em 17 de julho.<\/p>\n\n\n\n<p>A ag\u00eancia realizou consulta p\u00fablica sobre o tema entre 16 de outubro e 2 de dezembro de 2024. Foram recebidas 1.106 contribui\u00e7\u00f5es de agentes, entidades e consumidores para o aprimoramento da minuta, que foram remetidas para an\u00e1lises t\u00e9cnicas e jur\u00eddicas na ag\u00eancia.<\/p>\n\n\n\n<p><strong>A\u00e7\u00f5es judiciais<\/strong><br>A&nbsp;<a href=\"https:\/\/mcusercontent.com\/d460dd1bcf9ba0ae040e1fc0f\/files\/5fa014a3-2813-cf60-d76e-b37fadb4cc1b\/Nota_Te_cnica_1.056.2024_Abertura_CP_2.01.pdf\" target=\"_blank\" rel=\"noreferrer noopener\">nota t\u00e9cnica<\/a>&nbsp;de abertura da consulta condicionou a renova\u00e7\u00e3o dos contratos por mais 30 anos \u00e0 ren\u00fancia de a\u00e7\u00f5es judiciais, at\u00e9 mesmo por parte da Abradee (Associa\u00e7\u00e3o dos Distribuidores de Energia El\u00e9trica). O encaminhamento desagradou agentes do segmento, que o viram como uma tentativa da ANEEL de solucionar as judicializa\u00e7\u00f5es do setor pressionando as empresas que pretendem renovar suas concess\u00f5es, segundo relatos.<\/p>\n\n\n\n<p>Na consulta p\u00fablica, diferentes agentes criticaram a exig\u00eancia e classificaram como desproporcional e at\u00e9 ilegal. Distribuidoras como Light, Energisa e Enel defenderam que sejam pelo menos ressalvadas da regra as a\u00e7\u00f5es que solicitavam pedidos de reequil\u00edbrio econ\u00f4mico-financeiro das concess\u00f5es atualmente vigentes.<\/p>\n\n\n\n<p>Um&nbsp;<a href=\"https:\/\/sei.aneel.gov.br\/sei\/modulos\/pesquisa\/md_pesq_documento_consulta_externa.php?bxjXZN2ULCBrj3JMtfZIxIcWy8JibyFTzsYHTzXzUi1VFKLJE9-erDQv11YLuwtWlGvUxSeO6GQAQoTTVglJCEynIG6AECB-wNX2mFxlS3DL6nzlxD9W27jkuQaunKIz\" target=\"_blank\" rel=\"noreferrer noopener\">parecer jur\u00eddico<\/a>&nbsp;sobre o processo emitido em 12 de fevereiro pela Procuradoria Federal junto \u00e0 ANEEL afirma que a exig\u00eancia &#8220;extrapola os limites normativos que fundamentam a atua\u00e7\u00e3o da ag\u00eancia&#8221;, uma vez que condiciona a prorroga\u00e7\u00e3o \u00e0 ren\u00fancia, &#8220;em car\u00e1ter irrevog\u00e1vel e irretrat\u00e1vel, a eventuais direitos preexistentes contra a Uni\u00e3o relativos \u00e0 concess\u00e3o&#8221;.<\/p>\n\n\n\n<p>A an\u00e1lise jur\u00eddica entendeu que diferentemente de outras cl\u00e1usulas que recomendam a ren\u00fancia da propositura de a\u00e7\u00f5es em face do atual termo aditivo e a desist\u00eancia de a\u00e7\u00f5es que conflitem com o novo contrato, essa exig\u00eancia &#8220;aborda um escopo muito maior, sem fazer refer\u00eancia expressa ao objeto do termo aditivo que ser\u00e1 firmado, o que nos parece exorbitar da compet\u00eancia legal e regulamentar da ANEEL quanto ao ponto&#8221;.<\/p>\n\n\n\n<p>Desta forma, a Procuradoria Federal recomendou que eventual cl\u00e1usula de ren\u00fancia restrinja-se&nbsp;a eventuais direitos preexistentes que contrariem o Decreto 12.068\/2024.<\/p>\n\n\n\n<p><strong>Sugest\u00f5es da Abradee<\/strong><br>A Abradee apresentou quatro propostas centrais na consulta p\u00fablica: 1) balan\u00e7o de investimentos x adequa\u00e7\u00e3o tarif\u00e1ria; 2) matriz de risco adequada; 3) reconhecimento dos investimentos intraciclos de revis\u00e3o tarif\u00e1ria; e 4) medidas sobre os impactos dos eventos clim\u00e1ticos extremos nas distribuidoras.<\/p>\n\n\n\n<p>Sobre o \u00faltimo ponto, preocupa \u00e0 associa\u00e7\u00e3o a proposta encaminhada at\u00e9 ent\u00e3o pela reguladora, que prev\u00ea a compensa\u00e7\u00e3o por parte das empresas ap\u00f3s 24 horas de interrup\u00e7\u00e3o de servi\u00e7o sem recomposi\u00e7\u00e3o. A associa\u00e7\u00e3o argumenta ser necess\u00e1ria a realiza\u00e7\u00e3o de uma AIR (An\u00e1lise de Impacto Regulat\u00f3rio) para tratar do ponto.<\/p>\n\n\n\n<p>&#8220;Isso tem que ser feito de uma forma adequada, que atos que possam ser estabelecidos, sejam devidamente analisados os impactos deles. (\u2026) Porque sen\u00e3o voc\u00ea pode estar tomando uma medida agora que pode colocar em risco o equil\u00edbrio de uma concess\u00e3o&#8221;, disse o presidente da Abradee, Marcos Madureira, em&nbsp;<a href=\"https:\/\/agenciainfra.com\/blog\/abradee-espera-que-aneel-conclua-aditivo-para-renovacao-das-concessoes-no-primeiro-trimestre\/\" target=\"_blank\" rel=\"noreferrer noopener\">entrevista<\/a>&nbsp;\u00e0&nbsp;<strong>Ag\u00eancia iNFRA<\/strong>.<\/p>\n","protected":false},"excerpt":{"rendered":"<p>Geraldo Campos Jr. e Marisa Wanzeller, da Ag\u00eancia iNFRA Agentes do setor de distribui\u00e7\u00e3o de energia el\u00e9trica acreditam que a ANEEL (Ag\u00eancia Nacional de Energia El\u00e9trica) dever\u00e1 pautar o processo que trata da minuta do contrato de renova\u00e7\u00e3o das concess\u00f5es de distribui\u00e7\u00e3o de energia na pr\u00f3xima ter\u00e7a-feira (25). Uma reuni\u00e3o t\u00e9cnica foi realizada na ag\u00eancia [&hellip;]<\/p>\n","protected":false},"author":1,"featured_media":3346,"comment_status":"closed","ping_status":"closed","sticky":false,"template":"","format":"standard","meta":{"_monsterinsights_skip_tracking":false,"_monsterinsights_sitenote_active":false,"_monsterinsights_sitenote_note":"","_monsterinsights_sitenote_category":0,"footnotes":""},"categories":[7250,1,10],"tags":[494,53,10852,1082,11594,7366,11108,11764,54],"class_list":["post-20338","post","type-post","status-publish","format-standard","has-post-thumbnail","hentry","category-destaque-lista","category-geral","category-infraenergia","tag-abradee","tag-aneel","tag-concessoes-de-distribuicao","tag-distribuicao-de-energia","tag-geraldo-campos-jr","tag-marisa-wanzeller","tag-renovacao-das-concessoes","tag-reuniao-da-aneel","tag-setor-eletrico"],"yoast_head":"<!-- This site is optimized with the Yoast SEO Premium plugin v25.4 (Yoast SEO v26.0) - https:\/\/yoast.com\/wordpress\/plugins\/seo\/ -->\n<title>Minuta da renova\u00e7\u00e3o das concess\u00f5es pode entrar na pauta da pr\u00f3xima reuni\u00e3o da ANEEL - Ag\u00eancia iNFRA<\/title>\n<meta name=\"robots\" content=\"index, follow, max-snippet:-1, max-image-preview:large, max-video-preview:-1\" \/>\n<link rel=\"canonical\" href=\"https:\/\/agenciainfra.com\/blog\/minuta-da-renovacao-das-concessoes-pode-entrar-na-pauta-da-proxima-reuniao-da-aneel\/\" \/>\n<meta property=\"og:locale\" content=\"pt_BR\" \/>\n<meta property=\"og:type\" content=\"article\" \/>\n<meta property=\"og:title\" content=\"Minuta da renova\u00e7\u00e3o das concess\u00f5es pode entrar na pauta da pr\u00f3xima reuni\u00e3o da ANEEL\" \/>\n<meta property=\"og:description\" content=\"Geraldo Campos Jr. e Marisa Wanzeller, da Ag\u00eancia iNFRA Agentes do setor de distribui\u00e7\u00e3o de energia el\u00e9trica acreditam que a ANEEL (Ag\u00eancia Nacional de Energia El\u00e9trica) dever\u00e1 pautar o processo que trata da minuta do contrato de renova\u00e7\u00e3o das concess\u00f5es de distribui\u00e7\u00e3o de energia na pr\u00f3xima ter\u00e7a-feira (25). Uma reuni\u00e3o t\u00e9cnica foi realizada na ag\u00eancia [&hellip;]\" \/>\n<meta property=\"og:url\" content=\"https:\/\/agenciainfra.com\/blog\/minuta-da-renovacao-das-concessoes-pode-entrar-na-pauta-da-proxima-reuniao-da-aneel\/\" \/>\n<meta property=\"og:site_name\" content=\"Ag\u00eancia iNFRA\" \/>\n<meta property=\"article:publisher\" content=\"https:\/\/www.facebook.com\/ageninfra\" \/>\n<meta property=\"article:published_time\" content=\"2025-02-20T13:00:00+00:00\" \/>\n<meta property=\"article:modified_time\" content=\"2025-02-20T15:38:46+00:00\" \/>\n<meta property=\"og:image\" content=\"https:\/\/agenciainfra.com\/blog\/wp-content\/uploads\/2019\/06\/divulgacao-aneel-e1740046560113.jpeg\" \/>\n\t<meta property=\"og:image:width\" content=\"1208\" \/>\n\t<meta property=\"og:image:height\" content=\"805\" \/>\n\t<meta property=\"og:image:type\" content=\"image\/jpeg\" \/>\n<meta name=\"author\" content=\"Ag\u00eancia iNFRA\" \/>\n<meta name=\"twitter:card\" content=\"summary_large_image\" \/>\n<meta name=\"twitter:creator\" content=\"@agencia_infra\" \/>\n<meta name=\"twitter:site\" content=\"@agencia_infra\" \/>\n<meta name=\"twitter:label1\" content=\"Escrito por\" \/>\n\t<meta name=\"twitter:data1\" content=\"Ag\u00eancia iNFRA\" \/>\n\t<meta name=\"twitter:label2\" content=\"Est. tempo de leitura\" \/>\n\t<meta name=\"twitter:data2\" content=\"3 minutos\" \/>\n<script type=\"application\/ld+json\" class=\"yoast-schema-graph\">{\"@context\":\"https:\/\/schema.org\",\"@graph\":[{\"@type\":\"Article\",\"@id\":\"https:\/\/agenciainfra.com\/blog\/minuta-da-renovacao-das-concessoes-pode-entrar-na-pauta-da-proxima-reuniao-da-aneel\/#article\",\"isPartOf\":{\"@id\":\"https:\/\/agenciainfra.com\/blog\/minuta-da-renovacao-das-concessoes-pode-entrar-na-pauta-da-proxima-reuniao-da-aneel\/\"},\"author\":{\"name\":\"Ag\u00eancia iNFRA\",\"@id\":\"https:\/\/agenciainfra.com\/blog\/#\/schema\/person\/34af08dff6adea4cb22b06612ba7acfa\"},\"headline\":\"Minuta da renova\u00e7\u00e3o das concess\u00f5es pode entrar na pauta da pr\u00f3xima reuni\u00e3o da ANEEL\",\"datePublished\":\"2025-02-20T13:00:00+00:00\",\"dateModified\":\"2025-02-20T15:38:46+00:00\",\"mainEntityOfPage\":{\"@id\":\"https:\/\/agenciainfra.com\/blog\/minuta-da-renovacao-das-concessoes-pode-entrar-na-pauta-da-proxima-reuniao-da-aneel\/\"},\"wordCount\":690,\"publisher\":{\"@id\":\"https:\/\/agenciainfra.com\/blog\/#organization\"},\"image\":{\"@id\":\"https:\/\/agenciainfra.com\/blog\/minuta-da-renovacao-das-concessoes-pode-entrar-na-pauta-da-proxima-reuniao-da-aneel\/#primaryimage\"},\"thumbnailUrl\":\"https:\/\/agenciainfra.com\/blog\/wp-content\/uploads\/2019\/06\/divulgacao-aneel-e1740046560113.jpeg\",\"keywords\":[\"Abradee\",\"ANEEL\",\"concess\u00f5es de distribui\u00e7\u00e3o\",\"distribui\u00e7\u00e3o de energia\",\"Geraldo Campos Jr.\",\"Marisa Wanzeller\",\"renova\u00e7\u00e3o das concess\u00f5es\",\"reuni\u00e3o da aneel\",\"Setor El\u00e9trico\"],\"articleSection\":[\"Destaque lista\",\"Geral\",\"iNFRAEnergia\"],\"inLanguage\":\"pt-BR\",\"copyrightYear\":\"2025\",\"copyrightHolder\":{\"@id\":\"https:\/\/agenciainfra.com\/blog\/#organization\"}},{\"@type\":\"WebPage\",\"@id\":\"https:\/\/agenciainfra.com\/blog\/minuta-da-renovacao-das-concessoes-pode-entrar-na-pauta-da-proxima-reuniao-da-aneel\/\",\"url\":\"https:\/\/agenciainfra.com\/blog\/minuta-da-renovacao-das-concessoes-pode-entrar-na-pauta-da-proxima-reuniao-da-aneel\/\",\"name\":\"Minuta da renova\u00e7\u00e3o das concess\u00f5es pode entrar na pauta da pr\u00f3xima reuni\u00e3o da ANEEL - Ag\u00eancia iNFRA\",\"isPartOf\":{\"@id\":\"https:\/\/agenciainfra.com\/blog\/#website\"},\"primaryImageOfPage\":{\"@id\":\"https:\/\/agenciainfra.com\/blog\/minuta-da-renovacao-das-concessoes-pode-entrar-na-pauta-da-proxima-reuniao-da-aneel\/#primaryimage\"},\"image\":{\"@id\":\"https:\/\/agenciainfra.com\/blog\/minuta-da-renovacao-das-concessoes-pode-entrar-na-pauta-da-proxima-reuniao-da-aneel\/#primaryimage\"},\"thumbnailUrl\":\"https:\/\/agenciainfra.com\/blog\/wp-content\/uploads\/2019\/06\/divulgacao-aneel-e1740046560113.jpeg\",\"datePublished\":\"2025-02-20T13:00:00+00:00\",\"dateModified\":\"2025-02-20T15:38:46+00:00\",\"breadcrumb\":{\"@id\":\"https:\/\/agenciainfra.com\/blog\/minuta-da-renovacao-das-concessoes-pode-entrar-na-pauta-da-proxima-reuniao-da-aneel\/#breadcrumb\"},\"inLanguage\":\"pt-BR\",\"potentialAction\":[{\"@type\":\"ReadAction\",\"target\":[\"https:\/\/agenciainfra.com\/blog\/minuta-da-renovacao-das-concessoes-pode-entrar-na-pauta-da-proxima-reuniao-da-aneel\/\"]}]},{\"@type\":\"ImageObject\",\"inLanguage\":\"pt-BR\",\"@id\":\"https:\/\/agenciainfra.com\/blog\/minuta-da-renovacao-das-concessoes-pode-entrar-na-pauta-da-proxima-reuniao-da-aneel\/#primaryimage\",\"url\":\"https:\/\/agenciainfra.com\/blog\/wp-content\/uploads\/2019\/06\/divulgacao-aneel-e1740046560113.jpeg\",\"contentUrl\":\"https:\/\/agenciainfra.com\/blog\/wp-content\/uploads\/2019\/06\/divulgacao-aneel-e1740046560113.jpeg\",\"width\":1208,\"height\":805,\"caption\":\"Foto: ANEEL\"},{\"@type\":\"BreadcrumbList\",\"@id\":\"https:\/\/agenciainfra.com\/blog\/minuta-da-renovacao-das-concessoes-pode-entrar-na-pauta-da-proxima-reuniao-da-aneel\/#breadcrumb\",\"itemListElement\":[{\"@type\":\"ListItem\",\"position\":1,\"name\":\"In\u00edcio\",\"item\":\"https:\/\/agenciainfra.com\/blog\/\"},{\"@type\":\"ListItem\",\"position\":2,\"name\":\"Minuta da renova\u00e7\u00e3o das concess\u00f5es pode entrar na pauta da pr\u00f3xima reuni\u00e3o da ANEEL\"}]},{\"@type\":\"WebSite\",\"@id\":\"https:\/\/agenciainfra.com\/blog\/#website\",\"url\":\"https:\/\/agenciainfra.com\/blog\/\",\"name\":\"Ag\u00eancia iNFRA\",\"description\":\"Multiplataforma de informa\u00e7\u00e3o jornal\u00edstica refer\u00eancia na \u00e1rea de infraestrutura no Brasil!\",\"publisher\":{\"@id\":\"https:\/\/agenciainfra.com\/blog\/#organization\"},\"potentialAction\":[{\"@type\":\"SearchAction\",\"target\":{\"@type\":\"EntryPoint\",\"urlTemplate\":\"https:\/\/agenciainfra.com\/blog\/?s={search_term_string}\"},\"query-input\":{\"@type\":\"PropertyValueSpecification\",\"valueRequired\":true,\"valueName\":\"search_term_string\"}}],\"inLanguage\":\"pt-BR\"},{\"@type\":\"Organization\",\"@id\":\"https:\/\/agenciainfra.com\/blog\/#organization\",\"name\":\"Ag\u00eancia iNFRA\",\"url\":\"https:\/\/agenciainfra.com\/blog\/\",\"logo\":{\"@type\":\"ImageObject\",\"inLanguage\":\"pt-BR\",\"@id\":\"https:\/\/agenciainfra.com\/blog\/#\/schema\/logo\/image\/\",\"url\":\"https:\/\/agenciainfra.com\/blog\/wp-content\/uploads\/2023\/09\/iNFRA_5-e1761735885940.png\",\"contentUrl\":\"https:\/\/agenciainfra.com\/blog\/wp-content\/uploads\/2023\/09\/iNFRA_5-e1761735885940.png\",\"width\":1672,\"height\":454,\"caption\":\"Ag\u00eancia iNFRA\"},\"image\":{\"@id\":\"https:\/\/agenciainfra.com\/blog\/#\/schema\/logo\/image\/\"},\"sameAs\":[\"https:\/\/www.facebook.com\/ageninfra\",\"https:\/\/x.com\/agencia_infra\",\"https:\/\/www.linkedin.com\/company\/ag\u00eanciainfra\/\",\"https:\/\/www.instagram.com\/agenciainfra\/\"]},{\"@type\":\"Person\",\"@id\":\"https:\/\/agenciainfra.com\/blog\/#\/schema\/person\/34af08dff6adea4cb22b06612ba7acfa\",\"name\":\"Ag\u00eancia iNFRA\",\"image\":{\"@type\":\"ImageObject\",\"inLanguage\":\"pt-BR\",\"@id\":\"https:\/\/agenciainfra.com\/blog\/#\/schema\/person\/image\/\",\"url\":\"https:\/\/secure.gravatar.com\/avatar\/d189e01678f06d8eb84d4e01f08eb848b3fffe3f8443818d3c356c66892f5be8?s=96&d=mm&r=g\",\"contentUrl\":\"https:\/\/secure.gravatar.com\/avatar\/d189e01678f06d8eb84d4e01f08eb848b3fffe3f8443818d3c356c66892f5be8?s=96&d=mm&r=g\",\"caption\":\"Ag\u00eancia iNFRA\"},\"url\":\"https:\/\/agenciainfra.com\/blog\/author\/admin\/\"}]}<\/script>\n<!-- \/ Yoast SEO Premium plugin. -->","yoast_head_json":{"title":"Minuta da renova\u00e7\u00e3o das concess\u00f5es pode entrar na pauta da pr\u00f3xima reuni\u00e3o da ANEEL - Ag\u00eancia iNFRA","robots":{"index":"index","follow":"follow","max-snippet":"max-snippet:-1","max-image-preview":"max-image-preview:large","max-video-preview":"max-video-preview:-1"},"canonical":"https:\/\/agenciainfra.com\/blog\/minuta-da-renovacao-das-concessoes-pode-entrar-na-pauta-da-proxima-reuniao-da-aneel\/","og_locale":"pt_BR","og_type":"article","og_title":"Minuta da renova\u00e7\u00e3o das concess\u00f5es pode entrar na pauta da pr\u00f3xima reuni\u00e3o da ANEEL","og_description":"Geraldo Campos Jr. e Marisa Wanzeller, da Ag\u00eancia iNFRA Agentes do setor de distribui\u00e7\u00e3o de energia el\u00e9trica acreditam que a ANEEL (Ag\u00eancia Nacional de Energia El\u00e9trica) dever\u00e1 pautar o processo que trata da minuta do contrato de renova\u00e7\u00e3o das concess\u00f5es de distribui\u00e7\u00e3o de energia na pr\u00f3xima ter\u00e7a-feira (25). Uma reuni\u00e3o t\u00e9cnica foi realizada na ag\u00eancia [&hellip;]","og_url":"https:\/\/agenciainfra.com\/blog\/minuta-da-renovacao-das-concessoes-pode-entrar-na-pauta-da-proxima-reuniao-da-aneel\/","og_site_name":"Ag\u00eancia iNFRA","article_publisher":"https:\/\/www.facebook.com\/ageninfra","article_published_time":"2025-02-20T13:00:00+00:00","article_modified_time":"2025-02-20T15:38:46+00:00","og_image":[{"width":1208,"height":805,"url":"https:\/\/agenciainfra.com\/blog\/wp-content\/uploads\/2019\/06\/divulgacao-aneel-e1740046560113.jpeg","type":"image\/jpeg"}],"author":"Ag\u00eancia iNFRA","twitter_card":"summary_large_image","twitter_creator":"@agencia_infra","twitter_site":"@agencia_infra","twitter_misc":{"Escrito por":"Ag\u00eancia iNFRA","Est. tempo de leitura":"3 minutos"},"schema":{"@context":"https:\/\/schema.org","@graph":[{"@type":"Article","@id":"https:\/\/agenciainfra.com\/blog\/minuta-da-renovacao-das-concessoes-pode-entrar-na-pauta-da-proxima-reuniao-da-aneel\/#article","isPartOf":{"@id":"https:\/\/agenciainfra.com\/blog\/minuta-da-renovacao-das-concessoes-pode-entrar-na-pauta-da-proxima-reuniao-da-aneel\/"},"author":{"name":"Ag\u00eancia iNFRA","@id":"https:\/\/agenciainfra.com\/blog\/#\/schema\/person\/34af08dff6adea4cb22b06612ba7acfa"},"headline":"Minuta da renova\u00e7\u00e3o das concess\u00f5es pode entrar na pauta da pr\u00f3xima reuni\u00e3o da ANEEL","datePublished":"2025-02-20T13:00:00+00:00","dateModified":"2025-02-20T15:38:46+00:00","mainEntityOfPage":{"@id":"https:\/\/agenciainfra.com\/blog\/minuta-da-renovacao-das-concessoes-pode-entrar-na-pauta-da-proxima-reuniao-da-aneel\/"},"wordCount":690,"publisher":{"@id":"https:\/\/agenciainfra.com\/blog\/#organization"},"image":{"@id":"https:\/\/agenciainfra.com\/blog\/minuta-da-renovacao-das-concessoes-pode-entrar-na-pauta-da-proxima-reuniao-da-aneel\/#primaryimage"},"thumbnailUrl":"https:\/\/agenciainfra.com\/blog\/wp-content\/uploads\/2019\/06\/divulgacao-aneel-e1740046560113.jpeg","keywords":["Abradee","ANEEL","concess\u00f5es de distribui\u00e7\u00e3o","distribui\u00e7\u00e3o de energia","Geraldo Campos Jr.","Marisa Wanzeller","renova\u00e7\u00e3o das concess\u00f5es","reuni\u00e3o da aneel","Setor El\u00e9trico"],"articleSection":["Destaque lista","Geral","iNFRAEnergia"],"inLanguage":"pt-BR","copyrightYear":"2025","copyrightHolder":{"@id":"https:\/\/agenciainfra.com\/blog\/#organization"}},{"@type":"WebPage","@id":"https:\/\/agenciainfra.com\/blog\/minuta-da-renovacao-das-concessoes-pode-entrar-na-pauta-da-proxima-reuniao-da-aneel\/","url":"https:\/\/agenciainfra.com\/blog\/minuta-da-renovacao-das-concessoes-pode-entrar-na-pauta-da-proxima-reuniao-da-aneel\/","name":"Minuta da renova\u00e7\u00e3o das concess\u00f5es pode entrar na pauta da pr\u00f3xima reuni\u00e3o da ANEEL - Ag\u00eancia iNFRA","isPartOf":{"@id":"https:\/\/agenciainfra.com\/blog\/#website"},"primaryImageOfPage":{"@id":"https:\/\/agenciainfra.com\/blog\/minuta-da-renovacao-das-concessoes-pode-entrar-na-pauta-da-proxima-reuniao-da-aneel\/#primaryimage"},"image":{"@id":"https:\/\/agenciainfra.com\/blog\/minuta-da-renovacao-das-concessoes-pode-entrar-na-pauta-da-proxima-reuniao-da-aneel\/#primaryimage"},"thumbnailUrl":"https:\/\/agenciainfra.com\/blog\/wp-content\/uploads\/2019\/06\/divulgacao-aneel-e1740046560113.jpeg","datePublished":"2025-02-20T13:00:00+00:00","dateModified":"2025-02-20T15:38:46+00:00","breadcrumb":{"@id":"https:\/\/agenciainfra.com\/blog\/minuta-da-renovacao-das-concessoes-pode-entrar-na-pauta-da-proxima-reuniao-da-aneel\/#breadcrumb"},"inLanguage":"pt-BR","potentialAction":[{"@type":"ReadAction","target":["https:\/\/agenciainfra.com\/blog\/minuta-da-renovacao-das-concessoes-pode-entrar-na-pauta-da-proxima-reuniao-da-aneel\/"]}]},{"@type":"ImageObject","inLanguage":"pt-BR","@id":"https:\/\/agenciainfra.com\/blog\/minuta-da-renovacao-das-concessoes-pode-entrar-na-pauta-da-proxima-reuniao-da-aneel\/#primaryimage","url":"https:\/\/agenciainfra.com\/blog\/wp-content\/uploads\/2019\/06\/divulgacao-aneel-e1740046560113.jpeg","contentUrl":"https:\/\/agenciainfra.com\/blog\/wp-content\/uploads\/2019\/06\/divulgacao-aneel-e1740046560113.jpeg","width":1208,"height":805,"caption":"Foto: ANEEL"},{"@type":"BreadcrumbList","@id":"https:\/\/agenciainfra.com\/blog\/minuta-da-renovacao-das-concessoes-pode-entrar-na-pauta-da-proxima-reuniao-da-aneel\/#breadcrumb","itemListElement":[{"@type":"ListItem","position":1,"name":"In\u00edcio","item":"https:\/\/agenciainfra.com\/blog\/"},{"@type":"ListItem","position":2,"name":"Minuta da renova\u00e7\u00e3o das concess\u00f5es pode entrar na pauta da pr\u00f3xima reuni\u00e3o da ANEEL"}]},{"@type":"WebSite","@id":"https:\/\/agenciainfra.com\/blog\/#website","url":"https:\/\/agenciainfra.com\/blog\/","name":"Ag\u00eancia iNFRA","description":"Multiplataforma de informa\u00e7\u00e3o jornal\u00edstica refer\u00eancia na \u00e1rea de infraestrutura no Brasil!","publisher":{"@id":"https:\/\/agenciainfra.com\/blog\/#organization"},"potentialAction":[{"@type":"SearchAction","target":{"@type":"EntryPoint","urlTemplate":"https:\/\/agenciainfra.com\/blog\/?s={search_term_string}"},"query-input":{"@type":"PropertyValueSpecification","valueRequired":true,"valueName":"search_term_string"}}],"inLanguage":"pt-BR"},{"@type":"Organization","@id":"https:\/\/agenciainfra.com\/blog\/#organization","name":"Ag\u00eancia iNFRA","url":"https:\/\/agenciainfra.com\/blog\/","logo":{"@type":"ImageObject","inLanguage":"pt-BR","@id":"https:\/\/agenciainfra.com\/blog\/#\/schema\/logo\/image\/","url":"https:\/\/agenciainfra.com\/blog\/wp-content\/uploads\/2023\/09\/iNFRA_5-e1761735885940.png","contentUrl":"https:\/\/agenciainfra.com\/blog\/wp-content\/uploads\/2023\/09\/iNFRA_5-e1761735885940.png","width":1672,"height":454,"caption":"Ag\u00eancia iNFRA"},"image":{"@id":"https:\/\/agenciainfra.com\/blog\/#\/schema\/logo\/image\/"},"sameAs":["https:\/\/www.facebook.com\/ageninfra","https:\/\/x.com\/agencia_infra","https:\/\/www.linkedin.com\/company\/ag\u00eanciainfra\/","https:\/\/www.instagram.com\/agenciainfra\/"]},{"@type":"Person","@id":"https:\/\/agenciainfra.com\/blog\/#\/schema\/person\/34af08dff6adea4cb22b06612ba7acfa","name":"Ag\u00eancia iNFRA","image":{"@type":"ImageObject","inLanguage":"pt-BR","@id":"https:\/\/agenciainfra.com\/blog\/#\/schema\/person\/image\/","url":"https:\/\/secure.gravatar.com\/avatar\/d189e01678f06d8eb84d4e01f08eb848b3fffe3f8443818d3c356c66892f5be8?s=96&d=mm&r=g","contentUrl":"https:\/\/secure.gravatar.com\/avatar\/d189e01678f06d8eb84d4e01f08eb848b3fffe3f8443818d3c356c66892f5be8?s=96&d=mm&r=g","caption":"Ag\u00eancia iNFRA"},"url":"https:\/\/agenciainfra.com\/blog\/author\/admin\/"}]}},"_links":{"self":[{"href":"https:\/\/agenciainfra.com\/blog\/wp-json\/wp\/v2\/posts\/20338","targetHints":{"allow":["GET"]}}],"collection":[{"href":"https:\/\/agenciainfra.com\/blog\/wp-json\/wp\/v2\/posts"}],"about":[{"href":"https:\/\/agenciainfra.com\/blog\/wp-json\/wp\/v2\/types\/post"}],"author":[{"embeddable":true,"href":"https:\/\/agenciainfra.com\/blog\/wp-json\/wp\/v2\/users\/1"}],"replies":[{"embeddable":true,"href":"https:\/\/agenciainfra.com\/blog\/wp-json\/wp\/v2\/comments?post=20338"}],"version-history":[{"count":1,"href":"https:\/\/agenciainfra.com\/blog\/wp-json\/wp\/v2\/posts\/20338\/revisions"}],"predecessor-version":[{"id":20339,"href":"https:\/\/agenciainfra.com\/blog\/wp-json\/wp\/v2\/posts\/20338\/revisions\/20339"}],"wp:featuredmedia":[{"embeddable":true,"href":"https:\/\/agenciainfra.com\/blog\/wp-json\/wp\/v2\/media\/3346"}],"wp:attachment":[{"href":"https:\/\/agenciainfra.com\/blog\/wp-json\/wp\/v2\/media?parent=20338"}],"wp:term":[{"taxonomy":"category","embeddable":true,"href":"https:\/\/agenciainfra.com\/blog\/wp-json\/wp\/v2\/categories?post=20338"},{"taxonomy":"post_tag","embeddable":true,"href":"https:\/\/agenciainfra.com\/blog\/wp-json\/wp\/v2\/tags?post=20338"}],"curies":[{"name":"wp","href":"https:\/\/api.w.org\/{rel}","templated":true}]}}