{"id":20370,"date":"2025-02-25T08:00:00","date_gmt":"2025-02-25T11:00:00","guid":{"rendered":"https:\/\/agenciainfra.com\/blog\/?p=20370"},"modified":"2025-02-21T08:12:07","modified_gmt":"2025-02-21T11:12:07","slug":"antt-propoe-sala-de-crise-e-aumento-de-atribuicoes-do-comite-gestor-para-gestao-de-eventos-climaticos","status":"publish","type":"post","link":"https:\/\/agenciainfra.com\/blog\/antt-propoe-sala-de-crise-e-aumento-de-atribuicoes-do-comite-gestor-para-gestao-de-eventos-climaticos\/","title":{"rendered":"ANTT prop\u00f5e sala de crise e aumento de atribui\u00e7\u00f5es do comit\u00ea gestor para gest\u00e3o de eventos clim\u00e1ticos"},"content":{"rendered":"\n<p class=\"has-text-align-right\"><strong>Sheyla Santos, da Ag\u00eancia iNFRA<\/strong><\/p>\n\n\n\n<p>A proposta de Instru\u00e7\u00e3o Normativa da ANTT (Ag\u00eancia Nacional de Transportes Terrestres) que vai disciplinar a gest\u00e3o de crises no \u00e2mbito de atua\u00e7\u00e3o da ag\u00eancia prev\u00ea a cria\u00e7\u00e3o de uma sala de crise e amplia as atividades do comit\u00ea gestor que atuar\u00e1 nesses eventos.<\/p>\n\n\n\n<p>Segundo a \u00e1rea t\u00e9cnica, que apresentou a proposta que revisa a\u00a0<a href=\"https:\/\/anttlegis.datalegis.net\/action\/ActionDatalegis.php?acao=abrirTextoAto&amp;link=S&amp;tipo=POR&amp;numeroAto=00000404&amp;seqAto=ATT&amp;valorAno=2022&amp;orgao=DG\/ANTT\/MI&amp;cod_modulo=618&amp;cod_menu=8721\" target=\"_blank\" rel=\"noreferrer noopener\">Portaria 404\/2022<\/a>\u00a0em reuni\u00e3o participativa na \u00faltima quinta-feira (20), a cria\u00e7\u00e3o da sala de crise \u00e9 uma inova\u00e7\u00e3o na norma, que dever\u00e1 conter mais tr\u00eas instrumentos: um comit\u00ea gestor de crise; planos de gest\u00e3o de crise, com protocolos a serem adotados pela ANTT, agentes p\u00fablicos, regulados e sociedade em situa\u00e7\u00e3o de crise; al\u00e9m de um plano de comunica\u00e7\u00e3o de crise. Leia\u00a0<a href=\"https:\/\/mcusercontent.com\/d460dd1bcf9ba0ae040e1fc0f\/files\/d3be6f21-9d49-4ec3-6c34-be35f4455f00\/Apresentac_a_o_RP_n_ordm_1_2025_REV_19_FEV_final.pdf\" target=\"_blank\" rel=\"noreferrer noopener\">aqui<\/a>\u00a0a apresenta\u00e7\u00e3o sobre o tema.<\/p>\n\n\n\n<p>Na pr\u00e1tica, a nova sala de crise ser\u00e1 um centro de comando para monitorar, analisar e dar respostas aos eventos de crise durante as ocorr\u00eancias. Ela poder\u00e1 ser instalada presencialmente, em qualquer sede da ANTT, ou virtualmente, a partir de publica\u00e7\u00e3o de portaria assinada pelo diretor-geral da ag\u00eancia. Essa sala vai se reportar ao comit\u00ea gestor e ser\u00e1 respons\u00e1vel por produzir relat\u00f3rios peri\u00f3dicos.<\/p>\n\n\n\n<p>O comit\u00ea gestor, por sua vez, vai ser revisitado, ganhando mais compet\u00eancias. O grupo ser\u00e1 presidido pelo diretor-geral e composto por diretores e titulares das superintend\u00eancias de processos organizacionais da ANTT. Segundo a \u00e1rea t\u00e9cnica, o atual comit\u00ea de gest\u00e3o de crise da ag\u00eancia atua mais na \u00e1rea clim\u00e1tica.<\/p>\n\n\n\n<p>Com a nova configura\u00e7\u00e3o, o objetivo \u00e9 que ele tenha suas atribui\u00e7\u00f5es ampliadas, passando a ser respons\u00e1vel por coletar informa\u00e7\u00f5es sobre a crise, adotar a\u00e7\u00f5es mitigadoras, identificar a\u00e7\u00f5es de melhoria, avaliar o desempenho da ag\u00eancia e padronizar protocolos e procedimentos para os planos de crise.&nbsp;<\/p>\n\n\n\n<p>A reuni\u00e3o participativa n\u00e3o teve contribui\u00e7\u00f5es do setor. A ag\u00eancia est\u00e1 aberta a receber contribui\u00e7\u00f5es sobre o tema, por meio&nbsp;<a href=\"https:\/\/participantt.antt.gov.br\/public\/evento\/visualizar?tab=contribuir\" rel=\"noreferrer noopener\" target=\"_blank\">deste link<\/a>,&nbsp;at\u00e9 28 de fevereiro.<\/p>\n","protected":false},"excerpt":{"rendered":"<p>Sheyla Santos, da Ag\u00eancia iNFRA A proposta de Instru\u00e7\u00e3o Normativa da ANTT (Ag\u00eancia Nacional de Transportes Terrestres) que vai disciplinar a gest\u00e3o de crises no \u00e2mbito de atua\u00e7\u00e3o da ag\u00eancia prev\u00ea a cria\u00e7\u00e3o de uma sala de crise e amplia as atividades do comit\u00ea gestor que atuar\u00e1 nesses eventos. Segundo a \u00e1rea t\u00e9cnica, que apresentou [&hellip;]<\/p>\n","protected":false},"author":1,"featured_media":18214,"comment_status":"closed","ping_status":"closed","sticky":false,"template":"","format":"standard","meta":{"_monsterinsights_skip_tracking":false,"_monsterinsights_sitenote_active":false,"_monsterinsights_sitenote_note":"","_monsterinsights_sitenote_category":0,"footnotes":""},"categories":[7250,1,2052],"tags":[19,12645,12647,4401,8755,12646,8838],"class_list":["post-20370","post","type-post","status-publish","format-standard","has-post-thumbnail","hentry","category-destaque-lista","category-geral","category-infra-transicao","tag-antt","tag-comite-de-crise","tag-gestao-de-eventos-climaticos","tag-mudancas-climaticas","tag-reuniao-participativa","tag-sala-de-crise-antt","tag-sheyla-santos"],"yoast_head":"<!-- This site is optimized with the Yoast SEO Premium plugin v25.4 (Yoast SEO v26.0) - https:\/\/yoast.com\/wordpress\/plugins\/seo\/ -->\n<title>ANTT prop\u00f5e sala de crise e aumento de atribui\u00e7\u00f5es do comit\u00ea gestor para gest\u00e3o de eventos clim\u00e1ticos - Ag\u00eancia iNFRA<\/title>\n<meta name=\"robots\" content=\"index, follow, max-snippet:-1, max-image-preview:large, max-video-preview:-1\" \/>\n<link rel=\"canonical\" href=\"https:\/\/agenciainfra.com\/blog\/antt-propoe-sala-de-crise-e-aumento-de-atribuicoes-do-comite-gestor-para-gestao-de-eventos-climaticos\/\" \/>\n<meta property=\"og:locale\" content=\"pt_BR\" \/>\n<meta property=\"og:type\" content=\"article\" \/>\n<meta property=\"og:title\" content=\"ANTT prop\u00f5e sala de crise e aumento de atribui\u00e7\u00f5es do comit\u00ea gestor para gest\u00e3o de eventos clim\u00e1ticos\" \/>\n<meta property=\"og:description\" content=\"Sheyla Santos, da Ag\u00eancia iNFRA A proposta de Instru\u00e7\u00e3o Normativa da ANTT (Ag\u00eancia Nacional de Transportes Terrestres) que vai disciplinar a gest\u00e3o de crises no \u00e2mbito de atua\u00e7\u00e3o da ag\u00eancia prev\u00ea a cria\u00e7\u00e3o de uma sala de crise e amplia as atividades do comit\u00ea gestor que atuar\u00e1 nesses eventos. Segundo a \u00e1rea t\u00e9cnica, que apresentou [&hellip;]\" \/>\n<meta property=\"og:url\" content=\"https:\/\/agenciainfra.com\/blog\/antt-propoe-sala-de-crise-e-aumento-de-atribuicoes-do-comite-gestor-para-gestao-de-eventos-climaticos\/\" \/>\n<meta property=\"og:site_name\" content=\"Ag\u00eancia iNFRA\" \/>\n<meta property=\"article:publisher\" content=\"https:\/\/www.facebook.com\/ageninfra\" \/>\n<meta property=\"article:published_time\" content=\"2025-02-25T11:00:00+00:00\" \/>\n<meta property=\"og:image\" content=\"https:\/\/agenciainfra.com\/blog\/wp-content\/uploads\/2024\/08\/fachada-antt-foto-governo-federal-2.jpeg\" \/>\n\t<meta property=\"og:image:width\" content=\"1202\" \/>\n\t<meta property=\"og:image:height\" content=\"801\" \/>\n\t<meta property=\"og:image:type\" content=\"image\/jpeg\" \/>\n<meta name=\"author\" content=\"Ag\u00eancia iNFRA\" \/>\n<meta name=\"twitter:card\" content=\"summary_large_image\" \/>\n<meta name=\"twitter:creator\" content=\"@agencia_infra\" \/>\n<meta name=\"twitter:site\" content=\"@agencia_infra\" \/>\n<meta name=\"twitter:label1\" content=\"Escrito por\" \/>\n\t<meta name=\"twitter:data1\" content=\"Ag\u00eancia iNFRA\" \/>\n\t<meta name=\"twitter:label2\" content=\"Est. tempo de leitura\" \/>\n\t<meta name=\"twitter:data2\" content=\"2 minutos\" \/>\n<script type=\"application\/ld+json\" class=\"yoast-schema-graph\">{\"@context\":\"https:\/\/schema.org\",\"@graph\":[{\"@type\":\"Article\",\"@id\":\"https:\/\/agenciainfra.com\/blog\/antt-propoe-sala-de-crise-e-aumento-de-atribuicoes-do-comite-gestor-para-gestao-de-eventos-climaticos\/#article\",\"isPartOf\":{\"@id\":\"https:\/\/agenciainfra.com\/blog\/antt-propoe-sala-de-crise-e-aumento-de-atribuicoes-do-comite-gestor-para-gestao-de-eventos-climaticos\/\"},\"author\":{\"name\":\"Ag\u00eancia iNFRA\",\"@id\":\"https:\/\/agenciainfra.com\/blog\/#\/schema\/person\/34af08dff6adea4cb22b06612ba7acfa\"},\"headline\":\"ANTT prop\u00f5e sala de crise e aumento de atribui\u00e7\u00f5es do comit\u00ea gestor para gest\u00e3o de eventos clim\u00e1ticos\",\"datePublished\":\"2025-02-25T11:00:00+00:00\",\"mainEntityOfPage\":{\"@id\":\"https:\/\/agenciainfra.com\/blog\/antt-propoe-sala-de-crise-e-aumento-de-atribuicoes-do-comite-gestor-para-gestao-de-eventos-climaticos\/\"},\"wordCount\":372,\"publisher\":{\"@id\":\"https:\/\/agenciainfra.com\/blog\/#organization\"},\"image\":{\"@id\":\"https:\/\/agenciainfra.com\/blog\/antt-propoe-sala-de-crise-e-aumento-de-atribuicoes-do-comite-gestor-para-gestao-de-eventos-climaticos\/#primaryimage\"},\"thumbnailUrl\":\"https:\/\/agenciainfra.com\/blog\/wp-content\/uploads\/2024\/08\/fachada-antt-foto-governo-federal-2.jpeg\",\"keywords\":[\"ANTT\",\"comit\u00ea de crise\",\"gest\u00e3o de eventos clim\u00e1ticos\",\"mudan\u00e7as clim\u00e1ticas\",\"Reuni\u00e3o Participativa\",\"sala de crise antt\",\"Sheyla Santos\"],\"articleSection\":[\"Destaque lista\",\"Geral\",\"iNFRA Na Transi\u00e7\u00e3o\"],\"inLanguage\":\"pt-BR\",\"copyrightYear\":\"2025\",\"copyrightHolder\":{\"@id\":\"https:\/\/agenciainfra.com\/blog\/#organization\"}},{\"@type\":\"WebPage\",\"@id\":\"https:\/\/agenciainfra.com\/blog\/antt-propoe-sala-de-crise-e-aumento-de-atribuicoes-do-comite-gestor-para-gestao-de-eventos-climaticos\/\",\"url\":\"https:\/\/agenciainfra.com\/blog\/antt-propoe-sala-de-crise-e-aumento-de-atribuicoes-do-comite-gestor-para-gestao-de-eventos-climaticos\/\",\"name\":\"ANTT prop\u00f5e sala de crise e aumento de atribui\u00e7\u00f5es do comit\u00ea gestor para gest\u00e3o de eventos clim\u00e1ticos - Ag\u00eancia iNFRA\",\"isPartOf\":{\"@id\":\"https:\/\/agenciainfra.com\/blog\/#website\"},\"primaryImageOfPage\":{\"@id\":\"https:\/\/agenciainfra.com\/blog\/antt-propoe-sala-de-crise-e-aumento-de-atribuicoes-do-comite-gestor-para-gestao-de-eventos-climaticos\/#primaryimage\"},\"image\":{\"@id\":\"https:\/\/agenciainfra.com\/blog\/antt-propoe-sala-de-crise-e-aumento-de-atribuicoes-do-comite-gestor-para-gestao-de-eventos-climaticos\/#primaryimage\"},\"thumbnailUrl\":\"https:\/\/agenciainfra.com\/blog\/wp-content\/uploads\/2024\/08\/fachada-antt-foto-governo-federal-2.jpeg\",\"datePublished\":\"2025-02-25T11:00:00+00:00\",\"breadcrumb\":{\"@id\":\"https:\/\/agenciainfra.com\/blog\/antt-propoe-sala-de-crise-e-aumento-de-atribuicoes-do-comite-gestor-para-gestao-de-eventos-climaticos\/#breadcrumb\"},\"inLanguage\":\"pt-BR\",\"potentialAction\":[{\"@type\":\"ReadAction\",\"target\":[\"https:\/\/agenciainfra.com\/blog\/antt-propoe-sala-de-crise-e-aumento-de-atribuicoes-do-comite-gestor-para-gestao-de-eventos-climaticos\/\"]}]},{\"@type\":\"ImageObject\",\"inLanguage\":\"pt-BR\",\"@id\":\"https:\/\/agenciainfra.com\/blog\/antt-propoe-sala-de-crise-e-aumento-de-atribuicoes-do-comite-gestor-para-gestao-de-eventos-climaticos\/#primaryimage\",\"url\":\"https:\/\/agenciainfra.com\/blog\/wp-content\/uploads\/2024\/08\/fachada-antt-foto-governo-federal-2.jpeg\",\"contentUrl\":\"https:\/\/agenciainfra.com\/blog\/wp-content\/uploads\/2024\/08\/fachada-antt-foto-governo-federal-2.jpeg\",\"width\":1202,\"height\":801,\"caption\":\"Foto: Governo Federal\"},{\"@type\":\"BreadcrumbList\",\"@id\":\"https:\/\/agenciainfra.com\/blog\/antt-propoe-sala-de-crise-e-aumento-de-atribuicoes-do-comite-gestor-para-gestao-de-eventos-climaticos\/#breadcrumb\",\"itemListElement\":[{\"@type\":\"ListItem\",\"position\":1,\"name\":\"In\u00edcio\",\"item\":\"https:\/\/agenciainfra.com\/blog\/\"},{\"@type\":\"ListItem\",\"position\":2,\"name\":\"ANTT prop\u00f5e sala de crise e aumento de atribui\u00e7\u00f5es do comit\u00ea gestor para gest\u00e3o de eventos clim\u00e1ticos\"}]},{\"@type\":\"WebSite\",\"@id\":\"https:\/\/agenciainfra.com\/blog\/#website\",\"url\":\"https:\/\/agenciainfra.com\/blog\/\",\"name\":\"Ag\u00eancia iNFRA\",\"description\":\"Multiplataforma de informa\u00e7\u00e3o jornal\u00edstica refer\u00eancia na \u00e1rea de infraestrutura no Brasil!\",\"publisher\":{\"@id\":\"https:\/\/agenciainfra.com\/blog\/#organization\"},\"potentialAction\":[{\"@type\":\"SearchAction\",\"target\":{\"@type\":\"EntryPoint\",\"urlTemplate\":\"https:\/\/agenciainfra.com\/blog\/?s={search_term_string}\"},\"query-input\":{\"@type\":\"PropertyValueSpecification\",\"valueRequired\":true,\"valueName\":\"search_term_string\"}}],\"inLanguage\":\"pt-BR\"},{\"@type\":\"Organization\",\"@id\":\"https:\/\/agenciainfra.com\/blog\/#organization\",\"name\":\"Ag\u00eancia iNFRA\",\"url\":\"https:\/\/agenciainfra.com\/blog\/\",\"logo\":{\"@type\":\"ImageObject\",\"inLanguage\":\"pt-BR\",\"@id\":\"https:\/\/agenciainfra.com\/blog\/#\/schema\/logo\/image\/\",\"url\":\"https:\/\/agenciainfra.com\/blog\/wp-content\/uploads\/2023\/09\/iNFRA_5-e1761735885940.png\",\"contentUrl\":\"https:\/\/agenciainfra.com\/blog\/wp-content\/uploads\/2023\/09\/iNFRA_5-e1761735885940.png\",\"width\":1672,\"height\":454,\"caption\":\"Ag\u00eancia iNFRA\"},\"image\":{\"@id\":\"https:\/\/agenciainfra.com\/blog\/#\/schema\/logo\/image\/\"},\"sameAs\":[\"https:\/\/www.facebook.com\/ageninfra\",\"https:\/\/x.com\/agencia_infra\",\"https:\/\/www.linkedin.com\/company\/ag\u00eanciainfra\/\",\"https:\/\/www.instagram.com\/agenciainfra\/\"]},{\"@type\":\"Person\",\"@id\":\"https:\/\/agenciainfra.com\/blog\/#\/schema\/person\/34af08dff6adea4cb22b06612ba7acfa\",\"name\":\"Ag\u00eancia iNFRA\",\"image\":{\"@type\":\"ImageObject\",\"inLanguage\":\"pt-BR\",\"@id\":\"https:\/\/agenciainfra.com\/blog\/#\/schema\/person\/image\/\",\"url\":\"https:\/\/secure.gravatar.com\/avatar\/d189e01678f06d8eb84d4e01f08eb848b3fffe3f8443818d3c356c66892f5be8?s=96&d=mm&r=g\",\"contentUrl\":\"https:\/\/secure.gravatar.com\/avatar\/d189e01678f06d8eb84d4e01f08eb848b3fffe3f8443818d3c356c66892f5be8?s=96&d=mm&r=g\",\"caption\":\"Ag\u00eancia iNFRA\"},\"url\":\"https:\/\/agenciainfra.com\/blog\/author\/admin\/\"}]}<\/script>\n<!-- \/ Yoast SEO Premium plugin. -->","yoast_head_json":{"title":"ANTT prop\u00f5e sala de crise e aumento de atribui\u00e7\u00f5es do comit\u00ea gestor para gest\u00e3o de eventos clim\u00e1ticos - Ag\u00eancia iNFRA","robots":{"index":"index","follow":"follow","max-snippet":"max-snippet:-1","max-image-preview":"max-image-preview:large","max-video-preview":"max-video-preview:-1"},"canonical":"https:\/\/agenciainfra.com\/blog\/antt-propoe-sala-de-crise-e-aumento-de-atribuicoes-do-comite-gestor-para-gestao-de-eventos-climaticos\/","og_locale":"pt_BR","og_type":"article","og_title":"ANTT prop\u00f5e sala de crise e aumento de atribui\u00e7\u00f5es do comit\u00ea gestor para gest\u00e3o de eventos clim\u00e1ticos","og_description":"Sheyla Santos, da Ag\u00eancia iNFRA A proposta de Instru\u00e7\u00e3o Normativa da ANTT (Ag\u00eancia Nacional de Transportes Terrestres) que vai disciplinar a gest\u00e3o de crises no \u00e2mbito de atua\u00e7\u00e3o da ag\u00eancia prev\u00ea a cria\u00e7\u00e3o de uma sala de crise e amplia as atividades do comit\u00ea gestor que atuar\u00e1 nesses eventos. Segundo a \u00e1rea t\u00e9cnica, que apresentou [&hellip;]","og_url":"https:\/\/agenciainfra.com\/blog\/antt-propoe-sala-de-crise-e-aumento-de-atribuicoes-do-comite-gestor-para-gestao-de-eventos-climaticos\/","og_site_name":"Ag\u00eancia iNFRA","article_publisher":"https:\/\/www.facebook.com\/ageninfra","article_published_time":"2025-02-25T11:00:00+00:00","og_image":[{"width":1202,"height":801,"url":"https:\/\/agenciainfra.com\/blog\/wp-content\/uploads\/2024\/08\/fachada-antt-foto-governo-federal-2.jpeg","type":"image\/jpeg"}],"author":"Ag\u00eancia iNFRA","twitter_card":"summary_large_image","twitter_creator":"@agencia_infra","twitter_site":"@agencia_infra","twitter_misc":{"Escrito por":"Ag\u00eancia iNFRA","Est. tempo de leitura":"2 minutos"},"schema":{"@context":"https:\/\/schema.org","@graph":[{"@type":"Article","@id":"https:\/\/agenciainfra.com\/blog\/antt-propoe-sala-de-crise-e-aumento-de-atribuicoes-do-comite-gestor-para-gestao-de-eventos-climaticos\/#article","isPartOf":{"@id":"https:\/\/agenciainfra.com\/blog\/antt-propoe-sala-de-crise-e-aumento-de-atribuicoes-do-comite-gestor-para-gestao-de-eventos-climaticos\/"},"author":{"name":"Ag\u00eancia iNFRA","@id":"https:\/\/agenciainfra.com\/blog\/#\/schema\/person\/34af08dff6adea4cb22b06612ba7acfa"},"headline":"ANTT prop\u00f5e sala de crise e aumento de atribui\u00e7\u00f5es do comit\u00ea gestor para gest\u00e3o de eventos clim\u00e1ticos","datePublished":"2025-02-25T11:00:00+00:00","mainEntityOfPage":{"@id":"https:\/\/agenciainfra.com\/blog\/antt-propoe-sala-de-crise-e-aumento-de-atribuicoes-do-comite-gestor-para-gestao-de-eventos-climaticos\/"},"wordCount":372,"publisher":{"@id":"https:\/\/agenciainfra.com\/blog\/#organization"},"image":{"@id":"https:\/\/agenciainfra.com\/blog\/antt-propoe-sala-de-crise-e-aumento-de-atribuicoes-do-comite-gestor-para-gestao-de-eventos-climaticos\/#primaryimage"},"thumbnailUrl":"https:\/\/agenciainfra.com\/blog\/wp-content\/uploads\/2024\/08\/fachada-antt-foto-governo-federal-2.jpeg","keywords":["ANTT","comit\u00ea de crise","gest\u00e3o de eventos clim\u00e1ticos","mudan\u00e7as clim\u00e1ticas","Reuni\u00e3o Participativa","sala de crise antt","Sheyla Santos"],"articleSection":["Destaque lista","Geral","iNFRA Na Transi\u00e7\u00e3o"],"inLanguage":"pt-BR","copyrightYear":"2025","copyrightHolder":{"@id":"https:\/\/agenciainfra.com\/blog\/#organization"}},{"@type":"WebPage","@id":"https:\/\/agenciainfra.com\/blog\/antt-propoe-sala-de-crise-e-aumento-de-atribuicoes-do-comite-gestor-para-gestao-de-eventos-climaticos\/","url":"https:\/\/agenciainfra.com\/blog\/antt-propoe-sala-de-crise-e-aumento-de-atribuicoes-do-comite-gestor-para-gestao-de-eventos-climaticos\/","name":"ANTT prop\u00f5e sala de crise e aumento de atribui\u00e7\u00f5es do comit\u00ea gestor para gest\u00e3o de eventos clim\u00e1ticos - Ag\u00eancia iNFRA","isPartOf":{"@id":"https:\/\/agenciainfra.com\/blog\/#website"},"primaryImageOfPage":{"@id":"https:\/\/agenciainfra.com\/blog\/antt-propoe-sala-de-crise-e-aumento-de-atribuicoes-do-comite-gestor-para-gestao-de-eventos-climaticos\/#primaryimage"},"image":{"@id":"https:\/\/agenciainfra.com\/blog\/antt-propoe-sala-de-crise-e-aumento-de-atribuicoes-do-comite-gestor-para-gestao-de-eventos-climaticos\/#primaryimage"},"thumbnailUrl":"https:\/\/agenciainfra.com\/blog\/wp-content\/uploads\/2024\/08\/fachada-antt-foto-governo-federal-2.jpeg","datePublished":"2025-02-25T11:00:00+00:00","breadcrumb":{"@id":"https:\/\/agenciainfra.com\/blog\/antt-propoe-sala-de-crise-e-aumento-de-atribuicoes-do-comite-gestor-para-gestao-de-eventos-climaticos\/#breadcrumb"},"inLanguage":"pt-BR","potentialAction":[{"@type":"ReadAction","target":["https:\/\/agenciainfra.com\/blog\/antt-propoe-sala-de-crise-e-aumento-de-atribuicoes-do-comite-gestor-para-gestao-de-eventos-climaticos\/"]}]},{"@type":"ImageObject","inLanguage":"pt-BR","@id":"https:\/\/agenciainfra.com\/blog\/antt-propoe-sala-de-crise-e-aumento-de-atribuicoes-do-comite-gestor-para-gestao-de-eventos-climaticos\/#primaryimage","url":"https:\/\/agenciainfra.com\/blog\/wp-content\/uploads\/2024\/08\/fachada-antt-foto-governo-federal-2.jpeg","contentUrl":"https:\/\/agenciainfra.com\/blog\/wp-content\/uploads\/2024\/08\/fachada-antt-foto-governo-federal-2.jpeg","width":1202,"height":801,"caption":"Foto: Governo Federal"},{"@type":"BreadcrumbList","@id":"https:\/\/agenciainfra.com\/blog\/antt-propoe-sala-de-crise-e-aumento-de-atribuicoes-do-comite-gestor-para-gestao-de-eventos-climaticos\/#breadcrumb","itemListElement":[{"@type":"ListItem","position":1,"name":"In\u00edcio","item":"https:\/\/agenciainfra.com\/blog\/"},{"@type":"ListItem","position":2,"name":"ANTT prop\u00f5e sala de crise e aumento de atribui\u00e7\u00f5es do comit\u00ea gestor para gest\u00e3o de eventos clim\u00e1ticos"}]},{"@type":"WebSite","@id":"https:\/\/agenciainfra.com\/blog\/#website","url":"https:\/\/agenciainfra.com\/blog\/","name":"Ag\u00eancia iNFRA","description":"Multiplataforma de informa\u00e7\u00e3o jornal\u00edstica refer\u00eancia na \u00e1rea de infraestrutura no Brasil!","publisher":{"@id":"https:\/\/agenciainfra.com\/blog\/#organization"},"potentialAction":[{"@type":"SearchAction","target":{"@type":"EntryPoint","urlTemplate":"https:\/\/agenciainfra.com\/blog\/?s={search_term_string}"},"query-input":{"@type":"PropertyValueSpecification","valueRequired":true,"valueName":"search_term_string"}}],"inLanguage":"pt-BR"},{"@type":"Organization","@id":"https:\/\/agenciainfra.com\/blog\/#organization","name":"Ag\u00eancia iNFRA","url":"https:\/\/agenciainfra.com\/blog\/","logo":{"@type":"ImageObject","inLanguage":"pt-BR","@id":"https:\/\/agenciainfra.com\/blog\/#\/schema\/logo\/image\/","url":"https:\/\/agenciainfra.com\/blog\/wp-content\/uploads\/2023\/09\/iNFRA_5-e1761735885940.png","contentUrl":"https:\/\/agenciainfra.com\/blog\/wp-content\/uploads\/2023\/09\/iNFRA_5-e1761735885940.png","width":1672,"height":454,"caption":"Ag\u00eancia iNFRA"},"image":{"@id":"https:\/\/agenciainfra.com\/blog\/#\/schema\/logo\/image\/"},"sameAs":["https:\/\/www.facebook.com\/ageninfra","https:\/\/x.com\/agencia_infra","https:\/\/www.linkedin.com\/company\/ag\u00eanciainfra\/","https:\/\/www.instagram.com\/agenciainfra\/"]},{"@type":"Person","@id":"https:\/\/agenciainfra.com\/blog\/#\/schema\/person\/34af08dff6adea4cb22b06612ba7acfa","name":"Ag\u00eancia iNFRA","image":{"@type":"ImageObject","inLanguage":"pt-BR","@id":"https:\/\/agenciainfra.com\/blog\/#\/schema\/person\/image\/","url":"https:\/\/secure.gravatar.com\/avatar\/d189e01678f06d8eb84d4e01f08eb848b3fffe3f8443818d3c356c66892f5be8?s=96&d=mm&r=g","contentUrl":"https:\/\/secure.gravatar.com\/avatar\/d189e01678f06d8eb84d4e01f08eb848b3fffe3f8443818d3c356c66892f5be8?s=96&d=mm&r=g","caption":"Ag\u00eancia iNFRA"},"url":"https:\/\/agenciainfra.com\/blog\/author\/admin\/"}]}},"_links":{"self":[{"href":"https:\/\/agenciainfra.com\/blog\/wp-json\/wp\/v2\/posts\/20370","targetHints":{"allow":["GET"]}}],"collection":[{"href":"https:\/\/agenciainfra.com\/blog\/wp-json\/wp\/v2\/posts"}],"about":[{"href":"https:\/\/agenciainfra.com\/blog\/wp-json\/wp\/v2\/types\/post"}],"author":[{"embeddable":true,"href":"https:\/\/agenciainfra.com\/blog\/wp-json\/wp\/v2\/users\/1"}],"replies":[{"embeddable":true,"href":"https:\/\/agenciainfra.com\/blog\/wp-json\/wp\/v2\/comments?post=20370"}],"version-history":[{"count":2,"href":"https:\/\/agenciainfra.com\/blog\/wp-json\/wp\/v2\/posts\/20370\/revisions"}],"predecessor-version":[{"id":20374,"href":"https:\/\/agenciainfra.com\/blog\/wp-json\/wp\/v2\/posts\/20370\/revisions\/20374"}],"wp:featuredmedia":[{"embeddable":true,"href":"https:\/\/agenciainfra.com\/blog\/wp-json\/wp\/v2\/media\/18214"}],"wp:attachment":[{"href":"https:\/\/agenciainfra.com\/blog\/wp-json\/wp\/v2\/media?parent=20370"}],"wp:term":[{"taxonomy":"category","embeddable":true,"href":"https:\/\/agenciainfra.com\/blog\/wp-json\/wp\/v2\/categories?post=20370"},{"taxonomy":"post_tag","embeddable":true,"href":"https:\/\/agenciainfra.com\/blog\/wp-json\/wp\/v2\/tags?post=20370"}],"curies":[{"name":"wp","href":"https:\/\/api.w.org\/{rel}","templated":true}]}}