{"id":2038,"date":"2018-07-04T01:11:28","date_gmt":"2018-07-04T04:11:28","guid":{"rendered":"http:\/\/www.agenciainfra.com\/blog\/?p=2038"},"modified":"2018-07-04T01:13:32","modified_gmt":"2018-07-04T04:13:32","slug":"antaq-elabora-plano-para-incentivar-a-cabotagem","status":"publish","type":"post","link":"https:\/\/agenciainfra.com\/blog\/antaq-elabora-plano-para-incentivar-a-cabotagem\/","title":{"rendered":"ANTAQ elabora plano para incentivar a cabotagem"},"content":{"rendered":"<div>\n<div><\/div>\n<div style=\"text-align: right;\"><strong>da Ag\u00eancia iNFRA<\/strong><\/div>\n<div dir=\"ltr\">\n<div dir=\"ltr\">\n<p>A pedido do Minist\u00e9rio dos Transportes, Portos e Avia\u00e7\u00e3o Civil, a\u00a0<span class=\"il\">ANTAQ<\/span>\u00a0(Ag\u00eancia Nacional de Transportes Aquavi\u00e1rios) prepara um plano para desenvolver o setor hidrovi\u00e1rio do pa\u00eds, com especial abordagem para o setor de cabotagem.<\/p>\n<p>De acordo com o diretor-geral da ag\u00eancia, M\u00e1rio Povia, o plano passa por buscar uma redu\u00e7\u00e3o do custo do transporte de navio na costa nacional e uma maior isonomia de tratamento das cargas em rela\u00e7\u00e3o aos outros meios de transportes, como forma de tornar o modal mais competitivo.<\/p>\n<p>Trabalhos j\u00e1 realizados por associa\u00e7\u00f5es e entidades governamentais est\u00e3o sendo analisados por t\u00e9cnicos da ag\u00eancia e do minist\u00e9rio a pedido do chefe da pasta, Valter Casimiro, que pretende apresentar um projeto at\u00e9 o fim de sua gest\u00e3o.<\/p>\n<p>A primeira linha de ataque ser\u00e1 nos custos do sistema de cabotagem, considerados muito elevados. De acordo com Povia, a ideia \u00e9 obter uma desonera\u00e7\u00e3o nos custos dos combust\u00edveis, que pagam ICMS no caso da cabotagem, mas n\u00e3o para a navega\u00e7\u00e3o para fora do pa\u00eds.<\/p>\n<p>Outros custos a serem combatidos s\u00e3o o trabalhista, cujas leis nacionais elevam os valores da cabotagem, e o de praticagem, que pode ter isen\u00e7\u00e3o para manobras de navios nacionais em parte dos portos.<\/p>\n<p>Segundo Povia, o minist\u00e9rio tamb\u00e9m vai buscar em outros \u00f3rg\u00e3os do governo uma isonomia de tratamento das cargas de cabotagem em rela\u00e7\u00e3o a outros modais, evitando que elas tenham que ser vistoriadas a cada novo porto.<\/p>\n<p>&#8220;O cont\u00eainer quando anda de caminh\u00e3o n\u00e3o tem que ficar sendo vistoriado em cada ponto de parada&#8221;, lembrou Povia.<\/p>\n<p><strong>Concess\u00f5es<\/strong><br \/>\nAs ideias mais ousadas. no entanto, est\u00e3o no campo das concess\u00f5es. De acordo com Povia, o governo est\u00e1 estudando anunciar sua primeira concess\u00e3o de hidrovia ainda este ano. Os estudos podem levar a que seja a hidrovia Paran\u00e1-Tiet\u00ea ou a hidrovia do Madeira.<\/p>\n<p>&#8220;N\u00f3s estamos dispostos a fazer a modelagem e deixar tudo pronto para o pr\u00f3ximo governo licitar&#8221;, afirmou Povia.<\/p>\n<p>Mas, segundo ele, ideias mais ousadas ser\u00e3o apresentadas para tentar dar uma maior din\u00e2mica ao setor. Um dos modelos poderia ser uma concess\u00e3o tempor\u00e1ria para a utiliza\u00e7\u00e3o de terminais portu\u00e1rios hoje ociosos, principalmente no Norte e Nordeste, em troca de permiss\u00f5es para que navios estrangeiros fizessem a movimenta\u00e7\u00e3o de cargas no pa\u00eds (o chamado Waiver), o que \u00e9 proibido sem uma autoriza\u00e7\u00e3o espec\u00edfica.<\/p>\n<p>&#8220;Queremos fazer uma chamada ao mercado, atrav\u00e9s de uma PMI (Procedimento de Manifesta\u00e7\u00e3o de Interesse), para que eles lancem ideias de como ampliar a utiliza\u00e7\u00e3o de alguns terminais no pa\u00eds usando a cabotagem. Queremos colher essas solu\u00e7\u00f5es de mercado para ver se \u00e9 poss\u00edvel apresentar uma proposta mais ousada de concess\u00e3o&#8221;, afirmou Povia (<em>D.A<\/em>).<\/p>\n<\/div>\n<\/div>\n<\/div>\n","protected":false},"excerpt":{"rendered":"<p>da Ag\u00eancia iNFRA A pedido do Minist\u00e9rio dos Transportes, Portos e Avia\u00e7\u00e3o Civil, a\u00a0ANTAQ\u00a0(Ag\u00eancia Nacional de Transportes Aquavi\u00e1rios) prepara um plano para desenvolver o setor hidrovi\u00e1rio do pa\u00eds, com especial abordagem para o setor de cabotagem. De acordo com o diretor-geral da ag\u00eancia, M\u00e1rio Povia, o plano passa por buscar uma redu\u00e7\u00e3o do custo do [&hellip;]<\/p>\n","protected":false},"author":1,"featured_media":2039,"comment_status":"closed","ping_status":"open","sticky":false,"template":"","format":"standard","meta":{"_monsterinsights_skip_tracking":false,"_monsterinsights_sitenote_active":false,"_monsterinsights_sitenote_note":"","_monsterinsights_sitenote_category":0,"footnotes":""},"categories":[7],"tags":[407,78,316,408,16,65],"class_list":["post-2038","post","type-post","status-publish","format-standard","has-post-thumbnail","hentry","category-infratransporte","tag-cabotagem","tag-concessoes","tag-licitacao","tag-mario-povia","tag-ministerio-dos-transportes","tag-pmi"],"yoast_head":"<!-- This site is optimized with the Yoast SEO Premium plugin v25.4 (Yoast SEO v26.0) - https:\/\/yoast.com\/wordpress\/plugins\/seo\/ -->\n<title>ANTAQ elabora plano para incentivar a cabotagem - Ag\u00eancia iNFRA<\/title>\n<meta name=\"robots\" content=\"index, follow, max-snippet:-1, max-image-preview:large, max-video-preview:-1\" \/>\n<link rel=\"canonical\" href=\"https:\/\/agenciainfra.com\/blog\/antaq-elabora-plano-para-incentivar-a-cabotagem\/\" \/>\n<meta property=\"og:locale\" content=\"pt_BR\" \/>\n<meta property=\"og:type\" content=\"article\" \/>\n<meta property=\"og:title\" content=\"ANTAQ elabora plano para incentivar a cabotagem\" \/>\n<meta property=\"og:description\" content=\"da Ag\u00eancia iNFRA A pedido do Minist\u00e9rio dos Transportes, Portos e Avia\u00e7\u00e3o Civil, a\u00a0ANTAQ\u00a0(Ag\u00eancia Nacional de Transportes Aquavi\u00e1rios) prepara um plano para desenvolver o setor hidrovi\u00e1rio do pa\u00eds, com especial abordagem para o setor de cabotagem. De acordo com o diretor-geral da ag\u00eancia, M\u00e1rio Povia, o plano passa por buscar uma redu\u00e7\u00e3o do custo do [&hellip;]\" \/>\n<meta property=\"og:url\" content=\"https:\/\/agenciainfra.com\/blog\/antaq-elabora-plano-para-incentivar-a-cabotagem\/\" \/>\n<meta property=\"og:site_name\" content=\"Ag\u00eancia iNFRA\" \/>\n<meta property=\"article:publisher\" content=\"https:\/\/www.facebook.com\/ageninfra\" \/>\n<meta property=\"article:published_time\" content=\"2018-07-04T04:11:28+00:00\" \/>\n<meta property=\"article:modified_time\" content=\"2018-07-04T04:13:32+00:00\" \/>\n<meta property=\"og:image\" content=\"https:\/\/agenciainfra.com\/blog\/wp-content\/uploads\/2018\/07\/mario_povia_diretor_antaq-e1530677568420.jpg\" \/>\n\t<meta property=\"og:image:width\" content=\"539\" \/>\n\t<meta property=\"og:image:height\" content=\"366\" \/>\n\t<meta property=\"og:image:type\" content=\"image\/jpeg\" \/>\n<meta name=\"author\" content=\"Ag\u00eancia iNFRA\" \/>\n<meta name=\"twitter:card\" content=\"summary_large_image\" \/>\n<meta name=\"twitter:creator\" content=\"@agencia_infra\" \/>\n<meta name=\"twitter:site\" content=\"@agencia_infra\" \/>\n<meta name=\"twitter:label1\" content=\"Escrito por\" \/>\n\t<meta name=\"twitter:data1\" content=\"Ag\u00eancia iNFRA\" \/>\n\t<meta name=\"twitter:label2\" content=\"Est. tempo de leitura\" \/>\n\t<meta name=\"twitter:data2\" content=\"2 minutos\" \/>\n<script type=\"application\/ld+json\" class=\"yoast-schema-graph\">{\"@context\":\"https:\/\/schema.org\",\"@graph\":[{\"@type\":\"Article\",\"@id\":\"https:\/\/agenciainfra.com\/blog\/antaq-elabora-plano-para-incentivar-a-cabotagem\/#article\",\"isPartOf\":{\"@id\":\"https:\/\/agenciainfra.com\/blog\/antaq-elabora-plano-para-incentivar-a-cabotagem\/\"},\"author\":{\"name\":\"Ag\u00eancia iNFRA\",\"@id\":\"https:\/\/agenciainfra.com\/blog\/#\/schema\/person\/34af08dff6adea4cb22b06612ba7acfa\"},\"headline\":\"ANTAQ elabora plano para incentivar a cabotagem\",\"datePublished\":\"2018-07-04T04:11:28+00:00\",\"dateModified\":\"2018-07-04T04:13:32+00:00\",\"mainEntityOfPage\":{\"@id\":\"https:\/\/agenciainfra.com\/blog\/antaq-elabora-plano-para-incentivar-a-cabotagem\/\"},\"wordCount\":496,\"publisher\":{\"@id\":\"https:\/\/agenciainfra.com\/blog\/#organization\"},\"image\":{\"@id\":\"https:\/\/agenciainfra.com\/blog\/antaq-elabora-plano-para-incentivar-a-cabotagem\/#primaryimage\"},\"thumbnailUrl\":\"https:\/\/agenciainfra.com\/blog\/wp-content\/uploads\/2018\/07\/mario_povia_diretor_antaq-e1530677568420.jpg\",\"keywords\":[\"cabotagem\",\"concess\u00f5es\",\"licita\u00e7\u00e3o\",\"M\u00e1rio Povia\",\"minist\u00e9rio dos transportes\",\"PMI\"],\"articleSection\":[\"iNFRATransporte\"],\"inLanguage\":\"pt-BR\",\"copyrightYear\":\"2018\",\"copyrightHolder\":{\"@id\":\"https:\/\/agenciainfra.com\/blog\/#organization\"}},{\"@type\":\"WebPage\",\"@id\":\"https:\/\/agenciainfra.com\/blog\/antaq-elabora-plano-para-incentivar-a-cabotagem\/\",\"url\":\"https:\/\/agenciainfra.com\/blog\/antaq-elabora-plano-para-incentivar-a-cabotagem\/\",\"name\":\"ANTAQ elabora plano para incentivar a cabotagem - Ag\u00eancia iNFRA\",\"isPartOf\":{\"@id\":\"https:\/\/agenciainfra.com\/blog\/#website\"},\"primaryImageOfPage\":{\"@id\":\"https:\/\/agenciainfra.com\/blog\/antaq-elabora-plano-para-incentivar-a-cabotagem\/#primaryimage\"},\"image\":{\"@id\":\"https:\/\/agenciainfra.com\/blog\/antaq-elabora-plano-para-incentivar-a-cabotagem\/#primaryimage\"},\"thumbnailUrl\":\"https:\/\/agenciainfra.com\/blog\/wp-content\/uploads\/2018\/07\/mario_povia_diretor_antaq-e1530677568420.jpg\",\"datePublished\":\"2018-07-04T04:11:28+00:00\",\"dateModified\":\"2018-07-04T04:13:32+00:00\",\"breadcrumb\":{\"@id\":\"https:\/\/agenciainfra.com\/blog\/antaq-elabora-plano-para-incentivar-a-cabotagem\/#breadcrumb\"},\"inLanguage\":\"pt-BR\",\"potentialAction\":[{\"@type\":\"ReadAction\",\"target\":[\"https:\/\/agenciainfra.com\/blog\/antaq-elabora-plano-para-incentivar-a-cabotagem\/\"]}]},{\"@type\":\"ImageObject\",\"inLanguage\":\"pt-BR\",\"@id\":\"https:\/\/agenciainfra.com\/blog\/antaq-elabora-plano-para-incentivar-a-cabotagem\/#primaryimage\",\"url\":\"https:\/\/agenciainfra.com\/blog\/wp-content\/uploads\/2018\/07\/mario_povia_diretor_antaq-e1530677568420.jpg\",\"contentUrl\":\"https:\/\/agenciainfra.com\/blog\/wp-content\/uploads\/2018\/07\/mario_povia_diretor_antaq-e1530677568420.jpg\",\"width\":539,\"height\":366},{\"@type\":\"BreadcrumbList\",\"@id\":\"https:\/\/agenciainfra.com\/blog\/antaq-elabora-plano-para-incentivar-a-cabotagem\/#breadcrumb\",\"itemListElement\":[{\"@type\":\"ListItem\",\"position\":1,\"name\":\"In\u00edcio\",\"item\":\"https:\/\/agenciainfra.com\/blog\/\"},{\"@type\":\"ListItem\",\"position\":2,\"name\":\"ANTAQ elabora plano para incentivar a cabotagem\"}]},{\"@type\":\"WebSite\",\"@id\":\"https:\/\/agenciainfra.com\/blog\/#website\",\"url\":\"https:\/\/agenciainfra.com\/blog\/\",\"name\":\"Ag\u00eancia iNFRA\",\"description\":\"Multiplataforma de informa\u00e7\u00e3o jornal\u00edstica refer\u00eancia na \u00e1rea de infraestrutura no Brasil!\",\"publisher\":{\"@id\":\"https:\/\/agenciainfra.com\/blog\/#organization\"},\"potentialAction\":[{\"@type\":\"SearchAction\",\"target\":{\"@type\":\"EntryPoint\",\"urlTemplate\":\"https:\/\/agenciainfra.com\/blog\/?s={search_term_string}\"},\"query-input\":{\"@type\":\"PropertyValueSpecification\",\"valueRequired\":true,\"valueName\":\"search_term_string\"}}],\"inLanguage\":\"pt-BR\"},{\"@type\":\"Organization\",\"@id\":\"https:\/\/agenciainfra.com\/blog\/#organization\",\"name\":\"Ag\u00eancia iNFRA\",\"url\":\"https:\/\/agenciainfra.com\/blog\/\",\"logo\":{\"@type\":\"ImageObject\",\"inLanguage\":\"pt-BR\",\"@id\":\"https:\/\/agenciainfra.com\/blog\/#\/schema\/logo\/image\/\",\"url\":\"https:\/\/agenciainfra.com\/blog\/wp-content\/uploads\/2023\/09\/iNFRA_5-e1761735885940.png\",\"contentUrl\":\"https:\/\/agenciainfra.com\/blog\/wp-content\/uploads\/2023\/09\/iNFRA_5-e1761735885940.png\",\"width\":1672,\"height\":454,\"caption\":\"Ag\u00eancia iNFRA\"},\"image\":{\"@id\":\"https:\/\/agenciainfra.com\/blog\/#\/schema\/logo\/image\/\"},\"sameAs\":[\"https:\/\/www.facebook.com\/ageninfra\",\"https:\/\/x.com\/agencia_infra\",\"https:\/\/www.linkedin.com\/company\/ag\u00eanciainfra\/\",\"https:\/\/www.instagram.com\/agenciainfra\/\"]},{\"@type\":\"Person\",\"@id\":\"https:\/\/agenciainfra.com\/blog\/#\/schema\/person\/34af08dff6adea4cb22b06612ba7acfa\",\"name\":\"Ag\u00eancia iNFRA\",\"image\":{\"@type\":\"ImageObject\",\"inLanguage\":\"pt-BR\",\"@id\":\"https:\/\/agenciainfra.com\/blog\/#\/schema\/person\/image\/\",\"url\":\"https:\/\/secure.gravatar.com\/avatar\/d189e01678f06d8eb84d4e01f08eb848b3fffe3f8443818d3c356c66892f5be8?s=96&d=mm&r=g\",\"contentUrl\":\"https:\/\/secure.gravatar.com\/avatar\/d189e01678f06d8eb84d4e01f08eb848b3fffe3f8443818d3c356c66892f5be8?s=96&d=mm&r=g\",\"caption\":\"Ag\u00eancia iNFRA\"},\"url\":\"https:\/\/agenciainfra.com\/blog\/author\/admin\/\"}]}<\/script>\n<!-- \/ Yoast SEO Premium plugin. -->","yoast_head_json":{"title":"ANTAQ elabora plano para incentivar a cabotagem - Ag\u00eancia iNFRA","robots":{"index":"index","follow":"follow","max-snippet":"max-snippet:-1","max-image-preview":"max-image-preview:large","max-video-preview":"max-video-preview:-1"},"canonical":"https:\/\/agenciainfra.com\/blog\/antaq-elabora-plano-para-incentivar-a-cabotagem\/","og_locale":"pt_BR","og_type":"article","og_title":"ANTAQ elabora plano para incentivar a cabotagem","og_description":"da Ag\u00eancia iNFRA A pedido do Minist\u00e9rio dos Transportes, Portos e Avia\u00e7\u00e3o Civil, a\u00a0ANTAQ\u00a0(Ag\u00eancia Nacional de Transportes Aquavi\u00e1rios) prepara um plano para desenvolver o setor hidrovi\u00e1rio do pa\u00eds, com especial abordagem para o setor de cabotagem. De acordo com o diretor-geral da ag\u00eancia, M\u00e1rio Povia, o plano passa por buscar uma redu\u00e7\u00e3o do custo do [&hellip;]","og_url":"https:\/\/agenciainfra.com\/blog\/antaq-elabora-plano-para-incentivar-a-cabotagem\/","og_site_name":"Ag\u00eancia iNFRA","article_publisher":"https:\/\/www.facebook.com\/ageninfra","article_published_time":"2018-07-04T04:11:28+00:00","article_modified_time":"2018-07-04T04:13:32+00:00","og_image":[{"width":539,"height":366,"url":"https:\/\/agenciainfra.com\/blog\/wp-content\/uploads\/2018\/07\/mario_povia_diretor_antaq-e1530677568420.jpg","type":"image\/jpeg"}],"author":"Ag\u00eancia iNFRA","twitter_card":"summary_large_image","twitter_creator":"@agencia_infra","twitter_site":"@agencia_infra","twitter_misc":{"Escrito por":"Ag\u00eancia iNFRA","Est. tempo de leitura":"2 minutos"},"schema":{"@context":"https:\/\/schema.org","@graph":[{"@type":"Article","@id":"https:\/\/agenciainfra.com\/blog\/antaq-elabora-plano-para-incentivar-a-cabotagem\/#article","isPartOf":{"@id":"https:\/\/agenciainfra.com\/blog\/antaq-elabora-plano-para-incentivar-a-cabotagem\/"},"author":{"name":"Ag\u00eancia iNFRA","@id":"https:\/\/agenciainfra.com\/blog\/#\/schema\/person\/34af08dff6adea4cb22b06612ba7acfa"},"headline":"ANTAQ elabora plano para incentivar a cabotagem","datePublished":"2018-07-04T04:11:28+00:00","dateModified":"2018-07-04T04:13:32+00:00","mainEntityOfPage":{"@id":"https:\/\/agenciainfra.com\/blog\/antaq-elabora-plano-para-incentivar-a-cabotagem\/"},"wordCount":496,"publisher":{"@id":"https:\/\/agenciainfra.com\/blog\/#organization"},"image":{"@id":"https:\/\/agenciainfra.com\/blog\/antaq-elabora-plano-para-incentivar-a-cabotagem\/#primaryimage"},"thumbnailUrl":"https:\/\/agenciainfra.com\/blog\/wp-content\/uploads\/2018\/07\/mario_povia_diretor_antaq-e1530677568420.jpg","keywords":["cabotagem","concess\u00f5es","licita\u00e7\u00e3o","M\u00e1rio Povia","minist\u00e9rio dos transportes","PMI"],"articleSection":["iNFRATransporte"],"inLanguage":"pt-BR","copyrightYear":"2018","copyrightHolder":{"@id":"https:\/\/agenciainfra.com\/blog\/#organization"}},{"@type":"WebPage","@id":"https:\/\/agenciainfra.com\/blog\/antaq-elabora-plano-para-incentivar-a-cabotagem\/","url":"https:\/\/agenciainfra.com\/blog\/antaq-elabora-plano-para-incentivar-a-cabotagem\/","name":"ANTAQ elabora plano para incentivar a cabotagem - Ag\u00eancia iNFRA","isPartOf":{"@id":"https:\/\/agenciainfra.com\/blog\/#website"},"primaryImageOfPage":{"@id":"https:\/\/agenciainfra.com\/blog\/antaq-elabora-plano-para-incentivar-a-cabotagem\/#primaryimage"},"image":{"@id":"https:\/\/agenciainfra.com\/blog\/antaq-elabora-plano-para-incentivar-a-cabotagem\/#primaryimage"},"thumbnailUrl":"https:\/\/agenciainfra.com\/blog\/wp-content\/uploads\/2018\/07\/mario_povia_diretor_antaq-e1530677568420.jpg","datePublished":"2018-07-04T04:11:28+00:00","dateModified":"2018-07-04T04:13:32+00:00","breadcrumb":{"@id":"https:\/\/agenciainfra.com\/blog\/antaq-elabora-plano-para-incentivar-a-cabotagem\/#breadcrumb"},"inLanguage":"pt-BR","potentialAction":[{"@type":"ReadAction","target":["https:\/\/agenciainfra.com\/blog\/antaq-elabora-plano-para-incentivar-a-cabotagem\/"]}]},{"@type":"ImageObject","inLanguage":"pt-BR","@id":"https:\/\/agenciainfra.com\/blog\/antaq-elabora-plano-para-incentivar-a-cabotagem\/#primaryimage","url":"https:\/\/agenciainfra.com\/blog\/wp-content\/uploads\/2018\/07\/mario_povia_diretor_antaq-e1530677568420.jpg","contentUrl":"https:\/\/agenciainfra.com\/blog\/wp-content\/uploads\/2018\/07\/mario_povia_diretor_antaq-e1530677568420.jpg","width":539,"height":366},{"@type":"BreadcrumbList","@id":"https:\/\/agenciainfra.com\/blog\/antaq-elabora-plano-para-incentivar-a-cabotagem\/#breadcrumb","itemListElement":[{"@type":"ListItem","position":1,"name":"In\u00edcio","item":"https:\/\/agenciainfra.com\/blog\/"},{"@type":"ListItem","position":2,"name":"ANTAQ elabora plano para incentivar a cabotagem"}]},{"@type":"WebSite","@id":"https:\/\/agenciainfra.com\/blog\/#website","url":"https:\/\/agenciainfra.com\/blog\/","name":"Ag\u00eancia iNFRA","description":"Multiplataforma de informa\u00e7\u00e3o jornal\u00edstica refer\u00eancia na \u00e1rea de infraestrutura no Brasil!","publisher":{"@id":"https:\/\/agenciainfra.com\/blog\/#organization"},"potentialAction":[{"@type":"SearchAction","target":{"@type":"EntryPoint","urlTemplate":"https:\/\/agenciainfra.com\/blog\/?s={search_term_string}"},"query-input":{"@type":"PropertyValueSpecification","valueRequired":true,"valueName":"search_term_string"}}],"inLanguage":"pt-BR"},{"@type":"Organization","@id":"https:\/\/agenciainfra.com\/blog\/#organization","name":"Ag\u00eancia iNFRA","url":"https:\/\/agenciainfra.com\/blog\/","logo":{"@type":"ImageObject","inLanguage":"pt-BR","@id":"https:\/\/agenciainfra.com\/blog\/#\/schema\/logo\/image\/","url":"https:\/\/agenciainfra.com\/blog\/wp-content\/uploads\/2023\/09\/iNFRA_5-e1761735885940.png","contentUrl":"https:\/\/agenciainfra.com\/blog\/wp-content\/uploads\/2023\/09\/iNFRA_5-e1761735885940.png","width":1672,"height":454,"caption":"Ag\u00eancia iNFRA"},"image":{"@id":"https:\/\/agenciainfra.com\/blog\/#\/schema\/logo\/image\/"},"sameAs":["https:\/\/www.facebook.com\/ageninfra","https:\/\/x.com\/agencia_infra","https:\/\/www.linkedin.com\/company\/ag\u00eanciainfra\/","https:\/\/www.instagram.com\/agenciainfra\/"]},{"@type":"Person","@id":"https:\/\/agenciainfra.com\/blog\/#\/schema\/person\/34af08dff6adea4cb22b06612ba7acfa","name":"Ag\u00eancia iNFRA","image":{"@type":"ImageObject","inLanguage":"pt-BR","@id":"https:\/\/agenciainfra.com\/blog\/#\/schema\/person\/image\/","url":"https:\/\/secure.gravatar.com\/avatar\/d189e01678f06d8eb84d4e01f08eb848b3fffe3f8443818d3c356c66892f5be8?s=96&d=mm&r=g","contentUrl":"https:\/\/secure.gravatar.com\/avatar\/d189e01678f06d8eb84d4e01f08eb848b3fffe3f8443818d3c356c66892f5be8?s=96&d=mm&r=g","caption":"Ag\u00eancia iNFRA"},"url":"https:\/\/agenciainfra.com\/blog\/author\/admin\/"}]}},"_links":{"self":[{"href":"https:\/\/agenciainfra.com\/blog\/wp-json\/wp\/v2\/posts\/2038","targetHints":{"allow":["GET"]}}],"collection":[{"href":"https:\/\/agenciainfra.com\/blog\/wp-json\/wp\/v2\/posts"}],"about":[{"href":"https:\/\/agenciainfra.com\/blog\/wp-json\/wp\/v2\/types\/post"}],"author":[{"embeddable":true,"href":"https:\/\/agenciainfra.com\/blog\/wp-json\/wp\/v2\/users\/1"}],"replies":[{"embeddable":true,"href":"https:\/\/agenciainfra.com\/blog\/wp-json\/wp\/v2\/comments?post=2038"}],"version-history":[{"count":0,"href":"https:\/\/agenciainfra.com\/blog\/wp-json\/wp\/v2\/posts\/2038\/revisions"}],"wp:featuredmedia":[{"embeddable":true,"href":"https:\/\/agenciainfra.com\/blog\/wp-json\/wp\/v2\/media\/2039"}],"wp:attachment":[{"href":"https:\/\/agenciainfra.com\/blog\/wp-json\/wp\/v2\/media?parent=2038"}],"wp:term":[{"taxonomy":"category","embeddable":true,"href":"https:\/\/agenciainfra.com\/blog\/wp-json\/wp\/v2\/categories?post=2038"},{"taxonomy":"post_tag","embeddable":true,"href":"https:\/\/agenciainfra.com\/blog\/wp-json\/wp\/v2\/tags?post=2038"}],"curies":[{"name":"wp","href":"https:\/\/api.w.org\/{rel}","templated":true}]}}