{"id":20386,"date":"2025-02-24T11:00:00","date_gmt":"2025-02-24T14:00:00","guid":{"rendered":"https:\/\/agenciainfra.com\/blog\/?p=20386"},"modified":"2025-02-24T10:35:16","modified_gmt":"2025-02-24T13:35:16","slug":"aneel-avalia-mudanca-de-sede-para-local-alugado-que-teria-custo-adicional-de-r-78-mi-por-ano","status":"publish","type":"post","link":"https:\/\/agenciainfra.com\/blog\/aneel-avalia-mudanca-de-sede-para-local-alugado-que-teria-custo-adicional-de-r-78-mi-por-ano\/","title":{"rendered":"ANEEL avalia mudan\u00e7a de sede para local alugado que teria custo adicional de R$ 7,8 mi por ano"},"content":{"rendered":"\n<p class=\"has-text-align-right\"><strong>da Ag\u00eancia iNFRA<\/strong><\/p>\n\n\n\n<p>A ANEEL (Ag\u00eancia Nacional de Energia El\u00e9trica) avalia mudar a sua sede atual, localizada em um im\u00f3vel pr\u00f3prio da Uni\u00e3o em Bras\u00edlia, para um edif\u00edcio de alto padr\u00e3o em constru\u00e7\u00e3o a menos de 3km do complexo existente e com um espa\u00e7o menor para funcionamento da ag\u00eancia. A mudan\u00e7a para um im\u00f3vel alugado traria um aumento de custo de R$ 7,8 milh\u00f5es por ano, segundo nota t\u00e9cnica emitida na \u00faltima segunda-feira (17). Na ter\u00e7a-feira (18), o processo foi sorteado para relatoria da diretora substituta Ludimila Lima.<\/p>\n\n\n\n<p>O novo pr\u00e9dio teria um custo com aluguel e condom\u00ednio que totalizaria R$ 20,3 milh\u00f5es anuais. J\u00e1 a sede atual tem um gasto total anual estimado em R$ 12,5 milh\u00f5es, incluindo obras e demais gastos fixos. A <a href=\"https:\/\/mcusercontent.com\/d460dd1bcf9ba0ae040e1fc0f\/files\/e8488924-77dd-10d8-bbb1-8e4531ebc0e6\/nota_tecnica_sede_aneel.pdf\">NT (Nota T\u00e9cnica) 48\/2025<\/a>, elaborada pela SGA (Superintend\u00eancia de Gest\u00e3o Administrativa, Financeira e de Contrata\u00e7\u00f5es) da ag\u00eancia, diz que o edif\u00edcio atual \u201cdemanda constante manuten\u00e7\u00e3o e reformas\u201d, tendo recebido 10 grandes obras desde 2015, que demandaram R$ 34,8 milh\u00f5es. Diz ainda que s\u00e3o necess\u00e1rias outras tr\u00eas obras at\u00e9 2028, que devem demandar da ANEEL um investimento de R$ 16,3 milh\u00f5es.<\/p>\n\n\n\n<p>\u201cAinda que se considere um gasto anual de R$ 3,5 milh\u00f5es com reformas [na atual sede da ag\u00eancia], o valor despendido no atual edif\u00edcio \u00e9 significativamente menor do que aquele que seria dispendido em caso de mudan\u00e7a. Caso se opte pela Lotus Tower, a ANEEL ter\u00e1 um gasto anual extra aproximado de R$7,8 milh\u00f5es&#8221;, diz a NT.<\/p>\n\n\n\n<p>O processo foi iniciado em mar\u00e7o de 2024, quando a ANEEL aderiu a um chamamento p\u00fablico, coordenado pela ANS (Ag\u00eancia Nacional de Sa\u00fade Suplementar), para prospec\u00e7\u00e3o de im\u00f3vel em Bras\u00edlia para instala\u00e7\u00e3o de ag\u00eancias reguladoras e outros \u00f3rg\u00e3os p\u00fablicos. O edital teve como vencedora a construtora Lotus Cidade, que est\u00e1 construindo na capital o edif\u00edcio Lotus Tower, classificado pela pr\u00f3pria empresa como a segunda maior laje corporativa do Brasil.<\/p>\n\n\n\n<p><strong>Espa\u00e7o menor<\/strong><br>A NT destaca que a \u00e1rea da ANEEL no edif\u00edcio da Lotus seria 25% menor que a destinada \u00e0 ag\u00eancia no edif\u00edcio sede. Os postos de trabalho tamb\u00e9m reduziriam, de 884 para 763 locais, assim como o n\u00famero de vagas de garagem, que passaria de 520 para 232.<\/p>\n\n\n\n<p>Essa redu\u00e7\u00e3o da \u00e1rea de escrit\u00f3rio, segundo a NT, poder\u00e1 ser absorvida considerando o elevado quantitativo de servidores em trabalho remoto, dezenas de salas de reuni\u00e3o e gabinetes individuais muito amplos, banheiros privativos, entre outros espa\u00e7os que poderiam ter outra destina\u00e7\u00e3o. \u201cAl\u00e9m disso, para um melhor aproveitamento dos espa\u00e7os, pode-se optar por layouts com menor compartimentaliza\u00e7\u00e3o, redu\u00e7\u00e3o do n\u00famero e tamanho de gabinetes individuais e esta\u00e7\u00f5es de trabalho lineares&#8221;, argumenta.<\/p>\n\n\n\n<p>\u201cCada op\u00e7\u00e3o apresenta suas vantagens. A Lotus Tower tem os benef\u00edcios relacionados a um edif\u00edcio novo, moderno e sustent\u00e1vel, mas a um custo elevado. Al\u00e9m disso, a baixa disponibilidade de vagas de estacionamento e a necessidade de adapta\u00e7\u00e3o do corpo t\u00e9cnico e das lideran\u00e7as ao processo de mudan\u00e7a tamb\u00e9m devem ser levados em considera\u00e7\u00e3o pela Diretoria Colegiada para a tomada de decis\u00e3o\u201d, conclui a NT. <\/p>\n\n\n\n<p>Procurada, a ag\u00eancia disse que o tema est\u00e1 em an\u00e1lise pela diretoria.<\/p>\n","protected":false},"excerpt":{"rendered":"<p>da Ag\u00eancia iNFRA A ANEEL (Ag\u00eancia Nacional de Energia El\u00e9trica) avalia mudar a sua sede atual, localizada em um im\u00f3vel pr\u00f3prio da Uni\u00e3o em Bras\u00edlia, para um edif\u00edcio de alto padr\u00e3o em constru\u00e7\u00e3o a menos de 3km do complexo existente e com um espa\u00e7o menor para funcionamento da ag\u00eancia. A mudan\u00e7a para um im\u00f3vel alugado [&hellip;]<\/p>\n","protected":false},"author":1,"featured_media":4397,"comment_status":"closed","ping_status":"closed","sticky":false,"template":"","format":"standard","meta":{"_monsterinsights_skip_tracking":false,"_monsterinsights_sitenote_active":false,"_monsterinsights_sitenote_note":"","_monsterinsights_sitenote_category":0,"footnotes":""},"categories":[7250,1,10],"tags":[72,53,12662,12661,6974,12660,12663],"class_list":["post-20386","post","type-post","status-publish","format-standard","has-post-thumbnail","hentry","category-destaque-lista","category-geral","category-infraenergia","tag-agencia-reguladora","tag-aneel","tag-lotus-tower","tag-mudanca-de-sede","tag-nota-tecnica","tag-sede-da-aneel","tag-sede-das-agencias"],"yoast_head":"<!-- This site is optimized with the Yoast SEO Premium plugin v25.4 (Yoast SEO v26.0) - https:\/\/yoast.com\/wordpress\/plugins\/seo\/ -->\n<title>ANEEL avalia mudan\u00e7a de sede para local alugado que teria custo adicional de R$ 7,8 mi por ano - Ag\u00eancia iNFRA<\/title>\n<meta name=\"robots\" content=\"index, follow, max-snippet:-1, max-image-preview:large, max-video-preview:-1\" \/>\n<link rel=\"canonical\" href=\"https:\/\/agenciainfra.com\/blog\/aneel-avalia-mudanca-de-sede-para-local-alugado-que-teria-custo-adicional-de-r-78-mi-por-ano\/\" \/>\n<meta property=\"og:locale\" content=\"pt_BR\" \/>\n<meta property=\"og:type\" content=\"article\" \/>\n<meta property=\"og:title\" content=\"ANEEL avalia mudan\u00e7a de sede para local alugado que teria custo adicional de R$ 7,8 mi por ano\" \/>\n<meta property=\"og:description\" content=\"da Ag\u00eancia iNFRA A ANEEL (Ag\u00eancia Nacional de Energia El\u00e9trica) avalia mudar a sua sede atual, localizada em um im\u00f3vel pr\u00f3prio da Uni\u00e3o em Bras\u00edlia, para um edif\u00edcio de alto padr\u00e3o em constru\u00e7\u00e3o a menos de 3km do complexo existente e com um espa\u00e7o menor para funcionamento da ag\u00eancia. A mudan\u00e7a para um im\u00f3vel alugado [&hellip;]\" \/>\n<meta property=\"og:url\" content=\"https:\/\/agenciainfra.com\/blog\/aneel-avalia-mudanca-de-sede-para-local-alugado-que-teria-custo-adicional-de-r-78-mi-por-ano\/\" \/>\n<meta property=\"og:site_name\" content=\"Ag\u00eancia iNFRA\" \/>\n<meta property=\"article:publisher\" content=\"https:\/\/www.facebook.com\/ageninfra\" \/>\n<meta property=\"article:published_time\" content=\"2025-02-24T14:00:00+00:00\" \/>\n<meta property=\"og:image\" content=\"https:\/\/agenciainfra.com\/blog\/wp-content\/uploads\/2020\/02\/aneel-fachada-foto-aneel.jpg\" \/>\n\t<meta property=\"og:image:width\" content=\"710\" \/>\n\t<meta property=\"og:image:height\" content=\"458\" \/>\n\t<meta property=\"og:image:type\" content=\"image\/jpeg\" \/>\n<meta name=\"author\" content=\"Ag\u00eancia iNFRA\" \/>\n<meta name=\"twitter:card\" content=\"summary_large_image\" \/>\n<meta name=\"twitter:creator\" content=\"@agencia_infra\" \/>\n<meta name=\"twitter:site\" content=\"@agencia_infra\" \/>\n<meta name=\"twitter:label1\" content=\"Escrito por\" \/>\n\t<meta name=\"twitter:data1\" content=\"Ag\u00eancia iNFRA\" \/>\n\t<meta name=\"twitter:label2\" content=\"Est. tempo de leitura\" \/>\n\t<meta name=\"twitter:data2\" content=\"3 minutos\" \/>\n<script type=\"application\/ld+json\" class=\"yoast-schema-graph\">{\"@context\":\"https:\/\/schema.org\",\"@graph\":[{\"@type\":\"Article\",\"@id\":\"https:\/\/agenciainfra.com\/blog\/aneel-avalia-mudanca-de-sede-para-local-alugado-que-teria-custo-adicional-de-r-78-mi-por-ano\/#article\",\"isPartOf\":{\"@id\":\"https:\/\/agenciainfra.com\/blog\/aneel-avalia-mudanca-de-sede-para-local-alugado-que-teria-custo-adicional-de-r-78-mi-por-ano\/\"},\"author\":{\"name\":\"Ag\u00eancia iNFRA\",\"@id\":\"https:\/\/agenciainfra.com\/blog\/#\/schema\/person\/34af08dff6adea4cb22b06612ba7acfa\"},\"headline\":\"ANEEL avalia mudan\u00e7a de sede para local alugado que teria custo adicional de R$ 7,8 mi por ano\",\"datePublished\":\"2025-02-24T14:00:00+00:00\",\"mainEntityOfPage\":{\"@id\":\"https:\/\/agenciainfra.com\/blog\/aneel-avalia-mudanca-de-sede-para-local-alugado-que-teria-custo-adicional-de-r-78-mi-por-ano\/\"},\"wordCount\":588,\"publisher\":{\"@id\":\"https:\/\/agenciainfra.com\/blog\/#organization\"},\"image\":{\"@id\":\"https:\/\/agenciainfra.com\/blog\/aneel-avalia-mudanca-de-sede-para-local-alugado-que-teria-custo-adicional-de-r-78-mi-por-ano\/#primaryimage\"},\"thumbnailUrl\":\"https:\/\/agenciainfra.com\/blog\/wp-content\/uploads\/2020\/02\/aneel-fachada-foto-aneel.jpg\",\"keywords\":[\"ag\u00eancia reguladora\",\"ANEEL\",\"lotus tower\",\"mudan\u00e7a de sede\",\"nota t\u00e9cnica\",\"sede da ANEEL\",\"sede das ag\u00eancias\"],\"articleSection\":[\"Destaque lista\",\"Geral\",\"iNFRAEnergia\"],\"inLanguage\":\"pt-BR\",\"copyrightYear\":\"2025\",\"copyrightHolder\":{\"@id\":\"https:\/\/agenciainfra.com\/blog\/#organization\"}},{\"@type\":\"WebPage\",\"@id\":\"https:\/\/agenciainfra.com\/blog\/aneel-avalia-mudanca-de-sede-para-local-alugado-que-teria-custo-adicional-de-r-78-mi-por-ano\/\",\"url\":\"https:\/\/agenciainfra.com\/blog\/aneel-avalia-mudanca-de-sede-para-local-alugado-que-teria-custo-adicional-de-r-78-mi-por-ano\/\",\"name\":\"ANEEL avalia mudan\u00e7a de sede para local alugado que teria custo adicional de R$ 7,8 mi por ano - Ag\u00eancia iNFRA\",\"isPartOf\":{\"@id\":\"https:\/\/agenciainfra.com\/blog\/#website\"},\"primaryImageOfPage\":{\"@id\":\"https:\/\/agenciainfra.com\/blog\/aneel-avalia-mudanca-de-sede-para-local-alugado-que-teria-custo-adicional-de-r-78-mi-por-ano\/#primaryimage\"},\"image\":{\"@id\":\"https:\/\/agenciainfra.com\/blog\/aneel-avalia-mudanca-de-sede-para-local-alugado-que-teria-custo-adicional-de-r-78-mi-por-ano\/#primaryimage\"},\"thumbnailUrl\":\"https:\/\/agenciainfra.com\/blog\/wp-content\/uploads\/2020\/02\/aneel-fachada-foto-aneel.jpg\",\"datePublished\":\"2025-02-24T14:00:00+00:00\",\"breadcrumb\":{\"@id\":\"https:\/\/agenciainfra.com\/blog\/aneel-avalia-mudanca-de-sede-para-local-alugado-que-teria-custo-adicional-de-r-78-mi-por-ano\/#breadcrumb\"},\"inLanguage\":\"pt-BR\",\"potentialAction\":[{\"@type\":\"ReadAction\",\"target\":[\"https:\/\/agenciainfra.com\/blog\/aneel-avalia-mudanca-de-sede-para-local-alugado-que-teria-custo-adicional-de-r-78-mi-por-ano\/\"]}]},{\"@type\":\"ImageObject\",\"inLanguage\":\"pt-BR\",\"@id\":\"https:\/\/agenciainfra.com\/blog\/aneel-avalia-mudanca-de-sede-para-local-alugado-que-teria-custo-adicional-de-r-78-mi-por-ano\/#primaryimage\",\"url\":\"https:\/\/agenciainfra.com\/blog\/wp-content\/uploads\/2020\/02\/aneel-fachada-foto-aneel.jpg\",\"contentUrl\":\"https:\/\/agenciainfra.com\/blog\/wp-content\/uploads\/2020\/02\/aneel-fachada-foto-aneel.jpg\",\"width\":710,\"height\":458,\"caption\":\"Foto: ANEEL\"},{\"@type\":\"BreadcrumbList\",\"@id\":\"https:\/\/agenciainfra.com\/blog\/aneel-avalia-mudanca-de-sede-para-local-alugado-que-teria-custo-adicional-de-r-78-mi-por-ano\/#breadcrumb\",\"itemListElement\":[{\"@type\":\"ListItem\",\"position\":1,\"name\":\"In\u00edcio\",\"item\":\"https:\/\/agenciainfra.com\/blog\/\"},{\"@type\":\"ListItem\",\"position\":2,\"name\":\"ANEEL avalia mudan\u00e7a de sede para local alugado que teria custo adicional de R$ 7,8 mi por ano\"}]},{\"@type\":\"WebSite\",\"@id\":\"https:\/\/agenciainfra.com\/blog\/#website\",\"url\":\"https:\/\/agenciainfra.com\/blog\/\",\"name\":\"Ag\u00eancia iNFRA\",\"description\":\"Multiplataforma de informa\u00e7\u00e3o jornal\u00edstica refer\u00eancia na \u00e1rea de infraestrutura no Brasil!\",\"publisher\":{\"@id\":\"https:\/\/agenciainfra.com\/blog\/#organization\"},\"potentialAction\":[{\"@type\":\"SearchAction\",\"target\":{\"@type\":\"EntryPoint\",\"urlTemplate\":\"https:\/\/agenciainfra.com\/blog\/?s={search_term_string}\"},\"query-input\":{\"@type\":\"PropertyValueSpecification\",\"valueRequired\":true,\"valueName\":\"search_term_string\"}}],\"inLanguage\":\"pt-BR\"},{\"@type\":\"Organization\",\"@id\":\"https:\/\/agenciainfra.com\/blog\/#organization\",\"name\":\"Ag\u00eancia iNFRA\",\"url\":\"https:\/\/agenciainfra.com\/blog\/\",\"logo\":{\"@type\":\"ImageObject\",\"inLanguage\":\"pt-BR\",\"@id\":\"https:\/\/agenciainfra.com\/blog\/#\/schema\/logo\/image\/\",\"url\":\"https:\/\/agenciainfra.com\/blog\/wp-content\/uploads\/2023\/09\/iNFRA_5-e1761735885940.png\",\"contentUrl\":\"https:\/\/agenciainfra.com\/blog\/wp-content\/uploads\/2023\/09\/iNFRA_5-e1761735885940.png\",\"width\":1672,\"height\":454,\"caption\":\"Ag\u00eancia iNFRA\"},\"image\":{\"@id\":\"https:\/\/agenciainfra.com\/blog\/#\/schema\/logo\/image\/\"},\"sameAs\":[\"https:\/\/www.facebook.com\/ageninfra\",\"https:\/\/x.com\/agencia_infra\",\"https:\/\/www.linkedin.com\/company\/ag\u00eanciainfra\/\",\"https:\/\/www.instagram.com\/agenciainfra\/\"]},{\"@type\":\"Person\",\"@id\":\"https:\/\/agenciainfra.com\/blog\/#\/schema\/person\/34af08dff6adea4cb22b06612ba7acfa\",\"name\":\"Ag\u00eancia iNFRA\",\"image\":{\"@type\":\"ImageObject\",\"inLanguage\":\"pt-BR\",\"@id\":\"https:\/\/agenciainfra.com\/blog\/#\/schema\/person\/image\/\",\"url\":\"https:\/\/secure.gravatar.com\/avatar\/d189e01678f06d8eb84d4e01f08eb848b3fffe3f8443818d3c356c66892f5be8?s=96&d=mm&r=g\",\"contentUrl\":\"https:\/\/secure.gravatar.com\/avatar\/d189e01678f06d8eb84d4e01f08eb848b3fffe3f8443818d3c356c66892f5be8?s=96&d=mm&r=g\",\"caption\":\"Ag\u00eancia iNFRA\"},\"url\":\"https:\/\/agenciainfra.com\/blog\/author\/admin\/\"}]}<\/script>\n<!-- \/ Yoast SEO Premium plugin. -->","yoast_head_json":{"title":"ANEEL avalia mudan\u00e7a de sede para local alugado que teria custo adicional de R$ 7,8 mi por ano - Ag\u00eancia iNFRA","robots":{"index":"index","follow":"follow","max-snippet":"max-snippet:-1","max-image-preview":"max-image-preview:large","max-video-preview":"max-video-preview:-1"},"canonical":"https:\/\/agenciainfra.com\/blog\/aneel-avalia-mudanca-de-sede-para-local-alugado-que-teria-custo-adicional-de-r-78-mi-por-ano\/","og_locale":"pt_BR","og_type":"article","og_title":"ANEEL avalia mudan\u00e7a de sede para local alugado que teria custo adicional de R$ 7,8 mi por ano","og_description":"da Ag\u00eancia iNFRA A ANEEL (Ag\u00eancia Nacional de Energia El\u00e9trica) avalia mudar a sua sede atual, localizada em um im\u00f3vel pr\u00f3prio da Uni\u00e3o em Bras\u00edlia, para um edif\u00edcio de alto padr\u00e3o em constru\u00e7\u00e3o a menos de 3km do complexo existente e com um espa\u00e7o menor para funcionamento da ag\u00eancia. A mudan\u00e7a para um im\u00f3vel alugado [&hellip;]","og_url":"https:\/\/agenciainfra.com\/blog\/aneel-avalia-mudanca-de-sede-para-local-alugado-que-teria-custo-adicional-de-r-78-mi-por-ano\/","og_site_name":"Ag\u00eancia iNFRA","article_publisher":"https:\/\/www.facebook.com\/ageninfra","article_published_time":"2025-02-24T14:00:00+00:00","og_image":[{"width":710,"height":458,"url":"https:\/\/agenciainfra.com\/blog\/wp-content\/uploads\/2020\/02\/aneel-fachada-foto-aneel.jpg","type":"image\/jpeg"}],"author":"Ag\u00eancia iNFRA","twitter_card":"summary_large_image","twitter_creator":"@agencia_infra","twitter_site":"@agencia_infra","twitter_misc":{"Escrito por":"Ag\u00eancia iNFRA","Est. tempo de leitura":"3 minutos"},"schema":{"@context":"https:\/\/schema.org","@graph":[{"@type":"Article","@id":"https:\/\/agenciainfra.com\/blog\/aneel-avalia-mudanca-de-sede-para-local-alugado-que-teria-custo-adicional-de-r-78-mi-por-ano\/#article","isPartOf":{"@id":"https:\/\/agenciainfra.com\/blog\/aneel-avalia-mudanca-de-sede-para-local-alugado-que-teria-custo-adicional-de-r-78-mi-por-ano\/"},"author":{"name":"Ag\u00eancia iNFRA","@id":"https:\/\/agenciainfra.com\/blog\/#\/schema\/person\/34af08dff6adea4cb22b06612ba7acfa"},"headline":"ANEEL avalia mudan\u00e7a de sede para local alugado que teria custo adicional de R$ 7,8 mi por ano","datePublished":"2025-02-24T14:00:00+00:00","mainEntityOfPage":{"@id":"https:\/\/agenciainfra.com\/blog\/aneel-avalia-mudanca-de-sede-para-local-alugado-que-teria-custo-adicional-de-r-78-mi-por-ano\/"},"wordCount":588,"publisher":{"@id":"https:\/\/agenciainfra.com\/blog\/#organization"},"image":{"@id":"https:\/\/agenciainfra.com\/blog\/aneel-avalia-mudanca-de-sede-para-local-alugado-que-teria-custo-adicional-de-r-78-mi-por-ano\/#primaryimage"},"thumbnailUrl":"https:\/\/agenciainfra.com\/blog\/wp-content\/uploads\/2020\/02\/aneel-fachada-foto-aneel.jpg","keywords":["ag\u00eancia reguladora","ANEEL","lotus tower","mudan\u00e7a de sede","nota t\u00e9cnica","sede da ANEEL","sede das ag\u00eancias"],"articleSection":["Destaque lista","Geral","iNFRAEnergia"],"inLanguage":"pt-BR","copyrightYear":"2025","copyrightHolder":{"@id":"https:\/\/agenciainfra.com\/blog\/#organization"}},{"@type":"WebPage","@id":"https:\/\/agenciainfra.com\/blog\/aneel-avalia-mudanca-de-sede-para-local-alugado-que-teria-custo-adicional-de-r-78-mi-por-ano\/","url":"https:\/\/agenciainfra.com\/blog\/aneel-avalia-mudanca-de-sede-para-local-alugado-que-teria-custo-adicional-de-r-78-mi-por-ano\/","name":"ANEEL avalia mudan\u00e7a de sede para local alugado que teria custo adicional de R$ 7,8 mi por ano - Ag\u00eancia iNFRA","isPartOf":{"@id":"https:\/\/agenciainfra.com\/blog\/#website"},"primaryImageOfPage":{"@id":"https:\/\/agenciainfra.com\/blog\/aneel-avalia-mudanca-de-sede-para-local-alugado-que-teria-custo-adicional-de-r-78-mi-por-ano\/#primaryimage"},"image":{"@id":"https:\/\/agenciainfra.com\/blog\/aneel-avalia-mudanca-de-sede-para-local-alugado-que-teria-custo-adicional-de-r-78-mi-por-ano\/#primaryimage"},"thumbnailUrl":"https:\/\/agenciainfra.com\/blog\/wp-content\/uploads\/2020\/02\/aneel-fachada-foto-aneel.jpg","datePublished":"2025-02-24T14:00:00+00:00","breadcrumb":{"@id":"https:\/\/agenciainfra.com\/blog\/aneel-avalia-mudanca-de-sede-para-local-alugado-que-teria-custo-adicional-de-r-78-mi-por-ano\/#breadcrumb"},"inLanguage":"pt-BR","potentialAction":[{"@type":"ReadAction","target":["https:\/\/agenciainfra.com\/blog\/aneel-avalia-mudanca-de-sede-para-local-alugado-que-teria-custo-adicional-de-r-78-mi-por-ano\/"]}]},{"@type":"ImageObject","inLanguage":"pt-BR","@id":"https:\/\/agenciainfra.com\/blog\/aneel-avalia-mudanca-de-sede-para-local-alugado-que-teria-custo-adicional-de-r-78-mi-por-ano\/#primaryimage","url":"https:\/\/agenciainfra.com\/blog\/wp-content\/uploads\/2020\/02\/aneel-fachada-foto-aneel.jpg","contentUrl":"https:\/\/agenciainfra.com\/blog\/wp-content\/uploads\/2020\/02\/aneel-fachada-foto-aneel.jpg","width":710,"height":458,"caption":"Foto: ANEEL"},{"@type":"BreadcrumbList","@id":"https:\/\/agenciainfra.com\/blog\/aneel-avalia-mudanca-de-sede-para-local-alugado-que-teria-custo-adicional-de-r-78-mi-por-ano\/#breadcrumb","itemListElement":[{"@type":"ListItem","position":1,"name":"In\u00edcio","item":"https:\/\/agenciainfra.com\/blog\/"},{"@type":"ListItem","position":2,"name":"ANEEL avalia mudan\u00e7a de sede para local alugado que teria custo adicional de R$ 7,8 mi por ano"}]},{"@type":"WebSite","@id":"https:\/\/agenciainfra.com\/blog\/#website","url":"https:\/\/agenciainfra.com\/blog\/","name":"Ag\u00eancia iNFRA","description":"Multiplataforma de informa\u00e7\u00e3o jornal\u00edstica refer\u00eancia na \u00e1rea de infraestrutura no Brasil!","publisher":{"@id":"https:\/\/agenciainfra.com\/blog\/#organization"},"potentialAction":[{"@type":"SearchAction","target":{"@type":"EntryPoint","urlTemplate":"https:\/\/agenciainfra.com\/blog\/?s={search_term_string}"},"query-input":{"@type":"PropertyValueSpecification","valueRequired":true,"valueName":"search_term_string"}}],"inLanguage":"pt-BR"},{"@type":"Organization","@id":"https:\/\/agenciainfra.com\/blog\/#organization","name":"Ag\u00eancia iNFRA","url":"https:\/\/agenciainfra.com\/blog\/","logo":{"@type":"ImageObject","inLanguage":"pt-BR","@id":"https:\/\/agenciainfra.com\/blog\/#\/schema\/logo\/image\/","url":"https:\/\/agenciainfra.com\/blog\/wp-content\/uploads\/2023\/09\/iNFRA_5-e1761735885940.png","contentUrl":"https:\/\/agenciainfra.com\/blog\/wp-content\/uploads\/2023\/09\/iNFRA_5-e1761735885940.png","width":1672,"height":454,"caption":"Ag\u00eancia iNFRA"},"image":{"@id":"https:\/\/agenciainfra.com\/blog\/#\/schema\/logo\/image\/"},"sameAs":["https:\/\/www.facebook.com\/ageninfra","https:\/\/x.com\/agencia_infra","https:\/\/www.linkedin.com\/company\/ag\u00eanciainfra\/","https:\/\/www.instagram.com\/agenciainfra\/"]},{"@type":"Person","@id":"https:\/\/agenciainfra.com\/blog\/#\/schema\/person\/34af08dff6adea4cb22b06612ba7acfa","name":"Ag\u00eancia iNFRA","image":{"@type":"ImageObject","inLanguage":"pt-BR","@id":"https:\/\/agenciainfra.com\/blog\/#\/schema\/person\/image\/","url":"https:\/\/secure.gravatar.com\/avatar\/d189e01678f06d8eb84d4e01f08eb848b3fffe3f8443818d3c356c66892f5be8?s=96&d=mm&r=g","contentUrl":"https:\/\/secure.gravatar.com\/avatar\/d189e01678f06d8eb84d4e01f08eb848b3fffe3f8443818d3c356c66892f5be8?s=96&d=mm&r=g","caption":"Ag\u00eancia iNFRA"},"url":"https:\/\/agenciainfra.com\/blog\/author\/admin\/"}]}},"_links":{"self":[{"href":"https:\/\/agenciainfra.com\/blog\/wp-json\/wp\/v2\/posts\/20386","targetHints":{"allow":["GET"]}}],"collection":[{"href":"https:\/\/agenciainfra.com\/blog\/wp-json\/wp\/v2\/posts"}],"about":[{"href":"https:\/\/agenciainfra.com\/blog\/wp-json\/wp\/v2\/types\/post"}],"author":[{"embeddable":true,"href":"https:\/\/agenciainfra.com\/blog\/wp-json\/wp\/v2\/users\/1"}],"replies":[{"embeddable":true,"href":"https:\/\/agenciainfra.com\/blog\/wp-json\/wp\/v2\/comments?post=20386"}],"version-history":[{"count":1,"href":"https:\/\/agenciainfra.com\/blog\/wp-json\/wp\/v2\/posts\/20386\/revisions"}],"predecessor-version":[{"id":20387,"href":"https:\/\/agenciainfra.com\/blog\/wp-json\/wp\/v2\/posts\/20386\/revisions\/20387"}],"wp:featuredmedia":[{"embeddable":true,"href":"https:\/\/agenciainfra.com\/blog\/wp-json\/wp\/v2\/media\/4397"}],"wp:attachment":[{"href":"https:\/\/agenciainfra.com\/blog\/wp-json\/wp\/v2\/media?parent=20386"}],"wp:term":[{"taxonomy":"category","embeddable":true,"href":"https:\/\/agenciainfra.com\/blog\/wp-json\/wp\/v2\/categories?post=20386"},{"taxonomy":"post_tag","embeddable":true,"href":"https:\/\/agenciainfra.com\/blog\/wp-json\/wp\/v2\/tags?post=20386"}],"curies":[{"name":"wp","href":"https:\/\/api.w.org\/{rel}","templated":true}]}}