{"id":20388,"date":"2025-02-24T15:30:00","date_gmt":"2025-02-24T18:30:00","guid":{"rendered":"https:\/\/agenciainfra.com\/blog\/?p=20388"},"modified":"2025-03-26T13:06:55","modified_gmt":"2025-03-26T16:06:55","slug":"opiniao-contorno-viario-de-florianopolis-uma-moderna-solucao-de-mobilidade-e-seguranca-viaria-para-santa-catarina","status":"publish","type":"post","link":"https:\/\/agenciainfra.com\/blog\/opiniao-contorno-viario-de-florianopolis-uma-moderna-solucao-de-mobilidade-e-seguranca-viaria-para-santa-catarina\/","title":{"rendered":"Opini\u00e3o \u2013 Contorno Vi\u00e1rio de Florian\u00f3polis: uma moderna solu\u00e7\u00e3o de mobilidade e seguran\u00e7a vi\u00e1ria para Santa Catarina"},"content":{"rendered":"\n<p class=\"has-text-align-right\"><strong>C\u00e9sar Ribas Sass*<\/strong><\/p>\n\n\n\n<p>H\u00e1 seis meses, a Arteris entregou \u00e0 sociedade catarinense o Contorno Vi\u00e1rio de Florian\u00f3polis, um corredor expresso que desvia o tr\u00e2nsito pesado da regi\u00e3o metropolitana da capital e da BR-101\/SC. Com um investimento de R$ 3,9 bilh\u00f5es, essa obra de destaque internacional \u00e9 um grande exemplo do potencial das concession\u00e1rias privadas para melhorar a mobilidade no pa\u00eds.<\/p>\n\n\n\n<p>A seguran\u00e7a vi\u00e1ria sempre foi uma das principais preocupa\u00e7\u00f5es da Arteris e, nesse sentido, o novo corredor log\u00edstico, que liga as cidades de Bigua\u00e7u, S\u00e3o Jos\u00e9 e Palho\u00e7a, j\u00e1 come\u00e7a a demonstrar seu impacto positivo.<\/p>\n\n\n\n<p>Desde sua inaugura\u00e7\u00e3o, em 10 de agosto de 2024, a concession\u00e1ria registrou uma redu\u00e7\u00e3o de 30% no n\u00famero de fatalidades na BR-101\/SC, al\u00e9m de uma queda de 13% no total de acidentes, especialmente em engavetamentos (-49%), colis\u00f5es laterais (-35%) e colis\u00f5es traseiras (-21%). Os dados tamb\u00e9m indicam que aproximadamente 1,7 milh\u00e3o de ve\u00edculos j\u00e1 trafegaram pelo Contorno, com uma m\u00e9dia di\u00e1ria de 12.150 ve\u00edculos \u2013 sendo 52% de ve\u00edculos pesados e 48% de leves.<\/p>\n\n\n\n<p>Al\u00e9m da melhoria na seguran\u00e7a vi\u00e1ria, um dos impactos previstos nos estudos sobre o Contorno j\u00e1 se concretizou: a expressiva redu\u00e7\u00e3o no tempo de viagem, agora estimado em 40 minutos \u2013 metade do tempo anterior. Com velocidade m\u00e9dia permitida de 100 km\/h para ve\u00edculos pesados, quem trafega pelo trecho j\u00e1 sente a diferen\u00e7a, especialmente nos hor\u00e1rios de pico, quando o fluxo de ve\u00edculos na regi\u00e3o central foi significativamente reduzido.<\/p>\n\n\n\n<p>A an\u00e1lise desses dados foi realizada com base nas informa\u00e7\u00f5es do Centro de Controle e Seguran\u00e7a Operacional da Arteris Litoral Sul, respons\u00e1vel pela opera\u00e7\u00e3o do trecho, incluindo as pra\u00e7as de ped\u00e1gio de Porto Belo e Palho\u00e7a, em ambos os sentidos, e os controladores de tr\u00e1fego localizados no km 190,800 (sentido Sul) e no km 191,480 (sentido Norte).<\/p>\n\n\n\n<p>Esses avan\u00e7os s\u00e3o fundamentais para a opera\u00e7\u00e3o eficiente do trecho, que agora integra o corredor log\u00edstico do Mercosul, conectando-se a rodovias estrat\u00e9gicas que d\u00e3o acesso aos portos de Itaja\u00ed, Navegantes, S\u00e3o Francisco do Sul e Itapo\u00e1. O Contorno Vi\u00e1rio, com seus 50 quil\u00f4metros de pistas duplas, \u00e9 essencial para o escoamento da produ\u00e7\u00e3o industrial e agr\u00edcola nacional, com uma estimativa de circula\u00e7\u00e3o di\u00e1ria de cerca de 18 mil caminh\u00f5es.<\/p>\n\n\n\n<p><strong>Apoio aos caminhoneiros e infraestrutura de descanso<\/strong><\/p>\n\n\n\n<p>Outro destaque da atua\u00e7\u00e3o da Arteris na regi\u00e3o \u00e9 o PPD (Ponto de Parada e Descanso) da BR-101\/SC, o primeiro de toda Santa Catarina, inaugurado em abril de 2024. As especifica\u00e7\u00f5es da estrutura tornaram-se refer\u00eancia para os demais pontos que ser\u00e3o implantados pelo Governo Federal, por meio da ANTT (Ag\u00eancia Nacional de Transportes Terrestres), em outras regi\u00f5es do pa\u00eds.<\/p>\n\n\n\n<p>Desde sua inaugura\u00e7\u00e3o, o PPD j\u00e1 atendeu gratuitamente mais de 94 mil caminhoneiros \u2014 uma m\u00e9dia de 10 mil por m\u00eas \u2014 oferecendo um espa\u00e7o adequado para que os motoristas cumpram a Lei n\u00ba 13.103\/15 (Lei do Motorista), que estabelece per\u00edodos obrigat\u00f3rios de descanso. Essa medida \u00e9 fundamental para a redu\u00e7\u00e3o de acidentes causados por fadiga e sonol\u00eancia ao volante.<\/p>\n\n\n\n<p>A estrutura do PPD conta com espa\u00e7os essenciais ao bem-estar dos motoristas, incluindo \u00e1reas para descanso, alimenta\u00e7\u00e3o, banheiros com chuveiros e acesso gratuito \u00e0 internet via Wi-Fi. Dessa forma, a iniciativa se consolida como uma ferramenta fundamental para a seguran\u00e7a vi\u00e1ria, e a Arteris se orgulha de contribuir diretamente para a redu\u00e7\u00e3o de acidentes \u2014 um objetivo comum entre as concession\u00e1rias e os \u00f3rg\u00e3os p\u00fablicos.<\/p>\n\n\n\n<p><strong>Impactos econ\u00f4micos e ambientais<\/strong><\/p>\n\n\n\n<p>Durante a constru\u00e7\u00e3o do Contorno Vi\u00e1rio, os munic\u00edpios da regi\u00e3o foram beneficiados com a arrecada\u00e7\u00e3o de aproximadamente R$185 milh\u00f5es em ISS (Imposto sobre Servi\u00e7os). Esses repasses, somados \u00e0 arrecada\u00e7\u00e3o futura proveniente das tarifas de ped\u00e1gio, s\u00e3o essenciais para promover melhorias na qualidade de vida dos cerca de 1,1 milh\u00e3o de moradores da regi\u00e3o.<\/p>\n\n\n\n<p>A preocupa\u00e7\u00e3o com o meio ambiente tamb\u00e9m foi um aspecto estrat\u00e9gico ao longo de todo o projeto. O Plano B\u00e1sico Ambiental, composto por 13 a\u00e7\u00f5es para monitorar, controlar e mitigar os poss\u00edveis impactos da obra, garantiu a preserva\u00e7\u00e3o de aspectos f\u00edsicos, bi\u00f3ticos e socioecon\u00f4micos da regi\u00e3o. Para a prote\u00e7\u00e3o da fauna silvestre, foram instaladas 25 passagens seguras para animais, reduzindo riscos de atropelamentos e acidentes.<\/p>\n\n\n\n<p><strong>Compromisso com o futuro<\/strong><\/p>\n\n\n\n<p>O desenvolvimento das regi\u00f5es brasileiras n\u00e3o para, e, com ele, surgem novas demandas por infraestrutura e mobilidade. A Arteris reafirma seu compromisso de atuar para atender essas necessidades ao longo da dura\u00e7\u00e3o dos seus contratos de concess\u00e3o, sempre em alinhamento e parceria com a ANTT.<\/p>\n\n\n\n<p>Com a conclus\u00e3o do Contorno Vi\u00e1rio de Florian\u00f3polis, conseguimos transformar um dos maiores desafios log\u00edsticos da regi\u00e3o em um modelo de efici\u00eancia reconhecido mundialmente. Os n\u00fameros comprovam que, al\u00e9m de melhorar o fluxo de ve\u00edculos, o projeto salva vidas \u2014 um dos principais compromissos da Arteris. Nosso objetivo \u00e9 seguir dialogando com a sociedade catarinense e aplicando nossa experi\u00eancia em gest\u00e3o rodovi\u00e1ria para desenvolver solu\u00e7\u00f5es que garantam mais seguran\u00e7a, conforto e mobilidade para a regi\u00e3o.<\/p>\n\n\n\n<p><strong>* C\u00e9sar Ribas Sass<\/strong> \u00e9 diretor-superintendente da Arteris Litoral Sul.<\/p>\n\n\n\n<p class=\"has-luminous-vivid-orange-color has-text-color has-link-color wp-elements-fd3f544adf696c46a4d36363cd72c59e\">As opini\u00f5es dos autores n\u00e3o refletem necessariamente o pensamento da<strong> Ag\u00eancia iNFRA<\/strong>, sendo de total responsabilidade do autor as informa\u00e7\u00f5es, ju\u00edzos de valor e conceitos descritos no texto.<\/p>\n","protected":false},"excerpt":{"rendered":"<p>C\u00e9sar Ribas Sass* H\u00e1 seis meses, a Arteris entregou \u00e0 sociedade catarinense o Contorno Vi\u00e1rio de Florian\u00f3polis, um corredor expresso que desvia o tr\u00e2nsito pesado da regi\u00e3o metropolitana da capital e da BR-101\/SC. Com um investimento de R$ 3,9 bilh\u00f5es, essa obra de destaque internacional \u00e9 um grande exemplo do potencial das concession\u00e1rias privadas para [&hellip;]<\/p>\n","protected":false},"author":1,"featured_media":20390,"comment_status":"closed","ping_status":"closed","sticky":false,"template":"","format":"standard","meta":{"_monsterinsights_skip_tracking":false,"_monsterinsights_sitenote_active":false,"_monsterinsights_sitenote_note":"","_monsterinsights_sitenote_category":0,"footnotes":""},"categories":[1,7,10040],"tags":[19,2031,1429,12664,78,951,176,12665,49,10317,48,8738,4282],"class_list":["post-20388","post","type-post","status-publish","format-standard","has-post-thumbnail","hentry","category-geral","category-infratransporte","category-opiniao","tag-antt","tag-arteris","tag-br-101-sc","tag-cesar-ribas-sass","tag-concessoes","tag-concessoes-de-rodovias","tag-concessoes-rodoviarias","tag-contorno-viario-de-florianopolis","tag-mobilidade","tag-opiniao","tag-regulacao","tag-rodovias-brasileiras","tag-seguranca-viaria"],"yoast_head":"<!-- This site is optimized with the Yoast SEO Premium plugin v25.4 (Yoast SEO v26.0) - https:\/\/yoast.com\/wordpress\/plugins\/seo\/ -->\n<title>Opini\u00e3o \u2013 Contorno Vi\u00e1rio de Florian\u00f3polis: uma moderna solu\u00e7\u00e3o de mobilidade e seguran\u00e7a vi\u00e1ria para Santa Catarina - Ag\u00eancia iNFRA<\/title>\n<meta name=\"robots\" content=\"index, follow, max-snippet:-1, max-image-preview:large, max-video-preview:-1\" \/>\n<link rel=\"canonical\" href=\"https:\/\/agenciainfra.com\/blog\/opiniao-contorno-viario-de-florianopolis-uma-moderna-solucao-de-mobilidade-e-seguranca-viaria-para-santa-catarina\/\" \/>\n<meta property=\"og:locale\" content=\"pt_BR\" \/>\n<meta property=\"og:type\" content=\"article\" \/>\n<meta property=\"og:title\" content=\"Opini\u00e3o \u2013 Contorno Vi\u00e1rio de Florian\u00f3polis: uma moderna solu\u00e7\u00e3o de mobilidade e seguran\u00e7a vi\u00e1ria para Santa Catarina\" \/>\n<meta property=\"og:description\" content=\"C\u00e9sar Ribas Sass* H\u00e1 seis meses, a Arteris entregou \u00e0 sociedade catarinense o Contorno Vi\u00e1rio de Florian\u00f3polis, um corredor expresso que desvia o tr\u00e2nsito pesado da regi\u00e3o metropolitana da capital e da BR-101\/SC. Com um investimento de R$ 3,9 bilh\u00f5es, essa obra de destaque internacional \u00e9 um grande exemplo do potencial das concession\u00e1rias privadas para [&hellip;]\" \/>\n<meta property=\"og:url\" content=\"https:\/\/agenciainfra.com\/blog\/opiniao-contorno-viario-de-florianopolis-uma-moderna-solucao-de-mobilidade-e-seguranca-viaria-para-santa-catarina\/\" \/>\n<meta property=\"og:site_name\" content=\"Ag\u00eancia iNFRA\" \/>\n<meta property=\"article:publisher\" content=\"https:\/\/www.facebook.com\/ageninfra\" \/>\n<meta property=\"article:published_time\" content=\"2025-02-24T18:30:00+00:00\" \/>\n<meta property=\"article:modified_time\" content=\"2025-03-26T16:06:55+00:00\" \/>\n<meta property=\"og:image\" content=\"https:\/\/agenciainfra.com\/blog\/wp-content\/uploads\/2025\/02\/Cesar-Sass-foto-divulgacao-1-e1740415055655.jpg\" \/>\n\t<meta property=\"og:image:width\" content=\"1208\" \/>\n\t<meta property=\"og:image:height\" content=\"827\" \/>\n\t<meta property=\"og:image:type\" content=\"image\/jpeg\" \/>\n<meta name=\"author\" content=\"Ag\u00eancia iNFRA\" \/>\n<meta name=\"twitter:card\" content=\"summary_large_image\" \/>\n<meta name=\"twitter:creator\" content=\"@agencia_infra\" \/>\n<meta name=\"twitter:site\" content=\"@agencia_infra\" \/>\n<meta name=\"twitter:label1\" content=\"Escrito por\" \/>\n\t<meta name=\"twitter:data1\" content=\"Ag\u00eancia iNFRA\" \/>\n\t<meta name=\"twitter:label2\" content=\"Est. tempo de leitura\" \/>\n\t<meta name=\"twitter:data2\" content=\"5 minutos\" \/>\n<script type=\"application\/ld+json\" class=\"yoast-schema-graph\">{\"@context\":\"https:\/\/schema.org\",\"@graph\":[{\"@type\":\"Article\",\"@id\":\"https:\/\/agenciainfra.com\/blog\/opiniao-contorno-viario-de-florianopolis-uma-moderna-solucao-de-mobilidade-e-seguranca-viaria-para-santa-catarina\/#article\",\"isPartOf\":{\"@id\":\"https:\/\/agenciainfra.com\/blog\/opiniao-contorno-viario-de-florianopolis-uma-moderna-solucao-de-mobilidade-e-seguranca-viaria-para-santa-catarina\/\"},\"author\":{\"name\":\"Ag\u00eancia iNFRA\",\"@id\":\"https:\/\/agenciainfra.com\/blog\/#\/schema\/person\/34af08dff6adea4cb22b06612ba7acfa\"},\"headline\":\"Opini\u00e3o \u2013 Contorno Vi\u00e1rio de Florian\u00f3polis: uma moderna solu\u00e7\u00e3o de mobilidade e seguran\u00e7a vi\u00e1ria para Santa Catarina\",\"datePublished\":\"2025-02-24T18:30:00+00:00\",\"dateModified\":\"2025-03-26T16:06:55+00:00\",\"mainEntityOfPage\":{\"@id\":\"https:\/\/agenciainfra.com\/blog\/opiniao-contorno-viario-de-florianopolis-uma-moderna-solucao-de-mobilidade-e-seguranca-viaria-para-santa-catarina\/\"},\"wordCount\":964,\"publisher\":{\"@id\":\"https:\/\/agenciainfra.com\/blog\/#organization\"},\"image\":{\"@id\":\"https:\/\/agenciainfra.com\/blog\/opiniao-contorno-viario-de-florianopolis-uma-moderna-solucao-de-mobilidade-e-seguranca-viaria-para-santa-catarina\/#primaryimage\"},\"thumbnailUrl\":\"https:\/\/agenciainfra.com\/blog\/wp-content\/uploads\/2025\/02\/Cesar-Sass-foto-divulgacao-1-e1740415055655.jpg\",\"keywords\":[\"ANTT\",\"Arteris\",\"BR-101\/SC\",\"c\u00e9sar ribas sass\",\"concess\u00f5es\",\"concess\u00f5es de rodovias\",\"concess\u00f5es rodovi\u00e1rias\",\"contorno vi\u00e1rio de florian\u00f3polis\",\"mobilidade\",\"opini\u00e3o\",\"Regula\u00e7\u00e3o\",\"Rodovias brasileiras\",\"seguran\u00e7a vi\u00e1ria\"],\"articleSection\":[\"Geral\",\"iNFRATransporte\",\"Opini\u00e3o\"],\"inLanguage\":\"pt-BR\",\"copyrightYear\":\"2025\",\"copyrightHolder\":{\"@id\":\"https:\/\/agenciainfra.com\/blog\/#organization\"}},{\"@type\":\"WebPage\",\"@id\":\"https:\/\/agenciainfra.com\/blog\/opiniao-contorno-viario-de-florianopolis-uma-moderna-solucao-de-mobilidade-e-seguranca-viaria-para-santa-catarina\/\",\"url\":\"https:\/\/agenciainfra.com\/blog\/opiniao-contorno-viario-de-florianopolis-uma-moderna-solucao-de-mobilidade-e-seguranca-viaria-para-santa-catarina\/\",\"name\":\"Opini\u00e3o \u2013 Contorno Vi\u00e1rio de Florian\u00f3polis: uma moderna solu\u00e7\u00e3o de mobilidade e seguran\u00e7a vi\u00e1ria para Santa Catarina - Ag\u00eancia iNFRA\",\"isPartOf\":{\"@id\":\"https:\/\/agenciainfra.com\/blog\/#website\"},\"primaryImageOfPage\":{\"@id\":\"https:\/\/agenciainfra.com\/blog\/opiniao-contorno-viario-de-florianopolis-uma-moderna-solucao-de-mobilidade-e-seguranca-viaria-para-santa-catarina\/#primaryimage\"},\"image\":{\"@id\":\"https:\/\/agenciainfra.com\/blog\/opiniao-contorno-viario-de-florianopolis-uma-moderna-solucao-de-mobilidade-e-seguranca-viaria-para-santa-catarina\/#primaryimage\"},\"thumbnailUrl\":\"https:\/\/agenciainfra.com\/blog\/wp-content\/uploads\/2025\/02\/Cesar-Sass-foto-divulgacao-1-e1740415055655.jpg\",\"datePublished\":\"2025-02-24T18:30:00+00:00\",\"dateModified\":\"2025-03-26T16:06:55+00:00\",\"breadcrumb\":{\"@id\":\"https:\/\/agenciainfra.com\/blog\/opiniao-contorno-viario-de-florianopolis-uma-moderna-solucao-de-mobilidade-e-seguranca-viaria-para-santa-catarina\/#breadcrumb\"},\"inLanguage\":\"pt-BR\",\"potentialAction\":[{\"@type\":\"ReadAction\",\"target\":[\"https:\/\/agenciainfra.com\/blog\/opiniao-contorno-viario-de-florianopolis-uma-moderna-solucao-de-mobilidade-e-seguranca-viaria-para-santa-catarina\/\"]}]},{\"@type\":\"ImageObject\",\"inLanguage\":\"pt-BR\",\"@id\":\"https:\/\/agenciainfra.com\/blog\/opiniao-contorno-viario-de-florianopolis-uma-moderna-solucao-de-mobilidade-e-seguranca-viaria-para-santa-catarina\/#primaryimage\",\"url\":\"https:\/\/agenciainfra.com\/blog\/wp-content\/uploads\/2025\/02\/Cesar-Sass-foto-divulgacao-1-e1740415055655.jpg\",\"contentUrl\":\"https:\/\/agenciainfra.com\/blog\/wp-content\/uploads\/2025\/02\/Cesar-Sass-foto-divulgacao-1-e1740415055655.jpg\",\"width\":1208,\"height\":827},{\"@type\":\"BreadcrumbList\",\"@id\":\"https:\/\/agenciainfra.com\/blog\/opiniao-contorno-viario-de-florianopolis-uma-moderna-solucao-de-mobilidade-e-seguranca-viaria-para-santa-catarina\/#breadcrumb\",\"itemListElement\":[{\"@type\":\"ListItem\",\"position\":1,\"name\":\"In\u00edcio\",\"item\":\"https:\/\/agenciainfra.com\/blog\/\"},{\"@type\":\"ListItem\",\"position\":2,\"name\":\"Opini\u00e3o \u2013 Contorno Vi\u00e1rio de Florian\u00f3polis: uma moderna solu\u00e7\u00e3o de mobilidade e seguran\u00e7a vi\u00e1ria para Santa Catarina\"}]},{\"@type\":\"WebSite\",\"@id\":\"https:\/\/agenciainfra.com\/blog\/#website\",\"url\":\"https:\/\/agenciainfra.com\/blog\/\",\"name\":\"Ag\u00eancia iNFRA\",\"description\":\"Multiplataforma de informa\u00e7\u00e3o jornal\u00edstica refer\u00eancia na \u00e1rea de infraestrutura no Brasil!\",\"publisher\":{\"@id\":\"https:\/\/agenciainfra.com\/blog\/#organization\"},\"potentialAction\":[{\"@type\":\"SearchAction\",\"target\":{\"@type\":\"EntryPoint\",\"urlTemplate\":\"https:\/\/agenciainfra.com\/blog\/?s={search_term_string}\"},\"query-input\":{\"@type\":\"PropertyValueSpecification\",\"valueRequired\":true,\"valueName\":\"search_term_string\"}}],\"inLanguage\":\"pt-BR\"},{\"@type\":\"Organization\",\"@id\":\"https:\/\/agenciainfra.com\/blog\/#organization\",\"name\":\"Ag\u00eancia iNFRA\",\"url\":\"https:\/\/agenciainfra.com\/blog\/\",\"logo\":{\"@type\":\"ImageObject\",\"inLanguage\":\"pt-BR\",\"@id\":\"https:\/\/agenciainfra.com\/blog\/#\/schema\/logo\/image\/\",\"url\":\"https:\/\/agenciainfra.com\/blog\/wp-content\/uploads\/2023\/09\/iNFRA_5-e1761735885940.png\",\"contentUrl\":\"https:\/\/agenciainfra.com\/blog\/wp-content\/uploads\/2023\/09\/iNFRA_5-e1761735885940.png\",\"width\":1672,\"height\":454,\"caption\":\"Ag\u00eancia iNFRA\"},\"image\":{\"@id\":\"https:\/\/agenciainfra.com\/blog\/#\/schema\/logo\/image\/\"},\"sameAs\":[\"https:\/\/www.facebook.com\/ageninfra\",\"https:\/\/x.com\/agencia_infra\",\"https:\/\/www.linkedin.com\/company\/ag\u00eanciainfra\/\",\"https:\/\/www.instagram.com\/agenciainfra\/\"]},{\"@type\":\"Person\",\"@id\":\"https:\/\/agenciainfra.com\/blog\/#\/schema\/person\/34af08dff6adea4cb22b06612ba7acfa\",\"name\":\"Ag\u00eancia iNFRA\",\"image\":{\"@type\":\"ImageObject\",\"inLanguage\":\"pt-BR\",\"@id\":\"https:\/\/agenciainfra.com\/blog\/#\/schema\/person\/image\/\",\"url\":\"https:\/\/secure.gravatar.com\/avatar\/d189e01678f06d8eb84d4e01f08eb848b3fffe3f8443818d3c356c66892f5be8?s=96&d=mm&r=g\",\"contentUrl\":\"https:\/\/secure.gravatar.com\/avatar\/d189e01678f06d8eb84d4e01f08eb848b3fffe3f8443818d3c356c66892f5be8?s=96&d=mm&r=g\",\"caption\":\"Ag\u00eancia iNFRA\"},\"url\":\"https:\/\/agenciainfra.com\/blog\/author\/admin\/\"}]}<\/script>\n<!-- \/ Yoast SEO Premium plugin. -->","yoast_head_json":{"title":"Opini\u00e3o \u2013 Contorno Vi\u00e1rio de Florian\u00f3polis: uma moderna solu\u00e7\u00e3o de mobilidade e seguran\u00e7a vi\u00e1ria para Santa Catarina - Ag\u00eancia iNFRA","robots":{"index":"index","follow":"follow","max-snippet":"max-snippet:-1","max-image-preview":"max-image-preview:large","max-video-preview":"max-video-preview:-1"},"canonical":"https:\/\/agenciainfra.com\/blog\/opiniao-contorno-viario-de-florianopolis-uma-moderna-solucao-de-mobilidade-e-seguranca-viaria-para-santa-catarina\/","og_locale":"pt_BR","og_type":"article","og_title":"Opini\u00e3o \u2013 Contorno Vi\u00e1rio de Florian\u00f3polis: uma moderna solu\u00e7\u00e3o de mobilidade e seguran\u00e7a vi\u00e1ria para Santa Catarina","og_description":"C\u00e9sar Ribas Sass* H\u00e1 seis meses, a Arteris entregou \u00e0 sociedade catarinense o Contorno Vi\u00e1rio de Florian\u00f3polis, um corredor expresso que desvia o tr\u00e2nsito pesado da regi\u00e3o metropolitana da capital e da BR-101\/SC. Com um investimento de R$ 3,9 bilh\u00f5es, essa obra de destaque internacional \u00e9 um grande exemplo do potencial das concession\u00e1rias privadas para [&hellip;]","og_url":"https:\/\/agenciainfra.com\/blog\/opiniao-contorno-viario-de-florianopolis-uma-moderna-solucao-de-mobilidade-e-seguranca-viaria-para-santa-catarina\/","og_site_name":"Ag\u00eancia iNFRA","article_publisher":"https:\/\/www.facebook.com\/ageninfra","article_published_time":"2025-02-24T18:30:00+00:00","article_modified_time":"2025-03-26T16:06:55+00:00","og_image":[{"width":1208,"height":827,"url":"https:\/\/agenciainfra.com\/blog\/wp-content\/uploads\/2025\/02\/Cesar-Sass-foto-divulgacao-1-e1740415055655.jpg","type":"image\/jpeg"}],"author":"Ag\u00eancia iNFRA","twitter_card":"summary_large_image","twitter_creator":"@agencia_infra","twitter_site":"@agencia_infra","twitter_misc":{"Escrito por":"Ag\u00eancia iNFRA","Est. tempo de leitura":"5 minutos"},"schema":{"@context":"https:\/\/schema.org","@graph":[{"@type":"Article","@id":"https:\/\/agenciainfra.com\/blog\/opiniao-contorno-viario-de-florianopolis-uma-moderna-solucao-de-mobilidade-e-seguranca-viaria-para-santa-catarina\/#article","isPartOf":{"@id":"https:\/\/agenciainfra.com\/blog\/opiniao-contorno-viario-de-florianopolis-uma-moderna-solucao-de-mobilidade-e-seguranca-viaria-para-santa-catarina\/"},"author":{"name":"Ag\u00eancia iNFRA","@id":"https:\/\/agenciainfra.com\/blog\/#\/schema\/person\/34af08dff6adea4cb22b06612ba7acfa"},"headline":"Opini\u00e3o \u2013 Contorno Vi\u00e1rio de Florian\u00f3polis: uma moderna solu\u00e7\u00e3o de mobilidade e seguran\u00e7a vi\u00e1ria para Santa Catarina","datePublished":"2025-02-24T18:30:00+00:00","dateModified":"2025-03-26T16:06:55+00:00","mainEntityOfPage":{"@id":"https:\/\/agenciainfra.com\/blog\/opiniao-contorno-viario-de-florianopolis-uma-moderna-solucao-de-mobilidade-e-seguranca-viaria-para-santa-catarina\/"},"wordCount":964,"publisher":{"@id":"https:\/\/agenciainfra.com\/blog\/#organization"},"image":{"@id":"https:\/\/agenciainfra.com\/blog\/opiniao-contorno-viario-de-florianopolis-uma-moderna-solucao-de-mobilidade-e-seguranca-viaria-para-santa-catarina\/#primaryimage"},"thumbnailUrl":"https:\/\/agenciainfra.com\/blog\/wp-content\/uploads\/2025\/02\/Cesar-Sass-foto-divulgacao-1-e1740415055655.jpg","keywords":["ANTT","Arteris","BR-101\/SC","c\u00e9sar ribas sass","concess\u00f5es","concess\u00f5es de rodovias","concess\u00f5es rodovi\u00e1rias","contorno vi\u00e1rio de florian\u00f3polis","mobilidade","opini\u00e3o","Regula\u00e7\u00e3o","Rodovias brasileiras","seguran\u00e7a vi\u00e1ria"],"articleSection":["Geral","iNFRATransporte","Opini\u00e3o"],"inLanguage":"pt-BR","copyrightYear":"2025","copyrightHolder":{"@id":"https:\/\/agenciainfra.com\/blog\/#organization"}},{"@type":"WebPage","@id":"https:\/\/agenciainfra.com\/blog\/opiniao-contorno-viario-de-florianopolis-uma-moderna-solucao-de-mobilidade-e-seguranca-viaria-para-santa-catarina\/","url":"https:\/\/agenciainfra.com\/blog\/opiniao-contorno-viario-de-florianopolis-uma-moderna-solucao-de-mobilidade-e-seguranca-viaria-para-santa-catarina\/","name":"Opini\u00e3o \u2013 Contorno Vi\u00e1rio de Florian\u00f3polis: uma moderna solu\u00e7\u00e3o de mobilidade e seguran\u00e7a vi\u00e1ria para Santa Catarina - Ag\u00eancia iNFRA","isPartOf":{"@id":"https:\/\/agenciainfra.com\/blog\/#website"},"primaryImageOfPage":{"@id":"https:\/\/agenciainfra.com\/blog\/opiniao-contorno-viario-de-florianopolis-uma-moderna-solucao-de-mobilidade-e-seguranca-viaria-para-santa-catarina\/#primaryimage"},"image":{"@id":"https:\/\/agenciainfra.com\/blog\/opiniao-contorno-viario-de-florianopolis-uma-moderna-solucao-de-mobilidade-e-seguranca-viaria-para-santa-catarina\/#primaryimage"},"thumbnailUrl":"https:\/\/agenciainfra.com\/blog\/wp-content\/uploads\/2025\/02\/Cesar-Sass-foto-divulgacao-1-e1740415055655.jpg","datePublished":"2025-02-24T18:30:00+00:00","dateModified":"2025-03-26T16:06:55+00:00","breadcrumb":{"@id":"https:\/\/agenciainfra.com\/blog\/opiniao-contorno-viario-de-florianopolis-uma-moderna-solucao-de-mobilidade-e-seguranca-viaria-para-santa-catarina\/#breadcrumb"},"inLanguage":"pt-BR","potentialAction":[{"@type":"ReadAction","target":["https:\/\/agenciainfra.com\/blog\/opiniao-contorno-viario-de-florianopolis-uma-moderna-solucao-de-mobilidade-e-seguranca-viaria-para-santa-catarina\/"]}]},{"@type":"ImageObject","inLanguage":"pt-BR","@id":"https:\/\/agenciainfra.com\/blog\/opiniao-contorno-viario-de-florianopolis-uma-moderna-solucao-de-mobilidade-e-seguranca-viaria-para-santa-catarina\/#primaryimage","url":"https:\/\/agenciainfra.com\/blog\/wp-content\/uploads\/2025\/02\/Cesar-Sass-foto-divulgacao-1-e1740415055655.jpg","contentUrl":"https:\/\/agenciainfra.com\/blog\/wp-content\/uploads\/2025\/02\/Cesar-Sass-foto-divulgacao-1-e1740415055655.jpg","width":1208,"height":827},{"@type":"BreadcrumbList","@id":"https:\/\/agenciainfra.com\/blog\/opiniao-contorno-viario-de-florianopolis-uma-moderna-solucao-de-mobilidade-e-seguranca-viaria-para-santa-catarina\/#breadcrumb","itemListElement":[{"@type":"ListItem","position":1,"name":"In\u00edcio","item":"https:\/\/agenciainfra.com\/blog\/"},{"@type":"ListItem","position":2,"name":"Opini\u00e3o \u2013 Contorno Vi\u00e1rio de Florian\u00f3polis: uma moderna solu\u00e7\u00e3o de mobilidade e seguran\u00e7a vi\u00e1ria para Santa Catarina"}]},{"@type":"WebSite","@id":"https:\/\/agenciainfra.com\/blog\/#website","url":"https:\/\/agenciainfra.com\/blog\/","name":"Ag\u00eancia iNFRA","description":"Multiplataforma de informa\u00e7\u00e3o jornal\u00edstica refer\u00eancia na \u00e1rea de infraestrutura no Brasil!","publisher":{"@id":"https:\/\/agenciainfra.com\/blog\/#organization"},"potentialAction":[{"@type":"SearchAction","target":{"@type":"EntryPoint","urlTemplate":"https:\/\/agenciainfra.com\/blog\/?s={search_term_string}"},"query-input":{"@type":"PropertyValueSpecification","valueRequired":true,"valueName":"search_term_string"}}],"inLanguage":"pt-BR"},{"@type":"Organization","@id":"https:\/\/agenciainfra.com\/blog\/#organization","name":"Ag\u00eancia iNFRA","url":"https:\/\/agenciainfra.com\/blog\/","logo":{"@type":"ImageObject","inLanguage":"pt-BR","@id":"https:\/\/agenciainfra.com\/blog\/#\/schema\/logo\/image\/","url":"https:\/\/agenciainfra.com\/blog\/wp-content\/uploads\/2023\/09\/iNFRA_5-e1761735885940.png","contentUrl":"https:\/\/agenciainfra.com\/blog\/wp-content\/uploads\/2023\/09\/iNFRA_5-e1761735885940.png","width":1672,"height":454,"caption":"Ag\u00eancia iNFRA"},"image":{"@id":"https:\/\/agenciainfra.com\/blog\/#\/schema\/logo\/image\/"},"sameAs":["https:\/\/www.facebook.com\/ageninfra","https:\/\/x.com\/agencia_infra","https:\/\/www.linkedin.com\/company\/ag\u00eanciainfra\/","https:\/\/www.instagram.com\/agenciainfra\/"]},{"@type":"Person","@id":"https:\/\/agenciainfra.com\/blog\/#\/schema\/person\/34af08dff6adea4cb22b06612ba7acfa","name":"Ag\u00eancia iNFRA","image":{"@type":"ImageObject","inLanguage":"pt-BR","@id":"https:\/\/agenciainfra.com\/blog\/#\/schema\/person\/image\/","url":"https:\/\/secure.gravatar.com\/avatar\/d189e01678f06d8eb84d4e01f08eb848b3fffe3f8443818d3c356c66892f5be8?s=96&d=mm&r=g","contentUrl":"https:\/\/secure.gravatar.com\/avatar\/d189e01678f06d8eb84d4e01f08eb848b3fffe3f8443818d3c356c66892f5be8?s=96&d=mm&r=g","caption":"Ag\u00eancia iNFRA"},"url":"https:\/\/agenciainfra.com\/blog\/author\/admin\/"}]}},"_links":{"self":[{"href":"https:\/\/agenciainfra.com\/blog\/wp-json\/wp\/v2\/posts\/20388","targetHints":{"allow":["GET"]}}],"collection":[{"href":"https:\/\/agenciainfra.com\/blog\/wp-json\/wp\/v2\/posts"}],"about":[{"href":"https:\/\/agenciainfra.com\/blog\/wp-json\/wp\/v2\/types\/post"}],"author":[{"embeddable":true,"href":"https:\/\/agenciainfra.com\/blog\/wp-json\/wp\/v2\/users\/1"}],"replies":[{"embeddable":true,"href":"https:\/\/agenciainfra.com\/blog\/wp-json\/wp\/v2\/comments?post=20388"}],"version-history":[{"count":4,"href":"https:\/\/agenciainfra.com\/blog\/wp-json\/wp\/v2\/posts\/20388\/revisions"}],"predecessor-version":[{"id":20394,"href":"https:\/\/agenciainfra.com\/blog\/wp-json\/wp\/v2\/posts\/20388\/revisions\/20394"}],"wp:featuredmedia":[{"embeddable":true,"href":"https:\/\/agenciainfra.com\/blog\/wp-json\/wp\/v2\/media\/20390"}],"wp:attachment":[{"href":"https:\/\/agenciainfra.com\/blog\/wp-json\/wp\/v2\/media?parent=20388"}],"wp:term":[{"taxonomy":"category","embeddable":true,"href":"https:\/\/agenciainfra.com\/blog\/wp-json\/wp\/v2\/categories?post=20388"},{"taxonomy":"post_tag","embeddable":true,"href":"https:\/\/agenciainfra.com\/blog\/wp-json\/wp\/v2\/tags?post=20388"}],"curies":[{"name":"wp","href":"https:\/\/api.w.org\/{rel}","templated":true}]}}