{"id":20402,"date":"2025-02-26T09:00:00","date_gmt":"2025-02-26T12:00:00","guid":{"rendered":"https:\/\/agenciainfra.com\/blog\/?p=20402"},"modified":"2025-06-26T09:22:00","modified_gmt":"2025-06-26T12:22:00","slug":"aneel-aprova-minuta-de-contrato-de-renovacao-das-concessoes-de-distribuicao","status":"publish","type":"post","link":"https:\/\/agenciainfra.com\/blog\/aneel-aprova-minuta-de-contrato-de-renovacao-das-concessoes-de-distribuicao\/","title":{"rendered":"ANEEL aprova minuta de contrato de renova\u00e7\u00e3o das concess\u00f5es de distribui\u00e7\u00e3o"},"content":{"rendered":"\n<p class=\"has-text-align-right\"><strong>Geraldo Campos Jr. e Marisa Wanzeller, da Ag\u00eancia iNFRA<\/strong><\/p>\n\n\n\n<p>A diretoria colegiada da ANEEL (Ag\u00eancia Nacional de Energia El\u00e9trica) aprovou, nesta ter\u00e7a-feira (25), por tr\u00eas votos a dois, o novo modelo de contrato que valer\u00e1 para as 19 distribuidoras que ter\u00e3o a concess\u00e3o renovada at\u00e9 2031, conforme o <a href=\"https:\/\/mcusercontent.com\/d460dd1bcf9ba0ae040e1fc0f\/files\/1cc635fe-55b2-da3a-5c54-e1f09a079160\/VOTO_48500.902208_2024_34_RESULTADO_CP_TA_Contrato_Concess_atilde_o_25.02.2025_FINAL_1_.pdf\" target=\"_blank\" rel=\"noreferrer noopener\">voto<\/a> da relatora, diretora Agnes Costa. Ela foi seguida pelo diretor-geral, Sandoval Feitosa, e pela diretora substituta Ludimila Lima.<\/p>\n\n\n\n<p>A ag\u00eancia tamb\u00e9m aprovou recomenda\u00e7\u00e3o ao MME (Minist\u00e9rio de Minas e Energia) para que se avalie exigir o pagamento de multas pelas concession\u00e1rias que ter\u00e3o o contrato renovado em at\u00e9 180 dias. Segundo a relatora, as 19 distribuidoras que poder\u00e3o ter contrato renovado somam R$ 944 milh\u00f5es em multas n\u00e3o recolhidas. S\u00f3 o Grupo Enel s\u00e3o R$ 603 milh\u00f5es.&nbsp;<\/p>\n\n\n\n<p>A exig\u00eancia de quita\u00e7\u00e3o das multas transitadas em julgado no \u00e2mbito administrativo estava na vers\u00e3o inicial da minuta do contrato, mas foi retirada por recomenda\u00e7\u00e3o da Procuradoria Federal, que entendeu n\u00e3o se tratar de compet\u00eancia da ANEEL e apenas do poder concedente.<\/p>\n\n\n\n<p><strong>Regras&nbsp;<\/strong><br>O voto da diretora Agnes seguiu integralmente a minuta de aditivo proposta pelas superintend\u00eancias da reguladora em nota t\u00e9cnica na semana passada. A \u00fanica novidade foi a sugest\u00e3o sobre a exig\u00eancia da quita\u00e7\u00e3o das multas.&nbsp;<\/p>\n\n\n\n<p>A relatora acatou duas sugest\u00f5es redacionais do diretor Fernando Mosna. A primeira, para retirar o trecho que diz que a distribuidora \u00e9 \u201cintegral e exclusivamente respons\u00e1vel por todos os riscos relacionados \u00e0 concess\u00e3o\u201d, e a segunda, para ajustar o trecho sobre a possibilidade de interven\u00e7\u00e3o, que poder\u00e1 ser determinada pelo MME&nbsp;ou pela ANEEL.<\/p>\n\n\n\n<p>Um dos pontos mais debatidos foi o reconhecimento de investimentos entre os ciclos de cinco anos das revis\u00f5es peri\u00f3dicas para repasse tarif\u00e1rio. A diretoria manteve a previs\u00e3o de reconhecimento anual, mas n\u00e3o fixou um prazo para que isso seja iniciado como pleiteavam os agentes, o que depender\u00e1 da regula\u00e7\u00e3o de um novo modelo econ\u00f4mico que ser\u00e1 criado e ao qual as distribuidoras poder\u00e3o aderir.&nbsp;<\/p>\n\n\n\n<p>As distribuidoras defendiam que a metodologia j\u00e1 fosse aplicada no primeiro processo tarif\u00e1rio subsequente \u00e0 renova\u00e7\u00e3o, ou seja, em 2026, no caso da EDP Esp\u00edrito Santo. A justificativa \u00e9 que os investimentos anuais das concession\u00e1rias t\u00eam crescido de forma expressiva, enquanto o mercado tem reduzido.<\/p>\n\n\n\n<p>Outro ponto mantido foi sobre o tratamento das ASRO (\u00c1reas com Severas Restri\u00e7\u00f5es Operativas). Distribuidoras como Light, Enel e Neoenergia pediram antecipa\u00e7\u00e3o do reconhecimento de receitas irrecuper\u00e1veis referentes a essas \u00e1reas para o primeiro processo tarif\u00e1rio, e n\u00e3o apenas nas revis\u00f5es peri\u00f3dicas, o que n\u00e3o foi atendido.<\/p>\n\n\n\n<p><strong>Voto-vista<\/strong><br>O diretor Fernando Mosna apresentou voto-vista para que o aditivo contratual nos termos do voto de Agnes fosse aplicado exclusivamente para a EDP Esp\u00edrito Santo, por j\u00e1 ter a concess\u00e3o vencendo em 17 de julho deste ano. Para as demais, defendeu a abertura de uma segunda fase de consulta p\u00fablica para definir o contrato com maior n\u00edvel de aprofundamento. Ele foi seguido pelo diretor Ricardo Tili.<\/p>\n\n\n\n<p>Mosna sugeriu aprofundamento de pontos espec\u00edficos na consulta p\u00fablica. S\u00e3o eles: ajustes sobre reconhecimento de investimentos intraciclos, modelos de regime econ\u00f4mico, par\u00e2metros sobre perdas e receitas irrecuper\u00e1veis nas ASRO, cl\u00e1usulas de aloca\u00e7\u00e3o de riscos e sobre interven\u00e7\u00e3o na concess\u00e3o.<\/p>\n\n\n\n<p>O voto-vista, no entanto, n\u00e3o alterou a maioria que j\u00e1 havia se formado no colegiado para aprovar a proposta de Agnes, que inclusive j\u00e1 tinha absorvido sugest\u00f5es pontuais de Mosna.<\/p>\n\n\n\n<p><strong>Pr\u00f3ximos passos<\/strong><br>As empresas que j\u00e1 manifestaram interesse na renova\u00e7\u00e3o dos contratos dever\u00e3o reiterar a solicita\u00e7\u00e3o em at\u00e9 30 dias ap\u00f3s a publica\u00e7\u00e3o do termo aditivo. Assim, \u00e9 esperado que a ANEEL d\u00ea andamento ao processo que trata especificamente da concess\u00e3o da EDP Esp\u00edrito Santo nas pr\u00f3ximas semanas, tendo 60 dias para conclu\u00ed-lo e encaminhar ao MME.&nbsp;<\/p>\n\n\n\n<p>Segundo os prazos do decreto de renova\u00e7\u00e3o das concess\u00f5es, \u00e9 esperada que toda a opera\u00e7\u00e3o at\u00e9 a efetiva assinatura do termo aditivo leve at\u00e9 180 dias. No entanto, a expectativa do setor \u00e9 que alguns ritos sejam acelerados para que tudo se conclua at\u00e9 17 de julho, data de vencimento da concess\u00e3o da EDP Esp\u00edrito Santo.<\/p>\n\n\n\n<p><strong>Abradee: avan\u00e7os e preocupa\u00e7\u00f5es<\/strong><br>O presidente da Abradee (Associa\u00e7\u00e3o Brasileira de Distribuidores de Energia El\u00e9trica), Marcos Madureira, avaliou que houve evolu\u00e7\u00f5es e avan\u00e7os no contrato aditivo aprovado em rela\u00e7\u00e3o \u00e0 minuta original. Contudo, alguns pontos considerados fundamentais pelo segmento n\u00e3o foram atendidos.&nbsp;<\/p>\n\n\n\n<p>\u201cA gente vai ter que buscar trabalhar eles principalmente na fase de regulamenta\u00e7\u00e3o da pr\u00f3pria ag\u00eancia\u201d, disse \u00e0 imprensa ap\u00f3s a reuni\u00e3o da ANEEL. Ele citou o trecho sobre o reconhecimento dos investimentos. \u201cOs investimentos intraciclo deveriam come\u00e7ar o mais pronto poss\u00edvel, exatamente para permitir que as distribuidoras possam fazer investimentos que s\u00e3o demandados o mais pronto poss\u00edvel, adequar a uma condi\u00e7\u00e3o de que hoje n\u00f3s temos muito mais digitaliza\u00e7\u00e3o das redes, o que traz equipamentos que tenham um menor prazo de vida e, portanto, \u00e9 necess\u00e1rio que voc\u00ea possa ter essas moderniza\u00e7\u00f5es\u201d, disse.&nbsp;<\/p>\n\n\n\n<p>Madureira ainda disse que n\u00e3o h\u00e1 &#8220;raz\u00f5es jur\u00eddicas que permitam\u201d a exig\u00eancia de pagamento de multas ainda em discuss\u00e3o como um requisito para renova\u00e7\u00e3o das concess\u00f5es de distribui\u00e7\u00e3o de energia. \u201cO nosso entendimento \u00e9 que o Minist\u00e9rio [de Minas e Energia] dever\u00e1 analisar por essa \u00f3tica.&#8221;<\/p>\n","protected":false},"excerpt":{"rendered":"<p>Geraldo Campos Jr. e Marisa Wanzeller, da Ag\u00eancia iNFRA A diretoria colegiada da ANEEL (Ag\u00eancia Nacional de Energia El\u00e9trica) aprovou, nesta ter\u00e7a-feira (25), por tr\u00eas votos a dois, o novo modelo de contrato que valer\u00e1 para as 19 distribuidoras que ter\u00e3o a concess\u00e3o renovada at\u00e9 2031, conforme o voto da relatora, diretora Agnes Costa. Ela [&hellip;]<\/p>\n","protected":false},"author":1,"featured_media":2508,"comment_status":"closed","ping_status":"closed","sticky":false,"template":"","format":"standard","meta":{"_monsterinsights_skip_tracking":false,"_monsterinsights_sitenote_active":false,"_monsterinsights_sitenote_note":"","_monsterinsights_sitenote_category":0,"footnotes":""},"categories":[9714,1,10],"tags":[494,53,10852,10294,1082,850,11594,7366,11108,7971,11764,54,11870],"class_list":["post-20402","post","type-post","status-publish","format-standard","has-post-thumbnail","hentry","category-destaque-menor","category-geral","category-infraenergia","tag-abradee","tag-aneel","tag-concessoes-de-distribuicao","tag-decreto-12-068-2024","tag-distribuicao-de-energia","tag-geracao-distribuida","tag-geraldo-campos-jr","tag-marisa-wanzeller","tag-renovacao-das-concessoes","tag-renovacao-das-distribuidoras","tag-reuniao-da-aneel","tag-setor-eletrico","tag-superagencia"],"yoast_head":"<!-- This site is optimized with the Yoast SEO Premium plugin v25.4 (Yoast SEO v26.0) - https:\/\/yoast.com\/wordpress\/plugins\/seo\/ -->\n<title>ANEEL aprova minuta de contrato de renova\u00e7\u00e3o das concess\u00f5es de distribui\u00e7\u00e3o - Ag\u00eancia iNFRA<\/title>\n<meta name=\"robots\" content=\"index, follow, max-snippet:-1, max-image-preview:large, max-video-preview:-1\" \/>\n<link rel=\"canonical\" href=\"https:\/\/agenciainfra.com\/blog\/aneel-aprova-minuta-de-contrato-de-renovacao-das-concessoes-de-distribuicao\/\" \/>\n<meta property=\"og:locale\" content=\"pt_BR\" \/>\n<meta property=\"og:type\" content=\"article\" \/>\n<meta property=\"og:title\" content=\"ANEEL aprova minuta de contrato de renova\u00e7\u00e3o das concess\u00f5es de distribui\u00e7\u00e3o\" \/>\n<meta property=\"og:description\" content=\"Geraldo Campos Jr. e Marisa Wanzeller, da Ag\u00eancia iNFRA A diretoria colegiada da ANEEL (Ag\u00eancia Nacional de Energia El\u00e9trica) aprovou, nesta ter\u00e7a-feira (25), por tr\u00eas votos a dois, o novo modelo de contrato que valer\u00e1 para as 19 distribuidoras que ter\u00e3o a concess\u00e3o renovada at\u00e9 2031, conforme o voto da relatora, diretora Agnes Costa. Ela [&hellip;]\" \/>\n<meta property=\"og:url\" content=\"https:\/\/agenciainfra.com\/blog\/aneel-aprova-minuta-de-contrato-de-renovacao-das-concessoes-de-distribuicao\/\" \/>\n<meta property=\"og:site_name\" content=\"Ag\u00eancia iNFRA\" \/>\n<meta property=\"article:publisher\" content=\"https:\/\/www.facebook.com\/ageninfra\" \/>\n<meta property=\"article:published_time\" content=\"2025-02-26T12:00:00+00:00\" \/>\n<meta property=\"article:modified_time\" content=\"2025-06-26T12:22:00+00:00\" \/>\n<meta property=\"og:image\" content=\"https:\/\/agenciainfra.com\/blog\/wp-content\/uploads\/2018\/10\/Faixada-ANEEL-Essencial_divulgacao-e1750175900658.jpg\" \/>\n\t<meta property=\"og:image:width\" content=\"1200\" \/>\n\t<meta property=\"og:image:height\" content=\"740\" \/>\n\t<meta property=\"og:image:type\" content=\"image\/jpeg\" \/>\n<meta name=\"author\" content=\"Ag\u00eancia iNFRA\" \/>\n<meta name=\"twitter:card\" content=\"summary_large_image\" \/>\n<meta name=\"twitter:creator\" content=\"@agencia_infra\" \/>\n<meta name=\"twitter:site\" content=\"@agencia_infra\" \/>\n<meta name=\"twitter:label1\" content=\"Escrito por\" \/>\n\t<meta name=\"twitter:data1\" content=\"Ag\u00eancia iNFRA\" \/>\n\t<meta name=\"twitter:label2\" content=\"Est. tempo de leitura\" \/>\n\t<meta name=\"twitter:data2\" content=\"5 minutos\" \/>\n<script type=\"application\/ld+json\" class=\"yoast-schema-graph\">{\"@context\":\"https:\/\/schema.org\",\"@graph\":[{\"@type\":\"Article\",\"@id\":\"https:\/\/agenciainfra.com\/blog\/aneel-aprova-minuta-de-contrato-de-renovacao-das-concessoes-de-distribuicao\/#article\",\"isPartOf\":{\"@id\":\"https:\/\/agenciainfra.com\/blog\/aneel-aprova-minuta-de-contrato-de-renovacao-das-concessoes-de-distribuicao\/\"},\"author\":{\"name\":\"Ag\u00eancia iNFRA\",\"@id\":\"https:\/\/agenciainfra.com\/blog\/#\/schema\/person\/34af08dff6adea4cb22b06612ba7acfa\"},\"headline\":\"ANEEL aprova minuta de contrato de renova\u00e7\u00e3o das concess\u00f5es de distribui\u00e7\u00e3o\",\"datePublished\":\"2025-02-26T12:00:00+00:00\",\"dateModified\":\"2025-06-26T12:22:00+00:00\",\"mainEntityOfPage\":{\"@id\":\"https:\/\/agenciainfra.com\/blog\/aneel-aprova-minuta-de-contrato-de-renovacao-das-concessoes-de-distribuicao\/\"},\"wordCount\":959,\"publisher\":{\"@id\":\"https:\/\/agenciainfra.com\/blog\/#organization\"},\"image\":{\"@id\":\"https:\/\/agenciainfra.com\/blog\/aneel-aprova-minuta-de-contrato-de-renovacao-das-concessoes-de-distribuicao\/#primaryimage\"},\"thumbnailUrl\":\"https:\/\/agenciainfra.com\/blog\/wp-content\/uploads\/2018\/10\/Faixada-ANEEL-Essencial_divulgacao-e1750175900658.jpg\",\"keywords\":[\"Abradee\",\"ANEEL\",\"concess\u00f5es de distribui\u00e7\u00e3o\",\"Decreto 12.068\/2024\",\"distribui\u00e7\u00e3o de energia\",\"gera\u00e7\u00e3o distribu\u00edda\",\"Geraldo Campos Jr.\",\"Marisa Wanzeller\",\"renova\u00e7\u00e3o das concess\u00f5es\",\"Renova\u00e7\u00e3o das distribuidoras\",\"reuni\u00e3o da aneel\",\"Setor El\u00e9trico\",\"superag\u00eancia\"],\"articleSection\":[\"Destaque Menor\",\"Geral\",\"iNFRAEnergia\"],\"inLanguage\":\"pt-BR\",\"copyrightYear\":\"2025\",\"copyrightHolder\":{\"@id\":\"https:\/\/agenciainfra.com\/blog\/#organization\"}},{\"@type\":\"WebPage\",\"@id\":\"https:\/\/agenciainfra.com\/blog\/aneel-aprova-minuta-de-contrato-de-renovacao-das-concessoes-de-distribuicao\/\",\"url\":\"https:\/\/agenciainfra.com\/blog\/aneel-aprova-minuta-de-contrato-de-renovacao-das-concessoes-de-distribuicao\/\",\"name\":\"ANEEL aprova minuta de contrato de renova\u00e7\u00e3o das concess\u00f5es de distribui\u00e7\u00e3o - Ag\u00eancia iNFRA\",\"isPartOf\":{\"@id\":\"https:\/\/agenciainfra.com\/blog\/#website\"},\"primaryImageOfPage\":{\"@id\":\"https:\/\/agenciainfra.com\/blog\/aneel-aprova-minuta-de-contrato-de-renovacao-das-concessoes-de-distribuicao\/#primaryimage\"},\"image\":{\"@id\":\"https:\/\/agenciainfra.com\/blog\/aneel-aprova-minuta-de-contrato-de-renovacao-das-concessoes-de-distribuicao\/#primaryimage\"},\"thumbnailUrl\":\"https:\/\/agenciainfra.com\/blog\/wp-content\/uploads\/2018\/10\/Faixada-ANEEL-Essencial_divulgacao-e1750175900658.jpg\",\"datePublished\":\"2025-02-26T12:00:00+00:00\",\"dateModified\":\"2025-06-26T12:22:00+00:00\",\"breadcrumb\":{\"@id\":\"https:\/\/agenciainfra.com\/blog\/aneel-aprova-minuta-de-contrato-de-renovacao-das-concessoes-de-distribuicao\/#breadcrumb\"},\"inLanguage\":\"pt-BR\",\"potentialAction\":[{\"@type\":\"ReadAction\",\"target\":[\"https:\/\/agenciainfra.com\/blog\/aneel-aprova-minuta-de-contrato-de-renovacao-das-concessoes-de-distribuicao\/\"]}]},{\"@type\":\"ImageObject\",\"inLanguage\":\"pt-BR\",\"@id\":\"https:\/\/agenciainfra.com\/blog\/aneel-aprova-minuta-de-contrato-de-renovacao-das-concessoes-de-distribuicao\/#primaryimage\",\"url\":\"https:\/\/agenciainfra.com\/blog\/wp-content\/uploads\/2018\/10\/Faixada-ANEEL-Essencial_divulgacao-e1750175900658.jpg\",\"contentUrl\":\"https:\/\/agenciainfra.com\/blog\/wp-content\/uploads\/2018\/10\/Faixada-ANEEL-Essencial_divulgacao-e1750175900658.jpg\",\"width\":1200,\"height\":740,\"caption\":\"Foto: ANEEL\/Divulga\u00e7\u00e3o\"},{\"@type\":\"BreadcrumbList\",\"@id\":\"https:\/\/agenciainfra.com\/blog\/aneel-aprova-minuta-de-contrato-de-renovacao-das-concessoes-de-distribuicao\/#breadcrumb\",\"itemListElement\":[{\"@type\":\"ListItem\",\"position\":1,\"name\":\"In\u00edcio\",\"item\":\"https:\/\/agenciainfra.com\/blog\/\"},{\"@type\":\"ListItem\",\"position\":2,\"name\":\"ANEEL aprova minuta de contrato de renova\u00e7\u00e3o das concess\u00f5es de distribui\u00e7\u00e3o\"}]},{\"@type\":\"WebSite\",\"@id\":\"https:\/\/agenciainfra.com\/blog\/#website\",\"url\":\"https:\/\/agenciainfra.com\/blog\/\",\"name\":\"Ag\u00eancia iNFRA\",\"description\":\"Multiplataforma de informa\u00e7\u00e3o jornal\u00edstica refer\u00eancia na \u00e1rea de infraestrutura no Brasil!\",\"publisher\":{\"@id\":\"https:\/\/agenciainfra.com\/blog\/#organization\"},\"potentialAction\":[{\"@type\":\"SearchAction\",\"target\":{\"@type\":\"EntryPoint\",\"urlTemplate\":\"https:\/\/agenciainfra.com\/blog\/?s={search_term_string}\"},\"query-input\":{\"@type\":\"PropertyValueSpecification\",\"valueRequired\":true,\"valueName\":\"search_term_string\"}}],\"inLanguage\":\"pt-BR\"},{\"@type\":\"Organization\",\"@id\":\"https:\/\/agenciainfra.com\/blog\/#organization\",\"name\":\"Ag\u00eancia iNFRA\",\"url\":\"https:\/\/agenciainfra.com\/blog\/\",\"logo\":{\"@type\":\"ImageObject\",\"inLanguage\":\"pt-BR\",\"@id\":\"https:\/\/agenciainfra.com\/blog\/#\/schema\/logo\/image\/\",\"url\":\"https:\/\/agenciainfra.com\/blog\/wp-content\/uploads\/2023\/09\/iNFRA_5-e1761735885940.png\",\"contentUrl\":\"https:\/\/agenciainfra.com\/blog\/wp-content\/uploads\/2023\/09\/iNFRA_5-e1761735885940.png\",\"width\":1672,\"height\":454,\"caption\":\"Ag\u00eancia iNFRA\"},\"image\":{\"@id\":\"https:\/\/agenciainfra.com\/blog\/#\/schema\/logo\/image\/\"},\"sameAs\":[\"https:\/\/www.facebook.com\/ageninfra\",\"https:\/\/x.com\/agencia_infra\",\"https:\/\/www.linkedin.com\/company\/ag\u00eanciainfra\/\",\"https:\/\/www.instagram.com\/agenciainfra\/\"]},{\"@type\":\"Person\",\"@id\":\"https:\/\/agenciainfra.com\/blog\/#\/schema\/person\/34af08dff6adea4cb22b06612ba7acfa\",\"name\":\"Ag\u00eancia iNFRA\",\"image\":{\"@type\":\"ImageObject\",\"inLanguage\":\"pt-BR\",\"@id\":\"https:\/\/agenciainfra.com\/blog\/#\/schema\/person\/image\/\",\"url\":\"https:\/\/secure.gravatar.com\/avatar\/d189e01678f06d8eb84d4e01f08eb848b3fffe3f8443818d3c356c66892f5be8?s=96&d=mm&r=g\",\"contentUrl\":\"https:\/\/secure.gravatar.com\/avatar\/d189e01678f06d8eb84d4e01f08eb848b3fffe3f8443818d3c356c66892f5be8?s=96&d=mm&r=g\",\"caption\":\"Ag\u00eancia iNFRA\"},\"url\":\"https:\/\/agenciainfra.com\/blog\/author\/admin\/\"}]}<\/script>\n<!-- \/ Yoast SEO Premium plugin. -->","yoast_head_json":{"title":"ANEEL aprova minuta de contrato de renova\u00e7\u00e3o das concess\u00f5es de distribui\u00e7\u00e3o - Ag\u00eancia iNFRA","robots":{"index":"index","follow":"follow","max-snippet":"max-snippet:-1","max-image-preview":"max-image-preview:large","max-video-preview":"max-video-preview:-1"},"canonical":"https:\/\/agenciainfra.com\/blog\/aneel-aprova-minuta-de-contrato-de-renovacao-das-concessoes-de-distribuicao\/","og_locale":"pt_BR","og_type":"article","og_title":"ANEEL aprova minuta de contrato de renova\u00e7\u00e3o das concess\u00f5es de distribui\u00e7\u00e3o","og_description":"Geraldo Campos Jr. e Marisa Wanzeller, da Ag\u00eancia iNFRA A diretoria colegiada da ANEEL (Ag\u00eancia Nacional de Energia El\u00e9trica) aprovou, nesta ter\u00e7a-feira (25), por tr\u00eas votos a dois, o novo modelo de contrato que valer\u00e1 para as 19 distribuidoras que ter\u00e3o a concess\u00e3o renovada at\u00e9 2031, conforme o voto da relatora, diretora Agnes Costa. Ela [&hellip;]","og_url":"https:\/\/agenciainfra.com\/blog\/aneel-aprova-minuta-de-contrato-de-renovacao-das-concessoes-de-distribuicao\/","og_site_name":"Ag\u00eancia iNFRA","article_publisher":"https:\/\/www.facebook.com\/ageninfra","article_published_time":"2025-02-26T12:00:00+00:00","article_modified_time":"2025-06-26T12:22:00+00:00","og_image":[{"width":1200,"height":740,"url":"https:\/\/agenciainfra.com\/blog\/wp-content\/uploads\/2018\/10\/Faixada-ANEEL-Essencial_divulgacao-e1750175900658.jpg","type":"image\/jpeg"}],"author":"Ag\u00eancia iNFRA","twitter_card":"summary_large_image","twitter_creator":"@agencia_infra","twitter_site":"@agencia_infra","twitter_misc":{"Escrito por":"Ag\u00eancia iNFRA","Est. tempo de leitura":"5 minutos"},"schema":{"@context":"https:\/\/schema.org","@graph":[{"@type":"Article","@id":"https:\/\/agenciainfra.com\/blog\/aneel-aprova-minuta-de-contrato-de-renovacao-das-concessoes-de-distribuicao\/#article","isPartOf":{"@id":"https:\/\/agenciainfra.com\/blog\/aneel-aprova-minuta-de-contrato-de-renovacao-das-concessoes-de-distribuicao\/"},"author":{"name":"Ag\u00eancia iNFRA","@id":"https:\/\/agenciainfra.com\/blog\/#\/schema\/person\/34af08dff6adea4cb22b06612ba7acfa"},"headline":"ANEEL aprova minuta de contrato de renova\u00e7\u00e3o das concess\u00f5es de distribui\u00e7\u00e3o","datePublished":"2025-02-26T12:00:00+00:00","dateModified":"2025-06-26T12:22:00+00:00","mainEntityOfPage":{"@id":"https:\/\/agenciainfra.com\/blog\/aneel-aprova-minuta-de-contrato-de-renovacao-das-concessoes-de-distribuicao\/"},"wordCount":959,"publisher":{"@id":"https:\/\/agenciainfra.com\/blog\/#organization"},"image":{"@id":"https:\/\/agenciainfra.com\/blog\/aneel-aprova-minuta-de-contrato-de-renovacao-das-concessoes-de-distribuicao\/#primaryimage"},"thumbnailUrl":"https:\/\/agenciainfra.com\/blog\/wp-content\/uploads\/2018\/10\/Faixada-ANEEL-Essencial_divulgacao-e1750175900658.jpg","keywords":["Abradee","ANEEL","concess\u00f5es de distribui\u00e7\u00e3o","Decreto 12.068\/2024","distribui\u00e7\u00e3o de energia","gera\u00e7\u00e3o distribu\u00edda","Geraldo Campos Jr.","Marisa Wanzeller","renova\u00e7\u00e3o das concess\u00f5es","Renova\u00e7\u00e3o das distribuidoras","reuni\u00e3o da aneel","Setor El\u00e9trico","superag\u00eancia"],"articleSection":["Destaque Menor","Geral","iNFRAEnergia"],"inLanguage":"pt-BR","copyrightYear":"2025","copyrightHolder":{"@id":"https:\/\/agenciainfra.com\/blog\/#organization"}},{"@type":"WebPage","@id":"https:\/\/agenciainfra.com\/blog\/aneel-aprova-minuta-de-contrato-de-renovacao-das-concessoes-de-distribuicao\/","url":"https:\/\/agenciainfra.com\/blog\/aneel-aprova-minuta-de-contrato-de-renovacao-das-concessoes-de-distribuicao\/","name":"ANEEL aprova minuta de contrato de renova\u00e7\u00e3o das concess\u00f5es de distribui\u00e7\u00e3o - Ag\u00eancia iNFRA","isPartOf":{"@id":"https:\/\/agenciainfra.com\/blog\/#website"},"primaryImageOfPage":{"@id":"https:\/\/agenciainfra.com\/blog\/aneel-aprova-minuta-de-contrato-de-renovacao-das-concessoes-de-distribuicao\/#primaryimage"},"image":{"@id":"https:\/\/agenciainfra.com\/blog\/aneel-aprova-minuta-de-contrato-de-renovacao-das-concessoes-de-distribuicao\/#primaryimage"},"thumbnailUrl":"https:\/\/agenciainfra.com\/blog\/wp-content\/uploads\/2018\/10\/Faixada-ANEEL-Essencial_divulgacao-e1750175900658.jpg","datePublished":"2025-02-26T12:00:00+00:00","dateModified":"2025-06-26T12:22:00+00:00","breadcrumb":{"@id":"https:\/\/agenciainfra.com\/blog\/aneel-aprova-minuta-de-contrato-de-renovacao-das-concessoes-de-distribuicao\/#breadcrumb"},"inLanguage":"pt-BR","potentialAction":[{"@type":"ReadAction","target":["https:\/\/agenciainfra.com\/blog\/aneel-aprova-minuta-de-contrato-de-renovacao-das-concessoes-de-distribuicao\/"]}]},{"@type":"ImageObject","inLanguage":"pt-BR","@id":"https:\/\/agenciainfra.com\/blog\/aneel-aprova-minuta-de-contrato-de-renovacao-das-concessoes-de-distribuicao\/#primaryimage","url":"https:\/\/agenciainfra.com\/blog\/wp-content\/uploads\/2018\/10\/Faixada-ANEEL-Essencial_divulgacao-e1750175900658.jpg","contentUrl":"https:\/\/agenciainfra.com\/blog\/wp-content\/uploads\/2018\/10\/Faixada-ANEEL-Essencial_divulgacao-e1750175900658.jpg","width":1200,"height":740,"caption":"Foto: ANEEL\/Divulga\u00e7\u00e3o"},{"@type":"BreadcrumbList","@id":"https:\/\/agenciainfra.com\/blog\/aneel-aprova-minuta-de-contrato-de-renovacao-das-concessoes-de-distribuicao\/#breadcrumb","itemListElement":[{"@type":"ListItem","position":1,"name":"In\u00edcio","item":"https:\/\/agenciainfra.com\/blog\/"},{"@type":"ListItem","position":2,"name":"ANEEL aprova minuta de contrato de renova\u00e7\u00e3o das concess\u00f5es de distribui\u00e7\u00e3o"}]},{"@type":"WebSite","@id":"https:\/\/agenciainfra.com\/blog\/#website","url":"https:\/\/agenciainfra.com\/blog\/","name":"Ag\u00eancia iNFRA","description":"Multiplataforma de informa\u00e7\u00e3o jornal\u00edstica refer\u00eancia na \u00e1rea de infraestrutura no Brasil!","publisher":{"@id":"https:\/\/agenciainfra.com\/blog\/#organization"},"potentialAction":[{"@type":"SearchAction","target":{"@type":"EntryPoint","urlTemplate":"https:\/\/agenciainfra.com\/blog\/?s={search_term_string}"},"query-input":{"@type":"PropertyValueSpecification","valueRequired":true,"valueName":"search_term_string"}}],"inLanguage":"pt-BR"},{"@type":"Organization","@id":"https:\/\/agenciainfra.com\/blog\/#organization","name":"Ag\u00eancia iNFRA","url":"https:\/\/agenciainfra.com\/blog\/","logo":{"@type":"ImageObject","inLanguage":"pt-BR","@id":"https:\/\/agenciainfra.com\/blog\/#\/schema\/logo\/image\/","url":"https:\/\/agenciainfra.com\/blog\/wp-content\/uploads\/2023\/09\/iNFRA_5-e1761735885940.png","contentUrl":"https:\/\/agenciainfra.com\/blog\/wp-content\/uploads\/2023\/09\/iNFRA_5-e1761735885940.png","width":1672,"height":454,"caption":"Ag\u00eancia iNFRA"},"image":{"@id":"https:\/\/agenciainfra.com\/blog\/#\/schema\/logo\/image\/"},"sameAs":["https:\/\/www.facebook.com\/ageninfra","https:\/\/x.com\/agencia_infra","https:\/\/www.linkedin.com\/company\/ag\u00eanciainfra\/","https:\/\/www.instagram.com\/agenciainfra\/"]},{"@type":"Person","@id":"https:\/\/agenciainfra.com\/blog\/#\/schema\/person\/34af08dff6adea4cb22b06612ba7acfa","name":"Ag\u00eancia iNFRA","image":{"@type":"ImageObject","inLanguage":"pt-BR","@id":"https:\/\/agenciainfra.com\/blog\/#\/schema\/person\/image\/","url":"https:\/\/secure.gravatar.com\/avatar\/d189e01678f06d8eb84d4e01f08eb848b3fffe3f8443818d3c356c66892f5be8?s=96&d=mm&r=g","contentUrl":"https:\/\/secure.gravatar.com\/avatar\/d189e01678f06d8eb84d4e01f08eb848b3fffe3f8443818d3c356c66892f5be8?s=96&d=mm&r=g","caption":"Ag\u00eancia iNFRA"},"url":"https:\/\/agenciainfra.com\/blog\/author\/admin\/"}]}},"_links":{"self":[{"href":"https:\/\/agenciainfra.com\/blog\/wp-json\/wp\/v2\/posts\/20402","targetHints":{"allow":["GET"]}}],"collection":[{"href":"https:\/\/agenciainfra.com\/blog\/wp-json\/wp\/v2\/posts"}],"about":[{"href":"https:\/\/agenciainfra.com\/blog\/wp-json\/wp\/v2\/types\/post"}],"author":[{"embeddable":true,"href":"https:\/\/agenciainfra.com\/blog\/wp-json\/wp\/v2\/users\/1"}],"replies":[{"embeddable":true,"href":"https:\/\/agenciainfra.com\/blog\/wp-json\/wp\/v2\/comments?post=20402"}],"version-history":[{"count":1,"href":"https:\/\/agenciainfra.com\/blog\/wp-json\/wp\/v2\/posts\/20402\/revisions"}],"predecessor-version":[{"id":20404,"href":"https:\/\/agenciainfra.com\/blog\/wp-json\/wp\/v2\/posts\/20402\/revisions\/20404"}],"wp:featuredmedia":[{"embeddable":true,"href":"https:\/\/agenciainfra.com\/blog\/wp-json\/wp\/v2\/media\/2508"}],"wp:attachment":[{"href":"https:\/\/agenciainfra.com\/blog\/wp-json\/wp\/v2\/media?parent=20402"}],"wp:term":[{"taxonomy":"category","embeddable":true,"href":"https:\/\/agenciainfra.com\/blog\/wp-json\/wp\/v2\/categories?post=20402"},{"taxonomy":"post_tag","embeddable":true,"href":"https:\/\/agenciainfra.com\/blog\/wp-json\/wp\/v2\/tags?post=20402"}],"curies":[{"name":"wp","href":"https:\/\/api.w.org\/{rel}","templated":true}]}}