{"id":20405,"date":"2025-02-26T08:00:00","date_gmt":"2025-02-26T11:00:00","guid":{"rendered":"https:\/\/agenciainfra.com\/blog\/?p=20405"},"modified":"2025-02-26T06:28:38","modified_gmt":"2025-02-26T09:28:38","slug":"leilao-de-capacidade-ja-tem-mais-de-70-gw-em-projetos-cadastrados-diz-ministro","status":"publish","type":"post","link":"https:\/\/agenciainfra.com\/blog\/leilao-de-capacidade-ja-tem-mais-de-70-gw-em-projetos-cadastrados-diz-ministro\/","title":{"rendered":"Leil\u00e3o de capacidade j\u00e1 tem mais de 70 GW em projetos cadastrados, diz ministro"},"content":{"rendered":"\n<p class=\"has-text-align-right\"><strong>Marisa Wanzeller e Geraldo Campos Jr., da Ag\u00eancia iNFRA<\/strong><\/p>\n\n\n\n<p>O ministro de Minas e Energia, Alexandre Silveira, disse nesta ter\u00e7a-feira (25) que o LRCAP (Leil\u00e3o de Reserva de Capacidade na forma de Pot\u00eancia) de 2025 j\u00e1 conta com 327 projetos cadastrados, que somam mais de 70 GW (gigawatts). Segundo ele, \u00e9 esperado que cerca de 50% desses projetos se viabilizem para participar do certame previsto para ocorrer em 27 de junho, ap\u00f3s a etapa de comprova\u00e7\u00e3o da garantia de suprimento.<\/p>\n\n\n\n<p>A ANEEL (Ag\u00eancia Nacional de Energia El\u00e9trica) aprovou ainda nesta ter\u00e7a-feira&nbsp;o <a href=\"https:\/\/mcusercontent.com\/d460dd1bcf9ba0ae040e1fc0f\/files\/b1d80d8b-d69e-8cef-b668-199fd07caa08\/voto_item_1_1_.pdf\" target=\"_blank\" rel=\"noreferrer noopener\">voto<\/a> do diretor Ricardo Tili pela abertura de CP (Consulta P\u00fablica) para tratar do edital do leil\u00e3o. A CP ocorrer\u00e1 entre 27 de fevereiro e 14 de abril.<\/p>\n\n\n\n<p>Ainda para este ano est\u00e3o marcados mais dois leil\u00f5es de energia: um de gera\u00e7\u00e3o exclusivo para PCHs (Pequenas Centrais Hidrel\u00e9tricas), que deve ocorrer em 22 de agosto; e outro de armazenamento exclusivo para baterias, previsto para junho.<\/p>\n\n\n\n<p><strong>Biocombust\u00edveis&nbsp;<\/strong><br>Silveira tamb\u00e9m destacou que o minist\u00e9rio analisa a possibilidade de realizar um \u201cleil\u00e3o de transi\u00e7\u00e3o energ\u00e9tica\u201d para contratar t\u00e9rmicas a biocombust\u00edveis. \u201cA ideia a princ\u00edpio era fazer um leil\u00e3o separado, essa ideia n\u00e3o est\u00e1 descartada. Depende da nossa demanda\u201d, afirmou o ministro durante o evento BTG Pactual CEO Conference, em S\u00e3o Paulo.<\/p>\n\n\n\n<p>A <a href=\"https:\/\/www.in.gov.br\/en\/web\/dou\/-\/portaria-normativa-mme-n-100-de-7-de-fevereiro-de-2025-611602206\" target=\"_blank\" rel=\"noreferrer noopener\">Portaria 100<\/a> do MME (Minist\u00e9rio de Minas e Energia), publicada em 10 de fevereiro, com a sistem\u00e1tica do LRCAP, prev\u00ea a contrata\u00e7\u00e3o de t\u00e9rmicas a biocombust\u00edveis no certame. No entanto, o setor de biocombust\u00edveis alega que o governo reduziu o CVU (Custo Vari\u00e1vel Unit\u00e1rio) dos empreendimentos a serem contratados de forma a impedir a participa\u00e7\u00e3o de t\u00e9rmicas abastecidas por tais fontes, visto que s\u00e3o mais caras que aquelas abastecidas a g\u00e1s natural.&nbsp;<\/p>\n\n\n\n<p>\u201cA atualiza\u00e7\u00e3o modificou o CVU em um n\u00edvel que nenhum empreendimento de biocombust\u00edvel consegue participar mais, porque nenhum consegue alcan\u00e7ar aquele pre\u00e7o do CVU. Ele veio na teoria, mas na pr\u00e1tica as regras n\u00e3o permitem a participa\u00e7\u00e3o dos biocombust\u00edveis\u201d, disse uma fonte a par do tema.&nbsp;<\/p>\n\n\n\n<p>A portaria diz que n\u00e3o ser\u00e3o habilitados tecnicamente pela EPE (Empresa de Pesquisa Energ\u00e9tica) para participa\u00e7\u00e3o do certame \u201cempreendimentos termel\u00e9tricos cujo CVU seja superior ao maior CVU a g\u00e1s natural constante no Programa Mensal de Opera\u00e7\u00e3o &#8211; PMO do m\u00eas de publica\u00e7\u00e3o desta Portaria Normativa, exclu\u00eddos os CVU de usinas termel\u00e9tricas com disponibilidade igual a zero&#8221;.&nbsp;<\/p>\n\n\n\n<p><strong>Reforma do setor<\/strong><br>O ministro voltou a dizer que enviar\u00e1 ao Congresso Nacional uma proposta de reforma do setor el\u00e9trico, mas n\u00e3o informou prazo ou se ser\u00e1 via medida provis\u00f3ria ou projeto de lei.&nbsp;<\/p>\n\n\n\n<p>Alexandre Silveira ainda criticou o que chamou de \u201ccoopta\u00e7\u00e3o das pol\u00edticas p\u00fablicas do setor energ\u00e9tico pelo Congresso Nacional\u201d: \u201cEu tenho a maior rever\u00eancia ao Congresso Nacional&nbsp;(&#8230;), mas o setor el\u00e9trico precisa respeitar minimamente o planejamento&#8221;, afirmou.&nbsp;<\/p>\n\n\n\n<p>\u201cEu fico muitas vezes me questionando, com todo respeito ao Congresso Nacional, mas se colocar pre\u00e7o para a contrata\u00e7\u00e3o de uma energia por lei\u2026 ouvindo quem? Eu s\u00f3 posso entender que quem pode dar o pre\u00e7o de uma contrata\u00e7\u00e3o de energia, ou do piso ou do teto, pra que eu fa\u00e7a um leil\u00e3o ou fa\u00e7a uma contrata\u00e7\u00e3o, \u00e9 um \u00f3rg\u00e3o t\u00e9cnico. N\u00e3o vai ser eu, por um crit\u00e9rio pol\u00edtico ou por uma decis\u00e3o pessoal, que vou dizer que pre\u00e7o que eu vou colocar de teto ou de piso num leil\u00e3o de capacidade ou num leil\u00e3o de energia&#8221;, ponderou o ministro.<\/p>\n","protected":false},"excerpt":{"rendered":"<p>Marisa Wanzeller e Geraldo Campos Jr., da Ag\u00eancia iNFRA O ministro de Minas e Energia, Alexandre Silveira, disse nesta ter\u00e7a-feira (25) que o LRCAP (Leil\u00e3o de Reserva de Capacidade na forma de Pot\u00eancia) de 2025 j\u00e1 conta com 327 projetos cadastrados, que somam mais de 70 GW (gigawatts). Segundo ele, \u00e9 esperado que cerca de [&hellip;]<\/p>\n","protected":false},"author":1,"featured_media":10230,"comment_status":"closed","ping_status":"closed","sticky":false,"template":"","format":"standard","meta":{"_monsterinsights_skip_tracking":false,"_monsterinsights_sitenote_active":false,"_monsterinsights_sitenote_note":"","_monsterinsights_sitenote_category":0,"footnotes":""},"categories":[7250,1,10],"tags":[282,12222,6673,11677,11594,254,4912,12187,9822,12186,7366,216,10710,3360,12223,12670],"class_list":["post-20405","post","type-post","status-publish","format-standard","has-post-thumbnail","hentry","category-destaque-lista","category-geral","category-infraenergia","tag-energia-eletrica","tag-energia-existente","tag-energia-nova","tag-geracao-eletrica","tag-geraldo-campos-jr","tag-leilao","tag-leilao-de-energia","tag-leilao-de-potencia","tag-lrcap","tag-lrcap-2025","tag-marisa-wanzeller","tag-ons","tag-reforma-do-setor-eletrico","tag-sin","tag-sistema-eletrico-nacional","tag-termicas-a-biocombustivel"],"yoast_head":"<!-- This site is optimized with the Yoast SEO Premium plugin v25.4 (Yoast SEO v26.0) - https:\/\/yoast.com\/wordpress\/plugins\/seo\/ -->\n<title>Leil\u00e3o de capacidade j\u00e1 tem mais de 70 GW em projetos cadastrados, diz ministro - Ag\u00eancia iNFRA<\/title>\n<meta name=\"robots\" content=\"index, follow, max-snippet:-1, max-image-preview:large, max-video-preview:-1\" \/>\n<link rel=\"canonical\" href=\"https:\/\/agenciainfra.com\/blog\/leilao-de-capacidade-ja-tem-mais-de-70-gw-em-projetos-cadastrados-diz-ministro\/\" \/>\n<meta property=\"og:locale\" content=\"pt_BR\" \/>\n<meta property=\"og:type\" content=\"article\" \/>\n<meta property=\"og:title\" content=\"Leil\u00e3o de capacidade j\u00e1 tem mais de 70 GW em projetos cadastrados, diz ministro\" \/>\n<meta property=\"og:description\" content=\"Marisa Wanzeller e Geraldo Campos Jr., da Ag\u00eancia iNFRA O ministro de Minas e Energia, Alexandre Silveira, disse nesta ter\u00e7a-feira (25) que o LRCAP (Leil\u00e3o de Reserva de Capacidade na forma de Pot\u00eancia) de 2025 j\u00e1 conta com 327 projetos cadastrados, que somam mais de 70 GW (gigawatts). Segundo ele, \u00e9 esperado que cerca de [&hellip;]\" \/>\n<meta property=\"og:url\" content=\"https:\/\/agenciainfra.com\/blog\/leilao-de-capacidade-ja-tem-mais-de-70-gw-em-projetos-cadastrados-diz-ministro\/\" \/>\n<meta property=\"og:site_name\" content=\"Ag\u00eancia iNFRA\" \/>\n<meta property=\"article:publisher\" content=\"https:\/\/www.facebook.com\/ageninfra\" \/>\n<meta property=\"article:published_time\" content=\"2025-02-26T11:00:00+00:00\" \/>\n<meta property=\"og:image\" content=\"https:\/\/agenciainfra.com\/blog\/wp-content\/uploads\/2022\/05\/energia-eletrica-lampada-foto-dominio-publico.jpg\" \/>\n\t<meta property=\"og:image:width\" content=\"1920\" \/>\n\t<meta property=\"og:image:height\" content=\"1084\" \/>\n\t<meta property=\"og:image:type\" content=\"image\/jpeg\" \/>\n<meta name=\"author\" content=\"Ag\u00eancia iNFRA\" \/>\n<meta name=\"twitter:card\" content=\"summary_large_image\" \/>\n<meta name=\"twitter:creator\" content=\"@agencia_infra\" \/>\n<meta name=\"twitter:site\" content=\"@agencia_infra\" \/>\n<meta name=\"twitter:label1\" content=\"Escrito por\" \/>\n\t<meta name=\"twitter:data1\" content=\"Ag\u00eancia iNFRA\" \/>\n\t<meta name=\"twitter:label2\" content=\"Est. tempo de leitura\" \/>\n\t<meta name=\"twitter:data2\" content=\"3 minutos\" \/>\n<script type=\"application\/ld+json\" class=\"yoast-schema-graph\">{\"@context\":\"https:\/\/schema.org\",\"@graph\":[{\"@type\":\"Article\",\"@id\":\"https:\/\/agenciainfra.com\/blog\/leilao-de-capacidade-ja-tem-mais-de-70-gw-em-projetos-cadastrados-diz-ministro\/#article\",\"isPartOf\":{\"@id\":\"https:\/\/agenciainfra.com\/blog\/leilao-de-capacidade-ja-tem-mais-de-70-gw-em-projetos-cadastrados-diz-ministro\/\"},\"author\":{\"name\":\"Ag\u00eancia iNFRA\",\"@id\":\"https:\/\/agenciainfra.com\/blog\/#\/schema\/person\/34af08dff6adea4cb22b06612ba7acfa\"},\"headline\":\"Leil\u00e3o de capacidade j\u00e1 tem mais de 70 GW em projetos cadastrados, diz ministro\",\"datePublished\":\"2025-02-26T11:00:00+00:00\",\"mainEntityOfPage\":{\"@id\":\"https:\/\/agenciainfra.com\/blog\/leilao-de-capacidade-ja-tem-mais-de-70-gw-em-projetos-cadastrados-diz-ministro\/\"},\"wordCount\":649,\"publisher\":{\"@id\":\"https:\/\/agenciainfra.com\/blog\/#organization\"},\"image\":{\"@id\":\"https:\/\/agenciainfra.com\/blog\/leilao-de-capacidade-ja-tem-mais-de-70-gw-em-projetos-cadastrados-diz-ministro\/#primaryimage\"},\"thumbnailUrl\":\"https:\/\/agenciainfra.com\/blog\/wp-content\/uploads\/2022\/05\/energia-eletrica-lampada-foto-dominio-publico.jpg\",\"keywords\":[\"energia el\u00e9trica\",\"energia existente\",\"energia nova\",\"gera\u00e7\u00e3o el\u00e9trica\",\"Geraldo Campos Jr.\",\"leil\u00e3o\",\"leil\u00e3o de energia\",\"Leil\u00e3o de pot\u00eancia\",\"LRCAP\",\"LRCAP 2025\",\"Marisa Wanzeller\",\"ONS\",\"Reforma do Setor El\u00e9trico\",\"SIN\",\"sistema el\u00e9trico nacional\",\"t\u00e9rmicas a biocombust\u00edvel\"],\"articleSection\":[\"Destaque lista\",\"Geral\",\"iNFRAEnergia\"],\"inLanguage\":\"pt-BR\",\"copyrightYear\":\"2025\",\"copyrightHolder\":{\"@id\":\"https:\/\/agenciainfra.com\/blog\/#organization\"}},{\"@type\":\"WebPage\",\"@id\":\"https:\/\/agenciainfra.com\/blog\/leilao-de-capacidade-ja-tem-mais-de-70-gw-em-projetos-cadastrados-diz-ministro\/\",\"url\":\"https:\/\/agenciainfra.com\/blog\/leilao-de-capacidade-ja-tem-mais-de-70-gw-em-projetos-cadastrados-diz-ministro\/\",\"name\":\"Leil\u00e3o de capacidade j\u00e1 tem mais de 70 GW em projetos cadastrados, diz ministro - Ag\u00eancia iNFRA\",\"isPartOf\":{\"@id\":\"https:\/\/agenciainfra.com\/blog\/#website\"},\"primaryImageOfPage\":{\"@id\":\"https:\/\/agenciainfra.com\/blog\/leilao-de-capacidade-ja-tem-mais-de-70-gw-em-projetos-cadastrados-diz-ministro\/#primaryimage\"},\"image\":{\"@id\":\"https:\/\/agenciainfra.com\/blog\/leilao-de-capacidade-ja-tem-mais-de-70-gw-em-projetos-cadastrados-diz-ministro\/#primaryimage\"},\"thumbnailUrl\":\"https:\/\/agenciainfra.com\/blog\/wp-content\/uploads\/2022\/05\/energia-eletrica-lampada-foto-dominio-publico.jpg\",\"datePublished\":\"2025-02-26T11:00:00+00:00\",\"breadcrumb\":{\"@id\":\"https:\/\/agenciainfra.com\/blog\/leilao-de-capacidade-ja-tem-mais-de-70-gw-em-projetos-cadastrados-diz-ministro\/#breadcrumb\"},\"inLanguage\":\"pt-BR\",\"potentialAction\":[{\"@type\":\"ReadAction\",\"target\":[\"https:\/\/agenciainfra.com\/blog\/leilao-de-capacidade-ja-tem-mais-de-70-gw-em-projetos-cadastrados-diz-ministro\/\"]}]},{\"@type\":\"ImageObject\",\"inLanguage\":\"pt-BR\",\"@id\":\"https:\/\/agenciainfra.com\/blog\/leilao-de-capacidade-ja-tem-mais-de-70-gw-em-projetos-cadastrados-diz-ministro\/#primaryimage\",\"url\":\"https:\/\/agenciainfra.com\/blog\/wp-content\/uploads\/2022\/05\/energia-eletrica-lampada-foto-dominio-publico.jpg\",\"contentUrl\":\"https:\/\/agenciainfra.com\/blog\/wp-content\/uploads\/2022\/05\/energia-eletrica-lampada-foto-dominio-publico.jpg\",\"width\":1920,\"height\":1084,\"caption\":\"Foto: Dom\u00ednio p\u00fablico\"},{\"@type\":\"BreadcrumbList\",\"@id\":\"https:\/\/agenciainfra.com\/blog\/leilao-de-capacidade-ja-tem-mais-de-70-gw-em-projetos-cadastrados-diz-ministro\/#breadcrumb\",\"itemListElement\":[{\"@type\":\"ListItem\",\"position\":1,\"name\":\"In\u00edcio\",\"item\":\"https:\/\/agenciainfra.com\/blog\/\"},{\"@type\":\"ListItem\",\"position\":2,\"name\":\"Leil\u00e3o de capacidade j\u00e1 tem mais de 70 GW em projetos cadastrados, diz ministro\"}]},{\"@type\":\"WebSite\",\"@id\":\"https:\/\/agenciainfra.com\/blog\/#website\",\"url\":\"https:\/\/agenciainfra.com\/blog\/\",\"name\":\"Ag\u00eancia iNFRA\",\"description\":\"Multiplataforma de informa\u00e7\u00e3o jornal\u00edstica refer\u00eancia na \u00e1rea de infraestrutura no Brasil!\",\"publisher\":{\"@id\":\"https:\/\/agenciainfra.com\/blog\/#organization\"},\"potentialAction\":[{\"@type\":\"SearchAction\",\"target\":{\"@type\":\"EntryPoint\",\"urlTemplate\":\"https:\/\/agenciainfra.com\/blog\/?s={search_term_string}\"},\"query-input\":{\"@type\":\"PropertyValueSpecification\",\"valueRequired\":true,\"valueName\":\"search_term_string\"}}],\"inLanguage\":\"pt-BR\"},{\"@type\":\"Organization\",\"@id\":\"https:\/\/agenciainfra.com\/blog\/#organization\",\"name\":\"Ag\u00eancia iNFRA\",\"url\":\"https:\/\/agenciainfra.com\/blog\/\",\"logo\":{\"@type\":\"ImageObject\",\"inLanguage\":\"pt-BR\",\"@id\":\"https:\/\/agenciainfra.com\/blog\/#\/schema\/logo\/image\/\",\"url\":\"https:\/\/agenciainfra.com\/blog\/wp-content\/uploads\/2023\/09\/iNFRA_5-e1761735885940.png\",\"contentUrl\":\"https:\/\/agenciainfra.com\/blog\/wp-content\/uploads\/2023\/09\/iNFRA_5-e1761735885940.png\",\"width\":1672,\"height\":454,\"caption\":\"Ag\u00eancia iNFRA\"},\"image\":{\"@id\":\"https:\/\/agenciainfra.com\/blog\/#\/schema\/logo\/image\/\"},\"sameAs\":[\"https:\/\/www.facebook.com\/ageninfra\",\"https:\/\/x.com\/agencia_infra\",\"https:\/\/www.linkedin.com\/company\/ag\u00eanciainfra\/\",\"https:\/\/www.instagram.com\/agenciainfra\/\"]},{\"@type\":\"Person\",\"@id\":\"https:\/\/agenciainfra.com\/blog\/#\/schema\/person\/34af08dff6adea4cb22b06612ba7acfa\",\"name\":\"Ag\u00eancia iNFRA\",\"image\":{\"@type\":\"ImageObject\",\"inLanguage\":\"pt-BR\",\"@id\":\"https:\/\/agenciainfra.com\/blog\/#\/schema\/person\/image\/\",\"url\":\"https:\/\/secure.gravatar.com\/avatar\/d189e01678f06d8eb84d4e01f08eb848b3fffe3f8443818d3c356c66892f5be8?s=96&d=mm&r=g\",\"contentUrl\":\"https:\/\/secure.gravatar.com\/avatar\/d189e01678f06d8eb84d4e01f08eb848b3fffe3f8443818d3c356c66892f5be8?s=96&d=mm&r=g\",\"caption\":\"Ag\u00eancia iNFRA\"},\"url\":\"https:\/\/agenciainfra.com\/blog\/author\/admin\/\"}]}<\/script>\n<!-- \/ Yoast SEO Premium plugin. -->","yoast_head_json":{"title":"Leil\u00e3o de capacidade j\u00e1 tem mais de 70 GW em projetos cadastrados, diz ministro - Ag\u00eancia iNFRA","robots":{"index":"index","follow":"follow","max-snippet":"max-snippet:-1","max-image-preview":"max-image-preview:large","max-video-preview":"max-video-preview:-1"},"canonical":"https:\/\/agenciainfra.com\/blog\/leilao-de-capacidade-ja-tem-mais-de-70-gw-em-projetos-cadastrados-diz-ministro\/","og_locale":"pt_BR","og_type":"article","og_title":"Leil\u00e3o de capacidade j\u00e1 tem mais de 70 GW em projetos cadastrados, diz ministro","og_description":"Marisa Wanzeller e Geraldo Campos Jr., da Ag\u00eancia iNFRA O ministro de Minas e Energia, Alexandre Silveira, disse nesta ter\u00e7a-feira (25) que o LRCAP (Leil\u00e3o de Reserva de Capacidade na forma de Pot\u00eancia) de 2025 j\u00e1 conta com 327 projetos cadastrados, que somam mais de 70 GW (gigawatts). Segundo ele, \u00e9 esperado que cerca de [&hellip;]","og_url":"https:\/\/agenciainfra.com\/blog\/leilao-de-capacidade-ja-tem-mais-de-70-gw-em-projetos-cadastrados-diz-ministro\/","og_site_name":"Ag\u00eancia iNFRA","article_publisher":"https:\/\/www.facebook.com\/ageninfra","article_published_time":"2025-02-26T11:00:00+00:00","og_image":[{"width":1920,"height":1084,"url":"https:\/\/agenciainfra.com\/blog\/wp-content\/uploads\/2022\/05\/energia-eletrica-lampada-foto-dominio-publico.jpg","type":"image\/jpeg"}],"author":"Ag\u00eancia iNFRA","twitter_card":"summary_large_image","twitter_creator":"@agencia_infra","twitter_site":"@agencia_infra","twitter_misc":{"Escrito por":"Ag\u00eancia iNFRA","Est. tempo de leitura":"3 minutos"},"schema":{"@context":"https:\/\/schema.org","@graph":[{"@type":"Article","@id":"https:\/\/agenciainfra.com\/blog\/leilao-de-capacidade-ja-tem-mais-de-70-gw-em-projetos-cadastrados-diz-ministro\/#article","isPartOf":{"@id":"https:\/\/agenciainfra.com\/blog\/leilao-de-capacidade-ja-tem-mais-de-70-gw-em-projetos-cadastrados-diz-ministro\/"},"author":{"name":"Ag\u00eancia iNFRA","@id":"https:\/\/agenciainfra.com\/blog\/#\/schema\/person\/34af08dff6adea4cb22b06612ba7acfa"},"headline":"Leil\u00e3o de capacidade j\u00e1 tem mais de 70 GW em projetos cadastrados, diz ministro","datePublished":"2025-02-26T11:00:00+00:00","mainEntityOfPage":{"@id":"https:\/\/agenciainfra.com\/blog\/leilao-de-capacidade-ja-tem-mais-de-70-gw-em-projetos-cadastrados-diz-ministro\/"},"wordCount":649,"publisher":{"@id":"https:\/\/agenciainfra.com\/blog\/#organization"},"image":{"@id":"https:\/\/agenciainfra.com\/blog\/leilao-de-capacidade-ja-tem-mais-de-70-gw-em-projetos-cadastrados-diz-ministro\/#primaryimage"},"thumbnailUrl":"https:\/\/agenciainfra.com\/blog\/wp-content\/uploads\/2022\/05\/energia-eletrica-lampada-foto-dominio-publico.jpg","keywords":["energia el\u00e9trica","energia existente","energia nova","gera\u00e7\u00e3o el\u00e9trica","Geraldo Campos Jr.","leil\u00e3o","leil\u00e3o de energia","Leil\u00e3o de pot\u00eancia","LRCAP","LRCAP 2025","Marisa Wanzeller","ONS","Reforma do Setor El\u00e9trico","SIN","sistema el\u00e9trico nacional","t\u00e9rmicas a biocombust\u00edvel"],"articleSection":["Destaque lista","Geral","iNFRAEnergia"],"inLanguage":"pt-BR","copyrightYear":"2025","copyrightHolder":{"@id":"https:\/\/agenciainfra.com\/blog\/#organization"}},{"@type":"WebPage","@id":"https:\/\/agenciainfra.com\/blog\/leilao-de-capacidade-ja-tem-mais-de-70-gw-em-projetos-cadastrados-diz-ministro\/","url":"https:\/\/agenciainfra.com\/blog\/leilao-de-capacidade-ja-tem-mais-de-70-gw-em-projetos-cadastrados-diz-ministro\/","name":"Leil\u00e3o de capacidade j\u00e1 tem mais de 70 GW em projetos cadastrados, diz ministro - Ag\u00eancia iNFRA","isPartOf":{"@id":"https:\/\/agenciainfra.com\/blog\/#website"},"primaryImageOfPage":{"@id":"https:\/\/agenciainfra.com\/blog\/leilao-de-capacidade-ja-tem-mais-de-70-gw-em-projetos-cadastrados-diz-ministro\/#primaryimage"},"image":{"@id":"https:\/\/agenciainfra.com\/blog\/leilao-de-capacidade-ja-tem-mais-de-70-gw-em-projetos-cadastrados-diz-ministro\/#primaryimage"},"thumbnailUrl":"https:\/\/agenciainfra.com\/blog\/wp-content\/uploads\/2022\/05\/energia-eletrica-lampada-foto-dominio-publico.jpg","datePublished":"2025-02-26T11:00:00+00:00","breadcrumb":{"@id":"https:\/\/agenciainfra.com\/blog\/leilao-de-capacidade-ja-tem-mais-de-70-gw-em-projetos-cadastrados-diz-ministro\/#breadcrumb"},"inLanguage":"pt-BR","potentialAction":[{"@type":"ReadAction","target":["https:\/\/agenciainfra.com\/blog\/leilao-de-capacidade-ja-tem-mais-de-70-gw-em-projetos-cadastrados-diz-ministro\/"]}]},{"@type":"ImageObject","inLanguage":"pt-BR","@id":"https:\/\/agenciainfra.com\/blog\/leilao-de-capacidade-ja-tem-mais-de-70-gw-em-projetos-cadastrados-diz-ministro\/#primaryimage","url":"https:\/\/agenciainfra.com\/blog\/wp-content\/uploads\/2022\/05\/energia-eletrica-lampada-foto-dominio-publico.jpg","contentUrl":"https:\/\/agenciainfra.com\/blog\/wp-content\/uploads\/2022\/05\/energia-eletrica-lampada-foto-dominio-publico.jpg","width":1920,"height":1084,"caption":"Foto: Dom\u00ednio p\u00fablico"},{"@type":"BreadcrumbList","@id":"https:\/\/agenciainfra.com\/blog\/leilao-de-capacidade-ja-tem-mais-de-70-gw-em-projetos-cadastrados-diz-ministro\/#breadcrumb","itemListElement":[{"@type":"ListItem","position":1,"name":"In\u00edcio","item":"https:\/\/agenciainfra.com\/blog\/"},{"@type":"ListItem","position":2,"name":"Leil\u00e3o de capacidade j\u00e1 tem mais de 70 GW em projetos cadastrados, diz ministro"}]},{"@type":"WebSite","@id":"https:\/\/agenciainfra.com\/blog\/#website","url":"https:\/\/agenciainfra.com\/blog\/","name":"Ag\u00eancia iNFRA","description":"Multiplataforma de informa\u00e7\u00e3o jornal\u00edstica refer\u00eancia na \u00e1rea de infraestrutura no Brasil!","publisher":{"@id":"https:\/\/agenciainfra.com\/blog\/#organization"},"potentialAction":[{"@type":"SearchAction","target":{"@type":"EntryPoint","urlTemplate":"https:\/\/agenciainfra.com\/blog\/?s={search_term_string}"},"query-input":{"@type":"PropertyValueSpecification","valueRequired":true,"valueName":"search_term_string"}}],"inLanguage":"pt-BR"},{"@type":"Organization","@id":"https:\/\/agenciainfra.com\/blog\/#organization","name":"Ag\u00eancia iNFRA","url":"https:\/\/agenciainfra.com\/blog\/","logo":{"@type":"ImageObject","inLanguage":"pt-BR","@id":"https:\/\/agenciainfra.com\/blog\/#\/schema\/logo\/image\/","url":"https:\/\/agenciainfra.com\/blog\/wp-content\/uploads\/2023\/09\/iNFRA_5-e1761735885940.png","contentUrl":"https:\/\/agenciainfra.com\/blog\/wp-content\/uploads\/2023\/09\/iNFRA_5-e1761735885940.png","width":1672,"height":454,"caption":"Ag\u00eancia iNFRA"},"image":{"@id":"https:\/\/agenciainfra.com\/blog\/#\/schema\/logo\/image\/"},"sameAs":["https:\/\/www.facebook.com\/ageninfra","https:\/\/x.com\/agencia_infra","https:\/\/www.linkedin.com\/company\/ag\u00eanciainfra\/","https:\/\/www.instagram.com\/agenciainfra\/"]},{"@type":"Person","@id":"https:\/\/agenciainfra.com\/blog\/#\/schema\/person\/34af08dff6adea4cb22b06612ba7acfa","name":"Ag\u00eancia iNFRA","image":{"@type":"ImageObject","inLanguage":"pt-BR","@id":"https:\/\/agenciainfra.com\/blog\/#\/schema\/person\/image\/","url":"https:\/\/secure.gravatar.com\/avatar\/d189e01678f06d8eb84d4e01f08eb848b3fffe3f8443818d3c356c66892f5be8?s=96&d=mm&r=g","contentUrl":"https:\/\/secure.gravatar.com\/avatar\/d189e01678f06d8eb84d4e01f08eb848b3fffe3f8443818d3c356c66892f5be8?s=96&d=mm&r=g","caption":"Ag\u00eancia iNFRA"},"url":"https:\/\/agenciainfra.com\/blog\/author\/admin\/"}]}},"_links":{"self":[{"href":"https:\/\/agenciainfra.com\/blog\/wp-json\/wp\/v2\/posts\/20405","targetHints":{"allow":["GET"]}}],"collection":[{"href":"https:\/\/agenciainfra.com\/blog\/wp-json\/wp\/v2\/posts"}],"about":[{"href":"https:\/\/agenciainfra.com\/blog\/wp-json\/wp\/v2\/types\/post"}],"author":[{"embeddable":true,"href":"https:\/\/agenciainfra.com\/blog\/wp-json\/wp\/v2\/users\/1"}],"replies":[{"embeddable":true,"href":"https:\/\/agenciainfra.com\/blog\/wp-json\/wp\/v2\/comments?post=20405"}],"version-history":[{"count":1,"href":"https:\/\/agenciainfra.com\/blog\/wp-json\/wp\/v2\/posts\/20405\/revisions"}],"predecessor-version":[{"id":20406,"href":"https:\/\/agenciainfra.com\/blog\/wp-json\/wp\/v2\/posts\/20405\/revisions\/20406"}],"wp:featuredmedia":[{"embeddable":true,"href":"https:\/\/agenciainfra.com\/blog\/wp-json\/wp\/v2\/media\/10230"}],"wp:attachment":[{"href":"https:\/\/agenciainfra.com\/blog\/wp-json\/wp\/v2\/media?parent=20405"}],"wp:term":[{"taxonomy":"category","embeddable":true,"href":"https:\/\/agenciainfra.com\/blog\/wp-json\/wp\/v2\/categories?post=20405"},{"taxonomy":"post_tag","embeddable":true,"href":"https:\/\/agenciainfra.com\/blog\/wp-json\/wp\/v2\/tags?post=20405"}],"curies":[{"name":"wp","href":"https:\/\/api.w.org\/{rel}","templated":true}]}}