{"id":20425,"date":"2025-02-27T09:00:00","date_gmt":"2025-02-27T12:00:00","guid":{"rendered":"https:\/\/agenciainfra.com\/blog\/?p=20425"},"modified":"2025-02-28T08:59:15","modified_gmt":"2025-02-28T11:59:15","slug":"juiza-prorroga-por-mais-60-dias-prazo-para-transferencia-da-amazonas-energia-para-a-ambar-2","status":"publish","type":"post","link":"https:\/\/agenciainfra.com\/blog\/juiza-prorroga-por-mais-60-dias-prazo-para-transferencia-da-amazonas-energia-para-a-ambar-2\/","title":{"rendered":"Ju\u00edza prorroga por mais 60 dias prazo para transfer\u00eancia da Amazonas Energia para a \u00c2mbar"},"content":{"rendered":"\n<p class=\"has-text-align-right\"><strong>Geraldo Campos Jr. e Marisa Wanzeller, da Ag\u00eancia iNFRA<\/strong><\/p>\n\n\n\n<p>A ju\u00edza Jaiza Fraxe, da 1\u00aa Vara da SJAM (Se\u00e7\u00e3o Judici\u00e1ria do Estado do Amazonas), deferiu o pedido da Amazonas Energia para prorrogar novamente o prazo para conclus\u00e3o da transfer\u00eancia de controle da distribuidora para a \u00c2mbar Energia, do Grupo J&amp;F. A distribuidora ter\u00e1 mais 60 dias a contar de 1\u00ba de mar\u00e7o, quando termina o prazo atual.&nbsp;<\/p>\n\n\n\n<p>Em <a href=\"https:\/\/mcusercontent.com\/d460dd1bcf9ba0ae040e1fc0f\/files\/0bae7e7e-3d0c-0868-c9b1-cedda6875f70\/10291986320244013200_2173814980_Decisa_o.pdf\" target=\"_blank\" rel=\"noreferrer noopener\">decis\u00e3o<\/a> proferida na \u00faltima ter\u00e7a-feira (25), a ju\u00edza entende que o prazo adicional \u00e9 necess\u00e1rio diante da \u201cessencialidade do servi\u00e7o de distribui\u00e7\u00e3o de energia el\u00e9trica e a necessidade de viabilizar a continuidade das negocia\u00e7\u00f5es para a resolu\u00e7\u00e3o definitiva do impasse\u201d.<\/p>\n\n\n\n<p>A magistrada menciona a possibilidade de \u201ccomposi\u00e7\u00e3o administrativa ou judicial sobre a quest\u00e3o\u201d ou a finaliza\u00e7\u00e3o dos procedimentos junto \u00e0 ANEEL (Ag\u00eancia Nacional de Energia El\u00e9trica) e o MME (Minist\u00e9rio de Minas e Energia) como meios de conclus\u00e3o do neg\u00f3cio.&nbsp;<\/p>\n\n\n\n<p>A Amazonas tinha solicitado a prorroga\u00e7\u00e3o por mais 60 dias ou at\u00e9 que haja um acordo administrativo ou judicial sobre o tema alegando que h\u00e1 tratativas entre os envolvidos, \u201cainda em fase inicial\u201d, e que \u201ceventual composi\u00e7\u00e3o amig\u00e1vel poder\u00e1 equacionar de forma definitiva a lide, resguardando o interesse p\u00fablico e garantindo a continuidade do servi\u00e7o de distribui\u00e7\u00e3o de energia el\u00e9trica no Estado do Amazonas\u201d, conforme narra trecho da decis\u00e3o.<\/p>\n\n\n\n<p>A data-limite inicial era at\u00e9 31 de dezembro de 2024 e j\u00e1 tinha sido prorrogada pela ju\u00edza por 60 dias.&nbsp;<\/p>\n\n\n\n<p><strong>ANEEL busca solu\u00e7\u00e3o<\/strong><br>Foi destacado pela ju\u00edza na decis\u00e3o a reuni\u00e3o administrativa extraordin\u00e1ria realizada pela diretoria da ANEEL em 7 de fevereiro, em que \u201cdeliberou-se pela busca de uma solu\u00e7\u00e3o administrativa para a transfer\u00eancia do controle acion\u00e1rio da Amazonas Energia\u201d, o que, segundo ela, \u201crefor\u00e7a a plausibilidade da continuidade das tratativas em curso\u201d.<\/p>\n\n\n\n<p>Na reuni\u00e3o citada, foi dado aval ao diretor-geral, Sandoval Feitosa, para iniciar tratativas com a AGU (Advocacia-Geral da Uni\u00e3o) visando a resolu\u00e7\u00e3o do caso. Ele afirmou \u00e0 imprensa na ocasi\u00e3o que n\u00e3o havia um acordo pronto at\u00e9 ent\u00e3o e que s\u00f3 a partir da aprova\u00e7\u00e3o desse entendimento que come\u00e7aria a ser constru\u00edda uma proposta de solu\u00e7\u00e3o.<\/p>\n\n\n\n<p>O direcionamento foi aprovado por tr\u00eas votos a um, sendo que as diretoras Agnes Costa e Ludimila Lima acompanharam o diretor-geral pela busca de uma resolu\u00e7\u00e3o. J\u00e1 o diretor Ricardo Tili registrou uma manifesta\u00e7\u00e3o contr\u00e1ria por entender que um acordo n\u00e3o deve partir da ag\u00eancia reguladora. O diretor Fernando Mosna n\u00e3o participou da reuni\u00e3o, j\u00e1 que declarou suspei\u00e7\u00e3o no caso.&nbsp;<\/p>\n\n\n\n<p>Em sua manifesta\u00e7\u00e3o, Tili mencionou \u201cinc\u00f4modo e insatisfa\u00e7\u00e3o\u201d com a convoca\u00e7\u00e3o de uma reuni\u00e3o extraordin\u00e1ria para o caso e questionou a urg\u00eancia para tratar do tema uma vez que n\u00e3o houve apresenta\u00e7\u00e3o de uma \u201cefetiva proposta de acordo\u201d, o que poderia justificar qualquer urg\u00eancia. O diretor ainda argumentou que a MP (Medida Provis\u00f3ria) 1.232\/2024, que permitia a realiza\u00e7\u00e3o da transfer\u00eancia de controle com as flexibiliza\u00e7\u00f5es, j\u00e1 caducou e n\u00e3o foi convertida em lei.<\/p>\n\n\n\n<p>J\u00e1 o diretor-geral da ANEEL justificou a busca de solu\u00e7\u00e3o pelo fato de mais de R$ 600 milh\u00f5es estarem sendo repassados \u00e0 Amazonas Energia em cumprimento a decis\u00f5es judiciais, em fun\u00e7\u00e3o de flexibiliza\u00e7\u00f5es regulat\u00f3rias, mesmo se tratando de uma empresa que \u201cn\u00e3o \u00e9 eficiente\u201d.<\/p>\n","protected":false},"excerpt":{"rendered":"<p>Geraldo Campos Jr. e Marisa Wanzeller, da Ag\u00eancia iNFRA A ju\u00edza Jaiza Fraxe, da 1\u00aa Vara da SJAM (Se\u00e7\u00e3o Judici\u00e1ria do Estado do Amazonas), deferiu o pedido da Amazonas Energia para prorrogar novamente o prazo para conclus\u00e3o da transfer\u00eancia de controle da distribuidora para a \u00c2mbar Energia, do Grupo J&amp;F. A distribuidora ter\u00e1 mais 60 [&hellip;]<\/p>\n","protected":false},"author":1,"featured_media":6714,"comment_status":"closed","ping_status":"closed","sticky":false,"template":"","format":"standard","meta":{"_monsterinsights_skip_tracking":false,"_monsterinsights_sitenote_active":false,"_monsterinsights_sitenote_note":"","_monsterinsights_sitenote_category":0,"footnotes":""},"categories":[7250,1,10],"tags":[144,5678,5481,11510,2026,7836,12200,9059,50,1229,3713,11594,12221,12220,11970,7366,3367,12192,143,1154,11971,12687,4766,11968],"class_list":["post-20425","post","type-post","status-publish","format-standard","has-post-thumbnail","hentry","category-destaque-lista","category-geral","category-infraenergia","tag-amazonas-energia","tag-ambar","tag-ambar-energia","tag-carlos-suarez","tag-cigas","tag-contratos-de-energia-de-reserva","tag-conversao-de-contratos","tag-decisao-liminar","tag-eletrobras","tag-eletronorte","tag-gas-canalizado","tag-geraldo-campos-jr","tag-jaiza-fraxe","tag-joao-batista-moreira","tag-joesley-e-wesley-batista","tag-marisa-wanzeller","tag-michel-temer","tag-ney-bello","tag-petrobras","tag-termeletricas","tag-termeletricas-do-norte","tag-transferencia-amazonas","tag-trf-1","tag-venda-da-amazonas-energia"],"yoast_head":"<!-- This site is optimized with the Yoast SEO Premium plugin v25.4 (Yoast SEO v26.0) - https:\/\/yoast.com\/wordpress\/plugins\/seo\/ -->\n<title>Ju\u00edza prorroga por mais 60 dias prazo para transfer\u00eancia da Amazonas Energia para a \u00c2mbar - Ag\u00eancia iNFRA<\/title>\n<meta name=\"robots\" content=\"index, follow, max-snippet:-1, max-image-preview:large, max-video-preview:-1\" \/>\n<link rel=\"canonical\" href=\"https:\/\/agenciainfra.com\/blog\/juiza-prorroga-por-mais-60-dias-prazo-para-transferencia-da-amazonas-energia-para-a-ambar-2\/\" \/>\n<meta property=\"og:locale\" content=\"pt_BR\" \/>\n<meta property=\"og:type\" content=\"article\" \/>\n<meta property=\"og:title\" content=\"Ju\u00edza prorroga por mais 60 dias prazo para transfer\u00eancia da Amazonas Energia para a \u00c2mbar\" \/>\n<meta property=\"og:description\" content=\"Geraldo Campos Jr. e Marisa Wanzeller, da Ag\u00eancia iNFRA A ju\u00edza Jaiza Fraxe, da 1\u00aa Vara da SJAM (Se\u00e7\u00e3o Judici\u00e1ria do Estado do Amazonas), deferiu o pedido da Amazonas Energia para prorrogar novamente o prazo para conclus\u00e3o da transfer\u00eancia de controle da distribuidora para a \u00c2mbar Energia, do Grupo J&amp;F. A distribuidora ter\u00e1 mais 60 [&hellip;]\" \/>\n<meta property=\"og:url\" content=\"https:\/\/agenciainfra.com\/blog\/juiza-prorroga-por-mais-60-dias-prazo-para-transferencia-da-amazonas-energia-para-a-ambar-2\/\" \/>\n<meta property=\"og:site_name\" content=\"Ag\u00eancia iNFRA\" \/>\n<meta property=\"article:publisher\" content=\"https:\/\/www.facebook.com\/ageninfra\" \/>\n<meta property=\"article:published_time\" content=\"2025-02-27T12:00:00+00:00\" \/>\n<meta property=\"article:modified_time\" content=\"2025-02-28T11:59:15+00:00\" \/>\n<meta property=\"og:image\" content=\"https:\/\/agenciainfra.com\/blog\/wp-content\/uploads\/2021\/01\/amazonas-energia-foto-divulgacao-redes-sociais.jpg\" \/>\n\t<meta property=\"og:image:width\" content=\"1280\" \/>\n\t<meta property=\"og:image:height\" content=\"855\" \/>\n\t<meta property=\"og:image:type\" content=\"image\/jpeg\" \/>\n<meta name=\"author\" content=\"Ag\u00eancia iNFRA\" \/>\n<meta name=\"twitter:card\" content=\"summary_large_image\" \/>\n<meta name=\"twitter:creator\" content=\"@agencia_infra\" \/>\n<meta name=\"twitter:site\" content=\"@agencia_infra\" \/>\n<meta name=\"twitter:label1\" content=\"Escrito por\" \/>\n\t<meta name=\"twitter:data1\" content=\"Ag\u00eancia iNFRA\" \/>\n\t<meta name=\"twitter:label2\" content=\"Est. tempo de leitura\" \/>\n\t<meta name=\"twitter:data2\" content=\"3 minutos\" \/>\n<script type=\"application\/ld+json\" class=\"yoast-schema-graph\">{\"@context\":\"https:\/\/schema.org\",\"@graph\":[{\"@type\":\"Article\",\"@id\":\"https:\/\/agenciainfra.com\/blog\/juiza-prorroga-por-mais-60-dias-prazo-para-transferencia-da-amazonas-energia-para-a-ambar-2\/#article\",\"isPartOf\":{\"@id\":\"https:\/\/agenciainfra.com\/blog\/juiza-prorroga-por-mais-60-dias-prazo-para-transferencia-da-amazonas-energia-para-a-ambar-2\/\"},\"author\":{\"name\":\"Ag\u00eancia iNFRA\",\"@id\":\"https:\/\/agenciainfra.com\/blog\/#\/schema\/person\/34af08dff6adea4cb22b06612ba7acfa\"},\"headline\":\"Ju\u00edza prorroga por mais 60 dias prazo para transfer\u00eancia da Amazonas Energia para a \u00c2mbar\",\"datePublished\":\"2025-02-27T12:00:00+00:00\",\"dateModified\":\"2025-02-28T11:59:15+00:00\",\"mainEntityOfPage\":{\"@id\":\"https:\/\/agenciainfra.com\/blog\/juiza-prorroga-por-mais-60-dias-prazo-para-transferencia-da-amazonas-energia-para-a-ambar-2\/\"},\"wordCount\":612,\"publisher\":{\"@id\":\"https:\/\/agenciainfra.com\/blog\/#organization\"},\"image\":{\"@id\":\"https:\/\/agenciainfra.com\/blog\/juiza-prorroga-por-mais-60-dias-prazo-para-transferencia-da-amazonas-energia-para-a-ambar-2\/#primaryimage\"},\"thumbnailUrl\":\"https:\/\/agenciainfra.com\/blog\/wp-content\/uploads\/2021\/01\/amazonas-energia-foto-divulgacao-redes-sociais.jpg\",\"keywords\":[\"Amazonas Energia\",\"\u00c2mbar\",\"\u00c2mbar Energia\",\"Carlos Suarez\",\"Cig\u00e1s\",\"Contratos de Energia de Reserva\",\"convers\u00e3o de contratos\",\"Decis\u00e3o liminar\",\"Eletrobras\",\"Eletronorte\",\"g\u00e1s canalizado\",\"Geraldo Campos Jr.\",\"Jaiza Fraxe\",\"Jo\u00e3o Batista Moreira\",\"Joesley e Wesley Batista\",\"Marisa Wanzeller\",\"Michel Temer\",\"Ney Bello\",\"Petrobras\",\"termel\u00e9tricas\",\"termel\u00e9tricas do Norte\",\"transfer\u00eancia Amazonas\",\"TRF-1\",\"Venda da Amazonas Energia\"],\"articleSection\":[\"Destaque lista\",\"Geral\",\"iNFRAEnergia\"],\"inLanguage\":\"pt-BR\",\"copyrightYear\":\"2025\",\"copyrightHolder\":{\"@id\":\"https:\/\/agenciainfra.com\/blog\/#organization\"}},{\"@type\":\"WebPage\",\"@id\":\"https:\/\/agenciainfra.com\/blog\/juiza-prorroga-por-mais-60-dias-prazo-para-transferencia-da-amazonas-energia-para-a-ambar-2\/\",\"url\":\"https:\/\/agenciainfra.com\/blog\/juiza-prorroga-por-mais-60-dias-prazo-para-transferencia-da-amazonas-energia-para-a-ambar-2\/\",\"name\":\"Ju\u00edza prorroga por mais 60 dias prazo para transfer\u00eancia da Amazonas Energia para a \u00c2mbar - Ag\u00eancia iNFRA\",\"isPartOf\":{\"@id\":\"https:\/\/agenciainfra.com\/blog\/#website\"},\"primaryImageOfPage\":{\"@id\":\"https:\/\/agenciainfra.com\/blog\/juiza-prorroga-por-mais-60-dias-prazo-para-transferencia-da-amazonas-energia-para-a-ambar-2\/#primaryimage\"},\"image\":{\"@id\":\"https:\/\/agenciainfra.com\/blog\/juiza-prorroga-por-mais-60-dias-prazo-para-transferencia-da-amazonas-energia-para-a-ambar-2\/#primaryimage\"},\"thumbnailUrl\":\"https:\/\/agenciainfra.com\/blog\/wp-content\/uploads\/2021\/01\/amazonas-energia-foto-divulgacao-redes-sociais.jpg\",\"datePublished\":\"2025-02-27T12:00:00+00:00\",\"dateModified\":\"2025-02-28T11:59:15+00:00\",\"breadcrumb\":{\"@id\":\"https:\/\/agenciainfra.com\/blog\/juiza-prorroga-por-mais-60-dias-prazo-para-transferencia-da-amazonas-energia-para-a-ambar-2\/#breadcrumb\"},\"inLanguage\":\"pt-BR\",\"potentialAction\":[{\"@type\":\"ReadAction\",\"target\":[\"https:\/\/agenciainfra.com\/blog\/juiza-prorroga-por-mais-60-dias-prazo-para-transferencia-da-amazonas-energia-para-a-ambar-2\/\"]}]},{\"@type\":\"ImageObject\",\"inLanguage\":\"pt-BR\",\"@id\":\"https:\/\/agenciainfra.com\/blog\/juiza-prorroga-por-mais-60-dias-prazo-para-transferencia-da-amazonas-energia-para-a-ambar-2\/#primaryimage\",\"url\":\"https:\/\/agenciainfra.com\/blog\/wp-content\/uploads\/2021\/01\/amazonas-energia-foto-divulgacao-redes-sociais.jpg\",\"contentUrl\":\"https:\/\/agenciainfra.com\/blog\/wp-content\/uploads\/2021\/01\/amazonas-energia-foto-divulgacao-redes-sociais.jpg\",\"width\":1280,\"height\":855,\"caption\":\"Foto: Divulga\u00e7\u00e3o\/Amazonas Energia\"},{\"@type\":\"BreadcrumbList\",\"@id\":\"https:\/\/agenciainfra.com\/blog\/juiza-prorroga-por-mais-60-dias-prazo-para-transferencia-da-amazonas-energia-para-a-ambar-2\/#breadcrumb\",\"itemListElement\":[{\"@type\":\"ListItem\",\"position\":1,\"name\":\"In\u00edcio\",\"item\":\"https:\/\/agenciainfra.com\/blog\/\"},{\"@type\":\"ListItem\",\"position\":2,\"name\":\"Ju\u00edza prorroga por mais 60 dias prazo para transfer\u00eancia da Amazonas Energia para a \u00c2mbar\"}]},{\"@type\":\"WebSite\",\"@id\":\"https:\/\/agenciainfra.com\/blog\/#website\",\"url\":\"https:\/\/agenciainfra.com\/blog\/\",\"name\":\"Ag\u00eancia iNFRA\",\"description\":\"Multiplataforma de informa\u00e7\u00e3o jornal\u00edstica refer\u00eancia na \u00e1rea de infraestrutura no Brasil!\",\"publisher\":{\"@id\":\"https:\/\/agenciainfra.com\/blog\/#organization\"},\"potentialAction\":[{\"@type\":\"SearchAction\",\"target\":{\"@type\":\"EntryPoint\",\"urlTemplate\":\"https:\/\/agenciainfra.com\/blog\/?s={search_term_string}\"},\"query-input\":{\"@type\":\"PropertyValueSpecification\",\"valueRequired\":true,\"valueName\":\"search_term_string\"}}],\"inLanguage\":\"pt-BR\"},{\"@type\":\"Organization\",\"@id\":\"https:\/\/agenciainfra.com\/blog\/#organization\",\"name\":\"Ag\u00eancia iNFRA\",\"url\":\"https:\/\/agenciainfra.com\/blog\/\",\"logo\":{\"@type\":\"ImageObject\",\"inLanguage\":\"pt-BR\",\"@id\":\"https:\/\/agenciainfra.com\/blog\/#\/schema\/logo\/image\/\",\"url\":\"https:\/\/agenciainfra.com\/blog\/wp-content\/uploads\/2023\/09\/iNFRA_5-e1761735885940.png\",\"contentUrl\":\"https:\/\/agenciainfra.com\/blog\/wp-content\/uploads\/2023\/09\/iNFRA_5-e1761735885940.png\",\"width\":1672,\"height\":454,\"caption\":\"Ag\u00eancia iNFRA\"},\"image\":{\"@id\":\"https:\/\/agenciainfra.com\/blog\/#\/schema\/logo\/image\/\"},\"sameAs\":[\"https:\/\/www.facebook.com\/ageninfra\",\"https:\/\/x.com\/agencia_infra\",\"https:\/\/www.linkedin.com\/company\/ag\u00eanciainfra\/\",\"https:\/\/www.instagram.com\/agenciainfra\/\"]},{\"@type\":\"Person\",\"@id\":\"https:\/\/agenciainfra.com\/blog\/#\/schema\/person\/34af08dff6adea4cb22b06612ba7acfa\",\"name\":\"Ag\u00eancia iNFRA\",\"image\":{\"@type\":\"ImageObject\",\"inLanguage\":\"pt-BR\",\"@id\":\"https:\/\/agenciainfra.com\/blog\/#\/schema\/person\/image\/\",\"url\":\"https:\/\/secure.gravatar.com\/avatar\/d189e01678f06d8eb84d4e01f08eb848b3fffe3f8443818d3c356c66892f5be8?s=96&d=mm&r=g\",\"contentUrl\":\"https:\/\/secure.gravatar.com\/avatar\/d189e01678f06d8eb84d4e01f08eb848b3fffe3f8443818d3c356c66892f5be8?s=96&d=mm&r=g\",\"caption\":\"Ag\u00eancia iNFRA\"},\"url\":\"https:\/\/agenciainfra.com\/blog\/author\/admin\/\"}]}<\/script>\n<!-- \/ Yoast SEO Premium plugin. -->","yoast_head_json":{"title":"Ju\u00edza prorroga por mais 60 dias prazo para transfer\u00eancia da Amazonas Energia para a \u00c2mbar - Ag\u00eancia iNFRA","robots":{"index":"index","follow":"follow","max-snippet":"max-snippet:-1","max-image-preview":"max-image-preview:large","max-video-preview":"max-video-preview:-1"},"canonical":"https:\/\/agenciainfra.com\/blog\/juiza-prorroga-por-mais-60-dias-prazo-para-transferencia-da-amazonas-energia-para-a-ambar-2\/","og_locale":"pt_BR","og_type":"article","og_title":"Ju\u00edza prorroga por mais 60 dias prazo para transfer\u00eancia da Amazonas Energia para a \u00c2mbar","og_description":"Geraldo Campos Jr. e Marisa Wanzeller, da Ag\u00eancia iNFRA A ju\u00edza Jaiza Fraxe, da 1\u00aa Vara da SJAM (Se\u00e7\u00e3o Judici\u00e1ria do Estado do Amazonas), deferiu o pedido da Amazonas Energia para prorrogar novamente o prazo para conclus\u00e3o da transfer\u00eancia de controle da distribuidora para a \u00c2mbar Energia, do Grupo J&amp;F. A distribuidora ter\u00e1 mais 60 [&hellip;]","og_url":"https:\/\/agenciainfra.com\/blog\/juiza-prorroga-por-mais-60-dias-prazo-para-transferencia-da-amazonas-energia-para-a-ambar-2\/","og_site_name":"Ag\u00eancia iNFRA","article_publisher":"https:\/\/www.facebook.com\/ageninfra","article_published_time":"2025-02-27T12:00:00+00:00","article_modified_time":"2025-02-28T11:59:15+00:00","og_image":[{"width":1280,"height":855,"url":"https:\/\/agenciainfra.com\/blog\/wp-content\/uploads\/2021\/01\/amazonas-energia-foto-divulgacao-redes-sociais.jpg","type":"image\/jpeg"}],"author":"Ag\u00eancia iNFRA","twitter_card":"summary_large_image","twitter_creator":"@agencia_infra","twitter_site":"@agencia_infra","twitter_misc":{"Escrito por":"Ag\u00eancia iNFRA","Est. tempo de leitura":"3 minutos"},"schema":{"@context":"https:\/\/schema.org","@graph":[{"@type":"Article","@id":"https:\/\/agenciainfra.com\/blog\/juiza-prorroga-por-mais-60-dias-prazo-para-transferencia-da-amazonas-energia-para-a-ambar-2\/#article","isPartOf":{"@id":"https:\/\/agenciainfra.com\/blog\/juiza-prorroga-por-mais-60-dias-prazo-para-transferencia-da-amazonas-energia-para-a-ambar-2\/"},"author":{"name":"Ag\u00eancia iNFRA","@id":"https:\/\/agenciainfra.com\/blog\/#\/schema\/person\/34af08dff6adea4cb22b06612ba7acfa"},"headline":"Ju\u00edza prorroga por mais 60 dias prazo para transfer\u00eancia da Amazonas Energia para a \u00c2mbar","datePublished":"2025-02-27T12:00:00+00:00","dateModified":"2025-02-28T11:59:15+00:00","mainEntityOfPage":{"@id":"https:\/\/agenciainfra.com\/blog\/juiza-prorroga-por-mais-60-dias-prazo-para-transferencia-da-amazonas-energia-para-a-ambar-2\/"},"wordCount":612,"publisher":{"@id":"https:\/\/agenciainfra.com\/blog\/#organization"},"image":{"@id":"https:\/\/agenciainfra.com\/blog\/juiza-prorroga-por-mais-60-dias-prazo-para-transferencia-da-amazonas-energia-para-a-ambar-2\/#primaryimage"},"thumbnailUrl":"https:\/\/agenciainfra.com\/blog\/wp-content\/uploads\/2021\/01\/amazonas-energia-foto-divulgacao-redes-sociais.jpg","keywords":["Amazonas Energia","\u00c2mbar","\u00c2mbar Energia","Carlos Suarez","Cig\u00e1s","Contratos de Energia de Reserva","convers\u00e3o de contratos","Decis\u00e3o liminar","Eletrobras","Eletronorte","g\u00e1s canalizado","Geraldo Campos Jr.","Jaiza Fraxe","Jo\u00e3o Batista Moreira","Joesley e Wesley Batista","Marisa Wanzeller","Michel Temer","Ney Bello","Petrobras","termel\u00e9tricas","termel\u00e9tricas do Norte","transfer\u00eancia Amazonas","TRF-1","Venda da Amazonas Energia"],"articleSection":["Destaque lista","Geral","iNFRAEnergia"],"inLanguage":"pt-BR","copyrightYear":"2025","copyrightHolder":{"@id":"https:\/\/agenciainfra.com\/blog\/#organization"}},{"@type":"WebPage","@id":"https:\/\/agenciainfra.com\/blog\/juiza-prorroga-por-mais-60-dias-prazo-para-transferencia-da-amazonas-energia-para-a-ambar-2\/","url":"https:\/\/agenciainfra.com\/blog\/juiza-prorroga-por-mais-60-dias-prazo-para-transferencia-da-amazonas-energia-para-a-ambar-2\/","name":"Ju\u00edza prorroga por mais 60 dias prazo para transfer\u00eancia da Amazonas Energia para a \u00c2mbar - Ag\u00eancia iNFRA","isPartOf":{"@id":"https:\/\/agenciainfra.com\/blog\/#website"},"primaryImageOfPage":{"@id":"https:\/\/agenciainfra.com\/blog\/juiza-prorroga-por-mais-60-dias-prazo-para-transferencia-da-amazonas-energia-para-a-ambar-2\/#primaryimage"},"image":{"@id":"https:\/\/agenciainfra.com\/blog\/juiza-prorroga-por-mais-60-dias-prazo-para-transferencia-da-amazonas-energia-para-a-ambar-2\/#primaryimage"},"thumbnailUrl":"https:\/\/agenciainfra.com\/blog\/wp-content\/uploads\/2021\/01\/amazonas-energia-foto-divulgacao-redes-sociais.jpg","datePublished":"2025-02-27T12:00:00+00:00","dateModified":"2025-02-28T11:59:15+00:00","breadcrumb":{"@id":"https:\/\/agenciainfra.com\/blog\/juiza-prorroga-por-mais-60-dias-prazo-para-transferencia-da-amazonas-energia-para-a-ambar-2\/#breadcrumb"},"inLanguage":"pt-BR","potentialAction":[{"@type":"ReadAction","target":["https:\/\/agenciainfra.com\/blog\/juiza-prorroga-por-mais-60-dias-prazo-para-transferencia-da-amazonas-energia-para-a-ambar-2\/"]}]},{"@type":"ImageObject","inLanguage":"pt-BR","@id":"https:\/\/agenciainfra.com\/blog\/juiza-prorroga-por-mais-60-dias-prazo-para-transferencia-da-amazonas-energia-para-a-ambar-2\/#primaryimage","url":"https:\/\/agenciainfra.com\/blog\/wp-content\/uploads\/2021\/01\/amazonas-energia-foto-divulgacao-redes-sociais.jpg","contentUrl":"https:\/\/agenciainfra.com\/blog\/wp-content\/uploads\/2021\/01\/amazonas-energia-foto-divulgacao-redes-sociais.jpg","width":1280,"height":855,"caption":"Foto: Divulga\u00e7\u00e3o\/Amazonas Energia"},{"@type":"BreadcrumbList","@id":"https:\/\/agenciainfra.com\/blog\/juiza-prorroga-por-mais-60-dias-prazo-para-transferencia-da-amazonas-energia-para-a-ambar-2\/#breadcrumb","itemListElement":[{"@type":"ListItem","position":1,"name":"In\u00edcio","item":"https:\/\/agenciainfra.com\/blog\/"},{"@type":"ListItem","position":2,"name":"Ju\u00edza prorroga por mais 60 dias prazo para transfer\u00eancia da Amazonas Energia para a \u00c2mbar"}]},{"@type":"WebSite","@id":"https:\/\/agenciainfra.com\/blog\/#website","url":"https:\/\/agenciainfra.com\/blog\/","name":"Ag\u00eancia iNFRA","description":"Multiplataforma de informa\u00e7\u00e3o jornal\u00edstica refer\u00eancia na \u00e1rea de infraestrutura no Brasil!","publisher":{"@id":"https:\/\/agenciainfra.com\/blog\/#organization"},"potentialAction":[{"@type":"SearchAction","target":{"@type":"EntryPoint","urlTemplate":"https:\/\/agenciainfra.com\/blog\/?s={search_term_string}"},"query-input":{"@type":"PropertyValueSpecification","valueRequired":true,"valueName":"search_term_string"}}],"inLanguage":"pt-BR"},{"@type":"Organization","@id":"https:\/\/agenciainfra.com\/blog\/#organization","name":"Ag\u00eancia iNFRA","url":"https:\/\/agenciainfra.com\/blog\/","logo":{"@type":"ImageObject","inLanguage":"pt-BR","@id":"https:\/\/agenciainfra.com\/blog\/#\/schema\/logo\/image\/","url":"https:\/\/agenciainfra.com\/blog\/wp-content\/uploads\/2023\/09\/iNFRA_5-e1761735885940.png","contentUrl":"https:\/\/agenciainfra.com\/blog\/wp-content\/uploads\/2023\/09\/iNFRA_5-e1761735885940.png","width":1672,"height":454,"caption":"Ag\u00eancia iNFRA"},"image":{"@id":"https:\/\/agenciainfra.com\/blog\/#\/schema\/logo\/image\/"},"sameAs":["https:\/\/www.facebook.com\/ageninfra","https:\/\/x.com\/agencia_infra","https:\/\/www.linkedin.com\/company\/ag\u00eanciainfra\/","https:\/\/www.instagram.com\/agenciainfra\/"]},{"@type":"Person","@id":"https:\/\/agenciainfra.com\/blog\/#\/schema\/person\/34af08dff6adea4cb22b06612ba7acfa","name":"Ag\u00eancia iNFRA","image":{"@type":"ImageObject","inLanguage":"pt-BR","@id":"https:\/\/agenciainfra.com\/blog\/#\/schema\/person\/image\/","url":"https:\/\/secure.gravatar.com\/avatar\/d189e01678f06d8eb84d4e01f08eb848b3fffe3f8443818d3c356c66892f5be8?s=96&d=mm&r=g","contentUrl":"https:\/\/secure.gravatar.com\/avatar\/d189e01678f06d8eb84d4e01f08eb848b3fffe3f8443818d3c356c66892f5be8?s=96&d=mm&r=g","caption":"Ag\u00eancia iNFRA"},"url":"https:\/\/agenciainfra.com\/blog\/author\/admin\/"}]}},"_links":{"self":[{"href":"https:\/\/agenciainfra.com\/blog\/wp-json\/wp\/v2\/posts\/20425","targetHints":{"allow":["GET"]}}],"collection":[{"href":"https:\/\/agenciainfra.com\/blog\/wp-json\/wp\/v2\/posts"}],"about":[{"href":"https:\/\/agenciainfra.com\/blog\/wp-json\/wp\/v2\/types\/post"}],"author":[{"embeddable":true,"href":"https:\/\/agenciainfra.com\/blog\/wp-json\/wp\/v2\/users\/1"}],"replies":[{"embeddable":true,"href":"https:\/\/agenciainfra.com\/blog\/wp-json\/wp\/v2\/comments?post=20425"}],"version-history":[{"count":1,"href":"https:\/\/agenciainfra.com\/blog\/wp-json\/wp\/v2\/posts\/20425\/revisions"}],"predecessor-version":[{"id":20426,"href":"https:\/\/agenciainfra.com\/blog\/wp-json\/wp\/v2\/posts\/20425\/revisions\/20426"}],"wp:featuredmedia":[{"embeddable":true,"href":"https:\/\/agenciainfra.com\/blog\/wp-json\/wp\/v2\/media\/6714"}],"wp:attachment":[{"href":"https:\/\/agenciainfra.com\/blog\/wp-json\/wp\/v2\/media?parent=20425"}],"wp:term":[{"taxonomy":"category","embeddable":true,"href":"https:\/\/agenciainfra.com\/blog\/wp-json\/wp\/v2\/categories?post=20425"},{"taxonomy":"post_tag","embeddable":true,"href":"https:\/\/agenciainfra.com\/blog\/wp-json\/wp\/v2\/tags?post=20425"}],"curies":[{"name":"wp","href":"https:\/\/api.w.org\/{rel}","templated":true}]}}