{"id":20432,"date":"2025-03-06T08:00:00","date_gmt":"2025-03-06T11:00:00","guid":{"rendered":"https:\/\/agenciainfra.com\/blog\/?p=20432"},"modified":"2025-03-07T05:53:27","modified_gmt":"2025-03-07T08:53:27","slug":"antt-aprova-mudanca-na-estrutura-organizacional-com-reducao-de-cargos-na-diretoria-geral","status":"publish","type":"post","link":"https:\/\/agenciainfra.com\/blog\/antt-aprova-mudanca-na-estrutura-organizacional-com-reducao-de-cargos-na-diretoria-geral\/","title":{"rendered":"ANTT aprova mudan\u00e7a na estrutura organizacional com redu\u00e7\u00e3o de cargos na diretoria-geral"},"content":{"rendered":"\n<p class=\"has-text-align-right\"><strong>da Ag\u00eancia iNFRA<\/strong><\/p>\n\n\n\n<p>A ANTT (Ag\u00eancia Nacional de Transportes Terrestres) aprovou o processo que altera a\u00a0<a href=\"https:\/\/agenciainfra.us14.list-manage.com\/track\/click?u=d460dd1bcf9ba0ae040e1fc0f&amp;id=432dc32103&amp;e=1192c754bc\" target=\"_blank\" rel=\"noreferrer noopener\">Resolu\u00e7\u00e3o 6.062\/2025<\/a>\u00a0acerca da estrutura organizacional da autarquia. A medida foi publicada no Di\u00e1rio Oficial da Uni\u00e3o da \u00faltima quinta-feira (27) e entrou em vigor nesta quarta-feira (5).<\/p>\n\n\n\n<p>Foram reduzidos de nove para tr\u00eas a quantidade de cargos de assessor-t\u00e9cnico ou administrativo e de tr\u00eas para um de assistente t\u00e9cnico do gabinete da diretoria-geral.<\/p>\n\n\n\n<p>Segundo o relator e diretor-geral substituto da ag\u00eancia, Guilherme Sampaio, a redu\u00e7\u00e3o do quantitativo de cargos de comiss\u00e3o no gabinete da diretoria-geral visa a adequa\u00e7\u00e3o ao limite financeiro do Siorg (Sistema de Informa\u00e7\u00f5es Organizacionais do Governo Federal), vinculado ao Minist\u00e9rio da Gest\u00e3o e da Inova\u00e7\u00e3o em Servi\u00e7os P\u00fablicos.&nbsp;<\/p>\n\n\n\n<p>\u201cLembrando que a redu\u00e7\u00e3o \u00e9 justamente no gabinete de diretoria-geral para n\u00e3o impactar as nossas respectivas \u00e1reas final\u00edsticas e de assessoramento\u201d, disse Sampaio.<\/p>\n\n\n\n<p><strong>Reajustamento tarif\u00e1rio<\/strong><br>A diretoria tamb\u00e9m aprovou, em processo extrapauta, a atualiza\u00e7\u00e3o monet\u00e1ria da tarifa de leil\u00e3o em 6,7% com base no IPCA e o in\u00edcio da cobran\u00e7a de ped\u00e1gio para a concession\u00e1ria da Rodovia Belo Horizonte-Cristalina S\/A.<\/p>\n\n\n\n<p>Relator do processo, o diretor Felipe Queiroz destacou em seu voto que a Vinci Highways venceu o certame em 26 de setembro do ano passado e votou por aprovar o in\u00edcio da cobran\u00e7a da tarifa b\u00e1sica de ped\u00e1gio das pra\u00e7as P1 a P7, no trecho concedido da BR-040 entre os estados de Goi\u00e1s e Minas Gerais. A ANTT determinou que a concession\u00e1ria inicie a cobran\u00e7a da tarifa em 10 dias contados da data de expedi\u00e7\u00e3o do ato autorizativo.<\/p>\n","protected":false},"excerpt":{"rendered":"<p>da Ag\u00eancia iNFRA A ANTT (Ag\u00eancia Nacional de Transportes Terrestres) aprovou o processo que altera a\u00a0Resolu\u00e7\u00e3o 6.062\/2025\u00a0acerca da estrutura organizacional da autarquia. A medida foi publicada no Di\u00e1rio Oficial da Uni\u00e3o da \u00faltima quinta-feira (27) e entrou em vigor nesta quarta-feira (5). Foram reduzidos de nove para tr\u00eas a quantidade de cargos de assessor-t\u00e9cnico ou [&hellip;]<\/p>\n","protected":false},"author":1,"featured_media":11007,"comment_status":"closed","ping_status":"closed","sticky":false,"template":"","format":"standard","meta":{"_monsterinsights_skip_tracking":false,"_monsterinsights_sitenote_active":false,"_monsterinsights_sitenote_note":"","_monsterinsights_sitenote_category":0,"footnotes":""},"categories":[7250,1,7],"tags":[46,19,12690,12691,12689,12614,20,12692,48],"class_list":["post-20432","post","type-post","status-publish","format-standard","has-post-thumbnail","hentry","category-destaque-lista","category-geral","category-infratransporte","tag-agencias-reguladoras","tag-antt","tag-cargos-na-antt","tag-diretoria-geral-da-antt","tag-estrutura-organizacional","tag-guilherme-sampaio-antt","tag-pedagio","tag-reajuste-tarifaro","tag-regulacao"],"yoast_head":"<!-- This site is optimized with the Yoast SEO Premium plugin v25.4 (Yoast SEO v26.0) - https:\/\/yoast.com\/wordpress\/plugins\/seo\/ -->\n<title>ANTT aprova mudan\u00e7a na estrutura organizacional com redu\u00e7\u00e3o de cargos na diretoria-geral - Ag\u00eancia iNFRA<\/title>\n<meta name=\"robots\" content=\"index, follow, max-snippet:-1, max-image-preview:large, max-video-preview:-1\" \/>\n<link rel=\"canonical\" href=\"https:\/\/agenciainfra.com\/blog\/antt-aprova-mudanca-na-estrutura-organizacional-com-reducao-de-cargos-na-diretoria-geral\/\" \/>\n<meta property=\"og:locale\" content=\"pt_BR\" \/>\n<meta property=\"og:type\" content=\"article\" \/>\n<meta property=\"og:title\" content=\"ANTT aprova mudan\u00e7a na estrutura organizacional com redu\u00e7\u00e3o de cargos na diretoria-geral\" \/>\n<meta property=\"og:description\" content=\"da Ag\u00eancia iNFRA A ANTT (Ag\u00eancia Nacional de Transportes Terrestres) aprovou o processo que altera a\u00a0Resolu\u00e7\u00e3o 6.062\/2025\u00a0acerca da estrutura organizacional da autarquia. A medida foi publicada no Di\u00e1rio Oficial da Uni\u00e3o da \u00faltima quinta-feira (27) e entrou em vigor nesta quarta-feira (5). Foram reduzidos de nove para tr\u00eas a quantidade de cargos de assessor-t\u00e9cnico ou [&hellip;]\" \/>\n<meta property=\"og:url\" content=\"https:\/\/agenciainfra.com\/blog\/antt-aprova-mudanca-na-estrutura-organizacional-com-reducao-de-cargos-na-diretoria-geral\/\" \/>\n<meta property=\"og:site_name\" content=\"Ag\u00eancia iNFRA\" \/>\n<meta property=\"article:publisher\" content=\"https:\/\/www.facebook.com\/ageninfra\" \/>\n<meta property=\"article:published_time\" content=\"2025-03-06T11:00:00+00:00\" \/>\n<meta property=\"article:modified_time\" content=\"2025-03-07T08:53:27+00:00\" \/>\n<meta property=\"og:image\" content=\"https:\/\/agenciainfra.com\/blog\/wp-content\/uploads\/2022\/08\/ANTT-fachada-foto-Agencia-iNFRA.jpeg\" \/>\n\t<meta property=\"og:image:width\" content=\"1280\" \/>\n\t<meta property=\"og:image:height\" content=\"729\" \/>\n\t<meta property=\"og:image:type\" content=\"image\/jpeg\" \/>\n<meta name=\"author\" content=\"Ag\u00eancia iNFRA\" \/>\n<meta name=\"twitter:card\" content=\"summary_large_image\" \/>\n<meta name=\"twitter:creator\" content=\"@agencia_infra\" \/>\n<meta name=\"twitter:site\" content=\"@agencia_infra\" \/>\n<meta name=\"twitter:label1\" content=\"Escrito por\" \/>\n\t<meta name=\"twitter:data1\" content=\"Ag\u00eancia iNFRA\" \/>\n\t<meta name=\"twitter:label2\" content=\"Est. tempo de leitura\" \/>\n\t<meta name=\"twitter:data2\" content=\"1 minuto\" \/>\n<script type=\"application\/ld+json\" class=\"yoast-schema-graph\">{\"@context\":\"https:\/\/schema.org\",\"@graph\":[{\"@type\":\"Article\",\"@id\":\"https:\/\/agenciainfra.com\/blog\/antt-aprova-mudanca-na-estrutura-organizacional-com-reducao-de-cargos-na-diretoria-geral\/#article\",\"isPartOf\":{\"@id\":\"https:\/\/agenciainfra.com\/blog\/antt-aprova-mudanca-na-estrutura-organizacional-com-reducao-de-cargos-na-diretoria-geral\/\"},\"author\":{\"name\":\"Ag\u00eancia iNFRA\",\"@id\":\"https:\/\/agenciainfra.com\/blog\/#\/schema\/person\/34af08dff6adea4cb22b06612ba7acfa\"},\"headline\":\"ANTT aprova mudan\u00e7a na estrutura organizacional com redu\u00e7\u00e3o de cargos na diretoria-geral\",\"datePublished\":\"2025-03-06T11:00:00+00:00\",\"dateModified\":\"2025-03-07T08:53:27+00:00\",\"mainEntityOfPage\":{\"@id\":\"https:\/\/agenciainfra.com\/blog\/antt-aprova-mudanca-na-estrutura-organizacional-com-reducao-de-cargos-na-diretoria-geral\/\"},\"wordCount\":305,\"publisher\":{\"@id\":\"https:\/\/agenciainfra.com\/blog\/#organization\"},\"image\":{\"@id\":\"https:\/\/agenciainfra.com\/blog\/antt-aprova-mudanca-na-estrutura-organizacional-com-reducao-de-cargos-na-diretoria-geral\/#primaryimage\"},\"thumbnailUrl\":\"https:\/\/agenciainfra.com\/blog\/wp-content\/uploads\/2022\/08\/ANTT-fachada-foto-Agencia-iNFRA.jpeg\",\"keywords\":[\"Ag\u00eancias Reguladoras\",\"ANTT\",\"cargos na antt\",\"diretoria-geral da antt\",\"Estrutura organizacional\",\"guilherme sampaio antt\",\"Ped\u00e1gio\",\"reajuste tarif\u00e1ro\",\"Regula\u00e7\u00e3o\"],\"articleSection\":[\"Destaque lista\",\"Geral\",\"iNFRATransporte\"],\"inLanguage\":\"pt-BR\",\"copyrightYear\":\"2025\",\"copyrightHolder\":{\"@id\":\"https:\/\/agenciainfra.com\/blog\/#organization\"}},{\"@type\":\"WebPage\",\"@id\":\"https:\/\/agenciainfra.com\/blog\/antt-aprova-mudanca-na-estrutura-organizacional-com-reducao-de-cargos-na-diretoria-geral\/\",\"url\":\"https:\/\/agenciainfra.com\/blog\/antt-aprova-mudanca-na-estrutura-organizacional-com-reducao-de-cargos-na-diretoria-geral\/\",\"name\":\"ANTT aprova mudan\u00e7a na estrutura organizacional com redu\u00e7\u00e3o de cargos na diretoria-geral - Ag\u00eancia iNFRA\",\"isPartOf\":{\"@id\":\"https:\/\/agenciainfra.com\/blog\/#website\"},\"primaryImageOfPage\":{\"@id\":\"https:\/\/agenciainfra.com\/blog\/antt-aprova-mudanca-na-estrutura-organizacional-com-reducao-de-cargos-na-diretoria-geral\/#primaryimage\"},\"image\":{\"@id\":\"https:\/\/agenciainfra.com\/blog\/antt-aprova-mudanca-na-estrutura-organizacional-com-reducao-de-cargos-na-diretoria-geral\/#primaryimage\"},\"thumbnailUrl\":\"https:\/\/agenciainfra.com\/blog\/wp-content\/uploads\/2022\/08\/ANTT-fachada-foto-Agencia-iNFRA.jpeg\",\"datePublished\":\"2025-03-06T11:00:00+00:00\",\"dateModified\":\"2025-03-07T08:53:27+00:00\",\"breadcrumb\":{\"@id\":\"https:\/\/agenciainfra.com\/blog\/antt-aprova-mudanca-na-estrutura-organizacional-com-reducao-de-cargos-na-diretoria-geral\/#breadcrumb\"},\"inLanguage\":\"pt-BR\",\"potentialAction\":[{\"@type\":\"ReadAction\",\"target\":[\"https:\/\/agenciainfra.com\/blog\/antt-aprova-mudanca-na-estrutura-organizacional-com-reducao-de-cargos-na-diretoria-geral\/\"]}]},{\"@type\":\"ImageObject\",\"inLanguage\":\"pt-BR\",\"@id\":\"https:\/\/agenciainfra.com\/blog\/antt-aprova-mudanca-na-estrutura-organizacional-com-reducao-de-cargos-na-diretoria-geral\/#primaryimage\",\"url\":\"https:\/\/agenciainfra.com\/blog\/wp-content\/uploads\/2022\/08\/ANTT-fachada-foto-Agencia-iNFRA.jpeg\",\"contentUrl\":\"https:\/\/agenciainfra.com\/blog\/wp-content\/uploads\/2022\/08\/ANTT-fachada-foto-Agencia-iNFRA.jpeg\",\"width\":1280,\"height\":729,\"caption\":\"Foto: Ag\u00eancia iNFRA\"},{\"@type\":\"BreadcrumbList\",\"@id\":\"https:\/\/agenciainfra.com\/blog\/antt-aprova-mudanca-na-estrutura-organizacional-com-reducao-de-cargos-na-diretoria-geral\/#breadcrumb\",\"itemListElement\":[{\"@type\":\"ListItem\",\"position\":1,\"name\":\"In\u00edcio\",\"item\":\"https:\/\/agenciainfra.com\/blog\/\"},{\"@type\":\"ListItem\",\"position\":2,\"name\":\"ANTT aprova mudan\u00e7a na estrutura organizacional com redu\u00e7\u00e3o de cargos na diretoria-geral\"}]},{\"@type\":\"WebSite\",\"@id\":\"https:\/\/agenciainfra.com\/blog\/#website\",\"url\":\"https:\/\/agenciainfra.com\/blog\/\",\"name\":\"Ag\u00eancia iNFRA\",\"description\":\"Multiplataforma de informa\u00e7\u00e3o jornal\u00edstica refer\u00eancia na \u00e1rea de infraestrutura no Brasil!\",\"publisher\":{\"@id\":\"https:\/\/agenciainfra.com\/blog\/#organization\"},\"potentialAction\":[{\"@type\":\"SearchAction\",\"target\":{\"@type\":\"EntryPoint\",\"urlTemplate\":\"https:\/\/agenciainfra.com\/blog\/?s={search_term_string}\"},\"query-input\":{\"@type\":\"PropertyValueSpecification\",\"valueRequired\":true,\"valueName\":\"search_term_string\"}}],\"inLanguage\":\"pt-BR\"},{\"@type\":\"Organization\",\"@id\":\"https:\/\/agenciainfra.com\/blog\/#organization\",\"name\":\"Ag\u00eancia iNFRA\",\"url\":\"https:\/\/agenciainfra.com\/blog\/\",\"logo\":{\"@type\":\"ImageObject\",\"inLanguage\":\"pt-BR\",\"@id\":\"https:\/\/agenciainfra.com\/blog\/#\/schema\/logo\/image\/\",\"url\":\"https:\/\/agenciainfra.com\/blog\/wp-content\/uploads\/2023\/09\/iNFRA_5-e1761735885940.png\",\"contentUrl\":\"https:\/\/agenciainfra.com\/blog\/wp-content\/uploads\/2023\/09\/iNFRA_5-e1761735885940.png\",\"width\":1672,\"height\":454,\"caption\":\"Ag\u00eancia iNFRA\"},\"image\":{\"@id\":\"https:\/\/agenciainfra.com\/blog\/#\/schema\/logo\/image\/\"},\"sameAs\":[\"https:\/\/www.facebook.com\/ageninfra\",\"https:\/\/x.com\/agencia_infra\",\"https:\/\/www.linkedin.com\/company\/ag\u00eanciainfra\/\",\"https:\/\/www.instagram.com\/agenciainfra\/\"]},{\"@type\":\"Person\",\"@id\":\"https:\/\/agenciainfra.com\/blog\/#\/schema\/person\/34af08dff6adea4cb22b06612ba7acfa\",\"name\":\"Ag\u00eancia iNFRA\",\"image\":{\"@type\":\"ImageObject\",\"inLanguage\":\"pt-BR\",\"@id\":\"https:\/\/agenciainfra.com\/blog\/#\/schema\/person\/image\/\",\"url\":\"https:\/\/secure.gravatar.com\/avatar\/d189e01678f06d8eb84d4e01f08eb848b3fffe3f8443818d3c356c66892f5be8?s=96&d=mm&r=g\",\"contentUrl\":\"https:\/\/secure.gravatar.com\/avatar\/d189e01678f06d8eb84d4e01f08eb848b3fffe3f8443818d3c356c66892f5be8?s=96&d=mm&r=g\",\"caption\":\"Ag\u00eancia iNFRA\"},\"url\":\"https:\/\/agenciainfra.com\/blog\/author\/admin\/\"}]}<\/script>\n<!-- \/ Yoast SEO Premium plugin. -->","yoast_head_json":{"title":"ANTT aprova mudan\u00e7a na estrutura organizacional com redu\u00e7\u00e3o de cargos na diretoria-geral - Ag\u00eancia iNFRA","robots":{"index":"index","follow":"follow","max-snippet":"max-snippet:-1","max-image-preview":"max-image-preview:large","max-video-preview":"max-video-preview:-1"},"canonical":"https:\/\/agenciainfra.com\/blog\/antt-aprova-mudanca-na-estrutura-organizacional-com-reducao-de-cargos-na-diretoria-geral\/","og_locale":"pt_BR","og_type":"article","og_title":"ANTT aprova mudan\u00e7a na estrutura organizacional com redu\u00e7\u00e3o de cargos na diretoria-geral","og_description":"da Ag\u00eancia iNFRA A ANTT (Ag\u00eancia Nacional de Transportes Terrestres) aprovou o processo que altera a\u00a0Resolu\u00e7\u00e3o 6.062\/2025\u00a0acerca da estrutura organizacional da autarquia. A medida foi publicada no Di\u00e1rio Oficial da Uni\u00e3o da \u00faltima quinta-feira (27) e entrou em vigor nesta quarta-feira (5). Foram reduzidos de nove para tr\u00eas a quantidade de cargos de assessor-t\u00e9cnico ou [&hellip;]","og_url":"https:\/\/agenciainfra.com\/blog\/antt-aprova-mudanca-na-estrutura-organizacional-com-reducao-de-cargos-na-diretoria-geral\/","og_site_name":"Ag\u00eancia iNFRA","article_publisher":"https:\/\/www.facebook.com\/ageninfra","article_published_time":"2025-03-06T11:00:00+00:00","article_modified_time":"2025-03-07T08:53:27+00:00","og_image":[{"width":1280,"height":729,"url":"https:\/\/agenciainfra.com\/blog\/wp-content\/uploads\/2022\/08\/ANTT-fachada-foto-Agencia-iNFRA.jpeg","type":"image\/jpeg"}],"author":"Ag\u00eancia iNFRA","twitter_card":"summary_large_image","twitter_creator":"@agencia_infra","twitter_site":"@agencia_infra","twitter_misc":{"Escrito por":"Ag\u00eancia iNFRA","Est. tempo de leitura":"1 minuto"},"schema":{"@context":"https:\/\/schema.org","@graph":[{"@type":"Article","@id":"https:\/\/agenciainfra.com\/blog\/antt-aprova-mudanca-na-estrutura-organizacional-com-reducao-de-cargos-na-diretoria-geral\/#article","isPartOf":{"@id":"https:\/\/agenciainfra.com\/blog\/antt-aprova-mudanca-na-estrutura-organizacional-com-reducao-de-cargos-na-diretoria-geral\/"},"author":{"name":"Ag\u00eancia iNFRA","@id":"https:\/\/agenciainfra.com\/blog\/#\/schema\/person\/34af08dff6adea4cb22b06612ba7acfa"},"headline":"ANTT aprova mudan\u00e7a na estrutura organizacional com redu\u00e7\u00e3o de cargos na diretoria-geral","datePublished":"2025-03-06T11:00:00+00:00","dateModified":"2025-03-07T08:53:27+00:00","mainEntityOfPage":{"@id":"https:\/\/agenciainfra.com\/blog\/antt-aprova-mudanca-na-estrutura-organizacional-com-reducao-de-cargos-na-diretoria-geral\/"},"wordCount":305,"publisher":{"@id":"https:\/\/agenciainfra.com\/blog\/#organization"},"image":{"@id":"https:\/\/agenciainfra.com\/blog\/antt-aprova-mudanca-na-estrutura-organizacional-com-reducao-de-cargos-na-diretoria-geral\/#primaryimage"},"thumbnailUrl":"https:\/\/agenciainfra.com\/blog\/wp-content\/uploads\/2022\/08\/ANTT-fachada-foto-Agencia-iNFRA.jpeg","keywords":["Ag\u00eancias Reguladoras","ANTT","cargos na antt","diretoria-geral da antt","Estrutura organizacional","guilherme sampaio antt","Ped\u00e1gio","reajuste tarif\u00e1ro","Regula\u00e7\u00e3o"],"articleSection":["Destaque lista","Geral","iNFRATransporte"],"inLanguage":"pt-BR","copyrightYear":"2025","copyrightHolder":{"@id":"https:\/\/agenciainfra.com\/blog\/#organization"}},{"@type":"WebPage","@id":"https:\/\/agenciainfra.com\/blog\/antt-aprova-mudanca-na-estrutura-organizacional-com-reducao-de-cargos-na-diretoria-geral\/","url":"https:\/\/agenciainfra.com\/blog\/antt-aprova-mudanca-na-estrutura-organizacional-com-reducao-de-cargos-na-diretoria-geral\/","name":"ANTT aprova mudan\u00e7a na estrutura organizacional com redu\u00e7\u00e3o de cargos na diretoria-geral - Ag\u00eancia iNFRA","isPartOf":{"@id":"https:\/\/agenciainfra.com\/blog\/#website"},"primaryImageOfPage":{"@id":"https:\/\/agenciainfra.com\/blog\/antt-aprova-mudanca-na-estrutura-organizacional-com-reducao-de-cargos-na-diretoria-geral\/#primaryimage"},"image":{"@id":"https:\/\/agenciainfra.com\/blog\/antt-aprova-mudanca-na-estrutura-organizacional-com-reducao-de-cargos-na-diretoria-geral\/#primaryimage"},"thumbnailUrl":"https:\/\/agenciainfra.com\/blog\/wp-content\/uploads\/2022\/08\/ANTT-fachada-foto-Agencia-iNFRA.jpeg","datePublished":"2025-03-06T11:00:00+00:00","dateModified":"2025-03-07T08:53:27+00:00","breadcrumb":{"@id":"https:\/\/agenciainfra.com\/blog\/antt-aprova-mudanca-na-estrutura-organizacional-com-reducao-de-cargos-na-diretoria-geral\/#breadcrumb"},"inLanguage":"pt-BR","potentialAction":[{"@type":"ReadAction","target":["https:\/\/agenciainfra.com\/blog\/antt-aprova-mudanca-na-estrutura-organizacional-com-reducao-de-cargos-na-diretoria-geral\/"]}]},{"@type":"ImageObject","inLanguage":"pt-BR","@id":"https:\/\/agenciainfra.com\/blog\/antt-aprova-mudanca-na-estrutura-organizacional-com-reducao-de-cargos-na-diretoria-geral\/#primaryimage","url":"https:\/\/agenciainfra.com\/blog\/wp-content\/uploads\/2022\/08\/ANTT-fachada-foto-Agencia-iNFRA.jpeg","contentUrl":"https:\/\/agenciainfra.com\/blog\/wp-content\/uploads\/2022\/08\/ANTT-fachada-foto-Agencia-iNFRA.jpeg","width":1280,"height":729,"caption":"Foto: Ag\u00eancia iNFRA"},{"@type":"BreadcrumbList","@id":"https:\/\/agenciainfra.com\/blog\/antt-aprova-mudanca-na-estrutura-organizacional-com-reducao-de-cargos-na-diretoria-geral\/#breadcrumb","itemListElement":[{"@type":"ListItem","position":1,"name":"In\u00edcio","item":"https:\/\/agenciainfra.com\/blog\/"},{"@type":"ListItem","position":2,"name":"ANTT aprova mudan\u00e7a na estrutura organizacional com redu\u00e7\u00e3o de cargos na diretoria-geral"}]},{"@type":"WebSite","@id":"https:\/\/agenciainfra.com\/blog\/#website","url":"https:\/\/agenciainfra.com\/blog\/","name":"Ag\u00eancia iNFRA","description":"Multiplataforma de informa\u00e7\u00e3o jornal\u00edstica refer\u00eancia na \u00e1rea de infraestrutura no Brasil!","publisher":{"@id":"https:\/\/agenciainfra.com\/blog\/#organization"},"potentialAction":[{"@type":"SearchAction","target":{"@type":"EntryPoint","urlTemplate":"https:\/\/agenciainfra.com\/blog\/?s={search_term_string}"},"query-input":{"@type":"PropertyValueSpecification","valueRequired":true,"valueName":"search_term_string"}}],"inLanguage":"pt-BR"},{"@type":"Organization","@id":"https:\/\/agenciainfra.com\/blog\/#organization","name":"Ag\u00eancia iNFRA","url":"https:\/\/agenciainfra.com\/blog\/","logo":{"@type":"ImageObject","inLanguage":"pt-BR","@id":"https:\/\/agenciainfra.com\/blog\/#\/schema\/logo\/image\/","url":"https:\/\/agenciainfra.com\/blog\/wp-content\/uploads\/2023\/09\/iNFRA_5-e1761735885940.png","contentUrl":"https:\/\/agenciainfra.com\/blog\/wp-content\/uploads\/2023\/09\/iNFRA_5-e1761735885940.png","width":1672,"height":454,"caption":"Ag\u00eancia iNFRA"},"image":{"@id":"https:\/\/agenciainfra.com\/blog\/#\/schema\/logo\/image\/"},"sameAs":["https:\/\/www.facebook.com\/ageninfra","https:\/\/x.com\/agencia_infra","https:\/\/www.linkedin.com\/company\/ag\u00eanciainfra\/","https:\/\/www.instagram.com\/agenciainfra\/"]},{"@type":"Person","@id":"https:\/\/agenciainfra.com\/blog\/#\/schema\/person\/34af08dff6adea4cb22b06612ba7acfa","name":"Ag\u00eancia iNFRA","image":{"@type":"ImageObject","inLanguage":"pt-BR","@id":"https:\/\/agenciainfra.com\/blog\/#\/schema\/person\/image\/","url":"https:\/\/secure.gravatar.com\/avatar\/d189e01678f06d8eb84d4e01f08eb848b3fffe3f8443818d3c356c66892f5be8?s=96&d=mm&r=g","contentUrl":"https:\/\/secure.gravatar.com\/avatar\/d189e01678f06d8eb84d4e01f08eb848b3fffe3f8443818d3c356c66892f5be8?s=96&d=mm&r=g","caption":"Ag\u00eancia iNFRA"},"url":"https:\/\/agenciainfra.com\/blog\/author\/admin\/"}]}},"_links":{"self":[{"href":"https:\/\/agenciainfra.com\/blog\/wp-json\/wp\/v2\/posts\/20432","targetHints":{"allow":["GET"]}}],"collection":[{"href":"https:\/\/agenciainfra.com\/blog\/wp-json\/wp\/v2\/posts"}],"about":[{"href":"https:\/\/agenciainfra.com\/blog\/wp-json\/wp\/v2\/types\/post"}],"author":[{"embeddable":true,"href":"https:\/\/agenciainfra.com\/blog\/wp-json\/wp\/v2\/users\/1"}],"replies":[{"embeddable":true,"href":"https:\/\/agenciainfra.com\/blog\/wp-json\/wp\/v2\/comments?post=20432"}],"version-history":[{"count":2,"href":"https:\/\/agenciainfra.com\/blog\/wp-json\/wp\/v2\/posts\/20432\/revisions"}],"predecessor-version":[{"id":20456,"href":"https:\/\/agenciainfra.com\/blog\/wp-json\/wp\/v2\/posts\/20432\/revisions\/20456"}],"wp:featuredmedia":[{"embeddable":true,"href":"https:\/\/agenciainfra.com\/blog\/wp-json\/wp\/v2\/media\/11007"}],"wp:attachment":[{"href":"https:\/\/agenciainfra.com\/blog\/wp-json\/wp\/v2\/media?parent=20432"}],"wp:term":[{"taxonomy":"category","embeddable":true,"href":"https:\/\/agenciainfra.com\/blog\/wp-json\/wp\/v2\/categories?post=20432"},{"taxonomy":"post_tag","embeddable":true,"href":"https:\/\/agenciainfra.com\/blog\/wp-json\/wp\/v2\/tags?post=20432"}],"curies":[{"name":"wp","href":"https:\/\/api.w.org\/{rel}","templated":true}]}}