{"id":20436,"date":"2025-02-28T09:00:00","date_gmt":"2025-02-28T12:00:00","guid":{"rendered":"https:\/\/agenciainfra.com\/blog\/?p=20436"},"modified":"2025-05-07T08:24:06","modified_gmt":"2025-05-07T11:24:06","slug":"petrobras-esperar-contratar-37-gw-de-termicas-em-leilao-de-potencia","status":"publish","type":"post","link":"https:\/\/agenciainfra.com\/blog\/petrobras-esperar-contratar-37-gw-de-termicas-em-leilao-de-potencia\/","title":{"rendered":"Petrobras esperar contratar 3,7 GW de t\u00e9rmicas em leil\u00e3o de pot\u00eancia"},"content":{"rendered":"\n<p class=\"has-text-align-right\"><strong>Geraldo Campos Jr. e Marisa Wanzeller, da Ag\u00eancia iNFRA<\/strong><\/p>\n\n\n\n<p>A Petrobras conta com o LRCAP (Leil\u00e3o de Reserva de Capacidade) de 2025 para contratar 3,7 GW (gigawatts) de&nbsp;t\u00e9rmicas de sua propriedade. Desse montante, 2,9 GW referem-se a nove termel\u00e9tricas que j\u00e1 est\u00e3o com a energia sem contratos&nbsp;ou ser\u00e3o descontratadas em breve. Os outros 0,8 GW s\u00e3o de duas novas plantas planejadas para o Complexo de Energias Boaventura (antigo Comperj), em Itabora\u00ed (RJ).&nbsp;<\/p>\n\n\n\n<p>\u201cA gente espera uma demanda razo\u00e1vel [no leil\u00e3o] que justifique tanto a contrata\u00e7\u00e3o das [usinas] j\u00e1 existentes quanto das duas plantas&#8221;, disse o diretor de Transi\u00e7\u00e3o Energ\u00e9tica da Petrobras, Maur\u00edcio Tolmasquim, em entrevista \u00e0 imprensa nesta quinta-feira (27).<\/p>\n\n\n\n<p>O diretor destacou que as t\u00e9rmicas da Petrobras t\u00eam sido importantes para o atendimento da ponta. \u201cNo pico de demanda, a Petrobras tem sido uma agente muito confi\u00e1vel do sistema, o ONS [Operador Nacional do Sistema El\u00e9trico] logo aciona a Petrobras. Para isso, a gente precisa, \u00e9 claro, de receita para elas, porque sen\u00e3o fica dif\u00edcil de seguir a perman\u00eancia delas&#8221;, afirmou.<\/p>\n\n\n\n<p>O certame est\u00e1 previsto para 27 de junho e, segundo o ministro de Minas e Energia, Alexandre Silveira, j\u00e1 conta com 327 projetos cadastrados, que somam mais de 70 GW. A expectativa do mercado \u00e9 que o leil\u00e3o contrate de 10 GW a 13 GW. A minuta do edital foi colocada em <a href=\"https:\/\/antigo.aneel.gov.br\/web\/guest\/consultas-publicas?p_auth=kJ9sv5Is&amp;p_p_id=participacaopublica_WAR_participacaopublicaportlet&amp;p_p_lifecycle=1&amp;p_p_state=normal&amp;p_p_mode=view&amp;p_p_col_id=column-2&amp;p_p_col_pos=1&amp;p_p_col_count=2&amp;_participacaopublica_WAR_participacaopublicaportlet_ideParticipacaoPublica=3919&amp;_participacaopublica_WAR_participacaopublicaportlet_javax.portlet.action=visualizarParticipacaoPublica\" target=\"_blank\" rel=\"noreferrer noopener\">consulta p\u00fablica<\/a> pela ANEEL (Ag\u00eancia Nacional de Energia El\u00e9trica).<\/p>\n\n\n\n<p><strong>Preju\u00edzo<\/strong><br>A diretoria da Petrobras falou \u00e0 imprensa sobre os resultados relativos a 2024. Magda Chambriard, presidente da estatal,&nbsp;afirmou que a queda de 70,6% no lucro da companhia no exerc\u00edcio do ano passado, para R$ 36,6 bilh\u00f5es, e o preju\u00edzo de R$ 17 bilh\u00f5es no quarto trimestre foram causados por uma \u201cquest\u00e3o que n\u00e3o \u00e9 real\u201d. \u201c\u00c9 uma miragem\u201d, disse.<\/p>\n\n\n\n<p>\u201c\u00c9 uma miragem fruto de d\u00edvidas e fluxos de dinheiro da Petrobras com as suas partes relacionadas no exterior, ou seja, dentro do Sistema Petrobras, impactadas pelo c\u00e2mbio. Tivemos um resultado de -R$ 17 bilh\u00f5es ao longo do ano, quando o nosso impacto cambial foi de -R$ 59 bilh\u00f5es (-US$ 10,9 bilh\u00f5es). Ent\u00e3o a gente v\u00ea como isso afetou o lucro, mas \u00e9 um preju\u00edzo imagin\u00e1rio\u201d, afirmou.<\/p>\n\n\n\n<p>A executiva explicou que a varia\u00e7\u00e3o do d\u00f3lar tem efeito apenas cont\u00e1bil e n\u00e3o impacta o caixa da companhia, que superou os R$ 200 bilh\u00f5es em 2024. Ela disse que o d\u00f3lar fechou o ano em R$ 6,19, e que o recuo para a casa de R$ 5,80 neste in\u00edcio de ano j\u00e1 indica um lucro da ordem de R$ 11 bilh\u00f5es no primeiro bimestre, tamb\u00e9m de efeito apenas cont\u00e1bil e sem acr\u00e9scimo no caixa.<\/p>\n\n\n\n<p>Al\u00e9m desse fator considerado principal, Magda citou a desvaloriza\u00e7\u00e3o do barril tipo brent em&nbsp;11% no ano passado, sendo 7% apenas no \u00faltimo trimestre, e a queda de 39% do \u201ccrack spread\u201d do diesel (indicador de margem da refinaria). Esses dois eventos geraram um impacto no caixa de US$ 6,5 bilh\u00f5es.<\/p>\n\n\n\n<p><strong>Pol\u00edtica de pre\u00e7os<\/strong><br>A presidente da Petrobras&nbsp;negou que a pol\u00edtica de pre\u00e7os dos combust\u00edveis atual tenha provocado a queda do lucro. Segundo ela, no momento em que os pre\u00e7os do diesel se descolaram muito, houve o reajuste, no in\u00edcio deste ano, mas que tem \u201ccerteza de que o que estamos praticando gera valor para a companhia e para a sociedade\u201d.<\/p>\n\n\n\n<p>\u201cAcho que n\u00e3o (tem rela\u00e7\u00e3o). A gente observa o market share, a paridade internacional, custo de importa\u00e7\u00e3o, custo de exporta\u00e7\u00e3o, capacidade de absor\u00e7\u00e3o do produto no mercado, e tudo isso faz parte desse pre\u00e7o que a gente pratica. No ano passado seguimos nossa pol\u00edtica pari passu, essa pol\u00edtica deu resultado, os investidores est\u00e3o satisfeitos, e no Conselho de Administra\u00e7\u00e3o, que olha isso todo m\u00eas, ningu\u00e9m reclamou\u201d, disse.<\/p>\n\n\n\n<p>O diretor financeiro e de Relacionamento com Investidores, Fernando Melgarejo, destacou que \u201ca pol\u00edtica de pre\u00e7os foi integralmente cumprida, com todas as suas m\u00e9tricas e indicadores. N\u00e3o aumentou (o pre\u00e7o dos combust\u00edveis), mas a pol\u00edtica est\u00e1 sendo totalmente cumprida\u201d.<\/p>\n\n\n\n<p>Os diretores explicaram tamb\u00e9m que o valor de investimentos acima do previsto n\u00e3o se tratou de cria\u00e7\u00e3o ou de aumento de capex, e sim de antecipa\u00e7\u00e3o de recursos e projetos que s\u00f3 seriam aplicados em 2025 no campo de B\u00fazios para acelerar sua produ\u00e7\u00e3o. O campo \u00e9 o ativo mais rent\u00e1vel da Petrobras atualmente.<\/p>\n","protected":false},"excerpt":{"rendered":"<p>Geraldo Campos Jr. e Marisa Wanzeller, da Ag\u00eancia iNFRA A Petrobras conta com o LRCAP (Leil\u00e3o de Reserva de Capacidade) de 2025 para contratar 3,7 GW (gigawatts) de&nbsp;t\u00e9rmicas de sua propriedade. Desse montante, 2,9 GW referem-se a nove termel\u00e9tricas que j\u00e1 est\u00e3o com a energia sem contratos&nbsp;ou ser\u00e3o descontratadas em breve. Os outros 0,8 GW [&hellip;]<\/p>\n","protected":false},"author":1,"featured_media":7415,"comment_status":"closed","ping_status":"closed","sticky":false,"template":"","format":"standard","meta":{"_monsterinsights_skip_tracking":false,"_monsterinsights_sitenote_active":false,"_monsterinsights_sitenote_note":"","_monsterinsights_sitenote_category":0,"footnotes":""},"categories":[7250,1,10,13271],"tags":[12695,11594,12187,12186,9446,7366,5817,143,12697,3369,12698,12696,1154],"class_list":["post-20436","post","type-post","status-publish","format-standard","has-post-thumbnail","hentry","category-destaque-lista","category-geral","category-infraenergia","category-oleo-gas","tag-contratacao-de-termeletricas","tag-geraldo-campos-jr","tag-leilao-de-potencia","tag-lrcap-2025","tag-magda-chambriard","tag-marisa-wanzeller","tag-mauricio-tolmasquim","tag-petrobras","tag-petrobras-4t24","tag-politica-de-precos","tag-precos-dos-combustiveis","tag-resultados-financeiros","tag-termeletricas"],"yoast_head":"<!-- This site is optimized with the Yoast SEO Premium plugin v25.4 (Yoast SEO v26.0) - https:\/\/yoast.com\/wordpress\/plugins\/seo\/ -->\n<title>Petrobras esperar contratar 3,7 GW de t\u00e9rmicas em leil\u00e3o de pot\u00eancia - Ag\u00eancia iNFRA<\/title>\n<meta name=\"robots\" content=\"index, follow, max-snippet:-1, max-image-preview:large, max-video-preview:-1\" \/>\n<link rel=\"canonical\" href=\"https:\/\/agenciainfra.com\/blog\/petrobras-esperar-contratar-37-gw-de-termicas-em-leilao-de-potencia\/\" \/>\n<meta property=\"og:locale\" content=\"pt_BR\" \/>\n<meta property=\"og:type\" content=\"article\" \/>\n<meta property=\"og:title\" content=\"Petrobras esperar contratar 3,7 GW de t\u00e9rmicas em leil\u00e3o de pot\u00eancia\" \/>\n<meta property=\"og:description\" content=\"Geraldo Campos Jr. e Marisa Wanzeller, da Ag\u00eancia iNFRA A Petrobras conta com o LRCAP (Leil\u00e3o de Reserva de Capacidade) de 2025 para contratar 3,7 GW (gigawatts) de&nbsp;t\u00e9rmicas de sua propriedade. Desse montante, 2,9 GW referem-se a nove termel\u00e9tricas que j\u00e1 est\u00e3o com a energia sem contratos&nbsp;ou ser\u00e3o descontratadas em breve. Os outros 0,8 GW [&hellip;]\" \/>\n<meta property=\"og:url\" content=\"https:\/\/agenciainfra.com\/blog\/petrobras-esperar-contratar-37-gw-de-termicas-em-leilao-de-potencia\/\" \/>\n<meta property=\"og:site_name\" content=\"Ag\u00eancia iNFRA\" \/>\n<meta property=\"article:publisher\" content=\"https:\/\/www.facebook.com\/ageninfra\" \/>\n<meta property=\"article:published_time\" content=\"2025-02-28T12:00:00+00:00\" \/>\n<meta property=\"article:modified_time\" content=\"2025-05-07T11:24:06+00:00\" \/>\n<meta property=\"og:image\" content=\"https:\/\/agenciainfra.com\/blog\/wp-content\/uploads\/2021\/06\/petrobras-foto-petrobras.png\" \/>\n\t<meta property=\"og:image:width\" content=\"1280\" \/>\n\t<meta property=\"og:image:height\" content=\"789\" \/>\n\t<meta property=\"og:image:type\" content=\"image\/png\" \/>\n<meta name=\"author\" content=\"Ag\u00eancia iNFRA\" \/>\n<meta name=\"twitter:card\" content=\"summary_large_image\" \/>\n<meta name=\"twitter:creator\" content=\"@agencia_infra\" \/>\n<meta name=\"twitter:site\" content=\"@agencia_infra\" \/>\n<meta name=\"twitter:label1\" content=\"Escrito por\" \/>\n\t<meta name=\"twitter:data1\" content=\"Ag\u00eancia iNFRA\" \/>\n\t<meta name=\"twitter:label2\" content=\"Est. tempo de leitura\" \/>\n\t<meta name=\"twitter:data2\" content=\"4 minutos\" \/>\n<script type=\"application\/ld+json\" class=\"yoast-schema-graph\">{\"@context\":\"https:\/\/schema.org\",\"@graph\":[{\"@type\":\"Article\",\"@id\":\"https:\/\/agenciainfra.com\/blog\/petrobras-esperar-contratar-37-gw-de-termicas-em-leilao-de-potencia\/#article\",\"isPartOf\":{\"@id\":\"https:\/\/agenciainfra.com\/blog\/petrobras-esperar-contratar-37-gw-de-termicas-em-leilao-de-potencia\/\"},\"author\":{\"name\":\"Ag\u00eancia iNFRA\",\"@id\":\"https:\/\/agenciainfra.com\/blog\/#\/schema\/person\/34af08dff6adea4cb22b06612ba7acfa\"},\"headline\":\"Petrobras esperar contratar 3,7 GW de t\u00e9rmicas em leil\u00e3o de pot\u00eancia\",\"datePublished\":\"2025-02-28T12:00:00+00:00\",\"dateModified\":\"2025-05-07T11:24:06+00:00\",\"mainEntityOfPage\":{\"@id\":\"https:\/\/agenciainfra.com\/blog\/petrobras-esperar-contratar-37-gw-de-termicas-em-leilao-de-potencia\/\"},\"wordCount\":779,\"publisher\":{\"@id\":\"https:\/\/agenciainfra.com\/blog\/#organization\"},\"image\":{\"@id\":\"https:\/\/agenciainfra.com\/blog\/petrobras-esperar-contratar-37-gw-de-termicas-em-leilao-de-potencia\/#primaryimage\"},\"thumbnailUrl\":\"https:\/\/agenciainfra.com\/blog\/wp-content\/uploads\/2021\/06\/petrobras-foto-petrobras.png\",\"keywords\":[\"contrata\u00e7\u00e3o de termel\u00e9tricas\",\"Geraldo Campos Jr.\",\"Leil\u00e3o de pot\u00eancia\",\"LRCAP 2025\",\"Magda Chambriard\",\"Marisa Wanzeller\",\"Maur\u00edcio Tolmasquim\",\"Petrobras\",\"petrobras 4t24\",\"pol\u00edtica de pre\u00e7os\",\"pre\u00e7os dos combust\u00edveis\",\"resultados financeiros\",\"termel\u00e9tricas\"],\"articleSection\":[\"Destaque lista\",\"Geral\",\"iNFRAEnergia\",\"\u00d3leo &amp; G\u00e1s\"],\"inLanguage\":\"pt-BR\",\"copyrightYear\":\"2025\",\"copyrightHolder\":{\"@id\":\"https:\/\/agenciainfra.com\/blog\/#organization\"}},{\"@type\":\"WebPage\",\"@id\":\"https:\/\/agenciainfra.com\/blog\/petrobras-esperar-contratar-37-gw-de-termicas-em-leilao-de-potencia\/\",\"url\":\"https:\/\/agenciainfra.com\/blog\/petrobras-esperar-contratar-37-gw-de-termicas-em-leilao-de-potencia\/\",\"name\":\"Petrobras esperar contratar 3,7 GW de t\u00e9rmicas em leil\u00e3o de pot\u00eancia - Ag\u00eancia iNFRA\",\"isPartOf\":{\"@id\":\"https:\/\/agenciainfra.com\/blog\/#website\"},\"primaryImageOfPage\":{\"@id\":\"https:\/\/agenciainfra.com\/blog\/petrobras-esperar-contratar-37-gw-de-termicas-em-leilao-de-potencia\/#primaryimage\"},\"image\":{\"@id\":\"https:\/\/agenciainfra.com\/blog\/petrobras-esperar-contratar-37-gw-de-termicas-em-leilao-de-potencia\/#primaryimage\"},\"thumbnailUrl\":\"https:\/\/agenciainfra.com\/blog\/wp-content\/uploads\/2021\/06\/petrobras-foto-petrobras.png\",\"datePublished\":\"2025-02-28T12:00:00+00:00\",\"dateModified\":\"2025-05-07T11:24:06+00:00\",\"breadcrumb\":{\"@id\":\"https:\/\/agenciainfra.com\/blog\/petrobras-esperar-contratar-37-gw-de-termicas-em-leilao-de-potencia\/#breadcrumb\"},\"inLanguage\":\"pt-BR\",\"potentialAction\":[{\"@type\":\"ReadAction\",\"target\":[\"https:\/\/agenciainfra.com\/blog\/petrobras-esperar-contratar-37-gw-de-termicas-em-leilao-de-potencia\/\"]}]},{\"@type\":\"ImageObject\",\"inLanguage\":\"pt-BR\",\"@id\":\"https:\/\/agenciainfra.com\/blog\/petrobras-esperar-contratar-37-gw-de-termicas-em-leilao-de-potencia\/#primaryimage\",\"url\":\"https:\/\/agenciainfra.com\/blog\/wp-content\/uploads\/2021\/06\/petrobras-foto-petrobras.png\",\"contentUrl\":\"https:\/\/agenciainfra.com\/blog\/wp-content\/uploads\/2021\/06\/petrobras-foto-petrobras.png\",\"width\":1280,\"height\":789,\"caption\":\"Foto: Petrobras\/Divulga\u00e7\u00e3o\"},{\"@type\":\"BreadcrumbList\",\"@id\":\"https:\/\/agenciainfra.com\/blog\/petrobras-esperar-contratar-37-gw-de-termicas-em-leilao-de-potencia\/#breadcrumb\",\"itemListElement\":[{\"@type\":\"ListItem\",\"position\":1,\"name\":\"In\u00edcio\",\"item\":\"https:\/\/agenciainfra.com\/blog\/\"},{\"@type\":\"ListItem\",\"position\":2,\"name\":\"Petrobras esperar contratar 3,7 GW de t\u00e9rmicas em leil\u00e3o de pot\u00eancia\"}]},{\"@type\":\"WebSite\",\"@id\":\"https:\/\/agenciainfra.com\/blog\/#website\",\"url\":\"https:\/\/agenciainfra.com\/blog\/\",\"name\":\"Ag\u00eancia iNFRA\",\"description\":\"Multiplataforma de informa\u00e7\u00e3o jornal\u00edstica refer\u00eancia na \u00e1rea de infraestrutura no Brasil!\",\"publisher\":{\"@id\":\"https:\/\/agenciainfra.com\/blog\/#organization\"},\"potentialAction\":[{\"@type\":\"SearchAction\",\"target\":{\"@type\":\"EntryPoint\",\"urlTemplate\":\"https:\/\/agenciainfra.com\/blog\/?s={search_term_string}\"},\"query-input\":{\"@type\":\"PropertyValueSpecification\",\"valueRequired\":true,\"valueName\":\"search_term_string\"}}],\"inLanguage\":\"pt-BR\"},{\"@type\":\"Organization\",\"@id\":\"https:\/\/agenciainfra.com\/blog\/#organization\",\"name\":\"Ag\u00eancia iNFRA\",\"url\":\"https:\/\/agenciainfra.com\/blog\/\",\"logo\":{\"@type\":\"ImageObject\",\"inLanguage\":\"pt-BR\",\"@id\":\"https:\/\/agenciainfra.com\/blog\/#\/schema\/logo\/image\/\",\"url\":\"https:\/\/agenciainfra.com\/blog\/wp-content\/uploads\/2023\/09\/iNFRA_5-e1761735885940.png\",\"contentUrl\":\"https:\/\/agenciainfra.com\/blog\/wp-content\/uploads\/2023\/09\/iNFRA_5-e1761735885940.png\",\"width\":1672,\"height\":454,\"caption\":\"Ag\u00eancia iNFRA\"},\"image\":{\"@id\":\"https:\/\/agenciainfra.com\/blog\/#\/schema\/logo\/image\/\"},\"sameAs\":[\"https:\/\/www.facebook.com\/ageninfra\",\"https:\/\/x.com\/agencia_infra\",\"https:\/\/www.linkedin.com\/company\/ag\u00eanciainfra\/\",\"https:\/\/www.instagram.com\/agenciainfra\/\"]},{\"@type\":\"Person\",\"@id\":\"https:\/\/agenciainfra.com\/blog\/#\/schema\/person\/34af08dff6adea4cb22b06612ba7acfa\",\"name\":\"Ag\u00eancia iNFRA\",\"image\":{\"@type\":\"ImageObject\",\"inLanguage\":\"pt-BR\",\"@id\":\"https:\/\/agenciainfra.com\/blog\/#\/schema\/person\/image\/\",\"url\":\"https:\/\/secure.gravatar.com\/avatar\/d189e01678f06d8eb84d4e01f08eb848b3fffe3f8443818d3c356c66892f5be8?s=96&d=mm&r=g\",\"contentUrl\":\"https:\/\/secure.gravatar.com\/avatar\/d189e01678f06d8eb84d4e01f08eb848b3fffe3f8443818d3c356c66892f5be8?s=96&d=mm&r=g\",\"caption\":\"Ag\u00eancia iNFRA\"},\"url\":\"https:\/\/agenciainfra.com\/blog\/author\/admin\/\"}]}<\/script>\n<!-- \/ Yoast SEO Premium plugin. -->","yoast_head_json":{"title":"Petrobras esperar contratar 3,7 GW de t\u00e9rmicas em leil\u00e3o de pot\u00eancia - Ag\u00eancia iNFRA","robots":{"index":"index","follow":"follow","max-snippet":"max-snippet:-1","max-image-preview":"max-image-preview:large","max-video-preview":"max-video-preview:-1"},"canonical":"https:\/\/agenciainfra.com\/blog\/petrobras-esperar-contratar-37-gw-de-termicas-em-leilao-de-potencia\/","og_locale":"pt_BR","og_type":"article","og_title":"Petrobras esperar contratar 3,7 GW de t\u00e9rmicas em leil\u00e3o de pot\u00eancia","og_description":"Geraldo Campos Jr. e Marisa Wanzeller, da Ag\u00eancia iNFRA A Petrobras conta com o LRCAP (Leil\u00e3o de Reserva de Capacidade) de 2025 para contratar 3,7 GW (gigawatts) de&nbsp;t\u00e9rmicas de sua propriedade. Desse montante, 2,9 GW referem-se a nove termel\u00e9tricas que j\u00e1 est\u00e3o com a energia sem contratos&nbsp;ou ser\u00e3o descontratadas em breve. Os outros 0,8 GW [&hellip;]","og_url":"https:\/\/agenciainfra.com\/blog\/petrobras-esperar-contratar-37-gw-de-termicas-em-leilao-de-potencia\/","og_site_name":"Ag\u00eancia iNFRA","article_publisher":"https:\/\/www.facebook.com\/ageninfra","article_published_time":"2025-02-28T12:00:00+00:00","article_modified_time":"2025-05-07T11:24:06+00:00","og_image":[{"width":1280,"height":789,"url":"https:\/\/agenciainfra.com\/blog\/wp-content\/uploads\/2021\/06\/petrobras-foto-petrobras.png","type":"image\/png"}],"author":"Ag\u00eancia iNFRA","twitter_card":"summary_large_image","twitter_creator":"@agencia_infra","twitter_site":"@agencia_infra","twitter_misc":{"Escrito por":"Ag\u00eancia iNFRA","Est. tempo de leitura":"4 minutos"},"schema":{"@context":"https:\/\/schema.org","@graph":[{"@type":"Article","@id":"https:\/\/agenciainfra.com\/blog\/petrobras-esperar-contratar-37-gw-de-termicas-em-leilao-de-potencia\/#article","isPartOf":{"@id":"https:\/\/agenciainfra.com\/blog\/petrobras-esperar-contratar-37-gw-de-termicas-em-leilao-de-potencia\/"},"author":{"name":"Ag\u00eancia iNFRA","@id":"https:\/\/agenciainfra.com\/blog\/#\/schema\/person\/34af08dff6adea4cb22b06612ba7acfa"},"headline":"Petrobras esperar contratar 3,7 GW de t\u00e9rmicas em leil\u00e3o de pot\u00eancia","datePublished":"2025-02-28T12:00:00+00:00","dateModified":"2025-05-07T11:24:06+00:00","mainEntityOfPage":{"@id":"https:\/\/agenciainfra.com\/blog\/petrobras-esperar-contratar-37-gw-de-termicas-em-leilao-de-potencia\/"},"wordCount":779,"publisher":{"@id":"https:\/\/agenciainfra.com\/blog\/#organization"},"image":{"@id":"https:\/\/agenciainfra.com\/blog\/petrobras-esperar-contratar-37-gw-de-termicas-em-leilao-de-potencia\/#primaryimage"},"thumbnailUrl":"https:\/\/agenciainfra.com\/blog\/wp-content\/uploads\/2021\/06\/petrobras-foto-petrobras.png","keywords":["contrata\u00e7\u00e3o de termel\u00e9tricas","Geraldo Campos Jr.","Leil\u00e3o de pot\u00eancia","LRCAP 2025","Magda Chambriard","Marisa Wanzeller","Maur\u00edcio Tolmasquim","Petrobras","petrobras 4t24","pol\u00edtica de pre\u00e7os","pre\u00e7os dos combust\u00edveis","resultados financeiros","termel\u00e9tricas"],"articleSection":["Destaque lista","Geral","iNFRAEnergia","\u00d3leo &amp; G\u00e1s"],"inLanguage":"pt-BR","copyrightYear":"2025","copyrightHolder":{"@id":"https:\/\/agenciainfra.com\/blog\/#organization"}},{"@type":"WebPage","@id":"https:\/\/agenciainfra.com\/blog\/petrobras-esperar-contratar-37-gw-de-termicas-em-leilao-de-potencia\/","url":"https:\/\/agenciainfra.com\/blog\/petrobras-esperar-contratar-37-gw-de-termicas-em-leilao-de-potencia\/","name":"Petrobras esperar contratar 3,7 GW de t\u00e9rmicas em leil\u00e3o de pot\u00eancia - Ag\u00eancia iNFRA","isPartOf":{"@id":"https:\/\/agenciainfra.com\/blog\/#website"},"primaryImageOfPage":{"@id":"https:\/\/agenciainfra.com\/blog\/petrobras-esperar-contratar-37-gw-de-termicas-em-leilao-de-potencia\/#primaryimage"},"image":{"@id":"https:\/\/agenciainfra.com\/blog\/petrobras-esperar-contratar-37-gw-de-termicas-em-leilao-de-potencia\/#primaryimage"},"thumbnailUrl":"https:\/\/agenciainfra.com\/blog\/wp-content\/uploads\/2021\/06\/petrobras-foto-petrobras.png","datePublished":"2025-02-28T12:00:00+00:00","dateModified":"2025-05-07T11:24:06+00:00","breadcrumb":{"@id":"https:\/\/agenciainfra.com\/blog\/petrobras-esperar-contratar-37-gw-de-termicas-em-leilao-de-potencia\/#breadcrumb"},"inLanguage":"pt-BR","potentialAction":[{"@type":"ReadAction","target":["https:\/\/agenciainfra.com\/blog\/petrobras-esperar-contratar-37-gw-de-termicas-em-leilao-de-potencia\/"]}]},{"@type":"ImageObject","inLanguage":"pt-BR","@id":"https:\/\/agenciainfra.com\/blog\/petrobras-esperar-contratar-37-gw-de-termicas-em-leilao-de-potencia\/#primaryimage","url":"https:\/\/agenciainfra.com\/blog\/wp-content\/uploads\/2021\/06\/petrobras-foto-petrobras.png","contentUrl":"https:\/\/agenciainfra.com\/blog\/wp-content\/uploads\/2021\/06\/petrobras-foto-petrobras.png","width":1280,"height":789,"caption":"Foto: Petrobras\/Divulga\u00e7\u00e3o"},{"@type":"BreadcrumbList","@id":"https:\/\/agenciainfra.com\/blog\/petrobras-esperar-contratar-37-gw-de-termicas-em-leilao-de-potencia\/#breadcrumb","itemListElement":[{"@type":"ListItem","position":1,"name":"In\u00edcio","item":"https:\/\/agenciainfra.com\/blog\/"},{"@type":"ListItem","position":2,"name":"Petrobras esperar contratar 3,7 GW de t\u00e9rmicas em leil\u00e3o de pot\u00eancia"}]},{"@type":"WebSite","@id":"https:\/\/agenciainfra.com\/blog\/#website","url":"https:\/\/agenciainfra.com\/blog\/","name":"Ag\u00eancia iNFRA","description":"Multiplataforma de informa\u00e7\u00e3o jornal\u00edstica refer\u00eancia na \u00e1rea de infraestrutura no Brasil!","publisher":{"@id":"https:\/\/agenciainfra.com\/blog\/#organization"},"potentialAction":[{"@type":"SearchAction","target":{"@type":"EntryPoint","urlTemplate":"https:\/\/agenciainfra.com\/blog\/?s={search_term_string}"},"query-input":{"@type":"PropertyValueSpecification","valueRequired":true,"valueName":"search_term_string"}}],"inLanguage":"pt-BR"},{"@type":"Organization","@id":"https:\/\/agenciainfra.com\/blog\/#organization","name":"Ag\u00eancia iNFRA","url":"https:\/\/agenciainfra.com\/blog\/","logo":{"@type":"ImageObject","inLanguage":"pt-BR","@id":"https:\/\/agenciainfra.com\/blog\/#\/schema\/logo\/image\/","url":"https:\/\/agenciainfra.com\/blog\/wp-content\/uploads\/2023\/09\/iNFRA_5-e1761735885940.png","contentUrl":"https:\/\/agenciainfra.com\/blog\/wp-content\/uploads\/2023\/09\/iNFRA_5-e1761735885940.png","width":1672,"height":454,"caption":"Ag\u00eancia iNFRA"},"image":{"@id":"https:\/\/agenciainfra.com\/blog\/#\/schema\/logo\/image\/"},"sameAs":["https:\/\/www.facebook.com\/ageninfra","https:\/\/x.com\/agencia_infra","https:\/\/www.linkedin.com\/company\/ag\u00eanciainfra\/","https:\/\/www.instagram.com\/agenciainfra\/"]},{"@type":"Person","@id":"https:\/\/agenciainfra.com\/blog\/#\/schema\/person\/34af08dff6adea4cb22b06612ba7acfa","name":"Ag\u00eancia iNFRA","image":{"@type":"ImageObject","inLanguage":"pt-BR","@id":"https:\/\/agenciainfra.com\/blog\/#\/schema\/person\/image\/","url":"https:\/\/secure.gravatar.com\/avatar\/d189e01678f06d8eb84d4e01f08eb848b3fffe3f8443818d3c356c66892f5be8?s=96&d=mm&r=g","contentUrl":"https:\/\/secure.gravatar.com\/avatar\/d189e01678f06d8eb84d4e01f08eb848b3fffe3f8443818d3c356c66892f5be8?s=96&d=mm&r=g","caption":"Ag\u00eancia iNFRA"},"url":"https:\/\/agenciainfra.com\/blog\/author\/admin\/"}]}},"_links":{"self":[{"href":"https:\/\/agenciainfra.com\/blog\/wp-json\/wp\/v2\/posts\/20436","targetHints":{"allow":["GET"]}}],"collection":[{"href":"https:\/\/agenciainfra.com\/blog\/wp-json\/wp\/v2\/posts"}],"about":[{"href":"https:\/\/agenciainfra.com\/blog\/wp-json\/wp\/v2\/types\/post"}],"author":[{"embeddable":true,"href":"https:\/\/agenciainfra.com\/blog\/wp-json\/wp\/v2\/users\/1"}],"replies":[{"embeddable":true,"href":"https:\/\/agenciainfra.com\/blog\/wp-json\/wp\/v2\/comments?post=20436"}],"version-history":[{"count":2,"href":"https:\/\/agenciainfra.com\/blog\/wp-json\/wp\/v2\/posts\/20436\/revisions"}],"predecessor-version":[{"id":21444,"href":"https:\/\/agenciainfra.com\/blog\/wp-json\/wp\/v2\/posts\/20436\/revisions\/21444"}],"wp:featuredmedia":[{"embeddable":true,"href":"https:\/\/agenciainfra.com\/blog\/wp-json\/wp\/v2\/media\/7415"}],"wp:attachment":[{"href":"https:\/\/agenciainfra.com\/blog\/wp-json\/wp\/v2\/media?parent=20436"}],"wp:term":[{"taxonomy":"category","embeddable":true,"href":"https:\/\/agenciainfra.com\/blog\/wp-json\/wp\/v2\/categories?post=20436"},{"taxonomy":"post_tag","embeddable":true,"href":"https:\/\/agenciainfra.com\/blog\/wp-json\/wp\/v2\/tags?post=20436"}],"curies":[{"name":"wp","href":"https:\/\/api.w.org\/{rel}","templated":true}]}}