{"id":20440,"date":"2025-03-07T14:00:00","date_gmt":"2025-03-07T17:00:00","guid":{"rendered":"https:\/\/agenciainfra.com\/blog\/?p=20440"},"modified":"2025-03-07T13:13:09","modified_gmt":"2025-03-07T16:13:09","slug":"artesp-aprova-novo-regimento-interno","status":"publish","type":"post","link":"https:\/\/agenciainfra.com\/blog\/artesp-aprova-novo-regimento-interno\/","title":{"rendered":"Artesp aprova novo regimento interno e inicia reestrutura\u00e7\u00e3o da ag\u00eancia"},"content":{"rendered":"\n<p class=\"has-text-align-right\"><strong>da Ag\u00eancia iNFRA<\/strong><\/p>\n\n\n\n<p>A Artesp (Ag\u00eancia de Transporte do Estado de S\u00e3o Paulo) aprovou, em reuni\u00e3o de diretoria realizada no \u00faltimo dia 28, seu novo regimento interno, iniciando a etapa interna de <a href=\"https:\/\/agenciainfra.com\/blog\/novo-presidente-da-artesp-diz-que-comecara-com-reforma-regulatoria-na-agencia\/\" target=\"_blank\" rel=\"noreferrer noopener\">reestrutura\u00e7\u00e3o da ag\u00eancia<\/a> ap\u00f3s a publica\u00e7\u00e3o do decreto que regulamentou a nova lei sobre o \u00f3rg\u00e3o.<br><br>De acordo com o presidente da ag\u00eancia, Andr\u00e9 Isper, o novo regimento confirma a altera\u00e7\u00e3o da forma de atua\u00e7\u00e3o da Artesp, que deixa de ter diretorias setoriais e passa a ter um diretoria colegiada, suportada por 10 superintend\u00eancias tem\u00e1ticas.\u00a0<br><br>Haver\u00e1 tamb\u00e9m a incorpora\u00e7\u00e3o da regula\u00e7\u00e3o do transporte metropolitano, que estava a cargo da EMTU (Empresa Metropolitana de Transportes Urbanos), e dos setores metroferrovi\u00e1rio, aeroportu\u00e1rio e hidrovi\u00e1rio, que eram regulados por \u00f3rg\u00e3os\u00a0vinculados \u00e0s secretarias tem\u00e1ticas.<br><br>Segundo Isper, aprovado o novo estatuto, come\u00e7a a nomea\u00e7\u00e3o de quem vai ocupar as superintend\u00eancias previstas. Na \u00e1rea de rodovias, por exemplo, o novo superintendente ser\u00e1 Roger P\u00eagas, que est\u00e1 deixando a Superintend\u00eancia de Rodovias da ANTT (Ag\u00eancia Nacional de Transportes Terrestres) para ocupar o cargo.<br><br>&#8220;\u00c9\u00a0a moderniza\u00e7\u00e3o interna que a gente est\u00e1 precisando e que vamos fazer num processo de transi\u00e7\u00e3o. Estamos tomando bastante cuidado e planejando para que saia em etapas&#8221;, disse Isper \u00e0\u00a0<strong>Ag\u00eancia iNFRA<\/strong>.<br><br>Segundo ele, ser\u00e3o publicados atos para designar o que cada superintend\u00eancia vai passar a cuidar numa transi\u00e7\u00e3o que deve durar 30 dias. Duas \u00e1reas v\u00e3o cuidar de rodovias, opera\u00e7\u00e3o e novos investimentos. Essa \u00e1rea \u00e9 a que menos preocupa o novo dirigente. Os maiores desafios, segundo ele, ser\u00e3o receber as novas atribui\u00e7\u00f5es, especialmente o transporte metropolitano.<br><br>&#8220;As superintend\u00eancias v\u00e3o estar com a compet\u00eancia bem clara. Quando as concession\u00e1rias vierem a protocolar alguma coisa na ag\u00eancia, elas v\u00e3o saber para onde direcionar&#8221;, afirmou Isper. &#8220;Estamos fazendo um time de elite, e nada para.&#8221;<br><br><strong>Participa\u00e7\u00e3o social<\/strong><br>Isper garantiu que, ap\u00f3s essa etapa de organiza\u00e7\u00e3o interna da ag\u00eancia, haver\u00e1 a reorganiza\u00e7\u00e3o das normas que regem os setores. Segundo ele, j\u00e1 est\u00e3o sendo feitas an\u00e1lises para avaliar o que precisa ser revisto para entrar numa agenda regulat\u00f3ria.<br><br>&#8220;Vamos apresentar isso aos regulados a partir de mar\u00e7o. Temos mapeados os principais temas. A ideia n\u00e3o \u00e9 vir com regramentos top down. Vamos publicar com o mercado todo o procedimento de participa\u00e7\u00e3o social&#8221;, afirmou.<\/p>\n","protected":false},"excerpt":{"rendered":"<p>da Ag\u00eancia iNFRA A Artesp (Ag\u00eancia de Transporte do Estado de S\u00e3o Paulo) aprovou, em reuni\u00e3o de diretoria realizada no \u00faltimo dia 28, seu novo regimento interno, iniciando a etapa interna de reestrutura\u00e7\u00e3o da ag\u00eancia ap\u00f3s a publica\u00e7\u00e3o do decreto que regulamentou a nova lei sobre o \u00f3rg\u00e3o. De acordo com o presidente da ag\u00eancia, [&hellip;]<\/p>\n","protected":false},"author":1,"featured_media":4940,"comment_status":"closed","ping_status":"closed","sticky":false,"template":"","format":"standard","meta":{"_monsterinsights_skip_tracking":false,"_monsterinsights_sitenote_active":false,"_monsterinsights_sitenote_note":"","_monsterinsights_sitenote_category":0,"footnotes":""},"categories":[7250,1,7],"tags":[72,11533,8576,1247,78,1299,1087,34,32,12700,3633,126,11534,70],"class_list":["post-20440","post","type-post","status-publish","format-standard","has-post-thumbnail","hentry","category-destaque-lista","category-geral","category-infratransporte","tag-agencia-reguladora","tag-andre-isper","tag-andre-isper-rodrigues-barnabe","tag-artesp","tag-concessoes","tag-dimmi-amora","tag-governo-de-sao-paulo","tag-infraestrutura","tag-investimentos","tag-reestruturacao-da-artesp","tag-reforma-regulatoria","tag-rodovias","tag-rodovias-de-sp","tag-transportes"],"yoast_head":"<!-- This site is optimized with the Yoast SEO Premium plugin v25.4 (Yoast SEO v26.0) - https:\/\/yoast.com\/wordpress\/plugins\/seo\/ -->\n<title>Artesp aprova novo regimento interno e inicia reestrutura\u00e7\u00e3o da ag\u00eancia - Ag\u00eancia iNFRA<\/title>\n<meta name=\"robots\" content=\"index, follow, max-snippet:-1, max-image-preview:large, max-video-preview:-1\" \/>\n<link rel=\"canonical\" href=\"https:\/\/agenciainfra.com\/blog\/artesp-aprova-novo-regimento-interno\/\" \/>\n<meta property=\"og:locale\" content=\"pt_BR\" \/>\n<meta property=\"og:type\" content=\"article\" \/>\n<meta property=\"og:title\" content=\"Artesp aprova novo regimento interno e inicia reestrutura\u00e7\u00e3o da ag\u00eancia\" \/>\n<meta property=\"og:description\" content=\"da Ag\u00eancia iNFRA A Artesp (Ag\u00eancia de Transporte do Estado de S\u00e3o Paulo) aprovou, em reuni\u00e3o de diretoria realizada no \u00faltimo dia 28, seu novo regimento interno, iniciando a etapa interna de reestrutura\u00e7\u00e3o da ag\u00eancia ap\u00f3s a publica\u00e7\u00e3o do decreto que regulamentou a nova lei sobre o \u00f3rg\u00e3o. De acordo com o presidente da ag\u00eancia, [&hellip;]\" \/>\n<meta property=\"og:url\" content=\"https:\/\/agenciainfra.com\/blog\/artesp-aprova-novo-regimento-interno\/\" \/>\n<meta property=\"og:site_name\" content=\"Ag\u00eancia iNFRA\" \/>\n<meta property=\"article:publisher\" content=\"https:\/\/www.facebook.com\/ageninfra\" \/>\n<meta property=\"article:published_time\" content=\"2025-03-07T17:00:00+00:00\" \/>\n<meta property=\"og:image\" content=\"https:\/\/agenciainfra.com\/blog\/wp-content\/uploads\/2020\/05\/artesp-foto-governo-sp.jpg\" \/>\n\t<meta property=\"og:image:width\" content=\"1280\" \/>\n\t<meta property=\"og:image:height\" content=\"880\" \/>\n\t<meta property=\"og:image:type\" content=\"image\/jpeg\" \/>\n<meta name=\"author\" content=\"Ag\u00eancia iNFRA\" \/>\n<meta name=\"twitter:card\" content=\"summary_large_image\" \/>\n<meta name=\"twitter:creator\" content=\"@agencia_infra\" \/>\n<meta name=\"twitter:site\" content=\"@agencia_infra\" \/>\n<meta name=\"twitter:label1\" content=\"Escrito por\" \/>\n\t<meta name=\"twitter:data1\" content=\"Ag\u00eancia iNFRA\" \/>\n\t<meta name=\"twitter:label2\" content=\"Est. tempo de leitura\" \/>\n\t<meta name=\"twitter:data2\" content=\"2 minutos\" \/>\n<script type=\"application\/ld+json\" class=\"yoast-schema-graph\">{\"@context\":\"https:\/\/schema.org\",\"@graph\":[{\"@type\":\"Article\",\"@id\":\"https:\/\/agenciainfra.com\/blog\/artesp-aprova-novo-regimento-interno\/#article\",\"isPartOf\":{\"@id\":\"https:\/\/agenciainfra.com\/blog\/artesp-aprova-novo-regimento-interno\/\"},\"author\":{\"name\":\"Ag\u00eancia iNFRA\",\"@id\":\"https:\/\/agenciainfra.com\/blog\/#\/schema\/person\/34af08dff6adea4cb22b06612ba7acfa\"},\"headline\":\"Artesp aprova novo regimento interno e inicia reestrutura\u00e7\u00e3o da ag\u00eancia\",\"datePublished\":\"2025-03-07T17:00:00+00:00\",\"mainEntityOfPage\":{\"@id\":\"https:\/\/agenciainfra.com\/blog\/artesp-aprova-novo-regimento-interno\/\"},\"wordCount\":430,\"publisher\":{\"@id\":\"https:\/\/agenciainfra.com\/blog\/#organization\"},\"image\":{\"@id\":\"https:\/\/agenciainfra.com\/blog\/artesp-aprova-novo-regimento-interno\/#primaryimage\"},\"thumbnailUrl\":\"https:\/\/agenciainfra.com\/blog\/wp-content\/uploads\/2020\/05\/artesp-foto-governo-sp-e1747993610779.jpg\",\"keywords\":[\"ag\u00eancia reguladora\",\"Andr\u00e9 Isper\",\"Andr\u00e9 Isper Rodrigues Barnab\u00e9\",\"Artesp\",\"concess\u00f5es\",\"Dimmi Amora\",\"Governo de S\u00e3o Paulo\",\"Infraestrutura\",\"Investimentos\",\"reestrutura\u00e7\u00e3o da artesp\",\"reforma regulat\u00f3ria\",\"rodovias\",\"Rodovias de SP\",\"transportes\"],\"articleSection\":[\"Destaque lista\",\"Geral\",\"iNFRATransporte\"],\"inLanguage\":\"pt-BR\",\"copyrightYear\":\"2025\",\"copyrightHolder\":{\"@id\":\"https:\/\/agenciainfra.com\/blog\/#organization\"}},{\"@type\":\"WebPage\",\"@id\":\"https:\/\/agenciainfra.com\/blog\/artesp-aprova-novo-regimento-interno\/\",\"url\":\"https:\/\/agenciainfra.com\/blog\/artesp-aprova-novo-regimento-interno\/\",\"name\":\"Artesp aprova novo regimento interno e inicia reestrutura\u00e7\u00e3o da ag\u00eancia - Ag\u00eancia iNFRA\",\"isPartOf\":{\"@id\":\"https:\/\/agenciainfra.com\/blog\/#website\"},\"primaryImageOfPage\":{\"@id\":\"https:\/\/agenciainfra.com\/blog\/artesp-aprova-novo-regimento-interno\/#primaryimage\"},\"image\":{\"@id\":\"https:\/\/agenciainfra.com\/blog\/artesp-aprova-novo-regimento-interno\/#primaryimage\"},\"thumbnailUrl\":\"https:\/\/agenciainfra.com\/blog\/wp-content\/uploads\/2020\/05\/artesp-foto-governo-sp-e1747993610779.jpg\",\"datePublished\":\"2025-03-07T17:00:00+00:00\",\"breadcrumb\":{\"@id\":\"https:\/\/agenciainfra.com\/blog\/artesp-aprova-novo-regimento-interno\/#breadcrumb\"},\"inLanguage\":\"pt-BR\",\"potentialAction\":[{\"@type\":\"ReadAction\",\"target\":[\"https:\/\/agenciainfra.com\/blog\/artesp-aprova-novo-regimento-interno\/\"]}]},{\"@type\":\"ImageObject\",\"inLanguage\":\"pt-BR\",\"@id\":\"https:\/\/agenciainfra.com\/blog\/artesp-aprova-novo-regimento-interno\/#primaryimage\",\"url\":\"https:\/\/agenciainfra.com\/blog\/wp-content\/uploads\/2020\/05\/artesp-foto-governo-sp-e1747993610779.jpg\",\"contentUrl\":\"https:\/\/agenciainfra.com\/blog\/wp-content\/uploads\/2020\/05\/artesp-foto-governo-sp-e1747993610779.jpg\",\"width\":1280,\"height\":753},{\"@type\":\"BreadcrumbList\",\"@id\":\"https:\/\/agenciainfra.com\/blog\/artesp-aprova-novo-regimento-interno\/#breadcrumb\",\"itemListElement\":[{\"@type\":\"ListItem\",\"position\":1,\"name\":\"In\u00edcio\",\"item\":\"https:\/\/agenciainfra.com\/blog\/\"},{\"@type\":\"ListItem\",\"position\":2,\"name\":\"Artesp aprova novo regimento interno e inicia reestrutura\u00e7\u00e3o da ag\u00eancia\"}]},{\"@type\":\"WebSite\",\"@id\":\"https:\/\/agenciainfra.com\/blog\/#website\",\"url\":\"https:\/\/agenciainfra.com\/blog\/\",\"name\":\"Ag\u00eancia iNFRA\",\"description\":\"Multiplataforma de informa\u00e7\u00e3o jornal\u00edstica refer\u00eancia na \u00e1rea de infraestrutura no Brasil!\",\"publisher\":{\"@id\":\"https:\/\/agenciainfra.com\/blog\/#organization\"},\"potentialAction\":[{\"@type\":\"SearchAction\",\"target\":{\"@type\":\"EntryPoint\",\"urlTemplate\":\"https:\/\/agenciainfra.com\/blog\/?s={search_term_string}\"},\"query-input\":{\"@type\":\"PropertyValueSpecification\",\"valueRequired\":true,\"valueName\":\"search_term_string\"}}],\"inLanguage\":\"pt-BR\"},{\"@type\":\"Organization\",\"@id\":\"https:\/\/agenciainfra.com\/blog\/#organization\",\"name\":\"Ag\u00eancia iNFRA\",\"url\":\"https:\/\/agenciainfra.com\/blog\/\",\"logo\":{\"@type\":\"ImageObject\",\"inLanguage\":\"pt-BR\",\"@id\":\"https:\/\/agenciainfra.com\/blog\/#\/schema\/logo\/image\/\",\"url\":\"https:\/\/agenciainfra.com\/blog\/wp-content\/uploads\/2023\/09\/iNFRA_5-e1761735885940.png\",\"contentUrl\":\"https:\/\/agenciainfra.com\/blog\/wp-content\/uploads\/2023\/09\/iNFRA_5-e1761735885940.png\",\"width\":1672,\"height\":454,\"caption\":\"Ag\u00eancia iNFRA\"},\"image\":{\"@id\":\"https:\/\/agenciainfra.com\/blog\/#\/schema\/logo\/image\/\"},\"sameAs\":[\"https:\/\/www.facebook.com\/ageninfra\",\"https:\/\/x.com\/agencia_infra\",\"https:\/\/www.linkedin.com\/company\/ag\u00eanciainfra\/\",\"https:\/\/www.instagram.com\/agenciainfra\/\"]},{\"@type\":\"Person\",\"@id\":\"https:\/\/agenciainfra.com\/blog\/#\/schema\/person\/34af08dff6adea4cb22b06612ba7acfa\",\"name\":\"Ag\u00eancia iNFRA\",\"image\":{\"@type\":\"ImageObject\",\"inLanguage\":\"pt-BR\",\"@id\":\"https:\/\/agenciainfra.com\/blog\/#\/schema\/person\/image\/\",\"url\":\"https:\/\/secure.gravatar.com\/avatar\/d189e01678f06d8eb84d4e01f08eb848b3fffe3f8443818d3c356c66892f5be8?s=96&d=mm&r=g\",\"contentUrl\":\"https:\/\/secure.gravatar.com\/avatar\/d189e01678f06d8eb84d4e01f08eb848b3fffe3f8443818d3c356c66892f5be8?s=96&d=mm&r=g\",\"caption\":\"Ag\u00eancia iNFRA\"},\"url\":\"https:\/\/agenciainfra.com\/blog\/author\/admin\/\"}]}<\/script>\n<!-- \/ Yoast SEO Premium plugin. -->","yoast_head_json":{"title":"Artesp aprova novo regimento interno e inicia reestrutura\u00e7\u00e3o da ag\u00eancia - Ag\u00eancia iNFRA","robots":{"index":"index","follow":"follow","max-snippet":"max-snippet:-1","max-image-preview":"max-image-preview:large","max-video-preview":"max-video-preview:-1"},"canonical":"https:\/\/agenciainfra.com\/blog\/artesp-aprova-novo-regimento-interno\/","og_locale":"pt_BR","og_type":"article","og_title":"Artesp aprova novo regimento interno e inicia reestrutura\u00e7\u00e3o da ag\u00eancia","og_description":"da Ag\u00eancia iNFRA A Artesp (Ag\u00eancia de Transporte do Estado de S\u00e3o Paulo) aprovou, em reuni\u00e3o de diretoria realizada no \u00faltimo dia 28, seu novo regimento interno, iniciando a etapa interna de reestrutura\u00e7\u00e3o da ag\u00eancia ap\u00f3s a publica\u00e7\u00e3o do decreto que regulamentou a nova lei sobre o \u00f3rg\u00e3o. De acordo com o presidente da ag\u00eancia, [&hellip;]","og_url":"https:\/\/agenciainfra.com\/blog\/artesp-aprova-novo-regimento-interno\/","og_site_name":"Ag\u00eancia iNFRA","article_publisher":"https:\/\/www.facebook.com\/ageninfra","article_published_time":"2025-03-07T17:00:00+00:00","og_image":[{"width":1280,"height":880,"url":"https:\/\/agenciainfra.com\/blog\/wp-content\/uploads\/2020\/05\/artesp-foto-governo-sp.jpg","type":"image\/jpeg"}],"author":"Ag\u00eancia iNFRA","twitter_card":"summary_large_image","twitter_creator":"@agencia_infra","twitter_site":"@agencia_infra","twitter_misc":{"Escrito por":"Ag\u00eancia iNFRA","Est. tempo de leitura":"2 minutos"},"schema":{"@context":"https:\/\/schema.org","@graph":[{"@type":"Article","@id":"https:\/\/agenciainfra.com\/blog\/artesp-aprova-novo-regimento-interno\/#article","isPartOf":{"@id":"https:\/\/agenciainfra.com\/blog\/artesp-aprova-novo-regimento-interno\/"},"author":{"name":"Ag\u00eancia iNFRA","@id":"https:\/\/agenciainfra.com\/blog\/#\/schema\/person\/34af08dff6adea4cb22b06612ba7acfa"},"headline":"Artesp aprova novo regimento interno e inicia reestrutura\u00e7\u00e3o da ag\u00eancia","datePublished":"2025-03-07T17:00:00+00:00","mainEntityOfPage":{"@id":"https:\/\/agenciainfra.com\/blog\/artesp-aprova-novo-regimento-interno\/"},"wordCount":430,"publisher":{"@id":"https:\/\/agenciainfra.com\/blog\/#organization"},"image":{"@id":"https:\/\/agenciainfra.com\/blog\/artesp-aprova-novo-regimento-interno\/#primaryimage"},"thumbnailUrl":"https:\/\/agenciainfra.com\/blog\/wp-content\/uploads\/2020\/05\/artesp-foto-governo-sp-e1747993610779.jpg","keywords":["ag\u00eancia reguladora","Andr\u00e9 Isper","Andr\u00e9 Isper Rodrigues Barnab\u00e9","Artesp","concess\u00f5es","Dimmi Amora","Governo de S\u00e3o Paulo","Infraestrutura","Investimentos","reestrutura\u00e7\u00e3o da artesp","reforma regulat\u00f3ria","rodovias","Rodovias de SP","transportes"],"articleSection":["Destaque lista","Geral","iNFRATransporte"],"inLanguage":"pt-BR","copyrightYear":"2025","copyrightHolder":{"@id":"https:\/\/agenciainfra.com\/blog\/#organization"}},{"@type":"WebPage","@id":"https:\/\/agenciainfra.com\/blog\/artesp-aprova-novo-regimento-interno\/","url":"https:\/\/agenciainfra.com\/blog\/artesp-aprova-novo-regimento-interno\/","name":"Artesp aprova novo regimento interno e inicia reestrutura\u00e7\u00e3o da ag\u00eancia - Ag\u00eancia iNFRA","isPartOf":{"@id":"https:\/\/agenciainfra.com\/blog\/#website"},"primaryImageOfPage":{"@id":"https:\/\/agenciainfra.com\/blog\/artesp-aprova-novo-regimento-interno\/#primaryimage"},"image":{"@id":"https:\/\/agenciainfra.com\/blog\/artesp-aprova-novo-regimento-interno\/#primaryimage"},"thumbnailUrl":"https:\/\/agenciainfra.com\/blog\/wp-content\/uploads\/2020\/05\/artesp-foto-governo-sp-e1747993610779.jpg","datePublished":"2025-03-07T17:00:00+00:00","breadcrumb":{"@id":"https:\/\/agenciainfra.com\/blog\/artesp-aprova-novo-regimento-interno\/#breadcrumb"},"inLanguage":"pt-BR","potentialAction":[{"@type":"ReadAction","target":["https:\/\/agenciainfra.com\/blog\/artesp-aprova-novo-regimento-interno\/"]}]},{"@type":"ImageObject","inLanguage":"pt-BR","@id":"https:\/\/agenciainfra.com\/blog\/artesp-aprova-novo-regimento-interno\/#primaryimage","url":"https:\/\/agenciainfra.com\/blog\/wp-content\/uploads\/2020\/05\/artesp-foto-governo-sp-e1747993610779.jpg","contentUrl":"https:\/\/agenciainfra.com\/blog\/wp-content\/uploads\/2020\/05\/artesp-foto-governo-sp-e1747993610779.jpg","width":1280,"height":753},{"@type":"BreadcrumbList","@id":"https:\/\/agenciainfra.com\/blog\/artesp-aprova-novo-regimento-interno\/#breadcrumb","itemListElement":[{"@type":"ListItem","position":1,"name":"In\u00edcio","item":"https:\/\/agenciainfra.com\/blog\/"},{"@type":"ListItem","position":2,"name":"Artesp aprova novo regimento interno e inicia reestrutura\u00e7\u00e3o da ag\u00eancia"}]},{"@type":"WebSite","@id":"https:\/\/agenciainfra.com\/blog\/#website","url":"https:\/\/agenciainfra.com\/blog\/","name":"Ag\u00eancia iNFRA","description":"Multiplataforma de informa\u00e7\u00e3o jornal\u00edstica refer\u00eancia na \u00e1rea de infraestrutura no Brasil!","publisher":{"@id":"https:\/\/agenciainfra.com\/blog\/#organization"},"potentialAction":[{"@type":"SearchAction","target":{"@type":"EntryPoint","urlTemplate":"https:\/\/agenciainfra.com\/blog\/?s={search_term_string}"},"query-input":{"@type":"PropertyValueSpecification","valueRequired":true,"valueName":"search_term_string"}}],"inLanguage":"pt-BR"},{"@type":"Organization","@id":"https:\/\/agenciainfra.com\/blog\/#organization","name":"Ag\u00eancia iNFRA","url":"https:\/\/agenciainfra.com\/blog\/","logo":{"@type":"ImageObject","inLanguage":"pt-BR","@id":"https:\/\/agenciainfra.com\/blog\/#\/schema\/logo\/image\/","url":"https:\/\/agenciainfra.com\/blog\/wp-content\/uploads\/2023\/09\/iNFRA_5-e1761735885940.png","contentUrl":"https:\/\/agenciainfra.com\/blog\/wp-content\/uploads\/2023\/09\/iNFRA_5-e1761735885940.png","width":1672,"height":454,"caption":"Ag\u00eancia iNFRA"},"image":{"@id":"https:\/\/agenciainfra.com\/blog\/#\/schema\/logo\/image\/"},"sameAs":["https:\/\/www.facebook.com\/ageninfra","https:\/\/x.com\/agencia_infra","https:\/\/www.linkedin.com\/company\/ag\u00eanciainfra\/","https:\/\/www.instagram.com\/agenciainfra\/"]},{"@type":"Person","@id":"https:\/\/agenciainfra.com\/blog\/#\/schema\/person\/34af08dff6adea4cb22b06612ba7acfa","name":"Ag\u00eancia iNFRA","image":{"@type":"ImageObject","inLanguage":"pt-BR","@id":"https:\/\/agenciainfra.com\/blog\/#\/schema\/person\/image\/","url":"https:\/\/secure.gravatar.com\/avatar\/d189e01678f06d8eb84d4e01f08eb848b3fffe3f8443818d3c356c66892f5be8?s=96&d=mm&r=g","contentUrl":"https:\/\/secure.gravatar.com\/avatar\/d189e01678f06d8eb84d4e01f08eb848b3fffe3f8443818d3c356c66892f5be8?s=96&d=mm&r=g","caption":"Ag\u00eancia iNFRA"},"url":"https:\/\/agenciainfra.com\/blog\/author\/admin\/"}]}},"_links":{"self":[{"href":"https:\/\/agenciainfra.com\/blog\/wp-json\/wp\/v2\/posts\/20440","targetHints":{"allow":["GET"]}}],"collection":[{"href":"https:\/\/agenciainfra.com\/blog\/wp-json\/wp\/v2\/posts"}],"about":[{"href":"https:\/\/agenciainfra.com\/blog\/wp-json\/wp\/v2\/types\/post"}],"author":[{"embeddable":true,"href":"https:\/\/agenciainfra.com\/blog\/wp-json\/wp\/v2\/users\/1"}],"replies":[{"embeddable":true,"href":"https:\/\/agenciainfra.com\/blog\/wp-json\/wp\/v2\/comments?post=20440"}],"version-history":[{"count":3,"href":"https:\/\/agenciainfra.com\/blog\/wp-json\/wp\/v2\/posts\/20440\/revisions"}],"predecessor-version":[{"id":20477,"href":"https:\/\/agenciainfra.com\/blog\/wp-json\/wp\/v2\/posts\/20440\/revisions\/20477"}],"wp:featuredmedia":[{"embeddable":true,"href":"https:\/\/agenciainfra.com\/blog\/wp-json\/wp\/v2\/media\/4940"}],"wp:attachment":[{"href":"https:\/\/agenciainfra.com\/blog\/wp-json\/wp\/v2\/media?parent=20440"}],"wp:term":[{"taxonomy":"category","embeddable":true,"href":"https:\/\/agenciainfra.com\/blog\/wp-json\/wp\/v2\/categories?post=20440"},{"taxonomy":"post_tag","embeddable":true,"href":"https:\/\/agenciainfra.com\/blog\/wp-json\/wp\/v2\/tags?post=20440"}],"curies":[{"name":"wp","href":"https:\/\/api.w.org\/{rel}","templated":true}]}}