{"id":20442,"date":"2025-03-01T12:00:00","date_gmt":"2025-03-01T15:00:00","guid":{"rendered":"https:\/\/agenciainfra.com\/blog\/?p=20442"},"modified":"2025-03-07T05:53:48","modified_gmt":"2025-03-07T08:53:48","slug":"governo-nao-adiara-cronograma-de-leiloes-rodoviarios-a-pedido-do-setor-privado-diz-renan-filho","status":"publish","type":"post","link":"https:\/\/agenciainfra.com\/blog\/governo-nao-adiara-cronograma-de-leiloes-rodoviarios-a-pedido-do-setor-privado-diz-renan-filho\/","title":{"rendered":"Governo n\u00e3o adiar\u00e1 cronograma de leil\u00f5es rodovi\u00e1rios a pedido do setor privado, diz Renan Filho"},"content":{"rendered":"\n<p class=\"has-text-align-right\"><strong>Sheyla Santos, da Ag\u00eancia iNFRA<\/strong><\/p>\n\n\n\n<p>O ministro dos Transportes, Renan Filho, disse que o governo vai manter o calend\u00e1rio de leil\u00f5es previsto para 2025 e que a iniciativa privada &#8220;precisa se organizar para competir&#8221;. A afirma\u00e7\u00e3o foi feita ap\u00f3s o leil\u00e3o da BR-364\/RO, realizado na \u00faltima quinta-feira (27), na B3, em S\u00e3o Paulo.<br><br>Renan afirmou que o governo acatou parte das sugest\u00f5es do mercado, ampliando de 30 para 100 dias o per\u00edodo\u00a0entre a publica\u00e7\u00e3o do edital e a realiza\u00e7\u00e3o do leil\u00e3o, mudan\u00e7a que permite \u00e0s empresas maior tempo para estudar as concess\u00f5es.<br><br>\u201cN\u00f3s n\u00e3o vamos adiar a agenda. A agenda \u00e9 p\u00fablica. Ela \u00e9 garantida no edital, ent\u00e3o n\u00e3o adianta solicitar \u00e0 ANTT [Ag\u00eancia Nacional de Transportes Terrestres], ao Minist\u00e9rio dos Transportes, adiamento de edital para participar de leil\u00e3o\u201d, disse o ministro. Segundo ele, houve \u201calguns pedidos\u201d de adiamento do leil\u00e3o da BR-364\/RO para que houvesse a entrada de outros concorrentes.<br><br>No caso do trecho, tamb\u00e9m chamado de Rota Agro Norte, houve pedidos de adiamento de dois grupos de empresas que se mostraram interessados no ativo. Mas, alegando pouco tempo, pelo menos um deles optou por focar esfor\u00e7os no leil\u00e3o de seis lotes de concess\u00f5es rodovi\u00e1rias do governo do Mato Grosso, que vai a leil\u00e3o em mar\u00e7o, segundo apurou a\u00a0<strong>Ag\u00eancia iNFRA<\/strong>.<br><br>Em evento realizado nesta semana em S\u00e3o Paulo, o secret\u00e1rio-executivo do Minist\u00e9rio dos Transportes, George Santoro, defendeu que seja iniciada uma interlocu\u00e7\u00e3o com os governos subnacionais para que seja poss\u00edvel ter uma carteira mais unificada de concess\u00f5es na \u00e1rea de rodovias.<br><br>A estimativa da B3 \u00e9 que neste ano possa haver at\u00e9 31 leil\u00f5es desse setor. George defendeu que \u00e9 importante para o pa\u00eds, especialmente para ter relev\u00e2ncia junto a grandes investidores externos, ter uma carteira robusta de projetos. Mas que uma melhor organiza\u00e7\u00e3o poder\u00e1 trazer mais investidores.<br><br><strong>Cons\u00f3rcio in\u00e9dito<\/strong><br>O cons\u00f3rcio 4UM-Opportunity, formado por acionistas de quatro grupos empresariais ligados ao setor de infraestrutura \u2013 Aterpa, J. Malucelli, Carioca Engenharia e Sempa Constru\u00e7\u00f5es \u2013 e o banco de investimento foi o \u00fanico proponente do certame, oferecendo desconto de 0,05% sobre a tarifa b\u00e1sica de ped\u00e1gio.<br><br>O grupo vai administrar, pelo prazo de 30 anos, a concess\u00e3o de 686,7 quil\u00f4metros da Rota Agro Norte. Somando previs\u00e3o de investimentos (capex) de R$ 6,35 bilh\u00f5es e despesas operacionais (opex) de R$ 3,88 bilh\u00f5es, o projeto vai movimentar aporte de R$ 10,23 bilh\u00f5es.<br><br>O trecho licitado liga a cidade de Vilhena, na fronteira com o Mato Grosso, a Porto Velho, passando por cidades como Cacoal, Ji-Paran\u00e1 e Ariquemes. Segundo o BNDES (Banco Nacional de Desenvolvimento Econ\u00f4mico e Social), estruturador do projeto, o trecho \u00e9 estrat\u00e9gico por conectar a produ\u00e7\u00e3o do agroneg\u00f3cio do Mato Grosso aos terminais portu\u00e1rios do rio Madeira, no Corredor Log\u00edstico Norte. O trecho \u00e9 considerado o principal corredor log\u00edstico para escoamento de cargas como soja, milho, combust\u00edveis, \u00f3leos minerais e produtos derivados.<br><br>Diretor de Planejamento e Rela\u00e7\u00f5es Institucionais do banco, Nelson Barbosa ressaltou, ap\u00f3s o leil\u00e3o, que essa \u00e9 a primeira concess\u00e3o rodovi\u00e1ria do estado de Rond\u00f4nia. \u201cVai ajudar bastante na economia, no escoamento da safra para a hidrovia do Rio Madeira, e vai melhorar a seguran\u00e7a da popula\u00e7\u00e3o que vive em torno da rodovia\u201d, afirmou.<br><br>A jornalistas, Renan Filho reiterou a meta de\u00a0<a href=\"https:\/\/agenciainfra.com\/blog\/governo-tem-como-meta-realizar-15-leiloes-de-concessoes-rodoviarias-em-2025-diz-ministro-renan-filho\/\" target=\"_blank\" rel=\"noreferrer noopener\">15 concess\u00f5es<\/a>\u00a0em 2025 e disse que a pasta tem agenda publicada de oito leil\u00f5es para os pr\u00f3ximos meses. Perguntado sobre a participa\u00e7\u00e3o de um \u00fanico proponente, o ministro afirmou que nos \u00faltimos leil\u00f5es o governo tem atra\u00eddo novos players para as concess\u00f5es rodovi\u00e1rias, investimento internacional, como o da francesa Vinci Highways que venceu leil\u00e3o da Rota dos Cristais, e recursos de fundos soberanos da Ar\u00e1bia Saudita e Singapura. O ministro tamb\u00e9m destacou que os \u00faltimos 10 leil\u00f5es realizados tiveram oito vencedores diferentes.<br><br>Sobre os leil\u00f5es da\u00a0<a href=\"https:\/\/agenciainfra.com\/blog\/antt-aprova-edital-de-concessao-da-br-040-495-mg-rj-com-investimento-previsto-de-r-5-bi\/\" target=\"_blank\" rel=\"noreferrer noopener\">BR-040\/495MG\/RJ<\/a>\u00a0e da Ponte Internacional de S\u00e3o Borja e de Santo Tom\u00e9, que conecta Brasil e Argentina, ele disse esperar por leil\u00f5es exitosos. \u201cExpectativa boa, n\u00f3s teremos concorr\u00eancia. A Concer \u00e9 um trecho super tradicional no Brasil\u201d, disse.<br><br>Presente ao leil\u00e3o na B3, o diretor-geral substituto da ANTT, Guilherme Sampaio, afirmou que o leil\u00e3o da BR-364\/RO foi o primeiro de uma sequ\u00eancia de 15 a serem realizados neste ano. Ele destacou a entrada, ap\u00f3s algumas tentativas, do banco Opportunity como novo player do setor e afirmou que, al\u00e9m de ser um projeto carbono zero, o ativo \u00e9 exemplo de integra\u00e7\u00e3o multimodal, combinando integra\u00e7\u00e3o entre os transportes rodovi\u00e1rio e aquavi\u00e1rio.<br><br><strong>Atualiza\u00e7\u00e3o monet\u00e1ria<\/strong><br>Em entrevista \u00e0 CNN, o secret\u00e1rio-executivo do Minist\u00e9rio dos Transportes, George Santoro, disse que est\u00e1 em elabora\u00e7\u00e3o uma portaria para revis\u00e3o dos indicadores que s\u00e3o usados nos contratos de concess\u00e3o para atualiza\u00e7\u00e3o monet\u00e1ria. A estimativa \u00e9 que a portaria seja publicada at\u00e9 mar\u00e7o.<\/p>\n","protected":false},"excerpt":{"rendered":"<p>Sheyla Santos, da Ag\u00eancia iNFRA O ministro dos Transportes, Renan Filho, disse que o governo vai manter o calend\u00e1rio de leil\u00f5es previsto para 2025 e que a iniciativa privada &#8220;precisa se organizar para competir&#8221;. A afirma\u00e7\u00e3o foi feita ap\u00f3s o leil\u00e3o da BR-364\/RO, realizado na \u00faltima quinta-feira (27), na B3, em S\u00e3o Paulo. Renan afirmou [&hellip;]<\/p>\n","protected":false},"author":1,"featured_media":18264,"comment_status":"closed","ping_status":"closed","sticky":false,"template":"","format":"standard","meta":{"_monsterinsights_skip_tracking":false,"_monsterinsights_sitenote_active":false,"_monsterinsights_sitenote_note":"","_monsterinsights_sitenote_category":0,"footnotes":""},"categories":[9714,1,7],"tags":[12704,78,12703,12701,6956,32,12702,346,4807,16,6248,126,8838,70],"class_list":["post-20442","post","type-post","status-publish","format-standard","has-post-thumbnail","hentry","category-destaque-menor","category-geral","category-infratransporte","tag-atualizacao-monetaria","tag-concessoes","tag-consorcio-4um-opportunity","tag-cronograma-de-leiloes","tag-george-santoro","tag-investimentos","tag-leilao-da-br-364-ro","tag-leiloes","tag-leiloes-rodoviarios","tag-ministerio-dos-transportes","tag-renan-filho","tag-rodovias","tag-sheyla-santos","tag-transportes"],"yoast_head":"<!-- This site is optimized with the Yoast SEO Premium plugin v25.4 (Yoast SEO v26.0) - https:\/\/yoast.com\/wordpress\/plugins\/seo\/ -->\n<title>Governo n\u00e3o adiar\u00e1 cronograma de leil\u00f5es rodovi\u00e1rios a pedido do setor privado, diz Renan Filho - Ag\u00eancia iNFRA<\/title>\n<meta name=\"robots\" content=\"index, follow, max-snippet:-1, max-image-preview:large, max-video-preview:-1\" \/>\n<link rel=\"canonical\" href=\"https:\/\/agenciainfra.com\/blog\/governo-nao-adiara-cronograma-de-leiloes-rodoviarios-a-pedido-do-setor-privado-diz-renan-filho\/\" \/>\n<meta property=\"og:locale\" content=\"pt_BR\" \/>\n<meta property=\"og:type\" content=\"article\" \/>\n<meta property=\"og:title\" content=\"Governo n\u00e3o adiar\u00e1 cronograma de leil\u00f5es rodovi\u00e1rios a pedido do setor privado, diz Renan Filho\" \/>\n<meta property=\"og:description\" content=\"Sheyla Santos, da Ag\u00eancia iNFRA O ministro dos Transportes, Renan Filho, disse que o governo vai manter o calend\u00e1rio de leil\u00f5es previsto para 2025 e que a iniciativa privada &#8220;precisa se organizar para competir&#8221;. A afirma\u00e7\u00e3o foi feita ap\u00f3s o leil\u00e3o da BR-364\/RO, realizado na \u00faltima quinta-feira (27), na B3, em S\u00e3o Paulo. Renan afirmou [&hellip;]\" \/>\n<meta property=\"og:url\" content=\"https:\/\/agenciainfra.com\/blog\/governo-nao-adiara-cronograma-de-leiloes-rodoviarios-a-pedido-do-setor-privado-diz-renan-filho\/\" \/>\n<meta property=\"og:site_name\" content=\"Ag\u00eancia iNFRA\" \/>\n<meta property=\"article:publisher\" content=\"https:\/\/www.facebook.com\/ageninfra\" \/>\n<meta property=\"article:published_time\" content=\"2025-03-01T15:00:00+00:00\" \/>\n<meta property=\"article:modified_time\" content=\"2025-03-07T08:53:48+00:00\" \/>\n<meta property=\"og:image\" content=\"https:\/\/agenciainfra.com\/blog\/wp-content\/uploads\/2024\/08\/renan-filho-foto-agencia-brasil-paulo-pinto.jpg\" \/>\n\t<meta property=\"og:image:width\" content=\"1202\" \/>\n\t<meta property=\"og:image:height\" content=\"801\" \/>\n\t<meta property=\"og:image:type\" content=\"image\/jpeg\" \/>\n<meta name=\"author\" content=\"Ag\u00eancia iNFRA\" \/>\n<meta name=\"twitter:card\" content=\"summary_large_image\" \/>\n<meta name=\"twitter:creator\" content=\"@agencia_infra\" \/>\n<meta name=\"twitter:site\" content=\"@agencia_infra\" \/>\n<meta name=\"twitter:label1\" content=\"Escrito por\" \/>\n\t<meta name=\"twitter:data1\" content=\"Ag\u00eancia iNFRA\" \/>\n\t<meta name=\"twitter:label2\" content=\"Est. tempo de leitura\" \/>\n\t<meta name=\"twitter:data2\" content=\"4 minutos\" \/>\n<script type=\"application\/ld+json\" class=\"yoast-schema-graph\">{\"@context\":\"https:\/\/schema.org\",\"@graph\":[{\"@type\":\"Article\",\"@id\":\"https:\/\/agenciainfra.com\/blog\/governo-nao-adiara-cronograma-de-leiloes-rodoviarios-a-pedido-do-setor-privado-diz-renan-filho\/#article\",\"isPartOf\":{\"@id\":\"https:\/\/agenciainfra.com\/blog\/governo-nao-adiara-cronograma-de-leiloes-rodoviarios-a-pedido-do-setor-privado-diz-renan-filho\/\"},\"author\":{\"name\":\"Ag\u00eancia iNFRA\",\"@id\":\"https:\/\/agenciainfra.com\/blog\/#\/schema\/person\/34af08dff6adea4cb22b06612ba7acfa\"},\"headline\":\"Governo n\u00e3o adiar\u00e1 cronograma de leil\u00f5es rodovi\u00e1rios a pedido do setor privado, diz Renan Filho\",\"datePublished\":\"2025-03-01T15:00:00+00:00\",\"dateModified\":\"2025-03-07T08:53:48+00:00\",\"mainEntityOfPage\":{\"@id\":\"https:\/\/agenciainfra.com\/blog\/governo-nao-adiara-cronograma-de-leiloes-rodoviarios-a-pedido-do-setor-privado-diz-renan-filho\/\"},\"wordCount\":878,\"publisher\":{\"@id\":\"https:\/\/agenciainfra.com\/blog\/#organization\"},\"image\":{\"@id\":\"https:\/\/agenciainfra.com\/blog\/governo-nao-adiara-cronograma-de-leiloes-rodoviarios-a-pedido-do-setor-privado-diz-renan-filho\/#primaryimage\"},\"thumbnailUrl\":\"https:\/\/agenciainfra.com\/blog\/wp-content\/uploads\/2024\/08\/renan-filho-foto-agencia-brasil-paulo-pinto.jpg\",\"keywords\":[\"Atualiza\u00e7\u00e3o monet\u00e1ria\",\"concess\u00f5es\",\"cons\u00f3rcio 4UM-Opportunity\",\"cronograma de leil\u00f5es\",\"George Santoro\",\"Investimentos\",\"leil\u00e3o da BR-364\/RO\",\"leil\u00f5es\",\"leil\u00f5es rodovi\u00e1rios\",\"minist\u00e9rio dos transportes\",\"Renan Filho\",\"rodovias\",\"Sheyla Santos\",\"transportes\"],\"articleSection\":[\"Destaque Menor\",\"Geral\",\"iNFRATransporte\"],\"inLanguage\":\"pt-BR\",\"copyrightYear\":\"2025\",\"copyrightHolder\":{\"@id\":\"https:\/\/agenciainfra.com\/blog\/#organization\"}},{\"@type\":\"WebPage\",\"@id\":\"https:\/\/agenciainfra.com\/blog\/governo-nao-adiara-cronograma-de-leiloes-rodoviarios-a-pedido-do-setor-privado-diz-renan-filho\/\",\"url\":\"https:\/\/agenciainfra.com\/blog\/governo-nao-adiara-cronograma-de-leiloes-rodoviarios-a-pedido-do-setor-privado-diz-renan-filho\/\",\"name\":\"Governo n\u00e3o adiar\u00e1 cronograma de leil\u00f5es rodovi\u00e1rios a pedido do setor privado, diz Renan Filho - Ag\u00eancia iNFRA\",\"isPartOf\":{\"@id\":\"https:\/\/agenciainfra.com\/blog\/#website\"},\"primaryImageOfPage\":{\"@id\":\"https:\/\/agenciainfra.com\/blog\/governo-nao-adiara-cronograma-de-leiloes-rodoviarios-a-pedido-do-setor-privado-diz-renan-filho\/#primaryimage\"},\"image\":{\"@id\":\"https:\/\/agenciainfra.com\/blog\/governo-nao-adiara-cronograma-de-leiloes-rodoviarios-a-pedido-do-setor-privado-diz-renan-filho\/#primaryimage\"},\"thumbnailUrl\":\"https:\/\/agenciainfra.com\/blog\/wp-content\/uploads\/2024\/08\/renan-filho-foto-agencia-brasil-paulo-pinto.jpg\",\"datePublished\":\"2025-03-01T15:00:00+00:00\",\"dateModified\":\"2025-03-07T08:53:48+00:00\",\"breadcrumb\":{\"@id\":\"https:\/\/agenciainfra.com\/blog\/governo-nao-adiara-cronograma-de-leiloes-rodoviarios-a-pedido-do-setor-privado-diz-renan-filho\/#breadcrumb\"},\"inLanguage\":\"pt-BR\",\"potentialAction\":[{\"@type\":\"ReadAction\",\"target\":[\"https:\/\/agenciainfra.com\/blog\/governo-nao-adiara-cronograma-de-leiloes-rodoviarios-a-pedido-do-setor-privado-diz-renan-filho\/\"]}]},{\"@type\":\"ImageObject\",\"inLanguage\":\"pt-BR\",\"@id\":\"https:\/\/agenciainfra.com\/blog\/governo-nao-adiara-cronograma-de-leiloes-rodoviarios-a-pedido-do-setor-privado-diz-renan-filho\/#primaryimage\",\"url\":\"https:\/\/agenciainfra.com\/blog\/wp-content\/uploads\/2024\/08\/renan-filho-foto-agencia-brasil-paulo-pinto.jpg\",\"contentUrl\":\"https:\/\/agenciainfra.com\/blog\/wp-content\/uploads\/2024\/08\/renan-filho-foto-agencia-brasil-paulo-pinto.jpg\",\"width\":1202,\"height\":801},{\"@type\":\"BreadcrumbList\",\"@id\":\"https:\/\/agenciainfra.com\/blog\/governo-nao-adiara-cronograma-de-leiloes-rodoviarios-a-pedido-do-setor-privado-diz-renan-filho\/#breadcrumb\",\"itemListElement\":[{\"@type\":\"ListItem\",\"position\":1,\"name\":\"In\u00edcio\",\"item\":\"https:\/\/agenciainfra.com\/blog\/\"},{\"@type\":\"ListItem\",\"position\":2,\"name\":\"Governo n\u00e3o adiar\u00e1 cronograma de leil\u00f5es rodovi\u00e1rios a pedido do setor privado, diz Renan Filho\"}]},{\"@type\":\"WebSite\",\"@id\":\"https:\/\/agenciainfra.com\/blog\/#website\",\"url\":\"https:\/\/agenciainfra.com\/blog\/\",\"name\":\"Ag\u00eancia iNFRA\",\"description\":\"Multiplataforma de informa\u00e7\u00e3o jornal\u00edstica refer\u00eancia na \u00e1rea de infraestrutura no Brasil!\",\"publisher\":{\"@id\":\"https:\/\/agenciainfra.com\/blog\/#organization\"},\"potentialAction\":[{\"@type\":\"SearchAction\",\"target\":{\"@type\":\"EntryPoint\",\"urlTemplate\":\"https:\/\/agenciainfra.com\/blog\/?s={search_term_string}\"},\"query-input\":{\"@type\":\"PropertyValueSpecification\",\"valueRequired\":true,\"valueName\":\"search_term_string\"}}],\"inLanguage\":\"pt-BR\"},{\"@type\":\"Organization\",\"@id\":\"https:\/\/agenciainfra.com\/blog\/#organization\",\"name\":\"Ag\u00eancia iNFRA\",\"url\":\"https:\/\/agenciainfra.com\/blog\/\",\"logo\":{\"@type\":\"ImageObject\",\"inLanguage\":\"pt-BR\",\"@id\":\"https:\/\/agenciainfra.com\/blog\/#\/schema\/logo\/image\/\",\"url\":\"https:\/\/agenciainfra.com\/blog\/wp-content\/uploads\/2023\/09\/iNFRA_5-e1761735885940.png\",\"contentUrl\":\"https:\/\/agenciainfra.com\/blog\/wp-content\/uploads\/2023\/09\/iNFRA_5-e1761735885940.png\",\"width\":1672,\"height\":454,\"caption\":\"Ag\u00eancia iNFRA\"},\"image\":{\"@id\":\"https:\/\/agenciainfra.com\/blog\/#\/schema\/logo\/image\/\"},\"sameAs\":[\"https:\/\/www.facebook.com\/ageninfra\",\"https:\/\/x.com\/agencia_infra\",\"https:\/\/www.linkedin.com\/company\/ag\u00eanciainfra\/\",\"https:\/\/www.instagram.com\/agenciainfra\/\"]},{\"@type\":\"Person\",\"@id\":\"https:\/\/agenciainfra.com\/blog\/#\/schema\/person\/34af08dff6adea4cb22b06612ba7acfa\",\"name\":\"Ag\u00eancia iNFRA\",\"image\":{\"@type\":\"ImageObject\",\"inLanguage\":\"pt-BR\",\"@id\":\"https:\/\/agenciainfra.com\/blog\/#\/schema\/person\/image\/\",\"url\":\"https:\/\/secure.gravatar.com\/avatar\/d189e01678f06d8eb84d4e01f08eb848b3fffe3f8443818d3c356c66892f5be8?s=96&d=mm&r=g\",\"contentUrl\":\"https:\/\/secure.gravatar.com\/avatar\/d189e01678f06d8eb84d4e01f08eb848b3fffe3f8443818d3c356c66892f5be8?s=96&d=mm&r=g\",\"caption\":\"Ag\u00eancia iNFRA\"},\"url\":\"https:\/\/agenciainfra.com\/blog\/author\/admin\/\"}]}<\/script>\n<!-- \/ Yoast SEO Premium plugin. -->","yoast_head_json":{"title":"Governo n\u00e3o adiar\u00e1 cronograma de leil\u00f5es rodovi\u00e1rios a pedido do setor privado, diz Renan Filho - Ag\u00eancia iNFRA","robots":{"index":"index","follow":"follow","max-snippet":"max-snippet:-1","max-image-preview":"max-image-preview:large","max-video-preview":"max-video-preview:-1"},"canonical":"https:\/\/agenciainfra.com\/blog\/governo-nao-adiara-cronograma-de-leiloes-rodoviarios-a-pedido-do-setor-privado-diz-renan-filho\/","og_locale":"pt_BR","og_type":"article","og_title":"Governo n\u00e3o adiar\u00e1 cronograma de leil\u00f5es rodovi\u00e1rios a pedido do setor privado, diz Renan Filho","og_description":"Sheyla Santos, da Ag\u00eancia iNFRA O ministro dos Transportes, Renan Filho, disse que o governo vai manter o calend\u00e1rio de leil\u00f5es previsto para 2025 e que a iniciativa privada &#8220;precisa se organizar para competir&#8221;. A afirma\u00e7\u00e3o foi feita ap\u00f3s o leil\u00e3o da BR-364\/RO, realizado na \u00faltima quinta-feira (27), na B3, em S\u00e3o Paulo. Renan afirmou [&hellip;]","og_url":"https:\/\/agenciainfra.com\/blog\/governo-nao-adiara-cronograma-de-leiloes-rodoviarios-a-pedido-do-setor-privado-diz-renan-filho\/","og_site_name":"Ag\u00eancia iNFRA","article_publisher":"https:\/\/www.facebook.com\/ageninfra","article_published_time":"2025-03-01T15:00:00+00:00","article_modified_time":"2025-03-07T08:53:48+00:00","og_image":[{"width":1202,"height":801,"url":"https:\/\/agenciainfra.com\/blog\/wp-content\/uploads\/2024\/08\/renan-filho-foto-agencia-brasil-paulo-pinto.jpg","type":"image\/jpeg"}],"author":"Ag\u00eancia iNFRA","twitter_card":"summary_large_image","twitter_creator":"@agencia_infra","twitter_site":"@agencia_infra","twitter_misc":{"Escrito por":"Ag\u00eancia iNFRA","Est. tempo de leitura":"4 minutos"},"schema":{"@context":"https:\/\/schema.org","@graph":[{"@type":"Article","@id":"https:\/\/agenciainfra.com\/blog\/governo-nao-adiara-cronograma-de-leiloes-rodoviarios-a-pedido-do-setor-privado-diz-renan-filho\/#article","isPartOf":{"@id":"https:\/\/agenciainfra.com\/blog\/governo-nao-adiara-cronograma-de-leiloes-rodoviarios-a-pedido-do-setor-privado-diz-renan-filho\/"},"author":{"name":"Ag\u00eancia iNFRA","@id":"https:\/\/agenciainfra.com\/blog\/#\/schema\/person\/34af08dff6adea4cb22b06612ba7acfa"},"headline":"Governo n\u00e3o adiar\u00e1 cronograma de leil\u00f5es rodovi\u00e1rios a pedido do setor privado, diz Renan Filho","datePublished":"2025-03-01T15:00:00+00:00","dateModified":"2025-03-07T08:53:48+00:00","mainEntityOfPage":{"@id":"https:\/\/agenciainfra.com\/blog\/governo-nao-adiara-cronograma-de-leiloes-rodoviarios-a-pedido-do-setor-privado-diz-renan-filho\/"},"wordCount":878,"publisher":{"@id":"https:\/\/agenciainfra.com\/blog\/#organization"},"image":{"@id":"https:\/\/agenciainfra.com\/blog\/governo-nao-adiara-cronograma-de-leiloes-rodoviarios-a-pedido-do-setor-privado-diz-renan-filho\/#primaryimage"},"thumbnailUrl":"https:\/\/agenciainfra.com\/blog\/wp-content\/uploads\/2024\/08\/renan-filho-foto-agencia-brasil-paulo-pinto.jpg","keywords":["Atualiza\u00e7\u00e3o monet\u00e1ria","concess\u00f5es","cons\u00f3rcio 4UM-Opportunity","cronograma de leil\u00f5es","George Santoro","Investimentos","leil\u00e3o da BR-364\/RO","leil\u00f5es","leil\u00f5es rodovi\u00e1rios","minist\u00e9rio dos transportes","Renan Filho","rodovias","Sheyla Santos","transportes"],"articleSection":["Destaque Menor","Geral","iNFRATransporte"],"inLanguage":"pt-BR","copyrightYear":"2025","copyrightHolder":{"@id":"https:\/\/agenciainfra.com\/blog\/#organization"}},{"@type":"WebPage","@id":"https:\/\/agenciainfra.com\/blog\/governo-nao-adiara-cronograma-de-leiloes-rodoviarios-a-pedido-do-setor-privado-diz-renan-filho\/","url":"https:\/\/agenciainfra.com\/blog\/governo-nao-adiara-cronograma-de-leiloes-rodoviarios-a-pedido-do-setor-privado-diz-renan-filho\/","name":"Governo n\u00e3o adiar\u00e1 cronograma de leil\u00f5es rodovi\u00e1rios a pedido do setor privado, diz Renan Filho - Ag\u00eancia iNFRA","isPartOf":{"@id":"https:\/\/agenciainfra.com\/blog\/#website"},"primaryImageOfPage":{"@id":"https:\/\/agenciainfra.com\/blog\/governo-nao-adiara-cronograma-de-leiloes-rodoviarios-a-pedido-do-setor-privado-diz-renan-filho\/#primaryimage"},"image":{"@id":"https:\/\/agenciainfra.com\/blog\/governo-nao-adiara-cronograma-de-leiloes-rodoviarios-a-pedido-do-setor-privado-diz-renan-filho\/#primaryimage"},"thumbnailUrl":"https:\/\/agenciainfra.com\/blog\/wp-content\/uploads\/2024\/08\/renan-filho-foto-agencia-brasil-paulo-pinto.jpg","datePublished":"2025-03-01T15:00:00+00:00","dateModified":"2025-03-07T08:53:48+00:00","breadcrumb":{"@id":"https:\/\/agenciainfra.com\/blog\/governo-nao-adiara-cronograma-de-leiloes-rodoviarios-a-pedido-do-setor-privado-diz-renan-filho\/#breadcrumb"},"inLanguage":"pt-BR","potentialAction":[{"@type":"ReadAction","target":["https:\/\/agenciainfra.com\/blog\/governo-nao-adiara-cronograma-de-leiloes-rodoviarios-a-pedido-do-setor-privado-diz-renan-filho\/"]}]},{"@type":"ImageObject","inLanguage":"pt-BR","@id":"https:\/\/agenciainfra.com\/blog\/governo-nao-adiara-cronograma-de-leiloes-rodoviarios-a-pedido-do-setor-privado-diz-renan-filho\/#primaryimage","url":"https:\/\/agenciainfra.com\/blog\/wp-content\/uploads\/2024\/08\/renan-filho-foto-agencia-brasil-paulo-pinto.jpg","contentUrl":"https:\/\/agenciainfra.com\/blog\/wp-content\/uploads\/2024\/08\/renan-filho-foto-agencia-brasil-paulo-pinto.jpg","width":1202,"height":801},{"@type":"BreadcrumbList","@id":"https:\/\/agenciainfra.com\/blog\/governo-nao-adiara-cronograma-de-leiloes-rodoviarios-a-pedido-do-setor-privado-diz-renan-filho\/#breadcrumb","itemListElement":[{"@type":"ListItem","position":1,"name":"In\u00edcio","item":"https:\/\/agenciainfra.com\/blog\/"},{"@type":"ListItem","position":2,"name":"Governo n\u00e3o adiar\u00e1 cronograma de leil\u00f5es rodovi\u00e1rios a pedido do setor privado, diz Renan Filho"}]},{"@type":"WebSite","@id":"https:\/\/agenciainfra.com\/blog\/#website","url":"https:\/\/agenciainfra.com\/blog\/","name":"Ag\u00eancia iNFRA","description":"Multiplataforma de informa\u00e7\u00e3o jornal\u00edstica refer\u00eancia na \u00e1rea de infraestrutura no Brasil!","publisher":{"@id":"https:\/\/agenciainfra.com\/blog\/#organization"},"potentialAction":[{"@type":"SearchAction","target":{"@type":"EntryPoint","urlTemplate":"https:\/\/agenciainfra.com\/blog\/?s={search_term_string}"},"query-input":{"@type":"PropertyValueSpecification","valueRequired":true,"valueName":"search_term_string"}}],"inLanguage":"pt-BR"},{"@type":"Organization","@id":"https:\/\/agenciainfra.com\/blog\/#organization","name":"Ag\u00eancia iNFRA","url":"https:\/\/agenciainfra.com\/blog\/","logo":{"@type":"ImageObject","inLanguage":"pt-BR","@id":"https:\/\/agenciainfra.com\/blog\/#\/schema\/logo\/image\/","url":"https:\/\/agenciainfra.com\/blog\/wp-content\/uploads\/2023\/09\/iNFRA_5-e1761735885940.png","contentUrl":"https:\/\/agenciainfra.com\/blog\/wp-content\/uploads\/2023\/09\/iNFRA_5-e1761735885940.png","width":1672,"height":454,"caption":"Ag\u00eancia iNFRA"},"image":{"@id":"https:\/\/agenciainfra.com\/blog\/#\/schema\/logo\/image\/"},"sameAs":["https:\/\/www.facebook.com\/ageninfra","https:\/\/x.com\/agencia_infra","https:\/\/www.linkedin.com\/company\/ag\u00eanciainfra\/","https:\/\/www.instagram.com\/agenciainfra\/"]},{"@type":"Person","@id":"https:\/\/agenciainfra.com\/blog\/#\/schema\/person\/34af08dff6adea4cb22b06612ba7acfa","name":"Ag\u00eancia iNFRA","image":{"@type":"ImageObject","inLanguage":"pt-BR","@id":"https:\/\/agenciainfra.com\/blog\/#\/schema\/person\/image\/","url":"https:\/\/secure.gravatar.com\/avatar\/d189e01678f06d8eb84d4e01f08eb848b3fffe3f8443818d3c356c66892f5be8?s=96&d=mm&r=g","contentUrl":"https:\/\/secure.gravatar.com\/avatar\/d189e01678f06d8eb84d4e01f08eb848b3fffe3f8443818d3c356c66892f5be8?s=96&d=mm&r=g","caption":"Ag\u00eancia iNFRA"},"url":"https:\/\/agenciainfra.com\/blog\/author\/admin\/"}]}},"_links":{"self":[{"href":"https:\/\/agenciainfra.com\/blog\/wp-json\/wp\/v2\/posts\/20442","targetHints":{"allow":["GET"]}}],"collection":[{"href":"https:\/\/agenciainfra.com\/blog\/wp-json\/wp\/v2\/posts"}],"about":[{"href":"https:\/\/agenciainfra.com\/blog\/wp-json\/wp\/v2\/types\/post"}],"author":[{"embeddable":true,"href":"https:\/\/agenciainfra.com\/blog\/wp-json\/wp\/v2\/users\/1"}],"replies":[{"embeddable":true,"href":"https:\/\/agenciainfra.com\/blog\/wp-json\/wp\/v2\/comments?post=20442"}],"version-history":[{"count":1,"href":"https:\/\/agenciainfra.com\/blog\/wp-json\/wp\/v2\/posts\/20442\/revisions"}],"predecessor-version":[{"id":20443,"href":"https:\/\/agenciainfra.com\/blog\/wp-json\/wp\/v2\/posts\/20442\/revisions\/20443"}],"wp:featuredmedia":[{"embeddable":true,"href":"https:\/\/agenciainfra.com\/blog\/wp-json\/wp\/v2\/media\/18264"}],"wp:attachment":[{"href":"https:\/\/agenciainfra.com\/blog\/wp-json\/wp\/v2\/media?parent=20442"}],"wp:term":[{"taxonomy":"category","embeddable":true,"href":"https:\/\/agenciainfra.com\/blog\/wp-json\/wp\/v2\/categories?post=20442"},{"taxonomy":"post_tag","embeddable":true,"href":"https:\/\/agenciainfra.com\/blog\/wp-json\/wp\/v2\/tags?post=20442"}],"curies":[{"name":"wp","href":"https:\/\/api.w.org\/{rel}","templated":true}]}}