{"id":20462,"date":"2025-03-08T08:00:00","date_gmt":"2025-03-08T11:00:00","guid":{"rendered":"https:\/\/agenciainfra.com\/blog\/?p=20462"},"modified":"2025-03-10T06:00:48","modified_gmt":"2025-03-10T09:00:48","slug":"questao-concorrencial-no-tecon-10-e-espinhosa-reconhece-secretario-de-portos","status":"publish","type":"post","link":"https:\/\/agenciainfra.com\/blog\/questao-concorrencial-no-tecon-10-e-espinhosa-reconhece-secretario-de-portos\/","title":{"rendered":"Quest\u00e3o concorrencial no Tecon 10 \u00e9 &#8220;espinhosa&#8221;, reconhece secret\u00e1rio de Portos"},"content":{"rendered":"\n<p class=\"has-text-align-right\"><strong>Dimmi Amora, da Ag\u00eancia iNFRA<\/strong><\/p>\n\n\n\n<p>A ANTAQ (Ag\u00eancia Nacional de Transportes Aquavi\u00e1rios) marcou para o dia 18 de mar\u00e7o, a partir das 14h30, uma audi\u00eancia p\u00fablica h\u00edbrida para discutir o arrendamento do terminal de cont\u00eaineres Tecon 10, no porto de Santos (SP).<br><br>O processo j\u00e1 est\u00e1 em audi\u00eancia p\u00fablica desde o dia 20 de fevereiro, e as contribui\u00e7\u00f5es podem ser enviadas at\u00e9 o dia 24 de mar\u00e7o. De acordo com a ag\u00eancia, a proposta ser\u00e1 encaminhada para an\u00e1lise do TCU (Tribunal de Contas da Uni\u00e3o) ap\u00f3s essa etapa.<br><br>O arrendamento desse terminal j\u00e1 passou por audi\u00eancia p\u00fablica entre 2020 e 2022. Mas o Minist\u00e9rio de Portos e Aeroportos e a ag\u00eancia decidiram retomar o processo devido ao tempo decorrido e a mudan\u00e7a de cen\u00e1rio no mercado de cont\u00eaineres nos \u00faltimos anos.<br><br>Isso porque uma das quest\u00f5es mais complexas do processo anterior foram as restri\u00e7\u00f5es concorrenciais avaliadas para o arrendamento dessa \u00e1rea, que ser\u00e1 o maior terminal desse tipo de mercadoria no pa\u00eds.<br><br>Na \u00e9poca, os operadores verticalizados, cujo terminal portu\u00e1rio pertence a um dono de navio (armador), defendiam que n\u00e3o deveria haver qualquer tipo de restri\u00e7\u00e3o concorrencial para o arrendamento dessa \u00e1rea. Os n\u00e3o verticalizados, chamados bandeira branca, ou seja, sem armadores como s\u00f3cios, defendiam o oposto.&nbsp;<br><br>O Tecon 10 foi um dos temas principais num debate na semana passada do evento P3C, realizado em S\u00e3o Paulo, que contou com a participa\u00e7\u00e3o do secret\u00e1rio nacional de Portos do Minist\u00e9rio de Portos e Aeroportos, Alex \u00c1vila, e a quest\u00e3o foi retomada pelo mediador, o advogado Adriano Maia, da VMB Jur\u00eddica.&nbsp;<br><br>\u00c1vila reconheceu que \u00e9 um tema &#8220;espinhoso&#8221;, mas que, segundo ele, o governo vai debater sem inibi\u00e7\u00e3o para encontrar a melhor solu\u00e7\u00e3o. Ele lembrou ainda que o cen\u00e1rio que se tinha em 2020\/2022, quando surgiu a quest\u00e3o concorrencial nesse processo, j\u00e1 se alterou e que isso ser\u00e1 levado em considera\u00e7\u00e3o na an\u00e1lise.<br><br>No cen\u00e1rio descrito, havia no porto de Santos tr\u00eas grandes terminais de cont\u00eaineres. Dois eram bandeira branca (Santos Brasil e DP World). E um (BTP) \u00e9 verticalizado, com dois armadores como s\u00f3cios, os grupos MSC e Maersk, os dois maiores armadores do mundo. Em 2024, o Santos Brasil passou&nbsp;a ser verticalizado,&nbsp;controlado&nbsp;pelos terceiro&nbsp;maior&nbsp;armador&nbsp;do mundo, o grupo CMA CGM.<br><br>\u00c1vila defendeu que a verticaliza\u00e7\u00e3o no terminal da BTP, que foi constru\u00eddo no in\u00edcio da d\u00e9cada de 2010 foi muito importante para o avan\u00e7o da conteineriza\u00e7\u00e3o de cargas no pa\u00eds, agregando capacidade.<br><br><strong>Controle de oferta<\/strong><br>A diretora da ANTAQ Fl\u00e1via Takafashi lembrou que o indicativo da ag\u00eancia na primeira an\u00e1lise feita, em 2022, antes de a constru\u00e7\u00e3o do terminal de cont\u00eainer ter sido colocada como um investimento a ser feito pelo poss\u00edvel concession\u00e1rio privado do porto, era para que houvesse uma esp\u00e9cie de controle de oferta pelo arrendat\u00e1rio, como forma de evitar uma concentra\u00e7\u00e3o nociva \u00e0 concorr\u00eancia.&nbsp;<br><br>Mas, segundo ela, a an\u00e1lise n\u00e3o chegou a ser conclu\u00edda e agora ser\u00e1 retomada, em parceria com o Cade (Conselho Administrativo de Defesa Econ\u00f4mica), com o novo cen\u00e1rio concorrencial que est\u00e1 presente no porto, com dois terminais verticalizados. Patr\u00edcia Gravina, diretora do PPI (Programa de Parcerias de Investimentos) da Casa Civil, lembrou que o Tecon 10 \u00e9 um projeto priorit\u00e1rio para o governo e que ele vai a leil\u00e3o ainda neste ano.&nbsp;<br><br><strong>Outros terminais no pa\u00eds<\/strong><br>Ela defendeu que a proposta est\u00e1 equilibrada e que o fato de os recursos de outorga serem direcionados para a constru\u00e7\u00e3o de uma nova esta\u00e7\u00e3o de passageiros e haver a previs\u00e3o para uso para carga geral com movimenta\u00e7\u00e3o m\u00ednima direciona problemas apresentados previamente que tinham segurado o projeto de um terminal de cont\u00eaineres na regi\u00e3o.<br><br>Fl\u00e1via Takafashi lembrou da urg\u00eancia para o atendimento de carga do setor de cont\u00eainer, que teve 20% de crescimento no ano passado, o que tem pressionado os portos em todo pa\u00eds. Mas, segundo ela, al\u00e9m de Santos, tamb\u00e9m h\u00e1 projetos para ampliar a capacidade de movimenta\u00e7\u00e3o de cont\u00eaineres em Fortaleza (CE), Itaja\u00ed (SC) e S\u00e3o Sebasti\u00e3o (SP).<\/p>\n","protected":false},"excerpt":{"rendered":"<p>Dimmi Amora, da Ag\u00eancia iNFRA A ANTAQ (Ag\u00eancia Nacional de Transportes Aquavi\u00e1rios) marcou para o dia 18 de mar\u00e7o, a partir das 14h30, uma audi\u00eancia p\u00fablica h\u00edbrida para discutir o arrendamento do terminal de cont\u00eaineres Tecon 10, no porto de Santos (SP). O processo j\u00e1 est\u00e1 em audi\u00eancia p\u00fablica desde o dia 20 de fevereiro, [&hellip;]<\/p>\n","protected":false},"author":1,"featured_media":7481,"comment_status":"closed","ping_status":"closed","sticky":false,"template":"","format":"standard","meta":{"_monsterinsights_skip_tracking":false,"_monsterinsights_sitenote_active":false,"_monsterinsights_sitenote_note":"","_monsterinsights_sitenote_category":0,"footnotes":""},"categories":[7250,1,7],"tags":[3020,3245,873,1299,310,12723,12352,12474,4503,1634,90],"class_list":["post-20462","post","type-post","status-publish","format-standard","has-post-thumbnail","hentry","category-destaque-lista","category-geral","category-infratransporte","tag-audiencia-publica","tag-concorrencia","tag-conteineres","tag-dimmi-amora","tag-portos","tag-secretario-de-portos","tag-tecon-10","tag-tecon-santos-10","tag-terminais","tag-terminal-de-conteineres","tag-terminal-portuario"],"yoast_head":"<!-- This site is optimized with the Yoast SEO Premium plugin v25.4 (Yoast SEO v26.0) - https:\/\/yoast.com\/wordpress\/plugins\/seo\/ -->\n<title>Quest\u00e3o concorrencial no Tecon 10 \u00e9 &quot;espinhosa&quot;, reconhece secret\u00e1rio de Portos - Ag\u00eancia iNFRA<\/title>\n<meta name=\"robots\" content=\"index, follow, max-snippet:-1, max-image-preview:large, max-video-preview:-1\" \/>\n<link rel=\"canonical\" href=\"https:\/\/agenciainfra.com\/blog\/questao-concorrencial-no-tecon-10-e-espinhosa-reconhece-secretario-de-portos\/\" \/>\n<meta property=\"og:locale\" content=\"pt_BR\" \/>\n<meta property=\"og:type\" content=\"article\" \/>\n<meta property=\"og:title\" content=\"Quest\u00e3o concorrencial no Tecon 10 \u00e9 &quot;espinhosa&quot;, reconhece secret\u00e1rio de Portos\" \/>\n<meta property=\"og:description\" content=\"Dimmi Amora, da Ag\u00eancia iNFRA A ANTAQ (Ag\u00eancia Nacional de Transportes Aquavi\u00e1rios) marcou para o dia 18 de mar\u00e7o, a partir das 14h30, uma audi\u00eancia p\u00fablica h\u00edbrida para discutir o arrendamento do terminal de cont\u00eaineres Tecon 10, no porto de Santos (SP). O processo j\u00e1 est\u00e1 em audi\u00eancia p\u00fablica desde o dia 20 de fevereiro, [&hellip;]\" \/>\n<meta property=\"og:url\" content=\"https:\/\/agenciainfra.com\/blog\/questao-concorrencial-no-tecon-10-e-espinhosa-reconhece-secretario-de-portos\/\" \/>\n<meta property=\"og:site_name\" content=\"Ag\u00eancia iNFRA\" \/>\n<meta property=\"article:publisher\" content=\"https:\/\/www.facebook.com\/ageninfra\" \/>\n<meta property=\"article:published_time\" content=\"2025-03-08T11:00:00+00:00\" \/>\n<meta property=\"article:modified_time\" content=\"2025-03-10T09:00:48+00:00\" \/>\n<meta property=\"og:image\" content=\"https:\/\/agenciainfra.com\/blog\/wp-content\/uploads\/2021\/06\/porto-de-santos-foto-porto-de-santos.jpeg\" \/>\n\t<meta property=\"og:image:width\" content=\"1280\" \/>\n\t<meta property=\"og:image:height\" content=\"959\" \/>\n\t<meta property=\"og:image:type\" content=\"image\/jpeg\" \/>\n<meta name=\"author\" content=\"Ag\u00eancia iNFRA\" \/>\n<meta name=\"twitter:card\" content=\"summary_large_image\" \/>\n<meta name=\"twitter:creator\" content=\"@agencia_infra\" \/>\n<meta name=\"twitter:site\" content=\"@agencia_infra\" \/>\n<meta name=\"twitter:label1\" content=\"Escrito por\" \/>\n\t<meta name=\"twitter:data1\" content=\"Ag\u00eancia iNFRA\" \/>\n\t<meta name=\"twitter:label2\" content=\"Est. tempo de leitura\" \/>\n\t<meta name=\"twitter:data2\" content=\"4 minutos\" \/>\n<script type=\"application\/ld+json\" class=\"yoast-schema-graph\">{\"@context\":\"https:\/\/schema.org\",\"@graph\":[{\"@type\":\"Article\",\"@id\":\"https:\/\/agenciainfra.com\/blog\/questao-concorrencial-no-tecon-10-e-espinhosa-reconhece-secretario-de-portos\/#article\",\"isPartOf\":{\"@id\":\"https:\/\/agenciainfra.com\/blog\/questao-concorrencial-no-tecon-10-e-espinhosa-reconhece-secretario-de-portos\/\"},\"author\":{\"name\":\"Ag\u00eancia iNFRA\",\"@id\":\"https:\/\/agenciainfra.com\/blog\/#\/schema\/person\/34af08dff6adea4cb22b06612ba7acfa\"},\"headline\":\"Quest\u00e3o concorrencial no Tecon 10 \u00e9 &#8220;espinhosa&#8221;, reconhece secret\u00e1rio de Portos\",\"datePublished\":\"2025-03-08T11:00:00+00:00\",\"dateModified\":\"2025-03-10T09:00:48+00:00\",\"mainEntityOfPage\":{\"@id\":\"https:\/\/agenciainfra.com\/blog\/questao-concorrencial-no-tecon-10-e-espinhosa-reconhece-secretario-de-portos\/\"},\"wordCount\":755,\"publisher\":{\"@id\":\"https:\/\/agenciainfra.com\/blog\/#organization\"},\"image\":{\"@id\":\"https:\/\/agenciainfra.com\/blog\/questao-concorrencial-no-tecon-10-e-espinhosa-reconhece-secretario-de-portos\/#primaryimage\"},\"thumbnailUrl\":\"https:\/\/agenciainfra.com\/blog\/wp-content\/uploads\/2021\/06\/porto-de-santos-foto-porto-de-santos-e1763135113767.jpeg\",\"keywords\":[\"audi\u00eancia p\u00fablica\",\"concorr\u00eancia\",\"cont\u00eaineres\",\"Dimmi Amora\",\"portos\",\"secret\u00e1rio de portos\",\"Tecon 10\",\"Tecon Santos 10\",\"terminais\",\"terminal de cont\u00eaineres\",\"TERMINAL PORTU\u00c1RIO\"],\"articleSection\":[\"Destaque lista\",\"Geral\",\"iNFRATransporte\"],\"inLanguage\":\"pt-BR\",\"copyrightYear\":\"2025\",\"copyrightHolder\":{\"@id\":\"https:\/\/agenciainfra.com\/blog\/#organization\"}},{\"@type\":\"WebPage\",\"@id\":\"https:\/\/agenciainfra.com\/blog\/questao-concorrencial-no-tecon-10-e-espinhosa-reconhece-secretario-de-portos\/\",\"url\":\"https:\/\/agenciainfra.com\/blog\/questao-concorrencial-no-tecon-10-e-espinhosa-reconhece-secretario-de-portos\/\",\"name\":\"Quest\u00e3o concorrencial no Tecon 10 \u00e9 \\\"espinhosa\\\", reconhece secret\u00e1rio de Portos - Ag\u00eancia iNFRA\",\"isPartOf\":{\"@id\":\"https:\/\/agenciainfra.com\/blog\/#website\"},\"primaryImageOfPage\":{\"@id\":\"https:\/\/agenciainfra.com\/blog\/questao-concorrencial-no-tecon-10-e-espinhosa-reconhece-secretario-de-portos\/#primaryimage\"},\"image\":{\"@id\":\"https:\/\/agenciainfra.com\/blog\/questao-concorrencial-no-tecon-10-e-espinhosa-reconhece-secretario-de-portos\/#primaryimage\"},\"thumbnailUrl\":\"https:\/\/agenciainfra.com\/blog\/wp-content\/uploads\/2021\/06\/porto-de-santos-foto-porto-de-santos-e1763135113767.jpeg\",\"datePublished\":\"2025-03-08T11:00:00+00:00\",\"dateModified\":\"2025-03-10T09:00:48+00:00\",\"breadcrumb\":{\"@id\":\"https:\/\/agenciainfra.com\/blog\/questao-concorrencial-no-tecon-10-e-espinhosa-reconhece-secretario-de-portos\/#breadcrumb\"},\"inLanguage\":\"pt-BR\",\"potentialAction\":[{\"@type\":\"ReadAction\",\"target\":[\"https:\/\/agenciainfra.com\/blog\/questao-concorrencial-no-tecon-10-e-espinhosa-reconhece-secretario-de-portos\/\"]}]},{\"@type\":\"ImageObject\",\"inLanguage\":\"pt-BR\",\"@id\":\"https:\/\/agenciainfra.com\/blog\/questao-concorrencial-no-tecon-10-e-espinhosa-reconhece-secretario-de-portos\/#primaryimage\",\"url\":\"https:\/\/agenciainfra.com\/blog\/wp-content\/uploads\/2021\/06\/porto-de-santos-foto-porto-de-santos-e1763135113767.jpeg\",\"contentUrl\":\"https:\/\/agenciainfra.com\/blog\/wp-content\/uploads\/2021\/06\/porto-de-santos-foto-porto-de-santos-e1763135113767.jpeg\",\"width\":1280,\"height\":787,\"caption\":\"Foto: Autoridade Portu\u00e1ria de Santos\"},{\"@type\":\"BreadcrumbList\",\"@id\":\"https:\/\/agenciainfra.com\/blog\/questao-concorrencial-no-tecon-10-e-espinhosa-reconhece-secretario-de-portos\/#breadcrumb\",\"itemListElement\":[{\"@type\":\"ListItem\",\"position\":1,\"name\":\"In\u00edcio\",\"item\":\"https:\/\/agenciainfra.com\/blog\/\"},{\"@type\":\"ListItem\",\"position\":2,\"name\":\"Quest\u00e3o concorrencial no Tecon 10 \u00e9 &#8220;espinhosa&#8221;, reconhece secret\u00e1rio de Portos\"}]},{\"@type\":\"WebSite\",\"@id\":\"https:\/\/agenciainfra.com\/blog\/#website\",\"url\":\"https:\/\/agenciainfra.com\/blog\/\",\"name\":\"Ag\u00eancia iNFRA\",\"description\":\"Multiplataforma de informa\u00e7\u00e3o jornal\u00edstica refer\u00eancia na \u00e1rea de infraestrutura no Brasil!\",\"publisher\":{\"@id\":\"https:\/\/agenciainfra.com\/blog\/#organization\"},\"potentialAction\":[{\"@type\":\"SearchAction\",\"target\":{\"@type\":\"EntryPoint\",\"urlTemplate\":\"https:\/\/agenciainfra.com\/blog\/?s={search_term_string}\"},\"query-input\":{\"@type\":\"PropertyValueSpecification\",\"valueRequired\":true,\"valueName\":\"search_term_string\"}}],\"inLanguage\":\"pt-BR\"},{\"@type\":\"Organization\",\"@id\":\"https:\/\/agenciainfra.com\/blog\/#organization\",\"name\":\"Ag\u00eancia iNFRA\",\"url\":\"https:\/\/agenciainfra.com\/blog\/\",\"logo\":{\"@type\":\"ImageObject\",\"inLanguage\":\"pt-BR\",\"@id\":\"https:\/\/agenciainfra.com\/blog\/#\/schema\/logo\/image\/\",\"url\":\"https:\/\/agenciainfra.com\/blog\/wp-content\/uploads\/2023\/09\/iNFRA_5-e1761735885940.png\",\"contentUrl\":\"https:\/\/agenciainfra.com\/blog\/wp-content\/uploads\/2023\/09\/iNFRA_5-e1761735885940.png\",\"width\":1672,\"height\":454,\"caption\":\"Ag\u00eancia iNFRA\"},\"image\":{\"@id\":\"https:\/\/agenciainfra.com\/blog\/#\/schema\/logo\/image\/\"},\"sameAs\":[\"https:\/\/www.facebook.com\/ageninfra\",\"https:\/\/x.com\/agencia_infra\",\"https:\/\/www.linkedin.com\/company\/ag\u00eanciainfra\/\",\"https:\/\/www.instagram.com\/agenciainfra\/\"]},{\"@type\":\"Person\",\"@id\":\"https:\/\/agenciainfra.com\/blog\/#\/schema\/person\/34af08dff6adea4cb22b06612ba7acfa\",\"name\":\"Ag\u00eancia iNFRA\",\"image\":{\"@type\":\"ImageObject\",\"inLanguage\":\"pt-BR\",\"@id\":\"https:\/\/agenciainfra.com\/blog\/#\/schema\/person\/image\/\",\"url\":\"https:\/\/secure.gravatar.com\/avatar\/d189e01678f06d8eb84d4e01f08eb848b3fffe3f8443818d3c356c66892f5be8?s=96&d=mm&r=g\",\"contentUrl\":\"https:\/\/secure.gravatar.com\/avatar\/d189e01678f06d8eb84d4e01f08eb848b3fffe3f8443818d3c356c66892f5be8?s=96&d=mm&r=g\",\"caption\":\"Ag\u00eancia iNFRA\"},\"url\":\"https:\/\/agenciainfra.com\/blog\/author\/admin\/\"}]}<\/script>\n<!-- \/ Yoast SEO Premium plugin. -->","yoast_head_json":{"title":"Quest\u00e3o concorrencial no Tecon 10 \u00e9 \"espinhosa\", reconhece secret\u00e1rio de Portos - Ag\u00eancia iNFRA","robots":{"index":"index","follow":"follow","max-snippet":"max-snippet:-1","max-image-preview":"max-image-preview:large","max-video-preview":"max-video-preview:-1"},"canonical":"https:\/\/agenciainfra.com\/blog\/questao-concorrencial-no-tecon-10-e-espinhosa-reconhece-secretario-de-portos\/","og_locale":"pt_BR","og_type":"article","og_title":"Quest\u00e3o concorrencial no Tecon 10 \u00e9 \"espinhosa\", reconhece secret\u00e1rio de Portos","og_description":"Dimmi Amora, da Ag\u00eancia iNFRA A ANTAQ (Ag\u00eancia Nacional de Transportes Aquavi\u00e1rios) marcou para o dia 18 de mar\u00e7o, a partir das 14h30, uma audi\u00eancia p\u00fablica h\u00edbrida para discutir o arrendamento do terminal de cont\u00eaineres Tecon 10, no porto de Santos (SP). O processo j\u00e1 est\u00e1 em audi\u00eancia p\u00fablica desde o dia 20 de fevereiro, [&hellip;]","og_url":"https:\/\/agenciainfra.com\/blog\/questao-concorrencial-no-tecon-10-e-espinhosa-reconhece-secretario-de-portos\/","og_site_name":"Ag\u00eancia iNFRA","article_publisher":"https:\/\/www.facebook.com\/ageninfra","article_published_time":"2025-03-08T11:00:00+00:00","article_modified_time":"2025-03-10T09:00:48+00:00","og_image":[{"width":1280,"height":959,"url":"https:\/\/agenciainfra.com\/blog\/wp-content\/uploads\/2021\/06\/porto-de-santos-foto-porto-de-santos.jpeg","type":"image\/jpeg"}],"author":"Ag\u00eancia iNFRA","twitter_card":"summary_large_image","twitter_creator":"@agencia_infra","twitter_site":"@agencia_infra","twitter_misc":{"Escrito por":"Ag\u00eancia iNFRA","Est. tempo de leitura":"4 minutos"},"schema":{"@context":"https:\/\/schema.org","@graph":[{"@type":"Article","@id":"https:\/\/agenciainfra.com\/blog\/questao-concorrencial-no-tecon-10-e-espinhosa-reconhece-secretario-de-portos\/#article","isPartOf":{"@id":"https:\/\/agenciainfra.com\/blog\/questao-concorrencial-no-tecon-10-e-espinhosa-reconhece-secretario-de-portos\/"},"author":{"name":"Ag\u00eancia iNFRA","@id":"https:\/\/agenciainfra.com\/blog\/#\/schema\/person\/34af08dff6adea4cb22b06612ba7acfa"},"headline":"Quest\u00e3o concorrencial no Tecon 10 \u00e9 &#8220;espinhosa&#8221;, reconhece secret\u00e1rio de Portos","datePublished":"2025-03-08T11:00:00+00:00","dateModified":"2025-03-10T09:00:48+00:00","mainEntityOfPage":{"@id":"https:\/\/agenciainfra.com\/blog\/questao-concorrencial-no-tecon-10-e-espinhosa-reconhece-secretario-de-portos\/"},"wordCount":755,"publisher":{"@id":"https:\/\/agenciainfra.com\/blog\/#organization"},"image":{"@id":"https:\/\/agenciainfra.com\/blog\/questao-concorrencial-no-tecon-10-e-espinhosa-reconhece-secretario-de-portos\/#primaryimage"},"thumbnailUrl":"https:\/\/agenciainfra.com\/blog\/wp-content\/uploads\/2021\/06\/porto-de-santos-foto-porto-de-santos-e1763135113767.jpeg","keywords":["audi\u00eancia p\u00fablica","concorr\u00eancia","cont\u00eaineres","Dimmi Amora","portos","secret\u00e1rio de portos","Tecon 10","Tecon Santos 10","terminais","terminal de cont\u00eaineres","TERMINAL PORTU\u00c1RIO"],"articleSection":["Destaque lista","Geral","iNFRATransporte"],"inLanguage":"pt-BR","copyrightYear":"2025","copyrightHolder":{"@id":"https:\/\/agenciainfra.com\/blog\/#organization"}},{"@type":"WebPage","@id":"https:\/\/agenciainfra.com\/blog\/questao-concorrencial-no-tecon-10-e-espinhosa-reconhece-secretario-de-portos\/","url":"https:\/\/agenciainfra.com\/blog\/questao-concorrencial-no-tecon-10-e-espinhosa-reconhece-secretario-de-portos\/","name":"Quest\u00e3o concorrencial no Tecon 10 \u00e9 \"espinhosa\", reconhece secret\u00e1rio de Portos - Ag\u00eancia iNFRA","isPartOf":{"@id":"https:\/\/agenciainfra.com\/blog\/#website"},"primaryImageOfPage":{"@id":"https:\/\/agenciainfra.com\/blog\/questao-concorrencial-no-tecon-10-e-espinhosa-reconhece-secretario-de-portos\/#primaryimage"},"image":{"@id":"https:\/\/agenciainfra.com\/blog\/questao-concorrencial-no-tecon-10-e-espinhosa-reconhece-secretario-de-portos\/#primaryimage"},"thumbnailUrl":"https:\/\/agenciainfra.com\/blog\/wp-content\/uploads\/2021\/06\/porto-de-santos-foto-porto-de-santos-e1763135113767.jpeg","datePublished":"2025-03-08T11:00:00+00:00","dateModified":"2025-03-10T09:00:48+00:00","breadcrumb":{"@id":"https:\/\/agenciainfra.com\/blog\/questao-concorrencial-no-tecon-10-e-espinhosa-reconhece-secretario-de-portos\/#breadcrumb"},"inLanguage":"pt-BR","potentialAction":[{"@type":"ReadAction","target":["https:\/\/agenciainfra.com\/blog\/questao-concorrencial-no-tecon-10-e-espinhosa-reconhece-secretario-de-portos\/"]}]},{"@type":"ImageObject","inLanguage":"pt-BR","@id":"https:\/\/agenciainfra.com\/blog\/questao-concorrencial-no-tecon-10-e-espinhosa-reconhece-secretario-de-portos\/#primaryimage","url":"https:\/\/agenciainfra.com\/blog\/wp-content\/uploads\/2021\/06\/porto-de-santos-foto-porto-de-santos-e1763135113767.jpeg","contentUrl":"https:\/\/agenciainfra.com\/blog\/wp-content\/uploads\/2021\/06\/porto-de-santos-foto-porto-de-santos-e1763135113767.jpeg","width":1280,"height":787,"caption":"Foto: Autoridade Portu\u00e1ria de Santos"},{"@type":"BreadcrumbList","@id":"https:\/\/agenciainfra.com\/blog\/questao-concorrencial-no-tecon-10-e-espinhosa-reconhece-secretario-de-portos\/#breadcrumb","itemListElement":[{"@type":"ListItem","position":1,"name":"In\u00edcio","item":"https:\/\/agenciainfra.com\/blog\/"},{"@type":"ListItem","position":2,"name":"Quest\u00e3o concorrencial no Tecon 10 \u00e9 &#8220;espinhosa&#8221;, reconhece secret\u00e1rio de Portos"}]},{"@type":"WebSite","@id":"https:\/\/agenciainfra.com\/blog\/#website","url":"https:\/\/agenciainfra.com\/blog\/","name":"Ag\u00eancia iNFRA","description":"Multiplataforma de informa\u00e7\u00e3o jornal\u00edstica refer\u00eancia na \u00e1rea de infraestrutura no Brasil!","publisher":{"@id":"https:\/\/agenciainfra.com\/blog\/#organization"},"potentialAction":[{"@type":"SearchAction","target":{"@type":"EntryPoint","urlTemplate":"https:\/\/agenciainfra.com\/blog\/?s={search_term_string}"},"query-input":{"@type":"PropertyValueSpecification","valueRequired":true,"valueName":"search_term_string"}}],"inLanguage":"pt-BR"},{"@type":"Organization","@id":"https:\/\/agenciainfra.com\/blog\/#organization","name":"Ag\u00eancia iNFRA","url":"https:\/\/agenciainfra.com\/blog\/","logo":{"@type":"ImageObject","inLanguage":"pt-BR","@id":"https:\/\/agenciainfra.com\/blog\/#\/schema\/logo\/image\/","url":"https:\/\/agenciainfra.com\/blog\/wp-content\/uploads\/2023\/09\/iNFRA_5-e1761735885940.png","contentUrl":"https:\/\/agenciainfra.com\/blog\/wp-content\/uploads\/2023\/09\/iNFRA_5-e1761735885940.png","width":1672,"height":454,"caption":"Ag\u00eancia iNFRA"},"image":{"@id":"https:\/\/agenciainfra.com\/blog\/#\/schema\/logo\/image\/"},"sameAs":["https:\/\/www.facebook.com\/ageninfra","https:\/\/x.com\/agencia_infra","https:\/\/www.linkedin.com\/company\/ag\u00eanciainfra\/","https:\/\/www.instagram.com\/agenciainfra\/"]},{"@type":"Person","@id":"https:\/\/agenciainfra.com\/blog\/#\/schema\/person\/34af08dff6adea4cb22b06612ba7acfa","name":"Ag\u00eancia iNFRA","image":{"@type":"ImageObject","inLanguage":"pt-BR","@id":"https:\/\/agenciainfra.com\/blog\/#\/schema\/person\/image\/","url":"https:\/\/secure.gravatar.com\/avatar\/d189e01678f06d8eb84d4e01f08eb848b3fffe3f8443818d3c356c66892f5be8?s=96&d=mm&r=g","contentUrl":"https:\/\/secure.gravatar.com\/avatar\/d189e01678f06d8eb84d4e01f08eb848b3fffe3f8443818d3c356c66892f5be8?s=96&d=mm&r=g","caption":"Ag\u00eancia iNFRA"},"url":"https:\/\/agenciainfra.com\/blog\/author\/admin\/"}]}},"_links":{"self":[{"href":"https:\/\/agenciainfra.com\/blog\/wp-json\/wp\/v2\/posts\/20462","targetHints":{"allow":["GET"]}}],"collection":[{"href":"https:\/\/agenciainfra.com\/blog\/wp-json\/wp\/v2\/posts"}],"about":[{"href":"https:\/\/agenciainfra.com\/blog\/wp-json\/wp\/v2\/types\/post"}],"author":[{"embeddable":true,"href":"https:\/\/agenciainfra.com\/blog\/wp-json\/wp\/v2\/users\/1"}],"replies":[{"embeddable":true,"href":"https:\/\/agenciainfra.com\/blog\/wp-json\/wp\/v2\/comments?post=20462"}],"version-history":[{"count":1,"href":"https:\/\/agenciainfra.com\/blog\/wp-json\/wp\/v2\/posts\/20462\/revisions"}],"predecessor-version":[{"id":20463,"href":"https:\/\/agenciainfra.com\/blog\/wp-json\/wp\/v2\/posts\/20462\/revisions\/20463"}],"wp:featuredmedia":[{"embeddable":true,"href":"https:\/\/agenciainfra.com\/blog\/wp-json\/wp\/v2\/media\/7481"}],"wp:attachment":[{"href":"https:\/\/agenciainfra.com\/blog\/wp-json\/wp\/v2\/media?parent=20462"}],"wp:term":[{"taxonomy":"category","embeddable":true,"href":"https:\/\/agenciainfra.com\/blog\/wp-json\/wp\/v2\/categories?post=20462"},{"taxonomy":"post_tag","embeddable":true,"href":"https:\/\/agenciainfra.com\/blog\/wp-json\/wp\/v2\/tags?post=20462"}],"curies":[{"name":"wp","href":"https:\/\/api.w.org\/{rel}","templated":true}]}}