{"id":20472,"date":"2025-03-10T08:00:00","date_gmt":"2025-03-10T11:00:00","guid":{"rendered":"https:\/\/agenciainfra.com\/blog\/?p=20472"},"modified":"2025-03-10T10:38:28","modified_gmt":"2025-03-10T13:38:28","slug":"calendario-de-leiloes-esta-mantido-mas-dois-processos-competitivos-seguem-travados-no-tcu","status":"publish","type":"post","link":"https:\/\/agenciainfra.com\/blog\/calendario-de-leiloes-esta-mantido-mas-dois-processos-competitivos-seguem-travados-no-tcu\/","title":{"rendered":"Calend\u00e1rio de leil\u00f5es est\u00e1 mantido, mas dois processos competitivos seguem travados no TCU"},"content":{"rendered":"\n<p class=\"has-text-align-right\"><strong>da Ag\u00eancia iNFRA<\/strong><\/p>\n\n\n\n<p>A secret\u00e1ria de Rodovias do Minist\u00e9rio dos Transportes, Viviane Esse, afirmou que o calend\u00e1rio de leil\u00f5es do ano segue mantido, com estimativa de que at\u00e9 dezembro possam ser feitos 15 projetos. Entre esses leil\u00f5es, j\u00e1 est\u00e1 marcado o primeiro processo competitivo para projetos que foram repactuados no TCU, o da BR-163\/MS, da CCR MSVia, previsto para 22 de maio. Viviane acredita que, al\u00e9m da CCR, que pelo modelo fica com a concess\u00e3o repactuada se n\u00e3o houver concorrentes, pode haver outras companhias interessadas nessa disputa in\u00e9dita.<\/p>\n\n\n\n<p>Entre agentes do mercado, no entanto, h\u00e1 algum ceticismo sobre se haver\u00e1 outras empresas interessadas em disputar com os atuais operadores esse tipo de contrato repactuado. Al\u00e9m do risco de um modelo ainda desconhecido, o pa\u00eds est\u00e1 com uma grande oferta de projetos de concess\u00e3o rodovi\u00e1ria, com estimativa de mais de 30 para este ano, entre os governos federal e subnacionais.<\/p>\n\n\n\n<p>Realizar um leil\u00e3o em que a atual concession\u00e1ria pode manter-se tamb\u00e9m tem levado preocupa\u00e7\u00f5es \u00e0s comunidades locais, de acordo com o senador Nelsinho Trad (PSD-MS). \u00c0&nbsp;<strong>Ag\u00eancia iNFRA<\/strong>, ele lembrou que&nbsp;<a href=\"https:\/\/agenciainfra.com\/blog\/tcu-aprova-repactuacao-da-br-163-ms-com-acrescimo-de-dez-anos-de-contrato-e-capex-de-r-93-bi\/\">a proposta n\u00e3o teve apoio un\u00e2nime no TCU<\/a>&nbsp;e que ela passou com uma proposta de ped\u00e1gio mais alta e com menos duplica\u00e7\u00e3o que o previsto no contrato original, que tinha ped\u00e1gio caro e n\u00e3o entregou o previsto.&nbsp;&nbsp;<\/p>\n\n\n\n<p><strong>Outros processos competitivos travados<\/strong><br>Al\u00e9m da CCR MSVia, outras duas concession\u00e1rias j\u00e1 passaram pela etapa de acordo de repactua\u00e7\u00e3o nas comiss\u00f5es do TCU, a&nbsp;<a href=\"https:\/\/agenciainfra.com\/blog\/em-nova-analise-de-acordo-tcu-aperta-ainda-mais-exigencia-para-repactuacao-de-rodovias\/\">Arteris Fluminense (BR-101\/RJ)<\/a>&nbsp;e&nbsp;<a href=\"https:\/\/agenciainfra.com\/blog\/pedidos-de-mudancas-do-tcu-no-acordo-com-a-eco101-podem-ser-solucionados-mas-preocupam\/\">Eco101 (BR-101\/ES)<\/a>. No entanto, a situa\u00e7\u00e3o das duas, que foram aprovadas antes da MSVia, \u00e9 bem diferente, porque os ministros do TCU aprovaram um ac\u00f3rd\u00e3o com v\u00e1rias restri\u00e7\u00f5es em rela\u00e7\u00e3o ao que foi pactuado entre poder concedente e concession\u00e1ria.<\/p>\n\n\n\n<p>Pelas decis\u00f5es do plen\u00e1rio, essas restri\u00e7\u00f5es precisariam ser revistas ou justificadas ao \u00f3rg\u00e3o de controle. Como h\u00e1, entre as restri\u00e7\u00f5es, condi\u00e7\u00f5es econ\u00f4micas do novo contrato pactuadas de comum acordo, seria necess\u00e1rio praticamente recome\u00e7ar as negocia\u00e7\u00f5es se elas forem modificadas. Por isso, a decis\u00e3o do poder concedente foi a de tentar justificar que os valores pactuados est\u00e3o corretos.&nbsp;<\/p>\n\n\n\n<p>No entanto, essas explica\u00e7\u00f5es ainda n\u00e3o est\u00e3o aceitas pelos t\u00e9cnicos do \u00f3rg\u00e3o e pelos ministros que avaliaram o processo, Benjamin Zymler e Walton Alencar, o que est\u00e1 fazendo com que o cronograma das duas concess\u00f5es, previstas inicialmente para abril, fosse postergado para junho, e agora n\u00e3o h\u00e1 garantia nem mesmo de que ser\u00e1 feito neste semestre, segundo t\u00e9cnicos ouvidos pela&nbsp;<strong>Ag\u00eancia iNFRA<\/strong>.<\/p>\n","protected":false},"excerpt":{"rendered":"<p>da Ag\u00eancia iNFRA A secret\u00e1ria de Rodovias do Minist\u00e9rio dos Transportes, Viviane Esse, afirmou que o calend\u00e1rio de leil\u00f5es do ano segue mantido, com estimativa de que at\u00e9 dezembro possam ser feitos 15 projetos. Entre esses leil\u00f5es, j\u00e1 est\u00e1 marcado o primeiro processo competitivo para projetos que foram repactuados no TCU, o da BR-163\/MS, da [&hellip;]<\/p>\n","protected":false},"author":1,"featured_media":6902,"comment_status":"closed","ping_status":"closed","sticky":false,"template":"","format":"standard","meta":{"_monsterinsights_skip_tracking":false,"_monsterinsights_sitenote_active":false,"_monsterinsights_sitenote_note":"","_monsterinsights_sitenote_category":0,"footnotes":""},"categories":[7250,1,7],"tags":[2542,6266,4995,3226,12736,11686,12738,3791,346,8626,12737,12739,18,1396],"class_list":["post-20472","post","type-post","status-publish","format-standard","has-post-thumbnail","hentry","category-destaque-lista","category-geral","category-infratransporte","tag-arteris-fluminense","tag-br-101-es","tag-br-101-rj","tag-br-163-ms","tag-calendario-de-leoloes","tag-ccr-msvia","tag-concessoes-no-tcu","tag-eco101","tag-leiloes","tag-leiloes-de-rodovias","tag-processos-competitivos","tag-processos-de-concessao-de-rodovias-no-tcu","tag-tcu","tag-viviane-esse"],"yoast_head":"<!-- This site is optimized with the Yoast SEO Premium plugin v25.4 (Yoast SEO v26.0) - https:\/\/yoast.com\/wordpress\/plugins\/seo\/ -->\n<title>Calend\u00e1rio de leil\u00f5es est\u00e1 mantido, mas dois processos competitivos seguem travados no TCU - Ag\u00eancia iNFRA<\/title>\n<meta name=\"robots\" content=\"index, follow, max-snippet:-1, max-image-preview:large, max-video-preview:-1\" \/>\n<link rel=\"canonical\" href=\"https:\/\/agenciainfra.com\/blog\/calendario-de-leiloes-esta-mantido-mas-dois-processos-competitivos-seguem-travados-no-tcu\/\" \/>\n<meta property=\"og:locale\" content=\"pt_BR\" \/>\n<meta property=\"og:type\" content=\"article\" \/>\n<meta property=\"og:title\" content=\"Calend\u00e1rio de leil\u00f5es est\u00e1 mantido, mas dois processos competitivos seguem travados no TCU\" \/>\n<meta property=\"og:description\" content=\"da Ag\u00eancia iNFRA A secret\u00e1ria de Rodovias do Minist\u00e9rio dos Transportes, Viviane Esse, afirmou que o calend\u00e1rio de leil\u00f5es do ano segue mantido, com estimativa de que at\u00e9 dezembro possam ser feitos 15 projetos. Entre esses leil\u00f5es, j\u00e1 est\u00e1 marcado o primeiro processo competitivo para projetos que foram repactuados no TCU, o da BR-163\/MS, da [&hellip;]\" \/>\n<meta property=\"og:url\" content=\"https:\/\/agenciainfra.com\/blog\/calendario-de-leiloes-esta-mantido-mas-dois-processos-competitivos-seguem-travados-no-tcu\/\" \/>\n<meta property=\"og:site_name\" content=\"Ag\u00eancia iNFRA\" \/>\n<meta property=\"article:publisher\" content=\"https:\/\/www.facebook.com\/ageninfra\" \/>\n<meta property=\"article:published_time\" content=\"2025-03-10T11:00:00+00:00\" \/>\n<meta property=\"article:modified_time\" content=\"2025-03-10T13:38:28+00:00\" \/>\n<meta property=\"og:image\" content=\"https:\/\/agenciainfra.com\/blog\/wp-content\/uploads\/2021\/03\/br-163-ms-foto-antt.jpeg\" \/>\n\t<meta property=\"og:image:width\" content=\"1280\" \/>\n\t<meta property=\"og:image:height\" content=\"718\" \/>\n\t<meta property=\"og:image:type\" content=\"image\/jpeg\" \/>\n<meta name=\"author\" content=\"Ag\u00eancia iNFRA\" \/>\n<meta name=\"twitter:card\" content=\"summary_large_image\" \/>\n<meta name=\"twitter:creator\" content=\"@agencia_infra\" \/>\n<meta name=\"twitter:site\" content=\"@agencia_infra\" \/>\n<meta name=\"twitter:label1\" content=\"Escrito por\" \/>\n\t<meta name=\"twitter:data1\" content=\"Ag\u00eancia iNFRA\" \/>\n\t<meta name=\"twitter:label2\" content=\"Est. tempo de leitura\" \/>\n\t<meta name=\"twitter:data2\" content=\"2 minutos\" \/>\n<script type=\"application\/ld+json\" class=\"yoast-schema-graph\">{\"@context\":\"https:\/\/schema.org\",\"@graph\":[{\"@type\":\"Article\",\"@id\":\"https:\/\/agenciainfra.com\/blog\/calendario-de-leiloes-esta-mantido-mas-dois-processos-competitivos-seguem-travados-no-tcu\/#article\",\"isPartOf\":{\"@id\":\"https:\/\/agenciainfra.com\/blog\/calendario-de-leiloes-esta-mantido-mas-dois-processos-competitivos-seguem-travados-no-tcu\/\"},\"author\":{\"name\":\"Ag\u00eancia iNFRA\",\"@id\":\"https:\/\/agenciainfra.com\/blog\/#\/schema\/person\/34af08dff6adea4cb22b06612ba7acfa\"},\"headline\":\"Calend\u00e1rio de leil\u00f5es est\u00e1 mantido, mas dois processos competitivos seguem travados no TCU\",\"datePublished\":\"2025-03-10T11:00:00+00:00\",\"dateModified\":\"2025-03-10T13:38:28+00:00\",\"mainEntityOfPage\":{\"@id\":\"https:\/\/agenciainfra.com\/blog\/calendario-de-leiloes-esta-mantido-mas-dois-processos-competitivos-seguem-travados-no-tcu\/\"},\"wordCount\":484,\"publisher\":{\"@id\":\"https:\/\/agenciainfra.com\/blog\/#organization\"},\"image\":{\"@id\":\"https:\/\/agenciainfra.com\/blog\/calendario-de-leiloes-esta-mantido-mas-dois-processos-competitivos-seguem-travados-no-tcu\/#primaryimage\"},\"thumbnailUrl\":\"https:\/\/agenciainfra.com\/blog\/wp-content\/uploads\/2021\/03\/br-163-ms-foto-antt.jpeg\",\"keywords\":[\"Arteris Fluminense\",\"BR-101\/ES\",\"BR-101\/RJ\",\"BR-163\/MS\",\"calend\u00e1rio de leol\u00f5es\",\"CCR MSVia\",\"concess\u00f5es no TCU\",\"Eco101\",\"leil\u00f5es\",\"Leil\u00f5es de rodovias\",\"processos competitivos\",\"processos de concess\u00e3o de rodovias no tcu\",\"TCU\",\"Viviane Esse\"],\"articleSection\":[\"Destaque lista\",\"Geral\",\"iNFRATransporte\"],\"inLanguage\":\"pt-BR\",\"copyrightYear\":\"2025\",\"copyrightHolder\":{\"@id\":\"https:\/\/agenciainfra.com\/blog\/#organization\"}},{\"@type\":\"WebPage\",\"@id\":\"https:\/\/agenciainfra.com\/blog\/calendario-de-leiloes-esta-mantido-mas-dois-processos-competitivos-seguem-travados-no-tcu\/\",\"url\":\"https:\/\/agenciainfra.com\/blog\/calendario-de-leiloes-esta-mantido-mas-dois-processos-competitivos-seguem-travados-no-tcu\/\",\"name\":\"Calend\u00e1rio de leil\u00f5es est\u00e1 mantido, mas dois processos competitivos seguem travados no TCU - Ag\u00eancia iNFRA\",\"isPartOf\":{\"@id\":\"https:\/\/agenciainfra.com\/blog\/#website\"},\"primaryImageOfPage\":{\"@id\":\"https:\/\/agenciainfra.com\/blog\/calendario-de-leiloes-esta-mantido-mas-dois-processos-competitivos-seguem-travados-no-tcu\/#primaryimage\"},\"image\":{\"@id\":\"https:\/\/agenciainfra.com\/blog\/calendario-de-leiloes-esta-mantido-mas-dois-processos-competitivos-seguem-travados-no-tcu\/#primaryimage\"},\"thumbnailUrl\":\"https:\/\/agenciainfra.com\/blog\/wp-content\/uploads\/2021\/03\/br-163-ms-foto-antt.jpeg\",\"datePublished\":\"2025-03-10T11:00:00+00:00\",\"dateModified\":\"2025-03-10T13:38:28+00:00\",\"breadcrumb\":{\"@id\":\"https:\/\/agenciainfra.com\/blog\/calendario-de-leiloes-esta-mantido-mas-dois-processos-competitivos-seguem-travados-no-tcu\/#breadcrumb\"},\"inLanguage\":\"pt-BR\",\"potentialAction\":[{\"@type\":\"ReadAction\",\"target\":[\"https:\/\/agenciainfra.com\/blog\/calendario-de-leiloes-esta-mantido-mas-dois-processos-competitivos-seguem-travados-no-tcu\/\"]}]},{\"@type\":\"ImageObject\",\"inLanguage\":\"pt-BR\",\"@id\":\"https:\/\/agenciainfra.com\/blog\/calendario-de-leiloes-esta-mantido-mas-dois-processos-competitivos-seguem-travados-no-tcu\/#primaryimage\",\"url\":\"https:\/\/agenciainfra.com\/blog\/wp-content\/uploads\/2021\/03\/br-163-ms-foto-antt.jpeg\",\"contentUrl\":\"https:\/\/agenciainfra.com\/blog\/wp-content\/uploads\/2021\/03\/br-163-ms-foto-antt.jpeg\",\"width\":1280,\"height\":718},{\"@type\":\"BreadcrumbList\",\"@id\":\"https:\/\/agenciainfra.com\/blog\/calendario-de-leiloes-esta-mantido-mas-dois-processos-competitivos-seguem-travados-no-tcu\/#breadcrumb\",\"itemListElement\":[{\"@type\":\"ListItem\",\"position\":1,\"name\":\"In\u00edcio\",\"item\":\"https:\/\/agenciainfra.com\/blog\/\"},{\"@type\":\"ListItem\",\"position\":2,\"name\":\"Calend\u00e1rio de leil\u00f5es est\u00e1 mantido, mas dois processos competitivos seguem travados no TCU\"}]},{\"@type\":\"WebSite\",\"@id\":\"https:\/\/agenciainfra.com\/blog\/#website\",\"url\":\"https:\/\/agenciainfra.com\/blog\/\",\"name\":\"Ag\u00eancia iNFRA\",\"description\":\"Multiplataforma de informa\u00e7\u00e3o jornal\u00edstica refer\u00eancia na \u00e1rea de infraestrutura no Brasil!\",\"publisher\":{\"@id\":\"https:\/\/agenciainfra.com\/blog\/#organization\"},\"potentialAction\":[{\"@type\":\"SearchAction\",\"target\":{\"@type\":\"EntryPoint\",\"urlTemplate\":\"https:\/\/agenciainfra.com\/blog\/?s={search_term_string}\"},\"query-input\":{\"@type\":\"PropertyValueSpecification\",\"valueRequired\":true,\"valueName\":\"search_term_string\"}}],\"inLanguage\":\"pt-BR\"},{\"@type\":\"Organization\",\"@id\":\"https:\/\/agenciainfra.com\/blog\/#organization\",\"name\":\"Ag\u00eancia iNFRA\",\"url\":\"https:\/\/agenciainfra.com\/blog\/\",\"logo\":{\"@type\":\"ImageObject\",\"inLanguage\":\"pt-BR\",\"@id\":\"https:\/\/agenciainfra.com\/blog\/#\/schema\/logo\/image\/\",\"url\":\"https:\/\/agenciainfra.com\/blog\/wp-content\/uploads\/2023\/09\/iNFRA_5-e1761735885940.png\",\"contentUrl\":\"https:\/\/agenciainfra.com\/blog\/wp-content\/uploads\/2023\/09\/iNFRA_5-e1761735885940.png\",\"width\":1672,\"height\":454,\"caption\":\"Ag\u00eancia iNFRA\"},\"image\":{\"@id\":\"https:\/\/agenciainfra.com\/blog\/#\/schema\/logo\/image\/\"},\"sameAs\":[\"https:\/\/www.facebook.com\/ageninfra\",\"https:\/\/x.com\/agencia_infra\",\"https:\/\/www.linkedin.com\/company\/ag\u00eanciainfra\/\",\"https:\/\/www.instagram.com\/agenciainfra\/\"]},{\"@type\":\"Person\",\"@id\":\"https:\/\/agenciainfra.com\/blog\/#\/schema\/person\/34af08dff6adea4cb22b06612ba7acfa\",\"name\":\"Ag\u00eancia iNFRA\",\"image\":{\"@type\":\"ImageObject\",\"inLanguage\":\"pt-BR\",\"@id\":\"https:\/\/agenciainfra.com\/blog\/#\/schema\/person\/image\/\",\"url\":\"https:\/\/secure.gravatar.com\/avatar\/d189e01678f06d8eb84d4e01f08eb848b3fffe3f8443818d3c356c66892f5be8?s=96&d=mm&r=g\",\"contentUrl\":\"https:\/\/secure.gravatar.com\/avatar\/d189e01678f06d8eb84d4e01f08eb848b3fffe3f8443818d3c356c66892f5be8?s=96&d=mm&r=g\",\"caption\":\"Ag\u00eancia iNFRA\"},\"url\":\"https:\/\/agenciainfra.com\/blog\/author\/admin\/\"}]}<\/script>\n<!-- \/ Yoast SEO Premium plugin. -->","yoast_head_json":{"title":"Calend\u00e1rio de leil\u00f5es est\u00e1 mantido, mas dois processos competitivos seguem travados no TCU - Ag\u00eancia iNFRA","robots":{"index":"index","follow":"follow","max-snippet":"max-snippet:-1","max-image-preview":"max-image-preview:large","max-video-preview":"max-video-preview:-1"},"canonical":"https:\/\/agenciainfra.com\/blog\/calendario-de-leiloes-esta-mantido-mas-dois-processos-competitivos-seguem-travados-no-tcu\/","og_locale":"pt_BR","og_type":"article","og_title":"Calend\u00e1rio de leil\u00f5es est\u00e1 mantido, mas dois processos competitivos seguem travados no TCU","og_description":"da Ag\u00eancia iNFRA A secret\u00e1ria de Rodovias do Minist\u00e9rio dos Transportes, Viviane Esse, afirmou que o calend\u00e1rio de leil\u00f5es do ano segue mantido, com estimativa de que at\u00e9 dezembro possam ser feitos 15 projetos. Entre esses leil\u00f5es, j\u00e1 est\u00e1 marcado o primeiro processo competitivo para projetos que foram repactuados no TCU, o da BR-163\/MS, da [&hellip;]","og_url":"https:\/\/agenciainfra.com\/blog\/calendario-de-leiloes-esta-mantido-mas-dois-processos-competitivos-seguem-travados-no-tcu\/","og_site_name":"Ag\u00eancia iNFRA","article_publisher":"https:\/\/www.facebook.com\/ageninfra","article_published_time":"2025-03-10T11:00:00+00:00","article_modified_time":"2025-03-10T13:38:28+00:00","og_image":[{"width":1280,"height":718,"url":"https:\/\/agenciainfra.com\/blog\/wp-content\/uploads\/2021\/03\/br-163-ms-foto-antt.jpeg","type":"image\/jpeg"}],"author":"Ag\u00eancia iNFRA","twitter_card":"summary_large_image","twitter_creator":"@agencia_infra","twitter_site":"@agencia_infra","twitter_misc":{"Escrito por":"Ag\u00eancia iNFRA","Est. tempo de leitura":"2 minutos"},"schema":{"@context":"https:\/\/schema.org","@graph":[{"@type":"Article","@id":"https:\/\/agenciainfra.com\/blog\/calendario-de-leiloes-esta-mantido-mas-dois-processos-competitivos-seguem-travados-no-tcu\/#article","isPartOf":{"@id":"https:\/\/agenciainfra.com\/blog\/calendario-de-leiloes-esta-mantido-mas-dois-processos-competitivos-seguem-travados-no-tcu\/"},"author":{"name":"Ag\u00eancia iNFRA","@id":"https:\/\/agenciainfra.com\/blog\/#\/schema\/person\/34af08dff6adea4cb22b06612ba7acfa"},"headline":"Calend\u00e1rio de leil\u00f5es est\u00e1 mantido, mas dois processos competitivos seguem travados no TCU","datePublished":"2025-03-10T11:00:00+00:00","dateModified":"2025-03-10T13:38:28+00:00","mainEntityOfPage":{"@id":"https:\/\/agenciainfra.com\/blog\/calendario-de-leiloes-esta-mantido-mas-dois-processos-competitivos-seguem-travados-no-tcu\/"},"wordCount":484,"publisher":{"@id":"https:\/\/agenciainfra.com\/blog\/#organization"},"image":{"@id":"https:\/\/agenciainfra.com\/blog\/calendario-de-leiloes-esta-mantido-mas-dois-processos-competitivos-seguem-travados-no-tcu\/#primaryimage"},"thumbnailUrl":"https:\/\/agenciainfra.com\/blog\/wp-content\/uploads\/2021\/03\/br-163-ms-foto-antt.jpeg","keywords":["Arteris Fluminense","BR-101\/ES","BR-101\/RJ","BR-163\/MS","calend\u00e1rio de leol\u00f5es","CCR MSVia","concess\u00f5es no TCU","Eco101","leil\u00f5es","Leil\u00f5es de rodovias","processos competitivos","processos de concess\u00e3o de rodovias no tcu","TCU","Viviane Esse"],"articleSection":["Destaque lista","Geral","iNFRATransporte"],"inLanguage":"pt-BR","copyrightYear":"2025","copyrightHolder":{"@id":"https:\/\/agenciainfra.com\/blog\/#organization"}},{"@type":"WebPage","@id":"https:\/\/agenciainfra.com\/blog\/calendario-de-leiloes-esta-mantido-mas-dois-processos-competitivos-seguem-travados-no-tcu\/","url":"https:\/\/agenciainfra.com\/blog\/calendario-de-leiloes-esta-mantido-mas-dois-processos-competitivos-seguem-travados-no-tcu\/","name":"Calend\u00e1rio de leil\u00f5es est\u00e1 mantido, mas dois processos competitivos seguem travados no TCU - Ag\u00eancia iNFRA","isPartOf":{"@id":"https:\/\/agenciainfra.com\/blog\/#website"},"primaryImageOfPage":{"@id":"https:\/\/agenciainfra.com\/blog\/calendario-de-leiloes-esta-mantido-mas-dois-processos-competitivos-seguem-travados-no-tcu\/#primaryimage"},"image":{"@id":"https:\/\/agenciainfra.com\/blog\/calendario-de-leiloes-esta-mantido-mas-dois-processos-competitivos-seguem-travados-no-tcu\/#primaryimage"},"thumbnailUrl":"https:\/\/agenciainfra.com\/blog\/wp-content\/uploads\/2021\/03\/br-163-ms-foto-antt.jpeg","datePublished":"2025-03-10T11:00:00+00:00","dateModified":"2025-03-10T13:38:28+00:00","breadcrumb":{"@id":"https:\/\/agenciainfra.com\/blog\/calendario-de-leiloes-esta-mantido-mas-dois-processos-competitivos-seguem-travados-no-tcu\/#breadcrumb"},"inLanguage":"pt-BR","potentialAction":[{"@type":"ReadAction","target":["https:\/\/agenciainfra.com\/blog\/calendario-de-leiloes-esta-mantido-mas-dois-processos-competitivos-seguem-travados-no-tcu\/"]}]},{"@type":"ImageObject","inLanguage":"pt-BR","@id":"https:\/\/agenciainfra.com\/blog\/calendario-de-leiloes-esta-mantido-mas-dois-processos-competitivos-seguem-travados-no-tcu\/#primaryimage","url":"https:\/\/agenciainfra.com\/blog\/wp-content\/uploads\/2021\/03\/br-163-ms-foto-antt.jpeg","contentUrl":"https:\/\/agenciainfra.com\/blog\/wp-content\/uploads\/2021\/03\/br-163-ms-foto-antt.jpeg","width":1280,"height":718},{"@type":"BreadcrumbList","@id":"https:\/\/agenciainfra.com\/blog\/calendario-de-leiloes-esta-mantido-mas-dois-processos-competitivos-seguem-travados-no-tcu\/#breadcrumb","itemListElement":[{"@type":"ListItem","position":1,"name":"In\u00edcio","item":"https:\/\/agenciainfra.com\/blog\/"},{"@type":"ListItem","position":2,"name":"Calend\u00e1rio de leil\u00f5es est\u00e1 mantido, mas dois processos competitivos seguem travados no TCU"}]},{"@type":"WebSite","@id":"https:\/\/agenciainfra.com\/blog\/#website","url":"https:\/\/agenciainfra.com\/blog\/","name":"Ag\u00eancia iNFRA","description":"Multiplataforma de informa\u00e7\u00e3o jornal\u00edstica refer\u00eancia na \u00e1rea de infraestrutura no Brasil!","publisher":{"@id":"https:\/\/agenciainfra.com\/blog\/#organization"},"potentialAction":[{"@type":"SearchAction","target":{"@type":"EntryPoint","urlTemplate":"https:\/\/agenciainfra.com\/blog\/?s={search_term_string}"},"query-input":{"@type":"PropertyValueSpecification","valueRequired":true,"valueName":"search_term_string"}}],"inLanguage":"pt-BR"},{"@type":"Organization","@id":"https:\/\/agenciainfra.com\/blog\/#organization","name":"Ag\u00eancia iNFRA","url":"https:\/\/agenciainfra.com\/blog\/","logo":{"@type":"ImageObject","inLanguage":"pt-BR","@id":"https:\/\/agenciainfra.com\/blog\/#\/schema\/logo\/image\/","url":"https:\/\/agenciainfra.com\/blog\/wp-content\/uploads\/2023\/09\/iNFRA_5-e1761735885940.png","contentUrl":"https:\/\/agenciainfra.com\/blog\/wp-content\/uploads\/2023\/09\/iNFRA_5-e1761735885940.png","width":1672,"height":454,"caption":"Ag\u00eancia iNFRA"},"image":{"@id":"https:\/\/agenciainfra.com\/blog\/#\/schema\/logo\/image\/"},"sameAs":["https:\/\/www.facebook.com\/ageninfra","https:\/\/x.com\/agencia_infra","https:\/\/www.linkedin.com\/company\/ag\u00eanciainfra\/","https:\/\/www.instagram.com\/agenciainfra\/"]},{"@type":"Person","@id":"https:\/\/agenciainfra.com\/blog\/#\/schema\/person\/34af08dff6adea4cb22b06612ba7acfa","name":"Ag\u00eancia iNFRA","image":{"@type":"ImageObject","inLanguage":"pt-BR","@id":"https:\/\/agenciainfra.com\/blog\/#\/schema\/person\/image\/","url":"https:\/\/secure.gravatar.com\/avatar\/d189e01678f06d8eb84d4e01f08eb848b3fffe3f8443818d3c356c66892f5be8?s=96&d=mm&r=g","contentUrl":"https:\/\/secure.gravatar.com\/avatar\/d189e01678f06d8eb84d4e01f08eb848b3fffe3f8443818d3c356c66892f5be8?s=96&d=mm&r=g","caption":"Ag\u00eancia iNFRA"},"url":"https:\/\/agenciainfra.com\/blog\/author\/admin\/"}]}},"_links":{"self":[{"href":"https:\/\/agenciainfra.com\/blog\/wp-json\/wp\/v2\/posts\/20472","targetHints":{"allow":["GET"]}}],"collection":[{"href":"https:\/\/agenciainfra.com\/blog\/wp-json\/wp\/v2\/posts"}],"about":[{"href":"https:\/\/agenciainfra.com\/blog\/wp-json\/wp\/v2\/types\/post"}],"author":[{"embeddable":true,"href":"https:\/\/agenciainfra.com\/blog\/wp-json\/wp\/v2\/users\/1"}],"replies":[{"embeddable":true,"href":"https:\/\/agenciainfra.com\/blog\/wp-json\/wp\/v2\/comments?post=20472"}],"version-history":[{"count":1,"href":"https:\/\/agenciainfra.com\/blog\/wp-json\/wp\/v2\/posts\/20472\/revisions"}],"predecessor-version":[{"id":20473,"href":"https:\/\/agenciainfra.com\/blog\/wp-json\/wp\/v2\/posts\/20472\/revisions\/20473"}],"wp:featuredmedia":[{"embeddable":true,"href":"https:\/\/agenciainfra.com\/blog\/wp-json\/wp\/v2\/media\/6902"}],"wp:attachment":[{"href":"https:\/\/agenciainfra.com\/blog\/wp-json\/wp\/v2\/media?parent=20472"}],"wp:term":[{"taxonomy":"category","embeddable":true,"href":"https:\/\/agenciainfra.com\/blog\/wp-json\/wp\/v2\/categories?post=20472"},{"taxonomy":"post_tag","embeddable":true,"href":"https:\/\/agenciainfra.com\/blog\/wp-json\/wp\/v2\/tags?post=20472"}],"curies":[{"name":"wp","href":"https:\/\/api.w.org\/{rel}","templated":true}]}}