{"id":20474,"date":"2025-03-11T09:00:00","date_gmt":"2025-03-11T12:00:00","guid":{"rendered":"https:\/\/agenciainfra.com\/blog\/?p=20474"},"modified":"2025-03-11T07:11:29","modified_gmt":"2025-03-11T10:11:29","slug":"com-interesse-de-grupos-chineses-trem-de-alta-velocidade-rio-sp-quer-entrar-no-pac","status":"publish","type":"post","link":"https:\/\/agenciainfra.com\/blog\/com-interesse-de-grupos-chineses-trem-de-alta-velocidade-rio-sp-quer-entrar-no-pac\/","title":{"rendered":"Com interesse de grupos chineses, trem de alta velocidade Rio-SP quer entrar no PAC"},"content":{"rendered":"\n<p class=\"has-text-align-right\"><strong>da Ag\u00eancia iNFRA<\/strong><\/p>\n\n\n\n<p>O projeto privado de construir um trem de alta velocidade ligando S\u00e3o Paulo ao Rio de Janeiro despertou o interesse de grupos construtores da China que esperam uma sinaliza\u00e7\u00e3o do governo brasileiro sobre se h\u00e1 de fato interesse na implementa\u00e7\u00e3o do projeto.<\/p>\n\n\n\n<p>O&nbsp;<a href=\"https:\/\/agenciainfra.com\/blog\/com-projeto-mais-enxuto-grupo-com-especialistas-tenta-viabilizar-tav-entre-sp-e-rj\/\" target=\"_blank\" rel=\"noreferrer noopener\">projeto<\/a>&nbsp;do grupo privado denominado TAV Brasil foi aprovado em 2023 pela ANTT (Ag\u00eancia Nacional de Transportes Terrestres) dentro do modelo de autoriza\u00e7\u00e3o, no qual os investidores assumem os investimentos por sua conta e risco e t\u00eam liberdade para gerenciar a opera\u00e7\u00e3o sem restri\u00e7\u00f5es tarif\u00e1rias.<\/p>\n\n\n\n<p>No projeto que o governo tentou licitar como concess\u00e3o entre 2010 e 2013, o concession\u00e1rio tinha que executar um tra\u00e7ado que havia sido pr\u00e9-determinado pelos estudos e eram impostos alguns limites tarif\u00e1rios. O projeto acabou arquivado.<\/p>\n\n\n\n<p>De acordo com Bernardo Figueiredo, CEO do TAV Brasil, os estudos de viabilidade econ\u00f4mica, feitos com par\u00e2metros conservadores, indicaram que o projeto \u00e9 vi\u00e1vel. E ele agora est\u00e1 na fase de contrata\u00e7\u00e3o do EIA-Rima (estudo e relat\u00f3rio de impacto ambiental).<\/p>\n\n\n\n<p>Nesse per\u00edodo de pouco mais de dois anos, houve conversas com v\u00e1rios grupos internacionais sobre o modelo de trem de passageiros para ligar as duas maiores cidades do pa\u00eds, e, segundo Figueiredo, a conversa evoluiu melhor com os grupos chineses.<\/p>\n\n\n\n<p>De acordo com o CEO, mesmo sendo privado, um projeto do porte de um trem de alta velocidade tem muitas interfaces com o governo. Ele cita como exemplo o licenciamento ambiental para a constru\u00e7\u00e3o e as desapropria\u00e7\u00f5es. Segundo ele, se essas licen\u00e7as demorarem al\u00e9m do tempo previsto na autoriza\u00e7\u00e3o, a empresa pode perder o projeto, caso n\u00e3o haja uma renova\u00e7\u00e3o da autoriza\u00e7\u00e3o.<\/p>\n\n\n\n<p>Ele disse que foi feito um pedido formal para que o projeto seja inserido no PAC (Programa de Acelera\u00e7\u00e3o do Crescimento) e que esteja na agenda bilateral de neg\u00f3cios com a China, como uma sinaliza\u00e7\u00e3o de apoio do governo ao investimento privado nesse projeto.<\/p>\n\n\n\n<p>&#8220;Essa \u00e9 hoje a principal sinaliza\u00e7\u00e3o que os investidores querem ouvir&#8221;, explicou Figueiredo.<\/p>\n\n\n\n<p>Em entrevista \u00e0&nbsp;<strong>Ag\u00eancia iNFRA<\/strong>, o secret\u00e1rio-executivo do Minist\u00e9rio dos Transportes, George Santoro, afirmou que o pleito de inclus\u00e3o do projeto foi recebido pelo minist\u00e9rio e que est\u00e1 sendo avaliado.<\/p>\n\n\n\n<p>Ele afirmou que o projeto privado do TAV corrigiu problemas que existiam no projeto p\u00fablico, que tentou ser licitado entre 2010 e 2013, citando entre eles o tra\u00e7ado. Segundo ele, a possibilidade de explora\u00e7\u00e3o de potencial imobili\u00e1rio, permitida pela Lei de Ferrovias aprovada em 2020, tamb\u00e9m ajuda na viabilidade da proposta.<\/p>\n\n\n\n<p>Para o secret\u00e1rio, \u00e9 necess\u00e1rio que o pa\u00eds volte a enfrentar projetos robustos de infraestrutura que s\u00e3o necess\u00e1rios ao desenvolvimento. &#8220;Temos que criar aqui o ambiente para isso&#8221;, disse.<\/p>\n","protected":false},"excerpt":{"rendered":"<p>da Ag\u00eancia iNFRA O projeto privado de construir um trem de alta velocidade ligando S\u00e3o Paulo ao Rio de Janeiro despertou o interesse de grupos construtores da China que esperam uma sinaliza\u00e7\u00e3o do governo brasileiro sobre se h\u00e1 de fato interesse na implementa\u00e7\u00e3o do projeto. O&nbsp;projeto&nbsp;do grupo privado denominado TAV Brasil foi aprovado em 2023 [&hellip;]<\/p>\n","protected":false},"author":1,"featured_media":14175,"comment_status":"closed","ping_status":"closed","sticky":false,"template":"","format":"standard","meta":{"_monsterinsights_skip_tracking":false,"_monsterinsights_sitenote_active":false,"_monsterinsights_sitenote_note":"","_monsterinsights_sitenote_category":0,"footnotes":""},"categories":[7250,1,7],"tags":[19,538,6956,49,3189,11003,70,12740],"class_list":["post-20474","post","type-post","status-publish","format-standard","has-post-thumbnail","hentry","category-destaque-lista","category-geral","category-infratransporte","tag-antt","tag-bernardo-figueiredo","tag-george-santoro","tag-mobilidade","tag-pac","tag-tav-brasil","tag-transportes","tag-trem-de-alta-velocidade-rio-sp"],"yoast_head":"<!-- This site is optimized with the Yoast SEO Premium plugin v25.4 (Yoast SEO v26.0) - https:\/\/yoast.com\/wordpress\/plugins\/seo\/ -->\n<title>Com interesse de grupos chineses, trem de alta velocidade Rio-SP quer entrar no PAC - Ag\u00eancia iNFRA<\/title>\n<meta name=\"robots\" content=\"index, follow, max-snippet:-1, max-image-preview:large, max-video-preview:-1\" \/>\n<link rel=\"canonical\" href=\"https:\/\/agenciainfra.com\/blog\/com-interesse-de-grupos-chineses-trem-de-alta-velocidade-rio-sp-quer-entrar-no-pac\/\" \/>\n<meta property=\"og:locale\" content=\"pt_BR\" \/>\n<meta property=\"og:type\" content=\"article\" \/>\n<meta property=\"og:title\" content=\"Com interesse de grupos chineses, trem de alta velocidade Rio-SP quer entrar no PAC\" \/>\n<meta property=\"og:description\" content=\"da Ag\u00eancia iNFRA O projeto privado de construir um trem de alta velocidade ligando S\u00e3o Paulo ao Rio de Janeiro despertou o interesse de grupos construtores da China que esperam uma sinaliza\u00e7\u00e3o do governo brasileiro sobre se h\u00e1 de fato interesse na implementa\u00e7\u00e3o do projeto. O&nbsp;projeto&nbsp;do grupo privado denominado TAV Brasil foi aprovado em 2023 [&hellip;]\" \/>\n<meta property=\"og:url\" content=\"https:\/\/agenciainfra.com\/blog\/com-interesse-de-grupos-chineses-trem-de-alta-velocidade-rio-sp-quer-entrar-no-pac\/\" \/>\n<meta property=\"og:site_name\" content=\"Ag\u00eancia iNFRA\" \/>\n<meta property=\"article:publisher\" content=\"https:\/\/www.facebook.com\/ageninfra\" \/>\n<meta property=\"article:published_time\" content=\"2025-03-11T12:00:00+00:00\" \/>\n<meta property=\"og:image\" content=\"https:\/\/agenciainfra.com\/blog\/wp-content\/uploads\/2023\/09\/trem-de-passageiros-foto-governo-federal.jpeg\" \/>\n\t<meta property=\"og:image:width\" content=\"1202\" \/>\n\t<meta property=\"og:image:height\" content=\"801\" \/>\n\t<meta property=\"og:image:type\" content=\"image\/jpeg\" \/>\n<meta name=\"author\" content=\"Ag\u00eancia iNFRA\" \/>\n<meta name=\"twitter:card\" content=\"summary_large_image\" \/>\n<meta name=\"twitter:creator\" content=\"@agencia_infra\" \/>\n<meta name=\"twitter:site\" content=\"@agencia_infra\" \/>\n<meta name=\"twitter:label1\" content=\"Escrito por\" \/>\n\t<meta name=\"twitter:data1\" content=\"Ag\u00eancia iNFRA\" \/>\n\t<meta name=\"twitter:label2\" content=\"Est. tempo de leitura\" \/>\n\t<meta name=\"twitter:data2\" content=\"2 minutos\" \/>\n<script type=\"application\/ld+json\" class=\"yoast-schema-graph\">{\"@context\":\"https:\/\/schema.org\",\"@graph\":[{\"@type\":\"Article\",\"@id\":\"https:\/\/agenciainfra.com\/blog\/com-interesse-de-grupos-chineses-trem-de-alta-velocidade-rio-sp-quer-entrar-no-pac\/#article\",\"isPartOf\":{\"@id\":\"https:\/\/agenciainfra.com\/blog\/com-interesse-de-grupos-chineses-trem-de-alta-velocidade-rio-sp-quer-entrar-no-pac\/\"},\"author\":{\"name\":\"Ag\u00eancia iNFRA\",\"@id\":\"https:\/\/agenciainfra.com\/blog\/#\/schema\/person\/34af08dff6adea4cb22b06612ba7acfa\"},\"headline\":\"Com interesse de grupos chineses, trem de alta velocidade Rio-SP quer entrar no PAC\",\"datePublished\":\"2025-03-11T12:00:00+00:00\",\"mainEntityOfPage\":{\"@id\":\"https:\/\/agenciainfra.com\/blog\/com-interesse-de-grupos-chineses-trem-de-alta-velocidade-rio-sp-quer-entrar-no-pac\/\"},\"wordCount\":493,\"publisher\":{\"@id\":\"https:\/\/agenciainfra.com\/blog\/#organization\"},\"image\":{\"@id\":\"https:\/\/agenciainfra.com\/blog\/com-interesse-de-grupos-chineses-trem-de-alta-velocidade-rio-sp-quer-entrar-no-pac\/#primaryimage\"},\"thumbnailUrl\":\"https:\/\/agenciainfra.com\/blog\/wp-content\/uploads\/2023\/09\/trem-de-passageiros-foto-governo-federal.jpeg\",\"keywords\":[\"ANTT\",\"Bernardo Figueiredo\",\"George Santoro\",\"mobilidade\",\"PAC\",\"TAV Brasil\",\"transportes\",\"trem de alta velocidade Rio-SP\"],\"articleSection\":[\"Destaque lista\",\"Geral\",\"iNFRATransporte\"],\"inLanguage\":\"pt-BR\",\"copyrightYear\":\"2025\",\"copyrightHolder\":{\"@id\":\"https:\/\/agenciainfra.com\/blog\/#organization\"}},{\"@type\":\"WebPage\",\"@id\":\"https:\/\/agenciainfra.com\/blog\/com-interesse-de-grupos-chineses-trem-de-alta-velocidade-rio-sp-quer-entrar-no-pac\/\",\"url\":\"https:\/\/agenciainfra.com\/blog\/com-interesse-de-grupos-chineses-trem-de-alta-velocidade-rio-sp-quer-entrar-no-pac\/\",\"name\":\"Com interesse de grupos chineses, trem de alta velocidade Rio-SP quer entrar no PAC - Ag\u00eancia iNFRA\",\"isPartOf\":{\"@id\":\"https:\/\/agenciainfra.com\/blog\/#website\"},\"primaryImageOfPage\":{\"@id\":\"https:\/\/agenciainfra.com\/blog\/com-interesse-de-grupos-chineses-trem-de-alta-velocidade-rio-sp-quer-entrar-no-pac\/#primaryimage\"},\"image\":{\"@id\":\"https:\/\/agenciainfra.com\/blog\/com-interesse-de-grupos-chineses-trem-de-alta-velocidade-rio-sp-quer-entrar-no-pac\/#primaryimage\"},\"thumbnailUrl\":\"https:\/\/agenciainfra.com\/blog\/wp-content\/uploads\/2023\/09\/trem-de-passageiros-foto-governo-federal.jpeg\",\"datePublished\":\"2025-03-11T12:00:00+00:00\",\"breadcrumb\":{\"@id\":\"https:\/\/agenciainfra.com\/blog\/com-interesse-de-grupos-chineses-trem-de-alta-velocidade-rio-sp-quer-entrar-no-pac\/#breadcrumb\"},\"inLanguage\":\"pt-BR\",\"potentialAction\":[{\"@type\":\"ReadAction\",\"target\":[\"https:\/\/agenciainfra.com\/blog\/com-interesse-de-grupos-chineses-trem-de-alta-velocidade-rio-sp-quer-entrar-no-pac\/\"]}]},{\"@type\":\"ImageObject\",\"inLanguage\":\"pt-BR\",\"@id\":\"https:\/\/agenciainfra.com\/blog\/com-interesse-de-grupos-chineses-trem-de-alta-velocidade-rio-sp-quer-entrar-no-pac\/#primaryimage\",\"url\":\"https:\/\/agenciainfra.com\/blog\/wp-content\/uploads\/2023\/09\/trem-de-passageiros-foto-governo-federal.jpeg\",\"contentUrl\":\"https:\/\/agenciainfra.com\/blog\/wp-content\/uploads\/2023\/09\/trem-de-passageiros-foto-governo-federal.jpeg\",\"width\":1202,\"height\":801},{\"@type\":\"BreadcrumbList\",\"@id\":\"https:\/\/agenciainfra.com\/blog\/com-interesse-de-grupos-chineses-trem-de-alta-velocidade-rio-sp-quer-entrar-no-pac\/#breadcrumb\",\"itemListElement\":[{\"@type\":\"ListItem\",\"position\":1,\"name\":\"In\u00edcio\",\"item\":\"https:\/\/agenciainfra.com\/blog\/\"},{\"@type\":\"ListItem\",\"position\":2,\"name\":\"Com interesse de grupos chineses, trem de alta velocidade Rio-SP quer entrar no PAC\"}]},{\"@type\":\"WebSite\",\"@id\":\"https:\/\/agenciainfra.com\/blog\/#website\",\"url\":\"https:\/\/agenciainfra.com\/blog\/\",\"name\":\"Ag\u00eancia iNFRA\",\"description\":\"Multiplataforma de informa\u00e7\u00e3o jornal\u00edstica refer\u00eancia na \u00e1rea de infraestrutura no Brasil!\",\"publisher\":{\"@id\":\"https:\/\/agenciainfra.com\/blog\/#organization\"},\"potentialAction\":[{\"@type\":\"SearchAction\",\"target\":{\"@type\":\"EntryPoint\",\"urlTemplate\":\"https:\/\/agenciainfra.com\/blog\/?s={search_term_string}\"},\"query-input\":{\"@type\":\"PropertyValueSpecification\",\"valueRequired\":true,\"valueName\":\"search_term_string\"}}],\"inLanguage\":\"pt-BR\"},{\"@type\":\"Organization\",\"@id\":\"https:\/\/agenciainfra.com\/blog\/#organization\",\"name\":\"Ag\u00eancia iNFRA\",\"url\":\"https:\/\/agenciainfra.com\/blog\/\",\"logo\":{\"@type\":\"ImageObject\",\"inLanguage\":\"pt-BR\",\"@id\":\"https:\/\/agenciainfra.com\/blog\/#\/schema\/logo\/image\/\",\"url\":\"https:\/\/agenciainfra.com\/blog\/wp-content\/uploads\/2023\/09\/iNFRA_5-e1761735885940.png\",\"contentUrl\":\"https:\/\/agenciainfra.com\/blog\/wp-content\/uploads\/2023\/09\/iNFRA_5-e1761735885940.png\",\"width\":1672,\"height\":454,\"caption\":\"Ag\u00eancia iNFRA\"},\"image\":{\"@id\":\"https:\/\/agenciainfra.com\/blog\/#\/schema\/logo\/image\/\"},\"sameAs\":[\"https:\/\/www.facebook.com\/ageninfra\",\"https:\/\/x.com\/agencia_infra\",\"https:\/\/www.linkedin.com\/company\/ag\u00eanciainfra\/\",\"https:\/\/www.instagram.com\/agenciainfra\/\"]},{\"@type\":\"Person\",\"@id\":\"https:\/\/agenciainfra.com\/blog\/#\/schema\/person\/34af08dff6adea4cb22b06612ba7acfa\",\"name\":\"Ag\u00eancia iNFRA\",\"image\":{\"@type\":\"ImageObject\",\"inLanguage\":\"pt-BR\",\"@id\":\"https:\/\/agenciainfra.com\/blog\/#\/schema\/person\/image\/\",\"url\":\"https:\/\/secure.gravatar.com\/avatar\/d189e01678f06d8eb84d4e01f08eb848b3fffe3f8443818d3c356c66892f5be8?s=96&d=mm&r=g\",\"contentUrl\":\"https:\/\/secure.gravatar.com\/avatar\/d189e01678f06d8eb84d4e01f08eb848b3fffe3f8443818d3c356c66892f5be8?s=96&d=mm&r=g\",\"caption\":\"Ag\u00eancia iNFRA\"},\"url\":\"https:\/\/agenciainfra.com\/blog\/author\/admin\/\"}]}<\/script>\n<!-- \/ Yoast SEO Premium plugin. -->","yoast_head_json":{"title":"Com interesse de grupos chineses, trem de alta velocidade Rio-SP quer entrar no PAC - Ag\u00eancia iNFRA","robots":{"index":"index","follow":"follow","max-snippet":"max-snippet:-1","max-image-preview":"max-image-preview:large","max-video-preview":"max-video-preview:-1"},"canonical":"https:\/\/agenciainfra.com\/blog\/com-interesse-de-grupos-chineses-trem-de-alta-velocidade-rio-sp-quer-entrar-no-pac\/","og_locale":"pt_BR","og_type":"article","og_title":"Com interesse de grupos chineses, trem de alta velocidade Rio-SP quer entrar no PAC","og_description":"da Ag\u00eancia iNFRA O projeto privado de construir um trem de alta velocidade ligando S\u00e3o Paulo ao Rio de Janeiro despertou o interesse de grupos construtores da China que esperam uma sinaliza\u00e7\u00e3o do governo brasileiro sobre se h\u00e1 de fato interesse na implementa\u00e7\u00e3o do projeto. O&nbsp;projeto&nbsp;do grupo privado denominado TAV Brasil foi aprovado em 2023 [&hellip;]","og_url":"https:\/\/agenciainfra.com\/blog\/com-interesse-de-grupos-chineses-trem-de-alta-velocidade-rio-sp-quer-entrar-no-pac\/","og_site_name":"Ag\u00eancia iNFRA","article_publisher":"https:\/\/www.facebook.com\/ageninfra","article_published_time":"2025-03-11T12:00:00+00:00","og_image":[{"width":1202,"height":801,"url":"https:\/\/agenciainfra.com\/blog\/wp-content\/uploads\/2023\/09\/trem-de-passageiros-foto-governo-federal.jpeg","type":"image\/jpeg"}],"author":"Ag\u00eancia iNFRA","twitter_card":"summary_large_image","twitter_creator":"@agencia_infra","twitter_site":"@agencia_infra","twitter_misc":{"Escrito por":"Ag\u00eancia iNFRA","Est. tempo de leitura":"2 minutos"},"schema":{"@context":"https:\/\/schema.org","@graph":[{"@type":"Article","@id":"https:\/\/agenciainfra.com\/blog\/com-interesse-de-grupos-chineses-trem-de-alta-velocidade-rio-sp-quer-entrar-no-pac\/#article","isPartOf":{"@id":"https:\/\/agenciainfra.com\/blog\/com-interesse-de-grupos-chineses-trem-de-alta-velocidade-rio-sp-quer-entrar-no-pac\/"},"author":{"name":"Ag\u00eancia iNFRA","@id":"https:\/\/agenciainfra.com\/blog\/#\/schema\/person\/34af08dff6adea4cb22b06612ba7acfa"},"headline":"Com interesse de grupos chineses, trem de alta velocidade Rio-SP quer entrar no PAC","datePublished":"2025-03-11T12:00:00+00:00","mainEntityOfPage":{"@id":"https:\/\/agenciainfra.com\/blog\/com-interesse-de-grupos-chineses-trem-de-alta-velocidade-rio-sp-quer-entrar-no-pac\/"},"wordCount":493,"publisher":{"@id":"https:\/\/agenciainfra.com\/blog\/#organization"},"image":{"@id":"https:\/\/agenciainfra.com\/blog\/com-interesse-de-grupos-chineses-trem-de-alta-velocidade-rio-sp-quer-entrar-no-pac\/#primaryimage"},"thumbnailUrl":"https:\/\/agenciainfra.com\/blog\/wp-content\/uploads\/2023\/09\/trem-de-passageiros-foto-governo-federal.jpeg","keywords":["ANTT","Bernardo Figueiredo","George Santoro","mobilidade","PAC","TAV Brasil","transportes","trem de alta velocidade Rio-SP"],"articleSection":["Destaque lista","Geral","iNFRATransporte"],"inLanguage":"pt-BR","copyrightYear":"2025","copyrightHolder":{"@id":"https:\/\/agenciainfra.com\/blog\/#organization"}},{"@type":"WebPage","@id":"https:\/\/agenciainfra.com\/blog\/com-interesse-de-grupos-chineses-trem-de-alta-velocidade-rio-sp-quer-entrar-no-pac\/","url":"https:\/\/agenciainfra.com\/blog\/com-interesse-de-grupos-chineses-trem-de-alta-velocidade-rio-sp-quer-entrar-no-pac\/","name":"Com interesse de grupos chineses, trem de alta velocidade Rio-SP quer entrar no PAC - Ag\u00eancia iNFRA","isPartOf":{"@id":"https:\/\/agenciainfra.com\/blog\/#website"},"primaryImageOfPage":{"@id":"https:\/\/agenciainfra.com\/blog\/com-interesse-de-grupos-chineses-trem-de-alta-velocidade-rio-sp-quer-entrar-no-pac\/#primaryimage"},"image":{"@id":"https:\/\/agenciainfra.com\/blog\/com-interesse-de-grupos-chineses-trem-de-alta-velocidade-rio-sp-quer-entrar-no-pac\/#primaryimage"},"thumbnailUrl":"https:\/\/agenciainfra.com\/blog\/wp-content\/uploads\/2023\/09\/trem-de-passageiros-foto-governo-federal.jpeg","datePublished":"2025-03-11T12:00:00+00:00","breadcrumb":{"@id":"https:\/\/agenciainfra.com\/blog\/com-interesse-de-grupos-chineses-trem-de-alta-velocidade-rio-sp-quer-entrar-no-pac\/#breadcrumb"},"inLanguage":"pt-BR","potentialAction":[{"@type":"ReadAction","target":["https:\/\/agenciainfra.com\/blog\/com-interesse-de-grupos-chineses-trem-de-alta-velocidade-rio-sp-quer-entrar-no-pac\/"]}]},{"@type":"ImageObject","inLanguage":"pt-BR","@id":"https:\/\/agenciainfra.com\/blog\/com-interesse-de-grupos-chineses-trem-de-alta-velocidade-rio-sp-quer-entrar-no-pac\/#primaryimage","url":"https:\/\/agenciainfra.com\/blog\/wp-content\/uploads\/2023\/09\/trem-de-passageiros-foto-governo-federal.jpeg","contentUrl":"https:\/\/agenciainfra.com\/blog\/wp-content\/uploads\/2023\/09\/trem-de-passageiros-foto-governo-federal.jpeg","width":1202,"height":801},{"@type":"BreadcrumbList","@id":"https:\/\/agenciainfra.com\/blog\/com-interesse-de-grupos-chineses-trem-de-alta-velocidade-rio-sp-quer-entrar-no-pac\/#breadcrumb","itemListElement":[{"@type":"ListItem","position":1,"name":"In\u00edcio","item":"https:\/\/agenciainfra.com\/blog\/"},{"@type":"ListItem","position":2,"name":"Com interesse de grupos chineses, trem de alta velocidade Rio-SP quer entrar no PAC"}]},{"@type":"WebSite","@id":"https:\/\/agenciainfra.com\/blog\/#website","url":"https:\/\/agenciainfra.com\/blog\/","name":"Ag\u00eancia iNFRA","description":"Multiplataforma de informa\u00e7\u00e3o jornal\u00edstica refer\u00eancia na \u00e1rea de infraestrutura no Brasil!","publisher":{"@id":"https:\/\/agenciainfra.com\/blog\/#organization"},"potentialAction":[{"@type":"SearchAction","target":{"@type":"EntryPoint","urlTemplate":"https:\/\/agenciainfra.com\/blog\/?s={search_term_string}"},"query-input":{"@type":"PropertyValueSpecification","valueRequired":true,"valueName":"search_term_string"}}],"inLanguage":"pt-BR"},{"@type":"Organization","@id":"https:\/\/agenciainfra.com\/blog\/#organization","name":"Ag\u00eancia iNFRA","url":"https:\/\/agenciainfra.com\/blog\/","logo":{"@type":"ImageObject","inLanguage":"pt-BR","@id":"https:\/\/agenciainfra.com\/blog\/#\/schema\/logo\/image\/","url":"https:\/\/agenciainfra.com\/blog\/wp-content\/uploads\/2023\/09\/iNFRA_5-e1761735885940.png","contentUrl":"https:\/\/agenciainfra.com\/blog\/wp-content\/uploads\/2023\/09\/iNFRA_5-e1761735885940.png","width":1672,"height":454,"caption":"Ag\u00eancia iNFRA"},"image":{"@id":"https:\/\/agenciainfra.com\/blog\/#\/schema\/logo\/image\/"},"sameAs":["https:\/\/www.facebook.com\/ageninfra","https:\/\/x.com\/agencia_infra","https:\/\/www.linkedin.com\/company\/ag\u00eanciainfra\/","https:\/\/www.instagram.com\/agenciainfra\/"]},{"@type":"Person","@id":"https:\/\/agenciainfra.com\/blog\/#\/schema\/person\/34af08dff6adea4cb22b06612ba7acfa","name":"Ag\u00eancia iNFRA","image":{"@type":"ImageObject","inLanguage":"pt-BR","@id":"https:\/\/agenciainfra.com\/blog\/#\/schema\/person\/image\/","url":"https:\/\/secure.gravatar.com\/avatar\/d189e01678f06d8eb84d4e01f08eb848b3fffe3f8443818d3c356c66892f5be8?s=96&d=mm&r=g","contentUrl":"https:\/\/secure.gravatar.com\/avatar\/d189e01678f06d8eb84d4e01f08eb848b3fffe3f8443818d3c356c66892f5be8?s=96&d=mm&r=g","caption":"Ag\u00eancia iNFRA"},"url":"https:\/\/agenciainfra.com\/blog\/author\/admin\/"}]}},"_links":{"self":[{"href":"https:\/\/agenciainfra.com\/blog\/wp-json\/wp\/v2\/posts\/20474","targetHints":{"allow":["GET"]}}],"collection":[{"href":"https:\/\/agenciainfra.com\/blog\/wp-json\/wp\/v2\/posts"}],"about":[{"href":"https:\/\/agenciainfra.com\/blog\/wp-json\/wp\/v2\/types\/post"}],"author":[{"embeddable":true,"href":"https:\/\/agenciainfra.com\/blog\/wp-json\/wp\/v2\/users\/1"}],"replies":[{"embeddable":true,"href":"https:\/\/agenciainfra.com\/blog\/wp-json\/wp\/v2\/comments?post=20474"}],"version-history":[{"count":1,"href":"https:\/\/agenciainfra.com\/blog\/wp-json\/wp\/v2\/posts\/20474\/revisions"}],"predecessor-version":[{"id":20475,"href":"https:\/\/agenciainfra.com\/blog\/wp-json\/wp\/v2\/posts\/20474\/revisions\/20475"}],"wp:featuredmedia":[{"embeddable":true,"href":"https:\/\/agenciainfra.com\/blog\/wp-json\/wp\/v2\/media\/14175"}],"wp:attachment":[{"href":"https:\/\/agenciainfra.com\/blog\/wp-json\/wp\/v2\/media?parent=20474"}],"wp:term":[{"taxonomy":"category","embeddable":true,"href":"https:\/\/agenciainfra.com\/blog\/wp-json\/wp\/v2\/categories?post=20474"},{"taxonomy":"post_tag","embeddable":true,"href":"https:\/\/agenciainfra.com\/blog\/wp-json\/wp\/v2\/tags?post=20474"}],"curies":[{"name":"wp","href":"https:\/\/api.w.org\/{rel}","templated":true}]}}