{"id":20504,"date":"2025-03-12T08:00:00","date_gmt":"2025-03-12T11:00:00","guid":{"rendered":"https:\/\/agenciainfra.com\/blog\/?p=20504"},"modified":"2025-06-26T09:23:44","modified_gmt":"2025-06-26T12:23:44","slug":"aneel-inclui-geracao-distribuida-no-calculo-de-perdas-nao-tecnicas-das-distribuidoras","status":"publish","type":"post","link":"https:\/\/agenciainfra.com\/blog\/aneel-inclui-geracao-distribuida-no-calculo-de-perdas-nao-tecnicas-das-distribuidoras\/","title":{"rendered":"ANEEL inclui gera\u00e7\u00e3o distribu\u00edda no c\u00e1lculo de perdas n\u00e3o t\u00e9cnicas das distribuidoras"},"content":{"rendered":"\n<p class=\"has-text-align-right\"><strong>Marisa Wanzeller e Geraldo Campos Jr., da Ag\u00eancia iNFRA<\/strong><\/p>\n\n\n\n<p>A diretoria da ANEEL (Ag\u00eancia Nacional de Energia El\u00e9trica) aprovou nesta ter\u00e7a-feira (11) regra que considera a energia injetada na rede via MMGD (Micro e Minigera\u00e7\u00e3o Distribu\u00edda) no c\u00e1lculo de perdas n\u00e3o t\u00e9cnicas das distribuidoras. O aprimoramento da regula\u00e7\u00e3o aumenta os limites de perdas das empresas e ter\u00e1 impacto nos reajustes tarif\u00e1rios das concession\u00e1rias.&nbsp;<br><br>Conforme a proposta aprovada por unanimidade, a partir de agora, o c\u00e1lculo ser\u00e1 feito com base no mercado medido das distribuidoras (que passou nos rel\u00f3gios medidores). At\u00e9 ent\u00e3o, esse c\u00e1lculo era feito com base no mercado faturado, que considera aspectos comerciais como cobran\u00e7as retroativas, cr\u00e9ditos e disponibilidade.&nbsp;<br><br>Com o crescimento da gera\u00e7\u00e3o distribu\u00edda nos \u00faltimos anos, as \u00e1reas t\u00e9cnicas da ANEEL identificaram vantagens em mudar o modelo para o mercado medido para calcular a compra de energia das distribuidoras. A rela\u00e7\u00e3o entre o mercado faturado e o medido se alterou ap\u00f3s a inser\u00e7\u00e3o de MMGD, o que impactou&nbsp;a necessidade da compra de energia pelas concession\u00e1rias.&nbsp;<br><br><strong>Sem impacto retroativo<\/strong><br>A relatora do processo, diretora Agnes Costa, apresentou&nbsp;<a href=\"https:\/\/mcusercontent.com\/d460dd1bcf9ba0ae040e1fc0f\/files\/269e5a41-8f9c-7179-fa4d-a5d6f7f12fff\/voto_item_3.pdf\" target=\"_blank\" rel=\"noreferrer noopener\">voto<\/a>&nbsp;seguindo o entendimento da \u00e1rea t\u00e9cnica para que o novo c\u00e1lculo seja aplicado a partir dos processos tarif\u00e1rios de 2025. A maioria das distribuidoras tinha solicitado que a nova regra retroagisse at\u00e9 2023, o que resultaria em um reconhecimento ainda maior de perdas.&nbsp;<br><br>Agnes afirmou que, por se tratar de um aprimoramento da regula\u00e7\u00e3o, a regra s\u00f3 poderia ser aplicada daqui em diante. No caso da Enel Rio, a \u00fanica que j\u00e1 teve reajuste tarif\u00e1rio aprovado neste ano, deliberado nesta ter\u00e7a-feira, a aplica\u00e7\u00e3o se dar\u00e1 a partir do processo de 2026, mas incorporando os efeitos deste ano, de forma a gerar um componente financeiro.<br><br><strong>Energia requerida<\/strong><br>A MMGD tamb\u00e9m passa a ser considerada para o c\u00e1lculo de energia requerida, uma vez que ela diminui a necessidade de compra de energia pelas distribuidoras. Segundo t\u00e9cnicos, dessa forma, o custo para o consumidor tende a ser menor.&nbsp;<br><br>Atualmente, os efeitos da MMGD no c\u00e1lculo da energia requerida eram considerados nas perdas t\u00e9cnicas (energia perdida devido \u00e0 condi\u00e7\u00e3o dos cabos e equipamentos de transporte da energia) e, com a proposta, passam a ser considerados tamb\u00e9m nas perdas n\u00e3o t\u00e9cnicas (furtos e fraudes de energia el\u00e9trica), que ser\u00e1 calculada com base no mercado de baixa tens\u00e3o medido.<\/p>\n","protected":false},"excerpt":{"rendered":"<p>Marisa Wanzeller e Geraldo Campos Jr., da Ag\u00eancia iNFRA A diretoria da ANEEL (Ag\u00eancia Nacional de Energia El\u00e9trica) aprovou nesta ter\u00e7a-feira (11) regra que considera a energia injetada na rede via MMGD (Micro e Minigera\u00e7\u00e3o Distribu\u00edda) no c\u00e1lculo de perdas n\u00e3o t\u00e9cnicas das distribuidoras. O aprimoramento da regula\u00e7\u00e3o aumenta os limites de perdas das empresas [&hellip;]<\/p>\n","protected":false},"author":1,"featured_media":3346,"comment_status":"closed","ping_status":"closed","sticky":false,"template":"","format":"standard","meta":{"_monsterinsights_skip_tracking":false,"_monsterinsights_sitenote_active":false,"_monsterinsights_sitenote_note":"","_monsterinsights_sitenote_category":0,"footnotes":""},"categories":[7250,1,10],"tags":[53,1082,292,12771,850,11594,7366,8724,12768,12770],"class_list":["post-20504","post","type-post","status-publish","format-standard","has-post-thumbnail","hentry","category-destaque-lista","category-geral","category-infraenergia","tag-aneel","tag-distribuicao-de-energia","tag-distribuidoras","tag-energia-requerida","tag-geracao-distribuida","tag-geraldo-campos-jr","tag-marisa-wanzeller","tag-mmgd","tag-perdas-nao-tecnicas","tag-reuniao-aneel"],"yoast_head":"<!-- This site is optimized with the Yoast SEO Premium plugin v25.4 (Yoast SEO v26.0) - https:\/\/yoast.com\/wordpress\/plugins\/seo\/ -->\n<title>ANEEL inclui gera\u00e7\u00e3o distribu\u00edda no c\u00e1lculo de perdas n\u00e3o t\u00e9cnicas das distribuidoras - Ag\u00eancia iNFRA<\/title>\n<meta name=\"robots\" content=\"index, follow, max-snippet:-1, max-image-preview:large, max-video-preview:-1\" \/>\n<link rel=\"canonical\" href=\"https:\/\/agenciainfra.com\/blog\/aneel-inclui-geracao-distribuida-no-calculo-de-perdas-nao-tecnicas-das-distribuidoras\/\" \/>\n<meta property=\"og:locale\" content=\"pt_BR\" \/>\n<meta property=\"og:type\" content=\"article\" \/>\n<meta property=\"og:title\" content=\"ANEEL inclui gera\u00e7\u00e3o distribu\u00edda no c\u00e1lculo de perdas n\u00e3o t\u00e9cnicas das distribuidoras\" \/>\n<meta property=\"og:description\" content=\"Marisa Wanzeller e Geraldo Campos Jr., da Ag\u00eancia iNFRA A diretoria da ANEEL (Ag\u00eancia Nacional de Energia El\u00e9trica) aprovou nesta ter\u00e7a-feira (11) regra que considera a energia injetada na rede via MMGD (Micro e Minigera\u00e7\u00e3o Distribu\u00edda) no c\u00e1lculo de perdas n\u00e3o t\u00e9cnicas das distribuidoras. O aprimoramento da regula\u00e7\u00e3o aumenta os limites de perdas das empresas [&hellip;]\" \/>\n<meta property=\"og:url\" content=\"https:\/\/agenciainfra.com\/blog\/aneel-inclui-geracao-distribuida-no-calculo-de-perdas-nao-tecnicas-das-distribuidoras\/\" \/>\n<meta property=\"og:site_name\" content=\"Ag\u00eancia iNFRA\" \/>\n<meta property=\"article:publisher\" content=\"https:\/\/www.facebook.com\/ageninfra\" \/>\n<meta property=\"article:published_time\" content=\"2025-03-12T11:00:00+00:00\" \/>\n<meta property=\"article:modified_time\" content=\"2025-06-26T12:23:44+00:00\" \/>\n<meta property=\"og:image\" content=\"https:\/\/agenciainfra.com\/blog\/wp-content\/uploads\/2019\/06\/divulgacao-aneel-e1740046560113.jpeg\" \/>\n\t<meta property=\"og:image:width\" content=\"1208\" \/>\n\t<meta property=\"og:image:height\" content=\"805\" \/>\n\t<meta property=\"og:image:type\" content=\"image\/jpeg\" \/>\n<meta name=\"author\" content=\"Ag\u00eancia iNFRA\" \/>\n<meta name=\"twitter:card\" content=\"summary_large_image\" \/>\n<meta name=\"twitter:creator\" content=\"@agencia_infra\" \/>\n<meta name=\"twitter:site\" content=\"@agencia_infra\" \/>\n<meta name=\"twitter:label1\" content=\"Escrito por\" \/>\n\t<meta name=\"twitter:data1\" content=\"Ag\u00eancia iNFRA\" \/>\n\t<meta name=\"twitter:label2\" content=\"Est. tempo de leitura\" \/>\n\t<meta name=\"twitter:data2\" content=\"2 minutos\" \/>\n<script type=\"application\/ld+json\" class=\"yoast-schema-graph\">{\"@context\":\"https:\/\/schema.org\",\"@graph\":[{\"@type\":\"Article\",\"@id\":\"https:\/\/agenciainfra.com\/blog\/aneel-inclui-geracao-distribuida-no-calculo-de-perdas-nao-tecnicas-das-distribuidoras\/#article\",\"isPartOf\":{\"@id\":\"https:\/\/agenciainfra.com\/blog\/aneel-inclui-geracao-distribuida-no-calculo-de-perdas-nao-tecnicas-das-distribuidoras\/\"},\"author\":{\"name\":\"Ag\u00eancia iNFRA\",\"@id\":\"https:\/\/agenciainfra.com\/blog\/#\/schema\/person\/34af08dff6adea4cb22b06612ba7acfa\"},\"headline\":\"ANEEL inclui gera\u00e7\u00e3o distribu\u00edda no c\u00e1lculo de perdas n\u00e3o t\u00e9cnicas das distribuidoras\",\"datePublished\":\"2025-03-12T11:00:00+00:00\",\"dateModified\":\"2025-06-26T12:23:44+00:00\",\"mainEntityOfPage\":{\"@id\":\"https:\/\/agenciainfra.com\/blog\/aneel-inclui-geracao-distribuida-no-calculo-de-perdas-nao-tecnicas-das-distribuidoras\/\"},\"wordCount\":447,\"publisher\":{\"@id\":\"https:\/\/agenciainfra.com\/blog\/#organization\"},\"image\":{\"@id\":\"https:\/\/agenciainfra.com\/blog\/aneel-inclui-geracao-distribuida-no-calculo-de-perdas-nao-tecnicas-das-distribuidoras\/#primaryimage\"},\"thumbnailUrl\":\"https:\/\/agenciainfra.com\/blog\/wp-content\/uploads\/2019\/06\/divulgacao-aneel-e1740046560113.jpeg\",\"keywords\":[\"ANEEL\",\"distribui\u00e7\u00e3o de energia\",\"distribuidoras\",\"energia requerida\",\"gera\u00e7\u00e3o distribu\u00edda\",\"Geraldo Campos Jr.\",\"Marisa Wanzeller\",\"MMGD\",\"perdas n\u00e3o t\u00e9cnicas\",\"reuni\u00e3o aneel\"],\"articleSection\":[\"Destaque lista\",\"Geral\",\"iNFRAEnergia\"],\"inLanguage\":\"pt-BR\",\"copyrightYear\":\"2025\",\"copyrightHolder\":{\"@id\":\"https:\/\/agenciainfra.com\/blog\/#organization\"}},{\"@type\":\"WebPage\",\"@id\":\"https:\/\/agenciainfra.com\/blog\/aneel-inclui-geracao-distribuida-no-calculo-de-perdas-nao-tecnicas-das-distribuidoras\/\",\"url\":\"https:\/\/agenciainfra.com\/blog\/aneel-inclui-geracao-distribuida-no-calculo-de-perdas-nao-tecnicas-das-distribuidoras\/\",\"name\":\"ANEEL inclui gera\u00e7\u00e3o distribu\u00edda no c\u00e1lculo de perdas n\u00e3o t\u00e9cnicas das distribuidoras - Ag\u00eancia iNFRA\",\"isPartOf\":{\"@id\":\"https:\/\/agenciainfra.com\/blog\/#website\"},\"primaryImageOfPage\":{\"@id\":\"https:\/\/agenciainfra.com\/blog\/aneel-inclui-geracao-distribuida-no-calculo-de-perdas-nao-tecnicas-das-distribuidoras\/#primaryimage\"},\"image\":{\"@id\":\"https:\/\/agenciainfra.com\/blog\/aneel-inclui-geracao-distribuida-no-calculo-de-perdas-nao-tecnicas-das-distribuidoras\/#primaryimage\"},\"thumbnailUrl\":\"https:\/\/agenciainfra.com\/blog\/wp-content\/uploads\/2019\/06\/divulgacao-aneel-e1740046560113.jpeg\",\"datePublished\":\"2025-03-12T11:00:00+00:00\",\"dateModified\":\"2025-06-26T12:23:44+00:00\",\"breadcrumb\":{\"@id\":\"https:\/\/agenciainfra.com\/blog\/aneel-inclui-geracao-distribuida-no-calculo-de-perdas-nao-tecnicas-das-distribuidoras\/#breadcrumb\"},\"inLanguage\":\"pt-BR\",\"potentialAction\":[{\"@type\":\"ReadAction\",\"target\":[\"https:\/\/agenciainfra.com\/blog\/aneel-inclui-geracao-distribuida-no-calculo-de-perdas-nao-tecnicas-das-distribuidoras\/\"]}]},{\"@type\":\"ImageObject\",\"inLanguage\":\"pt-BR\",\"@id\":\"https:\/\/agenciainfra.com\/blog\/aneel-inclui-geracao-distribuida-no-calculo-de-perdas-nao-tecnicas-das-distribuidoras\/#primaryimage\",\"url\":\"https:\/\/agenciainfra.com\/blog\/wp-content\/uploads\/2019\/06\/divulgacao-aneel-e1740046560113.jpeg\",\"contentUrl\":\"https:\/\/agenciainfra.com\/blog\/wp-content\/uploads\/2019\/06\/divulgacao-aneel-e1740046560113.jpeg\",\"width\":1208,\"height\":805,\"caption\":\"Foto: ANEEL\"},{\"@type\":\"BreadcrumbList\",\"@id\":\"https:\/\/agenciainfra.com\/blog\/aneel-inclui-geracao-distribuida-no-calculo-de-perdas-nao-tecnicas-das-distribuidoras\/#breadcrumb\",\"itemListElement\":[{\"@type\":\"ListItem\",\"position\":1,\"name\":\"In\u00edcio\",\"item\":\"https:\/\/agenciainfra.com\/blog\/\"},{\"@type\":\"ListItem\",\"position\":2,\"name\":\"ANEEL inclui gera\u00e7\u00e3o distribu\u00edda no c\u00e1lculo de perdas n\u00e3o t\u00e9cnicas das distribuidoras\"}]},{\"@type\":\"WebSite\",\"@id\":\"https:\/\/agenciainfra.com\/blog\/#website\",\"url\":\"https:\/\/agenciainfra.com\/blog\/\",\"name\":\"Ag\u00eancia iNFRA\",\"description\":\"Multiplataforma de informa\u00e7\u00e3o jornal\u00edstica refer\u00eancia na \u00e1rea de infraestrutura no Brasil!\",\"publisher\":{\"@id\":\"https:\/\/agenciainfra.com\/blog\/#organization\"},\"potentialAction\":[{\"@type\":\"SearchAction\",\"target\":{\"@type\":\"EntryPoint\",\"urlTemplate\":\"https:\/\/agenciainfra.com\/blog\/?s={search_term_string}\"},\"query-input\":{\"@type\":\"PropertyValueSpecification\",\"valueRequired\":true,\"valueName\":\"search_term_string\"}}],\"inLanguage\":\"pt-BR\"},{\"@type\":\"Organization\",\"@id\":\"https:\/\/agenciainfra.com\/blog\/#organization\",\"name\":\"Ag\u00eancia iNFRA\",\"url\":\"https:\/\/agenciainfra.com\/blog\/\",\"logo\":{\"@type\":\"ImageObject\",\"inLanguage\":\"pt-BR\",\"@id\":\"https:\/\/agenciainfra.com\/blog\/#\/schema\/logo\/image\/\",\"url\":\"https:\/\/agenciainfra.com\/blog\/wp-content\/uploads\/2023\/09\/iNFRA_5-e1761735885940.png\",\"contentUrl\":\"https:\/\/agenciainfra.com\/blog\/wp-content\/uploads\/2023\/09\/iNFRA_5-e1761735885940.png\",\"width\":1672,\"height\":454,\"caption\":\"Ag\u00eancia iNFRA\"},\"image\":{\"@id\":\"https:\/\/agenciainfra.com\/blog\/#\/schema\/logo\/image\/\"},\"sameAs\":[\"https:\/\/www.facebook.com\/ageninfra\",\"https:\/\/x.com\/agencia_infra\",\"https:\/\/www.linkedin.com\/company\/ag\u00eanciainfra\/\",\"https:\/\/www.instagram.com\/agenciainfra\/\"]},{\"@type\":\"Person\",\"@id\":\"https:\/\/agenciainfra.com\/blog\/#\/schema\/person\/34af08dff6adea4cb22b06612ba7acfa\",\"name\":\"Ag\u00eancia iNFRA\",\"image\":{\"@type\":\"ImageObject\",\"inLanguage\":\"pt-BR\",\"@id\":\"https:\/\/agenciainfra.com\/blog\/#\/schema\/person\/image\/\",\"url\":\"https:\/\/secure.gravatar.com\/avatar\/d189e01678f06d8eb84d4e01f08eb848b3fffe3f8443818d3c356c66892f5be8?s=96&d=mm&r=g\",\"contentUrl\":\"https:\/\/secure.gravatar.com\/avatar\/d189e01678f06d8eb84d4e01f08eb848b3fffe3f8443818d3c356c66892f5be8?s=96&d=mm&r=g\",\"caption\":\"Ag\u00eancia iNFRA\"},\"url\":\"https:\/\/agenciainfra.com\/blog\/author\/admin\/\"}]}<\/script>\n<!-- \/ Yoast SEO Premium plugin. -->","yoast_head_json":{"title":"ANEEL inclui gera\u00e7\u00e3o distribu\u00edda no c\u00e1lculo de perdas n\u00e3o t\u00e9cnicas das distribuidoras - Ag\u00eancia iNFRA","robots":{"index":"index","follow":"follow","max-snippet":"max-snippet:-1","max-image-preview":"max-image-preview:large","max-video-preview":"max-video-preview:-1"},"canonical":"https:\/\/agenciainfra.com\/blog\/aneel-inclui-geracao-distribuida-no-calculo-de-perdas-nao-tecnicas-das-distribuidoras\/","og_locale":"pt_BR","og_type":"article","og_title":"ANEEL inclui gera\u00e7\u00e3o distribu\u00edda no c\u00e1lculo de perdas n\u00e3o t\u00e9cnicas das distribuidoras","og_description":"Marisa Wanzeller e Geraldo Campos Jr., da Ag\u00eancia iNFRA A diretoria da ANEEL (Ag\u00eancia Nacional de Energia El\u00e9trica) aprovou nesta ter\u00e7a-feira (11) regra que considera a energia injetada na rede via MMGD (Micro e Minigera\u00e7\u00e3o Distribu\u00edda) no c\u00e1lculo de perdas n\u00e3o t\u00e9cnicas das distribuidoras. O aprimoramento da regula\u00e7\u00e3o aumenta os limites de perdas das empresas [&hellip;]","og_url":"https:\/\/agenciainfra.com\/blog\/aneel-inclui-geracao-distribuida-no-calculo-de-perdas-nao-tecnicas-das-distribuidoras\/","og_site_name":"Ag\u00eancia iNFRA","article_publisher":"https:\/\/www.facebook.com\/ageninfra","article_published_time":"2025-03-12T11:00:00+00:00","article_modified_time":"2025-06-26T12:23:44+00:00","og_image":[{"width":1208,"height":805,"url":"https:\/\/agenciainfra.com\/blog\/wp-content\/uploads\/2019\/06\/divulgacao-aneel-e1740046560113.jpeg","type":"image\/jpeg"}],"author":"Ag\u00eancia iNFRA","twitter_card":"summary_large_image","twitter_creator":"@agencia_infra","twitter_site":"@agencia_infra","twitter_misc":{"Escrito por":"Ag\u00eancia iNFRA","Est. tempo de leitura":"2 minutos"},"schema":{"@context":"https:\/\/schema.org","@graph":[{"@type":"Article","@id":"https:\/\/agenciainfra.com\/blog\/aneel-inclui-geracao-distribuida-no-calculo-de-perdas-nao-tecnicas-das-distribuidoras\/#article","isPartOf":{"@id":"https:\/\/agenciainfra.com\/blog\/aneel-inclui-geracao-distribuida-no-calculo-de-perdas-nao-tecnicas-das-distribuidoras\/"},"author":{"name":"Ag\u00eancia iNFRA","@id":"https:\/\/agenciainfra.com\/blog\/#\/schema\/person\/34af08dff6adea4cb22b06612ba7acfa"},"headline":"ANEEL inclui gera\u00e7\u00e3o distribu\u00edda no c\u00e1lculo de perdas n\u00e3o t\u00e9cnicas das distribuidoras","datePublished":"2025-03-12T11:00:00+00:00","dateModified":"2025-06-26T12:23:44+00:00","mainEntityOfPage":{"@id":"https:\/\/agenciainfra.com\/blog\/aneel-inclui-geracao-distribuida-no-calculo-de-perdas-nao-tecnicas-das-distribuidoras\/"},"wordCount":447,"publisher":{"@id":"https:\/\/agenciainfra.com\/blog\/#organization"},"image":{"@id":"https:\/\/agenciainfra.com\/blog\/aneel-inclui-geracao-distribuida-no-calculo-de-perdas-nao-tecnicas-das-distribuidoras\/#primaryimage"},"thumbnailUrl":"https:\/\/agenciainfra.com\/blog\/wp-content\/uploads\/2019\/06\/divulgacao-aneel-e1740046560113.jpeg","keywords":["ANEEL","distribui\u00e7\u00e3o de energia","distribuidoras","energia requerida","gera\u00e7\u00e3o distribu\u00edda","Geraldo Campos Jr.","Marisa Wanzeller","MMGD","perdas n\u00e3o t\u00e9cnicas","reuni\u00e3o aneel"],"articleSection":["Destaque lista","Geral","iNFRAEnergia"],"inLanguage":"pt-BR","copyrightYear":"2025","copyrightHolder":{"@id":"https:\/\/agenciainfra.com\/blog\/#organization"}},{"@type":"WebPage","@id":"https:\/\/agenciainfra.com\/blog\/aneel-inclui-geracao-distribuida-no-calculo-de-perdas-nao-tecnicas-das-distribuidoras\/","url":"https:\/\/agenciainfra.com\/blog\/aneel-inclui-geracao-distribuida-no-calculo-de-perdas-nao-tecnicas-das-distribuidoras\/","name":"ANEEL inclui gera\u00e7\u00e3o distribu\u00edda no c\u00e1lculo de perdas n\u00e3o t\u00e9cnicas das distribuidoras - Ag\u00eancia iNFRA","isPartOf":{"@id":"https:\/\/agenciainfra.com\/blog\/#website"},"primaryImageOfPage":{"@id":"https:\/\/agenciainfra.com\/blog\/aneel-inclui-geracao-distribuida-no-calculo-de-perdas-nao-tecnicas-das-distribuidoras\/#primaryimage"},"image":{"@id":"https:\/\/agenciainfra.com\/blog\/aneel-inclui-geracao-distribuida-no-calculo-de-perdas-nao-tecnicas-das-distribuidoras\/#primaryimage"},"thumbnailUrl":"https:\/\/agenciainfra.com\/blog\/wp-content\/uploads\/2019\/06\/divulgacao-aneel-e1740046560113.jpeg","datePublished":"2025-03-12T11:00:00+00:00","dateModified":"2025-06-26T12:23:44+00:00","breadcrumb":{"@id":"https:\/\/agenciainfra.com\/blog\/aneel-inclui-geracao-distribuida-no-calculo-de-perdas-nao-tecnicas-das-distribuidoras\/#breadcrumb"},"inLanguage":"pt-BR","potentialAction":[{"@type":"ReadAction","target":["https:\/\/agenciainfra.com\/blog\/aneel-inclui-geracao-distribuida-no-calculo-de-perdas-nao-tecnicas-das-distribuidoras\/"]}]},{"@type":"ImageObject","inLanguage":"pt-BR","@id":"https:\/\/agenciainfra.com\/blog\/aneel-inclui-geracao-distribuida-no-calculo-de-perdas-nao-tecnicas-das-distribuidoras\/#primaryimage","url":"https:\/\/agenciainfra.com\/blog\/wp-content\/uploads\/2019\/06\/divulgacao-aneel-e1740046560113.jpeg","contentUrl":"https:\/\/agenciainfra.com\/blog\/wp-content\/uploads\/2019\/06\/divulgacao-aneel-e1740046560113.jpeg","width":1208,"height":805,"caption":"Foto: ANEEL"},{"@type":"BreadcrumbList","@id":"https:\/\/agenciainfra.com\/blog\/aneel-inclui-geracao-distribuida-no-calculo-de-perdas-nao-tecnicas-das-distribuidoras\/#breadcrumb","itemListElement":[{"@type":"ListItem","position":1,"name":"In\u00edcio","item":"https:\/\/agenciainfra.com\/blog\/"},{"@type":"ListItem","position":2,"name":"ANEEL inclui gera\u00e7\u00e3o distribu\u00edda no c\u00e1lculo de perdas n\u00e3o t\u00e9cnicas das distribuidoras"}]},{"@type":"WebSite","@id":"https:\/\/agenciainfra.com\/blog\/#website","url":"https:\/\/agenciainfra.com\/blog\/","name":"Ag\u00eancia iNFRA","description":"Multiplataforma de informa\u00e7\u00e3o jornal\u00edstica refer\u00eancia na \u00e1rea de infraestrutura no Brasil!","publisher":{"@id":"https:\/\/agenciainfra.com\/blog\/#organization"},"potentialAction":[{"@type":"SearchAction","target":{"@type":"EntryPoint","urlTemplate":"https:\/\/agenciainfra.com\/blog\/?s={search_term_string}"},"query-input":{"@type":"PropertyValueSpecification","valueRequired":true,"valueName":"search_term_string"}}],"inLanguage":"pt-BR"},{"@type":"Organization","@id":"https:\/\/agenciainfra.com\/blog\/#organization","name":"Ag\u00eancia iNFRA","url":"https:\/\/agenciainfra.com\/blog\/","logo":{"@type":"ImageObject","inLanguage":"pt-BR","@id":"https:\/\/agenciainfra.com\/blog\/#\/schema\/logo\/image\/","url":"https:\/\/agenciainfra.com\/blog\/wp-content\/uploads\/2023\/09\/iNFRA_5-e1761735885940.png","contentUrl":"https:\/\/agenciainfra.com\/blog\/wp-content\/uploads\/2023\/09\/iNFRA_5-e1761735885940.png","width":1672,"height":454,"caption":"Ag\u00eancia iNFRA"},"image":{"@id":"https:\/\/agenciainfra.com\/blog\/#\/schema\/logo\/image\/"},"sameAs":["https:\/\/www.facebook.com\/ageninfra","https:\/\/x.com\/agencia_infra","https:\/\/www.linkedin.com\/company\/ag\u00eanciainfra\/","https:\/\/www.instagram.com\/agenciainfra\/"]},{"@type":"Person","@id":"https:\/\/agenciainfra.com\/blog\/#\/schema\/person\/34af08dff6adea4cb22b06612ba7acfa","name":"Ag\u00eancia iNFRA","image":{"@type":"ImageObject","inLanguage":"pt-BR","@id":"https:\/\/agenciainfra.com\/blog\/#\/schema\/person\/image\/","url":"https:\/\/secure.gravatar.com\/avatar\/d189e01678f06d8eb84d4e01f08eb848b3fffe3f8443818d3c356c66892f5be8?s=96&d=mm&r=g","contentUrl":"https:\/\/secure.gravatar.com\/avatar\/d189e01678f06d8eb84d4e01f08eb848b3fffe3f8443818d3c356c66892f5be8?s=96&d=mm&r=g","caption":"Ag\u00eancia iNFRA"},"url":"https:\/\/agenciainfra.com\/blog\/author\/admin\/"}]}},"_links":{"self":[{"href":"https:\/\/agenciainfra.com\/blog\/wp-json\/wp\/v2\/posts\/20504","targetHints":{"allow":["GET"]}}],"collection":[{"href":"https:\/\/agenciainfra.com\/blog\/wp-json\/wp\/v2\/posts"}],"about":[{"href":"https:\/\/agenciainfra.com\/blog\/wp-json\/wp\/v2\/types\/post"}],"author":[{"embeddable":true,"href":"https:\/\/agenciainfra.com\/blog\/wp-json\/wp\/v2\/users\/1"}],"replies":[{"embeddable":true,"href":"https:\/\/agenciainfra.com\/blog\/wp-json\/wp\/v2\/comments?post=20504"}],"version-history":[{"count":1,"href":"https:\/\/agenciainfra.com\/blog\/wp-json\/wp\/v2\/posts\/20504\/revisions"}],"predecessor-version":[{"id":20505,"href":"https:\/\/agenciainfra.com\/blog\/wp-json\/wp\/v2\/posts\/20504\/revisions\/20505"}],"wp:featuredmedia":[{"embeddable":true,"href":"https:\/\/agenciainfra.com\/blog\/wp-json\/wp\/v2\/media\/3346"}],"wp:attachment":[{"href":"https:\/\/agenciainfra.com\/blog\/wp-json\/wp\/v2\/media?parent=20504"}],"wp:term":[{"taxonomy":"category","embeddable":true,"href":"https:\/\/agenciainfra.com\/blog\/wp-json\/wp\/v2\/categories?post=20504"},{"taxonomy":"post_tag","embeddable":true,"href":"https:\/\/agenciainfra.com\/blog\/wp-json\/wp\/v2\/tags?post=20504"}],"curies":[{"name":"wp","href":"https:\/\/api.w.org\/{rel}","templated":true}]}}