{"id":20506,"date":"2025-03-12T10:00:00","date_gmt":"2025-03-12T13:00:00","guid":{"rendered":"https:\/\/agenciainfra.com\/blog\/?p=20506"},"modified":"2025-03-12T07:01:30","modified_gmt":"2025-03-12T10:01:30","slug":"comissao-de-infraestrutura-convida-autoridades-do-setor-de-transportes-para-esclarecimentos","status":"publish","type":"post","link":"https:\/\/agenciainfra.com\/blog\/comissao-de-infraestrutura-convida-autoridades-do-setor-de-transportes-para-esclarecimentos\/","title":{"rendered":"Comiss\u00e3o de Infraestrutura convida autoridades do setor de transportes para esclarecimentos"},"content":{"rendered":"\n<p class=\"has-text-align-right\"><strong>Mar\u00edlia Sena, da Ag\u00eancia iNFRA<\/strong><\/p>\n\n\n\n<p>A primeira reuni\u00e3o deliberativa da CI (Comiss\u00e3o de Infraestrutura) do Senado, sob presid\u00eancia de Marcos Rog\u00e9rio (PL-RO), aprovou uma s\u00e9rie de requerimentos que convidam ministros e diretores de ag\u00eancias reguladoras para prestar esclarecimentos ao colegiado.<br><br>O ministro dos Transportes, Renan Filho, foi convidado a apresentar o plano de trabalho da pasta para os pr\u00f3ximos dois anos. No requerimento do senador Conf\u00facio Moura (MDB-RO), ele destacou que o debate contribuir\u00e1 para fortalecer as pol\u00edticas p\u00fablicas de infraestrutura e log\u00edstica no pa\u00eds, &#8220;garantindo que as a\u00e7\u00f5es governamentais estejam alinhadas \u00e0s reais necessidades da popula\u00e7\u00e3o e aos desafios do setor&#8221;.<br><br>Outro requerimento aprovado foi para convidar o ministro de Portos e Aeroportos, Silvio Costa Filho, com o mesmo objetivo. No entanto, Rog\u00e9rio esclareceu que a presen\u00e7a de Silvio Costa Filho depender\u00e1 da agenda de viagens do ministro, conforme solicita\u00e7\u00e3o de sua assessoria.<br><br>Os diretores do DNIT (Departamento Nacional de Infraestrutura de Transportes), ANTT (Ag\u00eancia Nacional de Transportes Terrestres) e ANAC (Ag\u00eancia Nacional de Avia\u00e7\u00e3o Civil) tamb\u00e9m dever\u00e3o comparecer \u00e0 comiss\u00e3o. Os senadores querem ouvir o DNIT sobre a seguran\u00e7a das OAEs (Obras de Arte Especiais) nas rodovias federais sob sua responsabilidade. A ANTT foi convidada para tratar da repactua\u00e7\u00e3o da concess\u00e3o da rodovia BR-163, no Mato Grosso do Sul, administrada pela MSVia, controlada pelo grupo CCR.<br><br>O senador Omar Aziz (PSD-AM) tamb\u00e9m ressaltou seu interesse em ouvir as autoridades sobre a situa\u00e7\u00e3o da BR-319, que liga Manaus a Porto Velho (RO). &#8220;N\u00e3o podemos sentar \u00e0 mesa com a equipe ambiental do governo Lula&#8221;, disse o senador. &#8220;\u00c9 inadmiss\u00edvel que n\u00e3o consigamos obter uma resposta da \u00e1rea ambiental do governo atual sobre a BR-319. N\u00e3o tivemos respostas nos governos anteriores e seguimos sem uma solu\u00e7\u00e3o&#8221;, afirmou.<br><br>A ANAC foi chamada para prestar esclarecimentos sobre a suspens\u00e3o dos voos da companhia VoePass, ap\u00f3s a ag\u00eancia considerar que a empresa n\u00e3o tinha capacidade para garantir as medidas de seguran\u00e7a exigidas pela legisla\u00e7\u00e3o, principalmente ap\u00f3s o desastre a\u00e9reo que deixou 62 mortos em agosto do ano passado. A VoePass operava em 16 destinos, a maioria no Rio Grande do Sul, o que motivou o senador S\u00e9rgio Moro (Uni\u00e3o-PR) a solicitar a audi\u00eancia p\u00fablica. &#8220;N\u00e3o estou questionando a decis\u00e3o da ANAC, s\u00f3 quero entender por que isso n\u00e3o foi feito antes&#8221;, disse o senador. Em nota, o Minist\u00e9rio de Portos e Aeroportos considerou a decis\u00e3o da ANAC &#8220;acertada&#8221;.<br><br><strong>Vota\u00e7\u00e3o das indica\u00e7\u00f5es para as ag\u00eancias reguladoras<\/strong><br>O senador Esperidi\u00e3o Amin (PP-SC) destacou a import\u00e2ncia de ouvir as ag\u00eancias reguladoras nas pr\u00f3ximas reuni\u00f5es das comiss\u00f5es. Ele lembrou que o colegiado precisar\u00e1 votar novas indica\u00e7\u00f5es para as autarquias.\u00a0Rog\u00e9rio afirmou que est\u00e1 aguardando as indica\u00e7\u00f5es da mesa do Senado, o que impede, por enquanto, a defini\u00e7\u00e3o de uma data para a vota\u00e7\u00e3o dos\u00a0nomes indicados.<br><br>O senador afirmou que, assim que forem enviadas, um cronograma de vota\u00e7\u00e3o ser\u00e1 estabelecido. Na avalia\u00e7\u00e3o de Marcos Rog\u00e9rio, o adiamento das nomea\u00e7\u00f5es e a perman\u00eancia de diretores substitutos nas autarquias &#8220;enfraquecem as ag\u00eancias&#8221;.<br><br>Em dezembro, foram feitas 14 indica\u00e7\u00f5es para oito ag\u00eancias, incluindo a ANP (Ag\u00eancia Nacional do Petr\u00f3leo, G\u00e1s Natural e Biocombust\u00edveis), a ANTT, a ANAC e a ANA (Ag\u00eancia Nacional de \u00c1guas e Saneamento B\u00e1sico).<br><br>Para a ANP, o governo indicou Artur Watt Neto para o cargo de diretor-geral e Pietro\u00a0Mendes para o cargo de diretor. Na ANAC, Tiago Faierstein \u00e9 o nome para a dire\u00e7\u00e3o-geral da ag\u00eancia e Rui Mesquita pode ocupar a vaga de diretor. Atualmente, a ag\u00eancia est\u00e1 sendo presidida pelo diretor substituto Roberto Honorato, que \u00e9 superintendente na autarquia.<br><br><strong>Nova vaga aberta<\/strong><br>O mandato do diretor Ricardo Catanant na ANAC vence no pr\u00f3ximo dia 19, o que implica em apenas dois diretores na ag\u00eancia durante um tempo, pois n\u00e3o haver\u00e1 tempo h\u00e1bil para a sabatina e vota\u00e7\u00e3o de novos nomes at\u00e9 a pr\u00f3xima quarta (19).\u00a0<br><br>Na ANTT, o nome de Guilherme Theo Sampaio foi\u00a0indicado pelo governo\u00a0para a diretoria-geral. Ele j\u00e1 est\u00e1 exercendo o cargo interinamente baseado nessa indica\u00e7\u00e3o. A ag\u00eancia ter\u00e1\u00a0outras duas vagas abertas, sem nomes indicados at\u00e9 o momento.<br><br>Na ANA, foram feitas as indica\u00e7\u00f5es de Larissa de Oliveira R\u00eago para a vaga de Vitor\u00a0Saback, aberta desde o ano passado; Cristiane Collet Battiston, no lugar de Filipe Sampaio Cunha, que deixou a diretoria em janeiro; e Leonardo G\u00f3es da Silva, na vaga de Maur\u00edcio Abijaodi Lopes de Vasconcellos.<br><br>Na ANTAQ (Ag\u00eancia Nacional de Transportes Aquavi\u00e1rios) n\u00e3o houve indica\u00e7\u00e3o do governo para a vaga de diretor-geral com a sa\u00edda de Eduardo Nery do cargo em fevereiro. O atual diretor da ag\u00eancia, Caio Farias, assumiu interinamente o cargo e trabalha para ser mantido de forma definitiva.<\/p>\n","protected":false},"excerpt":{"rendered":"<p>Mar\u00edlia Sena, da Ag\u00eancia iNFRA A primeira reuni\u00e3o deliberativa da CI (Comiss\u00e3o de Infraestrutura) do Senado, sob presid\u00eancia de Marcos Rog\u00e9rio (PL-RO), aprovou uma s\u00e9rie de requerimentos que convidam ministros e diretores de ag\u00eancias reguladoras para prestar esclarecimentos ao colegiado. O ministro dos Transportes, Renan Filho, foi convidado a apresentar o plano de trabalho da [&hellip;]<\/p>\n","protected":false},"author":1,"featured_media":20508,"comment_status":"closed","ping_status":"closed","sticky":false,"template":"","format":"standard","meta":{"_monsterinsights_skip_tracking":false,"_monsterinsights_sitenote_active":false,"_monsterinsights_sitenote_note":"","_monsterinsights_sitenote_category":0,"footnotes":""},"categories":[7250,1,7],"tags":[46,12772,1498,12773,12775,34,1193,11654,12774,6248,11798,7467],"class_list":["post-20506","post","type-post","status-publish","format-standard","has-post-thumbnail","hentry","category-destaque-lista","category-geral","category-infratransporte","tag-agencias-reguladoras","tag-ci-senado","tag-comissao-de-infraestrutura","tag-convocacao-de-autoridades","tag-indicacoes-para-agencias","tag-infraestrutura","tag-marcos-rogerio","tag-marilia-sena","tag-obras-de-transporte","tag-renan-filho","tag-reuniao-da-ci","tag-silvio-costa-filho"],"yoast_head":"<!-- This site is optimized with the Yoast SEO Premium plugin v25.4 (Yoast SEO v26.0) - https:\/\/yoast.com\/wordpress\/plugins\/seo\/ -->\n<title>Comiss\u00e3o de Infraestrutura convida autoridades do setor de transportes para esclarecimentos - Ag\u00eancia iNFRA<\/title>\n<meta name=\"robots\" content=\"index, follow, max-snippet:-1, max-image-preview:large, max-video-preview:-1\" \/>\n<link rel=\"canonical\" href=\"https:\/\/agenciainfra.com\/blog\/comissao-de-infraestrutura-convida-autoridades-do-setor-de-transportes-para-esclarecimentos\/\" \/>\n<meta property=\"og:locale\" content=\"pt_BR\" \/>\n<meta property=\"og:type\" content=\"article\" \/>\n<meta property=\"og:title\" content=\"Comiss\u00e3o de Infraestrutura convida autoridades do setor de transportes para esclarecimentos\" \/>\n<meta property=\"og:description\" content=\"Mar\u00edlia Sena, da Ag\u00eancia iNFRA A primeira reuni\u00e3o deliberativa da CI (Comiss\u00e3o de Infraestrutura) do Senado, sob presid\u00eancia de Marcos Rog\u00e9rio (PL-RO), aprovou uma s\u00e9rie de requerimentos que convidam ministros e diretores de ag\u00eancias reguladoras para prestar esclarecimentos ao colegiado. O ministro dos Transportes, Renan Filho, foi convidado a apresentar o plano de trabalho da [&hellip;]\" \/>\n<meta property=\"og:url\" content=\"https:\/\/agenciainfra.com\/blog\/comissao-de-infraestrutura-convida-autoridades-do-setor-de-transportes-para-esclarecimentos\/\" \/>\n<meta property=\"og:site_name\" content=\"Ag\u00eancia iNFRA\" \/>\n<meta property=\"article:publisher\" content=\"https:\/\/www.facebook.com\/ageninfra\" \/>\n<meta property=\"article:published_time\" content=\"2025-03-12T13:00:00+00:00\" \/>\n<meta property=\"og:image\" content=\"https:\/\/agenciainfra.com\/blog\/wp-content\/uploads\/2025\/03\/reuniao-ci-confucio-moura-foto-geraldomagela-agenciasenado-1.jpg\" \/>\n\t<meta property=\"og:image:width\" content=\"1208\" \/>\n\t<meta property=\"og:image:height\" content=\"801\" \/>\n\t<meta property=\"og:image:type\" content=\"image\/jpeg\" \/>\n<meta name=\"author\" content=\"Ag\u00eancia iNFRA\" \/>\n<meta name=\"twitter:card\" content=\"summary_large_image\" \/>\n<meta name=\"twitter:creator\" content=\"@agencia_infra\" \/>\n<meta name=\"twitter:site\" content=\"@agencia_infra\" \/>\n<meta name=\"twitter:label1\" content=\"Escrito por\" \/>\n\t<meta name=\"twitter:data1\" content=\"Ag\u00eancia iNFRA\" \/>\n\t<meta name=\"twitter:label2\" content=\"Est. tempo de leitura\" \/>\n\t<meta name=\"twitter:data2\" content=\"4 minutos\" \/>\n<script type=\"application\/ld+json\" class=\"yoast-schema-graph\">{\"@context\":\"https:\/\/schema.org\",\"@graph\":[{\"@type\":\"Article\",\"@id\":\"https:\/\/agenciainfra.com\/blog\/comissao-de-infraestrutura-convida-autoridades-do-setor-de-transportes-para-esclarecimentos\/#article\",\"isPartOf\":{\"@id\":\"https:\/\/agenciainfra.com\/blog\/comissao-de-infraestrutura-convida-autoridades-do-setor-de-transportes-para-esclarecimentos\/\"},\"author\":{\"name\":\"Ag\u00eancia iNFRA\",\"@id\":\"https:\/\/agenciainfra.com\/blog\/#\/schema\/person\/34af08dff6adea4cb22b06612ba7acfa\"},\"headline\":\"Comiss\u00e3o de Infraestrutura convida autoridades do setor de transportes para esclarecimentos\",\"datePublished\":\"2025-03-12T13:00:00+00:00\",\"mainEntityOfPage\":{\"@id\":\"https:\/\/agenciainfra.com\/blog\/comissao-de-infraestrutura-convida-autoridades-do-setor-de-transportes-para-esclarecimentos\/\"},\"wordCount\":869,\"publisher\":{\"@id\":\"https:\/\/agenciainfra.com\/blog\/#organization\"},\"image\":{\"@id\":\"https:\/\/agenciainfra.com\/blog\/comissao-de-infraestrutura-convida-autoridades-do-setor-de-transportes-para-esclarecimentos\/#primaryimage\"},\"thumbnailUrl\":\"https:\/\/agenciainfra.com\/blog\/wp-content\/uploads\/2025\/03\/reuniao-ci-confucio-moura-foto-geraldomagela-agenciasenado-1.jpg\",\"keywords\":[\"Ag\u00eancias Reguladoras\",\"CI\/Senado\",\"Comiss\u00e3o de Infraestrutura\",\"convoca\u00e7\u00e3o de autoridades\",\"indica\u00e7\u00f5es para ag\u00eancias\",\"Infraestrutura\",\"Marcos Rog\u00e9rio\",\"Mar\u00edlia Sena\",\"obras de transporte\",\"Renan Filho\",\"Reuni\u00e3o da CI\",\"Silvio Costa Filho\"],\"articleSection\":[\"Destaque lista\",\"Geral\",\"iNFRATransporte\"],\"inLanguage\":\"pt-BR\",\"copyrightYear\":\"2025\",\"copyrightHolder\":{\"@id\":\"https:\/\/agenciainfra.com\/blog\/#organization\"}},{\"@type\":\"WebPage\",\"@id\":\"https:\/\/agenciainfra.com\/blog\/comissao-de-infraestrutura-convida-autoridades-do-setor-de-transportes-para-esclarecimentos\/\",\"url\":\"https:\/\/agenciainfra.com\/blog\/comissao-de-infraestrutura-convida-autoridades-do-setor-de-transportes-para-esclarecimentos\/\",\"name\":\"Comiss\u00e3o de Infraestrutura convida autoridades do setor de transportes para esclarecimentos - Ag\u00eancia iNFRA\",\"isPartOf\":{\"@id\":\"https:\/\/agenciainfra.com\/blog\/#website\"},\"primaryImageOfPage\":{\"@id\":\"https:\/\/agenciainfra.com\/blog\/comissao-de-infraestrutura-convida-autoridades-do-setor-de-transportes-para-esclarecimentos\/#primaryimage\"},\"image\":{\"@id\":\"https:\/\/agenciainfra.com\/blog\/comissao-de-infraestrutura-convida-autoridades-do-setor-de-transportes-para-esclarecimentos\/#primaryimage\"},\"thumbnailUrl\":\"https:\/\/agenciainfra.com\/blog\/wp-content\/uploads\/2025\/03\/reuniao-ci-confucio-moura-foto-geraldomagela-agenciasenado-1.jpg\",\"datePublished\":\"2025-03-12T13:00:00+00:00\",\"breadcrumb\":{\"@id\":\"https:\/\/agenciainfra.com\/blog\/comissao-de-infraestrutura-convida-autoridades-do-setor-de-transportes-para-esclarecimentos\/#breadcrumb\"},\"inLanguage\":\"pt-BR\",\"potentialAction\":[{\"@type\":\"ReadAction\",\"target\":[\"https:\/\/agenciainfra.com\/blog\/comissao-de-infraestrutura-convida-autoridades-do-setor-de-transportes-para-esclarecimentos\/\"]}]},{\"@type\":\"ImageObject\",\"inLanguage\":\"pt-BR\",\"@id\":\"https:\/\/agenciainfra.com\/blog\/comissao-de-infraestrutura-convida-autoridades-do-setor-de-transportes-para-esclarecimentos\/#primaryimage\",\"url\":\"https:\/\/agenciainfra.com\/blog\/wp-content\/uploads\/2025\/03\/reuniao-ci-confucio-moura-foto-geraldomagela-agenciasenado-1.jpg\",\"contentUrl\":\"https:\/\/agenciainfra.com\/blog\/wp-content\/uploads\/2025\/03\/reuniao-ci-confucio-moura-foto-geraldomagela-agenciasenado-1.jpg\",\"width\":1208,\"height\":801},{\"@type\":\"BreadcrumbList\",\"@id\":\"https:\/\/agenciainfra.com\/blog\/comissao-de-infraestrutura-convida-autoridades-do-setor-de-transportes-para-esclarecimentos\/#breadcrumb\",\"itemListElement\":[{\"@type\":\"ListItem\",\"position\":1,\"name\":\"In\u00edcio\",\"item\":\"https:\/\/agenciainfra.com\/blog\/\"},{\"@type\":\"ListItem\",\"position\":2,\"name\":\"Comiss\u00e3o de Infraestrutura convida autoridades do setor de transportes para esclarecimentos\"}]},{\"@type\":\"WebSite\",\"@id\":\"https:\/\/agenciainfra.com\/blog\/#website\",\"url\":\"https:\/\/agenciainfra.com\/blog\/\",\"name\":\"Ag\u00eancia iNFRA\",\"description\":\"Multiplataforma de informa\u00e7\u00e3o jornal\u00edstica refer\u00eancia na \u00e1rea de infraestrutura no Brasil!\",\"publisher\":{\"@id\":\"https:\/\/agenciainfra.com\/blog\/#organization\"},\"potentialAction\":[{\"@type\":\"SearchAction\",\"target\":{\"@type\":\"EntryPoint\",\"urlTemplate\":\"https:\/\/agenciainfra.com\/blog\/?s={search_term_string}\"},\"query-input\":{\"@type\":\"PropertyValueSpecification\",\"valueRequired\":true,\"valueName\":\"search_term_string\"}}],\"inLanguage\":\"pt-BR\"},{\"@type\":\"Organization\",\"@id\":\"https:\/\/agenciainfra.com\/blog\/#organization\",\"name\":\"Ag\u00eancia iNFRA\",\"url\":\"https:\/\/agenciainfra.com\/blog\/\",\"logo\":{\"@type\":\"ImageObject\",\"inLanguage\":\"pt-BR\",\"@id\":\"https:\/\/agenciainfra.com\/blog\/#\/schema\/logo\/image\/\",\"url\":\"https:\/\/agenciainfra.com\/blog\/wp-content\/uploads\/2023\/09\/iNFRA_5-e1761735885940.png\",\"contentUrl\":\"https:\/\/agenciainfra.com\/blog\/wp-content\/uploads\/2023\/09\/iNFRA_5-e1761735885940.png\",\"width\":1672,\"height\":454,\"caption\":\"Ag\u00eancia iNFRA\"},\"image\":{\"@id\":\"https:\/\/agenciainfra.com\/blog\/#\/schema\/logo\/image\/\"},\"sameAs\":[\"https:\/\/www.facebook.com\/ageninfra\",\"https:\/\/x.com\/agencia_infra\",\"https:\/\/www.linkedin.com\/company\/ag\u00eanciainfra\/\",\"https:\/\/www.instagram.com\/agenciainfra\/\"]},{\"@type\":\"Person\",\"@id\":\"https:\/\/agenciainfra.com\/blog\/#\/schema\/person\/34af08dff6adea4cb22b06612ba7acfa\",\"name\":\"Ag\u00eancia iNFRA\",\"image\":{\"@type\":\"ImageObject\",\"inLanguage\":\"pt-BR\",\"@id\":\"https:\/\/agenciainfra.com\/blog\/#\/schema\/person\/image\/\",\"url\":\"https:\/\/secure.gravatar.com\/avatar\/d189e01678f06d8eb84d4e01f08eb848b3fffe3f8443818d3c356c66892f5be8?s=96&d=mm&r=g\",\"contentUrl\":\"https:\/\/secure.gravatar.com\/avatar\/d189e01678f06d8eb84d4e01f08eb848b3fffe3f8443818d3c356c66892f5be8?s=96&d=mm&r=g\",\"caption\":\"Ag\u00eancia iNFRA\"},\"url\":\"https:\/\/agenciainfra.com\/blog\/author\/admin\/\"}]}<\/script>\n<!-- \/ Yoast SEO Premium plugin. -->","yoast_head_json":{"title":"Comiss\u00e3o de Infraestrutura convida autoridades do setor de transportes para esclarecimentos - Ag\u00eancia iNFRA","robots":{"index":"index","follow":"follow","max-snippet":"max-snippet:-1","max-image-preview":"max-image-preview:large","max-video-preview":"max-video-preview:-1"},"canonical":"https:\/\/agenciainfra.com\/blog\/comissao-de-infraestrutura-convida-autoridades-do-setor-de-transportes-para-esclarecimentos\/","og_locale":"pt_BR","og_type":"article","og_title":"Comiss\u00e3o de Infraestrutura convida autoridades do setor de transportes para esclarecimentos","og_description":"Mar\u00edlia Sena, da Ag\u00eancia iNFRA A primeira reuni\u00e3o deliberativa da CI (Comiss\u00e3o de Infraestrutura) do Senado, sob presid\u00eancia de Marcos Rog\u00e9rio (PL-RO), aprovou uma s\u00e9rie de requerimentos que convidam ministros e diretores de ag\u00eancias reguladoras para prestar esclarecimentos ao colegiado. O ministro dos Transportes, Renan Filho, foi convidado a apresentar o plano de trabalho da [&hellip;]","og_url":"https:\/\/agenciainfra.com\/blog\/comissao-de-infraestrutura-convida-autoridades-do-setor-de-transportes-para-esclarecimentos\/","og_site_name":"Ag\u00eancia iNFRA","article_publisher":"https:\/\/www.facebook.com\/ageninfra","article_published_time":"2025-03-12T13:00:00+00:00","og_image":[{"width":1208,"height":801,"url":"https:\/\/agenciainfra.com\/blog\/wp-content\/uploads\/2025\/03\/reuniao-ci-confucio-moura-foto-geraldomagela-agenciasenado-1.jpg","type":"image\/jpeg"}],"author":"Ag\u00eancia iNFRA","twitter_card":"summary_large_image","twitter_creator":"@agencia_infra","twitter_site":"@agencia_infra","twitter_misc":{"Escrito por":"Ag\u00eancia iNFRA","Est. tempo de leitura":"4 minutos"},"schema":{"@context":"https:\/\/schema.org","@graph":[{"@type":"Article","@id":"https:\/\/agenciainfra.com\/blog\/comissao-de-infraestrutura-convida-autoridades-do-setor-de-transportes-para-esclarecimentos\/#article","isPartOf":{"@id":"https:\/\/agenciainfra.com\/blog\/comissao-de-infraestrutura-convida-autoridades-do-setor-de-transportes-para-esclarecimentos\/"},"author":{"name":"Ag\u00eancia iNFRA","@id":"https:\/\/agenciainfra.com\/blog\/#\/schema\/person\/34af08dff6adea4cb22b06612ba7acfa"},"headline":"Comiss\u00e3o de Infraestrutura convida autoridades do setor de transportes para esclarecimentos","datePublished":"2025-03-12T13:00:00+00:00","mainEntityOfPage":{"@id":"https:\/\/agenciainfra.com\/blog\/comissao-de-infraestrutura-convida-autoridades-do-setor-de-transportes-para-esclarecimentos\/"},"wordCount":869,"publisher":{"@id":"https:\/\/agenciainfra.com\/blog\/#organization"},"image":{"@id":"https:\/\/agenciainfra.com\/blog\/comissao-de-infraestrutura-convida-autoridades-do-setor-de-transportes-para-esclarecimentos\/#primaryimage"},"thumbnailUrl":"https:\/\/agenciainfra.com\/blog\/wp-content\/uploads\/2025\/03\/reuniao-ci-confucio-moura-foto-geraldomagela-agenciasenado-1.jpg","keywords":["Ag\u00eancias Reguladoras","CI\/Senado","Comiss\u00e3o de Infraestrutura","convoca\u00e7\u00e3o de autoridades","indica\u00e7\u00f5es para ag\u00eancias","Infraestrutura","Marcos Rog\u00e9rio","Mar\u00edlia Sena","obras de transporte","Renan Filho","Reuni\u00e3o da CI","Silvio Costa Filho"],"articleSection":["Destaque lista","Geral","iNFRATransporte"],"inLanguage":"pt-BR","copyrightYear":"2025","copyrightHolder":{"@id":"https:\/\/agenciainfra.com\/blog\/#organization"}},{"@type":"WebPage","@id":"https:\/\/agenciainfra.com\/blog\/comissao-de-infraestrutura-convida-autoridades-do-setor-de-transportes-para-esclarecimentos\/","url":"https:\/\/agenciainfra.com\/blog\/comissao-de-infraestrutura-convida-autoridades-do-setor-de-transportes-para-esclarecimentos\/","name":"Comiss\u00e3o de Infraestrutura convida autoridades do setor de transportes para esclarecimentos - Ag\u00eancia iNFRA","isPartOf":{"@id":"https:\/\/agenciainfra.com\/blog\/#website"},"primaryImageOfPage":{"@id":"https:\/\/agenciainfra.com\/blog\/comissao-de-infraestrutura-convida-autoridades-do-setor-de-transportes-para-esclarecimentos\/#primaryimage"},"image":{"@id":"https:\/\/agenciainfra.com\/blog\/comissao-de-infraestrutura-convida-autoridades-do-setor-de-transportes-para-esclarecimentos\/#primaryimage"},"thumbnailUrl":"https:\/\/agenciainfra.com\/blog\/wp-content\/uploads\/2025\/03\/reuniao-ci-confucio-moura-foto-geraldomagela-agenciasenado-1.jpg","datePublished":"2025-03-12T13:00:00+00:00","breadcrumb":{"@id":"https:\/\/agenciainfra.com\/blog\/comissao-de-infraestrutura-convida-autoridades-do-setor-de-transportes-para-esclarecimentos\/#breadcrumb"},"inLanguage":"pt-BR","potentialAction":[{"@type":"ReadAction","target":["https:\/\/agenciainfra.com\/blog\/comissao-de-infraestrutura-convida-autoridades-do-setor-de-transportes-para-esclarecimentos\/"]}]},{"@type":"ImageObject","inLanguage":"pt-BR","@id":"https:\/\/agenciainfra.com\/blog\/comissao-de-infraestrutura-convida-autoridades-do-setor-de-transportes-para-esclarecimentos\/#primaryimage","url":"https:\/\/agenciainfra.com\/blog\/wp-content\/uploads\/2025\/03\/reuniao-ci-confucio-moura-foto-geraldomagela-agenciasenado-1.jpg","contentUrl":"https:\/\/agenciainfra.com\/blog\/wp-content\/uploads\/2025\/03\/reuniao-ci-confucio-moura-foto-geraldomagela-agenciasenado-1.jpg","width":1208,"height":801},{"@type":"BreadcrumbList","@id":"https:\/\/agenciainfra.com\/blog\/comissao-de-infraestrutura-convida-autoridades-do-setor-de-transportes-para-esclarecimentos\/#breadcrumb","itemListElement":[{"@type":"ListItem","position":1,"name":"In\u00edcio","item":"https:\/\/agenciainfra.com\/blog\/"},{"@type":"ListItem","position":2,"name":"Comiss\u00e3o de Infraestrutura convida autoridades do setor de transportes para esclarecimentos"}]},{"@type":"WebSite","@id":"https:\/\/agenciainfra.com\/blog\/#website","url":"https:\/\/agenciainfra.com\/blog\/","name":"Ag\u00eancia iNFRA","description":"Multiplataforma de informa\u00e7\u00e3o jornal\u00edstica refer\u00eancia na \u00e1rea de infraestrutura no Brasil!","publisher":{"@id":"https:\/\/agenciainfra.com\/blog\/#organization"},"potentialAction":[{"@type":"SearchAction","target":{"@type":"EntryPoint","urlTemplate":"https:\/\/agenciainfra.com\/blog\/?s={search_term_string}"},"query-input":{"@type":"PropertyValueSpecification","valueRequired":true,"valueName":"search_term_string"}}],"inLanguage":"pt-BR"},{"@type":"Organization","@id":"https:\/\/agenciainfra.com\/blog\/#organization","name":"Ag\u00eancia iNFRA","url":"https:\/\/agenciainfra.com\/blog\/","logo":{"@type":"ImageObject","inLanguage":"pt-BR","@id":"https:\/\/agenciainfra.com\/blog\/#\/schema\/logo\/image\/","url":"https:\/\/agenciainfra.com\/blog\/wp-content\/uploads\/2023\/09\/iNFRA_5-e1761735885940.png","contentUrl":"https:\/\/agenciainfra.com\/blog\/wp-content\/uploads\/2023\/09\/iNFRA_5-e1761735885940.png","width":1672,"height":454,"caption":"Ag\u00eancia iNFRA"},"image":{"@id":"https:\/\/agenciainfra.com\/blog\/#\/schema\/logo\/image\/"},"sameAs":["https:\/\/www.facebook.com\/ageninfra","https:\/\/x.com\/agencia_infra","https:\/\/www.linkedin.com\/company\/ag\u00eanciainfra\/","https:\/\/www.instagram.com\/agenciainfra\/"]},{"@type":"Person","@id":"https:\/\/agenciainfra.com\/blog\/#\/schema\/person\/34af08dff6adea4cb22b06612ba7acfa","name":"Ag\u00eancia iNFRA","image":{"@type":"ImageObject","inLanguage":"pt-BR","@id":"https:\/\/agenciainfra.com\/blog\/#\/schema\/person\/image\/","url":"https:\/\/secure.gravatar.com\/avatar\/d189e01678f06d8eb84d4e01f08eb848b3fffe3f8443818d3c356c66892f5be8?s=96&d=mm&r=g","contentUrl":"https:\/\/secure.gravatar.com\/avatar\/d189e01678f06d8eb84d4e01f08eb848b3fffe3f8443818d3c356c66892f5be8?s=96&d=mm&r=g","caption":"Ag\u00eancia iNFRA"},"url":"https:\/\/agenciainfra.com\/blog\/author\/admin\/"}]}},"_links":{"self":[{"href":"https:\/\/agenciainfra.com\/blog\/wp-json\/wp\/v2\/posts\/20506","targetHints":{"allow":["GET"]}}],"collection":[{"href":"https:\/\/agenciainfra.com\/blog\/wp-json\/wp\/v2\/posts"}],"about":[{"href":"https:\/\/agenciainfra.com\/blog\/wp-json\/wp\/v2\/types\/post"}],"author":[{"embeddable":true,"href":"https:\/\/agenciainfra.com\/blog\/wp-json\/wp\/v2\/users\/1"}],"replies":[{"embeddable":true,"href":"https:\/\/agenciainfra.com\/blog\/wp-json\/wp\/v2\/comments?post=20506"}],"version-history":[{"count":1,"href":"https:\/\/agenciainfra.com\/blog\/wp-json\/wp\/v2\/posts\/20506\/revisions"}],"predecessor-version":[{"id":20509,"href":"https:\/\/agenciainfra.com\/blog\/wp-json\/wp\/v2\/posts\/20506\/revisions\/20509"}],"wp:featuredmedia":[{"embeddable":true,"href":"https:\/\/agenciainfra.com\/blog\/wp-json\/wp\/v2\/media\/20508"}],"wp:attachment":[{"href":"https:\/\/agenciainfra.com\/blog\/wp-json\/wp\/v2\/media?parent=20506"}],"wp:term":[{"taxonomy":"category","embeddable":true,"href":"https:\/\/agenciainfra.com\/blog\/wp-json\/wp\/v2\/categories?post=20506"},{"taxonomy":"post_tag","embeddable":true,"href":"https:\/\/agenciainfra.com\/blog\/wp-json\/wp\/v2\/tags?post=20506"}],"curies":[{"name":"wp","href":"https:\/\/api.w.org\/{rel}","templated":true}]}}