{"id":2051,"date":"2018-07-05T00:05:01","date_gmt":"2018-07-05T03:05:01","guid":{"rendered":"http:\/\/www.agenciainfra.com\/blog\/?p=2051"},"modified":"2018-07-04T23:32:53","modified_gmt":"2018-07-05T02:32:53","slug":"antaq-busca-cooperacao-com-associacoes-para-mapear-custo-de-transporte-internacional","status":"publish","type":"post","link":"https:\/\/agenciainfra.com\/blog\/antaq-busca-cooperacao-com-associacoes-para-mapear-custo-de-transporte-internacional\/","title":{"rendered":"ANTAQ busca coopera\u00e7\u00e3o com associa\u00e7\u00f5es para mapear custo de transporte internacional"},"content":{"rendered":"<p>&nbsp;<\/p>\n<div>\n<div style=\"text-align: right;\"><strong>Dimmi Amora, da Ag\u00eancia iNFRA<\/strong><\/div>\n<p>O diretor-geral da ANTAQ (Ag\u00eancia Nacional de Transportes Terrestres), M\u00e1rio Povia, afirmou que a ag\u00eancia est\u00e1 buscando uma coopera\u00e7\u00e3o com associa\u00e7\u00f5es representantes de usu\u00e1rios de transportes para mapear o custo real da importa\u00e7\u00e3o e exporta\u00e7\u00e3o de mercadorias por cont\u00eainer.<\/p>\n<p>&#8220;Precisamos saber quanto, de fato, o usu\u00e1rios est\u00e3o pagando&#8221;, afirmou o diretor em entrevista \u00e0\u00a0<strong>Ag\u00eancia iNFRA<\/strong>.<\/p>\n<p>Segundo Povia, por serem contratos com cl\u00e1usulas que imp\u00f5em sigilo, em muitos casos n\u00e3o se sabe, de fato, o custo real do transporte, sejam os montantes que os clientes pagam aos armadores, sejam os valores que os armadores desembolsam aos terminais portu\u00e1rios \u2013tornando a fiscaliza\u00e7\u00e3o complicada.<\/p>\n<p>De acordo com o diretor-geral, a aproxima\u00e7\u00e3o com associa\u00e7\u00f5es, como a CNI (Confedera\u00e7\u00e3o Nacional da Ind\u00fastria) e CNA (Confedera\u00e7\u00e3o Nacional da Agricultural), \u00e9 necess\u00e1ria para que se possa entender\u00a0os custos reais sem a necessidade de se ferir contratos.<\/p>\n<p>Povia afirmou que a\u00e7\u00f5es que est\u00e3o em andamento pelo governo, como o portal \u00fanico do com\u00e9rcio exterior e\u00a0a maior agilidade no desembara\u00e7o, t\u00eam ajudado a reduzir o custo portu\u00e1rio efetivo. Mas admitiu que esses valores ainda s\u00e3o muito elevados no Brasil e precisam ser reduzidos.<\/p>\n<p>Para alguns casos, contudo, Povia afirmou que a ag\u00eancia vai se utilizar da repress\u00e3o para coibir abusos. Um exemplo \u00e9 o caso da cobran\u00e7a\u00a0aos usu\u00e1rios por excedente de tempo de armazenamento provocado por navios que n\u00e3o pararam nos terminais combinados. Segundo o diretor-geral, a cobran\u00e7a deve ser endere\u00e7ada ao armador nesses casos, mas ainda h\u00e1 casos de cobran\u00e7a ilegal dos usu\u00e1rios.<\/p>\n<p>&#8220;Nesses casos, n\u00f3s vamos mexer \u00e9 no bolso&#8221;, afirmou Povia.<\/p>\n<\/div>\n","protected":false},"excerpt":{"rendered":"<p>&nbsp; Dimmi Amora, da Ag\u00eancia iNFRA O diretor-geral da ANTAQ (Ag\u00eancia Nacional de Transportes Terrestres), M\u00e1rio Povia, afirmou que a ag\u00eancia est\u00e1 buscando uma coopera\u00e7\u00e3o com associa\u00e7\u00f5es representantes de usu\u00e1rios de transportes para mapear o custo real da importa\u00e7\u00e3o e exporta\u00e7\u00e3o de mercadorias por cont\u00eainer. &#8220;Precisamos saber quanto, de fato, o usu\u00e1rios est\u00e3o pagando&#8221;, afirmou [&hellip;]<\/p>\n","protected":false},"author":1,"featured_media":2052,"comment_status":"closed","ping_status":"open","sticky":false,"template":"","format":"standard","meta":{"_monsterinsights_skip_tracking":false,"_monsterinsights_sitenote_active":false,"_monsterinsights_sitenote_note":"","_monsterinsights_sitenote_category":0,"footnotes":""},"categories":[7],"tags":[86,350,414,415],"class_list":["post-2051","post","type-post","status-publish","format-standard","has-post-thumbnail","hentry","category-infratransporte","tag-antaq","tag-cni","tag-mario-povia-cna","tag-transporte-internacional"],"yoast_head":"<!-- This site is optimized with the Yoast SEO Premium plugin v25.4 (Yoast SEO v26.0) - https:\/\/yoast.com\/wordpress\/plugins\/seo\/ -->\n<title>ANTAQ busca coopera\u00e7\u00e3o com associa\u00e7\u00f5es para mapear custo de transporte internacional - Ag\u00eancia iNFRA<\/title>\n<meta name=\"robots\" content=\"index, follow, max-snippet:-1, max-image-preview:large, max-video-preview:-1\" \/>\n<link rel=\"canonical\" href=\"https:\/\/agenciainfra.com\/blog\/antaq-busca-cooperacao-com-associacoes-para-mapear-custo-de-transporte-internacional\/\" \/>\n<meta property=\"og:locale\" content=\"pt_BR\" \/>\n<meta property=\"og:type\" content=\"article\" \/>\n<meta property=\"og:title\" content=\"ANTAQ busca coopera\u00e7\u00e3o com associa\u00e7\u00f5es para mapear custo de transporte internacional\" \/>\n<meta property=\"og:description\" content=\"&nbsp; Dimmi Amora, da Ag\u00eancia iNFRA O diretor-geral da ANTAQ (Ag\u00eancia Nacional de Transportes Terrestres), M\u00e1rio Povia, afirmou que a ag\u00eancia est\u00e1 buscando uma coopera\u00e7\u00e3o com associa\u00e7\u00f5es representantes de usu\u00e1rios de transportes para mapear o custo real da importa\u00e7\u00e3o e exporta\u00e7\u00e3o de mercadorias por cont\u00eainer. &#8220;Precisamos saber quanto, de fato, o usu\u00e1rios est\u00e3o pagando&#8221;, afirmou [&hellip;]\" \/>\n<meta property=\"og:url\" content=\"https:\/\/agenciainfra.com\/blog\/antaq-busca-cooperacao-com-associacoes-para-mapear-custo-de-transporte-internacional\/\" \/>\n<meta property=\"og:site_name\" content=\"Ag\u00eancia iNFRA\" \/>\n<meta property=\"article:publisher\" content=\"https:\/\/www.facebook.com\/ageninfra\" \/>\n<meta property=\"article:published_time\" content=\"2018-07-05T03:05:01+00:00\" \/>\n<meta property=\"og:image\" content=\"https:\/\/agenciainfra.com\/blog\/wp-content\/uploads\/2018\/07\/porto_paranagua-iIvan_bueno_20.0018.jpg\" \/>\n\t<meta property=\"og:image:width\" content=\"889\" \/>\n\t<meta property=\"og:image:height\" content=\"525\" \/>\n\t<meta property=\"og:image:type\" content=\"image\/jpeg\" \/>\n<meta name=\"author\" content=\"Ag\u00eancia iNFRA\" \/>\n<meta name=\"twitter:card\" content=\"summary_large_image\" \/>\n<meta name=\"twitter:creator\" content=\"@agencia_infra\" \/>\n<meta name=\"twitter:site\" content=\"@agencia_infra\" \/>\n<meta name=\"twitter:label1\" content=\"Escrito por\" \/>\n\t<meta name=\"twitter:data1\" content=\"Ag\u00eancia iNFRA\" \/>\n\t<meta name=\"twitter:label2\" content=\"Est. tempo de leitura\" \/>\n\t<meta name=\"twitter:data2\" content=\"2 minutos\" \/>\n<script type=\"application\/ld+json\" class=\"yoast-schema-graph\">{\"@context\":\"https:\/\/schema.org\",\"@graph\":[{\"@type\":\"Article\",\"@id\":\"https:\/\/agenciainfra.com\/blog\/antaq-busca-cooperacao-com-associacoes-para-mapear-custo-de-transporte-internacional\/#article\",\"isPartOf\":{\"@id\":\"https:\/\/agenciainfra.com\/blog\/antaq-busca-cooperacao-com-associacoes-para-mapear-custo-de-transporte-internacional\/\"},\"author\":{\"name\":\"Ag\u00eancia iNFRA\",\"@id\":\"https:\/\/agenciainfra.com\/blog\/#\/schema\/person\/34af08dff6adea4cb22b06612ba7acfa\"},\"headline\":\"ANTAQ busca coopera\u00e7\u00e3o com associa\u00e7\u00f5es para mapear custo de transporte internacional\",\"datePublished\":\"2018-07-05T03:05:01+00:00\",\"mainEntityOfPage\":{\"@id\":\"https:\/\/agenciainfra.com\/blog\/antaq-busca-cooperacao-com-associacoes-para-mapear-custo-de-transporte-internacional\/\"},\"wordCount\":315,\"publisher\":{\"@id\":\"https:\/\/agenciainfra.com\/blog\/#organization\"},\"image\":{\"@id\":\"https:\/\/agenciainfra.com\/blog\/antaq-busca-cooperacao-com-associacoes-para-mapear-custo-de-transporte-internacional\/#primaryimage\"},\"thumbnailUrl\":\"https:\/\/agenciainfra.com\/blog\/wp-content\/uploads\/2018\/07\/porto_paranagua-iIvan_bueno_20.0018.jpg\",\"keywords\":[\"ANTAQ\",\"CNI\",\"Mario P\u00f3via. CNA\",\"transporte internacional\"],\"articleSection\":[\"iNFRATransporte\"],\"inLanguage\":\"pt-BR\",\"copyrightYear\":\"2018\",\"copyrightHolder\":{\"@id\":\"https:\/\/agenciainfra.com\/blog\/#organization\"}},{\"@type\":\"WebPage\",\"@id\":\"https:\/\/agenciainfra.com\/blog\/antaq-busca-cooperacao-com-associacoes-para-mapear-custo-de-transporte-internacional\/\",\"url\":\"https:\/\/agenciainfra.com\/blog\/antaq-busca-cooperacao-com-associacoes-para-mapear-custo-de-transporte-internacional\/\",\"name\":\"ANTAQ busca coopera\u00e7\u00e3o com associa\u00e7\u00f5es para mapear custo de transporte internacional - Ag\u00eancia iNFRA\",\"isPartOf\":{\"@id\":\"https:\/\/agenciainfra.com\/blog\/#website\"},\"primaryImageOfPage\":{\"@id\":\"https:\/\/agenciainfra.com\/blog\/antaq-busca-cooperacao-com-associacoes-para-mapear-custo-de-transporte-internacional\/#primaryimage\"},\"image\":{\"@id\":\"https:\/\/agenciainfra.com\/blog\/antaq-busca-cooperacao-com-associacoes-para-mapear-custo-de-transporte-internacional\/#primaryimage\"},\"thumbnailUrl\":\"https:\/\/agenciainfra.com\/blog\/wp-content\/uploads\/2018\/07\/porto_paranagua-iIvan_bueno_20.0018.jpg\",\"datePublished\":\"2018-07-05T03:05:01+00:00\",\"breadcrumb\":{\"@id\":\"https:\/\/agenciainfra.com\/blog\/antaq-busca-cooperacao-com-associacoes-para-mapear-custo-de-transporte-internacional\/#breadcrumb\"},\"inLanguage\":\"pt-BR\",\"potentialAction\":[{\"@type\":\"ReadAction\",\"target\":[\"https:\/\/agenciainfra.com\/blog\/antaq-busca-cooperacao-com-associacoes-para-mapear-custo-de-transporte-internacional\/\"]}]},{\"@type\":\"ImageObject\",\"inLanguage\":\"pt-BR\",\"@id\":\"https:\/\/agenciainfra.com\/blog\/antaq-busca-cooperacao-com-associacoes-para-mapear-custo-de-transporte-internacional\/#primaryimage\",\"url\":\"https:\/\/agenciainfra.com\/blog\/wp-content\/uploads\/2018\/07\/porto_paranagua-iIvan_bueno_20.0018.jpg\",\"contentUrl\":\"https:\/\/agenciainfra.com\/blog\/wp-content\/uploads\/2018\/07\/porto_paranagua-iIvan_bueno_20.0018.jpg\",\"width\":889,\"height\":525,\"caption\":\"Movimenta\u00e7\u00e3o de gr\u00e3os no Corredor de Exporta\u00e7\u00e3o aumenta 22% em junho.Paranagu\u00e1, 11\/07\/2017.Foto: Ivan Bueno\/APPA\"},{\"@type\":\"BreadcrumbList\",\"@id\":\"https:\/\/agenciainfra.com\/blog\/antaq-busca-cooperacao-com-associacoes-para-mapear-custo-de-transporte-internacional\/#breadcrumb\",\"itemListElement\":[{\"@type\":\"ListItem\",\"position\":1,\"name\":\"In\u00edcio\",\"item\":\"https:\/\/agenciainfra.com\/blog\/\"},{\"@type\":\"ListItem\",\"position\":2,\"name\":\"ANTAQ busca coopera\u00e7\u00e3o com associa\u00e7\u00f5es para mapear custo de transporte internacional\"}]},{\"@type\":\"WebSite\",\"@id\":\"https:\/\/agenciainfra.com\/blog\/#website\",\"url\":\"https:\/\/agenciainfra.com\/blog\/\",\"name\":\"Ag\u00eancia iNFRA\",\"description\":\"Multiplataforma de informa\u00e7\u00e3o jornal\u00edstica refer\u00eancia na \u00e1rea de infraestrutura no Brasil!\",\"publisher\":{\"@id\":\"https:\/\/agenciainfra.com\/blog\/#organization\"},\"potentialAction\":[{\"@type\":\"SearchAction\",\"target\":{\"@type\":\"EntryPoint\",\"urlTemplate\":\"https:\/\/agenciainfra.com\/blog\/?s={search_term_string}\"},\"query-input\":{\"@type\":\"PropertyValueSpecification\",\"valueRequired\":true,\"valueName\":\"search_term_string\"}}],\"inLanguage\":\"pt-BR\"},{\"@type\":\"Organization\",\"@id\":\"https:\/\/agenciainfra.com\/blog\/#organization\",\"name\":\"Ag\u00eancia iNFRA\",\"url\":\"https:\/\/agenciainfra.com\/blog\/\",\"logo\":{\"@type\":\"ImageObject\",\"inLanguage\":\"pt-BR\",\"@id\":\"https:\/\/agenciainfra.com\/blog\/#\/schema\/logo\/image\/\",\"url\":\"https:\/\/agenciainfra.com\/blog\/wp-content\/uploads\/2023\/09\/iNFRA_5-e1761735885940.png\",\"contentUrl\":\"https:\/\/agenciainfra.com\/blog\/wp-content\/uploads\/2023\/09\/iNFRA_5-e1761735885940.png\",\"width\":1672,\"height\":454,\"caption\":\"Ag\u00eancia iNFRA\"},\"image\":{\"@id\":\"https:\/\/agenciainfra.com\/blog\/#\/schema\/logo\/image\/\"},\"sameAs\":[\"https:\/\/www.facebook.com\/ageninfra\",\"https:\/\/x.com\/agencia_infra\",\"https:\/\/www.linkedin.com\/company\/ag\u00eanciainfra\/\",\"https:\/\/www.instagram.com\/agenciainfra\/\"]},{\"@type\":\"Person\",\"@id\":\"https:\/\/agenciainfra.com\/blog\/#\/schema\/person\/34af08dff6adea4cb22b06612ba7acfa\",\"name\":\"Ag\u00eancia iNFRA\",\"image\":{\"@type\":\"ImageObject\",\"inLanguage\":\"pt-BR\",\"@id\":\"https:\/\/agenciainfra.com\/blog\/#\/schema\/person\/image\/\",\"url\":\"https:\/\/secure.gravatar.com\/avatar\/d189e01678f06d8eb84d4e01f08eb848b3fffe3f8443818d3c356c66892f5be8?s=96&d=mm&r=g\",\"contentUrl\":\"https:\/\/secure.gravatar.com\/avatar\/d189e01678f06d8eb84d4e01f08eb848b3fffe3f8443818d3c356c66892f5be8?s=96&d=mm&r=g\",\"caption\":\"Ag\u00eancia iNFRA\"},\"url\":\"https:\/\/agenciainfra.com\/blog\/author\/admin\/\"}]}<\/script>\n<!-- \/ Yoast SEO Premium plugin. -->","yoast_head_json":{"title":"ANTAQ busca coopera\u00e7\u00e3o com associa\u00e7\u00f5es para mapear custo de transporte internacional - Ag\u00eancia iNFRA","robots":{"index":"index","follow":"follow","max-snippet":"max-snippet:-1","max-image-preview":"max-image-preview:large","max-video-preview":"max-video-preview:-1"},"canonical":"https:\/\/agenciainfra.com\/blog\/antaq-busca-cooperacao-com-associacoes-para-mapear-custo-de-transporte-internacional\/","og_locale":"pt_BR","og_type":"article","og_title":"ANTAQ busca coopera\u00e7\u00e3o com associa\u00e7\u00f5es para mapear custo de transporte internacional","og_description":"&nbsp; Dimmi Amora, da Ag\u00eancia iNFRA O diretor-geral da ANTAQ (Ag\u00eancia Nacional de Transportes Terrestres), M\u00e1rio Povia, afirmou que a ag\u00eancia est\u00e1 buscando uma coopera\u00e7\u00e3o com associa\u00e7\u00f5es representantes de usu\u00e1rios de transportes para mapear o custo real da importa\u00e7\u00e3o e exporta\u00e7\u00e3o de mercadorias por cont\u00eainer. &#8220;Precisamos saber quanto, de fato, o usu\u00e1rios est\u00e3o pagando&#8221;, afirmou [&hellip;]","og_url":"https:\/\/agenciainfra.com\/blog\/antaq-busca-cooperacao-com-associacoes-para-mapear-custo-de-transporte-internacional\/","og_site_name":"Ag\u00eancia iNFRA","article_publisher":"https:\/\/www.facebook.com\/ageninfra","article_published_time":"2018-07-05T03:05:01+00:00","og_image":[{"width":889,"height":525,"url":"https:\/\/agenciainfra.com\/blog\/wp-content\/uploads\/2018\/07\/porto_paranagua-iIvan_bueno_20.0018.jpg","type":"image\/jpeg"}],"author":"Ag\u00eancia iNFRA","twitter_card":"summary_large_image","twitter_creator":"@agencia_infra","twitter_site":"@agencia_infra","twitter_misc":{"Escrito por":"Ag\u00eancia iNFRA","Est. tempo de leitura":"2 minutos"},"schema":{"@context":"https:\/\/schema.org","@graph":[{"@type":"Article","@id":"https:\/\/agenciainfra.com\/blog\/antaq-busca-cooperacao-com-associacoes-para-mapear-custo-de-transporte-internacional\/#article","isPartOf":{"@id":"https:\/\/agenciainfra.com\/blog\/antaq-busca-cooperacao-com-associacoes-para-mapear-custo-de-transporte-internacional\/"},"author":{"name":"Ag\u00eancia iNFRA","@id":"https:\/\/agenciainfra.com\/blog\/#\/schema\/person\/34af08dff6adea4cb22b06612ba7acfa"},"headline":"ANTAQ busca coopera\u00e7\u00e3o com associa\u00e7\u00f5es para mapear custo de transporte internacional","datePublished":"2018-07-05T03:05:01+00:00","mainEntityOfPage":{"@id":"https:\/\/agenciainfra.com\/blog\/antaq-busca-cooperacao-com-associacoes-para-mapear-custo-de-transporte-internacional\/"},"wordCount":315,"publisher":{"@id":"https:\/\/agenciainfra.com\/blog\/#organization"},"image":{"@id":"https:\/\/agenciainfra.com\/blog\/antaq-busca-cooperacao-com-associacoes-para-mapear-custo-de-transporte-internacional\/#primaryimage"},"thumbnailUrl":"https:\/\/agenciainfra.com\/blog\/wp-content\/uploads\/2018\/07\/porto_paranagua-iIvan_bueno_20.0018.jpg","keywords":["ANTAQ","CNI","Mario P\u00f3via. CNA","transporte internacional"],"articleSection":["iNFRATransporte"],"inLanguage":"pt-BR","copyrightYear":"2018","copyrightHolder":{"@id":"https:\/\/agenciainfra.com\/blog\/#organization"}},{"@type":"WebPage","@id":"https:\/\/agenciainfra.com\/blog\/antaq-busca-cooperacao-com-associacoes-para-mapear-custo-de-transporte-internacional\/","url":"https:\/\/agenciainfra.com\/blog\/antaq-busca-cooperacao-com-associacoes-para-mapear-custo-de-transporte-internacional\/","name":"ANTAQ busca coopera\u00e7\u00e3o com associa\u00e7\u00f5es para mapear custo de transporte internacional - Ag\u00eancia iNFRA","isPartOf":{"@id":"https:\/\/agenciainfra.com\/blog\/#website"},"primaryImageOfPage":{"@id":"https:\/\/agenciainfra.com\/blog\/antaq-busca-cooperacao-com-associacoes-para-mapear-custo-de-transporte-internacional\/#primaryimage"},"image":{"@id":"https:\/\/agenciainfra.com\/blog\/antaq-busca-cooperacao-com-associacoes-para-mapear-custo-de-transporte-internacional\/#primaryimage"},"thumbnailUrl":"https:\/\/agenciainfra.com\/blog\/wp-content\/uploads\/2018\/07\/porto_paranagua-iIvan_bueno_20.0018.jpg","datePublished":"2018-07-05T03:05:01+00:00","breadcrumb":{"@id":"https:\/\/agenciainfra.com\/blog\/antaq-busca-cooperacao-com-associacoes-para-mapear-custo-de-transporte-internacional\/#breadcrumb"},"inLanguage":"pt-BR","potentialAction":[{"@type":"ReadAction","target":["https:\/\/agenciainfra.com\/blog\/antaq-busca-cooperacao-com-associacoes-para-mapear-custo-de-transporte-internacional\/"]}]},{"@type":"ImageObject","inLanguage":"pt-BR","@id":"https:\/\/agenciainfra.com\/blog\/antaq-busca-cooperacao-com-associacoes-para-mapear-custo-de-transporte-internacional\/#primaryimage","url":"https:\/\/agenciainfra.com\/blog\/wp-content\/uploads\/2018\/07\/porto_paranagua-iIvan_bueno_20.0018.jpg","contentUrl":"https:\/\/agenciainfra.com\/blog\/wp-content\/uploads\/2018\/07\/porto_paranagua-iIvan_bueno_20.0018.jpg","width":889,"height":525,"caption":"Movimenta\u00e7\u00e3o de gr\u00e3os no Corredor de Exporta\u00e7\u00e3o aumenta 22% em junho.Paranagu\u00e1, 11\/07\/2017.Foto: Ivan Bueno\/APPA"},{"@type":"BreadcrumbList","@id":"https:\/\/agenciainfra.com\/blog\/antaq-busca-cooperacao-com-associacoes-para-mapear-custo-de-transporte-internacional\/#breadcrumb","itemListElement":[{"@type":"ListItem","position":1,"name":"In\u00edcio","item":"https:\/\/agenciainfra.com\/blog\/"},{"@type":"ListItem","position":2,"name":"ANTAQ busca coopera\u00e7\u00e3o com associa\u00e7\u00f5es para mapear custo de transporte internacional"}]},{"@type":"WebSite","@id":"https:\/\/agenciainfra.com\/blog\/#website","url":"https:\/\/agenciainfra.com\/blog\/","name":"Ag\u00eancia iNFRA","description":"Multiplataforma de informa\u00e7\u00e3o jornal\u00edstica refer\u00eancia na \u00e1rea de infraestrutura no Brasil!","publisher":{"@id":"https:\/\/agenciainfra.com\/blog\/#organization"},"potentialAction":[{"@type":"SearchAction","target":{"@type":"EntryPoint","urlTemplate":"https:\/\/agenciainfra.com\/blog\/?s={search_term_string}"},"query-input":{"@type":"PropertyValueSpecification","valueRequired":true,"valueName":"search_term_string"}}],"inLanguage":"pt-BR"},{"@type":"Organization","@id":"https:\/\/agenciainfra.com\/blog\/#organization","name":"Ag\u00eancia iNFRA","url":"https:\/\/agenciainfra.com\/blog\/","logo":{"@type":"ImageObject","inLanguage":"pt-BR","@id":"https:\/\/agenciainfra.com\/blog\/#\/schema\/logo\/image\/","url":"https:\/\/agenciainfra.com\/blog\/wp-content\/uploads\/2023\/09\/iNFRA_5-e1761735885940.png","contentUrl":"https:\/\/agenciainfra.com\/blog\/wp-content\/uploads\/2023\/09\/iNFRA_5-e1761735885940.png","width":1672,"height":454,"caption":"Ag\u00eancia iNFRA"},"image":{"@id":"https:\/\/agenciainfra.com\/blog\/#\/schema\/logo\/image\/"},"sameAs":["https:\/\/www.facebook.com\/ageninfra","https:\/\/x.com\/agencia_infra","https:\/\/www.linkedin.com\/company\/ag\u00eanciainfra\/","https:\/\/www.instagram.com\/agenciainfra\/"]},{"@type":"Person","@id":"https:\/\/agenciainfra.com\/blog\/#\/schema\/person\/34af08dff6adea4cb22b06612ba7acfa","name":"Ag\u00eancia iNFRA","image":{"@type":"ImageObject","inLanguage":"pt-BR","@id":"https:\/\/agenciainfra.com\/blog\/#\/schema\/person\/image\/","url":"https:\/\/secure.gravatar.com\/avatar\/d189e01678f06d8eb84d4e01f08eb848b3fffe3f8443818d3c356c66892f5be8?s=96&d=mm&r=g","contentUrl":"https:\/\/secure.gravatar.com\/avatar\/d189e01678f06d8eb84d4e01f08eb848b3fffe3f8443818d3c356c66892f5be8?s=96&d=mm&r=g","caption":"Ag\u00eancia iNFRA"},"url":"https:\/\/agenciainfra.com\/blog\/author\/admin\/"}]}},"_links":{"self":[{"href":"https:\/\/agenciainfra.com\/blog\/wp-json\/wp\/v2\/posts\/2051","targetHints":{"allow":["GET"]}}],"collection":[{"href":"https:\/\/agenciainfra.com\/blog\/wp-json\/wp\/v2\/posts"}],"about":[{"href":"https:\/\/agenciainfra.com\/blog\/wp-json\/wp\/v2\/types\/post"}],"author":[{"embeddable":true,"href":"https:\/\/agenciainfra.com\/blog\/wp-json\/wp\/v2\/users\/1"}],"replies":[{"embeddable":true,"href":"https:\/\/agenciainfra.com\/blog\/wp-json\/wp\/v2\/comments?post=2051"}],"version-history":[{"count":0,"href":"https:\/\/agenciainfra.com\/blog\/wp-json\/wp\/v2\/posts\/2051\/revisions"}],"wp:featuredmedia":[{"embeddable":true,"href":"https:\/\/agenciainfra.com\/blog\/wp-json\/wp\/v2\/media\/2052"}],"wp:attachment":[{"href":"https:\/\/agenciainfra.com\/blog\/wp-json\/wp\/v2\/media?parent=2051"}],"wp:term":[{"taxonomy":"category","embeddable":true,"href":"https:\/\/agenciainfra.com\/blog\/wp-json\/wp\/v2\/categories?post=2051"},{"taxonomy":"post_tag","embeddable":true,"href":"https:\/\/agenciainfra.com\/blog\/wp-json\/wp\/v2\/tags?post=2051"}],"curies":[{"name":"wp","href":"https:\/\/api.w.org\/{rel}","templated":true}]}}