{"id":20523,"date":"2025-03-13T09:00:00","date_gmt":"2025-03-13T12:00:00","guid":{"rendered":"https:\/\/agenciainfra.com\/blog\/?p=20523"},"modified":"2025-06-26T09:24:51","modified_gmt":"2025-06-26T12:24:51","slug":"eolicas-e-solares-querem-que-hidreletricas-sejam-as-primeiras-com-cortes-de-geracao-em-nova-regra","status":"publish","type":"post","link":"https:\/\/agenciainfra.com\/blog\/eolicas-e-solares-querem-que-hidreletricas-sejam-as-primeiras-com-cortes-de-geracao-em-nova-regra\/","title":{"rendered":"E\u00f3licas e solares querem que hidrel\u00e9tricas sejam as primeiras com cortes de gera\u00e7\u00e3o em nova regra"},"content":{"rendered":"\n<p class=\"has-text-align-right\"><strong>Geraldo Campos Jr. e Marisa Wanzeller, da Ag\u00eancia iNFRA<\/strong><\/p>\n\n\n\n<p>Associa\u00e7\u00f5es e empresas de energia e\u00f3lica e solar defenderam junto \u00e0 ANEEL&nbsp;(Ag\u00eancia Nacional de Energia El\u00e9trica) que as hidrel\u00e9tricas continuem como a primeira op\u00e7\u00e3o&nbsp;para os cortes obrigat\u00f3rios de gera\u00e7\u00e3o, o chamado curtailment. Os agentes se posicionaram contra a ideia analisada pela reguladora de colocar a fonte h\u00eddrica no mesmo patamar das usinas e\u00f3licas e fotovoltaicas na lista de ordenamento de cortes.&nbsp;<br><br>A proposta da \u00e1rea t\u00e9cnica da ANEEL foi debatida na 3\u00aa fase da CP (Consulta P\u00fablica) 45\/2019, encerrada em 25 de fevereiro. Ela coloca em um mesmo grupo para fins de rateio dos cortes de gera\u00e7\u00e3o de natureza energ\u00e9tica as hidrel\u00e9tricas com vertimento turbin\u00e1vel, e\u00f3licas e fotovoltaicas. Isso seria feito na fase de p\u00f3s-opera\u00e7\u00e3o, ou seja, de forma cont\u00e1bil, e com cortes considerando a garantia f\u00edsica das usinas.&nbsp;<br><br>Na proposta da ANEEL, exposta em&nbsp;<a href=\"https:\/\/antigo.aneel.gov.br\/web\/guest\/consultas-publicas?p_p_id=participacaopublica_WAR_participacaopublicaportlet&amp;p_p_lifecycle=2&amp;p_p_state=normal&amp;p_p_mode=view&amp;p_p_cacheability=cacheLevelPage&amp;p_p_col_id=column-2&amp;p_p_col_pos=1&amp;p_p_col_count=2&amp;_participacaopublica_WAR_participacaopublicaportlet_ideDocumento=54211&amp;_participacaopublica_WAR_participacaopublicaportlet_tipoFaseReuniao=fase&amp;_participacaopublica_WAR_participacaopublicaportlet_jspPage=%2Fhtml%2Fpp%2Fvisualizar.jsp\" target=\"_blank\" rel=\"noreferrer noopener\">nota t\u00e9cnica<\/a>&nbsp;que foi acompanhada no&nbsp;<a href=\"https:\/\/antigo.aneel.gov.br\/web\/guest\/consultas-publicas?p_p_id=participacaopublica_WAR_participacaopublicaportlet&amp;p_p_lifecycle=2&amp;p_p_state=normal&amp;p_p_mode=view&amp;p_p_cacheability=cacheLevelPage&amp;p_p_col_id=column-2&amp;p_p_col_pos=1&amp;p_p_col_count=2&amp;_participacaopublica_WAR_participacaopublicaportlet_ideDocumento=54318&amp;_participacaopublica_WAR_participacaopublicaportlet_tipoFaseReuniao=fase&amp;_participacaopublica_WAR_participacaopublicaportlet_jspPage=%2Fhtml%2Fpp%2Fvisualizar.jsp\" target=\"_blank\" rel=\"noreferrer noopener\">voto<\/a>&nbsp;da relatora, diretora Agnes Costa, os cortes seguiriam uma ordem de prioridade dividida por grupos de fontes, conforme maior benef\u00edcio ao consumidor. Assim, primeiro seriam cortadas as usinas mais caras e que mais geram encargos.<br><br>A ordem proposta \u00e9: 1) cortes ben\u00e9ficos ao consumidor, com redu\u00e7\u00e3o de custos, como termel\u00e9tricas fora da ordem de m\u00e9rito; 2) redu\u00e7\u00f5es que n\u00e3o provocam nem benef\u00edcio nem preju\u00edzo ao consumidor, em que foram alocadas hidrel\u00e9tricas, solares e e\u00f3licas; e 3) redu\u00e7\u00f5es que implicam em custo aos consumidores, onde est\u00e3o outras t\u00e9rmicas na ordem de m\u00e9rito. Cada grupo possui ainda subgrupos e, dentre eles, n\u00e3o h\u00e1 prioriza\u00e7\u00e3o de corte.&nbsp;<br><br><strong>Estoque de recursos&nbsp;<\/strong><br>Dentre os argumentos apresentados para necessidade de diferenciar as hidrel\u00e9tricas das usinas solares e fotovoltaicas est\u00e1 a capacidade de estoque de recursos energ\u00e9ticos al\u00e9m do controle exercido pelo ONS (Operador Nacional do Sistema El\u00e9trico) sobre isso.&nbsp;<br><br>A Abee\u00f3lica (Associa\u00e7\u00e3o Brasileira de Energia E\u00f3lica) exp\u00f5e em sua&nbsp;<a href=\"https:\/\/antigo.aneel.gov.br\/web\/guest\/consultas-publicas?p_p_id=participacaopublica_WAR_participacaopublicaportlet&amp;p_p_lifecycle=2&amp;p_p_state=normal&amp;p_p_mode=view&amp;p_p_cacheability=cacheLevelPage&amp;p_p_col_id=column-2&amp;p_p_col_pos=1&amp;p_p_col_count=2&amp;_participacaopublica_WAR_participacaopublicaportlet_ideDocumento=54602&amp;_participacaopublica_WAR_participacaopublicaportlet_tipoFaseReuniao=fase&amp;_participacaopublica_WAR_participacaopublicaportlet_jspPage=%2Fhtml%2Fpp%2Fvisualizar.jsp\" target=\"_blank\" rel=\"noreferrer noopener\">contribui\u00e7\u00e3o<\/a>&nbsp;que as \u201ccentrais geradoras e\u00f3licas e usinas solares fotovoltaicas n\u00e3o possuem qualquer mecanismo de prote\u00e7\u00e3o\u201d, como as hidrel\u00e9tricas, que possuem reservat\u00f3rios, o que leva \u00e0 \u201cimpossibilidade de explora\u00e7\u00e3o plena do potencial de gera\u00e7\u00e3o oferecido pelo recurso natural&#8221;. Enquanto para as hidrel\u00e9tricas, o operador busca evitar a ocorr\u00eancia de vertimento turbin\u00e1vel (\u00e1gua sobrando) mediante coordena\u00e7\u00e3o da opera\u00e7\u00e3o integrada das usinas.<br><br>\u201cA depender da capacidade de regulariza\u00e7\u00e3o do reservat\u00f3rio da usina hidrel\u00e9trica, ter\u00e1 maior ou menor capacidade de estabelecer pol\u00edtica operativa que evite a ocorr\u00eancia de vertimento turbin\u00e1vel, mas \u00e9 incontroverso que algum n\u00edvel de controle existe\u201d, destaca a associa\u00e7\u00e3o. Por outro lado, o ONS \u201cn\u00e3o possui qualquer controle\u201d sobre o vento e a irradia\u00e7\u00e3o solar.<br><br><strong>Mitiga\u00e7\u00e3o de risco hidrol\u00f3gico<\/strong><br>A Abee\u00f3lica destaca ainda que o rateio dos cortes entre hidrel\u00e9tricas, solares e e\u00f3licas cria um novo MRE (Mecanismo de Realoca\u00e7\u00e3o de Energia), do qual participariam tamb\u00e9m empreendimentos solares e e\u00f3licos, o que \u00e9 vetado por lei. O mecanismo foi criado com o objetivo de mitigar o risco hidrol\u00f3gico e se trata da distribui\u00e7\u00e3o cont\u00e1bil (ou seja, p\u00f3s-opera\u00e7\u00e3o) da energia gerada entre os agentes participantes.&nbsp;<br><br>Segundo&nbsp;<a href=\"https:\/\/antigo.aneel.gov.br\/web\/guest\/consultas-publicas?p_p_id=participacaopublica_WAR_participacaopublicaportlet&amp;p_p_lifecycle=2&amp;p_p_state=normal&amp;p_p_mode=view&amp;p_p_cacheability=cacheLevelPage&amp;p_p_col_id=column-2&amp;p_p_col_pos=1&amp;p_p_col_count=2&amp;_participacaopublica_WAR_participacaopublicaportlet_ideDocumento=54716&amp;_participacaopublica_WAR_participacaopublicaportlet_tipoFaseReuniao=fase&amp;_participacaopublica_WAR_participacaopublicaportlet_jspPage=%2Fhtml%2Fpp%2Fvisualizar.jsp\" target=\"_blank\" rel=\"noreferrer noopener\">contribui\u00e7\u00e3o<\/a>&nbsp;da Casa dos Ventos, o rateio dos cortes, na pr\u00e1tica, resultaria numa esp\u00e9cie de transfer\u00eancia de energia entre usinas. Ou seja, enquanto um agente de fato produz, outro \u00e9 cortado. Depois, na p\u00f3s-opera\u00e7\u00e3o, o gerador que manteve a produ\u00e7\u00e3o \u201centrega\u201d parte do seu recurso (virtualmente ou contabilmente) para o que foi cortado.<br><br>A geradora afirma que n\u00e3o h\u00e1 at\u00e9 o momento qualquer avalia\u00e7\u00e3o do impacto dessa poss\u00edvel troca de recursos entre os geradores e como ela seria remunerada, e que, embora similar ao MRE, n\u00e3o teria base legal.<br><br>Em concord\u00e2ncia, a Absolar (Associa\u00e7\u00e3o Brasileira de Energia Solar Fotovoltaica)&nbsp;<a href=\"https:\/\/antigo.aneel.gov.br\/web\/guest\/consultas-publicas?p_p_id=participacaopublica_WAR_participacaopublicaportlet&amp;p_p_lifecycle=2&amp;p_p_state=normal&amp;p_p_mode=view&amp;p_p_cacheability=cacheLevelPage&amp;p_p_col_id=column-2&amp;p_p_col_pos=1&amp;p_p_col_count=2&amp;_participacaopublica_WAR_participacaopublicaportlet_ideDocumento=54710&amp;_participacaopublica_WAR_participacaopublicaportlet_tipoFaseReuniao=fase&amp;_participacaopublica_WAR_participacaopublicaportlet_jspPage=%2Fhtml%2Fpp%2Fvisualizar.jsp\" target=\"_blank\" rel=\"noreferrer noopener\">aponta<\/a>&nbsp;que as hidrel\u00e9tricas j\u00e1 disp\u00f5em \u201cde regula\u00e7\u00e3o espec\u00edfica para atenua\u00e7\u00e3o de efeitos da n\u00e3o gera\u00e7\u00e3o&#8221;, justamente via MRE. Por isso, devem ser cortadas antes da solar e e\u00f3lica.<br><br>Desta forma, a Absolar entende que os empreendimentos fotovoltaicos e e\u00f3licos deveriam ser enquadrados no grupo 3, \u00faltimo na lista proposta para ordenamento de cortes. J\u00e1 no grupo 2 deveriam permanecer apenas hidrel\u00e9tricas com vertimento turbin\u00e1vel.<br><br><strong>Ressarcimento<\/strong><br>As associa\u00e7\u00f5es que representam agentes e\u00f3licos e solares ainda pedem que a ANEEL trate do ressarcimento aos empreendimentos que sofrerem curtailment. A Absolar entende que todos os cortes devem ser ressarcidos sem qualquer tipo de limita\u00e7\u00e3o ou restri\u00e7\u00e3o. A Abee\u00f3lica ainda destaca que riscos relacionados a eventos \u201coriginados externamente \u00e0s instala\u00e7\u00f5es das usinas\u201d n\u00e3o devem ser alocados aos geradores.&nbsp;<br><br><strong>Hidrel\u00e9tricas apoiam ANEEL<\/strong><br>Agentes h\u00eddricos defenderam a proposta da ANEEL para que a fonte tenha tratamento similar ao das e\u00f3licas e solares. A Abrage (Associa\u00e7\u00e3o Brasileira das Empresas Geradoras de Energia El\u00e9trica)&nbsp;<a href=\"https:\/\/mcusercontent.com\/d460dd1bcf9ba0ae040e1fc0f\/files\/222d1fb7-0444-fd61-40e0-6762576e8317\/Contribui_ccedil_atilde_o_ABRAGE_CP_45_2019.pdf\" target=\"_blank\" rel=\"noreferrer noopener\">defendeu<\/a>&nbsp;na CP que o ordenamento reconhe\u00e7a a import\u00e2ncia sist\u00eamica das hidrel\u00e9tricas e que sua participa\u00e7\u00e3o seja proporcional ao seu papel na estabilidade e na confiabilidade do SIN (Sistema Interligado Nacional). Apontou ainda como urgente a necessidade de regulamenta\u00e7\u00e3o do curtailment para hidrel\u00e9tricas.<br><br>A Eletrobras, por exemplo, rebateu em sua&nbsp;<a href=\"https:\/\/antigo.aneel.gov.br\/web\/guest\/consultas-publicas?p_p_id=participacaopublica_WAR_participacaopublicaportlet&amp;p_p_lifecycle=2&amp;p_p_state=normal&amp;p_p_mode=view&amp;p_p_cacheability=cacheLevelPage&amp;p_p_col_id=column-2&amp;p_p_col_pos=1&amp;p_p_col_count=2&amp;_participacaopublica_WAR_participacaopublicaportlet_ideDocumento=54735&amp;_participacaopublica_WAR_participacaopublicaportlet_tipoFaseReuniao=fase&amp;_participacaopublica_WAR_participacaopublicaportlet_jspPage=%2Fhtml%2Fpp%2Fvisualizar.jsp\" target=\"_blank\" rel=\"noreferrer noopener\">contribui\u00e7\u00e3o<\/a>&nbsp;a tese de que o MRE j\u00e1 seria suficiente. Afirmou que apesar do mecanismo mitigar o risco hidrol\u00f3gico entre os geradores, \u201cn\u00e3o impede o aumento do preju\u00edzo crescente percebido por todas as hidrel\u00e9tricas\u201d por causa dos cortes. A geradora defendeu que as e\u00f3licas e solares tenham prioridade nos cortes (seguindo no grupo 2), e que as hidrel\u00e9tricas com reservat\u00f3rios passem ao grupo 3.<br><br>O ONS, por outro lado,&nbsp;<a href=\"https:\/\/antigo.aneel.gov.br\/web\/guest\/consultas-publicas?p_p_id=participacaopublica_WAR_participacaopublicaportlet&amp;p_p_lifecycle=2&amp;p_p_state=normal&amp;p_p_mode=view&amp;p_p_cacheability=cacheLevelPage&amp;p_p_col_id=column-2&amp;p_p_col_pos=1&amp;p_p_col_count=2&amp;_participacaopublica_WAR_participacaopublicaportlet_ideDocumento=54747&amp;_participacaopublica_WAR_participacaopublicaportlet_tipoFaseReuniao=fase&amp;_participacaopublica_WAR_participacaopublicaportlet_jspPage=%2Fhtml%2Fpp%2Fvisualizar.jsp\" target=\"_blank\" rel=\"noreferrer noopener\">manifestou-se<\/a>&nbsp;contra a cria\u00e7\u00e3o dos grupos de ordenamento numa regula\u00e7\u00e3o da ANEEL. O operador defendeu que o detalhamento seja feito dentro das regras de Procedimentos de Rede e disse considerar \u201cser um detalhamento excessivo para uma Resolu\u00e7\u00e3o Normativa\u201d.&nbsp;<br><br><strong>Gera\u00e7\u00e3o distribu\u00edda<\/strong><br>A maioria das contribui\u00e7\u00f5es enviadas na CP defende ainda que a proposta da ANEEL precisa incluir outros perfis de gera\u00e7\u00e3o na ordem de prioridades de curtailment, como a MMGD (Mini e Microgera\u00e7\u00e3o Distribu\u00edda).<br><br>Diante da inviabilidade de corte f\u00edsico centralizado pelo ONS no caso da GD, a Eletrobras defendeu que ela tamb\u00e9m entre no modelo de rateio p\u00f3s-opera\u00e7\u00e3o, com o compartilhamento com todas as demais fontes renov\u00e1veis. A companhia sustentou que excluir a gera\u00e7\u00e3o distribu\u00edda do curtailment caracteriza-se como \u201ctratamento desproporcional\u201d entre agentes.<br><br>A ideia defendida \u00e9 que a gera\u00e7\u00e3o distribu\u00edda entre no grupo de cortes 2, que \u00e9 o que n\u00e3o provoca nem preju\u00edzo nem benef\u00edcio ao consumidor. Assim, o ONS poderia cortar as fontes e\u00f3lica, solar e h\u00eddrica do grupo, e depois seria feito um rateio cont\u00e1bil com utiliza\u00e7\u00e3o de um fator de corte proporcional sobre os cr\u00e9ditos existentes gerados pela MMGD e nas usinas.<br><br>Contudo, a ABGD (Associa\u00e7\u00e3o Brasileira de Gera\u00e7\u00e3o Distribu\u00edda)&nbsp;<a href=\"https:\/\/antigo.aneel.gov.br\/web\/guest\/consultas-publicas?p_p_id=participacaopublica_WAR_participacaopublicaportlet&amp;p_p_lifecycle=2&amp;p_p_state=normal&amp;p_p_mode=view&amp;p_p_cacheability=cacheLevelPage&amp;p_p_col_id=column-2&amp;p_p_col_pos=1&amp;p_p_col_count=2&amp;_participacaopublica_WAR_participacaopublicaportlet_ideDocumento=54682&amp;_participacaopublica_WAR_participacaopublicaportlet_tipoFaseReuniao=fase&amp;_participacaopublica_WAR_participacaopublicaportlet_jspPage=%2Fhtml%2Fpp%2Fvisualizar.jsp\" target=\"_blank\" rel=\"noreferrer noopener\">entende<\/a>&nbsp;que os efeitos de curtailment na gera\u00e7\u00e3o distribu\u00edda \u201calocaria custos ao consumidor-gerador contrariando a pr\u00f3pria ess\u00eancia do modelo legal-regulat\u00f3rio vigente&#8221;. Desta forma, poderia comprometer a viabilidade econ\u00f4mica dos investimentos incentivados por pol\u00edticas p\u00fablicas.<\/p>\n","protected":false},"excerpt":{"rendered":"<p>Geraldo Campos Jr. e Marisa Wanzeller, da Ag\u00eancia iNFRA Associa\u00e7\u00f5es e empresas de energia e\u00f3lica e solar defenderam junto \u00e0 ANEEL&nbsp;(Ag\u00eancia Nacional de Energia El\u00e9trica) que as hidrel\u00e9tricas continuem como a primeira op\u00e7\u00e3o&nbsp;para os cortes obrigat\u00f3rios de gera\u00e7\u00e3o, o chamado curtailment. Os agentes se posicionaram contra a ideia analisada pela reguladora de colocar a fonte [&hellip;]<\/p>\n","protected":false},"author":1,"featured_media":5390,"comment_status":"closed","ping_status":"closed","sticky":false,"template":"","format":"standard","meta":{"_monsterinsights_skip_tracking":false,"_monsterinsights_sitenote_active":false,"_monsterinsights_sitenote_note":"","_monsterinsights_sitenote_category":0,"footnotes":""},"categories":[9714,1,10],"tags":[53,12154,11474,25,282,2803,11594,7366,216,193,12786,12787],"class_list":["post-20523","post","type-post","status-publish","format-standard","has-post-thumbnail","hentry","category-destaque-menor","category-geral","category-infraenergia","tag-aneel","tag-cortes-de-geracao","tag-curtailment","tag-energia","tag-energia-eletrica","tag-geracao-de-energia","tag-geraldo-campos-jr","tag-marisa-wanzeller","tag-ons","tag-risco-hidrologico","tag-vertimento","tag-vertimento-turbinavel"],"yoast_head":"<!-- This site is optimized with the Yoast SEO Premium plugin v25.4 (Yoast SEO v26.0) - https:\/\/yoast.com\/wordpress\/plugins\/seo\/ -->\n<title>E\u00f3licas e solares querem que hidrel\u00e9tricas sejam as primeiras com cortes de gera\u00e7\u00e3o em nova regra - Ag\u00eancia iNFRA<\/title>\n<meta name=\"robots\" content=\"index, follow, max-snippet:-1, max-image-preview:large, max-video-preview:-1\" \/>\n<link rel=\"canonical\" href=\"https:\/\/agenciainfra.com\/blog\/eolicas-e-solares-querem-que-hidreletricas-sejam-as-primeiras-com-cortes-de-geracao-em-nova-regra\/\" \/>\n<meta property=\"og:locale\" content=\"pt_BR\" \/>\n<meta property=\"og:type\" content=\"article\" \/>\n<meta property=\"og:title\" content=\"E\u00f3licas e solares querem que hidrel\u00e9tricas sejam as primeiras com cortes de gera\u00e7\u00e3o em nova regra\" \/>\n<meta property=\"og:description\" content=\"Geraldo Campos Jr. e Marisa Wanzeller, da Ag\u00eancia iNFRA Associa\u00e7\u00f5es e empresas de energia e\u00f3lica e solar defenderam junto \u00e0 ANEEL&nbsp;(Ag\u00eancia Nacional de Energia El\u00e9trica) que as hidrel\u00e9tricas continuem como a primeira op\u00e7\u00e3o&nbsp;para os cortes obrigat\u00f3rios de gera\u00e7\u00e3o, o chamado curtailment. Os agentes se posicionaram contra a ideia analisada pela reguladora de colocar a fonte [&hellip;]\" \/>\n<meta property=\"og:url\" content=\"https:\/\/agenciainfra.com\/blog\/eolicas-e-solares-querem-que-hidreletricas-sejam-as-primeiras-com-cortes-de-geracao-em-nova-regra\/\" \/>\n<meta property=\"og:site_name\" content=\"Ag\u00eancia iNFRA\" \/>\n<meta property=\"article:publisher\" content=\"https:\/\/www.facebook.com\/ageninfra\" \/>\n<meta property=\"article:published_time\" content=\"2025-03-13T12:00:00+00:00\" \/>\n<meta property=\"article:modified_time\" content=\"2025-06-26T12:24:51+00:00\" \/>\n<meta property=\"og:image\" content=\"https:\/\/agenciainfra.com\/blog\/wp-content\/uploads\/2020\/07\/energia-eolica-solar-foto-dominio-publico.jpg\" \/>\n\t<meta property=\"og:image:width\" content=\"1200\" \/>\n\t<meta property=\"og:image:height\" content=\"798\" \/>\n\t<meta property=\"og:image:type\" content=\"image\/jpeg\" \/>\n<meta name=\"author\" content=\"Ag\u00eancia iNFRA\" \/>\n<meta name=\"twitter:card\" content=\"summary_large_image\" \/>\n<meta name=\"twitter:creator\" content=\"@agencia_infra\" \/>\n<meta name=\"twitter:site\" content=\"@agencia_infra\" \/>\n<meta name=\"twitter:label1\" content=\"Escrito por\" \/>\n\t<meta name=\"twitter:data1\" content=\"Ag\u00eancia iNFRA\" \/>\n\t<meta name=\"twitter:label2\" content=\"Est. tempo de leitura\" \/>\n\t<meta name=\"twitter:data2\" content=\"6 minutos\" \/>\n<script type=\"application\/ld+json\" class=\"yoast-schema-graph\">{\"@context\":\"https:\/\/schema.org\",\"@graph\":[{\"@type\":\"Article\",\"@id\":\"https:\/\/agenciainfra.com\/blog\/eolicas-e-solares-querem-que-hidreletricas-sejam-as-primeiras-com-cortes-de-geracao-em-nova-regra\/#article\",\"isPartOf\":{\"@id\":\"https:\/\/agenciainfra.com\/blog\/eolicas-e-solares-querem-que-hidreletricas-sejam-as-primeiras-com-cortes-de-geracao-em-nova-regra\/\"},\"author\":{\"name\":\"Ag\u00eancia iNFRA\",\"@id\":\"https:\/\/agenciainfra.com\/blog\/#\/schema\/person\/34af08dff6adea4cb22b06612ba7acfa\"},\"headline\":\"E\u00f3licas e solares querem que hidrel\u00e9tricas sejam as primeiras com cortes de gera\u00e7\u00e3o em nova regra\",\"datePublished\":\"2025-03-13T12:00:00+00:00\",\"dateModified\":\"2025-06-26T12:24:51+00:00\",\"mainEntityOfPage\":{\"@id\":\"https:\/\/agenciainfra.com\/blog\/eolicas-e-solares-querem-que-hidreletricas-sejam-as-primeiras-com-cortes-de-geracao-em-nova-regra\/\"},\"wordCount\":1295,\"publisher\":{\"@id\":\"https:\/\/agenciainfra.com\/blog\/#organization\"},\"image\":{\"@id\":\"https:\/\/agenciainfra.com\/blog\/eolicas-e-solares-querem-que-hidreletricas-sejam-as-primeiras-com-cortes-de-geracao-em-nova-regra\/#primaryimage\"},\"thumbnailUrl\":\"https:\/\/agenciainfra.com\/blog\/wp-content\/uploads\/2020\/07\/energia-eolica-solar-foto-dominio-publico.jpg\",\"keywords\":[\"ANEEL\",\"cortes de gera\u00e7\u00e3o\",\"curtailment\",\"energia\",\"energia el\u00e9trica\",\"gera\u00e7\u00e3o de energia\",\"Geraldo Campos Jr.\",\"Marisa Wanzeller\",\"ONS\",\"risco hidrol\u00f3gico\",\"vertimento\",\"vertimento turbin\u00e1vel\"],\"articleSection\":[\"Destaque Menor\",\"Geral\",\"iNFRAEnergia\"],\"inLanguage\":\"pt-BR\",\"copyrightYear\":\"2025\",\"copyrightHolder\":{\"@id\":\"https:\/\/agenciainfra.com\/blog\/#organization\"}},{\"@type\":\"WebPage\",\"@id\":\"https:\/\/agenciainfra.com\/blog\/eolicas-e-solares-querem-que-hidreletricas-sejam-as-primeiras-com-cortes-de-geracao-em-nova-regra\/\",\"url\":\"https:\/\/agenciainfra.com\/blog\/eolicas-e-solares-querem-que-hidreletricas-sejam-as-primeiras-com-cortes-de-geracao-em-nova-regra\/\",\"name\":\"E\u00f3licas e solares querem que hidrel\u00e9tricas sejam as primeiras com cortes de gera\u00e7\u00e3o em nova regra - Ag\u00eancia iNFRA\",\"isPartOf\":{\"@id\":\"https:\/\/agenciainfra.com\/blog\/#website\"},\"primaryImageOfPage\":{\"@id\":\"https:\/\/agenciainfra.com\/blog\/eolicas-e-solares-querem-que-hidreletricas-sejam-as-primeiras-com-cortes-de-geracao-em-nova-regra\/#primaryimage\"},\"image\":{\"@id\":\"https:\/\/agenciainfra.com\/blog\/eolicas-e-solares-querem-que-hidreletricas-sejam-as-primeiras-com-cortes-de-geracao-em-nova-regra\/#primaryimage\"},\"thumbnailUrl\":\"https:\/\/agenciainfra.com\/blog\/wp-content\/uploads\/2020\/07\/energia-eolica-solar-foto-dominio-publico.jpg\",\"datePublished\":\"2025-03-13T12:00:00+00:00\",\"dateModified\":\"2025-06-26T12:24:51+00:00\",\"breadcrumb\":{\"@id\":\"https:\/\/agenciainfra.com\/blog\/eolicas-e-solares-querem-que-hidreletricas-sejam-as-primeiras-com-cortes-de-geracao-em-nova-regra\/#breadcrumb\"},\"inLanguage\":\"pt-BR\",\"potentialAction\":[{\"@type\":\"ReadAction\",\"target\":[\"https:\/\/agenciainfra.com\/blog\/eolicas-e-solares-querem-que-hidreletricas-sejam-as-primeiras-com-cortes-de-geracao-em-nova-regra\/\"]}]},{\"@type\":\"ImageObject\",\"inLanguage\":\"pt-BR\",\"@id\":\"https:\/\/agenciainfra.com\/blog\/eolicas-e-solares-querem-que-hidreletricas-sejam-as-primeiras-com-cortes-de-geracao-em-nova-regra\/#primaryimage\",\"url\":\"https:\/\/agenciainfra.com\/blog\/wp-content\/uploads\/2020\/07\/energia-eolica-solar-foto-dominio-publico.jpg\",\"contentUrl\":\"https:\/\/agenciainfra.com\/blog\/wp-content\/uploads\/2020\/07\/energia-eolica-solar-foto-dominio-publico.jpg\",\"width\":1200,\"height\":798,\"caption\":\"Foto: Dom\u00ednio P\u00fablico\"},{\"@type\":\"BreadcrumbList\",\"@id\":\"https:\/\/agenciainfra.com\/blog\/eolicas-e-solares-querem-que-hidreletricas-sejam-as-primeiras-com-cortes-de-geracao-em-nova-regra\/#breadcrumb\",\"itemListElement\":[{\"@type\":\"ListItem\",\"position\":1,\"name\":\"In\u00edcio\",\"item\":\"https:\/\/agenciainfra.com\/blog\/\"},{\"@type\":\"ListItem\",\"position\":2,\"name\":\"E\u00f3licas e solares querem que hidrel\u00e9tricas sejam as primeiras com cortes de gera\u00e7\u00e3o em nova regra\"}]},{\"@type\":\"WebSite\",\"@id\":\"https:\/\/agenciainfra.com\/blog\/#website\",\"url\":\"https:\/\/agenciainfra.com\/blog\/\",\"name\":\"Ag\u00eancia iNFRA\",\"description\":\"Multiplataforma de informa\u00e7\u00e3o jornal\u00edstica refer\u00eancia na \u00e1rea de infraestrutura no Brasil!\",\"publisher\":{\"@id\":\"https:\/\/agenciainfra.com\/blog\/#organization\"},\"potentialAction\":[{\"@type\":\"SearchAction\",\"target\":{\"@type\":\"EntryPoint\",\"urlTemplate\":\"https:\/\/agenciainfra.com\/blog\/?s={search_term_string}\"},\"query-input\":{\"@type\":\"PropertyValueSpecification\",\"valueRequired\":true,\"valueName\":\"search_term_string\"}}],\"inLanguage\":\"pt-BR\"},{\"@type\":\"Organization\",\"@id\":\"https:\/\/agenciainfra.com\/blog\/#organization\",\"name\":\"Ag\u00eancia iNFRA\",\"url\":\"https:\/\/agenciainfra.com\/blog\/\",\"logo\":{\"@type\":\"ImageObject\",\"inLanguage\":\"pt-BR\",\"@id\":\"https:\/\/agenciainfra.com\/blog\/#\/schema\/logo\/image\/\",\"url\":\"https:\/\/agenciainfra.com\/blog\/wp-content\/uploads\/2023\/09\/iNFRA_5-e1761735885940.png\",\"contentUrl\":\"https:\/\/agenciainfra.com\/blog\/wp-content\/uploads\/2023\/09\/iNFRA_5-e1761735885940.png\",\"width\":1672,\"height\":454,\"caption\":\"Ag\u00eancia iNFRA\"},\"image\":{\"@id\":\"https:\/\/agenciainfra.com\/blog\/#\/schema\/logo\/image\/\"},\"sameAs\":[\"https:\/\/www.facebook.com\/ageninfra\",\"https:\/\/x.com\/agencia_infra\",\"https:\/\/www.linkedin.com\/company\/ag\u00eanciainfra\/\",\"https:\/\/www.instagram.com\/agenciainfra\/\"]},{\"@type\":\"Person\",\"@id\":\"https:\/\/agenciainfra.com\/blog\/#\/schema\/person\/34af08dff6adea4cb22b06612ba7acfa\",\"name\":\"Ag\u00eancia iNFRA\",\"image\":{\"@type\":\"ImageObject\",\"inLanguage\":\"pt-BR\",\"@id\":\"https:\/\/agenciainfra.com\/blog\/#\/schema\/person\/image\/\",\"url\":\"https:\/\/secure.gravatar.com\/avatar\/d189e01678f06d8eb84d4e01f08eb848b3fffe3f8443818d3c356c66892f5be8?s=96&d=mm&r=g\",\"contentUrl\":\"https:\/\/secure.gravatar.com\/avatar\/d189e01678f06d8eb84d4e01f08eb848b3fffe3f8443818d3c356c66892f5be8?s=96&d=mm&r=g\",\"caption\":\"Ag\u00eancia iNFRA\"},\"url\":\"https:\/\/agenciainfra.com\/blog\/author\/admin\/\"}]}<\/script>\n<!-- \/ Yoast SEO Premium plugin. -->","yoast_head_json":{"title":"E\u00f3licas e solares querem que hidrel\u00e9tricas sejam as primeiras com cortes de gera\u00e7\u00e3o em nova regra - Ag\u00eancia iNFRA","robots":{"index":"index","follow":"follow","max-snippet":"max-snippet:-1","max-image-preview":"max-image-preview:large","max-video-preview":"max-video-preview:-1"},"canonical":"https:\/\/agenciainfra.com\/blog\/eolicas-e-solares-querem-que-hidreletricas-sejam-as-primeiras-com-cortes-de-geracao-em-nova-regra\/","og_locale":"pt_BR","og_type":"article","og_title":"E\u00f3licas e solares querem que hidrel\u00e9tricas sejam as primeiras com cortes de gera\u00e7\u00e3o em nova regra","og_description":"Geraldo Campos Jr. e Marisa Wanzeller, da Ag\u00eancia iNFRA Associa\u00e7\u00f5es e empresas de energia e\u00f3lica e solar defenderam junto \u00e0 ANEEL&nbsp;(Ag\u00eancia Nacional de Energia El\u00e9trica) que as hidrel\u00e9tricas continuem como a primeira op\u00e7\u00e3o&nbsp;para os cortes obrigat\u00f3rios de gera\u00e7\u00e3o, o chamado curtailment. Os agentes se posicionaram contra a ideia analisada pela reguladora de colocar a fonte [&hellip;]","og_url":"https:\/\/agenciainfra.com\/blog\/eolicas-e-solares-querem-que-hidreletricas-sejam-as-primeiras-com-cortes-de-geracao-em-nova-regra\/","og_site_name":"Ag\u00eancia iNFRA","article_publisher":"https:\/\/www.facebook.com\/ageninfra","article_published_time":"2025-03-13T12:00:00+00:00","article_modified_time":"2025-06-26T12:24:51+00:00","og_image":[{"width":1200,"height":798,"url":"https:\/\/agenciainfra.com\/blog\/wp-content\/uploads\/2020\/07\/energia-eolica-solar-foto-dominio-publico.jpg","type":"image\/jpeg"}],"author":"Ag\u00eancia iNFRA","twitter_card":"summary_large_image","twitter_creator":"@agencia_infra","twitter_site":"@agencia_infra","twitter_misc":{"Escrito por":"Ag\u00eancia iNFRA","Est. tempo de leitura":"6 minutos"},"schema":{"@context":"https:\/\/schema.org","@graph":[{"@type":"Article","@id":"https:\/\/agenciainfra.com\/blog\/eolicas-e-solares-querem-que-hidreletricas-sejam-as-primeiras-com-cortes-de-geracao-em-nova-regra\/#article","isPartOf":{"@id":"https:\/\/agenciainfra.com\/blog\/eolicas-e-solares-querem-que-hidreletricas-sejam-as-primeiras-com-cortes-de-geracao-em-nova-regra\/"},"author":{"name":"Ag\u00eancia iNFRA","@id":"https:\/\/agenciainfra.com\/blog\/#\/schema\/person\/34af08dff6adea4cb22b06612ba7acfa"},"headline":"E\u00f3licas e solares querem que hidrel\u00e9tricas sejam as primeiras com cortes de gera\u00e7\u00e3o em nova regra","datePublished":"2025-03-13T12:00:00+00:00","dateModified":"2025-06-26T12:24:51+00:00","mainEntityOfPage":{"@id":"https:\/\/agenciainfra.com\/blog\/eolicas-e-solares-querem-que-hidreletricas-sejam-as-primeiras-com-cortes-de-geracao-em-nova-regra\/"},"wordCount":1295,"publisher":{"@id":"https:\/\/agenciainfra.com\/blog\/#organization"},"image":{"@id":"https:\/\/agenciainfra.com\/blog\/eolicas-e-solares-querem-que-hidreletricas-sejam-as-primeiras-com-cortes-de-geracao-em-nova-regra\/#primaryimage"},"thumbnailUrl":"https:\/\/agenciainfra.com\/blog\/wp-content\/uploads\/2020\/07\/energia-eolica-solar-foto-dominio-publico.jpg","keywords":["ANEEL","cortes de gera\u00e7\u00e3o","curtailment","energia","energia el\u00e9trica","gera\u00e7\u00e3o de energia","Geraldo Campos Jr.","Marisa Wanzeller","ONS","risco hidrol\u00f3gico","vertimento","vertimento turbin\u00e1vel"],"articleSection":["Destaque Menor","Geral","iNFRAEnergia"],"inLanguage":"pt-BR","copyrightYear":"2025","copyrightHolder":{"@id":"https:\/\/agenciainfra.com\/blog\/#organization"}},{"@type":"WebPage","@id":"https:\/\/agenciainfra.com\/blog\/eolicas-e-solares-querem-que-hidreletricas-sejam-as-primeiras-com-cortes-de-geracao-em-nova-regra\/","url":"https:\/\/agenciainfra.com\/blog\/eolicas-e-solares-querem-que-hidreletricas-sejam-as-primeiras-com-cortes-de-geracao-em-nova-regra\/","name":"E\u00f3licas e solares querem que hidrel\u00e9tricas sejam as primeiras com cortes de gera\u00e7\u00e3o em nova regra - Ag\u00eancia iNFRA","isPartOf":{"@id":"https:\/\/agenciainfra.com\/blog\/#website"},"primaryImageOfPage":{"@id":"https:\/\/agenciainfra.com\/blog\/eolicas-e-solares-querem-que-hidreletricas-sejam-as-primeiras-com-cortes-de-geracao-em-nova-regra\/#primaryimage"},"image":{"@id":"https:\/\/agenciainfra.com\/blog\/eolicas-e-solares-querem-que-hidreletricas-sejam-as-primeiras-com-cortes-de-geracao-em-nova-regra\/#primaryimage"},"thumbnailUrl":"https:\/\/agenciainfra.com\/blog\/wp-content\/uploads\/2020\/07\/energia-eolica-solar-foto-dominio-publico.jpg","datePublished":"2025-03-13T12:00:00+00:00","dateModified":"2025-06-26T12:24:51+00:00","breadcrumb":{"@id":"https:\/\/agenciainfra.com\/blog\/eolicas-e-solares-querem-que-hidreletricas-sejam-as-primeiras-com-cortes-de-geracao-em-nova-regra\/#breadcrumb"},"inLanguage":"pt-BR","potentialAction":[{"@type":"ReadAction","target":["https:\/\/agenciainfra.com\/blog\/eolicas-e-solares-querem-que-hidreletricas-sejam-as-primeiras-com-cortes-de-geracao-em-nova-regra\/"]}]},{"@type":"ImageObject","inLanguage":"pt-BR","@id":"https:\/\/agenciainfra.com\/blog\/eolicas-e-solares-querem-que-hidreletricas-sejam-as-primeiras-com-cortes-de-geracao-em-nova-regra\/#primaryimage","url":"https:\/\/agenciainfra.com\/blog\/wp-content\/uploads\/2020\/07\/energia-eolica-solar-foto-dominio-publico.jpg","contentUrl":"https:\/\/agenciainfra.com\/blog\/wp-content\/uploads\/2020\/07\/energia-eolica-solar-foto-dominio-publico.jpg","width":1200,"height":798,"caption":"Foto: Dom\u00ednio P\u00fablico"},{"@type":"BreadcrumbList","@id":"https:\/\/agenciainfra.com\/blog\/eolicas-e-solares-querem-que-hidreletricas-sejam-as-primeiras-com-cortes-de-geracao-em-nova-regra\/#breadcrumb","itemListElement":[{"@type":"ListItem","position":1,"name":"In\u00edcio","item":"https:\/\/agenciainfra.com\/blog\/"},{"@type":"ListItem","position":2,"name":"E\u00f3licas e solares querem que hidrel\u00e9tricas sejam as primeiras com cortes de gera\u00e7\u00e3o em nova regra"}]},{"@type":"WebSite","@id":"https:\/\/agenciainfra.com\/blog\/#website","url":"https:\/\/agenciainfra.com\/blog\/","name":"Ag\u00eancia iNFRA","description":"Multiplataforma de informa\u00e7\u00e3o jornal\u00edstica refer\u00eancia na \u00e1rea de infraestrutura no Brasil!","publisher":{"@id":"https:\/\/agenciainfra.com\/blog\/#organization"},"potentialAction":[{"@type":"SearchAction","target":{"@type":"EntryPoint","urlTemplate":"https:\/\/agenciainfra.com\/blog\/?s={search_term_string}"},"query-input":{"@type":"PropertyValueSpecification","valueRequired":true,"valueName":"search_term_string"}}],"inLanguage":"pt-BR"},{"@type":"Organization","@id":"https:\/\/agenciainfra.com\/blog\/#organization","name":"Ag\u00eancia iNFRA","url":"https:\/\/agenciainfra.com\/blog\/","logo":{"@type":"ImageObject","inLanguage":"pt-BR","@id":"https:\/\/agenciainfra.com\/blog\/#\/schema\/logo\/image\/","url":"https:\/\/agenciainfra.com\/blog\/wp-content\/uploads\/2023\/09\/iNFRA_5-e1761735885940.png","contentUrl":"https:\/\/agenciainfra.com\/blog\/wp-content\/uploads\/2023\/09\/iNFRA_5-e1761735885940.png","width":1672,"height":454,"caption":"Ag\u00eancia iNFRA"},"image":{"@id":"https:\/\/agenciainfra.com\/blog\/#\/schema\/logo\/image\/"},"sameAs":["https:\/\/www.facebook.com\/ageninfra","https:\/\/x.com\/agencia_infra","https:\/\/www.linkedin.com\/company\/ag\u00eanciainfra\/","https:\/\/www.instagram.com\/agenciainfra\/"]},{"@type":"Person","@id":"https:\/\/agenciainfra.com\/blog\/#\/schema\/person\/34af08dff6adea4cb22b06612ba7acfa","name":"Ag\u00eancia iNFRA","image":{"@type":"ImageObject","inLanguage":"pt-BR","@id":"https:\/\/agenciainfra.com\/blog\/#\/schema\/person\/image\/","url":"https:\/\/secure.gravatar.com\/avatar\/d189e01678f06d8eb84d4e01f08eb848b3fffe3f8443818d3c356c66892f5be8?s=96&d=mm&r=g","contentUrl":"https:\/\/secure.gravatar.com\/avatar\/d189e01678f06d8eb84d4e01f08eb848b3fffe3f8443818d3c356c66892f5be8?s=96&d=mm&r=g","caption":"Ag\u00eancia iNFRA"},"url":"https:\/\/agenciainfra.com\/blog\/author\/admin\/"}]}},"_links":{"self":[{"href":"https:\/\/agenciainfra.com\/blog\/wp-json\/wp\/v2\/posts\/20523","targetHints":{"allow":["GET"]}}],"collection":[{"href":"https:\/\/agenciainfra.com\/blog\/wp-json\/wp\/v2\/posts"}],"about":[{"href":"https:\/\/agenciainfra.com\/blog\/wp-json\/wp\/v2\/types\/post"}],"author":[{"embeddable":true,"href":"https:\/\/agenciainfra.com\/blog\/wp-json\/wp\/v2\/users\/1"}],"replies":[{"embeddable":true,"href":"https:\/\/agenciainfra.com\/blog\/wp-json\/wp\/v2\/comments?post=20523"}],"version-history":[{"count":1,"href":"https:\/\/agenciainfra.com\/blog\/wp-json\/wp\/v2\/posts\/20523\/revisions"}],"predecessor-version":[{"id":20524,"href":"https:\/\/agenciainfra.com\/blog\/wp-json\/wp\/v2\/posts\/20523\/revisions\/20524"}],"wp:featuredmedia":[{"embeddable":true,"href":"https:\/\/agenciainfra.com\/blog\/wp-json\/wp\/v2\/media\/5390"}],"wp:attachment":[{"href":"https:\/\/agenciainfra.com\/blog\/wp-json\/wp\/v2\/media?parent=20523"}],"wp:term":[{"taxonomy":"category","embeddable":true,"href":"https:\/\/agenciainfra.com\/blog\/wp-json\/wp\/v2\/categories?post=20523"},{"taxonomy":"post_tag","embeddable":true,"href":"https:\/\/agenciainfra.com\/blog\/wp-json\/wp\/v2\/tags?post=20523"}],"curies":[{"name":"wp","href":"https:\/\/api.w.org\/{rel}","templated":true}]}}