{"id":20525,"date":"2025-03-13T12:00:00","date_gmt":"2025-03-13T15:00:00","guid":{"rendered":"https:\/\/agenciainfra.com\/blog\/?p=20525"},"modified":"2025-03-14T06:12:46","modified_gmt":"2025-03-14T09:12:46","slug":"fiol-1-pode-ter-novo-concessionario-diz-ministro-renan-filho","status":"publish","type":"post","link":"https:\/\/agenciainfra.com\/blog\/fiol-1-pode-ter-novo-concessionario-diz-ministro-renan-filho\/","title":{"rendered":"Fiol 1 pode ter novo concession\u00e1rio, diz ministro Renan Filho"},"content":{"rendered":"\n<p class=\"has-text-align-right\"><strong>Mar\u00edlia Sena, da Ag\u00eancia iNFRA<\/strong><\/p>\n\n\n\n<p>A Vale est\u00e1 buscando a aquisi\u00e7\u00e3o da concess\u00e3o da Fiol 1 (Ferrovia de Integra\u00e7\u00e3o Oeste-Leste 1), conforme informou o ministro dos Transportes, Renan Filho, \u00e0\u00a0<strong>Ag\u00eancia iNFRA<\/strong>, nesta quarta-feira (12).<br><br>&#8220;Estamos trabalhando para isso. Se a aquisi\u00e7\u00e3o ocorrer, o governo ir\u00e1 colaborar com recursos e condi\u00e7\u00f5es para garantir o avan\u00e7o dessa obra&#8221;, disse o ministro. Ele tamb\u00e9m mencionou que a Vale j\u00e1 iniciou os testes de min\u00e9rio na regi\u00e3o, destacando que o processo est\u00e1 &#8220;bem avan\u00e7ado&#8221;.<br><br>Renan Filho lembrou que a concess\u00e3o da Fiol 1 atualmente \u00e9 da Bamin,\u00a0empresa controlada pelo grupo ERG, do\u00a0Cazaquist\u00e3o, que venceu a concess\u00e3o realizada pelo governo federal em 2021. Segundo ele, o grupo foi\u00a0prejudicado\u00a0pela guerra entre R\u00fassia e Ucr\u00e2nia.<br><br>O fato \u00e9 que a empresa n\u00e3o est\u00e1 cumprindo com a obriga\u00e7\u00e3o de terminar a constru\u00e7\u00e3o da ferrovia e de um porto em Ilh\u00e9us para o escoamento dos produtos transportados. Por isso, h\u00e1 uma tentativa de que outro grupo assuma a empresa para concluir as obras, o que \u00e9 considerado essencial para outro projeto, de concess\u00e3o de outros dois trechos da Fiol e da Fico (Ferrovia de Integra\u00e7\u00e3o do Centro-Oeste), que est\u00e1 no momento em audi\u00eancia p\u00fablica.<br><br>Renan Filho enfatizou que a continuidade das obras da Fiol 1 e Fiol 2 s\u00e3o os principais projetos do governo federal at\u00e9 o final do primeiro semestre deste ano no setor de ferrovias. A Fiol 2 est\u00e1 sendo constru\u00edda com recursos p\u00fablicos.\u00a0&#8220;Com isso, teremos condi\u00e7\u00f5es de escoar a produ\u00e7\u00e3o do oeste de Minas Gerais e, posteriormente, do Brasil Central, com a constitui\u00e7\u00e3o deste corredor Fico\/Fiol&#8221;, afirmou.<br><br>Na quarta-feira, o ministro assinou a ordem de servi\u00e7o para a pavimenta\u00e7\u00e3o da BR-135, no norte de Minas Gerais, entre os munic\u00edpios de Manga e Itacarambi. O evento aconteceu na sede do Minist\u00e9rio dos Transportes e reuniu representantes mineiros. O governo destinou R$ 260,2 milh\u00f5es para a melhoria de 57,4 quil\u00f4metros dessa rodovia. O diretor-geral do DNIT (Departamento Nacional de Infraestrutura de Transportes), Fabr\u00edcio Galv\u00e3o, afirmou que a obra deve come\u00e7ar nos pr\u00f3ximos 20 dias.<br><br>A pavimenta\u00e7\u00e3o da rodovia havia sido anunciada ainda pelo ent\u00e3o ministro da Infraestrutura, Tarc\u00edsio de Freitas. O an\u00fancio impulsionou a concess\u00e3o da Fiol 1 porque levaria carga para essa ferrovia, mas as obras n\u00e3o avan\u00e7aram. Renan Filho atribuiu esse cen\u00e1rio ao &#8220;baixo n\u00edvel de investimentos realizados pelo Brasil no governo anterior&#8221;.<br><br>Segundo ele, algumas licita\u00e7\u00f5es feitas no passado geraram atrasos no desenvolvimento da infraestrutura nacional. &#8220;Al\u00e9m de dar continuidade a novos projetos, precisamos resolver os problemas deixados por licita\u00e7\u00f5es mal-sucedidas que impediram a conclus\u00e3o de iniciativas&#8221;, completou o ministro.<br><br><strong>Devolu\u00e7\u00e3o das rodovias pela ViaBahia<\/strong><br>O ministro tamb\u00e9m afirmou que a ViaBahia, administradora das rodovias BR-116 e 324 na Bahia \u201cn\u00e3o pode dizer que n\u00e3o vai sair [da concess\u00e3o], pois ela tem que sair\u201d. Renan Filho lembrou do acordo feito entre o TCU (Tribunal de Contas da Uni\u00e3o) e a empresa para a devolu\u00e7\u00e3o das rodovias ao DNIT at\u00e9 o dia 31 de mar\u00e7o.<br><br>O acordo est\u00e1 condicionado ao pagamento de indeniza\u00e7\u00e3o por parte do governo federal, mas \u00e9 necess\u00e1rio que o or\u00e7amento seja aprovado pelo Congresso Nacional. O ministro Renan Filho disse que \u201cem uma democracia, o governo n\u00e3o tem dinheiro na hora que a concession\u00e1ria quer\u201d.<br><br>De acordo com ele, a verba para as obras de manuten\u00e7\u00e3o que ser\u00e3o feitas pelo DNIT ap\u00f3s a sa\u00edda da concession\u00e1ria tamb\u00e9m est\u00e3o garantidas no or\u00e7amento que est\u00e1 sendo analisado pelos parlamentares.<br><br>A\u00a0<strong>Ag\u00eancia iNFRA<\/strong>\u00a0procurou a concession\u00e1ria ViaBahia, que negou informa\u00e7\u00e3o\u00a0sobre n\u00e3o sair da administra\u00e7\u00e3o das rodovias, publicada em ve\u00edculos de comunica\u00e7\u00e3o locais.\u00a0O pagamento do acordo \u00e9 de R$ 892 milh\u00f5es para a concession\u00e1ria; R$ 681 milh\u00f5es por indeniza\u00e7\u00e3o e R$ 211 milh\u00f5es de multas administrativas.<\/p>\n","protected":false},"excerpt":{"rendered":"<p>Mar\u00edlia Sena, da Ag\u00eancia iNFRA A Vale est\u00e1 buscando a aquisi\u00e7\u00e3o da concess\u00e3o da Fiol 1 (Ferrovia de Integra\u00e7\u00e3o Oeste-Leste 1), conforme informou o ministro dos Transportes, Renan Filho, \u00e0\u00a0Ag\u00eancia iNFRA, nesta quarta-feira (12). &#8220;Estamos trabalhando para isso. Se a aquisi\u00e7\u00e3o ocorrer, o governo ir\u00e1 colaborar com recursos e condi\u00e7\u00f5es para garantir o avan\u00e7o dessa [&hellip;]<\/p>\n","protected":false},"author":1,"featured_media":6250,"comment_status":"closed","ping_status":"closed","sticky":false,"template":"","format":"standard","meta":{"_monsterinsights_skip_tracking":false,"_monsterinsights_sitenote_active":false,"_monsterinsights_sitenote_note":"","_monsterinsights_sitenote_category":0,"footnotes":""},"categories":[7250,1,7],"tags":[12788,9263,12790,79,12405,11654,12789,6248],"class_list":["post-20525","post","type-post","status-publish","format-standard","has-post-thumbnail","hentry","category-destaque-lista","category-geral","category-infratransporte","tag-concessao-da-fiol-1","tag-concessao-de-ferrovias","tag-devolucao-de-rodovias","tag-ferrovia","tag-fiol-1","tag-marilia-sena","tag-obras-da-fiol","tag-renan-filho"],"yoast_head":"<!-- This site is optimized with the Yoast SEO Premium plugin v25.4 (Yoast SEO v26.0) - https:\/\/yoast.com\/wordpress\/plugins\/seo\/ -->\n<title>Fiol 1 pode ter novo concession\u00e1rio, diz ministro Renan Filho - Ag\u00eancia iNFRA<\/title>\n<meta name=\"robots\" content=\"index, follow, max-snippet:-1, max-image-preview:large, max-video-preview:-1\" \/>\n<link rel=\"canonical\" href=\"https:\/\/agenciainfra.com\/blog\/fiol-1-pode-ter-novo-concessionario-diz-ministro-renan-filho\/\" \/>\n<meta property=\"og:locale\" content=\"pt_BR\" \/>\n<meta property=\"og:type\" content=\"article\" \/>\n<meta property=\"og:title\" content=\"Fiol 1 pode ter novo concession\u00e1rio, diz ministro Renan Filho\" \/>\n<meta property=\"og:description\" content=\"Mar\u00edlia Sena, da Ag\u00eancia iNFRA A Vale est\u00e1 buscando a aquisi\u00e7\u00e3o da concess\u00e3o da Fiol 1 (Ferrovia de Integra\u00e7\u00e3o Oeste-Leste 1), conforme informou o ministro dos Transportes, Renan Filho, \u00e0\u00a0Ag\u00eancia iNFRA, nesta quarta-feira (12). &#8220;Estamos trabalhando para isso. Se a aquisi\u00e7\u00e3o ocorrer, o governo ir\u00e1 colaborar com recursos e condi\u00e7\u00f5es para garantir o avan\u00e7o dessa [&hellip;]\" \/>\n<meta property=\"og:url\" content=\"https:\/\/agenciainfra.com\/blog\/fiol-1-pode-ter-novo-concessionario-diz-ministro-renan-filho\/\" \/>\n<meta property=\"og:site_name\" content=\"Ag\u00eancia iNFRA\" \/>\n<meta property=\"article:publisher\" content=\"https:\/\/www.facebook.com\/ageninfra\" \/>\n<meta property=\"article:published_time\" content=\"2025-03-13T15:00:00+00:00\" \/>\n<meta property=\"article:modified_time\" content=\"2025-03-14T09:12:46+00:00\" \/>\n<meta property=\"og:image\" content=\"https:\/\/agenciainfra.com\/blog\/wp-content\/uploads\/2020\/10\/fiol-foto-govba.jpeg\" \/>\n\t<meta property=\"og:image:width\" content=\"1280\" \/>\n\t<meta property=\"og:image:height\" content=\"853\" \/>\n\t<meta property=\"og:image:type\" content=\"image\/jpeg\" \/>\n<meta name=\"author\" content=\"Ag\u00eancia iNFRA\" \/>\n<meta name=\"twitter:card\" content=\"summary_large_image\" \/>\n<meta name=\"twitter:creator\" content=\"@agencia_infra\" \/>\n<meta name=\"twitter:site\" content=\"@agencia_infra\" \/>\n<meta name=\"twitter:label1\" content=\"Escrito por\" \/>\n\t<meta name=\"twitter:data1\" content=\"Ag\u00eancia iNFRA\" \/>\n\t<meta name=\"twitter:label2\" content=\"Est. tempo de leitura\" \/>\n\t<meta name=\"twitter:data2\" content=\"3 minutos\" \/>\n<script type=\"application\/ld+json\" class=\"yoast-schema-graph\">{\"@context\":\"https:\/\/schema.org\",\"@graph\":[{\"@type\":\"Article\",\"@id\":\"https:\/\/agenciainfra.com\/blog\/fiol-1-pode-ter-novo-concessionario-diz-ministro-renan-filho\/#article\",\"isPartOf\":{\"@id\":\"https:\/\/agenciainfra.com\/blog\/fiol-1-pode-ter-novo-concessionario-diz-ministro-renan-filho\/\"},\"author\":{\"name\":\"Ag\u00eancia iNFRA\",\"@id\":\"https:\/\/agenciainfra.com\/blog\/#\/schema\/person\/34af08dff6adea4cb22b06612ba7acfa\"},\"headline\":\"Fiol 1 pode ter novo concession\u00e1rio, diz ministro Renan Filho\",\"datePublished\":\"2025-03-13T15:00:00+00:00\",\"dateModified\":\"2025-03-14T09:12:46+00:00\",\"mainEntityOfPage\":{\"@id\":\"https:\/\/agenciainfra.com\/blog\/fiol-1-pode-ter-novo-concessionario-diz-ministro-renan-filho\/\"},\"wordCount\":694,\"publisher\":{\"@id\":\"https:\/\/agenciainfra.com\/blog\/#organization\"},\"image\":{\"@id\":\"https:\/\/agenciainfra.com\/blog\/fiol-1-pode-ter-novo-concessionario-diz-ministro-renan-filho\/#primaryimage\"},\"thumbnailUrl\":\"https:\/\/agenciainfra.com\/blog\/wp-content\/uploads\/2020\/10\/fiol-foto-govba-e1751454093104.jpeg\",\"keywords\":[\"concess\u00e3o da Fiol 1\",\"Concess\u00e3o de Ferrovias\",\"devolu\u00e7\u00e3o de rodovias\",\"Ferrovia\",\"Fiol 1\",\"Mar\u00edlia Sena\",\"obras da Fiol\",\"Renan Filho\"],\"articleSection\":[\"Destaque lista\",\"Geral\",\"iNFRATransporte\"],\"inLanguage\":\"pt-BR\",\"copyrightYear\":\"2025\",\"copyrightHolder\":{\"@id\":\"https:\/\/agenciainfra.com\/blog\/#organization\"}},{\"@type\":\"WebPage\",\"@id\":\"https:\/\/agenciainfra.com\/blog\/fiol-1-pode-ter-novo-concessionario-diz-ministro-renan-filho\/\",\"url\":\"https:\/\/agenciainfra.com\/blog\/fiol-1-pode-ter-novo-concessionario-diz-ministro-renan-filho\/\",\"name\":\"Fiol 1 pode ter novo concession\u00e1rio, diz ministro Renan Filho - Ag\u00eancia iNFRA\",\"isPartOf\":{\"@id\":\"https:\/\/agenciainfra.com\/blog\/#website\"},\"primaryImageOfPage\":{\"@id\":\"https:\/\/agenciainfra.com\/blog\/fiol-1-pode-ter-novo-concessionario-diz-ministro-renan-filho\/#primaryimage\"},\"image\":{\"@id\":\"https:\/\/agenciainfra.com\/blog\/fiol-1-pode-ter-novo-concessionario-diz-ministro-renan-filho\/#primaryimage\"},\"thumbnailUrl\":\"https:\/\/agenciainfra.com\/blog\/wp-content\/uploads\/2020\/10\/fiol-foto-govba-e1751454093104.jpeg\",\"datePublished\":\"2025-03-13T15:00:00+00:00\",\"dateModified\":\"2025-03-14T09:12:46+00:00\",\"breadcrumb\":{\"@id\":\"https:\/\/agenciainfra.com\/blog\/fiol-1-pode-ter-novo-concessionario-diz-ministro-renan-filho\/#breadcrumb\"},\"inLanguage\":\"pt-BR\",\"potentialAction\":[{\"@type\":\"ReadAction\",\"target\":[\"https:\/\/agenciainfra.com\/blog\/fiol-1-pode-ter-novo-concessionario-diz-ministro-renan-filho\/\"]}]},{\"@type\":\"ImageObject\",\"inLanguage\":\"pt-BR\",\"@id\":\"https:\/\/agenciainfra.com\/blog\/fiol-1-pode-ter-novo-concessionario-diz-ministro-renan-filho\/#primaryimage\",\"url\":\"https:\/\/agenciainfra.com\/blog\/wp-content\/uploads\/2020\/10\/fiol-foto-govba-e1751454093104.jpeg\",\"contentUrl\":\"https:\/\/agenciainfra.com\/blog\/wp-content\/uploads\/2020\/10\/fiol-foto-govba-e1751454093104.jpeg\",\"width\":1280,\"height\":755,\"caption\":\"Foto: El\u00f3i Correa\/Governo do Estado da Bahia\"},{\"@type\":\"BreadcrumbList\",\"@id\":\"https:\/\/agenciainfra.com\/blog\/fiol-1-pode-ter-novo-concessionario-diz-ministro-renan-filho\/#breadcrumb\",\"itemListElement\":[{\"@type\":\"ListItem\",\"position\":1,\"name\":\"In\u00edcio\",\"item\":\"https:\/\/agenciainfra.com\/blog\/\"},{\"@type\":\"ListItem\",\"position\":2,\"name\":\"Fiol 1 pode ter novo concession\u00e1rio, diz ministro Renan Filho\"}]},{\"@type\":\"WebSite\",\"@id\":\"https:\/\/agenciainfra.com\/blog\/#website\",\"url\":\"https:\/\/agenciainfra.com\/blog\/\",\"name\":\"Ag\u00eancia iNFRA\",\"description\":\"Multiplataforma de informa\u00e7\u00e3o jornal\u00edstica refer\u00eancia na \u00e1rea de infraestrutura no Brasil!\",\"publisher\":{\"@id\":\"https:\/\/agenciainfra.com\/blog\/#organization\"},\"potentialAction\":[{\"@type\":\"SearchAction\",\"target\":{\"@type\":\"EntryPoint\",\"urlTemplate\":\"https:\/\/agenciainfra.com\/blog\/?s={search_term_string}\"},\"query-input\":{\"@type\":\"PropertyValueSpecification\",\"valueRequired\":true,\"valueName\":\"search_term_string\"}}],\"inLanguage\":\"pt-BR\"},{\"@type\":\"Organization\",\"@id\":\"https:\/\/agenciainfra.com\/blog\/#organization\",\"name\":\"Ag\u00eancia iNFRA\",\"url\":\"https:\/\/agenciainfra.com\/blog\/\",\"logo\":{\"@type\":\"ImageObject\",\"inLanguage\":\"pt-BR\",\"@id\":\"https:\/\/agenciainfra.com\/blog\/#\/schema\/logo\/image\/\",\"url\":\"https:\/\/agenciainfra.com\/blog\/wp-content\/uploads\/2023\/09\/iNFRA_5-e1761735885940.png\",\"contentUrl\":\"https:\/\/agenciainfra.com\/blog\/wp-content\/uploads\/2023\/09\/iNFRA_5-e1761735885940.png\",\"width\":1672,\"height\":454,\"caption\":\"Ag\u00eancia iNFRA\"},\"image\":{\"@id\":\"https:\/\/agenciainfra.com\/blog\/#\/schema\/logo\/image\/\"},\"sameAs\":[\"https:\/\/www.facebook.com\/ageninfra\",\"https:\/\/x.com\/agencia_infra\",\"https:\/\/www.linkedin.com\/company\/ag\u00eanciainfra\/\",\"https:\/\/www.instagram.com\/agenciainfra\/\"]},{\"@type\":\"Person\",\"@id\":\"https:\/\/agenciainfra.com\/blog\/#\/schema\/person\/34af08dff6adea4cb22b06612ba7acfa\",\"name\":\"Ag\u00eancia iNFRA\",\"image\":{\"@type\":\"ImageObject\",\"inLanguage\":\"pt-BR\",\"@id\":\"https:\/\/agenciainfra.com\/blog\/#\/schema\/person\/image\/\",\"url\":\"https:\/\/secure.gravatar.com\/avatar\/d189e01678f06d8eb84d4e01f08eb848b3fffe3f8443818d3c356c66892f5be8?s=96&d=mm&r=g\",\"contentUrl\":\"https:\/\/secure.gravatar.com\/avatar\/d189e01678f06d8eb84d4e01f08eb848b3fffe3f8443818d3c356c66892f5be8?s=96&d=mm&r=g\",\"caption\":\"Ag\u00eancia iNFRA\"},\"url\":\"https:\/\/agenciainfra.com\/blog\/author\/admin\/\"}]}<\/script>\n<!-- \/ Yoast SEO Premium plugin. -->","yoast_head_json":{"title":"Fiol 1 pode ter novo concession\u00e1rio, diz ministro Renan Filho - Ag\u00eancia iNFRA","robots":{"index":"index","follow":"follow","max-snippet":"max-snippet:-1","max-image-preview":"max-image-preview:large","max-video-preview":"max-video-preview:-1"},"canonical":"https:\/\/agenciainfra.com\/blog\/fiol-1-pode-ter-novo-concessionario-diz-ministro-renan-filho\/","og_locale":"pt_BR","og_type":"article","og_title":"Fiol 1 pode ter novo concession\u00e1rio, diz ministro Renan Filho","og_description":"Mar\u00edlia Sena, da Ag\u00eancia iNFRA A Vale est\u00e1 buscando a aquisi\u00e7\u00e3o da concess\u00e3o da Fiol 1 (Ferrovia de Integra\u00e7\u00e3o Oeste-Leste 1), conforme informou o ministro dos Transportes, Renan Filho, \u00e0\u00a0Ag\u00eancia iNFRA, nesta quarta-feira (12). &#8220;Estamos trabalhando para isso. Se a aquisi\u00e7\u00e3o ocorrer, o governo ir\u00e1 colaborar com recursos e condi\u00e7\u00f5es para garantir o avan\u00e7o dessa [&hellip;]","og_url":"https:\/\/agenciainfra.com\/blog\/fiol-1-pode-ter-novo-concessionario-diz-ministro-renan-filho\/","og_site_name":"Ag\u00eancia iNFRA","article_publisher":"https:\/\/www.facebook.com\/ageninfra","article_published_time":"2025-03-13T15:00:00+00:00","article_modified_time":"2025-03-14T09:12:46+00:00","og_image":[{"width":1280,"height":853,"url":"https:\/\/agenciainfra.com\/blog\/wp-content\/uploads\/2020\/10\/fiol-foto-govba.jpeg","type":"image\/jpeg"}],"author":"Ag\u00eancia iNFRA","twitter_card":"summary_large_image","twitter_creator":"@agencia_infra","twitter_site":"@agencia_infra","twitter_misc":{"Escrito por":"Ag\u00eancia iNFRA","Est. tempo de leitura":"3 minutos"},"schema":{"@context":"https:\/\/schema.org","@graph":[{"@type":"Article","@id":"https:\/\/agenciainfra.com\/blog\/fiol-1-pode-ter-novo-concessionario-diz-ministro-renan-filho\/#article","isPartOf":{"@id":"https:\/\/agenciainfra.com\/blog\/fiol-1-pode-ter-novo-concessionario-diz-ministro-renan-filho\/"},"author":{"name":"Ag\u00eancia iNFRA","@id":"https:\/\/agenciainfra.com\/blog\/#\/schema\/person\/34af08dff6adea4cb22b06612ba7acfa"},"headline":"Fiol 1 pode ter novo concession\u00e1rio, diz ministro Renan Filho","datePublished":"2025-03-13T15:00:00+00:00","dateModified":"2025-03-14T09:12:46+00:00","mainEntityOfPage":{"@id":"https:\/\/agenciainfra.com\/blog\/fiol-1-pode-ter-novo-concessionario-diz-ministro-renan-filho\/"},"wordCount":694,"publisher":{"@id":"https:\/\/agenciainfra.com\/blog\/#organization"},"image":{"@id":"https:\/\/agenciainfra.com\/blog\/fiol-1-pode-ter-novo-concessionario-diz-ministro-renan-filho\/#primaryimage"},"thumbnailUrl":"https:\/\/agenciainfra.com\/blog\/wp-content\/uploads\/2020\/10\/fiol-foto-govba-e1751454093104.jpeg","keywords":["concess\u00e3o da Fiol 1","Concess\u00e3o de Ferrovias","devolu\u00e7\u00e3o de rodovias","Ferrovia","Fiol 1","Mar\u00edlia Sena","obras da Fiol","Renan Filho"],"articleSection":["Destaque lista","Geral","iNFRATransporte"],"inLanguage":"pt-BR","copyrightYear":"2025","copyrightHolder":{"@id":"https:\/\/agenciainfra.com\/blog\/#organization"}},{"@type":"WebPage","@id":"https:\/\/agenciainfra.com\/blog\/fiol-1-pode-ter-novo-concessionario-diz-ministro-renan-filho\/","url":"https:\/\/agenciainfra.com\/blog\/fiol-1-pode-ter-novo-concessionario-diz-ministro-renan-filho\/","name":"Fiol 1 pode ter novo concession\u00e1rio, diz ministro Renan Filho - Ag\u00eancia iNFRA","isPartOf":{"@id":"https:\/\/agenciainfra.com\/blog\/#website"},"primaryImageOfPage":{"@id":"https:\/\/agenciainfra.com\/blog\/fiol-1-pode-ter-novo-concessionario-diz-ministro-renan-filho\/#primaryimage"},"image":{"@id":"https:\/\/agenciainfra.com\/blog\/fiol-1-pode-ter-novo-concessionario-diz-ministro-renan-filho\/#primaryimage"},"thumbnailUrl":"https:\/\/agenciainfra.com\/blog\/wp-content\/uploads\/2020\/10\/fiol-foto-govba-e1751454093104.jpeg","datePublished":"2025-03-13T15:00:00+00:00","dateModified":"2025-03-14T09:12:46+00:00","breadcrumb":{"@id":"https:\/\/agenciainfra.com\/blog\/fiol-1-pode-ter-novo-concessionario-diz-ministro-renan-filho\/#breadcrumb"},"inLanguage":"pt-BR","potentialAction":[{"@type":"ReadAction","target":["https:\/\/agenciainfra.com\/blog\/fiol-1-pode-ter-novo-concessionario-diz-ministro-renan-filho\/"]}]},{"@type":"ImageObject","inLanguage":"pt-BR","@id":"https:\/\/agenciainfra.com\/blog\/fiol-1-pode-ter-novo-concessionario-diz-ministro-renan-filho\/#primaryimage","url":"https:\/\/agenciainfra.com\/blog\/wp-content\/uploads\/2020\/10\/fiol-foto-govba-e1751454093104.jpeg","contentUrl":"https:\/\/agenciainfra.com\/blog\/wp-content\/uploads\/2020\/10\/fiol-foto-govba-e1751454093104.jpeg","width":1280,"height":755,"caption":"Foto: El\u00f3i Correa\/Governo do Estado da Bahia"},{"@type":"BreadcrumbList","@id":"https:\/\/agenciainfra.com\/blog\/fiol-1-pode-ter-novo-concessionario-diz-ministro-renan-filho\/#breadcrumb","itemListElement":[{"@type":"ListItem","position":1,"name":"In\u00edcio","item":"https:\/\/agenciainfra.com\/blog\/"},{"@type":"ListItem","position":2,"name":"Fiol 1 pode ter novo concession\u00e1rio, diz ministro Renan Filho"}]},{"@type":"WebSite","@id":"https:\/\/agenciainfra.com\/blog\/#website","url":"https:\/\/agenciainfra.com\/blog\/","name":"Ag\u00eancia iNFRA","description":"Multiplataforma de informa\u00e7\u00e3o jornal\u00edstica refer\u00eancia na \u00e1rea de infraestrutura no Brasil!","publisher":{"@id":"https:\/\/agenciainfra.com\/blog\/#organization"},"potentialAction":[{"@type":"SearchAction","target":{"@type":"EntryPoint","urlTemplate":"https:\/\/agenciainfra.com\/blog\/?s={search_term_string}"},"query-input":{"@type":"PropertyValueSpecification","valueRequired":true,"valueName":"search_term_string"}}],"inLanguage":"pt-BR"},{"@type":"Organization","@id":"https:\/\/agenciainfra.com\/blog\/#organization","name":"Ag\u00eancia iNFRA","url":"https:\/\/agenciainfra.com\/blog\/","logo":{"@type":"ImageObject","inLanguage":"pt-BR","@id":"https:\/\/agenciainfra.com\/blog\/#\/schema\/logo\/image\/","url":"https:\/\/agenciainfra.com\/blog\/wp-content\/uploads\/2023\/09\/iNFRA_5-e1761735885940.png","contentUrl":"https:\/\/agenciainfra.com\/blog\/wp-content\/uploads\/2023\/09\/iNFRA_5-e1761735885940.png","width":1672,"height":454,"caption":"Ag\u00eancia iNFRA"},"image":{"@id":"https:\/\/agenciainfra.com\/blog\/#\/schema\/logo\/image\/"},"sameAs":["https:\/\/www.facebook.com\/ageninfra","https:\/\/x.com\/agencia_infra","https:\/\/www.linkedin.com\/company\/ag\u00eanciainfra\/","https:\/\/www.instagram.com\/agenciainfra\/"]},{"@type":"Person","@id":"https:\/\/agenciainfra.com\/blog\/#\/schema\/person\/34af08dff6adea4cb22b06612ba7acfa","name":"Ag\u00eancia iNFRA","image":{"@type":"ImageObject","inLanguage":"pt-BR","@id":"https:\/\/agenciainfra.com\/blog\/#\/schema\/person\/image\/","url":"https:\/\/secure.gravatar.com\/avatar\/d189e01678f06d8eb84d4e01f08eb848b3fffe3f8443818d3c356c66892f5be8?s=96&d=mm&r=g","contentUrl":"https:\/\/secure.gravatar.com\/avatar\/d189e01678f06d8eb84d4e01f08eb848b3fffe3f8443818d3c356c66892f5be8?s=96&d=mm&r=g","caption":"Ag\u00eancia iNFRA"},"url":"https:\/\/agenciainfra.com\/blog\/author\/admin\/"}]}},"_links":{"self":[{"href":"https:\/\/agenciainfra.com\/blog\/wp-json\/wp\/v2\/posts\/20525","targetHints":{"allow":["GET"]}}],"collection":[{"href":"https:\/\/agenciainfra.com\/blog\/wp-json\/wp\/v2\/posts"}],"about":[{"href":"https:\/\/agenciainfra.com\/blog\/wp-json\/wp\/v2\/types\/post"}],"author":[{"embeddable":true,"href":"https:\/\/agenciainfra.com\/blog\/wp-json\/wp\/v2\/users\/1"}],"replies":[{"embeddable":true,"href":"https:\/\/agenciainfra.com\/blog\/wp-json\/wp\/v2\/comments?post=20525"}],"version-history":[{"count":1,"href":"https:\/\/agenciainfra.com\/blog\/wp-json\/wp\/v2\/posts\/20525\/revisions"}],"predecessor-version":[{"id":20526,"href":"https:\/\/agenciainfra.com\/blog\/wp-json\/wp\/v2\/posts\/20525\/revisions\/20526"}],"wp:featuredmedia":[{"embeddable":true,"href":"https:\/\/agenciainfra.com\/blog\/wp-json\/wp\/v2\/media\/6250"}],"wp:attachment":[{"href":"https:\/\/agenciainfra.com\/blog\/wp-json\/wp\/v2\/media?parent=20525"}],"wp:term":[{"taxonomy":"category","embeddable":true,"href":"https:\/\/agenciainfra.com\/blog\/wp-json\/wp\/v2\/categories?post=20525"},{"taxonomy":"post_tag","embeddable":true,"href":"https:\/\/agenciainfra.com\/blog\/wp-json\/wp\/v2\/tags?post=20525"}],"curies":[{"name":"wp","href":"https:\/\/api.w.org\/{rel}","templated":true}]}}