{"id":20532,"date":"2025-03-14T08:00:00","date_gmt":"2025-03-14T11:00:00","guid":{"rendered":"https:\/\/agenciainfra.com\/blog\/?p=20532"},"modified":"2025-03-16T14:10:24","modified_gmt":"2025-03-16T17:10:24","slug":"tcu-libera-processo-competitivo-da-br-101-es-sem-mudancas-relevantes-no-acordo-consensual","status":"publish","type":"post","link":"https:\/\/agenciainfra.com\/blog\/tcu-libera-processo-competitivo-da-br-101-es-sem-mudancas-relevantes-no-acordo-consensual\/","title":{"rendered":"TCU libera processo competitivo da BR-101\/ES sem mudan\u00e7as relevantes no acordo consensual"},"content":{"rendered":"\n<p class=\"has-text-align-right\"><strong>Sheyla Santos, da Ag\u00eancia iNFRA<\/strong><\/p>\n\n\n\n<p>O TCU (Tribunal de Contas da Uni\u00e3o) viabilizou, na \u00faltima quarta-feira (12), a realiza\u00e7\u00e3o do processo competitivo da BR-101\/ES, operada pela concession\u00e1ria Ecovias 101, do Grupo EcoRodovias, cuja repactua\u00e7\u00e3o de contrato foi negociada na SecexConsenso (Secretaria de Controle Externo de Solu\u00e7\u00e3o Consensual e Preven\u00e7\u00e3o de Conflitos) do tribunal.\u00a0Leia\u00a0<a href=\"https:\/\/agenciainfra.us14.list-manage.com\/track\/click?u=d460dd1bcf9ba0ae040e1fc0f&amp;id=721c78895a&amp;e=55b7a27fc9\" target=\"_blank\" rel=\"noreferrer noopener\">aqui<\/a>\u00a0a decis\u00e3o.<br><br>O relator considerou que os documentos encaminhados como justificativas pela ANTT (Ag\u00eancia Nacional de Transportes Terrestres), pelo Minist\u00e9rio dos Transportes e pela EcoRodovias atenderam \u00e0s questionamentos\u00a0feitos\u00a0pela corte em setembro do ano passado, quando a proposta de acordo negociada entre as partes foi analisada no plen\u00e1rio do tribunal.<br><br>Com isso, os ministros\u00a0autorizaram a assinatura do chamado &#8220;termo de autocomposi\u00e7\u00e3o&#8221;, o que, na pr\u00e1tica, libera a realiza\u00e7\u00e3o do processo competitivo da rodovia, previsto para escolher um novo concession\u00e1rio para o contrato repactuado ou para manter a atual concession\u00e1ria. \u00c9 o segundo processo de acordo liberado para disputa.\u00a0<br><br>O presidente do TCU, ministro Vital do R\u00eago, parabenizou o ministro Walton Alencar pela relatoria, reiterou que as condicionantes &#8220;foram todas cumpridas\u201d e disse que o processo representa um &#8220;novo passo para aprimorar e aperfei\u00e7oar\u201d o trabalho da corte nas solu\u00e7\u00f5es consensuais.<br><br>Em um movimento de discord\u00e2ncia ao MPTCU (Minist\u00e9rio P\u00fablico junto ao Tribunal de Contas da Uni\u00e3o), o relator\u00a0Alencar Rodrigues\u00a0levou o processo diretamente para vota\u00e7\u00e3o em sess\u00e3o plen\u00e1ria, sem antes passar pela \u00e1rea t\u00e9cnica da AudRodoviaAvia\u00e7\u00e3o, para avaliar se os questionamentos aprovados pelo plen\u00e1rio da\u00a0corte tinham sido atendidos.<br><br>No entendimento do MPTCU, antes da aprecia\u00e7\u00e3o no plen\u00e1rio, o processo deveria ter sido enviado \u00e0 \u00e1rea t\u00e9cnica para manifesta\u00e7\u00e3o quanto ao atendimento da condicionante relativa aos custos associados \u00e0s interven\u00e7\u00f5es (capex) e aos servi\u00e7os (opex). Os principais pedidos feitos no ac\u00f3rd\u00e3o de setembro podem ser vistos\u00a0<a href=\"https:\/\/agenciainfra.us14.list-manage.com\/track\/click?u=d460dd1bcf9ba0ae040e1fc0f&amp;id=89ecb1da3e&amp;e=55b7a27fc9\" target=\"_blank\" rel=\"noreferrer noopener\">nesta reportagem<\/a>.<br><br>O governo e a empresa optaram por apresentar justificativa para a maioria deles porque eles tratavam de quest\u00f5es econ\u00f4micas do acordo. Se o TCU n\u00e3o aceitasse as justificativas, seria necess\u00e1rio praticamente reiniciar a negocia\u00e7\u00e3o, o que poderia at\u00e9 mesmo inviabilizar o acordo pactuado, segundo informaram fontes que estavam a par das negocia\u00e7\u00f5es.<br><br>Mas algumas mudan\u00e7as foram implementadas. Em dezembro, a ANTT realizou uma consulta p\u00fablica sobre o tema, feita por determina\u00e7\u00e3o do tribunal, e nela\u00a0apresentou\u00a0<a href=\"https:\/\/agenciainfra.us14.list-manage.com\/track\/click?u=d460dd1bcf9ba0ae040e1fc0f&amp;id=036712f4ae&amp;e=55b7a27fc9\" target=\"_blank\" rel=\"noreferrer noopener\">regras<\/a>\u00a0para a sa\u00edda da concession\u00e1ria da BR-101\/ES, em caso de atraso al\u00e9m do permitido no cumprimento de obriga\u00e7\u00f5es previstas ap\u00f3s a repactua\u00e7\u00e3o do contrato.<br><br>H\u00e1 uma cl\u00e1usula espec\u00edfica que prev\u00ea a sa\u00edda da empresa em at\u00e9 120 dias em caso de n\u00e3o cumprimento de 80% das obriga\u00e7\u00f5es previstas na repactua\u00e7\u00e3o por dois trimestres seguidos. As medi\u00e7\u00f5es devem ser realizadas a cada tr\u00eas meses por um verificador independente contratado pela Infra S.A., seguindo as\u00a0regras previstas para o novo contrato.<br><br>Outra mudan\u00e7a implementada foi a de\u00a0ampliar de 70 dias para pouco mais de 100 dias o prazo entre o edital e o leil\u00e3o, para ampliar a possibilidade de disputa, o que j\u00e1 foi feito\u00a0na concess\u00e3o da MSVia, que est\u00e1 com o processo competitivo marcado para maio. A decis\u00e3o de ontem tamb\u00e9m pode ajudar a destravar outro processo competitivo, o da Arteris Fluminense (BR-101\/RJ), que tamb\u00e9m foi aprovado com ressalvas pelo plen\u00e1rio do tribunal\u00a0em 2024.<br><br><strong>Setor portu\u00e1rio<\/strong><br>O processo sobre poss\u00edveis irregularidades em contrato de PPP (Parceria P\u00fablico-Privada) para constru\u00e7\u00e3o e opera\u00e7\u00e3o do t\u00fanel imerso entre as margens do porto de Santos (SP) e em contrato transit\u00f3rio para explora\u00e7\u00e3o de \u00e1rea na regi\u00e3o do Sabo\u00f3, relatado pelo ministro Bruno Dantas, foi retirado de pauta.<br><br>A corte aprovou o pedido de vista por 30 dias do ministro Jhonatan de Jesus sobre processo relatado pelo ministro Aroldo Cedraz que trata da tomada de contas final da concess\u00e3o do Porto de Imbituba (SC).<\/p>\n","protected":false},"excerpt":{"rendered":"<p>Sheyla Santos, da Ag\u00eancia iNFRA O TCU (Tribunal de Contas da Uni\u00e3o) viabilizou, na \u00faltima quarta-feira (12), a realiza\u00e7\u00e3o do processo competitivo da BR-101\/ES, operada pela concession\u00e1ria Ecovias 101, do Grupo EcoRodovias, cuja repactua\u00e7\u00e3o de contrato foi negociada na SecexConsenso (Secretaria de Controle Externo de Solu\u00e7\u00e3o Consensual e Preven\u00e7\u00e3o de Conflitos) do tribunal.\u00a0Leia\u00a0aqui\u00a0a decis\u00e3o. O [&hellip;]<\/p>\n","protected":false},"author":1,"featured_media":11222,"comment_status":"closed","ping_status":"closed","sticky":false,"template":"","format":"standard","meta":{"_monsterinsights_skip_tracking":false,"_monsterinsights_sitenote_active":false,"_monsterinsights_sitenote_note":"","_monsterinsights_sitenote_category":0,"footnotes":""},"categories":[7250,1,7],"tags":[19,6266,11684,1340,12800,8010,7218,8838,18,70],"class_list":["post-20532","post","type-post","status-publish","format-standard","has-post-thumbnail","hentry","category-destaque-lista","category-geral","category-infratransporte","tag-antt","tag-br-101-es","tag-contrato-de-rodovia","tag-ecorodovias","tag-processo-competitivo-da-br-101-es","tag-repactuacao-de-contratos","tag-secexconsenso","tag-sheyla-santos","tag-tcu","tag-transportes"],"yoast_head":"<!-- This site is optimized with the Yoast SEO Premium plugin v25.4 (Yoast SEO v26.0) - https:\/\/yoast.com\/wordpress\/plugins\/seo\/ -->\n<title>TCU libera processo competitivo da BR-101\/ES sem mudan\u00e7as relevantes no acordo consensual - Ag\u00eancia iNFRA<\/title>\n<meta name=\"robots\" content=\"index, follow, max-snippet:-1, max-image-preview:large, max-video-preview:-1\" \/>\n<link rel=\"canonical\" href=\"https:\/\/agenciainfra.com\/blog\/tcu-libera-processo-competitivo-da-br-101-es-sem-mudancas-relevantes-no-acordo-consensual\/\" \/>\n<meta property=\"og:locale\" content=\"pt_BR\" \/>\n<meta property=\"og:type\" content=\"article\" \/>\n<meta property=\"og:title\" content=\"TCU libera processo competitivo da BR-101\/ES sem mudan\u00e7as relevantes no acordo consensual\" \/>\n<meta property=\"og:description\" content=\"Sheyla Santos, da Ag\u00eancia iNFRA O TCU (Tribunal de Contas da Uni\u00e3o) viabilizou, na \u00faltima quarta-feira (12), a realiza\u00e7\u00e3o do processo competitivo da BR-101\/ES, operada pela concession\u00e1ria Ecovias 101, do Grupo EcoRodovias, cuja repactua\u00e7\u00e3o de contrato foi negociada na SecexConsenso (Secretaria de Controle Externo de Solu\u00e7\u00e3o Consensual e Preven\u00e7\u00e3o de Conflitos) do tribunal.\u00a0Leia\u00a0aqui\u00a0a decis\u00e3o. O [&hellip;]\" \/>\n<meta property=\"og:url\" content=\"https:\/\/agenciainfra.com\/blog\/tcu-libera-processo-competitivo-da-br-101-es-sem-mudancas-relevantes-no-acordo-consensual\/\" \/>\n<meta property=\"og:site_name\" content=\"Ag\u00eancia iNFRA\" \/>\n<meta property=\"article:publisher\" content=\"https:\/\/www.facebook.com\/ageninfra\" \/>\n<meta property=\"article:published_time\" content=\"2025-03-14T11:00:00+00:00\" \/>\n<meta property=\"article:modified_time\" content=\"2025-03-16T17:10:24+00:00\" \/>\n<meta property=\"og:image\" content=\"https:\/\/agenciainfra.com\/blog\/wp-content\/uploads\/2022\/09\/br-101-foto-ministerio-da-economia.png\" \/>\n\t<meta property=\"og:image:width\" content=\"1280\" \/>\n\t<meta property=\"og:image:height\" content=\"720\" \/>\n\t<meta property=\"og:image:type\" content=\"image\/png\" \/>\n<meta name=\"author\" content=\"Ag\u00eancia iNFRA\" \/>\n<meta name=\"twitter:card\" content=\"summary_large_image\" \/>\n<meta name=\"twitter:creator\" content=\"@agencia_infra\" \/>\n<meta name=\"twitter:site\" content=\"@agencia_infra\" \/>\n<meta name=\"twitter:label1\" content=\"Escrito por\" \/>\n\t<meta name=\"twitter:data1\" content=\"Ag\u00eancia iNFRA\" \/>\n\t<meta name=\"twitter:label2\" content=\"Est. tempo de leitura\" \/>\n\t<meta name=\"twitter:data2\" content=\"3 minutos\" \/>\n<script type=\"application\/ld+json\" class=\"yoast-schema-graph\">{\"@context\":\"https:\/\/schema.org\",\"@graph\":[{\"@type\":\"Article\",\"@id\":\"https:\/\/agenciainfra.com\/blog\/tcu-libera-processo-competitivo-da-br-101-es-sem-mudancas-relevantes-no-acordo-consensual\/#article\",\"isPartOf\":{\"@id\":\"https:\/\/agenciainfra.com\/blog\/tcu-libera-processo-competitivo-da-br-101-es-sem-mudancas-relevantes-no-acordo-consensual\/\"},\"author\":{\"name\":\"Ag\u00eancia iNFRA\",\"@id\":\"https:\/\/agenciainfra.com\/blog\/#\/schema\/person\/34af08dff6adea4cb22b06612ba7acfa\"},\"headline\":\"TCU libera processo competitivo da BR-101\/ES sem mudan\u00e7as relevantes no acordo consensual\",\"datePublished\":\"2025-03-14T11:00:00+00:00\",\"dateModified\":\"2025-03-16T17:10:24+00:00\",\"mainEntityOfPage\":{\"@id\":\"https:\/\/agenciainfra.com\/blog\/tcu-libera-processo-competitivo-da-br-101-es-sem-mudancas-relevantes-no-acordo-consensual\/\"},\"wordCount\":699,\"publisher\":{\"@id\":\"https:\/\/agenciainfra.com\/blog\/#organization\"},\"image\":{\"@id\":\"https:\/\/agenciainfra.com\/blog\/tcu-libera-processo-competitivo-da-br-101-es-sem-mudancas-relevantes-no-acordo-consensual\/#primaryimage\"},\"thumbnailUrl\":\"https:\/\/agenciainfra.com\/blog\/wp-content\/uploads\/2022\/09\/br-101-foto-ministerio-da-economia.png\",\"keywords\":[\"ANTT\",\"BR-101\/ES\",\"contrato de rodovia\",\"EcoRodovias\",\"processo competitivo da br-101\/es\",\"repactua\u00e7\u00e3o de contratos\",\"SecexConsenso\",\"Sheyla Santos\",\"TCU\",\"transportes\"],\"articleSection\":[\"Destaque lista\",\"Geral\",\"iNFRATransporte\"],\"inLanguage\":\"pt-BR\",\"copyrightYear\":\"2025\",\"copyrightHolder\":{\"@id\":\"https:\/\/agenciainfra.com\/blog\/#organization\"}},{\"@type\":\"WebPage\",\"@id\":\"https:\/\/agenciainfra.com\/blog\/tcu-libera-processo-competitivo-da-br-101-es-sem-mudancas-relevantes-no-acordo-consensual\/\",\"url\":\"https:\/\/agenciainfra.com\/blog\/tcu-libera-processo-competitivo-da-br-101-es-sem-mudancas-relevantes-no-acordo-consensual\/\",\"name\":\"TCU libera processo competitivo da BR-101\/ES sem mudan\u00e7as relevantes no acordo consensual - Ag\u00eancia iNFRA\",\"isPartOf\":{\"@id\":\"https:\/\/agenciainfra.com\/blog\/#website\"},\"primaryImageOfPage\":{\"@id\":\"https:\/\/agenciainfra.com\/blog\/tcu-libera-processo-competitivo-da-br-101-es-sem-mudancas-relevantes-no-acordo-consensual\/#primaryimage\"},\"image\":{\"@id\":\"https:\/\/agenciainfra.com\/blog\/tcu-libera-processo-competitivo-da-br-101-es-sem-mudancas-relevantes-no-acordo-consensual\/#primaryimage\"},\"thumbnailUrl\":\"https:\/\/agenciainfra.com\/blog\/wp-content\/uploads\/2022\/09\/br-101-foto-ministerio-da-economia.png\",\"datePublished\":\"2025-03-14T11:00:00+00:00\",\"dateModified\":\"2025-03-16T17:10:24+00:00\",\"breadcrumb\":{\"@id\":\"https:\/\/agenciainfra.com\/blog\/tcu-libera-processo-competitivo-da-br-101-es-sem-mudancas-relevantes-no-acordo-consensual\/#breadcrumb\"},\"inLanguage\":\"pt-BR\",\"potentialAction\":[{\"@type\":\"ReadAction\",\"target\":[\"https:\/\/agenciainfra.com\/blog\/tcu-libera-processo-competitivo-da-br-101-es-sem-mudancas-relevantes-no-acordo-consensual\/\"]}]},{\"@type\":\"ImageObject\",\"inLanguage\":\"pt-BR\",\"@id\":\"https:\/\/agenciainfra.com\/blog\/tcu-libera-processo-competitivo-da-br-101-es-sem-mudancas-relevantes-no-acordo-consensual\/#primaryimage\",\"url\":\"https:\/\/agenciainfra.com\/blog\/wp-content\/uploads\/2022\/09\/br-101-foto-ministerio-da-economia.png\",\"contentUrl\":\"https:\/\/agenciainfra.com\/blog\/wp-content\/uploads\/2022\/09\/br-101-foto-ministerio-da-economia.png\",\"width\":1280,\"height\":720},{\"@type\":\"BreadcrumbList\",\"@id\":\"https:\/\/agenciainfra.com\/blog\/tcu-libera-processo-competitivo-da-br-101-es-sem-mudancas-relevantes-no-acordo-consensual\/#breadcrumb\",\"itemListElement\":[{\"@type\":\"ListItem\",\"position\":1,\"name\":\"In\u00edcio\",\"item\":\"https:\/\/agenciainfra.com\/blog\/\"},{\"@type\":\"ListItem\",\"position\":2,\"name\":\"TCU libera processo competitivo da BR-101\/ES sem mudan\u00e7as relevantes no acordo consensual\"}]},{\"@type\":\"WebSite\",\"@id\":\"https:\/\/agenciainfra.com\/blog\/#website\",\"url\":\"https:\/\/agenciainfra.com\/blog\/\",\"name\":\"Ag\u00eancia iNFRA\",\"description\":\"Multiplataforma de informa\u00e7\u00e3o jornal\u00edstica refer\u00eancia na \u00e1rea de infraestrutura no Brasil!\",\"publisher\":{\"@id\":\"https:\/\/agenciainfra.com\/blog\/#organization\"},\"potentialAction\":[{\"@type\":\"SearchAction\",\"target\":{\"@type\":\"EntryPoint\",\"urlTemplate\":\"https:\/\/agenciainfra.com\/blog\/?s={search_term_string}\"},\"query-input\":{\"@type\":\"PropertyValueSpecification\",\"valueRequired\":true,\"valueName\":\"search_term_string\"}}],\"inLanguage\":\"pt-BR\"},{\"@type\":\"Organization\",\"@id\":\"https:\/\/agenciainfra.com\/blog\/#organization\",\"name\":\"Ag\u00eancia iNFRA\",\"url\":\"https:\/\/agenciainfra.com\/blog\/\",\"logo\":{\"@type\":\"ImageObject\",\"inLanguage\":\"pt-BR\",\"@id\":\"https:\/\/agenciainfra.com\/blog\/#\/schema\/logo\/image\/\",\"url\":\"https:\/\/agenciainfra.com\/blog\/wp-content\/uploads\/2023\/09\/iNFRA_5-e1761735885940.png\",\"contentUrl\":\"https:\/\/agenciainfra.com\/blog\/wp-content\/uploads\/2023\/09\/iNFRA_5-e1761735885940.png\",\"width\":1672,\"height\":454,\"caption\":\"Ag\u00eancia iNFRA\"},\"image\":{\"@id\":\"https:\/\/agenciainfra.com\/blog\/#\/schema\/logo\/image\/\"},\"sameAs\":[\"https:\/\/www.facebook.com\/ageninfra\",\"https:\/\/x.com\/agencia_infra\",\"https:\/\/www.linkedin.com\/company\/ag\u00eanciainfra\/\",\"https:\/\/www.instagram.com\/agenciainfra\/\"]},{\"@type\":\"Person\",\"@id\":\"https:\/\/agenciainfra.com\/blog\/#\/schema\/person\/34af08dff6adea4cb22b06612ba7acfa\",\"name\":\"Ag\u00eancia iNFRA\",\"image\":{\"@type\":\"ImageObject\",\"inLanguage\":\"pt-BR\",\"@id\":\"https:\/\/agenciainfra.com\/blog\/#\/schema\/person\/image\/\",\"url\":\"https:\/\/secure.gravatar.com\/avatar\/d189e01678f06d8eb84d4e01f08eb848b3fffe3f8443818d3c356c66892f5be8?s=96&d=mm&r=g\",\"contentUrl\":\"https:\/\/secure.gravatar.com\/avatar\/d189e01678f06d8eb84d4e01f08eb848b3fffe3f8443818d3c356c66892f5be8?s=96&d=mm&r=g\",\"caption\":\"Ag\u00eancia iNFRA\"},\"url\":\"https:\/\/agenciainfra.com\/blog\/author\/admin\/\"}]}<\/script>\n<!-- \/ Yoast SEO Premium plugin. -->","yoast_head_json":{"title":"TCU libera processo competitivo da BR-101\/ES sem mudan\u00e7as relevantes no acordo consensual - Ag\u00eancia iNFRA","robots":{"index":"index","follow":"follow","max-snippet":"max-snippet:-1","max-image-preview":"max-image-preview:large","max-video-preview":"max-video-preview:-1"},"canonical":"https:\/\/agenciainfra.com\/blog\/tcu-libera-processo-competitivo-da-br-101-es-sem-mudancas-relevantes-no-acordo-consensual\/","og_locale":"pt_BR","og_type":"article","og_title":"TCU libera processo competitivo da BR-101\/ES sem mudan\u00e7as relevantes no acordo consensual","og_description":"Sheyla Santos, da Ag\u00eancia iNFRA O TCU (Tribunal de Contas da Uni\u00e3o) viabilizou, na \u00faltima quarta-feira (12), a realiza\u00e7\u00e3o do processo competitivo da BR-101\/ES, operada pela concession\u00e1ria Ecovias 101, do Grupo EcoRodovias, cuja repactua\u00e7\u00e3o de contrato foi negociada na SecexConsenso (Secretaria de Controle Externo de Solu\u00e7\u00e3o Consensual e Preven\u00e7\u00e3o de Conflitos) do tribunal.\u00a0Leia\u00a0aqui\u00a0a decis\u00e3o. O [&hellip;]","og_url":"https:\/\/agenciainfra.com\/blog\/tcu-libera-processo-competitivo-da-br-101-es-sem-mudancas-relevantes-no-acordo-consensual\/","og_site_name":"Ag\u00eancia iNFRA","article_publisher":"https:\/\/www.facebook.com\/ageninfra","article_published_time":"2025-03-14T11:00:00+00:00","article_modified_time":"2025-03-16T17:10:24+00:00","og_image":[{"width":1280,"height":720,"url":"https:\/\/agenciainfra.com\/blog\/wp-content\/uploads\/2022\/09\/br-101-foto-ministerio-da-economia.png","type":"image\/png"}],"author":"Ag\u00eancia iNFRA","twitter_card":"summary_large_image","twitter_creator":"@agencia_infra","twitter_site":"@agencia_infra","twitter_misc":{"Escrito por":"Ag\u00eancia iNFRA","Est. tempo de leitura":"3 minutos"},"schema":{"@context":"https:\/\/schema.org","@graph":[{"@type":"Article","@id":"https:\/\/agenciainfra.com\/blog\/tcu-libera-processo-competitivo-da-br-101-es-sem-mudancas-relevantes-no-acordo-consensual\/#article","isPartOf":{"@id":"https:\/\/agenciainfra.com\/blog\/tcu-libera-processo-competitivo-da-br-101-es-sem-mudancas-relevantes-no-acordo-consensual\/"},"author":{"name":"Ag\u00eancia iNFRA","@id":"https:\/\/agenciainfra.com\/blog\/#\/schema\/person\/34af08dff6adea4cb22b06612ba7acfa"},"headline":"TCU libera processo competitivo da BR-101\/ES sem mudan\u00e7as relevantes no acordo consensual","datePublished":"2025-03-14T11:00:00+00:00","dateModified":"2025-03-16T17:10:24+00:00","mainEntityOfPage":{"@id":"https:\/\/agenciainfra.com\/blog\/tcu-libera-processo-competitivo-da-br-101-es-sem-mudancas-relevantes-no-acordo-consensual\/"},"wordCount":699,"publisher":{"@id":"https:\/\/agenciainfra.com\/blog\/#organization"},"image":{"@id":"https:\/\/agenciainfra.com\/blog\/tcu-libera-processo-competitivo-da-br-101-es-sem-mudancas-relevantes-no-acordo-consensual\/#primaryimage"},"thumbnailUrl":"https:\/\/agenciainfra.com\/blog\/wp-content\/uploads\/2022\/09\/br-101-foto-ministerio-da-economia.png","keywords":["ANTT","BR-101\/ES","contrato de rodovia","EcoRodovias","processo competitivo da br-101\/es","repactua\u00e7\u00e3o de contratos","SecexConsenso","Sheyla Santos","TCU","transportes"],"articleSection":["Destaque lista","Geral","iNFRATransporte"],"inLanguage":"pt-BR","copyrightYear":"2025","copyrightHolder":{"@id":"https:\/\/agenciainfra.com\/blog\/#organization"}},{"@type":"WebPage","@id":"https:\/\/agenciainfra.com\/blog\/tcu-libera-processo-competitivo-da-br-101-es-sem-mudancas-relevantes-no-acordo-consensual\/","url":"https:\/\/agenciainfra.com\/blog\/tcu-libera-processo-competitivo-da-br-101-es-sem-mudancas-relevantes-no-acordo-consensual\/","name":"TCU libera processo competitivo da BR-101\/ES sem mudan\u00e7as relevantes no acordo consensual - Ag\u00eancia iNFRA","isPartOf":{"@id":"https:\/\/agenciainfra.com\/blog\/#website"},"primaryImageOfPage":{"@id":"https:\/\/agenciainfra.com\/blog\/tcu-libera-processo-competitivo-da-br-101-es-sem-mudancas-relevantes-no-acordo-consensual\/#primaryimage"},"image":{"@id":"https:\/\/agenciainfra.com\/blog\/tcu-libera-processo-competitivo-da-br-101-es-sem-mudancas-relevantes-no-acordo-consensual\/#primaryimage"},"thumbnailUrl":"https:\/\/agenciainfra.com\/blog\/wp-content\/uploads\/2022\/09\/br-101-foto-ministerio-da-economia.png","datePublished":"2025-03-14T11:00:00+00:00","dateModified":"2025-03-16T17:10:24+00:00","breadcrumb":{"@id":"https:\/\/agenciainfra.com\/blog\/tcu-libera-processo-competitivo-da-br-101-es-sem-mudancas-relevantes-no-acordo-consensual\/#breadcrumb"},"inLanguage":"pt-BR","potentialAction":[{"@type":"ReadAction","target":["https:\/\/agenciainfra.com\/blog\/tcu-libera-processo-competitivo-da-br-101-es-sem-mudancas-relevantes-no-acordo-consensual\/"]}]},{"@type":"ImageObject","inLanguage":"pt-BR","@id":"https:\/\/agenciainfra.com\/blog\/tcu-libera-processo-competitivo-da-br-101-es-sem-mudancas-relevantes-no-acordo-consensual\/#primaryimage","url":"https:\/\/agenciainfra.com\/blog\/wp-content\/uploads\/2022\/09\/br-101-foto-ministerio-da-economia.png","contentUrl":"https:\/\/agenciainfra.com\/blog\/wp-content\/uploads\/2022\/09\/br-101-foto-ministerio-da-economia.png","width":1280,"height":720},{"@type":"BreadcrumbList","@id":"https:\/\/agenciainfra.com\/blog\/tcu-libera-processo-competitivo-da-br-101-es-sem-mudancas-relevantes-no-acordo-consensual\/#breadcrumb","itemListElement":[{"@type":"ListItem","position":1,"name":"In\u00edcio","item":"https:\/\/agenciainfra.com\/blog\/"},{"@type":"ListItem","position":2,"name":"TCU libera processo competitivo da BR-101\/ES sem mudan\u00e7as relevantes no acordo consensual"}]},{"@type":"WebSite","@id":"https:\/\/agenciainfra.com\/blog\/#website","url":"https:\/\/agenciainfra.com\/blog\/","name":"Ag\u00eancia iNFRA","description":"Multiplataforma de informa\u00e7\u00e3o jornal\u00edstica refer\u00eancia na \u00e1rea de infraestrutura no Brasil!","publisher":{"@id":"https:\/\/agenciainfra.com\/blog\/#organization"},"potentialAction":[{"@type":"SearchAction","target":{"@type":"EntryPoint","urlTemplate":"https:\/\/agenciainfra.com\/blog\/?s={search_term_string}"},"query-input":{"@type":"PropertyValueSpecification","valueRequired":true,"valueName":"search_term_string"}}],"inLanguage":"pt-BR"},{"@type":"Organization","@id":"https:\/\/agenciainfra.com\/blog\/#organization","name":"Ag\u00eancia iNFRA","url":"https:\/\/agenciainfra.com\/blog\/","logo":{"@type":"ImageObject","inLanguage":"pt-BR","@id":"https:\/\/agenciainfra.com\/blog\/#\/schema\/logo\/image\/","url":"https:\/\/agenciainfra.com\/blog\/wp-content\/uploads\/2023\/09\/iNFRA_5-e1761735885940.png","contentUrl":"https:\/\/agenciainfra.com\/blog\/wp-content\/uploads\/2023\/09\/iNFRA_5-e1761735885940.png","width":1672,"height":454,"caption":"Ag\u00eancia iNFRA"},"image":{"@id":"https:\/\/agenciainfra.com\/blog\/#\/schema\/logo\/image\/"},"sameAs":["https:\/\/www.facebook.com\/ageninfra","https:\/\/x.com\/agencia_infra","https:\/\/www.linkedin.com\/company\/ag\u00eanciainfra\/","https:\/\/www.instagram.com\/agenciainfra\/"]},{"@type":"Person","@id":"https:\/\/agenciainfra.com\/blog\/#\/schema\/person\/34af08dff6adea4cb22b06612ba7acfa","name":"Ag\u00eancia iNFRA","image":{"@type":"ImageObject","inLanguage":"pt-BR","@id":"https:\/\/agenciainfra.com\/blog\/#\/schema\/person\/image\/","url":"https:\/\/secure.gravatar.com\/avatar\/d189e01678f06d8eb84d4e01f08eb848b3fffe3f8443818d3c356c66892f5be8?s=96&d=mm&r=g","contentUrl":"https:\/\/secure.gravatar.com\/avatar\/d189e01678f06d8eb84d4e01f08eb848b3fffe3f8443818d3c356c66892f5be8?s=96&d=mm&r=g","caption":"Ag\u00eancia iNFRA"},"url":"https:\/\/agenciainfra.com\/blog\/author\/admin\/"}]}},"_links":{"self":[{"href":"https:\/\/agenciainfra.com\/blog\/wp-json\/wp\/v2\/posts\/20532","targetHints":{"allow":["GET"]}}],"collection":[{"href":"https:\/\/agenciainfra.com\/blog\/wp-json\/wp\/v2\/posts"}],"about":[{"href":"https:\/\/agenciainfra.com\/blog\/wp-json\/wp\/v2\/types\/post"}],"author":[{"embeddable":true,"href":"https:\/\/agenciainfra.com\/blog\/wp-json\/wp\/v2\/users\/1"}],"replies":[{"embeddable":true,"href":"https:\/\/agenciainfra.com\/blog\/wp-json\/wp\/v2\/comments?post=20532"}],"version-history":[{"count":1,"href":"https:\/\/agenciainfra.com\/blog\/wp-json\/wp\/v2\/posts\/20532\/revisions"}],"predecessor-version":[{"id":20533,"href":"https:\/\/agenciainfra.com\/blog\/wp-json\/wp\/v2\/posts\/20532\/revisions\/20533"}],"wp:featuredmedia":[{"embeddable":true,"href":"https:\/\/agenciainfra.com\/blog\/wp-json\/wp\/v2\/media\/11222"}],"wp:attachment":[{"href":"https:\/\/agenciainfra.com\/blog\/wp-json\/wp\/v2\/media?parent=20532"}],"wp:term":[{"taxonomy":"category","embeddable":true,"href":"https:\/\/agenciainfra.com\/blog\/wp-json\/wp\/v2\/categories?post=20532"},{"taxonomy":"post_tag","embeddable":true,"href":"https:\/\/agenciainfra.com\/blog\/wp-json\/wp\/v2\/tags?post=20532"}],"curies":[{"name":"wp","href":"https:\/\/api.w.org\/{rel}","templated":true}]}}