{"id":20538,"date":"2025-03-14T08:00:00","date_gmt":"2025-03-14T11:00:00","guid":{"rendered":"https:\/\/agenciainfra.com\/blog\/?p=20538"},"modified":"2025-03-14T06:11:15","modified_gmt":"2025-03-14T09:11:15","slug":"reajuste-tarifario-da-light-fica-de-fora-da-pauta-da-proxima-reuniao-da-aneel","status":"publish","type":"post","link":"https:\/\/agenciainfra.com\/blog\/reajuste-tarifario-da-light-fica-de-fora-da-pauta-da-proxima-reuniao-da-aneel\/","title":{"rendered":"Reajuste tarif\u00e1rio da Light fica de fora da pauta da pr\u00f3xima reuni\u00e3o da ANEEL"},"content":{"rendered":"\n<p class=\"has-text-align-right\"><strong>Geraldo Campos Jr. e Marisa Wanzeller, da Ag\u00eancia iNFRA<\/strong><\/p>\n\n\n\n<p>O RTA (Reajuste Tarif\u00e1rio Anual) da Light n\u00e3o entrou na <a href=\"https:\/\/www2.aneel.gov.br\/aplicacoes_liferay\/noticias_area\/dsp_detalheNoticia.cfm?idNoticia=14551&amp;idAreaNoticia=425\" target=\"_blank\" rel=\"noreferrer noopener\">pauta<\/a> da pr\u00f3xima reuni\u00e3o da ANEEL (Ag\u00eancia Nacional de Energia El\u00e9trica), marcada para a pr\u00f3xima ter\u00e7a-feira (18). O processo est\u00e1 <a href=\"https:\/\/agenciainfra.com\/blog\/diretoria-da-aneel-diverge-e-reajuste-tarifario-da-light-e-adiado\/\" target=\"_blank\" rel=\"noreferrer noopener\">sob vista<\/a> do diretor Ricardo Tili, que indicou necessidade de entender melhor os c\u00e1lculos sobre o diferimento solicitado pela empresa nas tarifas. \u201cAinda estou formando meu convencimento&#8221;, disse Tili \u00e0 <strong>Ag\u00eancia iNFRA<\/strong>.<\/p>\n\n\n\n<p>Na \u00faltima reuni\u00e3o da diretoria, na ter\u00e7a-feira (11), o relator original do processo, diretor Fernando Mosna, prop\u00f4s um diferimento integral de R$ 1,6 bilh\u00e3o, o que levaria a um reajuste m\u00e9dio de redu\u00e7\u00e3o de 0,6%. Na ocasi\u00e3o, a diretora substituta Ludimila Lima pediu vista de mesa.<\/p>\n\n\n\n<p>Ludimila apresentou voto-vista no mesmo dia para conceder um diferimento parcial de R$ 893,2 milh\u00f5es, metade do valor integral proposto pelo relator, o que resultaria em um efeito m\u00e9dio de redu\u00e7\u00e3o de 5,76% aos consumidores. Sem consenso, o diretor Ricardo Tili pediu vista do processo.&nbsp;<\/p>\n\n\n\n<p>A indica\u00e7\u00e3o da \u00e1rea t\u00e9cnica era de que houvesse uma redu\u00e7\u00e3o m\u00e9dia de 11,96% nas tarifas dos consumidores da concess\u00e3o. O maior impacto se deu pelo fim do contrato da empresa com a termel\u00e9trica Norte Fluminense.&nbsp;<\/p>\n\n\n\n<p><strong>O que est\u00e1 em jogo<\/strong><br>A distribuidora apresentou pleito para que as tarifas atuais sejam mantidas neste RTA, com o excedente a ser cobrado sendo computado no diferimento em 2026. A empresa argumenta que assim \u00e9 poss\u00edvel evitar volatilidade na tarifa, uma vez que h\u00e1 o indicativo pr\u00e9vio de um aumento da ordem de 9,9% para 2026.<\/p>\n\n\n\n<p>O pedido da Light foi baseado em um entendimento anterior da ANEEL, que concedeu diferimento no reajuste da Copel em junho de 2024 justamente para evitar alta volatilidade nas tarifas.<\/p>\n\n\n\n<p>As tarifas vigentes para a Light expiram neste s\u00e1bado, dia 15 de mar\u00e7o. Segundo t\u00e9cnicos da ag\u00eancia, sem delibera\u00e7\u00e3o do reajuste at\u00e9 l\u00e1, elas ser\u00e3o prorrogadas automaticamente, at\u00e9 que se chegue a um consenso.<\/p>\n","protected":false},"excerpt":{"rendered":"<p>Geraldo Campos Jr. e Marisa Wanzeller, da Ag\u00eancia iNFRA O RTA (Reajuste Tarif\u00e1rio Anual) da Light n\u00e3o entrou na pauta da pr\u00f3xima reuni\u00e3o da ANEEL (Ag\u00eancia Nacional de Energia El\u00e9trica), marcada para a pr\u00f3xima ter\u00e7a-feira (18). O processo est\u00e1 sob vista do diretor Ricardo Tili, que indicou necessidade de entender melhor os c\u00e1lculos sobre o [&hellip;]<\/p>\n","protected":false},"author":1,"featured_media":12780,"comment_status":"closed","ping_status":"closed","sticky":false,"template":"","format":"standard","meta":{"_monsterinsights_skip_tracking":false,"_monsterinsights_sitenote_active":false,"_monsterinsights_sitenote_note":"","_monsterinsights_sitenote_category":0,"footnotes":""},"categories":[7250,1,10],"tags":[53,11594,1867,7366,8864,11764,12749,1386],"class_list":["post-20538","post","type-post","status-publish","format-standard","has-post-thumbnail","hentry","category-destaque-lista","category-geral","category-infraenergia","tag-aneel","tag-geraldo-campos-jr","tag-light","tag-marisa-wanzeller","tag-reajuste-tarifario","tag-reuniao-da-aneel","tag-tarifas-da-light","tag-tarifas-de-energia"],"yoast_head":"<!-- This site is optimized with the Yoast SEO Premium plugin v25.4 (Yoast SEO v26.0) - https:\/\/yoast.com\/wordpress\/plugins\/seo\/ -->\n<title>Reajuste tarif\u00e1rio da Light fica de fora da pauta da pr\u00f3xima reuni\u00e3o da ANEEL - Ag\u00eancia iNFRA<\/title>\n<meta name=\"robots\" content=\"index, follow, max-snippet:-1, max-image-preview:large, max-video-preview:-1\" \/>\n<link rel=\"canonical\" href=\"https:\/\/agenciainfra.com\/blog\/reajuste-tarifario-da-light-fica-de-fora-da-pauta-da-proxima-reuniao-da-aneel\/\" \/>\n<meta property=\"og:locale\" content=\"pt_BR\" \/>\n<meta property=\"og:type\" content=\"article\" \/>\n<meta property=\"og:title\" content=\"Reajuste tarif\u00e1rio da Light fica de fora da pauta da pr\u00f3xima reuni\u00e3o da ANEEL\" \/>\n<meta property=\"og:description\" content=\"Geraldo Campos Jr. e Marisa Wanzeller, da Ag\u00eancia iNFRA O RTA (Reajuste Tarif\u00e1rio Anual) da Light n\u00e3o entrou na pauta da pr\u00f3xima reuni\u00e3o da ANEEL (Ag\u00eancia Nacional de Energia El\u00e9trica), marcada para a pr\u00f3xima ter\u00e7a-feira (18). O processo est\u00e1 sob vista do diretor Ricardo Tili, que indicou necessidade de entender melhor os c\u00e1lculos sobre o [&hellip;]\" \/>\n<meta property=\"og:url\" content=\"https:\/\/agenciainfra.com\/blog\/reajuste-tarifario-da-light-fica-de-fora-da-pauta-da-proxima-reuniao-da-aneel\/\" \/>\n<meta property=\"og:site_name\" content=\"Ag\u00eancia iNFRA\" \/>\n<meta property=\"article:publisher\" content=\"https:\/\/www.facebook.com\/ageninfra\" \/>\n<meta property=\"article:published_time\" content=\"2025-03-14T11:00:00+00:00\" \/>\n<meta property=\"og:image\" content=\"https:\/\/agenciainfra.com\/blog\/wp-content\/uploads\/2023\/06\/trabalhador-light-foto-facebook-da-light.jpg\" \/>\n\t<meta property=\"og:image:width\" content=\"1202\" \/>\n\t<meta property=\"og:image:height\" content=\"792\" \/>\n\t<meta property=\"og:image:type\" content=\"image\/jpeg\" \/>\n<meta name=\"author\" content=\"Ag\u00eancia iNFRA\" \/>\n<meta name=\"twitter:card\" content=\"summary_large_image\" \/>\n<meta name=\"twitter:creator\" content=\"@agencia_infra\" \/>\n<meta name=\"twitter:site\" content=\"@agencia_infra\" \/>\n<meta name=\"twitter:label1\" content=\"Escrito por\" \/>\n\t<meta name=\"twitter:data1\" content=\"Ag\u00eancia iNFRA\" \/>\n\t<meta name=\"twitter:label2\" content=\"Est. tempo de leitura\" \/>\n\t<meta name=\"twitter:data2\" content=\"2 minutos\" \/>\n<script type=\"application\/ld+json\" class=\"yoast-schema-graph\">{\"@context\":\"https:\/\/schema.org\",\"@graph\":[{\"@type\":\"Article\",\"@id\":\"https:\/\/agenciainfra.com\/blog\/reajuste-tarifario-da-light-fica-de-fora-da-pauta-da-proxima-reuniao-da-aneel\/#article\",\"isPartOf\":{\"@id\":\"https:\/\/agenciainfra.com\/blog\/reajuste-tarifario-da-light-fica-de-fora-da-pauta-da-proxima-reuniao-da-aneel\/\"},\"author\":{\"name\":\"Ag\u00eancia iNFRA\",\"@id\":\"https:\/\/agenciainfra.com\/blog\/#\/schema\/person\/34af08dff6adea4cb22b06612ba7acfa\"},\"headline\":\"Reajuste tarif\u00e1rio da Light fica de fora da pauta da pr\u00f3xima reuni\u00e3o da ANEEL\",\"datePublished\":\"2025-03-14T11:00:00+00:00\",\"mainEntityOfPage\":{\"@id\":\"https:\/\/agenciainfra.com\/blog\/reajuste-tarifario-da-light-fica-de-fora-da-pauta-da-proxima-reuniao-da-aneel\/\"},\"wordCount\":359,\"publisher\":{\"@id\":\"https:\/\/agenciainfra.com\/blog\/#organization\"},\"image\":{\"@id\":\"https:\/\/agenciainfra.com\/blog\/reajuste-tarifario-da-light-fica-de-fora-da-pauta-da-proxima-reuniao-da-aneel\/#primaryimage\"},\"thumbnailUrl\":\"https:\/\/agenciainfra.com\/blog\/wp-content\/uploads\/2023\/06\/trabalhador-light-foto-facebook-da-light.jpg\",\"keywords\":[\"ANEEL\",\"Geraldo Campos Jr.\",\"Light\",\"Marisa Wanzeller\",\"Reajuste tarif\u00e1rio\",\"reuni\u00e3o da aneel\",\"tarifas da light\",\"tarifas de energia\"],\"articleSection\":[\"Destaque lista\",\"Geral\",\"iNFRAEnergia\"],\"inLanguage\":\"pt-BR\",\"copyrightYear\":\"2025\",\"copyrightHolder\":{\"@id\":\"https:\/\/agenciainfra.com\/blog\/#organization\"}},{\"@type\":\"WebPage\",\"@id\":\"https:\/\/agenciainfra.com\/blog\/reajuste-tarifario-da-light-fica-de-fora-da-pauta-da-proxima-reuniao-da-aneel\/\",\"url\":\"https:\/\/agenciainfra.com\/blog\/reajuste-tarifario-da-light-fica-de-fora-da-pauta-da-proxima-reuniao-da-aneel\/\",\"name\":\"Reajuste tarif\u00e1rio da Light fica de fora da pauta da pr\u00f3xima reuni\u00e3o da ANEEL - Ag\u00eancia iNFRA\",\"isPartOf\":{\"@id\":\"https:\/\/agenciainfra.com\/blog\/#website\"},\"primaryImageOfPage\":{\"@id\":\"https:\/\/agenciainfra.com\/blog\/reajuste-tarifario-da-light-fica-de-fora-da-pauta-da-proxima-reuniao-da-aneel\/#primaryimage\"},\"image\":{\"@id\":\"https:\/\/agenciainfra.com\/blog\/reajuste-tarifario-da-light-fica-de-fora-da-pauta-da-proxima-reuniao-da-aneel\/#primaryimage\"},\"thumbnailUrl\":\"https:\/\/agenciainfra.com\/blog\/wp-content\/uploads\/2023\/06\/trabalhador-light-foto-facebook-da-light.jpg\",\"datePublished\":\"2025-03-14T11:00:00+00:00\",\"breadcrumb\":{\"@id\":\"https:\/\/agenciainfra.com\/blog\/reajuste-tarifario-da-light-fica-de-fora-da-pauta-da-proxima-reuniao-da-aneel\/#breadcrumb\"},\"inLanguage\":\"pt-BR\",\"potentialAction\":[{\"@type\":\"ReadAction\",\"target\":[\"https:\/\/agenciainfra.com\/blog\/reajuste-tarifario-da-light-fica-de-fora-da-pauta-da-proxima-reuniao-da-aneel\/\"]}]},{\"@type\":\"ImageObject\",\"inLanguage\":\"pt-BR\",\"@id\":\"https:\/\/agenciainfra.com\/blog\/reajuste-tarifario-da-light-fica-de-fora-da-pauta-da-proxima-reuniao-da-aneel\/#primaryimage\",\"url\":\"https:\/\/agenciainfra.com\/blog\/wp-content\/uploads\/2023\/06\/trabalhador-light-foto-facebook-da-light.jpg\",\"contentUrl\":\"https:\/\/agenciainfra.com\/blog\/wp-content\/uploads\/2023\/06\/trabalhador-light-foto-facebook-da-light.jpg\",\"width\":1202,\"height\":792,\"caption\":\"Foto: Light\"},{\"@type\":\"BreadcrumbList\",\"@id\":\"https:\/\/agenciainfra.com\/blog\/reajuste-tarifario-da-light-fica-de-fora-da-pauta-da-proxima-reuniao-da-aneel\/#breadcrumb\",\"itemListElement\":[{\"@type\":\"ListItem\",\"position\":1,\"name\":\"In\u00edcio\",\"item\":\"https:\/\/agenciainfra.com\/blog\/\"},{\"@type\":\"ListItem\",\"position\":2,\"name\":\"Reajuste tarif\u00e1rio da Light fica de fora da pauta da pr\u00f3xima reuni\u00e3o da ANEEL\"}]},{\"@type\":\"WebSite\",\"@id\":\"https:\/\/agenciainfra.com\/blog\/#website\",\"url\":\"https:\/\/agenciainfra.com\/blog\/\",\"name\":\"Ag\u00eancia iNFRA\",\"description\":\"Multiplataforma de informa\u00e7\u00e3o jornal\u00edstica refer\u00eancia na \u00e1rea de infraestrutura no Brasil!\",\"publisher\":{\"@id\":\"https:\/\/agenciainfra.com\/blog\/#organization\"},\"potentialAction\":[{\"@type\":\"SearchAction\",\"target\":{\"@type\":\"EntryPoint\",\"urlTemplate\":\"https:\/\/agenciainfra.com\/blog\/?s={search_term_string}\"},\"query-input\":{\"@type\":\"PropertyValueSpecification\",\"valueRequired\":true,\"valueName\":\"search_term_string\"}}],\"inLanguage\":\"pt-BR\"},{\"@type\":\"Organization\",\"@id\":\"https:\/\/agenciainfra.com\/blog\/#organization\",\"name\":\"Ag\u00eancia iNFRA\",\"url\":\"https:\/\/agenciainfra.com\/blog\/\",\"logo\":{\"@type\":\"ImageObject\",\"inLanguage\":\"pt-BR\",\"@id\":\"https:\/\/agenciainfra.com\/blog\/#\/schema\/logo\/image\/\",\"url\":\"https:\/\/agenciainfra.com\/blog\/wp-content\/uploads\/2023\/09\/iNFRA_5-e1761735885940.png\",\"contentUrl\":\"https:\/\/agenciainfra.com\/blog\/wp-content\/uploads\/2023\/09\/iNFRA_5-e1761735885940.png\",\"width\":1672,\"height\":454,\"caption\":\"Ag\u00eancia iNFRA\"},\"image\":{\"@id\":\"https:\/\/agenciainfra.com\/blog\/#\/schema\/logo\/image\/\"},\"sameAs\":[\"https:\/\/www.facebook.com\/ageninfra\",\"https:\/\/x.com\/agencia_infra\",\"https:\/\/www.linkedin.com\/company\/ag\u00eanciainfra\/\",\"https:\/\/www.instagram.com\/agenciainfra\/\"]},{\"@type\":\"Person\",\"@id\":\"https:\/\/agenciainfra.com\/blog\/#\/schema\/person\/34af08dff6adea4cb22b06612ba7acfa\",\"name\":\"Ag\u00eancia iNFRA\",\"image\":{\"@type\":\"ImageObject\",\"inLanguage\":\"pt-BR\",\"@id\":\"https:\/\/agenciainfra.com\/blog\/#\/schema\/person\/image\/\",\"url\":\"https:\/\/secure.gravatar.com\/avatar\/d189e01678f06d8eb84d4e01f08eb848b3fffe3f8443818d3c356c66892f5be8?s=96&d=mm&r=g\",\"contentUrl\":\"https:\/\/secure.gravatar.com\/avatar\/d189e01678f06d8eb84d4e01f08eb848b3fffe3f8443818d3c356c66892f5be8?s=96&d=mm&r=g\",\"caption\":\"Ag\u00eancia iNFRA\"},\"url\":\"https:\/\/agenciainfra.com\/blog\/author\/admin\/\"}]}<\/script>\n<!-- \/ Yoast SEO Premium plugin. -->","yoast_head_json":{"title":"Reajuste tarif\u00e1rio da Light fica de fora da pauta da pr\u00f3xima reuni\u00e3o da ANEEL - Ag\u00eancia iNFRA","robots":{"index":"index","follow":"follow","max-snippet":"max-snippet:-1","max-image-preview":"max-image-preview:large","max-video-preview":"max-video-preview:-1"},"canonical":"https:\/\/agenciainfra.com\/blog\/reajuste-tarifario-da-light-fica-de-fora-da-pauta-da-proxima-reuniao-da-aneel\/","og_locale":"pt_BR","og_type":"article","og_title":"Reajuste tarif\u00e1rio da Light fica de fora da pauta da pr\u00f3xima reuni\u00e3o da ANEEL","og_description":"Geraldo Campos Jr. e Marisa Wanzeller, da Ag\u00eancia iNFRA O RTA (Reajuste Tarif\u00e1rio Anual) da Light n\u00e3o entrou na pauta da pr\u00f3xima reuni\u00e3o da ANEEL (Ag\u00eancia Nacional de Energia El\u00e9trica), marcada para a pr\u00f3xima ter\u00e7a-feira (18). O processo est\u00e1 sob vista do diretor Ricardo Tili, que indicou necessidade de entender melhor os c\u00e1lculos sobre o [&hellip;]","og_url":"https:\/\/agenciainfra.com\/blog\/reajuste-tarifario-da-light-fica-de-fora-da-pauta-da-proxima-reuniao-da-aneel\/","og_site_name":"Ag\u00eancia iNFRA","article_publisher":"https:\/\/www.facebook.com\/ageninfra","article_published_time":"2025-03-14T11:00:00+00:00","og_image":[{"width":1202,"height":792,"url":"https:\/\/agenciainfra.com\/blog\/wp-content\/uploads\/2023\/06\/trabalhador-light-foto-facebook-da-light.jpg","type":"image\/jpeg"}],"author":"Ag\u00eancia iNFRA","twitter_card":"summary_large_image","twitter_creator":"@agencia_infra","twitter_site":"@agencia_infra","twitter_misc":{"Escrito por":"Ag\u00eancia iNFRA","Est. tempo de leitura":"2 minutos"},"schema":{"@context":"https:\/\/schema.org","@graph":[{"@type":"Article","@id":"https:\/\/agenciainfra.com\/blog\/reajuste-tarifario-da-light-fica-de-fora-da-pauta-da-proxima-reuniao-da-aneel\/#article","isPartOf":{"@id":"https:\/\/agenciainfra.com\/blog\/reajuste-tarifario-da-light-fica-de-fora-da-pauta-da-proxima-reuniao-da-aneel\/"},"author":{"name":"Ag\u00eancia iNFRA","@id":"https:\/\/agenciainfra.com\/blog\/#\/schema\/person\/34af08dff6adea4cb22b06612ba7acfa"},"headline":"Reajuste tarif\u00e1rio da Light fica de fora da pauta da pr\u00f3xima reuni\u00e3o da ANEEL","datePublished":"2025-03-14T11:00:00+00:00","mainEntityOfPage":{"@id":"https:\/\/agenciainfra.com\/blog\/reajuste-tarifario-da-light-fica-de-fora-da-pauta-da-proxima-reuniao-da-aneel\/"},"wordCount":359,"publisher":{"@id":"https:\/\/agenciainfra.com\/blog\/#organization"},"image":{"@id":"https:\/\/agenciainfra.com\/blog\/reajuste-tarifario-da-light-fica-de-fora-da-pauta-da-proxima-reuniao-da-aneel\/#primaryimage"},"thumbnailUrl":"https:\/\/agenciainfra.com\/blog\/wp-content\/uploads\/2023\/06\/trabalhador-light-foto-facebook-da-light.jpg","keywords":["ANEEL","Geraldo Campos Jr.","Light","Marisa Wanzeller","Reajuste tarif\u00e1rio","reuni\u00e3o da aneel","tarifas da light","tarifas de energia"],"articleSection":["Destaque lista","Geral","iNFRAEnergia"],"inLanguage":"pt-BR","copyrightYear":"2025","copyrightHolder":{"@id":"https:\/\/agenciainfra.com\/blog\/#organization"}},{"@type":"WebPage","@id":"https:\/\/agenciainfra.com\/blog\/reajuste-tarifario-da-light-fica-de-fora-da-pauta-da-proxima-reuniao-da-aneel\/","url":"https:\/\/agenciainfra.com\/blog\/reajuste-tarifario-da-light-fica-de-fora-da-pauta-da-proxima-reuniao-da-aneel\/","name":"Reajuste tarif\u00e1rio da Light fica de fora da pauta da pr\u00f3xima reuni\u00e3o da ANEEL - Ag\u00eancia iNFRA","isPartOf":{"@id":"https:\/\/agenciainfra.com\/blog\/#website"},"primaryImageOfPage":{"@id":"https:\/\/agenciainfra.com\/blog\/reajuste-tarifario-da-light-fica-de-fora-da-pauta-da-proxima-reuniao-da-aneel\/#primaryimage"},"image":{"@id":"https:\/\/agenciainfra.com\/blog\/reajuste-tarifario-da-light-fica-de-fora-da-pauta-da-proxima-reuniao-da-aneel\/#primaryimage"},"thumbnailUrl":"https:\/\/agenciainfra.com\/blog\/wp-content\/uploads\/2023\/06\/trabalhador-light-foto-facebook-da-light.jpg","datePublished":"2025-03-14T11:00:00+00:00","breadcrumb":{"@id":"https:\/\/agenciainfra.com\/blog\/reajuste-tarifario-da-light-fica-de-fora-da-pauta-da-proxima-reuniao-da-aneel\/#breadcrumb"},"inLanguage":"pt-BR","potentialAction":[{"@type":"ReadAction","target":["https:\/\/agenciainfra.com\/blog\/reajuste-tarifario-da-light-fica-de-fora-da-pauta-da-proxima-reuniao-da-aneel\/"]}]},{"@type":"ImageObject","inLanguage":"pt-BR","@id":"https:\/\/agenciainfra.com\/blog\/reajuste-tarifario-da-light-fica-de-fora-da-pauta-da-proxima-reuniao-da-aneel\/#primaryimage","url":"https:\/\/agenciainfra.com\/blog\/wp-content\/uploads\/2023\/06\/trabalhador-light-foto-facebook-da-light.jpg","contentUrl":"https:\/\/agenciainfra.com\/blog\/wp-content\/uploads\/2023\/06\/trabalhador-light-foto-facebook-da-light.jpg","width":1202,"height":792,"caption":"Foto: Light"},{"@type":"BreadcrumbList","@id":"https:\/\/agenciainfra.com\/blog\/reajuste-tarifario-da-light-fica-de-fora-da-pauta-da-proxima-reuniao-da-aneel\/#breadcrumb","itemListElement":[{"@type":"ListItem","position":1,"name":"In\u00edcio","item":"https:\/\/agenciainfra.com\/blog\/"},{"@type":"ListItem","position":2,"name":"Reajuste tarif\u00e1rio da Light fica de fora da pauta da pr\u00f3xima reuni\u00e3o da ANEEL"}]},{"@type":"WebSite","@id":"https:\/\/agenciainfra.com\/blog\/#website","url":"https:\/\/agenciainfra.com\/blog\/","name":"Ag\u00eancia iNFRA","description":"Multiplataforma de informa\u00e7\u00e3o jornal\u00edstica refer\u00eancia na \u00e1rea de infraestrutura no Brasil!","publisher":{"@id":"https:\/\/agenciainfra.com\/blog\/#organization"},"potentialAction":[{"@type":"SearchAction","target":{"@type":"EntryPoint","urlTemplate":"https:\/\/agenciainfra.com\/blog\/?s={search_term_string}"},"query-input":{"@type":"PropertyValueSpecification","valueRequired":true,"valueName":"search_term_string"}}],"inLanguage":"pt-BR"},{"@type":"Organization","@id":"https:\/\/agenciainfra.com\/blog\/#organization","name":"Ag\u00eancia iNFRA","url":"https:\/\/agenciainfra.com\/blog\/","logo":{"@type":"ImageObject","inLanguage":"pt-BR","@id":"https:\/\/agenciainfra.com\/blog\/#\/schema\/logo\/image\/","url":"https:\/\/agenciainfra.com\/blog\/wp-content\/uploads\/2023\/09\/iNFRA_5-e1761735885940.png","contentUrl":"https:\/\/agenciainfra.com\/blog\/wp-content\/uploads\/2023\/09\/iNFRA_5-e1761735885940.png","width":1672,"height":454,"caption":"Ag\u00eancia iNFRA"},"image":{"@id":"https:\/\/agenciainfra.com\/blog\/#\/schema\/logo\/image\/"},"sameAs":["https:\/\/www.facebook.com\/ageninfra","https:\/\/x.com\/agencia_infra","https:\/\/www.linkedin.com\/company\/ag\u00eanciainfra\/","https:\/\/www.instagram.com\/agenciainfra\/"]},{"@type":"Person","@id":"https:\/\/agenciainfra.com\/blog\/#\/schema\/person\/34af08dff6adea4cb22b06612ba7acfa","name":"Ag\u00eancia iNFRA","image":{"@type":"ImageObject","inLanguage":"pt-BR","@id":"https:\/\/agenciainfra.com\/blog\/#\/schema\/person\/image\/","url":"https:\/\/secure.gravatar.com\/avatar\/d189e01678f06d8eb84d4e01f08eb848b3fffe3f8443818d3c356c66892f5be8?s=96&d=mm&r=g","contentUrl":"https:\/\/secure.gravatar.com\/avatar\/d189e01678f06d8eb84d4e01f08eb848b3fffe3f8443818d3c356c66892f5be8?s=96&d=mm&r=g","caption":"Ag\u00eancia iNFRA"},"url":"https:\/\/agenciainfra.com\/blog\/author\/admin\/"}]}},"_links":{"self":[{"href":"https:\/\/agenciainfra.com\/blog\/wp-json\/wp\/v2\/posts\/20538","targetHints":{"allow":["GET"]}}],"collection":[{"href":"https:\/\/agenciainfra.com\/blog\/wp-json\/wp\/v2\/posts"}],"about":[{"href":"https:\/\/agenciainfra.com\/blog\/wp-json\/wp\/v2\/types\/post"}],"author":[{"embeddable":true,"href":"https:\/\/agenciainfra.com\/blog\/wp-json\/wp\/v2\/users\/1"}],"replies":[{"embeddable":true,"href":"https:\/\/agenciainfra.com\/blog\/wp-json\/wp\/v2\/comments?post=20538"}],"version-history":[{"count":1,"href":"https:\/\/agenciainfra.com\/blog\/wp-json\/wp\/v2\/posts\/20538\/revisions"}],"predecessor-version":[{"id":20539,"href":"https:\/\/agenciainfra.com\/blog\/wp-json\/wp\/v2\/posts\/20538\/revisions\/20539"}],"wp:featuredmedia":[{"embeddable":true,"href":"https:\/\/agenciainfra.com\/blog\/wp-json\/wp\/v2\/media\/12780"}],"wp:attachment":[{"href":"https:\/\/agenciainfra.com\/blog\/wp-json\/wp\/v2\/media?parent=20538"}],"wp:term":[{"taxonomy":"category","embeddable":true,"href":"https:\/\/agenciainfra.com\/blog\/wp-json\/wp\/v2\/categories?post=20538"},{"taxonomy":"post_tag","embeddable":true,"href":"https:\/\/agenciainfra.com\/blog\/wp-json\/wp\/v2\/tags?post=20538"}],"curies":[{"name":"wp","href":"https:\/\/api.w.org\/{rel}","templated":true}]}}