{"id":20540,"date":"2025-03-14T14:00:00","date_gmt":"2025-03-14T17:00:00","guid":{"rendered":"https:\/\/agenciainfra.com\/blog\/?p=20540"},"modified":"2025-03-16T14:09:51","modified_gmt":"2025-03-16T17:09:51","slug":"decreto-do-br-do-mar-sera-publicado-neste-mes-acompanhado-por-duas-portarias-diz-secretario","status":"publish","type":"post","link":"https:\/\/agenciainfra.com\/blog\/decreto-do-br-do-mar-sera-publicado-neste-mes-acompanhado-por-duas-portarias-diz-secretario\/","title":{"rendered":"Decreto do BR do Mar ser\u00e1 publicado neste m\u00eas, acompanhado por duas portarias, diz secret\u00e1rio"},"content":{"rendered":"\n<p class=\"has-text-align-right\"><strong>Mar\u00edlia Sena, da Ag\u00eancia iNFRA<\/strong><\/p>\n\n\n\n<p>A publica\u00e7\u00e3o do decreto que regulamenta o BR do Mar, prevista para o final deste m\u00eas, ser\u00e1 acompanhada por, pelo menos, duas portarias. A informa\u00e7\u00e3o foi revelada pelo secret\u00e1rio nacional de Hidrovias e Navega\u00e7\u00e3o do Minist\u00e9rio de Portos e Aeroportos, Dino Antunes, em entrevista \u00e0&nbsp;<strong>Ag\u00eancia iNFRA<\/strong>.<br>&nbsp;<br>A primeira portaria trata das cl\u00e1usulas essenciais de um contrato de longo prazo para afretamento de navios. Antunes destacou que o BR do Mar j\u00e1 previa essa regulamenta\u00e7\u00e3o, e definiu o conte\u00fado da portaria como \u201cmais espec\u00edfico\u201d.<br>&nbsp;<br>A segunda portaria abordar\u00e1 as embarca\u00e7\u00f5es sustent\u00e1veis, mas s\u00f3 ser\u00e1 divulgada ap\u00f3s a conclus\u00e3o da primeira. Dino Antunes explicou que essa demanda surgiu durante a elabora\u00e7\u00e3o do decreto, a partir de um pedido do ministro de Portos e Aeroportos, Silvio Costa Filho. Embora o decreto j\u00e1 contemple medidas para as embarca\u00e7\u00f5es sustent\u00e1veis, a defini\u00e7\u00e3o dos modelos ser\u00e1 feita por meio da portaria.<br>&nbsp;<br>\u201cPorque o que caracteriza uma embarca\u00e7\u00e3o sustent\u00e1vel depende de v\u00e1rias vari\u00e1veis. As tecnologias, por exemplo, a de descarboniza\u00e7\u00e3o, mudam constantemente. Hoje \u00e9 uma, amanh\u00e3 ser\u00e1 outra, e depois outra. Se tudo for fixado em decreto, ser\u00e1 necess\u00e1rio alter\u00e1-lo constantemente, o que n\u00e3o faz sentido\u201d, justificou o secret\u00e1rio.<br>&nbsp;<br>De acordo com Antunes, os textos das portarias ser\u00e3o submetidos a consulta p\u00fablica assim que o decreto for publicado. A cerim\u00f4nia de assinatura do decreto est\u00e1 agendada para o final deste m\u00eas, com a presen\u00e7a do presidente Luiz In\u00e1cio Lula da Silva e representantes do setor de navega\u00e7\u00e3o, na sede da CNI (Confedera\u00e7\u00e3o Nacional da Ind\u00fastria).&nbsp;<br><br><strong>Medida aguardada<\/strong><br>Segundo o secret\u00e1rio, o Minist\u00e9rio de Portos e Aeroportos aguarda a assinatura do texto pelos demais minist\u00e9rios envolvidos, como os da Fazenda, Trabalho e Defesa.<br>&nbsp;<br>A regulamenta\u00e7\u00e3o do BR do Mar \u00e9 esperada desde 2022, quando a Lei 14.301\/2022 foi sancionada. A medida tem como objetivo impulsionar a agenda sustent\u00e1vel do governo, com incentivos \u00e0 cabotagem. A publica\u00e7\u00e3o do decreto j\u00e1 sofreu v\u00e1rios adiamentos, gerando cr\u00edticas no setor.<br><br>O decreto para regulamentar o BR do Mar tem como&nbsp;<a href=\"https:\/\/agenciainfra.com\/blog\/br-do-mar-demora-na-regulamentacao-e-por-disputa-sobre-prazo-para-afretamento-de-navios\/\" target=\"_blank\" rel=\"noreferrer noopener\">principal controv\u00e9rsia<\/a>&nbsp;a forma como ser\u00e1 permitido o afretamento de navios e o uso de tripula\u00e7\u00e3o estrangeira para atuar no mercado nacional de cabotagem.<br>&nbsp;<br>At\u00e9 o BR do Mar, somente navios constru\u00eddos no Brasil ou importados poderiam transportar carga no pa\u00eds por meio da cabotagem. Navios estrangeiros s\u00f3 poderiam fazer isso se houvesse recusa dos nacionais para transportar.<br>&nbsp;<br>A lei flexibilizou as regras para o chamado afretamento de navios estrangeiros, visando ampliar o n\u00famero de embarca\u00e7\u00f5es que transportam mercadorias no pa\u00eds e, assim, reduzir o custo de frete. Mesmo sem toda a regulamenta\u00e7\u00e3o espec\u00edfica para afretamento,&nbsp;<a href=\"https:\/\/agenciainfra.com\/blog\/tiramos-muito-caminhao-da-rua-diz-ceo-da-primeira-empresa-a-operar-conteineres-pela-br-do-mar\/\" target=\"_blank\" rel=\"noreferrer noopener\">algumas empresas j\u00e1 come\u00e7aram<\/a>&nbsp;a se utilizar da lei para trazer mais navios ao pa\u00eds.<\/p>\n","protected":false},"excerpt":{"rendered":"<p>Mar\u00edlia Sena, da Ag\u00eancia iNFRA A publica\u00e7\u00e3o do decreto que regulamenta o BR do Mar, prevista para o final deste m\u00eas, ser\u00e1 acompanhada por, pelo menos, duas portarias. A informa\u00e7\u00e3o foi revelada pelo secret\u00e1rio nacional de Hidrovias e Navega\u00e7\u00e3o do Minist\u00e9rio de Portos e Aeroportos, Dino Antunes, em entrevista \u00e0&nbsp;Ag\u00eancia iNFRA.&nbsp;A primeira portaria trata das [&hellip;]<\/p>\n","protected":false},"author":1,"featured_media":3815,"comment_status":"closed","ping_status":"closed","sticky":false,"template":"","format":"standard","meta":{"_monsterinsights_skip_tracking":false,"_monsterinsights_sitenote_active":false,"_monsterinsights_sitenote_note":"","_monsterinsights_sitenote_category":0,"footnotes":""},"categories":[7250,1,7],"tags":[1245,407,12806,12807,11654,6257,106],"class_list":["post-20540","post","type-post","status-publish","format-standard","has-post-thumbnail","hentry","category-destaque-lista","category-geral","category-infratransporte","tag-br-do-mar","tag-cabotagem","tag-decreto-do-br-do-mar","tag-entrevista-dino-antures","tag-marilia-sena","tag-ministerio-de-portos-e-aeroportos","tag-navegacao"],"yoast_head":"<!-- This site is optimized with the Yoast SEO Premium plugin v25.4 (Yoast SEO v26.0) - https:\/\/yoast.com\/wordpress\/plugins\/seo\/ -->\n<title>Decreto do BR do Mar ser\u00e1 publicado neste m\u00eas, acompanhado por duas portarias, diz secret\u00e1rio - Ag\u00eancia iNFRA<\/title>\n<meta name=\"robots\" content=\"index, follow, max-snippet:-1, max-image-preview:large, max-video-preview:-1\" \/>\n<link rel=\"canonical\" href=\"https:\/\/agenciainfra.com\/blog\/decreto-do-br-do-mar-sera-publicado-neste-mes-acompanhado-por-duas-portarias-diz-secretario\/\" \/>\n<meta property=\"og:locale\" content=\"pt_BR\" \/>\n<meta property=\"og:type\" content=\"article\" \/>\n<meta property=\"og:title\" content=\"Decreto do BR do Mar ser\u00e1 publicado neste m\u00eas, acompanhado por duas portarias, diz secret\u00e1rio\" \/>\n<meta property=\"og:description\" content=\"Mar\u00edlia Sena, da Ag\u00eancia iNFRA A publica\u00e7\u00e3o do decreto que regulamenta o BR do Mar, prevista para o final deste m\u00eas, ser\u00e1 acompanhada por, pelo menos, duas portarias. A informa\u00e7\u00e3o foi revelada pelo secret\u00e1rio nacional de Hidrovias e Navega\u00e7\u00e3o do Minist\u00e9rio de Portos e Aeroportos, Dino Antunes, em entrevista \u00e0&nbsp;Ag\u00eancia iNFRA.&nbsp;A primeira portaria trata das [&hellip;]\" \/>\n<meta property=\"og:url\" content=\"https:\/\/agenciainfra.com\/blog\/decreto-do-br-do-mar-sera-publicado-neste-mes-acompanhado-por-duas-portarias-diz-secretario\/\" \/>\n<meta property=\"og:site_name\" content=\"Ag\u00eancia iNFRA\" \/>\n<meta property=\"article:publisher\" content=\"https:\/\/www.facebook.com\/ageninfra\" \/>\n<meta property=\"article:published_time\" content=\"2025-03-14T17:00:00+00:00\" \/>\n<meta property=\"article:modified_time\" content=\"2025-03-16T17:09:51+00:00\" \/>\n<meta property=\"og:image\" content=\"https:\/\/agenciainfra.com\/blog\/wp-content\/uploads\/2019\/10\/dino-antunes-foto-andre-coelho-agencia-infra.jpeg\" \/>\n\t<meta property=\"og:image:width\" content=\"1280\" \/>\n\t<meta property=\"og:image:height\" content=\"893\" \/>\n\t<meta property=\"og:image:type\" content=\"image\/jpeg\" \/>\n<meta name=\"author\" content=\"Ag\u00eancia iNFRA\" \/>\n<meta name=\"twitter:card\" content=\"summary_large_image\" \/>\n<meta name=\"twitter:creator\" content=\"@agencia_infra\" \/>\n<meta name=\"twitter:site\" content=\"@agencia_infra\" \/>\n<meta name=\"twitter:label1\" content=\"Escrito por\" \/>\n\t<meta name=\"twitter:data1\" content=\"Ag\u00eancia iNFRA\" \/>\n\t<meta name=\"twitter:label2\" content=\"Est. tempo de leitura\" \/>\n\t<meta name=\"twitter:data2\" content=\"3 minutos\" \/>\n<script type=\"application\/ld+json\" class=\"yoast-schema-graph\">{\"@context\":\"https:\/\/schema.org\",\"@graph\":[{\"@type\":\"Article\",\"@id\":\"https:\/\/agenciainfra.com\/blog\/decreto-do-br-do-mar-sera-publicado-neste-mes-acompanhado-por-duas-portarias-diz-secretario\/#article\",\"isPartOf\":{\"@id\":\"https:\/\/agenciainfra.com\/blog\/decreto-do-br-do-mar-sera-publicado-neste-mes-acompanhado-por-duas-portarias-diz-secretario\/\"},\"author\":{\"name\":\"Ag\u00eancia iNFRA\",\"@id\":\"https:\/\/agenciainfra.com\/blog\/#\/schema\/person\/34af08dff6adea4cb22b06612ba7acfa\"},\"headline\":\"Decreto do BR do Mar ser\u00e1 publicado neste m\u00eas, acompanhado por duas portarias, diz secret\u00e1rio\",\"datePublished\":\"2025-03-14T17:00:00+00:00\",\"dateModified\":\"2025-03-16T17:09:51+00:00\",\"mainEntityOfPage\":{\"@id\":\"https:\/\/agenciainfra.com\/blog\/decreto-do-br-do-mar-sera-publicado-neste-mes-acompanhado-por-duas-portarias-diz-secretario\/\"},\"wordCount\":527,\"publisher\":{\"@id\":\"https:\/\/agenciainfra.com\/blog\/#organization\"},\"image\":{\"@id\":\"https:\/\/agenciainfra.com\/blog\/decreto-do-br-do-mar-sera-publicado-neste-mes-acompanhado-por-duas-portarias-diz-secretario\/#primaryimage\"},\"thumbnailUrl\":\"https:\/\/agenciainfra.com\/blog\/wp-content\/uploads\/2019\/10\/dino-antunes-foto-andre-coelho-agencia-infra.jpeg\",\"keywords\":[\"BR do Mar\",\"cabotagem\",\"decreto do br do mar\",\"entrevista dino antures\",\"Mar\u00edlia Sena\",\"Minist\u00e9rio de Portos e Aeroportos\",\"Navega\u00e7\u00e3o\"],\"articleSection\":[\"Destaque lista\",\"Geral\",\"iNFRATransporte\"],\"inLanguage\":\"pt-BR\",\"copyrightYear\":\"2025\",\"copyrightHolder\":{\"@id\":\"https:\/\/agenciainfra.com\/blog\/#organization\"}},{\"@type\":\"WebPage\",\"@id\":\"https:\/\/agenciainfra.com\/blog\/decreto-do-br-do-mar-sera-publicado-neste-mes-acompanhado-por-duas-portarias-diz-secretario\/\",\"url\":\"https:\/\/agenciainfra.com\/blog\/decreto-do-br-do-mar-sera-publicado-neste-mes-acompanhado-por-duas-portarias-diz-secretario\/\",\"name\":\"Decreto do BR do Mar ser\u00e1 publicado neste m\u00eas, acompanhado por duas portarias, diz secret\u00e1rio - Ag\u00eancia iNFRA\",\"isPartOf\":{\"@id\":\"https:\/\/agenciainfra.com\/blog\/#website\"},\"primaryImageOfPage\":{\"@id\":\"https:\/\/agenciainfra.com\/blog\/decreto-do-br-do-mar-sera-publicado-neste-mes-acompanhado-por-duas-portarias-diz-secretario\/#primaryimage\"},\"image\":{\"@id\":\"https:\/\/agenciainfra.com\/blog\/decreto-do-br-do-mar-sera-publicado-neste-mes-acompanhado-por-duas-portarias-diz-secretario\/#primaryimage\"},\"thumbnailUrl\":\"https:\/\/agenciainfra.com\/blog\/wp-content\/uploads\/2019\/10\/dino-antunes-foto-andre-coelho-agencia-infra.jpeg\",\"datePublished\":\"2025-03-14T17:00:00+00:00\",\"dateModified\":\"2025-03-16T17:09:51+00:00\",\"breadcrumb\":{\"@id\":\"https:\/\/agenciainfra.com\/blog\/decreto-do-br-do-mar-sera-publicado-neste-mes-acompanhado-por-duas-portarias-diz-secretario\/#breadcrumb\"},\"inLanguage\":\"pt-BR\",\"potentialAction\":[{\"@type\":\"ReadAction\",\"target\":[\"https:\/\/agenciainfra.com\/blog\/decreto-do-br-do-mar-sera-publicado-neste-mes-acompanhado-por-duas-portarias-diz-secretario\/\"]}]},{\"@type\":\"ImageObject\",\"inLanguage\":\"pt-BR\",\"@id\":\"https:\/\/agenciainfra.com\/blog\/decreto-do-br-do-mar-sera-publicado-neste-mes-acompanhado-por-duas-portarias-diz-secretario\/#primaryimage\",\"url\":\"https:\/\/agenciainfra.com\/blog\/wp-content\/uploads\/2019\/10\/dino-antunes-foto-andre-coelho-agencia-infra.jpeg\",\"contentUrl\":\"https:\/\/agenciainfra.com\/blog\/wp-content\/uploads\/2019\/10\/dino-antunes-foto-andre-coelho-agencia-infra.jpeg\",\"width\":1280,\"height\":893},{\"@type\":\"BreadcrumbList\",\"@id\":\"https:\/\/agenciainfra.com\/blog\/decreto-do-br-do-mar-sera-publicado-neste-mes-acompanhado-por-duas-portarias-diz-secretario\/#breadcrumb\",\"itemListElement\":[{\"@type\":\"ListItem\",\"position\":1,\"name\":\"In\u00edcio\",\"item\":\"https:\/\/agenciainfra.com\/blog\/\"},{\"@type\":\"ListItem\",\"position\":2,\"name\":\"Decreto do BR do Mar ser\u00e1 publicado neste m\u00eas, acompanhado por duas portarias, diz secret\u00e1rio\"}]},{\"@type\":\"WebSite\",\"@id\":\"https:\/\/agenciainfra.com\/blog\/#website\",\"url\":\"https:\/\/agenciainfra.com\/blog\/\",\"name\":\"Ag\u00eancia iNFRA\",\"description\":\"Multiplataforma de informa\u00e7\u00e3o jornal\u00edstica refer\u00eancia na \u00e1rea de infraestrutura no Brasil!\",\"publisher\":{\"@id\":\"https:\/\/agenciainfra.com\/blog\/#organization\"},\"potentialAction\":[{\"@type\":\"SearchAction\",\"target\":{\"@type\":\"EntryPoint\",\"urlTemplate\":\"https:\/\/agenciainfra.com\/blog\/?s={search_term_string}\"},\"query-input\":{\"@type\":\"PropertyValueSpecification\",\"valueRequired\":true,\"valueName\":\"search_term_string\"}}],\"inLanguage\":\"pt-BR\"},{\"@type\":\"Organization\",\"@id\":\"https:\/\/agenciainfra.com\/blog\/#organization\",\"name\":\"Ag\u00eancia iNFRA\",\"url\":\"https:\/\/agenciainfra.com\/blog\/\",\"logo\":{\"@type\":\"ImageObject\",\"inLanguage\":\"pt-BR\",\"@id\":\"https:\/\/agenciainfra.com\/blog\/#\/schema\/logo\/image\/\",\"url\":\"https:\/\/agenciainfra.com\/blog\/wp-content\/uploads\/2023\/09\/iNFRA_5-e1761735885940.png\",\"contentUrl\":\"https:\/\/agenciainfra.com\/blog\/wp-content\/uploads\/2023\/09\/iNFRA_5-e1761735885940.png\",\"width\":1672,\"height\":454,\"caption\":\"Ag\u00eancia iNFRA\"},\"image\":{\"@id\":\"https:\/\/agenciainfra.com\/blog\/#\/schema\/logo\/image\/\"},\"sameAs\":[\"https:\/\/www.facebook.com\/ageninfra\",\"https:\/\/x.com\/agencia_infra\",\"https:\/\/www.linkedin.com\/company\/ag\u00eanciainfra\/\",\"https:\/\/www.instagram.com\/agenciainfra\/\"]},{\"@type\":\"Person\",\"@id\":\"https:\/\/agenciainfra.com\/blog\/#\/schema\/person\/34af08dff6adea4cb22b06612ba7acfa\",\"name\":\"Ag\u00eancia iNFRA\",\"image\":{\"@type\":\"ImageObject\",\"inLanguage\":\"pt-BR\",\"@id\":\"https:\/\/agenciainfra.com\/blog\/#\/schema\/person\/image\/\",\"url\":\"https:\/\/secure.gravatar.com\/avatar\/d189e01678f06d8eb84d4e01f08eb848b3fffe3f8443818d3c356c66892f5be8?s=96&d=mm&r=g\",\"contentUrl\":\"https:\/\/secure.gravatar.com\/avatar\/d189e01678f06d8eb84d4e01f08eb848b3fffe3f8443818d3c356c66892f5be8?s=96&d=mm&r=g\",\"caption\":\"Ag\u00eancia iNFRA\"},\"url\":\"https:\/\/agenciainfra.com\/blog\/author\/admin\/\"}]}<\/script>\n<!-- \/ Yoast SEO Premium plugin. -->","yoast_head_json":{"title":"Decreto do BR do Mar ser\u00e1 publicado neste m\u00eas, acompanhado por duas portarias, diz secret\u00e1rio - Ag\u00eancia iNFRA","robots":{"index":"index","follow":"follow","max-snippet":"max-snippet:-1","max-image-preview":"max-image-preview:large","max-video-preview":"max-video-preview:-1"},"canonical":"https:\/\/agenciainfra.com\/blog\/decreto-do-br-do-mar-sera-publicado-neste-mes-acompanhado-por-duas-portarias-diz-secretario\/","og_locale":"pt_BR","og_type":"article","og_title":"Decreto do BR do Mar ser\u00e1 publicado neste m\u00eas, acompanhado por duas portarias, diz secret\u00e1rio","og_description":"Mar\u00edlia Sena, da Ag\u00eancia iNFRA A publica\u00e7\u00e3o do decreto que regulamenta o BR do Mar, prevista para o final deste m\u00eas, ser\u00e1 acompanhada por, pelo menos, duas portarias. A informa\u00e7\u00e3o foi revelada pelo secret\u00e1rio nacional de Hidrovias e Navega\u00e7\u00e3o do Minist\u00e9rio de Portos e Aeroportos, Dino Antunes, em entrevista \u00e0&nbsp;Ag\u00eancia iNFRA.&nbsp;A primeira portaria trata das [&hellip;]","og_url":"https:\/\/agenciainfra.com\/blog\/decreto-do-br-do-mar-sera-publicado-neste-mes-acompanhado-por-duas-portarias-diz-secretario\/","og_site_name":"Ag\u00eancia iNFRA","article_publisher":"https:\/\/www.facebook.com\/ageninfra","article_published_time":"2025-03-14T17:00:00+00:00","article_modified_time":"2025-03-16T17:09:51+00:00","og_image":[{"width":1280,"height":893,"url":"https:\/\/agenciainfra.com\/blog\/wp-content\/uploads\/2019\/10\/dino-antunes-foto-andre-coelho-agencia-infra.jpeg","type":"image\/jpeg"}],"author":"Ag\u00eancia iNFRA","twitter_card":"summary_large_image","twitter_creator":"@agencia_infra","twitter_site":"@agencia_infra","twitter_misc":{"Escrito por":"Ag\u00eancia iNFRA","Est. tempo de leitura":"3 minutos"},"schema":{"@context":"https:\/\/schema.org","@graph":[{"@type":"Article","@id":"https:\/\/agenciainfra.com\/blog\/decreto-do-br-do-mar-sera-publicado-neste-mes-acompanhado-por-duas-portarias-diz-secretario\/#article","isPartOf":{"@id":"https:\/\/agenciainfra.com\/blog\/decreto-do-br-do-mar-sera-publicado-neste-mes-acompanhado-por-duas-portarias-diz-secretario\/"},"author":{"name":"Ag\u00eancia iNFRA","@id":"https:\/\/agenciainfra.com\/blog\/#\/schema\/person\/34af08dff6adea4cb22b06612ba7acfa"},"headline":"Decreto do BR do Mar ser\u00e1 publicado neste m\u00eas, acompanhado por duas portarias, diz secret\u00e1rio","datePublished":"2025-03-14T17:00:00+00:00","dateModified":"2025-03-16T17:09:51+00:00","mainEntityOfPage":{"@id":"https:\/\/agenciainfra.com\/blog\/decreto-do-br-do-mar-sera-publicado-neste-mes-acompanhado-por-duas-portarias-diz-secretario\/"},"wordCount":527,"publisher":{"@id":"https:\/\/agenciainfra.com\/blog\/#organization"},"image":{"@id":"https:\/\/agenciainfra.com\/blog\/decreto-do-br-do-mar-sera-publicado-neste-mes-acompanhado-por-duas-portarias-diz-secretario\/#primaryimage"},"thumbnailUrl":"https:\/\/agenciainfra.com\/blog\/wp-content\/uploads\/2019\/10\/dino-antunes-foto-andre-coelho-agencia-infra.jpeg","keywords":["BR do Mar","cabotagem","decreto do br do mar","entrevista dino antures","Mar\u00edlia Sena","Minist\u00e9rio de Portos e Aeroportos","Navega\u00e7\u00e3o"],"articleSection":["Destaque lista","Geral","iNFRATransporte"],"inLanguage":"pt-BR","copyrightYear":"2025","copyrightHolder":{"@id":"https:\/\/agenciainfra.com\/blog\/#organization"}},{"@type":"WebPage","@id":"https:\/\/agenciainfra.com\/blog\/decreto-do-br-do-mar-sera-publicado-neste-mes-acompanhado-por-duas-portarias-diz-secretario\/","url":"https:\/\/agenciainfra.com\/blog\/decreto-do-br-do-mar-sera-publicado-neste-mes-acompanhado-por-duas-portarias-diz-secretario\/","name":"Decreto do BR do Mar ser\u00e1 publicado neste m\u00eas, acompanhado por duas portarias, diz secret\u00e1rio - Ag\u00eancia iNFRA","isPartOf":{"@id":"https:\/\/agenciainfra.com\/blog\/#website"},"primaryImageOfPage":{"@id":"https:\/\/agenciainfra.com\/blog\/decreto-do-br-do-mar-sera-publicado-neste-mes-acompanhado-por-duas-portarias-diz-secretario\/#primaryimage"},"image":{"@id":"https:\/\/agenciainfra.com\/blog\/decreto-do-br-do-mar-sera-publicado-neste-mes-acompanhado-por-duas-portarias-diz-secretario\/#primaryimage"},"thumbnailUrl":"https:\/\/agenciainfra.com\/blog\/wp-content\/uploads\/2019\/10\/dino-antunes-foto-andre-coelho-agencia-infra.jpeg","datePublished":"2025-03-14T17:00:00+00:00","dateModified":"2025-03-16T17:09:51+00:00","breadcrumb":{"@id":"https:\/\/agenciainfra.com\/blog\/decreto-do-br-do-mar-sera-publicado-neste-mes-acompanhado-por-duas-portarias-diz-secretario\/#breadcrumb"},"inLanguage":"pt-BR","potentialAction":[{"@type":"ReadAction","target":["https:\/\/agenciainfra.com\/blog\/decreto-do-br-do-mar-sera-publicado-neste-mes-acompanhado-por-duas-portarias-diz-secretario\/"]}]},{"@type":"ImageObject","inLanguage":"pt-BR","@id":"https:\/\/agenciainfra.com\/blog\/decreto-do-br-do-mar-sera-publicado-neste-mes-acompanhado-por-duas-portarias-diz-secretario\/#primaryimage","url":"https:\/\/agenciainfra.com\/blog\/wp-content\/uploads\/2019\/10\/dino-antunes-foto-andre-coelho-agencia-infra.jpeg","contentUrl":"https:\/\/agenciainfra.com\/blog\/wp-content\/uploads\/2019\/10\/dino-antunes-foto-andre-coelho-agencia-infra.jpeg","width":1280,"height":893},{"@type":"BreadcrumbList","@id":"https:\/\/agenciainfra.com\/blog\/decreto-do-br-do-mar-sera-publicado-neste-mes-acompanhado-por-duas-portarias-diz-secretario\/#breadcrumb","itemListElement":[{"@type":"ListItem","position":1,"name":"In\u00edcio","item":"https:\/\/agenciainfra.com\/blog\/"},{"@type":"ListItem","position":2,"name":"Decreto do BR do Mar ser\u00e1 publicado neste m\u00eas, acompanhado por duas portarias, diz secret\u00e1rio"}]},{"@type":"WebSite","@id":"https:\/\/agenciainfra.com\/blog\/#website","url":"https:\/\/agenciainfra.com\/blog\/","name":"Ag\u00eancia iNFRA","description":"Multiplataforma de informa\u00e7\u00e3o jornal\u00edstica refer\u00eancia na \u00e1rea de infraestrutura no Brasil!","publisher":{"@id":"https:\/\/agenciainfra.com\/blog\/#organization"},"potentialAction":[{"@type":"SearchAction","target":{"@type":"EntryPoint","urlTemplate":"https:\/\/agenciainfra.com\/blog\/?s={search_term_string}"},"query-input":{"@type":"PropertyValueSpecification","valueRequired":true,"valueName":"search_term_string"}}],"inLanguage":"pt-BR"},{"@type":"Organization","@id":"https:\/\/agenciainfra.com\/blog\/#organization","name":"Ag\u00eancia iNFRA","url":"https:\/\/agenciainfra.com\/blog\/","logo":{"@type":"ImageObject","inLanguage":"pt-BR","@id":"https:\/\/agenciainfra.com\/blog\/#\/schema\/logo\/image\/","url":"https:\/\/agenciainfra.com\/blog\/wp-content\/uploads\/2023\/09\/iNFRA_5-e1761735885940.png","contentUrl":"https:\/\/agenciainfra.com\/blog\/wp-content\/uploads\/2023\/09\/iNFRA_5-e1761735885940.png","width":1672,"height":454,"caption":"Ag\u00eancia iNFRA"},"image":{"@id":"https:\/\/agenciainfra.com\/blog\/#\/schema\/logo\/image\/"},"sameAs":["https:\/\/www.facebook.com\/ageninfra","https:\/\/x.com\/agencia_infra","https:\/\/www.linkedin.com\/company\/ag\u00eanciainfra\/","https:\/\/www.instagram.com\/agenciainfra\/"]},{"@type":"Person","@id":"https:\/\/agenciainfra.com\/blog\/#\/schema\/person\/34af08dff6adea4cb22b06612ba7acfa","name":"Ag\u00eancia iNFRA","image":{"@type":"ImageObject","inLanguage":"pt-BR","@id":"https:\/\/agenciainfra.com\/blog\/#\/schema\/person\/image\/","url":"https:\/\/secure.gravatar.com\/avatar\/d189e01678f06d8eb84d4e01f08eb848b3fffe3f8443818d3c356c66892f5be8?s=96&d=mm&r=g","contentUrl":"https:\/\/secure.gravatar.com\/avatar\/d189e01678f06d8eb84d4e01f08eb848b3fffe3f8443818d3c356c66892f5be8?s=96&d=mm&r=g","caption":"Ag\u00eancia iNFRA"},"url":"https:\/\/agenciainfra.com\/blog\/author\/admin\/"}]}},"_links":{"self":[{"href":"https:\/\/agenciainfra.com\/blog\/wp-json\/wp\/v2\/posts\/20540","targetHints":{"allow":["GET"]}}],"collection":[{"href":"https:\/\/agenciainfra.com\/blog\/wp-json\/wp\/v2\/posts"}],"about":[{"href":"https:\/\/agenciainfra.com\/blog\/wp-json\/wp\/v2\/types\/post"}],"author":[{"embeddable":true,"href":"https:\/\/agenciainfra.com\/blog\/wp-json\/wp\/v2\/users\/1"}],"replies":[{"embeddable":true,"href":"https:\/\/agenciainfra.com\/blog\/wp-json\/wp\/v2\/comments?post=20540"}],"version-history":[{"count":1,"href":"https:\/\/agenciainfra.com\/blog\/wp-json\/wp\/v2\/posts\/20540\/revisions"}],"predecessor-version":[{"id":20541,"href":"https:\/\/agenciainfra.com\/blog\/wp-json\/wp\/v2\/posts\/20540\/revisions\/20541"}],"wp:featuredmedia":[{"embeddable":true,"href":"https:\/\/agenciainfra.com\/blog\/wp-json\/wp\/v2\/media\/3815"}],"wp:attachment":[{"href":"https:\/\/agenciainfra.com\/blog\/wp-json\/wp\/v2\/media?parent=20540"}],"wp:term":[{"taxonomy":"category","embeddable":true,"href":"https:\/\/agenciainfra.com\/blog\/wp-json\/wp\/v2\/categories?post=20540"},{"taxonomy":"post_tag","embeddable":true,"href":"https:\/\/agenciainfra.com\/blog\/wp-json\/wp\/v2\/tags?post=20540"}],"curies":[{"name":"wp","href":"https:\/\/api.w.org\/{rel}","templated":true}]}}