{"id":20544,"date":"2025-03-17T08:00:00","date_gmt":"2025-03-17T11:00:00","guid":{"rendered":"https:\/\/agenciainfra.com\/blog\/?p=20544"},"modified":"2025-03-21T06:26:47","modified_gmt":"2025-03-21T09:26:47","slug":"operadores-reclamam-de-atrasos-em-investimentos-no-porto-de-santos-e-pedem-reducao-de-tarifa","status":"publish","type":"post","link":"https:\/\/agenciainfra.com\/blog\/operadores-reclamam-de-atrasos-em-investimentos-no-porto-de-santos-e-pedem-reducao-de-tarifa\/","title":{"rendered":"Operadores reclamam de atrasos em investimentos no Porto de Santos e pedem redu\u00e7\u00e3o de tarifa"},"content":{"rendered":"\n<p class=\"has-text-align-right\"><strong>Sheyla Santos, da Ag\u00eancia iNFRA<\/strong><\/p>\n\n\n\n<p>Os operadores portu\u00e1rios de Santos (SP) recorreram \u00e0 ANTAQ (Ag\u00eancia Nacional de Transportes Aquavi\u00e1rios) com pedido de medida cautelar visando a suspens\u00e3o imediata da cobran\u00e7a da tarifa da tabela 3 pela APS (Autoridade Portu\u00e1ria de Santos), que remunera o uso da infraestrutura operacional ou terrestre.<br><br>No processo aberto pelo Sopesp (Sindicato dos Operadores Portu\u00e1rios do Estado de S\u00e3o Paulo), a entidade que representa empresas afirma haver &#8220;evidente inexecu\u00e7\u00e3o dos investimentos&#8221; e alega o n\u00e3o cumprimento dentro do prazo dos investimentos previstos em&nbsp;<a href=\"https:\/\/juris.antaq.gov.br\/index.php\/2021\/12\/18\/deliberacao-322-2021\/\" target=\"_blank\" rel=\"noreferrer noopener\">delibera\u00e7\u00e3o de 2021<\/a>&nbsp;da ag\u00eancia sobre a padroniza\u00e7\u00e3o tarif\u00e1ria.<br><br>Em decis\u00e3o na reuni\u00e3o de diretoria desta quinta-feira (13), a ag\u00eancia negou a redu\u00e7\u00e3o de forma cautelar, mas deu 30 dias de prazo para que a APS (Autoridade Portu\u00e1ria de Santos) apresente um plano. Em resposta \u00e0&nbsp;<strong>Ag\u00eancia iNFRA<\/strong>, a APS disse que a reclama\u00e7\u00e3o se baseia num plano da gest\u00e3o anterior e que vai fazer mais investimentos que o previsto.<br><br>De acordo com o sindicato, a APS teria arrecadado valores expressivos por meio da tarifa da tabela 3 sem contrapartida em investimentos necess\u00e1rios \u00e0 infraestrutura, o que segundo a entidade estaria acarretando onera\u00e7\u00e3o indevida aos operadores portu\u00e1rios e aos usu\u00e1rios do porto.<br><br>Os investimentos previstos incluem obras de melhorias na Avenida Perimetral da margem direita, no trecho Alemoa, na Avenida Perimetral da margem esquerda, no acesso \u00e0 Ilha Barnab\u00e9, al\u00e9m de obras de recupera\u00e7\u00e3o dos armaz\u00e9ns 1 ao 11. Segundo a ANTAQ, o prazo para a realiza\u00e7\u00e3o dos investimentos deveria ser iniciado obrigatoriamente em at\u00e9 36 meses, com conclus\u00e3o em at\u00e9 84 meses, a contar do m\u00eas da homologa\u00e7\u00e3o da revis\u00e3o tarif\u00e1ria \u2013 dezembro de 2021.<br><br><strong>Compensa\u00e7\u00e3o tarif\u00e1ria<\/strong><br>Ao indeferir o pedido de medida cautelar do Sopesp, o colegiado entendeu que houve &#8220;aus\u00eancia dos requisitos necess\u00e1rios para concess\u00e3o da medida pleiteada&#8221;. A relatora do processo na ANTAQ, diretora Fl\u00e1via Takafashi, afirmou em seu voto que, al\u00e9m da suspens\u00e3o imediata da cobran\u00e7a da tarifa 3 at\u00e9 que as obras previstas sejam conclu\u00eddas, o Sopesp tamb\u00e9m pediu a revis\u00e3o tarif\u00e1ria extraordin\u00e1ria para reduzir os valores cobrados, garantindo que os operadores portu\u00e1rios n\u00e3o fossem onerados indevidamente.<br><br>Segundo Takafashi, a \u00e1rea t\u00e9cnica ponderou que, &#8220;apesar de a an\u00e1lise ter reconhecido o descumprimento do cronograma de investimentos incorrido pela APS e a superioridade dos valores arrecadados por meio da tabela 3, sem a efetiva execu\u00e7\u00e3o dos projetos prometidos&#8221;, a tarifa cobrada foi devidamente aprovada por meio da delibera\u00e7\u00e3o de 2021, que cont\u00e9m um dispositivo prevendo que investimentos n\u00e3o executados devem ser compensados na pr\u00f3xima revis\u00e3o tarif\u00e1ria.<br><br>&#8220;Assim, mesmo havendo o atraso nos investimentos e arrecada\u00e7\u00e3o superavit\u00e1ria, a estrutura tarif\u00e1ria n\u00e3o poderia ser considerada automaticamente irregular, pois existe um mecanismo de corre\u00e7\u00e3o j\u00e1 estabelecido no normativo da ag\u00eancia que rege a mat\u00e9ria&#8221;, afirmou ela em seu voto.<br><br>Sobre a demora na execu\u00e7\u00e3o, Takafashi disse que a \u00e1rea t\u00e9cnica n\u00e3o vislumbrou elementos concretos nos autos que indiquem que a situa\u00e7\u00e3o reclamada tenha um cond\u00e3o de causar preju\u00edzos irrepar\u00e1veis aos operadores portu\u00e1rios, &#8220;especialmente porque eventuais impactos financeiros podem ser revertidos futuramente, por meio da compensa\u00e7\u00e3o tarif\u00e1ria, na pr\u00f3xima revis\u00e3o&#8221;.<br><br><strong>Plano de a\u00e7\u00e3o<\/strong><br>O presidente da APS, Anderson Pomini, afirmou \u00e0&nbsp;<strong>Ag\u00eancia iNFRA<\/strong>&nbsp;que o Sopesp leva em considera\u00e7\u00e3o no processo o per\u00edodo de quatro anos de discuss\u00e3o de privatiza\u00e7\u00e3o do porto, que, segundo ele, deixou a administra\u00e7\u00e3o parada e n\u00e3o executou as obras previstas.<br><br>&#8220;Mas \u00e9 preciso que eles levem em considera\u00e7\u00e3o o plano de a\u00e7\u00e3o desenvolvido nos \u00faltimos dois, tr\u00eas anos. Ou seja, \u00e9 o maior investimento da hist\u00f3ria do Porto Santos. A gente vai fazer um investimento muito acima do que foi arrecadado&#8221;, disse ele.<br><br>De acordo com a APS, o questionamento das tarifas teve como base o per\u00edodo da gest\u00e3o anterior do porto de Santos, entre 2019 e 2022, que estava focada na privatiza\u00e7\u00e3o. A entidade ressaltou, em nota, que os investimentos da gest\u00e3o passada do porto em infraestrutura n\u00e3o ultrapassaram R$ 72 milh\u00f5es e que, na gest\u00e3o atual, o porto recebe investimentos p\u00fablicos que chegam a R$ 12,6 bilh\u00f5es, os quais somados aos investimentos privados ultrapassariam R$ 20 bilh\u00f5es. Veja aqui&nbsp;<a href=\"https:\/\/mcusercontent.com\/d460dd1bcf9ba0ae040e1fc0f\/files\/79a26c91-c74f-92ac-9980-f72b50f6c674\/Plano_de_investimento.01.pdf\" target=\"_blank\" rel=\"noreferrer noopener\">apresenta\u00e7\u00e3o<\/a>&nbsp;de 2024 disponibilizada pela APS, e que segue em atualiza\u00e7\u00e3o.<br><br><strong>Determina\u00e7\u00f5es \u00e0 APS<\/strong><br>Apesar da negativa ao pedido do Sopesp, a ANTAQ determinou que a APS apresente, no prazo de 30 dias, um novo cronograma f\u00edsico-financeiro compat\u00edvel com os prazos estabelecidos e esclare\u00e7a que o acompanhamento deste cronograma ser\u00e1 realizado no \u00e2mbito do processo j\u00e1 instaurado de acompanhamento dos investimentos previstos na revis\u00e3o tarif\u00e1ria.<br><br>A APS afirmou que os investimentos em andamento justificam as tarifas e que vai responder \u00e0 ag\u00eancia provando o andamento dos projetos e obras referentes aos investimentos.<br><br>&#8220;O Porto promove a melhoria da avenida perimetral da Margem Direita (Santos); a conclus\u00e3o da Perimetral da Margem Esquerda (Guaruj\u00e1); o aprofundamento do canal de navega\u00e7\u00e3o para 16 metros e depois a concess\u00e3o do aprofundamento para 17 metros; a implanta\u00e7\u00e3o do sistema de monitoramento on line completo de toda a Poligonal do Porto Organizado; j\u00e1 foi lan\u00e7ado o edital do t\u00fanel Santos-Guaruj\u00e1, obra esperada h\u00e1 97 anos, segundo os registros hist\u00f3ricos, a ser feita em parceria entre os governos federal e do Estado de S\u00e3o Paulo; a expans\u00e3o do modal ferrovi\u00e1rio, um aporte de R$ 1 bilh\u00e3o, entre outras&#8221;, disse por meio de nota.<br><br><strong>Afretamentos de embarca\u00e7\u00f5es<\/strong><br>A diretoria aprovou o estudo P14, que avalia os custos do afretamento de embarca\u00e7\u00f5es nacionais e internacionais no apoio mar\u00edtimo. O estudo aponta que os pre\u00e7os no Brasil diferem do mercado internacional e devem ter precifica\u00e7\u00e3o espec\u00edfica para o setor. A diretora Fl\u00e1via Takafashi destacou que a an\u00e1lise apoia a regula\u00e7\u00e3o e a pol\u00edtica de reconstru\u00e7\u00e3o naval. Saiba mais&nbsp;<a href=\"https:\/\/www.gov.br\/antaq\/pt-br\/noticias\/2025\/antaq-aprova-estudo-de-acompanhamento-de-custos-dos-afretamentos-de-embarcacoes-para-navegacao-de-apoio-maritimo\">neste link<\/a>.&nbsp;<br><br><strong>Proposta apoiada<\/strong><br>Na mesma reuni\u00e3o, a ANTAQ retirou da pauta o processo que trata dos procedimentos de revis\u00e3o extraordin\u00e1ria e aprova\u00e7\u00e3o do modelo de proposta apoiada para os contratos de concess\u00e3o e arrendamento em portos organizados.<br><br>O diretor relator do processo, Alber Vasconcelos, afirmou que decidiu retirar o item da pauta no mesmo dia da reuni\u00e3o por uma quest\u00e3o de &#8220;sem\u00e2ntica na instru\u00e7\u00e3o processual&#8221;. Segundo a ag\u00eancia, o caso dever\u00e1 ser pautado na pr\u00f3xima reuni\u00e3o.<br><br>O processo de licita\u00e7\u00e3o de arrendamento envolvendo o Minist\u00e9rio de Portos e Aeroportos e a Emap (Empresa Maranhense de Administra\u00e7\u00e3o Portu\u00e1ria) foi retirado de pauta, assim como o que trata de um recurso da Vports. O diretor Lima Filho pediu vista do processo que trata das contribui\u00e7\u00f5es da audi\u00eancia p\u00fablica sobre o afretamento de embarca\u00e7\u00e3o por empresas de navega\u00e7\u00e3o.<br><br><strong>Bamin<\/strong><br>O colegiado aceitou a exclus\u00e3o de uma pequena&nbsp;\u00e1rea solicitada pela Bahia Minera\u00e7\u00e3o, a Bamin, no TUP (Terminal de Uso Privado)&nbsp;da companhia em Ilh\u00e9us (BA), que integra o projeto ferrovi\u00e1rio da companhia na regi\u00e3o, a Fiol (Ferrovia de Integra\u00e7\u00e3o Oeste-Leste).<br><br>A diretoria ainda indeferiu um pedido apresentado pela ATP (Associa\u00e7\u00e3o de Terminais Portu\u00e1rios Privados) visando suspender o julgamento de processos administrativos sancionadores instaurados contra dois associados (Portonave e Porto Itapu\u00e3), que envolvem supostas cobran\u00e7as irregulares de armazenagem adicional de conte\u00fado.<\/p>\n","protected":false},"excerpt":{"rendered":"<p>Sheyla Santos, da Ag\u00eancia iNFRA Os operadores portu\u00e1rios de Santos (SP) recorreram \u00e0 ANTAQ (Ag\u00eancia Nacional de Transportes Aquavi\u00e1rios) com pedido de medida cautelar visando a suspens\u00e3o imediata da cobran\u00e7a da tarifa da tabela 3 pela APS (Autoridade Portu\u00e1ria de Santos), que remunera o uso da infraestrutura operacional ou terrestre. No processo aberto pelo Sopesp [&hellip;]<\/p>\n","protected":false},"author":1,"featured_media":8912,"comment_status":"closed","ping_status":"closed","sticky":false,"template":"","format":"standard","meta":{"_monsterinsights_skip_tracking":false,"_monsterinsights_sitenote_active":false,"_monsterinsights_sitenote_note":"","_monsterinsights_sitenote_category":0,"footnotes":""},"categories":[7250,1,7],"tags":[12816,6854,12811,2904,12814,12815,3541,12813,6582,260,310,8838,12812],"class_list":["post-20544","post","type-post","status-publish","format-standard","has-post-thumbnail","hentry","category-destaque-lista","category-geral","category-infratransporte","tag-afretamento-de-embarcacoes","tag-aps","tag-atrasos-em-investimentos","tag-bamin","tag-compensacao-tarifaria","tag-determinacoes-a-aps","tag-operadores-portuarios","tag-operadores-portuarios-de-santos","tag-plano-de-acao","tag-porto-de-santos","tag-portos","tag-sheyla-santos","tag-tarifa-de-santos"],"yoast_head":"<!-- This site is optimized with the Yoast SEO Premium plugin v25.4 (Yoast SEO v26.0) - https:\/\/yoast.com\/wordpress\/plugins\/seo\/ -->\n<title>Operadores reclamam de atrasos em investimentos no Porto de Santos e pedem redu\u00e7\u00e3o de tarifa - Ag\u00eancia iNFRA<\/title>\n<meta name=\"robots\" content=\"index, follow, max-snippet:-1, max-image-preview:large, max-video-preview:-1\" \/>\n<link rel=\"canonical\" href=\"https:\/\/agenciainfra.com\/blog\/operadores-reclamam-de-atrasos-em-investimentos-no-porto-de-santos-e-pedem-reducao-de-tarifa\/\" \/>\n<meta property=\"og:locale\" content=\"pt_BR\" \/>\n<meta property=\"og:type\" content=\"article\" \/>\n<meta property=\"og:title\" content=\"Operadores reclamam de atrasos em investimentos no Porto de Santos e pedem redu\u00e7\u00e3o de tarifa\" \/>\n<meta property=\"og:description\" content=\"Sheyla Santos, da Ag\u00eancia iNFRA Os operadores portu\u00e1rios de Santos (SP) recorreram \u00e0 ANTAQ (Ag\u00eancia Nacional de Transportes Aquavi\u00e1rios) com pedido de medida cautelar visando a suspens\u00e3o imediata da cobran\u00e7a da tarifa da tabela 3 pela APS (Autoridade Portu\u00e1ria de Santos), que remunera o uso da infraestrutura operacional ou terrestre. No processo aberto pelo Sopesp [&hellip;]\" \/>\n<meta property=\"og:url\" content=\"https:\/\/agenciainfra.com\/blog\/operadores-reclamam-de-atrasos-em-investimentos-no-porto-de-santos-e-pedem-reducao-de-tarifa\/\" \/>\n<meta property=\"og:site_name\" content=\"Ag\u00eancia iNFRA\" \/>\n<meta property=\"article:publisher\" content=\"https:\/\/www.facebook.com\/ageninfra\" \/>\n<meta property=\"article:published_time\" content=\"2025-03-17T11:00:00+00:00\" \/>\n<meta property=\"article:modified_time\" content=\"2025-03-21T09:26:47+00:00\" \/>\n<meta property=\"og:image\" content=\"https:\/\/agenciainfra.com\/blog\/wp-content\/uploads\/2021\/11\/porto-de-santos-foto-codesp-1024x683.jpg\" \/>\n\t<meta property=\"og:image:width\" content=\"1024\" \/>\n\t<meta property=\"og:image:height\" content=\"683\" \/>\n\t<meta property=\"og:image:type\" content=\"image\/jpeg\" \/>\n<meta name=\"author\" content=\"Ag\u00eancia iNFRA\" \/>\n<meta name=\"twitter:card\" content=\"summary_large_image\" \/>\n<meta name=\"twitter:creator\" content=\"@agencia_infra\" \/>\n<meta name=\"twitter:site\" content=\"@agencia_infra\" \/>\n<meta name=\"twitter:label1\" content=\"Escrito por\" \/>\n\t<meta name=\"twitter:data1\" content=\"Ag\u00eancia iNFRA\" \/>\n\t<meta name=\"twitter:label2\" content=\"Est. tempo de leitura\" \/>\n\t<meta name=\"twitter:data2\" content=\"6 minutos\" \/>\n<script type=\"application\/ld+json\" class=\"yoast-schema-graph\">{\"@context\":\"https:\/\/schema.org\",\"@graph\":[{\"@type\":\"Article\",\"@id\":\"https:\/\/agenciainfra.com\/blog\/operadores-reclamam-de-atrasos-em-investimentos-no-porto-de-santos-e-pedem-reducao-de-tarifa\/#article\",\"isPartOf\":{\"@id\":\"https:\/\/agenciainfra.com\/blog\/operadores-reclamam-de-atrasos-em-investimentos-no-porto-de-santos-e-pedem-reducao-de-tarifa\/\"},\"author\":{\"name\":\"Ag\u00eancia iNFRA\",\"@id\":\"https:\/\/agenciainfra.com\/blog\/#\/schema\/person\/34af08dff6adea4cb22b06612ba7acfa\"},\"headline\":\"Operadores reclamam de atrasos em investimentos no Porto de Santos e pedem redu\u00e7\u00e3o de tarifa\",\"datePublished\":\"2025-03-17T11:00:00+00:00\",\"dateModified\":\"2025-03-21T09:26:47+00:00\",\"mainEntityOfPage\":{\"@id\":\"https:\/\/agenciainfra.com\/blog\/operadores-reclamam-de-atrasos-em-investimentos-no-porto-de-santos-e-pedem-reducao-de-tarifa\/\"},\"wordCount\":1307,\"publisher\":{\"@id\":\"https:\/\/agenciainfra.com\/blog\/#organization\"},\"image\":{\"@id\":\"https:\/\/agenciainfra.com\/blog\/operadores-reclamam-de-atrasos-em-investimentos-no-porto-de-santos-e-pedem-reducao-de-tarifa\/#primaryimage\"},\"thumbnailUrl\":\"https:\/\/agenciainfra.com\/blog\/wp-content\/uploads\/2021\/11\/porto-de-santos-foto-codesp.jpg\",\"keywords\":[\"Afretamento de embarca\u00e7\u00f5es\",\"APS\",\"atrasos em investimentos\",\"Bamin\",\"compensa\u00e7\u00e3o tarif\u00e1ria\",\"determina\u00e7\u00f5es \u00e0 APS\",\"operadores portu\u00e1rios\",\"operadores portu\u00e1rios de santos\",\"plano de a\u00e7\u00e3o\",\"Porto de Santos\",\"portos\",\"Sheyla Santos\",\"tarifa de santos\"],\"articleSection\":[\"Destaque lista\",\"Geral\",\"iNFRATransporte\"],\"inLanguage\":\"pt-BR\",\"copyrightYear\":\"2025\",\"copyrightHolder\":{\"@id\":\"https:\/\/agenciainfra.com\/blog\/#organization\"}},{\"@type\":\"WebPage\",\"@id\":\"https:\/\/agenciainfra.com\/blog\/operadores-reclamam-de-atrasos-em-investimentos-no-porto-de-santos-e-pedem-reducao-de-tarifa\/\",\"url\":\"https:\/\/agenciainfra.com\/blog\/operadores-reclamam-de-atrasos-em-investimentos-no-porto-de-santos-e-pedem-reducao-de-tarifa\/\",\"name\":\"Operadores reclamam de atrasos em investimentos no Porto de Santos e pedem redu\u00e7\u00e3o de tarifa - Ag\u00eancia iNFRA\",\"isPartOf\":{\"@id\":\"https:\/\/agenciainfra.com\/blog\/#website\"},\"primaryImageOfPage\":{\"@id\":\"https:\/\/agenciainfra.com\/blog\/operadores-reclamam-de-atrasos-em-investimentos-no-porto-de-santos-e-pedem-reducao-de-tarifa\/#primaryimage\"},\"image\":{\"@id\":\"https:\/\/agenciainfra.com\/blog\/operadores-reclamam-de-atrasos-em-investimentos-no-porto-de-santos-e-pedem-reducao-de-tarifa\/#primaryimage\"},\"thumbnailUrl\":\"https:\/\/agenciainfra.com\/blog\/wp-content\/uploads\/2021\/11\/porto-de-santos-foto-codesp.jpg\",\"datePublished\":\"2025-03-17T11:00:00+00:00\",\"dateModified\":\"2025-03-21T09:26:47+00:00\",\"breadcrumb\":{\"@id\":\"https:\/\/agenciainfra.com\/blog\/operadores-reclamam-de-atrasos-em-investimentos-no-porto-de-santos-e-pedem-reducao-de-tarifa\/#breadcrumb\"},\"inLanguage\":\"pt-BR\",\"potentialAction\":[{\"@type\":\"ReadAction\",\"target\":[\"https:\/\/agenciainfra.com\/blog\/operadores-reclamam-de-atrasos-em-investimentos-no-porto-de-santos-e-pedem-reducao-de-tarifa\/\"]}]},{\"@type\":\"ImageObject\",\"inLanguage\":\"pt-BR\",\"@id\":\"https:\/\/agenciainfra.com\/blog\/operadores-reclamam-de-atrasos-em-investimentos-no-porto-de-santos-e-pedem-reducao-de-tarifa\/#primaryimage\",\"url\":\"https:\/\/agenciainfra.com\/blog\/wp-content\/uploads\/2021\/11\/porto-de-santos-foto-codesp.jpg\",\"contentUrl\":\"https:\/\/agenciainfra.com\/blog\/wp-content\/uploads\/2021\/11\/porto-de-santos-foto-codesp.jpg\",\"width\":2126,\"height\":1417},{\"@type\":\"BreadcrumbList\",\"@id\":\"https:\/\/agenciainfra.com\/blog\/operadores-reclamam-de-atrasos-em-investimentos-no-porto-de-santos-e-pedem-reducao-de-tarifa\/#breadcrumb\",\"itemListElement\":[{\"@type\":\"ListItem\",\"position\":1,\"name\":\"In\u00edcio\",\"item\":\"https:\/\/agenciainfra.com\/blog\/\"},{\"@type\":\"ListItem\",\"position\":2,\"name\":\"Operadores reclamam de atrasos em investimentos no Porto de Santos e pedem redu\u00e7\u00e3o de tarifa\"}]},{\"@type\":\"WebSite\",\"@id\":\"https:\/\/agenciainfra.com\/blog\/#website\",\"url\":\"https:\/\/agenciainfra.com\/blog\/\",\"name\":\"Ag\u00eancia iNFRA\",\"description\":\"Multiplataforma de informa\u00e7\u00e3o jornal\u00edstica refer\u00eancia na \u00e1rea de infraestrutura no Brasil!\",\"publisher\":{\"@id\":\"https:\/\/agenciainfra.com\/blog\/#organization\"},\"potentialAction\":[{\"@type\":\"SearchAction\",\"target\":{\"@type\":\"EntryPoint\",\"urlTemplate\":\"https:\/\/agenciainfra.com\/blog\/?s={search_term_string}\"},\"query-input\":{\"@type\":\"PropertyValueSpecification\",\"valueRequired\":true,\"valueName\":\"search_term_string\"}}],\"inLanguage\":\"pt-BR\"},{\"@type\":\"Organization\",\"@id\":\"https:\/\/agenciainfra.com\/blog\/#organization\",\"name\":\"Ag\u00eancia iNFRA\",\"url\":\"https:\/\/agenciainfra.com\/blog\/\",\"logo\":{\"@type\":\"ImageObject\",\"inLanguage\":\"pt-BR\",\"@id\":\"https:\/\/agenciainfra.com\/blog\/#\/schema\/logo\/image\/\",\"url\":\"https:\/\/agenciainfra.com\/blog\/wp-content\/uploads\/2023\/09\/iNFRA_5-e1761735885940.png\",\"contentUrl\":\"https:\/\/agenciainfra.com\/blog\/wp-content\/uploads\/2023\/09\/iNFRA_5-e1761735885940.png\",\"width\":1672,\"height\":454,\"caption\":\"Ag\u00eancia iNFRA\"},\"image\":{\"@id\":\"https:\/\/agenciainfra.com\/blog\/#\/schema\/logo\/image\/\"},\"sameAs\":[\"https:\/\/www.facebook.com\/ageninfra\",\"https:\/\/x.com\/agencia_infra\",\"https:\/\/www.linkedin.com\/company\/ag\u00eanciainfra\/\",\"https:\/\/www.instagram.com\/agenciainfra\/\"]},{\"@type\":\"Person\",\"@id\":\"https:\/\/agenciainfra.com\/blog\/#\/schema\/person\/34af08dff6adea4cb22b06612ba7acfa\",\"name\":\"Ag\u00eancia iNFRA\",\"image\":{\"@type\":\"ImageObject\",\"inLanguage\":\"pt-BR\",\"@id\":\"https:\/\/agenciainfra.com\/blog\/#\/schema\/person\/image\/\",\"url\":\"https:\/\/secure.gravatar.com\/avatar\/d189e01678f06d8eb84d4e01f08eb848b3fffe3f8443818d3c356c66892f5be8?s=96&d=mm&r=g\",\"contentUrl\":\"https:\/\/secure.gravatar.com\/avatar\/d189e01678f06d8eb84d4e01f08eb848b3fffe3f8443818d3c356c66892f5be8?s=96&d=mm&r=g\",\"caption\":\"Ag\u00eancia iNFRA\"},\"url\":\"https:\/\/agenciainfra.com\/blog\/author\/admin\/\"}]}<\/script>\n<!-- \/ Yoast SEO Premium plugin. -->","yoast_head_json":{"title":"Operadores reclamam de atrasos em investimentos no Porto de Santos e pedem redu\u00e7\u00e3o de tarifa - Ag\u00eancia iNFRA","robots":{"index":"index","follow":"follow","max-snippet":"max-snippet:-1","max-image-preview":"max-image-preview:large","max-video-preview":"max-video-preview:-1"},"canonical":"https:\/\/agenciainfra.com\/blog\/operadores-reclamam-de-atrasos-em-investimentos-no-porto-de-santos-e-pedem-reducao-de-tarifa\/","og_locale":"pt_BR","og_type":"article","og_title":"Operadores reclamam de atrasos em investimentos no Porto de Santos e pedem redu\u00e7\u00e3o de tarifa","og_description":"Sheyla Santos, da Ag\u00eancia iNFRA Os operadores portu\u00e1rios de Santos (SP) recorreram \u00e0 ANTAQ (Ag\u00eancia Nacional de Transportes Aquavi\u00e1rios) com pedido de medida cautelar visando a suspens\u00e3o imediata da cobran\u00e7a da tarifa da tabela 3 pela APS (Autoridade Portu\u00e1ria de Santos), que remunera o uso da infraestrutura operacional ou terrestre. No processo aberto pelo Sopesp [&hellip;]","og_url":"https:\/\/agenciainfra.com\/blog\/operadores-reclamam-de-atrasos-em-investimentos-no-porto-de-santos-e-pedem-reducao-de-tarifa\/","og_site_name":"Ag\u00eancia iNFRA","article_publisher":"https:\/\/www.facebook.com\/ageninfra","article_published_time":"2025-03-17T11:00:00+00:00","article_modified_time":"2025-03-21T09:26:47+00:00","og_image":[{"width":1024,"height":683,"url":"https:\/\/agenciainfra.com\/blog\/wp-content\/uploads\/2021\/11\/porto-de-santos-foto-codesp-1024x683.jpg","type":"image\/jpeg"}],"author":"Ag\u00eancia iNFRA","twitter_card":"summary_large_image","twitter_creator":"@agencia_infra","twitter_site":"@agencia_infra","twitter_misc":{"Escrito por":"Ag\u00eancia iNFRA","Est. tempo de leitura":"6 minutos"},"schema":{"@context":"https:\/\/schema.org","@graph":[{"@type":"Article","@id":"https:\/\/agenciainfra.com\/blog\/operadores-reclamam-de-atrasos-em-investimentos-no-porto-de-santos-e-pedem-reducao-de-tarifa\/#article","isPartOf":{"@id":"https:\/\/agenciainfra.com\/blog\/operadores-reclamam-de-atrasos-em-investimentos-no-porto-de-santos-e-pedem-reducao-de-tarifa\/"},"author":{"name":"Ag\u00eancia iNFRA","@id":"https:\/\/agenciainfra.com\/blog\/#\/schema\/person\/34af08dff6adea4cb22b06612ba7acfa"},"headline":"Operadores reclamam de atrasos em investimentos no Porto de Santos e pedem redu\u00e7\u00e3o de tarifa","datePublished":"2025-03-17T11:00:00+00:00","dateModified":"2025-03-21T09:26:47+00:00","mainEntityOfPage":{"@id":"https:\/\/agenciainfra.com\/blog\/operadores-reclamam-de-atrasos-em-investimentos-no-porto-de-santos-e-pedem-reducao-de-tarifa\/"},"wordCount":1307,"publisher":{"@id":"https:\/\/agenciainfra.com\/blog\/#organization"},"image":{"@id":"https:\/\/agenciainfra.com\/blog\/operadores-reclamam-de-atrasos-em-investimentos-no-porto-de-santos-e-pedem-reducao-de-tarifa\/#primaryimage"},"thumbnailUrl":"https:\/\/agenciainfra.com\/blog\/wp-content\/uploads\/2021\/11\/porto-de-santos-foto-codesp.jpg","keywords":["Afretamento de embarca\u00e7\u00f5es","APS","atrasos em investimentos","Bamin","compensa\u00e7\u00e3o tarif\u00e1ria","determina\u00e7\u00f5es \u00e0 APS","operadores portu\u00e1rios","operadores portu\u00e1rios de santos","plano de a\u00e7\u00e3o","Porto de Santos","portos","Sheyla Santos","tarifa de santos"],"articleSection":["Destaque lista","Geral","iNFRATransporte"],"inLanguage":"pt-BR","copyrightYear":"2025","copyrightHolder":{"@id":"https:\/\/agenciainfra.com\/blog\/#organization"}},{"@type":"WebPage","@id":"https:\/\/agenciainfra.com\/blog\/operadores-reclamam-de-atrasos-em-investimentos-no-porto-de-santos-e-pedem-reducao-de-tarifa\/","url":"https:\/\/agenciainfra.com\/blog\/operadores-reclamam-de-atrasos-em-investimentos-no-porto-de-santos-e-pedem-reducao-de-tarifa\/","name":"Operadores reclamam de atrasos em investimentos no Porto de Santos e pedem redu\u00e7\u00e3o de tarifa - Ag\u00eancia iNFRA","isPartOf":{"@id":"https:\/\/agenciainfra.com\/blog\/#website"},"primaryImageOfPage":{"@id":"https:\/\/agenciainfra.com\/blog\/operadores-reclamam-de-atrasos-em-investimentos-no-porto-de-santos-e-pedem-reducao-de-tarifa\/#primaryimage"},"image":{"@id":"https:\/\/agenciainfra.com\/blog\/operadores-reclamam-de-atrasos-em-investimentos-no-porto-de-santos-e-pedem-reducao-de-tarifa\/#primaryimage"},"thumbnailUrl":"https:\/\/agenciainfra.com\/blog\/wp-content\/uploads\/2021\/11\/porto-de-santos-foto-codesp.jpg","datePublished":"2025-03-17T11:00:00+00:00","dateModified":"2025-03-21T09:26:47+00:00","breadcrumb":{"@id":"https:\/\/agenciainfra.com\/blog\/operadores-reclamam-de-atrasos-em-investimentos-no-porto-de-santos-e-pedem-reducao-de-tarifa\/#breadcrumb"},"inLanguage":"pt-BR","potentialAction":[{"@type":"ReadAction","target":["https:\/\/agenciainfra.com\/blog\/operadores-reclamam-de-atrasos-em-investimentos-no-porto-de-santos-e-pedem-reducao-de-tarifa\/"]}]},{"@type":"ImageObject","inLanguage":"pt-BR","@id":"https:\/\/agenciainfra.com\/blog\/operadores-reclamam-de-atrasos-em-investimentos-no-porto-de-santos-e-pedem-reducao-de-tarifa\/#primaryimage","url":"https:\/\/agenciainfra.com\/blog\/wp-content\/uploads\/2021\/11\/porto-de-santos-foto-codesp.jpg","contentUrl":"https:\/\/agenciainfra.com\/blog\/wp-content\/uploads\/2021\/11\/porto-de-santos-foto-codesp.jpg","width":2126,"height":1417},{"@type":"BreadcrumbList","@id":"https:\/\/agenciainfra.com\/blog\/operadores-reclamam-de-atrasos-em-investimentos-no-porto-de-santos-e-pedem-reducao-de-tarifa\/#breadcrumb","itemListElement":[{"@type":"ListItem","position":1,"name":"In\u00edcio","item":"https:\/\/agenciainfra.com\/blog\/"},{"@type":"ListItem","position":2,"name":"Operadores reclamam de atrasos em investimentos no Porto de Santos e pedem redu\u00e7\u00e3o de tarifa"}]},{"@type":"WebSite","@id":"https:\/\/agenciainfra.com\/blog\/#website","url":"https:\/\/agenciainfra.com\/blog\/","name":"Ag\u00eancia iNFRA","description":"Multiplataforma de informa\u00e7\u00e3o jornal\u00edstica refer\u00eancia na \u00e1rea de infraestrutura no Brasil!","publisher":{"@id":"https:\/\/agenciainfra.com\/blog\/#organization"},"potentialAction":[{"@type":"SearchAction","target":{"@type":"EntryPoint","urlTemplate":"https:\/\/agenciainfra.com\/blog\/?s={search_term_string}"},"query-input":{"@type":"PropertyValueSpecification","valueRequired":true,"valueName":"search_term_string"}}],"inLanguage":"pt-BR"},{"@type":"Organization","@id":"https:\/\/agenciainfra.com\/blog\/#organization","name":"Ag\u00eancia iNFRA","url":"https:\/\/agenciainfra.com\/blog\/","logo":{"@type":"ImageObject","inLanguage":"pt-BR","@id":"https:\/\/agenciainfra.com\/blog\/#\/schema\/logo\/image\/","url":"https:\/\/agenciainfra.com\/blog\/wp-content\/uploads\/2023\/09\/iNFRA_5-e1761735885940.png","contentUrl":"https:\/\/agenciainfra.com\/blog\/wp-content\/uploads\/2023\/09\/iNFRA_5-e1761735885940.png","width":1672,"height":454,"caption":"Ag\u00eancia iNFRA"},"image":{"@id":"https:\/\/agenciainfra.com\/blog\/#\/schema\/logo\/image\/"},"sameAs":["https:\/\/www.facebook.com\/ageninfra","https:\/\/x.com\/agencia_infra","https:\/\/www.linkedin.com\/company\/ag\u00eanciainfra\/","https:\/\/www.instagram.com\/agenciainfra\/"]},{"@type":"Person","@id":"https:\/\/agenciainfra.com\/blog\/#\/schema\/person\/34af08dff6adea4cb22b06612ba7acfa","name":"Ag\u00eancia iNFRA","image":{"@type":"ImageObject","inLanguage":"pt-BR","@id":"https:\/\/agenciainfra.com\/blog\/#\/schema\/person\/image\/","url":"https:\/\/secure.gravatar.com\/avatar\/d189e01678f06d8eb84d4e01f08eb848b3fffe3f8443818d3c356c66892f5be8?s=96&d=mm&r=g","contentUrl":"https:\/\/secure.gravatar.com\/avatar\/d189e01678f06d8eb84d4e01f08eb848b3fffe3f8443818d3c356c66892f5be8?s=96&d=mm&r=g","caption":"Ag\u00eancia iNFRA"},"url":"https:\/\/agenciainfra.com\/blog\/author\/admin\/"}]}},"_links":{"self":[{"href":"https:\/\/agenciainfra.com\/blog\/wp-json\/wp\/v2\/posts\/20544","targetHints":{"allow":["GET"]}}],"collection":[{"href":"https:\/\/agenciainfra.com\/blog\/wp-json\/wp\/v2\/posts"}],"about":[{"href":"https:\/\/agenciainfra.com\/blog\/wp-json\/wp\/v2\/types\/post"}],"author":[{"embeddable":true,"href":"https:\/\/agenciainfra.com\/blog\/wp-json\/wp\/v2\/users\/1"}],"replies":[{"embeddable":true,"href":"https:\/\/agenciainfra.com\/blog\/wp-json\/wp\/v2\/comments?post=20544"}],"version-history":[{"count":1,"href":"https:\/\/agenciainfra.com\/blog\/wp-json\/wp\/v2\/posts\/20544\/revisions"}],"predecessor-version":[{"id":20545,"href":"https:\/\/agenciainfra.com\/blog\/wp-json\/wp\/v2\/posts\/20544\/revisions\/20545"}],"wp:featuredmedia":[{"embeddable":true,"href":"https:\/\/agenciainfra.com\/blog\/wp-json\/wp\/v2\/media\/8912"}],"wp:attachment":[{"href":"https:\/\/agenciainfra.com\/blog\/wp-json\/wp\/v2\/media?parent=20544"}],"wp:term":[{"taxonomy":"category","embeddable":true,"href":"https:\/\/agenciainfra.com\/blog\/wp-json\/wp\/v2\/categories?post=20544"},{"taxonomy":"post_tag","embeddable":true,"href":"https:\/\/agenciainfra.com\/blog\/wp-json\/wp\/v2\/tags?post=20544"}],"curies":[{"name":"wp","href":"https:\/\/api.w.org\/{rel}","templated":true}]}}