{"id":20573,"date":"2025-03-18T08:00:00","date_gmt":"2025-03-18T11:00:00","guid":{"rendered":"https:\/\/agenciainfra.com\/blog\/?p=20573"},"modified":"2025-03-24T06:15:51","modified_gmt":"2025-03-24T09:15:51","slug":"novo-diretor-da-antt-divide-superintendencia-de-concessoes-entre-rodovias-e-ferrovias","status":"publish","type":"post","link":"https:\/\/agenciainfra.com\/blog\/novo-diretor-da-antt-divide-superintendencia-de-concessoes-entre-rodovias-e-ferrovias\/","title":{"rendered":"Novo diretor da ANTT divide superintend\u00eancia de concess\u00f5es entre rodovias e ferrovias"},"content":{"rendered":"\n<p class=\"has-text-align-right\"><strong>Dimmi Amora e Sheyla Santos, da Ag\u00eancia iNFRA<\/strong><\/p>\n\n\n\n<p>A ANTT (Ag\u00eancia Nacional de Transportes Terrestres) vai dividir as&nbsp;fun\u00e7\u00f5es na Sucon (Superintend\u00eancia de Concess\u00e3o da Infraestrutura) para fazer frente ao aumento no volume de demandas,&nbsp;com uma equipe voltada ao estudo para concess\u00f5es de&nbsp;ferrovias e outra dedicada ao pacote rodovi\u00e1rio, que inclui, al\u00e9m dos leil\u00f5es, grande volume de repactua\u00e7\u00f5es de&nbsp; contratos, tamb\u00e9m chamadas de otimiza\u00e7\u00f5es.<br><br>A informa\u00e7\u00e3o foi dada em entrevista \u00e0 <strong>Ag\u00eancia iNFRA<\/strong>&nbsp;pelo&nbsp;diretor-geral interino da ag\u00eancia, Guilherme Sampaio, que assumiu o posto em fevereiro, com a sa\u00edda do ex-diretor-geral Rafael Vitale, e est\u00e1 indicado pelo governo ao Senado para ficar em definitivo com a vaga.<br><br>Al\u00e9m da mudan\u00e7a na Sucon, feita com uma reorganiza\u00e7\u00e3o interna, sem a cria\u00e7\u00e3o de novos cargos, Sampaio destacou a cria\u00e7\u00e3o da Superintend\u00eancia de Sustentabilidade&nbsp;e&nbsp;de uma coordena\u00e7\u00e3o de Seguran\u00e7a Vi\u00e1ria na ag\u00eancia com principais mudan\u00e7as em rela\u00e7\u00e3o \u00e0 gest\u00e3o anterior, que ele afirma que ter\u00e1&nbsp;continuidade, mantendo o padr\u00e3o de &#8220;excel\u00eancia regulat\u00f3ria&#8221; que a ag\u00eancia vem desempenhando nos \u00faltimos anos.<br>&nbsp;<br>&#8220;Foi importante o apoio que o Vitale [ex-diretor-geral], os outros diretores e sobretudo o pr\u00f3prio time da ag\u00eancia para essas mudan\u00e7as. O di\u00e1logo foi grande desde a [minha] indica\u00e7\u00e3o no fim do ano passado, o que possibilitou o horizonte do que t\u00ednhamos que fazer&#8221;, disse Sampaio que \u00e9 diretor da ag\u00eancia desde 2021.<br><br>Atualmente, a Sucon tem uma estrutura \u00fanica para fazer todo o trabalho de an\u00e1lise de novas concess\u00f5es e tamb\u00e9m das repactua\u00e7\u00f5es de contratos, tanto para rodovias como para ferrovias. Mas o n\u00famero de projetos vem aumentando significativamente e a decis\u00e3o foi por refor\u00e7ar e dividir a \u00e1rea em duas como forma de acelerar os projetos. Marcelo Fonseca foi mantido como superintendente.<br><br>Nas rodovias, o desafio j\u00e1 est\u00e1 estabelecido. Dos&nbsp;<a href=\"https:\/\/agenciainfra.com\/blog\/governo-tem-como-meta-realizar-15-leiloes-de-concessoes-rodoviarias-em-2025-diz-ministro-renan-filho\/\" target=\"_blank\" rel=\"noreferrer noopener\">15 leil\u00f5es de rodovias<\/a>&nbsp;previstos para 2025, anunciados pelo&nbsp;<a href=\"https:\/\/agenciainfra.com\/blog\/ministro-dos-transportes-estima-de-10-a-15-novas-concessoes-rodoviarias-para-2025\/\" target=\"_blank\" rel=\"noreferrer noopener\">ministro<\/a>&nbsp;dos Transportes, Renan Filho, 13 est\u00e3o sob a governan\u00e7a da ANTT. \u201cInternamente, n\u00f3s temos a tranquilidade de que n\u00f3s vamos conseguir executar o cronograma, o pipeline apresentado. Isso \u00e9 possibilitado pela maturidade do minist\u00e9rio, da ag\u00eancia e dos modeladores\u201d, ressalta.<br><br>Mas, al\u00e9m dos leil\u00f5es de novos trechos, a ag\u00eancia estima solucionar, no m\u00e1ximo at\u00e9 2026, os passivos contratuais das concess\u00f5es rodovi\u00e1rias, por meio da regulariza\u00e7\u00e3o de ativos. \u201cNeste ano a gente vai conseguir, no mais tardar no in\u00edcio do pr\u00f3ximo ano, regularizar todos aqueles ativos que temos, seja otimizando os contratos, seja finalizando ou dando uma outra destina\u00e7\u00e3o para eles.&#8221;<br><br>Outra frente em que o diretor espera haver ganho de tra\u00e7\u00e3o, ap\u00f3s \u201cmaturidade constru\u00edda\u201d em \u00e2mbito regulat\u00f3rio, \u00e9 no setor ferrovi\u00e1rio. \u201cN\u00f3s vamos ter otimiza\u00e7\u00e3o de contratos de ferrovias e, quem sabe tamb\u00e9m, solucionar algumas renova\u00e7\u00f5es que est\u00e3o em curso\u201d, disse. \u201cPara isso n\u00f3s precisamos ter uma estrutura que fa\u00e7a frente \u00e0s condi\u00e7\u00f5es. E a\u00ed n\u00f3s come\u00e7amos a dialogar internamente o que poderia ser a necessidade de fortalecer as \u00e1reas com essa necessidade.\u201d<br><br>Segundo ele, al\u00e9m dos dois processos que j\u00e1 est\u00e3o em audi\u00eancia p\u00fablica para novas licita\u00e7\u00f5es (EF-118 entre Rio de Janeiro e Esp\u00edrito Santo e o corredor Fico\/Fiol), a ag\u00eancia est\u00e1 com processos de repactua\u00e7\u00e3o nos contratos da MRS e da Vale em andamento, al\u00e9m da Malha Oeste e da Ferrovia Transnordestina.<br><br>Sampaio afirmou que a ANTT vive um bom momento com seus parceiros. Ele fala que h\u00e1 rela\u00e7\u00e3o &#8220;ativa&#8221; e &#8220;din\u00e2mica&#8221; com a Infra S.A. e elogia o bom momento da ag\u00eancia com o BNDES (Banco Nacional de Desenvolvimento Econ\u00f4mico e Social) na estrutura\u00e7\u00e3o de projetos. O diretor-geral interino ressalta que, diante da qualidade da gest\u00e3o contratual e da modelagem regulat\u00f3ria, o banco de fomento tem dado \u201cleil\u00e3o ap\u00f3s leil\u00e3o\u201d carta de garantia de cr\u00e9dito para os projetos.<br><br><strong>Empoderamento pol\u00edtico<\/strong><br>O diretor tamb\u00e9m falou que h\u00e1 boa rela\u00e7\u00e3o com o TCU (Tribunal de Contas da Uni\u00e3o), com a CGU (Controladoria-Geral da Uni\u00e3o) e destacou que o modelo da chamada 5\u00aa etapa de concess\u00f5es rodovi\u00e1rias permite que se acompanhe a evolu\u00e7\u00e3o da ANTT. Segundo ele, o Minist\u00e9rio dos Transportes empoderou politicamente a ag\u00eancia, n\u00e3o apenas no sentido de avan\u00e7ar com novos leil\u00f5es, mas de solucionar antigos problemas.&nbsp;<\/p>\n\n\n\n<p>Esses problemas aconteceram em praticamente todos os contratos das tr\u00eas primeiras etapas de concess\u00f5es, at\u00e9 2013. A 1\u00aa etapa, iniciada na d\u00e9cada de 1990, s\u00f3 ter\u00e1 seus \u00faltimos contratos finalizados a partir deste ano, com a concess\u00e3o da BR-040\/RJ e a nova licita\u00e7\u00e3o para a Ecosul (RS), provavelmente em 2026. Mas ele ressaltou que o cen\u00e1rio mudou a partir da&nbsp;4\u00aa etapa, com contratos sendo cumpridos, execu\u00e7\u00e3o sem inadimpl\u00eancia e antecipa\u00e7\u00e3o de obras.<br><br><strong>Pol\u00edtica ESG<\/strong><br>A ag\u00eancia criou tamb\u00e9m&nbsp;a Superintend\u00eancia de Sustentabilidade, que ter\u00e1, segundo Sampaio, um car\u00e1ter mais transversal, incluindo modais de transporte de ferrovias e de rodovias tanto voltados para cargas como para passageiros. Cynthia Ruas foi nomeada superintendente. Al\u00e9m da governan\u00e7a, tema caro \u00e0 ag\u00eancia, ele conta que o objetivo \u00e9 trabalhar nas \u00e1reas ambiental e social, incluindo o aumento da participa\u00e7\u00e3o feminina da ag\u00eancia em cargos de lideran\u00e7a.<br><br>\u201cO objetivo nosso \u00e9 a transversalidade da parte ambiental, do social. E o social nosso vai ser muito importante, com o S [de social] na veia, que \u00e9 com a empregabilidade, a igualdade de g\u00eanero\u201d, avaliou.<br><br>O diretor afirmou que a ANTT trabalha juntamente com o Minist\u00e9rio da Justi\u00e7a para ajudar a minimizar o&nbsp;problema da falta de m\u00e3o de obra no setor, que segundo ele deve&nbsp;se acirrar diante do volume de investimentos em obras previsto&nbsp;nas novas concess\u00f5es. A ag\u00eancia assinou em fevereiro um medida para estimular a contrata\u00e7\u00e3o de detentos no setor de infraestrutura e incentivar as concession\u00e1rias a fazer a contrata\u00e7\u00e3o desse p\u00fablico.<br><br><strong>Centro de estudos<\/strong><br>A nova estrutura prev\u00ea a cria\u00e7\u00e3o de um Centro de Estudos de Infraestrutura de Transportes Terrestres, que dispor\u00e1 de espa\u00e7o f\u00edsico na sede da ag\u00eancia, em Bras\u00edlia. A ideia, segundo Guilherme, \u00e9 fomentar \u201cde forma transparente\u201d a massa cr\u00edtica interna da ag\u00eancia, que em seu entendimento j\u00e1 disp\u00f5e de um corpo de excel\u00eancia, por meio da realiza\u00e7\u00e3o de workshops, palestras e cursos sobre o setor, estando em di\u00e1logo constante com minist\u00e9rio, \u00f3rg\u00e3os internacionais e de controle, entes subnacionais, representantes da academia, entre outros p\u00fablicos.<br><br>\u201cOs contratos s\u00e3o din\u00e2micos, a estrutura din\u00e2mica, o mercado din\u00e2mico. Ent\u00e3o, a gente tem que estar constantemente fazendo essa revis\u00e3o interna e fomentar essa discuss\u00e3o. E a gente tem ferramentas boas disso, que \u00e9 o nosso pr\u00f3prio RDT [Recursos para Desenvolvimento Tecnol\u00f3gico].\u201d<\/p>\n\n\n\n<p><em>Mat\u00e9ria atualizada no dia 21 de mar\u00e7o, \u00e0s 12h09, para corre\u00e7\u00e3o de informa\u00e7\u00e3o de que Marcelo Sampaio foi mantido como superintendente da Sucon (Superintend\u00eancia de Concess\u00e3o da Infraestrutura). Na verdade, quem foi mantido como superintendente da Sucon foi Marcelo Fonseca.<\/em><\/p>\n","protected":false},"excerpt":{"rendered":"<p>Dimmi Amora e Sheyla Santos, da Ag\u00eancia iNFRA A ANTT (Ag\u00eancia Nacional de Transportes Terrestres) vai dividir as&nbsp;fun\u00e7\u00f5es na Sucon (Superintend\u00eancia de Concess\u00e3o da Infraestrutura) para fazer frente ao aumento no volume de demandas,&nbsp;com uma equipe voltada ao estudo para concess\u00f5es de&nbsp;ferrovias e outra dedicada ao pacote rodovi\u00e1rio, que inclui, al\u00e9m dos leil\u00f5es, grande volume [&hellip;]<\/p>\n","protected":false},"author":1,"featured_media":15212,"comment_status":"closed","ping_status":"closed","sticky":false,"template":"","format":"standard","meta":{"_monsterinsights_skip_tracking":false,"_monsterinsights_sitenote_active":false,"_monsterinsights_sitenote_note":"","_monsterinsights_sitenote_category":0,"footnotes":""},"categories":[9714,1,7],"tags":[19,78,1299,11944,4168,12833,12835,8010,8838,2009,12834],"class_list":["post-20573","post","type-post","status-publish","format-standard","has-post-thumbnail","hentry","category-destaque-menor","category-geral","category-infratransporte","tag-antt","tag-concessoes","tag-dimmi-amora","tag-diretoria-da-antt","tag-guilherme-sampaio","tag-novo-diretor-da-antt","tag-politica-esg","tag-repactuacao-de-contratos","tag-sheyla-santos","tag-sucon","tag-superintendencia-de-concessao-da-infraestrutura"],"yoast_head":"<!-- This site is optimized with the Yoast SEO Premium plugin v25.4 (Yoast SEO v26.0) - https:\/\/yoast.com\/wordpress\/plugins\/seo\/ -->\n<title>Novo diretor da ANTT divide superintend\u00eancia de concess\u00f5es entre rodovias e ferrovias - Ag\u00eancia iNFRA<\/title>\n<meta name=\"robots\" content=\"index, follow, max-snippet:-1, max-image-preview:large, max-video-preview:-1\" \/>\n<link rel=\"canonical\" href=\"https:\/\/agenciainfra.com\/blog\/novo-diretor-da-antt-divide-superintendencia-de-concessoes-entre-rodovias-e-ferrovias\/\" \/>\n<meta property=\"og:locale\" content=\"pt_BR\" \/>\n<meta property=\"og:type\" content=\"article\" \/>\n<meta property=\"og:title\" content=\"Novo diretor da ANTT divide superintend\u00eancia de concess\u00f5es entre rodovias e ferrovias\" \/>\n<meta property=\"og:description\" content=\"Dimmi Amora e Sheyla Santos, da Ag\u00eancia iNFRA A ANTT (Ag\u00eancia Nacional de Transportes Terrestres) vai dividir as&nbsp;fun\u00e7\u00f5es na Sucon (Superintend\u00eancia de Concess\u00e3o da Infraestrutura) para fazer frente ao aumento no volume de demandas,&nbsp;com uma equipe voltada ao estudo para concess\u00f5es de&nbsp;ferrovias e outra dedicada ao pacote rodovi\u00e1rio, que inclui, al\u00e9m dos leil\u00f5es, grande volume [&hellip;]\" \/>\n<meta property=\"og:url\" content=\"https:\/\/agenciainfra.com\/blog\/novo-diretor-da-antt-divide-superintendencia-de-concessoes-entre-rodovias-e-ferrovias\/\" \/>\n<meta property=\"og:site_name\" content=\"Ag\u00eancia iNFRA\" \/>\n<meta property=\"article:publisher\" content=\"https:\/\/www.facebook.com\/ageninfra\" \/>\n<meta property=\"article:published_time\" content=\"2025-03-18T11:00:00+00:00\" \/>\n<meta property=\"article:modified_time\" content=\"2025-03-24T09:15:51+00:00\" \/>\n<meta property=\"og:image\" content=\"https:\/\/agenciainfra.com\/blog\/wp-content\/uploads\/2024\/01\/guilherme-sampaio-foto-almg-1.jpg\" \/>\n\t<meta property=\"og:image:width\" content=\"1202\" \/>\n\t<meta property=\"og:image:height\" content=\"800\" \/>\n\t<meta property=\"og:image:type\" content=\"image\/jpeg\" \/>\n<meta name=\"author\" content=\"Ag\u00eancia iNFRA\" \/>\n<meta name=\"twitter:card\" content=\"summary_large_image\" \/>\n<meta name=\"twitter:creator\" content=\"@agencia_infra\" \/>\n<meta name=\"twitter:site\" content=\"@agencia_infra\" \/>\n<meta name=\"twitter:label1\" content=\"Escrito por\" \/>\n\t<meta name=\"twitter:data1\" content=\"Ag\u00eancia iNFRA\" \/>\n\t<meta name=\"twitter:label2\" content=\"Est. tempo de leitura\" \/>\n\t<meta name=\"twitter:data2\" content=\"6 minutos\" \/>\n<script type=\"application\/ld+json\" class=\"yoast-schema-graph\">{\"@context\":\"https:\/\/schema.org\",\"@graph\":[{\"@type\":\"Article\",\"@id\":\"https:\/\/agenciainfra.com\/blog\/novo-diretor-da-antt-divide-superintendencia-de-concessoes-entre-rodovias-e-ferrovias\/#article\",\"isPartOf\":{\"@id\":\"https:\/\/agenciainfra.com\/blog\/novo-diretor-da-antt-divide-superintendencia-de-concessoes-entre-rodovias-e-ferrovias\/\"},\"author\":{\"name\":\"Ag\u00eancia iNFRA\",\"@id\":\"https:\/\/agenciainfra.com\/blog\/#\/schema\/person\/34af08dff6adea4cb22b06612ba7acfa\"},\"headline\":\"Novo diretor da ANTT divide superintend\u00eancia de concess\u00f5es entre rodovias e ferrovias\",\"datePublished\":\"2025-03-18T11:00:00+00:00\",\"dateModified\":\"2025-03-24T09:15:51+00:00\",\"mainEntityOfPage\":{\"@id\":\"https:\/\/agenciainfra.com\/blog\/novo-diretor-da-antt-divide-superintendencia-de-concessoes-entre-rodovias-e-ferrovias\/\"},\"wordCount\":1275,\"publisher\":{\"@id\":\"https:\/\/agenciainfra.com\/blog\/#organization\"},\"image\":{\"@id\":\"https:\/\/agenciainfra.com\/blog\/novo-diretor-da-antt-divide-superintendencia-de-concessoes-entre-rodovias-e-ferrovias\/#primaryimage\"},\"thumbnailUrl\":\"https:\/\/agenciainfra.com\/blog\/wp-content\/uploads\/2024\/01\/guilherme-sampaio-foto-almg-1.jpg\",\"keywords\":[\"ANTT\",\"concess\u00f5es\",\"Dimmi Amora\",\"diretoria da antt\",\"Guilherme Sampaio\",\"novo diretor da antt\",\"pol\u00edtica esg\",\"repactua\u00e7\u00e3o de contratos\",\"Sheyla Santos\",\"Sucon\",\"superintend\u00eancia de concess\u00e3o da infraestrutura\"],\"articleSection\":[\"Destaque Menor\",\"Geral\",\"iNFRATransporte\"],\"inLanguage\":\"pt-BR\",\"copyrightYear\":\"2025\",\"copyrightHolder\":{\"@id\":\"https:\/\/agenciainfra.com\/blog\/#organization\"}},{\"@type\":\"WebPage\",\"@id\":\"https:\/\/agenciainfra.com\/blog\/novo-diretor-da-antt-divide-superintendencia-de-concessoes-entre-rodovias-e-ferrovias\/\",\"url\":\"https:\/\/agenciainfra.com\/blog\/novo-diretor-da-antt-divide-superintendencia-de-concessoes-entre-rodovias-e-ferrovias\/\",\"name\":\"Novo diretor da ANTT divide superintend\u00eancia de concess\u00f5es entre rodovias e ferrovias - Ag\u00eancia iNFRA\",\"isPartOf\":{\"@id\":\"https:\/\/agenciainfra.com\/blog\/#website\"},\"primaryImageOfPage\":{\"@id\":\"https:\/\/agenciainfra.com\/blog\/novo-diretor-da-antt-divide-superintendencia-de-concessoes-entre-rodovias-e-ferrovias\/#primaryimage\"},\"image\":{\"@id\":\"https:\/\/agenciainfra.com\/blog\/novo-diretor-da-antt-divide-superintendencia-de-concessoes-entre-rodovias-e-ferrovias\/#primaryimage\"},\"thumbnailUrl\":\"https:\/\/agenciainfra.com\/blog\/wp-content\/uploads\/2024\/01\/guilherme-sampaio-foto-almg-1.jpg\",\"datePublished\":\"2025-03-18T11:00:00+00:00\",\"dateModified\":\"2025-03-24T09:15:51+00:00\",\"breadcrumb\":{\"@id\":\"https:\/\/agenciainfra.com\/blog\/novo-diretor-da-antt-divide-superintendencia-de-concessoes-entre-rodovias-e-ferrovias\/#breadcrumb\"},\"inLanguage\":\"pt-BR\",\"potentialAction\":[{\"@type\":\"ReadAction\",\"target\":[\"https:\/\/agenciainfra.com\/blog\/novo-diretor-da-antt-divide-superintendencia-de-concessoes-entre-rodovias-e-ferrovias\/\"]}]},{\"@type\":\"ImageObject\",\"inLanguage\":\"pt-BR\",\"@id\":\"https:\/\/agenciainfra.com\/blog\/novo-diretor-da-antt-divide-superintendencia-de-concessoes-entre-rodovias-e-ferrovias\/#primaryimage\",\"url\":\"https:\/\/agenciainfra.com\/blog\/wp-content\/uploads\/2024\/01\/guilherme-sampaio-foto-almg-1.jpg\",\"contentUrl\":\"https:\/\/agenciainfra.com\/blog\/wp-content\/uploads\/2024\/01\/guilherme-sampaio-foto-almg-1.jpg\",\"width\":1202,\"height\":800,\"caption\":\"Foto: ALMG\"},{\"@type\":\"BreadcrumbList\",\"@id\":\"https:\/\/agenciainfra.com\/blog\/novo-diretor-da-antt-divide-superintendencia-de-concessoes-entre-rodovias-e-ferrovias\/#breadcrumb\",\"itemListElement\":[{\"@type\":\"ListItem\",\"position\":1,\"name\":\"In\u00edcio\",\"item\":\"https:\/\/agenciainfra.com\/blog\/\"},{\"@type\":\"ListItem\",\"position\":2,\"name\":\"Novo diretor da ANTT divide superintend\u00eancia de concess\u00f5es entre rodovias e ferrovias\"}]},{\"@type\":\"WebSite\",\"@id\":\"https:\/\/agenciainfra.com\/blog\/#website\",\"url\":\"https:\/\/agenciainfra.com\/blog\/\",\"name\":\"Ag\u00eancia iNFRA\",\"description\":\"Multiplataforma de informa\u00e7\u00e3o jornal\u00edstica refer\u00eancia na \u00e1rea de infraestrutura no Brasil!\",\"publisher\":{\"@id\":\"https:\/\/agenciainfra.com\/blog\/#organization\"},\"potentialAction\":[{\"@type\":\"SearchAction\",\"target\":{\"@type\":\"EntryPoint\",\"urlTemplate\":\"https:\/\/agenciainfra.com\/blog\/?s={search_term_string}\"},\"query-input\":{\"@type\":\"PropertyValueSpecification\",\"valueRequired\":true,\"valueName\":\"search_term_string\"}}],\"inLanguage\":\"pt-BR\"},{\"@type\":\"Organization\",\"@id\":\"https:\/\/agenciainfra.com\/blog\/#organization\",\"name\":\"Ag\u00eancia iNFRA\",\"url\":\"https:\/\/agenciainfra.com\/blog\/\",\"logo\":{\"@type\":\"ImageObject\",\"inLanguage\":\"pt-BR\",\"@id\":\"https:\/\/agenciainfra.com\/blog\/#\/schema\/logo\/image\/\",\"url\":\"https:\/\/agenciainfra.com\/blog\/wp-content\/uploads\/2023\/09\/iNFRA_5-e1761735885940.png\",\"contentUrl\":\"https:\/\/agenciainfra.com\/blog\/wp-content\/uploads\/2023\/09\/iNFRA_5-e1761735885940.png\",\"width\":1672,\"height\":454,\"caption\":\"Ag\u00eancia iNFRA\"},\"image\":{\"@id\":\"https:\/\/agenciainfra.com\/blog\/#\/schema\/logo\/image\/\"},\"sameAs\":[\"https:\/\/www.facebook.com\/ageninfra\",\"https:\/\/x.com\/agencia_infra\",\"https:\/\/www.linkedin.com\/company\/ag\u00eanciainfra\/\",\"https:\/\/www.instagram.com\/agenciainfra\/\"]},{\"@type\":\"Person\",\"@id\":\"https:\/\/agenciainfra.com\/blog\/#\/schema\/person\/34af08dff6adea4cb22b06612ba7acfa\",\"name\":\"Ag\u00eancia iNFRA\",\"image\":{\"@type\":\"ImageObject\",\"inLanguage\":\"pt-BR\",\"@id\":\"https:\/\/agenciainfra.com\/blog\/#\/schema\/person\/image\/\",\"url\":\"https:\/\/secure.gravatar.com\/avatar\/d189e01678f06d8eb84d4e01f08eb848b3fffe3f8443818d3c356c66892f5be8?s=96&d=mm&r=g\",\"contentUrl\":\"https:\/\/secure.gravatar.com\/avatar\/d189e01678f06d8eb84d4e01f08eb848b3fffe3f8443818d3c356c66892f5be8?s=96&d=mm&r=g\",\"caption\":\"Ag\u00eancia iNFRA\"},\"url\":\"https:\/\/agenciainfra.com\/blog\/author\/admin\/\"}]}<\/script>\n<!-- \/ Yoast SEO Premium plugin. -->","yoast_head_json":{"title":"Novo diretor da ANTT divide superintend\u00eancia de concess\u00f5es entre rodovias e ferrovias - Ag\u00eancia iNFRA","robots":{"index":"index","follow":"follow","max-snippet":"max-snippet:-1","max-image-preview":"max-image-preview:large","max-video-preview":"max-video-preview:-1"},"canonical":"https:\/\/agenciainfra.com\/blog\/novo-diretor-da-antt-divide-superintendencia-de-concessoes-entre-rodovias-e-ferrovias\/","og_locale":"pt_BR","og_type":"article","og_title":"Novo diretor da ANTT divide superintend\u00eancia de concess\u00f5es entre rodovias e ferrovias","og_description":"Dimmi Amora e Sheyla Santos, da Ag\u00eancia iNFRA A ANTT (Ag\u00eancia Nacional de Transportes Terrestres) vai dividir as&nbsp;fun\u00e7\u00f5es na Sucon (Superintend\u00eancia de Concess\u00e3o da Infraestrutura) para fazer frente ao aumento no volume de demandas,&nbsp;com uma equipe voltada ao estudo para concess\u00f5es de&nbsp;ferrovias e outra dedicada ao pacote rodovi\u00e1rio, que inclui, al\u00e9m dos leil\u00f5es, grande volume [&hellip;]","og_url":"https:\/\/agenciainfra.com\/blog\/novo-diretor-da-antt-divide-superintendencia-de-concessoes-entre-rodovias-e-ferrovias\/","og_site_name":"Ag\u00eancia iNFRA","article_publisher":"https:\/\/www.facebook.com\/ageninfra","article_published_time":"2025-03-18T11:00:00+00:00","article_modified_time":"2025-03-24T09:15:51+00:00","og_image":[{"width":1202,"height":800,"url":"https:\/\/agenciainfra.com\/blog\/wp-content\/uploads\/2024\/01\/guilherme-sampaio-foto-almg-1.jpg","type":"image\/jpeg"}],"author":"Ag\u00eancia iNFRA","twitter_card":"summary_large_image","twitter_creator":"@agencia_infra","twitter_site":"@agencia_infra","twitter_misc":{"Escrito por":"Ag\u00eancia iNFRA","Est. tempo de leitura":"6 minutos"},"schema":{"@context":"https:\/\/schema.org","@graph":[{"@type":"Article","@id":"https:\/\/agenciainfra.com\/blog\/novo-diretor-da-antt-divide-superintendencia-de-concessoes-entre-rodovias-e-ferrovias\/#article","isPartOf":{"@id":"https:\/\/agenciainfra.com\/blog\/novo-diretor-da-antt-divide-superintendencia-de-concessoes-entre-rodovias-e-ferrovias\/"},"author":{"name":"Ag\u00eancia iNFRA","@id":"https:\/\/agenciainfra.com\/blog\/#\/schema\/person\/34af08dff6adea4cb22b06612ba7acfa"},"headline":"Novo diretor da ANTT divide superintend\u00eancia de concess\u00f5es entre rodovias e ferrovias","datePublished":"2025-03-18T11:00:00+00:00","dateModified":"2025-03-24T09:15:51+00:00","mainEntityOfPage":{"@id":"https:\/\/agenciainfra.com\/blog\/novo-diretor-da-antt-divide-superintendencia-de-concessoes-entre-rodovias-e-ferrovias\/"},"wordCount":1275,"publisher":{"@id":"https:\/\/agenciainfra.com\/blog\/#organization"},"image":{"@id":"https:\/\/agenciainfra.com\/blog\/novo-diretor-da-antt-divide-superintendencia-de-concessoes-entre-rodovias-e-ferrovias\/#primaryimage"},"thumbnailUrl":"https:\/\/agenciainfra.com\/blog\/wp-content\/uploads\/2024\/01\/guilherme-sampaio-foto-almg-1.jpg","keywords":["ANTT","concess\u00f5es","Dimmi Amora","diretoria da antt","Guilherme Sampaio","novo diretor da antt","pol\u00edtica esg","repactua\u00e7\u00e3o de contratos","Sheyla Santos","Sucon","superintend\u00eancia de concess\u00e3o da infraestrutura"],"articleSection":["Destaque Menor","Geral","iNFRATransporte"],"inLanguage":"pt-BR","copyrightYear":"2025","copyrightHolder":{"@id":"https:\/\/agenciainfra.com\/blog\/#organization"}},{"@type":"WebPage","@id":"https:\/\/agenciainfra.com\/blog\/novo-diretor-da-antt-divide-superintendencia-de-concessoes-entre-rodovias-e-ferrovias\/","url":"https:\/\/agenciainfra.com\/blog\/novo-diretor-da-antt-divide-superintendencia-de-concessoes-entre-rodovias-e-ferrovias\/","name":"Novo diretor da ANTT divide superintend\u00eancia de concess\u00f5es entre rodovias e ferrovias - Ag\u00eancia iNFRA","isPartOf":{"@id":"https:\/\/agenciainfra.com\/blog\/#website"},"primaryImageOfPage":{"@id":"https:\/\/agenciainfra.com\/blog\/novo-diretor-da-antt-divide-superintendencia-de-concessoes-entre-rodovias-e-ferrovias\/#primaryimage"},"image":{"@id":"https:\/\/agenciainfra.com\/blog\/novo-diretor-da-antt-divide-superintendencia-de-concessoes-entre-rodovias-e-ferrovias\/#primaryimage"},"thumbnailUrl":"https:\/\/agenciainfra.com\/blog\/wp-content\/uploads\/2024\/01\/guilherme-sampaio-foto-almg-1.jpg","datePublished":"2025-03-18T11:00:00+00:00","dateModified":"2025-03-24T09:15:51+00:00","breadcrumb":{"@id":"https:\/\/agenciainfra.com\/blog\/novo-diretor-da-antt-divide-superintendencia-de-concessoes-entre-rodovias-e-ferrovias\/#breadcrumb"},"inLanguage":"pt-BR","potentialAction":[{"@type":"ReadAction","target":["https:\/\/agenciainfra.com\/blog\/novo-diretor-da-antt-divide-superintendencia-de-concessoes-entre-rodovias-e-ferrovias\/"]}]},{"@type":"ImageObject","inLanguage":"pt-BR","@id":"https:\/\/agenciainfra.com\/blog\/novo-diretor-da-antt-divide-superintendencia-de-concessoes-entre-rodovias-e-ferrovias\/#primaryimage","url":"https:\/\/agenciainfra.com\/blog\/wp-content\/uploads\/2024\/01\/guilherme-sampaio-foto-almg-1.jpg","contentUrl":"https:\/\/agenciainfra.com\/blog\/wp-content\/uploads\/2024\/01\/guilherme-sampaio-foto-almg-1.jpg","width":1202,"height":800,"caption":"Foto: ALMG"},{"@type":"BreadcrumbList","@id":"https:\/\/agenciainfra.com\/blog\/novo-diretor-da-antt-divide-superintendencia-de-concessoes-entre-rodovias-e-ferrovias\/#breadcrumb","itemListElement":[{"@type":"ListItem","position":1,"name":"In\u00edcio","item":"https:\/\/agenciainfra.com\/blog\/"},{"@type":"ListItem","position":2,"name":"Novo diretor da ANTT divide superintend\u00eancia de concess\u00f5es entre rodovias e ferrovias"}]},{"@type":"WebSite","@id":"https:\/\/agenciainfra.com\/blog\/#website","url":"https:\/\/agenciainfra.com\/blog\/","name":"Ag\u00eancia iNFRA","description":"Multiplataforma de informa\u00e7\u00e3o jornal\u00edstica refer\u00eancia na \u00e1rea de infraestrutura no Brasil!","publisher":{"@id":"https:\/\/agenciainfra.com\/blog\/#organization"},"potentialAction":[{"@type":"SearchAction","target":{"@type":"EntryPoint","urlTemplate":"https:\/\/agenciainfra.com\/blog\/?s={search_term_string}"},"query-input":{"@type":"PropertyValueSpecification","valueRequired":true,"valueName":"search_term_string"}}],"inLanguage":"pt-BR"},{"@type":"Organization","@id":"https:\/\/agenciainfra.com\/blog\/#organization","name":"Ag\u00eancia iNFRA","url":"https:\/\/agenciainfra.com\/blog\/","logo":{"@type":"ImageObject","inLanguage":"pt-BR","@id":"https:\/\/agenciainfra.com\/blog\/#\/schema\/logo\/image\/","url":"https:\/\/agenciainfra.com\/blog\/wp-content\/uploads\/2023\/09\/iNFRA_5-e1761735885940.png","contentUrl":"https:\/\/agenciainfra.com\/blog\/wp-content\/uploads\/2023\/09\/iNFRA_5-e1761735885940.png","width":1672,"height":454,"caption":"Ag\u00eancia iNFRA"},"image":{"@id":"https:\/\/agenciainfra.com\/blog\/#\/schema\/logo\/image\/"},"sameAs":["https:\/\/www.facebook.com\/ageninfra","https:\/\/x.com\/agencia_infra","https:\/\/www.linkedin.com\/company\/ag\u00eanciainfra\/","https:\/\/www.instagram.com\/agenciainfra\/"]},{"@type":"Person","@id":"https:\/\/agenciainfra.com\/blog\/#\/schema\/person\/34af08dff6adea4cb22b06612ba7acfa","name":"Ag\u00eancia iNFRA","image":{"@type":"ImageObject","inLanguage":"pt-BR","@id":"https:\/\/agenciainfra.com\/blog\/#\/schema\/person\/image\/","url":"https:\/\/secure.gravatar.com\/avatar\/d189e01678f06d8eb84d4e01f08eb848b3fffe3f8443818d3c356c66892f5be8?s=96&d=mm&r=g","contentUrl":"https:\/\/secure.gravatar.com\/avatar\/d189e01678f06d8eb84d4e01f08eb848b3fffe3f8443818d3c356c66892f5be8?s=96&d=mm&r=g","caption":"Ag\u00eancia iNFRA"},"url":"https:\/\/agenciainfra.com\/blog\/author\/admin\/"}]}},"_links":{"self":[{"href":"https:\/\/agenciainfra.com\/blog\/wp-json\/wp\/v2\/posts\/20573","targetHints":{"allow":["GET"]}}],"collection":[{"href":"https:\/\/agenciainfra.com\/blog\/wp-json\/wp\/v2\/posts"}],"about":[{"href":"https:\/\/agenciainfra.com\/blog\/wp-json\/wp\/v2\/types\/post"}],"author":[{"embeddable":true,"href":"https:\/\/agenciainfra.com\/blog\/wp-json\/wp\/v2\/users\/1"}],"replies":[{"embeddable":true,"href":"https:\/\/agenciainfra.com\/blog\/wp-json\/wp\/v2\/comments?post=20573"}],"version-history":[{"count":4,"href":"https:\/\/agenciainfra.com\/blog\/wp-json\/wp\/v2\/posts\/20573\/revisions"}],"predecessor-version":[{"id":20652,"href":"https:\/\/agenciainfra.com\/blog\/wp-json\/wp\/v2\/posts\/20573\/revisions\/20652"}],"wp:featuredmedia":[{"embeddable":true,"href":"https:\/\/agenciainfra.com\/blog\/wp-json\/wp\/v2\/media\/15212"}],"wp:attachment":[{"href":"https:\/\/agenciainfra.com\/blog\/wp-json\/wp\/v2\/media?parent=20573"}],"wp:term":[{"taxonomy":"category","embeddable":true,"href":"https:\/\/agenciainfra.com\/blog\/wp-json\/wp\/v2\/categories?post=20573"},{"taxonomy":"post_tag","embeddable":true,"href":"https:\/\/agenciainfra.com\/blog\/wp-json\/wp\/v2\/tags?post=20573"}],"curies":[{"name":"wp","href":"https:\/\/api.w.org\/{rel}","templated":true}]}}