{"id":20606,"date":"2025-03-19T10:00:00","date_gmt":"2025-03-19T13:00:00","guid":{"rendered":"https:\/\/agenciainfra.com\/blog\/?p=20606"},"modified":"2025-03-21T06:27:12","modified_gmt":"2025-03-21T09:27:12","slug":"psd-vence-disputa-com-pl-e-fica-com-a-presidencia-da-comissao-de-minas-e-energia-da-camara","status":"publish","type":"post","link":"https:\/\/agenciainfra.com\/blog\/psd-vence-disputa-com-pl-e-fica-com-a-presidencia-da-comissao-de-minas-e-energia-da-camara\/","title":{"rendered":"PSD vence disputa com PL e fica com a presid\u00eancia da Comiss\u00e3o de Minas e Energia da C\u00e2mara"},"content":{"rendered":"\n<p class=\"has-text-align-right\"><strong>Marisa Wanzeller e Geraldo Campos Jr., da Ag\u00eancia iNFRA<\/strong><\/p>\n\n\n\n<p>O PSD conquistou a presid\u00eancia da CME (Comiss\u00e3o de Minas e Energia) da C\u00e2mara dos Deputados, depois de acirrada disputa travada com o PL, partido de oposi\u00e7\u00e3o ao governo. A comiss\u00e3o ser\u00e1 instalada hoje (19), \u00e0s 10h, e deve ser presidida pelo deputado Diego Andrade (PSD-MG), conterr\u00e2neo e aliado do ministro de Minas e Energia, Alexandre Silveira, tamb\u00e9m do PSD.&nbsp;<\/p>\n\n\n\n<p>Os l\u00edderes partid\u00e1rios passaram esta ter\u00e7a-feira (18) reunidos em busca de um consenso para os colegiados permanentes da Casa. O acordo s\u00f3 foi fechado \u00e0s 21h.&nbsp;<\/p>\n\n\n\n<p><strong>Imposi\u00e7\u00e3o<\/strong><br>O PL sinalizava que n\u00e3o abriria m\u00e3o da CME e pretendia que a comiss\u00e3o fosse presidida pelo deputado Joaquim Passarinho (PA). A sigla, no entanto, \u201cdeu-se por vencida\u201d durante a reuni\u00e3o de l\u00edderes, uma vez que foi \u201cimposta\u201d ao PL a Comiss\u00e3o de Agricultura em troca da CME, disseram parlamentares \u00e0&nbsp;<strong>Ag\u00eancia iNFRA<\/strong>.<\/p>\n\n\n\n<p>\u201cA inten\u00e7\u00e3o de manter a CME com o PSD n\u00e3o \u00e9 para proteger ministros, \u00e9 para proteger o Alexandre Silveira. O minist\u00e9rio de Agricultura tamb\u00e9m \u00e9 do PSD [com o ministro Carlos F\u00e1varo], mas deram a comiss\u00e3o para o PL&#8221;, avaliou uma fonte. \u201cAcho que tiveram medo de o Silveira cair.\u201d<\/p>\n\n\n\n<p>Segundo fontes, o ministro Alexandre Silveira trabalhou para que seu partido n\u00e3o perdesse a lideran\u00e7a do colegiado. A percep\u00e7\u00e3o era de que isso \u201cdificultaria as coisas\u201d para ele, j\u00e1 que, no Senado Federal, a CI (Comiss\u00e3o de Servi\u00e7os de Infraestrutura), por onde passam os temas da pasta, est\u00e1 sob controle da oposi\u00e7\u00e3o, com o senador Marcos Rog\u00e9rio (PL-RO).<\/p>\n\n\n\n<p>O ministro tamb\u00e9m tinha interesse em manter um mineiro no comando da comiss\u00e3o, o que d\u00e1 vantagem ao estado na disputa que h\u00e1 no setor de minera\u00e7\u00e3o com o Par\u00e1, estado do deputado Passarinho.<\/p>\n\n\n\n<p><strong>Negocio\u00e7\u00f5es<\/strong><br>O PSD tentou fazer um acordo com o PT durante a tarde desta ter\u00e7a-feira. Com a insist\u00eancia da oposi\u00e7\u00e3o e a prioridade na ordem de pedidos, o partido queria que o PT abrisse m\u00e3o da CFFC (Comiss\u00e3o de Fiscaliza\u00e7\u00e3o Financeira e Controle), sua terceira prioridade na ordem de distribui\u00e7\u00e3o das comiss\u00f5es, para solicitar a CME e depois ced\u00ea-la ao PSD.&nbsp;<\/p>\n\n\n\n<p>Os petistas, no entanto, preferiram manter a CFFC. Isso porque o risco de perd\u00ea-la para o PL seria uma desvantagem para o governo, uma vez que a comiss\u00e3o tem o poder de convocar ministros de todas as \u00e1reas.&nbsp;<\/p>\n\n\n\n<p><strong>Discord\u00e2ncias<\/strong><br>Fontes disseram que a corrida pela CME levou a atritos internos no PSD porque nem todos os membros do partido concordavam com que Diego Andrade assumisse a posi\u00e7\u00e3o pela sigla. Deputados do PSD teriam inclusive colaborado com a campanha do PL pela comiss\u00e3o.<\/p>\n","protected":false},"excerpt":{"rendered":"<p>Marisa Wanzeller e Geraldo Campos Jr., da Ag\u00eancia iNFRA O PSD conquistou a presid\u00eancia da CME (Comiss\u00e3o de Minas e Energia) da C\u00e2mara dos Deputados, depois de acirrada disputa travada com o PL, partido de oposi\u00e7\u00e3o ao governo. A comiss\u00e3o ser\u00e1 instalada hoje (19), \u00e0s 10h, e deve ser presidida pelo deputado Diego Andrade (PSD-MG), [&hellip;]<\/p>\n","protected":false},"author":1,"featured_media":20607,"comment_status":"closed","ping_status":"closed","sticky":false,"template":"","format":"standard","meta":{"_monsterinsights_skip_tracking":false,"_monsterinsights_sitenote_active":false,"_monsterinsights_sitenote_note":"","_monsterinsights_sitenote_category":0,"footnotes":""},"categories":[7250,1,10],"tags":[6040,52,12580,3273,282,1009,301,12419,3358],"class_list":["post-20606","post","type-post","status-publish","format-standard","has-post-thumbnail","hentry","category-destaque-lista","category-geral","category-infraenergia","tag-alexandre-silveira","tag-camara","tag-comissoes-da-camara","tag-diego-andrade","tag-energia-eletrica","tag-joaquim-passarinho","tag-pl","tag-presidencia-da-cme","tag-psd"],"yoast_head":"<!-- This site is optimized with the Yoast SEO Premium plugin v25.4 (Yoast SEO v26.0) - https:\/\/yoast.com\/wordpress\/plugins\/seo\/ -->\n<title>PSD vence disputa com PL e fica com a presid\u00eancia da Comiss\u00e3o de Minas e Energia da C\u00e2mara - Ag\u00eancia iNFRA<\/title>\n<meta name=\"robots\" content=\"index, follow, max-snippet:-1, max-image-preview:large, max-video-preview:-1\" \/>\n<link rel=\"canonical\" href=\"https:\/\/agenciainfra.com\/blog\/psd-vence-disputa-com-pl-e-fica-com-a-presidencia-da-comissao-de-minas-e-energia-da-camara\/\" \/>\n<meta property=\"og:locale\" content=\"pt_BR\" \/>\n<meta property=\"og:type\" content=\"article\" \/>\n<meta property=\"og:title\" content=\"PSD vence disputa com PL e fica com a presid\u00eancia da Comiss\u00e3o de Minas e Energia da C\u00e2mara\" \/>\n<meta property=\"og:description\" content=\"Marisa Wanzeller e Geraldo Campos Jr., da Ag\u00eancia iNFRA O PSD conquistou a presid\u00eancia da CME (Comiss\u00e3o de Minas e Energia) da C\u00e2mara dos Deputados, depois de acirrada disputa travada com o PL, partido de oposi\u00e7\u00e3o ao governo. A comiss\u00e3o ser\u00e1 instalada hoje (19), \u00e0s 10h, e deve ser presidida pelo deputado Diego Andrade (PSD-MG), [&hellip;]\" \/>\n<meta property=\"og:url\" content=\"https:\/\/agenciainfra.com\/blog\/psd-vence-disputa-com-pl-e-fica-com-a-presidencia-da-comissao-de-minas-e-energia-da-camara\/\" \/>\n<meta property=\"og:site_name\" content=\"Ag\u00eancia iNFRA\" \/>\n<meta property=\"article:publisher\" content=\"https:\/\/www.facebook.com\/ageninfra\" \/>\n<meta property=\"article:published_time\" content=\"2025-03-19T13:00:00+00:00\" \/>\n<meta property=\"article:modified_time\" content=\"2025-03-21T09:27:12+00:00\" \/>\n<meta property=\"og:image\" content=\"https:\/\/agenciainfra.com\/blog\/wp-content\/uploads\/2025\/03\/deputado-diego-andrade_foto-claudio-araujo_psd.jpg\" \/>\n\t<meta property=\"og:image:width\" content=\"768\" \/>\n\t<meta property=\"og:image:height\" content=\"512\" \/>\n\t<meta property=\"og:image:type\" content=\"image\/jpeg\" \/>\n<meta name=\"author\" content=\"Ag\u00eancia iNFRA\" \/>\n<meta name=\"twitter:card\" content=\"summary_large_image\" \/>\n<meta name=\"twitter:creator\" content=\"@agencia_infra\" \/>\n<meta name=\"twitter:site\" content=\"@agencia_infra\" \/>\n<meta name=\"twitter:label1\" content=\"Escrito por\" \/>\n\t<meta name=\"twitter:data1\" content=\"Ag\u00eancia iNFRA\" \/>\n\t<meta name=\"twitter:label2\" content=\"Est. tempo de leitura\" \/>\n\t<meta name=\"twitter:data2\" content=\"2 minutos\" \/>\n<script type=\"application\/ld+json\" class=\"yoast-schema-graph\">{\"@context\":\"https:\/\/schema.org\",\"@graph\":[{\"@type\":\"Article\",\"@id\":\"https:\/\/agenciainfra.com\/blog\/psd-vence-disputa-com-pl-e-fica-com-a-presidencia-da-comissao-de-minas-e-energia-da-camara\/#article\",\"isPartOf\":{\"@id\":\"https:\/\/agenciainfra.com\/blog\/psd-vence-disputa-com-pl-e-fica-com-a-presidencia-da-comissao-de-minas-e-energia-da-camara\/\"},\"author\":{\"name\":\"Ag\u00eancia iNFRA\",\"@id\":\"https:\/\/agenciainfra.com\/blog\/#\/schema\/person\/34af08dff6adea4cb22b06612ba7acfa\"},\"headline\":\"PSD vence disputa com PL e fica com a presid\u00eancia da Comiss\u00e3o de Minas e Energia da C\u00e2mara\",\"datePublished\":\"2025-03-19T13:00:00+00:00\",\"dateModified\":\"2025-03-21T09:27:12+00:00\",\"mainEntityOfPage\":{\"@id\":\"https:\/\/agenciainfra.com\/blog\/psd-vence-disputa-com-pl-e-fica-com-a-presidencia-da-comissao-de-minas-e-energia-da-camara\/\"},\"wordCount\":505,\"publisher\":{\"@id\":\"https:\/\/agenciainfra.com\/blog\/#organization\"},\"image\":{\"@id\":\"https:\/\/agenciainfra.com\/blog\/psd-vence-disputa-com-pl-e-fica-com-a-presidencia-da-comissao-de-minas-e-energia-da-camara\/#primaryimage\"},\"thumbnailUrl\":\"https:\/\/agenciainfra.com\/blog\/wp-content\/uploads\/2025\/03\/deputado-diego-andrade_foto-claudio-araujo_psd.jpg\",\"keywords\":[\"Alexandre Silveira\",\"C\u00e2mara\",\"comiss\u00f5es da c\u00e2mara\",\"Diego Andrade\",\"energia el\u00e9trica\",\"Joaquim Passarinho\",\"PL\",\"presid\u00eancia da CME\",\"PSD\"],\"articleSection\":[\"Destaque lista\",\"Geral\",\"iNFRAEnergia\"],\"inLanguage\":\"pt-BR\",\"copyrightYear\":\"2025\",\"copyrightHolder\":{\"@id\":\"https:\/\/agenciainfra.com\/blog\/#organization\"}},{\"@type\":\"WebPage\",\"@id\":\"https:\/\/agenciainfra.com\/blog\/psd-vence-disputa-com-pl-e-fica-com-a-presidencia-da-comissao-de-minas-e-energia-da-camara\/\",\"url\":\"https:\/\/agenciainfra.com\/blog\/psd-vence-disputa-com-pl-e-fica-com-a-presidencia-da-comissao-de-minas-e-energia-da-camara\/\",\"name\":\"PSD vence disputa com PL e fica com a presid\u00eancia da Comiss\u00e3o de Minas e Energia da C\u00e2mara - Ag\u00eancia iNFRA\",\"isPartOf\":{\"@id\":\"https:\/\/agenciainfra.com\/blog\/#website\"},\"primaryImageOfPage\":{\"@id\":\"https:\/\/agenciainfra.com\/blog\/psd-vence-disputa-com-pl-e-fica-com-a-presidencia-da-comissao-de-minas-e-energia-da-camara\/#primaryimage\"},\"image\":{\"@id\":\"https:\/\/agenciainfra.com\/blog\/psd-vence-disputa-com-pl-e-fica-com-a-presidencia-da-comissao-de-minas-e-energia-da-camara\/#primaryimage\"},\"thumbnailUrl\":\"https:\/\/agenciainfra.com\/blog\/wp-content\/uploads\/2025\/03\/deputado-diego-andrade_foto-claudio-araujo_psd.jpg\",\"datePublished\":\"2025-03-19T13:00:00+00:00\",\"dateModified\":\"2025-03-21T09:27:12+00:00\",\"breadcrumb\":{\"@id\":\"https:\/\/agenciainfra.com\/blog\/psd-vence-disputa-com-pl-e-fica-com-a-presidencia-da-comissao-de-minas-e-energia-da-camara\/#breadcrumb\"},\"inLanguage\":\"pt-BR\",\"potentialAction\":[{\"@type\":\"ReadAction\",\"target\":[\"https:\/\/agenciainfra.com\/blog\/psd-vence-disputa-com-pl-e-fica-com-a-presidencia-da-comissao-de-minas-e-energia-da-camara\/\"]}]},{\"@type\":\"ImageObject\",\"inLanguage\":\"pt-BR\",\"@id\":\"https:\/\/agenciainfra.com\/blog\/psd-vence-disputa-com-pl-e-fica-com-a-presidencia-da-comissao-de-minas-e-energia-da-camara\/#primaryimage\",\"url\":\"https:\/\/agenciainfra.com\/blog\/wp-content\/uploads\/2025\/03\/deputado-diego-andrade_foto-claudio-araujo_psd.jpg\",\"contentUrl\":\"https:\/\/agenciainfra.com\/blog\/wp-content\/uploads\/2025\/03\/deputado-diego-andrade_foto-claudio-araujo_psd.jpg\",\"width\":768,\"height\":512},{\"@type\":\"BreadcrumbList\",\"@id\":\"https:\/\/agenciainfra.com\/blog\/psd-vence-disputa-com-pl-e-fica-com-a-presidencia-da-comissao-de-minas-e-energia-da-camara\/#breadcrumb\",\"itemListElement\":[{\"@type\":\"ListItem\",\"position\":1,\"name\":\"In\u00edcio\",\"item\":\"https:\/\/agenciainfra.com\/blog\/\"},{\"@type\":\"ListItem\",\"position\":2,\"name\":\"PSD vence disputa com PL e fica com a presid\u00eancia da Comiss\u00e3o de Minas e Energia da C\u00e2mara\"}]},{\"@type\":\"WebSite\",\"@id\":\"https:\/\/agenciainfra.com\/blog\/#website\",\"url\":\"https:\/\/agenciainfra.com\/blog\/\",\"name\":\"Ag\u00eancia iNFRA\",\"description\":\"Multiplataforma de informa\u00e7\u00e3o jornal\u00edstica refer\u00eancia na \u00e1rea de infraestrutura no Brasil!\",\"publisher\":{\"@id\":\"https:\/\/agenciainfra.com\/blog\/#organization\"},\"potentialAction\":[{\"@type\":\"SearchAction\",\"target\":{\"@type\":\"EntryPoint\",\"urlTemplate\":\"https:\/\/agenciainfra.com\/blog\/?s={search_term_string}\"},\"query-input\":{\"@type\":\"PropertyValueSpecification\",\"valueRequired\":true,\"valueName\":\"search_term_string\"}}],\"inLanguage\":\"pt-BR\"},{\"@type\":\"Organization\",\"@id\":\"https:\/\/agenciainfra.com\/blog\/#organization\",\"name\":\"Ag\u00eancia iNFRA\",\"url\":\"https:\/\/agenciainfra.com\/blog\/\",\"logo\":{\"@type\":\"ImageObject\",\"inLanguage\":\"pt-BR\",\"@id\":\"https:\/\/agenciainfra.com\/blog\/#\/schema\/logo\/image\/\",\"url\":\"https:\/\/agenciainfra.com\/blog\/wp-content\/uploads\/2023\/09\/iNFRA_5-e1761735885940.png\",\"contentUrl\":\"https:\/\/agenciainfra.com\/blog\/wp-content\/uploads\/2023\/09\/iNFRA_5-e1761735885940.png\",\"width\":1672,\"height\":454,\"caption\":\"Ag\u00eancia iNFRA\"},\"image\":{\"@id\":\"https:\/\/agenciainfra.com\/blog\/#\/schema\/logo\/image\/\"},\"sameAs\":[\"https:\/\/www.facebook.com\/ageninfra\",\"https:\/\/x.com\/agencia_infra\",\"https:\/\/www.linkedin.com\/company\/ag\u00eanciainfra\/\",\"https:\/\/www.instagram.com\/agenciainfra\/\"]},{\"@type\":\"Person\",\"@id\":\"https:\/\/agenciainfra.com\/blog\/#\/schema\/person\/34af08dff6adea4cb22b06612ba7acfa\",\"name\":\"Ag\u00eancia iNFRA\",\"image\":{\"@type\":\"ImageObject\",\"inLanguage\":\"pt-BR\",\"@id\":\"https:\/\/agenciainfra.com\/blog\/#\/schema\/person\/image\/\",\"url\":\"https:\/\/secure.gravatar.com\/avatar\/d189e01678f06d8eb84d4e01f08eb848b3fffe3f8443818d3c356c66892f5be8?s=96&d=mm&r=g\",\"contentUrl\":\"https:\/\/secure.gravatar.com\/avatar\/d189e01678f06d8eb84d4e01f08eb848b3fffe3f8443818d3c356c66892f5be8?s=96&d=mm&r=g\",\"caption\":\"Ag\u00eancia iNFRA\"},\"url\":\"https:\/\/agenciainfra.com\/blog\/author\/admin\/\"}]}<\/script>\n<!-- \/ Yoast SEO Premium plugin. -->","yoast_head_json":{"title":"PSD vence disputa com PL e fica com a presid\u00eancia da Comiss\u00e3o de Minas e Energia da C\u00e2mara - Ag\u00eancia iNFRA","robots":{"index":"index","follow":"follow","max-snippet":"max-snippet:-1","max-image-preview":"max-image-preview:large","max-video-preview":"max-video-preview:-1"},"canonical":"https:\/\/agenciainfra.com\/blog\/psd-vence-disputa-com-pl-e-fica-com-a-presidencia-da-comissao-de-minas-e-energia-da-camara\/","og_locale":"pt_BR","og_type":"article","og_title":"PSD vence disputa com PL e fica com a presid\u00eancia da Comiss\u00e3o de Minas e Energia da C\u00e2mara","og_description":"Marisa Wanzeller e Geraldo Campos Jr., da Ag\u00eancia iNFRA O PSD conquistou a presid\u00eancia da CME (Comiss\u00e3o de Minas e Energia) da C\u00e2mara dos Deputados, depois de acirrada disputa travada com o PL, partido de oposi\u00e7\u00e3o ao governo. A comiss\u00e3o ser\u00e1 instalada hoje (19), \u00e0s 10h, e deve ser presidida pelo deputado Diego Andrade (PSD-MG), [&hellip;]","og_url":"https:\/\/agenciainfra.com\/blog\/psd-vence-disputa-com-pl-e-fica-com-a-presidencia-da-comissao-de-minas-e-energia-da-camara\/","og_site_name":"Ag\u00eancia iNFRA","article_publisher":"https:\/\/www.facebook.com\/ageninfra","article_published_time":"2025-03-19T13:00:00+00:00","article_modified_time":"2025-03-21T09:27:12+00:00","og_image":[{"width":768,"height":512,"url":"https:\/\/agenciainfra.com\/blog\/wp-content\/uploads\/2025\/03\/deputado-diego-andrade_foto-claudio-araujo_psd.jpg","type":"image\/jpeg"}],"author":"Ag\u00eancia iNFRA","twitter_card":"summary_large_image","twitter_creator":"@agencia_infra","twitter_site":"@agencia_infra","twitter_misc":{"Escrito por":"Ag\u00eancia iNFRA","Est. tempo de leitura":"2 minutos"},"schema":{"@context":"https:\/\/schema.org","@graph":[{"@type":"Article","@id":"https:\/\/agenciainfra.com\/blog\/psd-vence-disputa-com-pl-e-fica-com-a-presidencia-da-comissao-de-minas-e-energia-da-camara\/#article","isPartOf":{"@id":"https:\/\/agenciainfra.com\/blog\/psd-vence-disputa-com-pl-e-fica-com-a-presidencia-da-comissao-de-minas-e-energia-da-camara\/"},"author":{"name":"Ag\u00eancia iNFRA","@id":"https:\/\/agenciainfra.com\/blog\/#\/schema\/person\/34af08dff6adea4cb22b06612ba7acfa"},"headline":"PSD vence disputa com PL e fica com a presid\u00eancia da Comiss\u00e3o de Minas e Energia da C\u00e2mara","datePublished":"2025-03-19T13:00:00+00:00","dateModified":"2025-03-21T09:27:12+00:00","mainEntityOfPage":{"@id":"https:\/\/agenciainfra.com\/blog\/psd-vence-disputa-com-pl-e-fica-com-a-presidencia-da-comissao-de-minas-e-energia-da-camara\/"},"wordCount":505,"publisher":{"@id":"https:\/\/agenciainfra.com\/blog\/#organization"},"image":{"@id":"https:\/\/agenciainfra.com\/blog\/psd-vence-disputa-com-pl-e-fica-com-a-presidencia-da-comissao-de-minas-e-energia-da-camara\/#primaryimage"},"thumbnailUrl":"https:\/\/agenciainfra.com\/blog\/wp-content\/uploads\/2025\/03\/deputado-diego-andrade_foto-claudio-araujo_psd.jpg","keywords":["Alexandre Silveira","C\u00e2mara","comiss\u00f5es da c\u00e2mara","Diego Andrade","energia el\u00e9trica","Joaquim Passarinho","PL","presid\u00eancia da CME","PSD"],"articleSection":["Destaque lista","Geral","iNFRAEnergia"],"inLanguage":"pt-BR","copyrightYear":"2025","copyrightHolder":{"@id":"https:\/\/agenciainfra.com\/blog\/#organization"}},{"@type":"WebPage","@id":"https:\/\/agenciainfra.com\/blog\/psd-vence-disputa-com-pl-e-fica-com-a-presidencia-da-comissao-de-minas-e-energia-da-camara\/","url":"https:\/\/agenciainfra.com\/blog\/psd-vence-disputa-com-pl-e-fica-com-a-presidencia-da-comissao-de-minas-e-energia-da-camara\/","name":"PSD vence disputa com PL e fica com a presid\u00eancia da Comiss\u00e3o de Minas e Energia da C\u00e2mara - Ag\u00eancia iNFRA","isPartOf":{"@id":"https:\/\/agenciainfra.com\/blog\/#website"},"primaryImageOfPage":{"@id":"https:\/\/agenciainfra.com\/blog\/psd-vence-disputa-com-pl-e-fica-com-a-presidencia-da-comissao-de-minas-e-energia-da-camara\/#primaryimage"},"image":{"@id":"https:\/\/agenciainfra.com\/blog\/psd-vence-disputa-com-pl-e-fica-com-a-presidencia-da-comissao-de-minas-e-energia-da-camara\/#primaryimage"},"thumbnailUrl":"https:\/\/agenciainfra.com\/blog\/wp-content\/uploads\/2025\/03\/deputado-diego-andrade_foto-claudio-araujo_psd.jpg","datePublished":"2025-03-19T13:00:00+00:00","dateModified":"2025-03-21T09:27:12+00:00","breadcrumb":{"@id":"https:\/\/agenciainfra.com\/blog\/psd-vence-disputa-com-pl-e-fica-com-a-presidencia-da-comissao-de-minas-e-energia-da-camara\/#breadcrumb"},"inLanguage":"pt-BR","potentialAction":[{"@type":"ReadAction","target":["https:\/\/agenciainfra.com\/blog\/psd-vence-disputa-com-pl-e-fica-com-a-presidencia-da-comissao-de-minas-e-energia-da-camara\/"]}]},{"@type":"ImageObject","inLanguage":"pt-BR","@id":"https:\/\/agenciainfra.com\/blog\/psd-vence-disputa-com-pl-e-fica-com-a-presidencia-da-comissao-de-minas-e-energia-da-camara\/#primaryimage","url":"https:\/\/agenciainfra.com\/blog\/wp-content\/uploads\/2025\/03\/deputado-diego-andrade_foto-claudio-araujo_psd.jpg","contentUrl":"https:\/\/agenciainfra.com\/blog\/wp-content\/uploads\/2025\/03\/deputado-diego-andrade_foto-claudio-araujo_psd.jpg","width":768,"height":512},{"@type":"BreadcrumbList","@id":"https:\/\/agenciainfra.com\/blog\/psd-vence-disputa-com-pl-e-fica-com-a-presidencia-da-comissao-de-minas-e-energia-da-camara\/#breadcrumb","itemListElement":[{"@type":"ListItem","position":1,"name":"In\u00edcio","item":"https:\/\/agenciainfra.com\/blog\/"},{"@type":"ListItem","position":2,"name":"PSD vence disputa com PL e fica com a presid\u00eancia da Comiss\u00e3o de Minas e Energia da C\u00e2mara"}]},{"@type":"WebSite","@id":"https:\/\/agenciainfra.com\/blog\/#website","url":"https:\/\/agenciainfra.com\/blog\/","name":"Ag\u00eancia iNFRA","description":"Multiplataforma de informa\u00e7\u00e3o jornal\u00edstica refer\u00eancia na \u00e1rea de infraestrutura no Brasil!","publisher":{"@id":"https:\/\/agenciainfra.com\/blog\/#organization"},"potentialAction":[{"@type":"SearchAction","target":{"@type":"EntryPoint","urlTemplate":"https:\/\/agenciainfra.com\/blog\/?s={search_term_string}"},"query-input":{"@type":"PropertyValueSpecification","valueRequired":true,"valueName":"search_term_string"}}],"inLanguage":"pt-BR"},{"@type":"Organization","@id":"https:\/\/agenciainfra.com\/blog\/#organization","name":"Ag\u00eancia iNFRA","url":"https:\/\/agenciainfra.com\/blog\/","logo":{"@type":"ImageObject","inLanguage":"pt-BR","@id":"https:\/\/agenciainfra.com\/blog\/#\/schema\/logo\/image\/","url":"https:\/\/agenciainfra.com\/blog\/wp-content\/uploads\/2023\/09\/iNFRA_5-e1761735885940.png","contentUrl":"https:\/\/agenciainfra.com\/blog\/wp-content\/uploads\/2023\/09\/iNFRA_5-e1761735885940.png","width":1672,"height":454,"caption":"Ag\u00eancia iNFRA"},"image":{"@id":"https:\/\/agenciainfra.com\/blog\/#\/schema\/logo\/image\/"},"sameAs":["https:\/\/www.facebook.com\/ageninfra","https:\/\/x.com\/agencia_infra","https:\/\/www.linkedin.com\/company\/ag\u00eanciainfra\/","https:\/\/www.instagram.com\/agenciainfra\/"]},{"@type":"Person","@id":"https:\/\/agenciainfra.com\/blog\/#\/schema\/person\/34af08dff6adea4cb22b06612ba7acfa","name":"Ag\u00eancia iNFRA","image":{"@type":"ImageObject","inLanguage":"pt-BR","@id":"https:\/\/agenciainfra.com\/blog\/#\/schema\/person\/image\/","url":"https:\/\/secure.gravatar.com\/avatar\/d189e01678f06d8eb84d4e01f08eb848b3fffe3f8443818d3c356c66892f5be8?s=96&d=mm&r=g","contentUrl":"https:\/\/secure.gravatar.com\/avatar\/d189e01678f06d8eb84d4e01f08eb848b3fffe3f8443818d3c356c66892f5be8?s=96&d=mm&r=g","caption":"Ag\u00eancia iNFRA"},"url":"https:\/\/agenciainfra.com\/blog\/author\/admin\/"}]}},"_links":{"self":[{"href":"https:\/\/agenciainfra.com\/blog\/wp-json\/wp\/v2\/posts\/20606","targetHints":{"allow":["GET"]}}],"collection":[{"href":"https:\/\/agenciainfra.com\/blog\/wp-json\/wp\/v2\/posts"}],"about":[{"href":"https:\/\/agenciainfra.com\/blog\/wp-json\/wp\/v2\/types\/post"}],"author":[{"embeddable":true,"href":"https:\/\/agenciainfra.com\/blog\/wp-json\/wp\/v2\/users\/1"}],"replies":[{"embeddable":true,"href":"https:\/\/agenciainfra.com\/blog\/wp-json\/wp\/v2\/comments?post=20606"}],"version-history":[{"count":1,"href":"https:\/\/agenciainfra.com\/blog\/wp-json\/wp\/v2\/posts\/20606\/revisions"}],"predecessor-version":[{"id":20608,"href":"https:\/\/agenciainfra.com\/blog\/wp-json\/wp\/v2\/posts\/20606\/revisions\/20608"}],"wp:featuredmedia":[{"embeddable":true,"href":"https:\/\/agenciainfra.com\/blog\/wp-json\/wp\/v2\/media\/20607"}],"wp:attachment":[{"href":"https:\/\/agenciainfra.com\/blog\/wp-json\/wp\/v2\/media?parent=20606"}],"wp:term":[{"taxonomy":"category","embeddable":true,"href":"https:\/\/agenciainfra.com\/blog\/wp-json\/wp\/v2\/categories?post=20606"},{"taxonomy":"post_tag","embeddable":true,"href":"https:\/\/agenciainfra.com\/blog\/wp-json\/wp\/v2\/tags?post=20606"}],"curies":[{"name":"wp","href":"https:\/\/api.w.org\/{rel}","templated":true}]}}