{"id":20638,"date":"2025-03-21T08:00:00","date_gmt":"2025-03-21T11:00:00","guid":{"rendered":"https:\/\/agenciainfra.com\/blog\/?p=20638"},"modified":"2025-03-24T06:15:23","modified_gmt":"2025-03-24T09:15:23","slug":"silveira-tenta-emplacar-dois-nomes-na-diretoria-da-aneel-mas-deve-ter-dificuldade-no-senado","status":"publish","type":"post","link":"https:\/\/agenciainfra.com\/blog\/silveira-tenta-emplacar-dois-nomes-na-diretoria-da-aneel-mas-deve-ter-dificuldade-no-senado\/","title":{"rendered":"Silveira tenta emplacar dois nomes na diretoria da ANEEL, mas deve ter dificuldade no Senado"},"content":{"rendered":"\n<p class=\"has-text-align-right\"><strong>Marisa Wanzeller e Geraldo Campos Jr., da Ag\u00eancia iNFRA<\/strong><\/p>\n\n\n\n<p>O ministro de Minas e Energia, Alexandre Silveira, tenta emplacar nomes da sua confian\u00e7a para as duas vagas na diretoria da ANEEL (Ag\u00eancia Nacional de Energia El\u00e9trica). Nesta quinta-feira (20), ele informou ter enviado \u00e0 Casa Civil um nome para a segunda cadeira que ser\u00e1 aberta na reguladora em maio, que atualmente \u00e9 ocupada pelo diretor Ricardo Tili.&nbsp;<\/p>\n\n\n\n<p>Ele n\u00e3o revelou quem seria, mas, segundo fontes, o indicado do MME (Minist\u00e9rio de Minas e Energia) \u00e9 o advogado do Senado R\u00f4mulo do Amaral, que hoje trabalha cedido no gabinete do ministro Gilmar Mendes, do STF (Supremo Tribunal Federal). &nbsp;<\/p>\n\n\n\n<p>Contudo, Silveira tamb\u00e9m j\u00e1 enviou para a Casa Civil, ainda em 2024, o nome do secret\u00e1rio de Energia El\u00e9trica do MME, Gentil Nogueira, para a vaga desocupada desde maio de 2024 pelo ex-diretor H\u00e9lvio Guerra.&nbsp;<\/p>\n\n\n\n<p>\u00c0&nbsp;<strong>Ag\u00eancia iNFRA<\/strong>, fontes avaliam que o ministro dever\u00e1 enfrentar dificuldades ao tentar emplacar os dois nomes nas&nbsp;duas cadeiras. Isso porque os candidatos&nbsp;precisam ser referendados pelo Senado Federal em sabatinas, e os senadores teriam direito a metade das indica\u00e7\u00f5es, ou seja, pelo menos uma das duas vagas, conforme acordo feito com o governo.<\/p>\n\n\n\n<p>Atualmente, o nome de R\u00f4mulo do Amaral passa por \u201ctr\u00e2mites burocr\u00e1ticos\u201d na Casa Civil, segundo fontes, como an\u00e1lise documental e de eventuais filia\u00e7\u00f5es partid\u00e1rias, dentre outras informa\u00e7\u00f5es para balizar uma poss\u00edvel indica\u00e7\u00e3o oficial do governo para a vaga, o que tamb\u00e9m depender\u00e1 da articula\u00e7\u00e3o pol\u00edtica.<\/p>\n\n\n\n<p><strong>Nome vetado<\/strong><br>A falta de consenso em torno de nomes para a ANEEL fez com que o governo enviasse ao Senado uma primeira leva de indicados para reguladoras sem contemplar a ag\u00eancia de energia el\u00e9trica, ainda no fim do \u00faltimo ano. Apesar de indicativos do atual presidente do Senado, Davi Alcolumbre (Uni\u00e3o-AP), de que o secret\u00e1rio Gentil Nogueira seria vetado pelo Parlamento, Silveira insistia em levar sua indica\u00e7\u00e3o adiante.&nbsp;<\/p>\n\n\n\n<p>O senador Eduardo Braga (MDB-AM) tamb\u00e9m articulou um nome para a ag\u00eancia, o de Willamy Frota, ex-presidente da Amazonas Energia. Foi quando o nome de R\u00f4mulo do Amaral come\u00e7ou a circular como uma tentativa de Silveira de travar a indica\u00e7\u00e3o feita por Braga.<\/p>\n\n\n\n<p>O ministro ainda tenta emplacar mais um nome em outra ag\u00eancia reguladora. O governo indicou oficialmente ao Senado o secret\u00e1rio de Petr\u00f3leo, G\u00e1s Natural e Biocombust\u00edveis, Pietro Mendes, para uma cadeira de diretor na ANP (Ag\u00eancia Nacional do Petr\u00f3leo, G\u00e1s Natural e Biocombust\u00edveis). Para outra vaga na ag\u00eancia, de diretor-geral, o indicado foi Artur Watt, consultor jur\u00eddico da PPSA (Pr\u00e9-Sal Petr\u00f3leo S.A.), apadrinhado pelo senador Otto Alencar (PSD-BA).<\/p>\n\n\n\n<p>O acordo constru\u00eddo para a indica\u00e7\u00e3o de Pietro, no entanto, pode ter sido em v\u00e3o. Fontes indicam que o secret\u00e1rio pode n\u00e3o ser sabatinado pela CI (Comiss\u00e3o de Servi\u00e7os de Infraestrutura) do Senado, hoje comandada pelo senador Marcos Rog\u00e9rio (PL-RO), e que o governo dever\u00e1 articular com os senadores a constru\u00e7\u00e3o de outro nome.<\/p>\n\n\n\n<p>No caso da ANEEL, sabendo da dificuldade que pode enfrentar no Senado para emplacar mais uma indica\u00e7\u00e3o pessoal, em especial com Alcolumbre, o ministro de Minas e Energia procura outros padrinhos pol\u00edticos para R\u00f4mulo do Amaral, segundo fontes, o que n\u00e3o teria ocorrido at\u00e9 o momento.<\/p>\n\n\n\n<p><strong>\u201cEm breve\u201d&nbsp;<\/strong><br>Apesar das avalia\u00e7\u00f5es, Silveira disse nesta quinta-feira&nbsp;\u00e0 imprensa que est\u00e1 convicto de que haver\u00e1 uma resposta \u201cmuito em breve&#8221; sobre as sabatinas para as ag\u00eancias reguladoras, que ocorrem no Senado. Ele ressaltou que o tema est\u00e1 sendo articulado pela ministra-chefe da SRI (Secretaria de Rela\u00e7\u00f5es Institucionais), Gleisi Hoffmann.<\/p>\n\n\n\n<p>\u201cN\u00e3o cabe ao ministro de Minas e Energia fazer cobran\u00e7a do prazo. Naturalmente, quando se trata de quest\u00f5es pol\u00edticas, tem transversalidades, conjunturas, di\u00e1logos, conversas, negocia\u00e7\u00f5es republicanas, assim espero, que naturalmente acontecem nos bastidores&#8221;, afirmou, ap\u00f3s a abertura da 2\u00aa Reuni\u00e3o de Energia do Brics. \u201cEu estou muito convicto de que n\u00f3s teremos uma resposta sobre as sabatinas muito em breve.\u201d<\/p>\n","protected":false},"excerpt":{"rendered":"<p>Marisa Wanzeller e Geraldo Campos Jr., da Ag\u00eancia iNFRA O ministro de Minas e Energia, Alexandre Silveira, tenta emplacar nomes da sua confian\u00e7a para as duas vagas na diretoria da ANEEL (Ag\u00eancia Nacional de Energia El\u00e9trica). Nesta quinta-feira (20), ele informou ter enviado \u00e0 Casa Civil um nome para a segunda cadeira que ser\u00e1 aberta [&hellip;]<\/p>\n","protected":false},"author":1,"featured_media":18250,"comment_status":"closed","ping_status":"closed","sticky":false,"template":"","format":"standard","meta":{"_monsterinsights_skip_tracking":false,"_monsterinsights_sitenote_active":false,"_monsterinsights_sitenote_note":"","_monsterinsights_sitenote_category":0,"footnotes":""},"categories":[9714,1,10],"tags":[46,6040,9543,11594,12855,12856,7366,12574,12025],"class_list":["post-20638","post","type-post","status-publish","format-standard","has-post-thumbnail","hentry","category-destaque-menor","category-geral","category-infraenergia","tag-agencias-reguladoras","tag-alexandre-silveira","tag-diretoria-da-aneel","tag-geraldo-campos-jr","tag-indicacao-de-diretor","tag-indicacao-mme","tag-marisa-wanzeller","tag-ricardo-tili-aneel","tag-romulo-do-amaral"],"yoast_head":"<!-- This site is optimized with the Yoast SEO Premium plugin v25.4 (Yoast SEO v26.0) - https:\/\/yoast.com\/wordpress\/plugins\/seo\/ -->\n<title>Silveira tenta emplacar dois nomes na diretoria da ANEEL, mas deve ter dificuldade no Senado - Ag\u00eancia iNFRA<\/title>\n<meta name=\"robots\" content=\"index, follow, max-snippet:-1, max-image-preview:large, max-video-preview:-1\" \/>\n<link rel=\"canonical\" href=\"https:\/\/agenciainfra.com\/blog\/silveira-tenta-emplacar-dois-nomes-na-diretoria-da-aneel-mas-deve-ter-dificuldade-no-senado\/\" \/>\n<meta property=\"og:locale\" content=\"pt_BR\" \/>\n<meta property=\"og:type\" content=\"article\" \/>\n<meta property=\"og:title\" content=\"Silveira tenta emplacar dois nomes na diretoria da ANEEL, mas deve ter dificuldade no Senado\" \/>\n<meta property=\"og:description\" content=\"Marisa Wanzeller e Geraldo Campos Jr., da Ag\u00eancia iNFRA O ministro de Minas e Energia, Alexandre Silveira, tenta emplacar nomes da sua confian\u00e7a para as duas vagas na diretoria da ANEEL (Ag\u00eancia Nacional de Energia El\u00e9trica). Nesta quinta-feira (20), ele informou ter enviado \u00e0 Casa Civil um nome para a segunda cadeira que ser\u00e1 aberta [&hellip;]\" \/>\n<meta property=\"og:url\" content=\"https:\/\/agenciainfra.com\/blog\/silveira-tenta-emplacar-dois-nomes-na-diretoria-da-aneel-mas-deve-ter-dificuldade-no-senado\/\" \/>\n<meta property=\"og:site_name\" content=\"Ag\u00eancia iNFRA\" \/>\n<meta property=\"article:publisher\" content=\"https:\/\/www.facebook.com\/ageninfra\" \/>\n<meta property=\"article:published_time\" content=\"2025-03-21T11:00:00+00:00\" \/>\n<meta property=\"article:modified_time\" content=\"2025-03-24T09:15:23+00:00\" \/>\n<meta property=\"og:image\" content=\"https:\/\/agenciainfra.com\/blog\/wp-content\/uploads\/2024\/08\/alexandre-silveira-foto-agencia-brasil.jpg\" \/>\n\t<meta property=\"og:image:width\" content=\"1202\" \/>\n\t<meta property=\"og:image:height\" content=\"832\" \/>\n\t<meta property=\"og:image:type\" content=\"image\/jpeg\" \/>\n<meta name=\"author\" content=\"Ag\u00eancia iNFRA\" \/>\n<meta name=\"twitter:card\" content=\"summary_large_image\" \/>\n<meta name=\"twitter:creator\" content=\"@agencia_infra\" \/>\n<meta name=\"twitter:site\" content=\"@agencia_infra\" \/>\n<meta name=\"twitter:label1\" content=\"Escrito por\" \/>\n\t<meta name=\"twitter:data1\" content=\"Ag\u00eancia iNFRA\" \/>\n\t<meta name=\"twitter:label2\" content=\"Est. tempo de leitura\" \/>\n\t<meta name=\"twitter:data2\" content=\"4 minutos\" \/>\n<script type=\"application\/ld+json\" class=\"yoast-schema-graph\">{\"@context\":\"https:\/\/schema.org\",\"@graph\":[{\"@type\":\"Article\",\"@id\":\"https:\/\/agenciainfra.com\/blog\/silveira-tenta-emplacar-dois-nomes-na-diretoria-da-aneel-mas-deve-ter-dificuldade-no-senado\/#article\",\"isPartOf\":{\"@id\":\"https:\/\/agenciainfra.com\/blog\/silveira-tenta-emplacar-dois-nomes-na-diretoria-da-aneel-mas-deve-ter-dificuldade-no-senado\/\"},\"author\":{\"name\":\"Ag\u00eancia iNFRA\",\"@id\":\"https:\/\/agenciainfra.com\/blog\/#\/schema\/person\/34af08dff6adea4cb22b06612ba7acfa\"},\"headline\":\"Silveira tenta emplacar dois nomes na diretoria da ANEEL, mas deve ter dificuldade no Senado\",\"datePublished\":\"2025-03-21T11:00:00+00:00\",\"dateModified\":\"2025-03-24T09:15:23+00:00\",\"mainEntityOfPage\":{\"@id\":\"https:\/\/agenciainfra.com\/blog\/silveira-tenta-emplacar-dois-nomes-na-diretoria-da-aneel-mas-deve-ter-dificuldade-no-senado\/\"},\"wordCount\":722,\"publisher\":{\"@id\":\"https:\/\/agenciainfra.com\/blog\/#organization\"},\"image\":{\"@id\":\"https:\/\/agenciainfra.com\/blog\/silveira-tenta-emplacar-dois-nomes-na-diretoria-da-aneel-mas-deve-ter-dificuldade-no-senado\/#primaryimage\"},\"thumbnailUrl\":\"https:\/\/agenciainfra.com\/blog\/wp-content\/uploads\/2024\/08\/alexandre-silveira-foto-agencia-brasil.jpg\",\"keywords\":[\"Ag\u00eancias Reguladoras\",\"Alexandre Silveira\",\"Diretoria da ANEEL\",\"Geraldo Campos Jr.\",\"indica\u00e7\u00e3o de diretor\",\"indica\u00e7\u00e3o mme\",\"Marisa Wanzeller\",\"ricardo tili aneel\",\"R\u00f4mulo do Amaral\"],\"articleSection\":[\"Destaque Menor\",\"Geral\",\"iNFRAEnergia\"],\"inLanguage\":\"pt-BR\",\"copyrightYear\":\"2025\",\"copyrightHolder\":{\"@id\":\"https:\/\/agenciainfra.com\/blog\/#organization\"}},{\"@type\":\"WebPage\",\"@id\":\"https:\/\/agenciainfra.com\/blog\/silveira-tenta-emplacar-dois-nomes-na-diretoria-da-aneel-mas-deve-ter-dificuldade-no-senado\/\",\"url\":\"https:\/\/agenciainfra.com\/blog\/silveira-tenta-emplacar-dois-nomes-na-diretoria-da-aneel-mas-deve-ter-dificuldade-no-senado\/\",\"name\":\"Silveira tenta emplacar dois nomes na diretoria da ANEEL, mas deve ter dificuldade no Senado - Ag\u00eancia iNFRA\",\"isPartOf\":{\"@id\":\"https:\/\/agenciainfra.com\/blog\/#website\"},\"primaryImageOfPage\":{\"@id\":\"https:\/\/agenciainfra.com\/blog\/silveira-tenta-emplacar-dois-nomes-na-diretoria-da-aneel-mas-deve-ter-dificuldade-no-senado\/#primaryimage\"},\"image\":{\"@id\":\"https:\/\/agenciainfra.com\/blog\/silveira-tenta-emplacar-dois-nomes-na-diretoria-da-aneel-mas-deve-ter-dificuldade-no-senado\/#primaryimage\"},\"thumbnailUrl\":\"https:\/\/agenciainfra.com\/blog\/wp-content\/uploads\/2024\/08\/alexandre-silveira-foto-agencia-brasil.jpg\",\"datePublished\":\"2025-03-21T11:00:00+00:00\",\"dateModified\":\"2025-03-24T09:15:23+00:00\",\"breadcrumb\":{\"@id\":\"https:\/\/agenciainfra.com\/blog\/silveira-tenta-emplacar-dois-nomes-na-diretoria-da-aneel-mas-deve-ter-dificuldade-no-senado\/#breadcrumb\"},\"inLanguage\":\"pt-BR\",\"potentialAction\":[{\"@type\":\"ReadAction\",\"target\":[\"https:\/\/agenciainfra.com\/blog\/silveira-tenta-emplacar-dois-nomes-na-diretoria-da-aneel-mas-deve-ter-dificuldade-no-senado\/\"]}]},{\"@type\":\"ImageObject\",\"inLanguage\":\"pt-BR\",\"@id\":\"https:\/\/agenciainfra.com\/blog\/silveira-tenta-emplacar-dois-nomes-na-diretoria-da-aneel-mas-deve-ter-dificuldade-no-senado\/#primaryimage\",\"url\":\"https:\/\/agenciainfra.com\/blog\/wp-content\/uploads\/2024\/08\/alexandre-silveira-foto-agencia-brasil.jpg\",\"contentUrl\":\"https:\/\/agenciainfra.com\/blog\/wp-content\/uploads\/2024\/08\/alexandre-silveira-foto-agencia-brasil.jpg\",\"width\":1202,\"height\":832},{\"@type\":\"BreadcrumbList\",\"@id\":\"https:\/\/agenciainfra.com\/blog\/silveira-tenta-emplacar-dois-nomes-na-diretoria-da-aneel-mas-deve-ter-dificuldade-no-senado\/#breadcrumb\",\"itemListElement\":[{\"@type\":\"ListItem\",\"position\":1,\"name\":\"In\u00edcio\",\"item\":\"https:\/\/agenciainfra.com\/blog\/\"},{\"@type\":\"ListItem\",\"position\":2,\"name\":\"Silveira tenta emplacar dois nomes na diretoria da ANEEL, mas deve ter dificuldade no Senado\"}]},{\"@type\":\"WebSite\",\"@id\":\"https:\/\/agenciainfra.com\/blog\/#website\",\"url\":\"https:\/\/agenciainfra.com\/blog\/\",\"name\":\"Ag\u00eancia iNFRA\",\"description\":\"Multiplataforma de informa\u00e7\u00e3o jornal\u00edstica refer\u00eancia na \u00e1rea de infraestrutura no Brasil!\",\"publisher\":{\"@id\":\"https:\/\/agenciainfra.com\/blog\/#organization\"},\"potentialAction\":[{\"@type\":\"SearchAction\",\"target\":{\"@type\":\"EntryPoint\",\"urlTemplate\":\"https:\/\/agenciainfra.com\/blog\/?s={search_term_string}\"},\"query-input\":{\"@type\":\"PropertyValueSpecification\",\"valueRequired\":true,\"valueName\":\"search_term_string\"}}],\"inLanguage\":\"pt-BR\"},{\"@type\":\"Organization\",\"@id\":\"https:\/\/agenciainfra.com\/blog\/#organization\",\"name\":\"Ag\u00eancia iNFRA\",\"url\":\"https:\/\/agenciainfra.com\/blog\/\",\"logo\":{\"@type\":\"ImageObject\",\"inLanguage\":\"pt-BR\",\"@id\":\"https:\/\/agenciainfra.com\/blog\/#\/schema\/logo\/image\/\",\"url\":\"https:\/\/agenciainfra.com\/blog\/wp-content\/uploads\/2023\/09\/iNFRA_5-e1761735885940.png\",\"contentUrl\":\"https:\/\/agenciainfra.com\/blog\/wp-content\/uploads\/2023\/09\/iNFRA_5-e1761735885940.png\",\"width\":1672,\"height\":454,\"caption\":\"Ag\u00eancia iNFRA\"},\"image\":{\"@id\":\"https:\/\/agenciainfra.com\/blog\/#\/schema\/logo\/image\/\"},\"sameAs\":[\"https:\/\/www.facebook.com\/ageninfra\",\"https:\/\/x.com\/agencia_infra\",\"https:\/\/www.linkedin.com\/company\/ag\u00eanciainfra\/\",\"https:\/\/www.instagram.com\/agenciainfra\/\"]},{\"@type\":\"Person\",\"@id\":\"https:\/\/agenciainfra.com\/blog\/#\/schema\/person\/34af08dff6adea4cb22b06612ba7acfa\",\"name\":\"Ag\u00eancia iNFRA\",\"image\":{\"@type\":\"ImageObject\",\"inLanguage\":\"pt-BR\",\"@id\":\"https:\/\/agenciainfra.com\/blog\/#\/schema\/person\/image\/\",\"url\":\"https:\/\/secure.gravatar.com\/avatar\/d189e01678f06d8eb84d4e01f08eb848b3fffe3f8443818d3c356c66892f5be8?s=96&d=mm&r=g\",\"contentUrl\":\"https:\/\/secure.gravatar.com\/avatar\/d189e01678f06d8eb84d4e01f08eb848b3fffe3f8443818d3c356c66892f5be8?s=96&d=mm&r=g\",\"caption\":\"Ag\u00eancia iNFRA\"},\"url\":\"https:\/\/agenciainfra.com\/blog\/author\/admin\/\"}]}<\/script>\n<!-- \/ Yoast SEO Premium plugin. -->","yoast_head_json":{"title":"Silveira tenta emplacar dois nomes na diretoria da ANEEL, mas deve ter dificuldade no Senado - Ag\u00eancia iNFRA","robots":{"index":"index","follow":"follow","max-snippet":"max-snippet:-1","max-image-preview":"max-image-preview:large","max-video-preview":"max-video-preview:-1"},"canonical":"https:\/\/agenciainfra.com\/blog\/silveira-tenta-emplacar-dois-nomes-na-diretoria-da-aneel-mas-deve-ter-dificuldade-no-senado\/","og_locale":"pt_BR","og_type":"article","og_title":"Silveira tenta emplacar dois nomes na diretoria da ANEEL, mas deve ter dificuldade no Senado","og_description":"Marisa Wanzeller e Geraldo Campos Jr., da Ag\u00eancia iNFRA O ministro de Minas e Energia, Alexandre Silveira, tenta emplacar nomes da sua confian\u00e7a para as duas vagas na diretoria da ANEEL (Ag\u00eancia Nacional de Energia El\u00e9trica). Nesta quinta-feira (20), ele informou ter enviado \u00e0 Casa Civil um nome para a segunda cadeira que ser\u00e1 aberta [&hellip;]","og_url":"https:\/\/agenciainfra.com\/blog\/silveira-tenta-emplacar-dois-nomes-na-diretoria-da-aneel-mas-deve-ter-dificuldade-no-senado\/","og_site_name":"Ag\u00eancia iNFRA","article_publisher":"https:\/\/www.facebook.com\/ageninfra","article_published_time":"2025-03-21T11:00:00+00:00","article_modified_time":"2025-03-24T09:15:23+00:00","og_image":[{"width":1202,"height":832,"url":"https:\/\/agenciainfra.com\/blog\/wp-content\/uploads\/2024\/08\/alexandre-silveira-foto-agencia-brasil.jpg","type":"image\/jpeg"}],"author":"Ag\u00eancia iNFRA","twitter_card":"summary_large_image","twitter_creator":"@agencia_infra","twitter_site":"@agencia_infra","twitter_misc":{"Escrito por":"Ag\u00eancia iNFRA","Est. tempo de leitura":"4 minutos"},"schema":{"@context":"https:\/\/schema.org","@graph":[{"@type":"Article","@id":"https:\/\/agenciainfra.com\/blog\/silveira-tenta-emplacar-dois-nomes-na-diretoria-da-aneel-mas-deve-ter-dificuldade-no-senado\/#article","isPartOf":{"@id":"https:\/\/agenciainfra.com\/blog\/silveira-tenta-emplacar-dois-nomes-na-diretoria-da-aneel-mas-deve-ter-dificuldade-no-senado\/"},"author":{"name":"Ag\u00eancia iNFRA","@id":"https:\/\/agenciainfra.com\/blog\/#\/schema\/person\/34af08dff6adea4cb22b06612ba7acfa"},"headline":"Silveira tenta emplacar dois nomes na diretoria da ANEEL, mas deve ter dificuldade no Senado","datePublished":"2025-03-21T11:00:00+00:00","dateModified":"2025-03-24T09:15:23+00:00","mainEntityOfPage":{"@id":"https:\/\/agenciainfra.com\/blog\/silveira-tenta-emplacar-dois-nomes-na-diretoria-da-aneel-mas-deve-ter-dificuldade-no-senado\/"},"wordCount":722,"publisher":{"@id":"https:\/\/agenciainfra.com\/blog\/#organization"},"image":{"@id":"https:\/\/agenciainfra.com\/blog\/silveira-tenta-emplacar-dois-nomes-na-diretoria-da-aneel-mas-deve-ter-dificuldade-no-senado\/#primaryimage"},"thumbnailUrl":"https:\/\/agenciainfra.com\/blog\/wp-content\/uploads\/2024\/08\/alexandre-silveira-foto-agencia-brasil.jpg","keywords":["Ag\u00eancias Reguladoras","Alexandre Silveira","Diretoria da ANEEL","Geraldo Campos Jr.","indica\u00e7\u00e3o de diretor","indica\u00e7\u00e3o mme","Marisa Wanzeller","ricardo tili aneel","R\u00f4mulo do Amaral"],"articleSection":["Destaque Menor","Geral","iNFRAEnergia"],"inLanguage":"pt-BR","copyrightYear":"2025","copyrightHolder":{"@id":"https:\/\/agenciainfra.com\/blog\/#organization"}},{"@type":"WebPage","@id":"https:\/\/agenciainfra.com\/blog\/silveira-tenta-emplacar-dois-nomes-na-diretoria-da-aneel-mas-deve-ter-dificuldade-no-senado\/","url":"https:\/\/agenciainfra.com\/blog\/silveira-tenta-emplacar-dois-nomes-na-diretoria-da-aneel-mas-deve-ter-dificuldade-no-senado\/","name":"Silveira tenta emplacar dois nomes na diretoria da ANEEL, mas deve ter dificuldade no Senado - Ag\u00eancia iNFRA","isPartOf":{"@id":"https:\/\/agenciainfra.com\/blog\/#website"},"primaryImageOfPage":{"@id":"https:\/\/agenciainfra.com\/blog\/silveira-tenta-emplacar-dois-nomes-na-diretoria-da-aneel-mas-deve-ter-dificuldade-no-senado\/#primaryimage"},"image":{"@id":"https:\/\/agenciainfra.com\/blog\/silveira-tenta-emplacar-dois-nomes-na-diretoria-da-aneel-mas-deve-ter-dificuldade-no-senado\/#primaryimage"},"thumbnailUrl":"https:\/\/agenciainfra.com\/blog\/wp-content\/uploads\/2024\/08\/alexandre-silveira-foto-agencia-brasil.jpg","datePublished":"2025-03-21T11:00:00+00:00","dateModified":"2025-03-24T09:15:23+00:00","breadcrumb":{"@id":"https:\/\/agenciainfra.com\/blog\/silveira-tenta-emplacar-dois-nomes-na-diretoria-da-aneel-mas-deve-ter-dificuldade-no-senado\/#breadcrumb"},"inLanguage":"pt-BR","potentialAction":[{"@type":"ReadAction","target":["https:\/\/agenciainfra.com\/blog\/silveira-tenta-emplacar-dois-nomes-na-diretoria-da-aneel-mas-deve-ter-dificuldade-no-senado\/"]}]},{"@type":"ImageObject","inLanguage":"pt-BR","@id":"https:\/\/agenciainfra.com\/blog\/silveira-tenta-emplacar-dois-nomes-na-diretoria-da-aneel-mas-deve-ter-dificuldade-no-senado\/#primaryimage","url":"https:\/\/agenciainfra.com\/blog\/wp-content\/uploads\/2024\/08\/alexandre-silveira-foto-agencia-brasil.jpg","contentUrl":"https:\/\/agenciainfra.com\/blog\/wp-content\/uploads\/2024\/08\/alexandre-silveira-foto-agencia-brasil.jpg","width":1202,"height":832},{"@type":"BreadcrumbList","@id":"https:\/\/agenciainfra.com\/blog\/silveira-tenta-emplacar-dois-nomes-na-diretoria-da-aneel-mas-deve-ter-dificuldade-no-senado\/#breadcrumb","itemListElement":[{"@type":"ListItem","position":1,"name":"In\u00edcio","item":"https:\/\/agenciainfra.com\/blog\/"},{"@type":"ListItem","position":2,"name":"Silveira tenta emplacar dois nomes na diretoria da ANEEL, mas deve ter dificuldade no Senado"}]},{"@type":"WebSite","@id":"https:\/\/agenciainfra.com\/blog\/#website","url":"https:\/\/agenciainfra.com\/blog\/","name":"Ag\u00eancia iNFRA","description":"Multiplataforma de informa\u00e7\u00e3o jornal\u00edstica refer\u00eancia na \u00e1rea de infraestrutura no Brasil!","publisher":{"@id":"https:\/\/agenciainfra.com\/blog\/#organization"},"potentialAction":[{"@type":"SearchAction","target":{"@type":"EntryPoint","urlTemplate":"https:\/\/agenciainfra.com\/blog\/?s={search_term_string}"},"query-input":{"@type":"PropertyValueSpecification","valueRequired":true,"valueName":"search_term_string"}}],"inLanguage":"pt-BR"},{"@type":"Organization","@id":"https:\/\/agenciainfra.com\/blog\/#organization","name":"Ag\u00eancia iNFRA","url":"https:\/\/agenciainfra.com\/blog\/","logo":{"@type":"ImageObject","inLanguage":"pt-BR","@id":"https:\/\/agenciainfra.com\/blog\/#\/schema\/logo\/image\/","url":"https:\/\/agenciainfra.com\/blog\/wp-content\/uploads\/2023\/09\/iNFRA_5-e1761735885940.png","contentUrl":"https:\/\/agenciainfra.com\/blog\/wp-content\/uploads\/2023\/09\/iNFRA_5-e1761735885940.png","width":1672,"height":454,"caption":"Ag\u00eancia iNFRA"},"image":{"@id":"https:\/\/agenciainfra.com\/blog\/#\/schema\/logo\/image\/"},"sameAs":["https:\/\/www.facebook.com\/ageninfra","https:\/\/x.com\/agencia_infra","https:\/\/www.linkedin.com\/company\/ag\u00eanciainfra\/","https:\/\/www.instagram.com\/agenciainfra\/"]},{"@type":"Person","@id":"https:\/\/agenciainfra.com\/blog\/#\/schema\/person\/34af08dff6adea4cb22b06612ba7acfa","name":"Ag\u00eancia iNFRA","image":{"@type":"ImageObject","inLanguage":"pt-BR","@id":"https:\/\/agenciainfra.com\/blog\/#\/schema\/person\/image\/","url":"https:\/\/secure.gravatar.com\/avatar\/d189e01678f06d8eb84d4e01f08eb848b3fffe3f8443818d3c356c66892f5be8?s=96&d=mm&r=g","contentUrl":"https:\/\/secure.gravatar.com\/avatar\/d189e01678f06d8eb84d4e01f08eb848b3fffe3f8443818d3c356c66892f5be8?s=96&d=mm&r=g","caption":"Ag\u00eancia iNFRA"},"url":"https:\/\/agenciainfra.com\/blog\/author\/admin\/"}]}},"_links":{"self":[{"href":"https:\/\/agenciainfra.com\/blog\/wp-json\/wp\/v2\/posts\/20638","targetHints":{"allow":["GET"]}}],"collection":[{"href":"https:\/\/agenciainfra.com\/blog\/wp-json\/wp\/v2\/posts"}],"about":[{"href":"https:\/\/agenciainfra.com\/blog\/wp-json\/wp\/v2\/types\/post"}],"author":[{"embeddable":true,"href":"https:\/\/agenciainfra.com\/blog\/wp-json\/wp\/v2\/users\/1"}],"replies":[{"embeddable":true,"href":"https:\/\/agenciainfra.com\/blog\/wp-json\/wp\/v2\/comments?post=20638"}],"version-history":[{"count":2,"href":"https:\/\/agenciainfra.com\/blog\/wp-json\/wp\/v2\/posts\/20638\/revisions"}],"predecessor-version":[{"id":20661,"href":"https:\/\/agenciainfra.com\/blog\/wp-json\/wp\/v2\/posts\/20638\/revisions\/20661"}],"wp:featuredmedia":[{"embeddable":true,"href":"https:\/\/agenciainfra.com\/blog\/wp-json\/wp\/v2\/media\/18250"}],"wp:attachment":[{"href":"https:\/\/agenciainfra.com\/blog\/wp-json\/wp\/v2\/media?parent=20638"}],"wp:term":[{"taxonomy":"category","embeddable":true,"href":"https:\/\/agenciainfra.com\/blog\/wp-json\/wp\/v2\/categories?post=20638"},{"taxonomy":"post_tag","embeddable":true,"href":"https:\/\/agenciainfra.com\/blog\/wp-json\/wp\/v2\/tags?post=20638"}],"curies":[{"name":"wp","href":"https:\/\/api.w.org\/{rel}","templated":true}]}}