{"id":20640,"date":"2025-03-21T09:00:00","date_gmt":"2025-03-21T12:00:00","guid":{"rendered":"https:\/\/agenciainfra.com\/blog\/?p=20640"},"modified":"2025-03-21T07:05:29","modified_gmt":"2025-03-21T10:05:29","slug":"ministro-alexandre-silveira-diz-que-secretario-executivo-ainda-nao-indicou-a-ele-que-pretende-deixar-a-pasta","status":"publish","type":"post","link":"https:\/\/agenciainfra.com\/blog\/ministro-alexandre-silveira-diz-que-secretario-executivo-ainda-nao-indicou-a-ele-que-pretende-deixar-a-pasta\/","title":{"rendered":"Ministro Alexandre Silveira diz que secret\u00e1rio-executivo ainda n\u00e3o indicou a ele que pretende deixar a pasta"},"content":{"rendered":"\n<p class=\"has-text-align-right\"><strong>Marisa Wanzeller e Geraldo Campos Jr., da Ag\u00eancia iNFRA<\/strong><\/p>\n\n\n\n<p>O ministro de Minas e Energia, Alexandre Silveira, disse nesta quinta-feira (20) que o secret\u00e1rio-executivo da pasta, Arthur Val\u00e9rio, ainda n\u00e3o indicou a ele que pretende deixar o cargo. \u201cEu ou\u00e7o mais por terceiros&#8221;, disse.&nbsp;<\/p>\n\n\n\n<p>Silveira acredita que o secret\u00e1rio est\u00e1 \u201cdividido entre outros voos profissionais e a vontade de continuar se desafiando e dando resultados para as pol\u00edticas p\u00fablicas&#8221;, disse \u00e0 imprensa, ap\u00f3s a abertura da 2\u00aa Reuni\u00e3o de Energia do Brics, em Bras\u00edlia. \u201cEu n\u00e3o cogito ainda a sa\u00edda do Arthur\u201d, afirmou.&nbsp;<\/p>\n\n\n\n<p><strong>Sa\u00edda programada<\/strong><br>Apesar da nega\u00e7\u00e3o de Silveira, fontes do governo informaram que o secret\u00e1rio j\u00e1 tinha combinado com o ministro Alexandre Silveira desde que foi convidado para o cargo que n\u00e3o ficaria at\u00e9 o fim. O advogado tinha planos de deixar a carreira p\u00fablica e seguir para a iniciativa privada desde que ainda estava na AGU (Advocacia-Geral da Uni\u00e3o), de onde \u00e9 servidor.&nbsp;<\/p>\n\n\n\n<p>A informa\u00e7\u00e3o \u00e9 que o secret\u00e1rio est\u00e1 decidido e pretende deixar a pasta at\u00e9 maio. At\u00e9 l\u00e1, Val\u00e9rio deve auxiliar o ministro na escolha de um novo nome para a secretaria-executiva do MME (Minist\u00e9rio de Minas e Energia).<\/p>\n\n\n\n<p><strong>Curr\u00edculo<\/strong><br>Servidor da AGU, Arthur Val\u00e9rio atuou como consultor jur\u00eddico no MME de mar\u00e7o de 2023 at\u00e9 janeiro de 2024, quando assumiu a cadeira de secret\u00e1rio-executivo. Ele j\u00e1 passou pelo Minist\u00e9rio dos Transportes (2007-2015), pelo Minist\u00e9rio das Cidades (2016) e pelo Minist\u00e9rio de Ci\u00eancia e Tecnologia (2016-2019).&nbsp;<\/p>\n\n\n\n<p>Em julho de 2023, o advogado foi eleito presidente do Conselho de Administra\u00e7\u00e3o da PPSA (Pr\u00e9-Sal Petr\u00f3leo) por indica\u00e7\u00e3o do MME.<\/p>\n","protected":false},"excerpt":{"rendered":"<p>Marisa Wanzeller e Geraldo Campos Jr., da Ag\u00eancia iNFRA O ministro de Minas e Energia, Alexandre Silveira, disse nesta quinta-feira (20) que o secret\u00e1rio-executivo da pasta, Arthur Val\u00e9rio, ainda n\u00e3o indicou a ele que pretende deixar o cargo. \u201cEu ou\u00e7o mais por terceiros&#8221;, disse.&nbsp; Silveira acredita que o secret\u00e1rio est\u00e1 \u201cdividido entre outros voos profissionais [&hellip;]<\/p>\n","protected":false},"author":1,"featured_media":20641,"comment_status":"closed","ping_status":"closed","sticky":false,"template":"","format":"standard","meta":{"_monsterinsights_skip_tracking":false,"_monsterinsights_sitenote_active":false,"_monsterinsights_sitenote_note":"","_monsterinsights_sitenote_category":0,"footnotes":""},"categories":[7250,1,10],"tags":[9233,11594,7366,96,71,12259],"class_list":["post-20640","post","type-post","status-publish","format-standard","has-post-thumbnail","hentry","category-destaque-lista","category-geral","category-infraenergia","tag-arthur-valerio","tag-geraldo-campos-jr","tag-marisa-wanzeller","tag-ministerio-de-minas-e-energia","tag-mme","tag-secretaria-executiva-do-mme"],"yoast_head":"<!-- This site is optimized with the Yoast SEO Premium plugin v25.4 (Yoast SEO v26.0) - https:\/\/yoast.com\/wordpress\/plugins\/seo\/ -->\n<title>Ministro Alexandre Silveira diz que secret\u00e1rio-executivo ainda n\u00e3o indicou a ele que pretende deixar a pasta - Ag\u00eancia iNFRA<\/title>\n<meta name=\"robots\" content=\"index, follow, max-snippet:-1, max-image-preview:large, max-video-preview:-1\" \/>\n<link rel=\"canonical\" href=\"https:\/\/agenciainfra.com\/blog\/ministro-alexandre-silveira-diz-que-secretario-executivo-ainda-nao-indicou-a-ele-que-pretende-deixar-a-pasta\/\" \/>\n<meta property=\"og:locale\" content=\"pt_BR\" \/>\n<meta property=\"og:type\" content=\"article\" \/>\n<meta property=\"og:title\" content=\"Ministro Alexandre Silveira diz que secret\u00e1rio-executivo ainda n\u00e3o indicou a ele que pretende deixar a pasta\" \/>\n<meta property=\"og:description\" content=\"Marisa Wanzeller e Geraldo Campos Jr., da Ag\u00eancia iNFRA O ministro de Minas e Energia, Alexandre Silveira, disse nesta quinta-feira (20) que o secret\u00e1rio-executivo da pasta, Arthur Val\u00e9rio, ainda n\u00e3o indicou a ele que pretende deixar o cargo. \u201cEu ou\u00e7o mais por terceiros&#8221;, disse.&nbsp; Silveira acredita que o secret\u00e1rio est\u00e1 \u201cdividido entre outros voos profissionais [&hellip;]\" \/>\n<meta property=\"og:url\" content=\"https:\/\/agenciainfra.com\/blog\/ministro-alexandre-silveira-diz-que-secretario-executivo-ainda-nao-indicou-a-ele-que-pretende-deixar-a-pasta\/\" \/>\n<meta property=\"og:site_name\" content=\"Ag\u00eancia iNFRA\" \/>\n<meta property=\"article:publisher\" content=\"https:\/\/www.facebook.com\/ageninfra\" \/>\n<meta property=\"article:published_time\" content=\"2025-03-21T12:00:00+00:00\" \/>\n<meta property=\"og:image\" content=\"https:\/\/agenciainfra.com\/blog\/wp-content\/uploads\/2025\/03\/arthur-valerio-foto-divulgacao-1.jpg\" \/>\n\t<meta property=\"og:image:width\" content=\"1202\" \/>\n\t<meta property=\"og:image:height\" content=\"714\" \/>\n\t<meta property=\"og:image:type\" content=\"image\/jpeg\" \/>\n<meta name=\"author\" content=\"Ag\u00eancia iNFRA\" \/>\n<meta name=\"twitter:card\" content=\"summary_large_image\" \/>\n<meta name=\"twitter:creator\" content=\"@agencia_infra\" \/>\n<meta name=\"twitter:site\" content=\"@agencia_infra\" \/>\n<meta name=\"twitter:label1\" content=\"Escrito por\" \/>\n\t<meta name=\"twitter:data1\" content=\"Ag\u00eancia iNFRA\" \/>\n\t<meta name=\"twitter:label2\" content=\"Est. tempo de leitura\" \/>\n\t<meta name=\"twitter:data2\" content=\"1 minuto\" \/>\n<script type=\"application\/ld+json\" class=\"yoast-schema-graph\">{\"@context\":\"https:\/\/schema.org\",\"@graph\":[{\"@type\":\"Article\",\"@id\":\"https:\/\/agenciainfra.com\/blog\/ministro-alexandre-silveira-diz-que-secretario-executivo-ainda-nao-indicou-a-ele-que-pretende-deixar-a-pasta\/#article\",\"isPartOf\":{\"@id\":\"https:\/\/agenciainfra.com\/blog\/ministro-alexandre-silveira-diz-que-secretario-executivo-ainda-nao-indicou-a-ele-que-pretende-deixar-a-pasta\/\"},\"author\":{\"name\":\"Ag\u00eancia iNFRA\",\"@id\":\"https:\/\/agenciainfra.com\/blog\/#\/schema\/person\/34af08dff6adea4cb22b06612ba7acfa\"},\"headline\":\"Ministro Alexandre Silveira diz que secret\u00e1rio-executivo ainda n\u00e3o indicou a ele que pretende deixar a pasta\",\"datePublished\":\"2025-03-21T12:00:00+00:00\",\"mainEntityOfPage\":{\"@id\":\"https:\/\/agenciainfra.com\/blog\/ministro-alexandre-silveira-diz-que-secretario-executivo-ainda-nao-indicou-a-ele-que-pretende-deixar-a-pasta\/\"},\"wordCount\":311,\"publisher\":{\"@id\":\"https:\/\/agenciainfra.com\/blog\/#organization\"},\"image\":{\"@id\":\"https:\/\/agenciainfra.com\/blog\/ministro-alexandre-silveira-diz-que-secretario-executivo-ainda-nao-indicou-a-ele-que-pretende-deixar-a-pasta\/#primaryimage\"},\"thumbnailUrl\":\"https:\/\/agenciainfra.com\/blog\/wp-content\/uploads\/2025\/03\/arthur-valerio-foto-divulgacao-1.jpg\",\"keywords\":[\"Arthur Val\u00e9rio\",\"Geraldo Campos Jr.\",\"Marisa Wanzeller\",\"Minist\u00e9rio de Minas e Energia\",\"MME\",\"Secretaria executiva do MME\"],\"articleSection\":[\"Destaque lista\",\"Geral\",\"iNFRAEnergia\"],\"inLanguage\":\"pt-BR\",\"copyrightYear\":\"2025\",\"copyrightHolder\":{\"@id\":\"https:\/\/agenciainfra.com\/blog\/#organization\"}},{\"@type\":\"WebPage\",\"@id\":\"https:\/\/agenciainfra.com\/blog\/ministro-alexandre-silveira-diz-que-secretario-executivo-ainda-nao-indicou-a-ele-que-pretende-deixar-a-pasta\/\",\"url\":\"https:\/\/agenciainfra.com\/blog\/ministro-alexandre-silveira-diz-que-secretario-executivo-ainda-nao-indicou-a-ele-que-pretende-deixar-a-pasta\/\",\"name\":\"Ministro Alexandre Silveira diz que secret\u00e1rio-executivo ainda n\u00e3o indicou a ele que pretende deixar a pasta - Ag\u00eancia iNFRA\",\"isPartOf\":{\"@id\":\"https:\/\/agenciainfra.com\/blog\/#website\"},\"primaryImageOfPage\":{\"@id\":\"https:\/\/agenciainfra.com\/blog\/ministro-alexandre-silveira-diz-que-secretario-executivo-ainda-nao-indicou-a-ele-que-pretende-deixar-a-pasta\/#primaryimage\"},\"image\":{\"@id\":\"https:\/\/agenciainfra.com\/blog\/ministro-alexandre-silveira-diz-que-secretario-executivo-ainda-nao-indicou-a-ele-que-pretende-deixar-a-pasta\/#primaryimage\"},\"thumbnailUrl\":\"https:\/\/agenciainfra.com\/blog\/wp-content\/uploads\/2025\/03\/arthur-valerio-foto-divulgacao-1.jpg\",\"datePublished\":\"2025-03-21T12:00:00+00:00\",\"breadcrumb\":{\"@id\":\"https:\/\/agenciainfra.com\/blog\/ministro-alexandre-silveira-diz-que-secretario-executivo-ainda-nao-indicou-a-ele-que-pretende-deixar-a-pasta\/#breadcrumb\"},\"inLanguage\":\"pt-BR\",\"potentialAction\":[{\"@type\":\"ReadAction\",\"target\":[\"https:\/\/agenciainfra.com\/blog\/ministro-alexandre-silveira-diz-que-secretario-executivo-ainda-nao-indicou-a-ele-que-pretende-deixar-a-pasta\/\"]}]},{\"@type\":\"ImageObject\",\"inLanguage\":\"pt-BR\",\"@id\":\"https:\/\/agenciainfra.com\/blog\/ministro-alexandre-silveira-diz-que-secretario-executivo-ainda-nao-indicou-a-ele-que-pretende-deixar-a-pasta\/#primaryimage\",\"url\":\"https:\/\/agenciainfra.com\/blog\/wp-content\/uploads\/2025\/03\/arthur-valerio-foto-divulgacao-1.jpg\",\"contentUrl\":\"https:\/\/agenciainfra.com\/blog\/wp-content\/uploads\/2025\/03\/arthur-valerio-foto-divulgacao-1.jpg\",\"width\":1202,\"height\":714,\"caption\":\"Foto: Divulga\u00e7\u00e3o MME\"},{\"@type\":\"BreadcrumbList\",\"@id\":\"https:\/\/agenciainfra.com\/blog\/ministro-alexandre-silveira-diz-que-secretario-executivo-ainda-nao-indicou-a-ele-que-pretende-deixar-a-pasta\/#breadcrumb\",\"itemListElement\":[{\"@type\":\"ListItem\",\"position\":1,\"name\":\"In\u00edcio\",\"item\":\"https:\/\/agenciainfra.com\/blog\/\"},{\"@type\":\"ListItem\",\"position\":2,\"name\":\"Ministro Alexandre Silveira diz que secret\u00e1rio-executivo ainda n\u00e3o indicou a ele que pretende deixar a pasta\"}]},{\"@type\":\"WebSite\",\"@id\":\"https:\/\/agenciainfra.com\/blog\/#website\",\"url\":\"https:\/\/agenciainfra.com\/blog\/\",\"name\":\"Ag\u00eancia iNFRA\",\"description\":\"Multiplataforma de informa\u00e7\u00e3o jornal\u00edstica refer\u00eancia na \u00e1rea de infraestrutura no Brasil!\",\"publisher\":{\"@id\":\"https:\/\/agenciainfra.com\/blog\/#organization\"},\"potentialAction\":[{\"@type\":\"SearchAction\",\"target\":{\"@type\":\"EntryPoint\",\"urlTemplate\":\"https:\/\/agenciainfra.com\/blog\/?s={search_term_string}\"},\"query-input\":{\"@type\":\"PropertyValueSpecification\",\"valueRequired\":true,\"valueName\":\"search_term_string\"}}],\"inLanguage\":\"pt-BR\"},{\"@type\":\"Organization\",\"@id\":\"https:\/\/agenciainfra.com\/blog\/#organization\",\"name\":\"Ag\u00eancia iNFRA\",\"url\":\"https:\/\/agenciainfra.com\/blog\/\",\"logo\":{\"@type\":\"ImageObject\",\"inLanguage\":\"pt-BR\",\"@id\":\"https:\/\/agenciainfra.com\/blog\/#\/schema\/logo\/image\/\",\"url\":\"https:\/\/agenciainfra.com\/blog\/wp-content\/uploads\/2023\/09\/iNFRA_5-e1761735885940.png\",\"contentUrl\":\"https:\/\/agenciainfra.com\/blog\/wp-content\/uploads\/2023\/09\/iNFRA_5-e1761735885940.png\",\"width\":1672,\"height\":454,\"caption\":\"Ag\u00eancia iNFRA\"},\"image\":{\"@id\":\"https:\/\/agenciainfra.com\/blog\/#\/schema\/logo\/image\/\"},\"sameAs\":[\"https:\/\/www.facebook.com\/ageninfra\",\"https:\/\/x.com\/agencia_infra\",\"https:\/\/www.linkedin.com\/company\/ag\u00eanciainfra\/\",\"https:\/\/www.instagram.com\/agenciainfra\/\"]},{\"@type\":\"Person\",\"@id\":\"https:\/\/agenciainfra.com\/blog\/#\/schema\/person\/34af08dff6adea4cb22b06612ba7acfa\",\"name\":\"Ag\u00eancia iNFRA\",\"image\":{\"@type\":\"ImageObject\",\"inLanguage\":\"pt-BR\",\"@id\":\"https:\/\/agenciainfra.com\/blog\/#\/schema\/person\/image\/\",\"url\":\"https:\/\/secure.gravatar.com\/avatar\/d189e01678f06d8eb84d4e01f08eb848b3fffe3f8443818d3c356c66892f5be8?s=96&d=mm&r=g\",\"contentUrl\":\"https:\/\/secure.gravatar.com\/avatar\/d189e01678f06d8eb84d4e01f08eb848b3fffe3f8443818d3c356c66892f5be8?s=96&d=mm&r=g\",\"caption\":\"Ag\u00eancia iNFRA\"},\"url\":\"https:\/\/agenciainfra.com\/blog\/author\/admin\/\"}]}<\/script>\n<!-- \/ Yoast SEO Premium plugin. -->","yoast_head_json":{"title":"Ministro Alexandre Silveira diz que secret\u00e1rio-executivo ainda n\u00e3o indicou a ele que pretende deixar a pasta - Ag\u00eancia iNFRA","robots":{"index":"index","follow":"follow","max-snippet":"max-snippet:-1","max-image-preview":"max-image-preview:large","max-video-preview":"max-video-preview:-1"},"canonical":"https:\/\/agenciainfra.com\/blog\/ministro-alexandre-silveira-diz-que-secretario-executivo-ainda-nao-indicou-a-ele-que-pretende-deixar-a-pasta\/","og_locale":"pt_BR","og_type":"article","og_title":"Ministro Alexandre Silveira diz que secret\u00e1rio-executivo ainda n\u00e3o indicou a ele que pretende deixar a pasta","og_description":"Marisa Wanzeller e Geraldo Campos Jr., da Ag\u00eancia iNFRA O ministro de Minas e Energia, Alexandre Silveira, disse nesta quinta-feira (20) que o secret\u00e1rio-executivo da pasta, Arthur Val\u00e9rio, ainda n\u00e3o indicou a ele que pretende deixar o cargo. \u201cEu ou\u00e7o mais por terceiros&#8221;, disse.&nbsp; Silveira acredita que o secret\u00e1rio est\u00e1 \u201cdividido entre outros voos profissionais [&hellip;]","og_url":"https:\/\/agenciainfra.com\/blog\/ministro-alexandre-silveira-diz-que-secretario-executivo-ainda-nao-indicou-a-ele-que-pretende-deixar-a-pasta\/","og_site_name":"Ag\u00eancia iNFRA","article_publisher":"https:\/\/www.facebook.com\/ageninfra","article_published_time":"2025-03-21T12:00:00+00:00","og_image":[{"width":1202,"height":714,"url":"https:\/\/agenciainfra.com\/blog\/wp-content\/uploads\/2025\/03\/arthur-valerio-foto-divulgacao-1.jpg","type":"image\/jpeg"}],"author":"Ag\u00eancia iNFRA","twitter_card":"summary_large_image","twitter_creator":"@agencia_infra","twitter_site":"@agencia_infra","twitter_misc":{"Escrito por":"Ag\u00eancia iNFRA","Est. tempo de leitura":"1 minuto"},"schema":{"@context":"https:\/\/schema.org","@graph":[{"@type":"Article","@id":"https:\/\/agenciainfra.com\/blog\/ministro-alexandre-silveira-diz-que-secretario-executivo-ainda-nao-indicou-a-ele-que-pretende-deixar-a-pasta\/#article","isPartOf":{"@id":"https:\/\/agenciainfra.com\/blog\/ministro-alexandre-silveira-diz-que-secretario-executivo-ainda-nao-indicou-a-ele-que-pretende-deixar-a-pasta\/"},"author":{"name":"Ag\u00eancia iNFRA","@id":"https:\/\/agenciainfra.com\/blog\/#\/schema\/person\/34af08dff6adea4cb22b06612ba7acfa"},"headline":"Ministro Alexandre Silveira diz que secret\u00e1rio-executivo ainda n\u00e3o indicou a ele que pretende deixar a pasta","datePublished":"2025-03-21T12:00:00+00:00","mainEntityOfPage":{"@id":"https:\/\/agenciainfra.com\/blog\/ministro-alexandre-silveira-diz-que-secretario-executivo-ainda-nao-indicou-a-ele-que-pretende-deixar-a-pasta\/"},"wordCount":311,"publisher":{"@id":"https:\/\/agenciainfra.com\/blog\/#organization"},"image":{"@id":"https:\/\/agenciainfra.com\/blog\/ministro-alexandre-silveira-diz-que-secretario-executivo-ainda-nao-indicou-a-ele-que-pretende-deixar-a-pasta\/#primaryimage"},"thumbnailUrl":"https:\/\/agenciainfra.com\/blog\/wp-content\/uploads\/2025\/03\/arthur-valerio-foto-divulgacao-1.jpg","keywords":["Arthur Val\u00e9rio","Geraldo Campos Jr.","Marisa Wanzeller","Minist\u00e9rio de Minas e Energia","MME","Secretaria executiva do MME"],"articleSection":["Destaque lista","Geral","iNFRAEnergia"],"inLanguage":"pt-BR","copyrightYear":"2025","copyrightHolder":{"@id":"https:\/\/agenciainfra.com\/blog\/#organization"}},{"@type":"WebPage","@id":"https:\/\/agenciainfra.com\/blog\/ministro-alexandre-silveira-diz-que-secretario-executivo-ainda-nao-indicou-a-ele-que-pretende-deixar-a-pasta\/","url":"https:\/\/agenciainfra.com\/blog\/ministro-alexandre-silveira-diz-que-secretario-executivo-ainda-nao-indicou-a-ele-que-pretende-deixar-a-pasta\/","name":"Ministro Alexandre Silveira diz que secret\u00e1rio-executivo ainda n\u00e3o indicou a ele que pretende deixar a pasta - Ag\u00eancia iNFRA","isPartOf":{"@id":"https:\/\/agenciainfra.com\/blog\/#website"},"primaryImageOfPage":{"@id":"https:\/\/agenciainfra.com\/blog\/ministro-alexandre-silveira-diz-que-secretario-executivo-ainda-nao-indicou-a-ele-que-pretende-deixar-a-pasta\/#primaryimage"},"image":{"@id":"https:\/\/agenciainfra.com\/blog\/ministro-alexandre-silveira-diz-que-secretario-executivo-ainda-nao-indicou-a-ele-que-pretende-deixar-a-pasta\/#primaryimage"},"thumbnailUrl":"https:\/\/agenciainfra.com\/blog\/wp-content\/uploads\/2025\/03\/arthur-valerio-foto-divulgacao-1.jpg","datePublished":"2025-03-21T12:00:00+00:00","breadcrumb":{"@id":"https:\/\/agenciainfra.com\/blog\/ministro-alexandre-silveira-diz-que-secretario-executivo-ainda-nao-indicou-a-ele-que-pretende-deixar-a-pasta\/#breadcrumb"},"inLanguage":"pt-BR","potentialAction":[{"@type":"ReadAction","target":["https:\/\/agenciainfra.com\/blog\/ministro-alexandre-silveira-diz-que-secretario-executivo-ainda-nao-indicou-a-ele-que-pretende-deixar-a-pasta\/"]}]},{"@type":"ImageObject","inLanguage":"pt-BR","@id":"https:\/\/agenciainfra.com\/blog\/ministro-alexandre-silveira-diz-que-secretario-executivo-ainda-nao-indicou-a-ele-que-pretende-deixar-a-pasta\/#primaryimage","url":"https:\/\/agenciainfra.com\/blog\/wp-content\/uploads\/2025\/03\/arthur-valerio-foto-divulgacao-1.jpg","contentUrl":"https:\/\/agenciainfra.com\/blog\/wp-content\/uploads\/2025\/03\/arthur-valerio-foto-divulgacao-1.jpg","width":1202,"height":714,"caption":"Foto: Divulga\u00e7\u00e3o MME"},{"@type":"BreadcrumbList","@id":"https:\/\/agenciainfra.com\/blog\/ministro-alexandre-silveira-diz-que-secretario-executivo-ainda-nao-indicou-a-ele-que-pretende-deixar-a-pasta\/#breadcrumb","itemListElement":[{"@type":"ListItem","position":1,"name":"In\u00edcio","item":"https:\/\/agenciainfra.com\/blog\/"},{"@type":"ListItem","position":2,"name":"Ministro Alexandre Silveira diz que secret\u00e1rio-executivo ainda n\u00e3o indicou a ele que pretende deixar a pasta"}]},{"@type":"WebSite","@id":"https:\/\/agenciainfra.com\/blog\/#website","url":"https:\/\/agenciainfra.com\/blog\/","name":"Ag\u00eancia iNFRA","description":"Multiplataforma de informa\u00e7\u00e3o jornal\u00edstica refer\u00eancia na \u00e1rea de infraestrutura no Brasil!","publisher":{"@id":"https:\/\/agenciainfra.com\/blog\/#organization"},"potentialAction":[{"@type":"SearchAction","target":{"@type":"EntryPoint","urlTemplate":"https:\/\/agenciainfra.com\/blog\/?s={search_term_string}"},"query-input":{"@type":"PropertyValueSpecification","valueRequired":true,"valueName":"search_term_string"}}],"inLanguage":"pt-BR"},{"@type":"Organization","@id":"https:\/\/agenciainfra.com\/blog\/#organization","name":"Ag\u00eancia iNFRA","url":"https:\/\/agenciainfra.com\/blog\/","logo":{"@type":"ImageObject","inLanguage":"pt-BR","@id":"https:\/\/agenciainfra.com\/blog\/#\/schema\/logo\/image\/","url":"https:\/\/agenciainfra.com\/blog\/wp-content\/uploads\/2023\/09\/iNFRA_5-e1761735885940.png","contentUrl":"https:\/\/agenciainfra.com\/blog\/wp-content\/uploads\/2023\/09\/iNFRA_5-e1761735885940.png","width":1672,"height":454,"caption":"Ag\u00eancia iNFRA"},"image":{"@id":"https:\/\/agenciainfra.com\/blog\/#\/schema\/logo\/image\/"},"sameAs":["https:\/\/www.facebook.com\/ageninfra","https:\/\/x.com\/agencia_infra","https:\/\/www.linkedin.com\/company\/ag\u00eanciainfra\/","https:\/\/www.instagram.com\/agenciainfra\/"]},{"@type":"Person","@id":"https:\/\/agenciainfra.com\/blog\/#\/schema\/person\/34af08dff6adea4cb22b06612ba7acfa","name":"Ag\u00eancia iNFRA","image":{"@type":"ImageObject","inLanguage":"pt-BR","@id":"https:\/\/agenciainfra.com\/blog\/#\/schema\/person\/image\/","url":"https:\/\/secure.gravatar.com\/avatar\/d189e01678f06d8eb84d4e01f08eb848b3fffe3f8443818d3c356c66892f5be8?s=96&d=mm&r=g","contentUrl":"https:\/\/secure.gravatar.com\/avatar\/d189e01678f06d8eb84d4e01f08eb848b3fffe3f8443818d3c356c66892f5be8?s=96&d=mm&r=g","caption":"Ag\u00eancia iNFRA"},"url":"https:\/\/agenciainfra.com\/blog\/author\/admin\/"}]}},"_links":{"self":[{"href":"https:\/\/agenciainfra.com\/blog\/wp-json\/wp\/v2\/posts\/20640","targetHints":{"allow":["GET"]}}],"collection":[{"href":"https:\/\/agenciainfra.com\/blog\/wp-json\/wp\/v2\/posts"}],"about":[{"href":"https:\/\/agenciainfra.com\/blog\/wp-json\/wp\/v2\/types\/post"}],"author":[{"embeddable":true,"href":"https:\/\/agenciainfra.com\/blog\/wp-json\/wp\/v2\/users\/1"}],"replies":[{"embeddable":true,"href":"https:\/\/agenciainfra.com\/blog\/wp-json\/wp\/v2\/comments?post=20640"}],"version-history":[{"count":1,"href":"https:\/\/agenciainfra.com\/blog\/wp-json\/wp\/v2\/posts\/20640\/revisions"}],"predecessor-version":[{"id":20642,"href":"https:\/\/agenciainfra.com\/blog\/wp-json\/wp\/v2\/posts\/20640\/revisions\/20642"}],"wp:featuredmedia":[{"embeddable":true,"href":"https:\/\/agenciainfra.com\/blog\/wp-json\/wp\/v2\/media\/20641"}],"wp:attachment":[{"href":"https:\/\/agenciainfra.com\/blog\/wp-json\/wp\/v2\/media?parent=20640"}],"wp:term":[{"taxonomy":"category","embeddable":true,"href":"https:\/\/agenciainfra.com\/blog\/wp-json\/wp\/v2\/categories?post=20640"},{"taxonomy":"post_tag","embeddable":true,"href":"https:\/\/agenciainfra.com\/blog\/wp-json\/wp\/v2\/tags?post=20640"}],"curies":[{"name":"wp","href":"https:\/\/api.w.org\/{rel}","templated":true}]}}