{"id":20693,"date":"2025-03-24T09:00:00","date_gmt":"2025-03-24T12:00:00","guid":{"rendered":"https:\/\/agenciainfra.com\/blog\/?p=20693"},"modified":"2025-03-24T11:00:27","modified_gmt":"2025-03-24T14:00:27","slug":"cde-conta-de-subsidios-paga-pelos-consumidores-ja-cresceu-38-vezes-desde-a-sua-criacao","status":"publish","type":"post","link":"https:\/\/agenciainfra.com\/blog\/cde-conta-de-subsidios-paga-pelos-consumidores-ja-cresceu-38-vezes-desde-a-sua-criacao\/","title":{"rendered":"CDE: Conta de subs\u00eddios paga pelos consumidores j\u00e1 cresceu 38 vezes desde a sua cria\u00e7\u00e3o"},"content":{"rendered":"\n<p class=\"has-text-align-right\"><strong>Geraldo Campos Jr. e Marisa Wanzeller, da Ag\u00eancia iNFRA<\/strong><\/p>\n\n\n\n<p>A CDE (Conta de Desenvolvimento Energ\u00e9tico) foi criada a fim de contribuir com a universaliza\u00e7\u00e3o da energia el\u00e9trica e para custear a tarifa social. Em 2003, seu primeiro ano de vig\u00eancia, custou R$ 1 bilh\u00e3o aos consumidores. De l\u00e1 para c\u00e1, a conta virou uma esp\u00e9cie de \u201cbola de neve\u201d, sendo inflada por penduricalhos e subs\u00eddios, e cresceu 38 vezes, chegando \u00e0 previs\u00e3o de custar R$ 40,6 bilh\u00f5es em 2025, conforme dados da&nbsp;ANEEL (Ag\u00eancia Nacional de Energia El\u00e9trica).<\/p>\n\n\n\n<p>Parte disso deveu-se \u00e0 inser\u00e7\u00e3o na CDE de outros custos que j\u00e1 compunham a estrutura tarif\u00e1ria, como a CCC (Conta Consumo de Combust\u00edveis), encargo pago pelas distribuidoras e transmissoras para subsidiar os custos de gera\u00e7\u00e3o de Sistemas Isolados. Assim como os subs\u00eddios para fontes incentivadas, que tiveram o maior aumento de custo nos \u00faltimos anos.&nbsp;<\/p>\n\n\n\n<p><strong>Como come\u00e7ou<\/strong><br>Criada pela&nbsp;<a href=\"https:\/\/www.planalto.gov.br\/ccivil_03\/leis\/2002\/l10438.htm\" target=\"_blank\" rel=\"noreferrer noopener\">Lei 10.438\/2022<\/a>, a CDE tinha como objetivo \u201cpromover a universaliza\u00e7\u00e3o do servi\u00e7o de energia el\u00e9trica em todo o territ\u00f3rio nacional\u201d, al\u00e9m de custear os descontos para a popula\u00e7\u00e3o de baixa renda. De 2003 a 2012, a conta tinha um or\u00e7amento praticamente fixo, que apenas era atualizado pela infla\u00e7\u00e3o e crescimento do mercado. O valor, que&nbsp;come\u00e7ou&nbsp;em R$ 1 bilh\u00e3o no primeiro ano, chegou a R$ 3 bilh\u00f5es em 2009 e atingiu R$ 4,4 bilh\u00f5es em 2012.<\/p>\n\n\n\n<p>Naquele ano, a CDE passou por uma reconfigura\u00e7\u00e3o com a publica\u00e7\u00e3o da&nbsp;<a href=\"https:\/\/www.planalto.gov.br\/ccivil_03\/_ato2011-2014\/2012\/mpv\/579.htm\" target=\"_blank\" rel=\"noreferrer noopener\">MP (Medida Provis\u00f3ria) 579\/2012<\/a>, editada no fim de 2012, no governo de Dilma Rousseff, e depois convertida na&nbsp;<a href=\"https:\/\/www.planalto.gov.br\/ccivil_03\/_ato2011-2014\/2013\/lei\/l12783.htm\" target=\"_blank\" rel=\"noreferrer noopener\">Lei 12.783\/2013<\/a>. Considerada um \u201cdivisor de \u00e1guas do setor el\u00e9trico\u201d, a medida aglutinou na conta v\u00e1rios subs\u00eddios e encargos setoriais.<\/p>\n\n\n\n<p>A diretora t\u00e9cnica da consultoria PSR, Angela Gomes, avalia que a MP fez \u201cum saco de gatos de encargos setoriais\u201d ao colocar a CCC dentro da CDE. \u201cA CCC j\u00e1 existia na ordem de R$ 4 bi nos anos anteriores. Ent\u00e3o a MP inseriu coisas que antes eram rubricas superadas&#8221;, disse \u00e0&nbsp;<strong>Ag\u00eancia iNFRA<\/strong>.&nbsp;<\/p>\n\n\n\n<p>Apesar disso n\u00e3o ser necessariamente a causa do aumento exponencial da CDE, \u201cindiretamente as pessoas passaram a olhar menos para esse custo&#8221;, avalia a especialista. Quando a CCC era cobrada direto em cada concession\u00e1ria, o valor recebia um olhar mais atento quando estava alto, a fim de tentar reduzi-lo. \u201cAgora virou uma trag\u00e9dia dos comuns, sem ningu\u00e9m estar muito preocupado, virou uma bola de neve&#8221;, pondera.&nbsp;<\/p>\n\n\n\n<p>Como resultado, a CDE saltou para R$ 14,1 bilh\u00f5es em seu primeiro ano do novo modelo, um crescimento de 230% em um ano.<\/p>\n\n\n\n<p><strong>Compara\u00e7\u00e3o<\/strong><br>Com a amplia\u00e7\u00e3o do escopo de atua\u00e7\u00e3o da CDE e na sua metodologia de c\u00e1lculo, a ANEEL ressalta que n\u00e3o \u00e9 poss\u00edvel fazer uma compara\u00e7\u00e3o direta entre o valor de quando a conta foi criada e o atual. \u201cEntre as mudan\u00e7as, foi prevista a sistem\u00e1tica de avalia\u00e7\u00e3o anual de or\u00e7amento para a CDE, sendo que as quotas anuais s\u00e3o definidas \u2018por diferen\u00e7a\u2019, com base na compara\u00e7\u00e3o das despesas totais previstas deduzidas das demais fontes de receitas ordin\u00e1rias. Portanto, vistos a diferen\u00e7a de despesas que a CDE cobria e a forma de obten\u00e7\u00e3o da quota, fazemos a ressalva da impossibilidade de compara\u00e7\u00e3o entre os valores atuais com os anteriores a 2013&#8243;, disse a reguladora.<\/p>\n\n\n\n<p>Assim, comparando os valores j\u00e1 no novo modelo, o or\u00e7amento da CDE quase triplicou de tamanho entre 2013 e 2025.&nbsp;<\/p>\n\n\n\n<p><strong>Renov\u00e1veis puxam alta<\/strong><br>Com o novo formato, a conta n\u00e3o parou de subir \u201cpor causa da pol\u00edtica p\u00fablica\u201d, segundo Angela Gomes. A CCC, por exemplo, saiu do patamar de R$ 4 bilh\u00f5es pr\u00e9-MP 579 para mais de R$ 10 bilh\u00f5es anuais desde 2022, sendo historicamente o maior custo da CDE nos \u00faltimos anos.<\/p>\n\n\n\n<p>A diretora da PSR explica que a expectativa era que a CCC tivesse seu custo reduzido aos poucos, mas foi escalando de forma ineficiente por causa do \u201cpouco foco na interliga\u00e7\u00e3o ou na substitui\u00e7\u00e3o de t\u00e9rmicas muito caras, al\u00e9m de aumento do custo de combust\u00edvel e falta de fiscaliza\u00e7\u00e3o\u201d. Ela chama aten\u00e7\u00e3o ainda para o risco do subs\u00eddio crescer ainda mais nos pr\u00f3ximos anos, com novos custos com a Amazonas Energia, por exemplo.<\/p>\n\n\n\n<p>Contudo, o que mais pesou no or\u00e7amento da CDE na \u00faltima d\u00e9cada foram as fontes incentivadas, informa a especialista. Foram concedidos subs\u00eddios muito elevados para as fontes e\u00f3lica e solar, que se tornaram muito competitivas ao longo do tempo, conforme explicou. \u201cUma fonte que j\u00e1 \u00e9 competitiva sem subs\u00eddio e ainda tem subs\u00eddio, ela explode. Tem que ter um estancamento desse subs\u00eddio que n\u00e3o \u00e9 mais necess\u00e1rio para essas fontes&#8221;, disse Angela.<br><br>Em 2015, por exemplo, o subs\u00eddio para fontes incentivadas foi de R$ 1,1 bilh\u00e3o. Agora em&nbsp;2025, o or\u00e7amento estimado pela ANEEL para essa rubrica \u00e9 de R$ 10,6 bilh\u00f5es, ultrapassando pela primeira vez a CCC (projetada em R$ 10,3 bilh\u00f5es). Isso significa um crescimento 1.000% em 10 anos, enquanto o subs\u00eddio dos sistemas isolados cresceu 44% no mesmo per\u00edodo.<\/p>\n\n\n\n<p>Outro componente que cresceu exponencialmente em 10 anos foi a tarifa social, de R$ 2,1 bilh\u00e3o para R$ 6,6 bilh\u00f5es. Angela Gomes cita como motivos o aumento das pessoas em situa\u00e7\u00e3o de pobreza ap\u00f3s a recess\u00e3o em 2014 e 2015, e o fato de que a pr\u00f3pria tarifa de energia em si subiu e o subs\u00eddio \u00e9 calculado de forma proporcional \u00e0 tarifa.<\/p>\n\n\n\n<p>J\u00e1 o subs\u00eddio para o carv\u00e3o manteve-se est\u00e1vel. \u201cEst\u00e3o acabando os contratos existentes, mas n\u00e3o precisamos mais subsidiar&#8221;, destacou a diretora da PSR.&nbsp;<\/p>\n\n\n\n<p>Como resultado, a CDE representa atualmente entre 11% e 12% das tarifas residenciais, segundo c\u00e1lculos da PSR e da Abrace (Associa\u00e7\u00e3o Brasileira dos Grandes Consumidores de Energia e Consumidores Livres), respectivamente.&nbsp;<\/p>\n\n\n\n<p>\u00c0\u00a0<strong>Ag\u00eancia iNFRA<\/strong>, a Abrace ponderou que &#8220;como a CDE \u00e9 o item mais conhecido e ganhou espa\u00e7o na m\u00eddia e no parlamento, as pessoas muitas vezes n\u00e3o sabem que existem outras inefici\u00eancias que fazem parte da conta de luz, mas n\u00e3o entram na CDE&#8221;.\u00a0<\/p>\n\n\n\n<p><strong>Gera\u00e7\u00e3o distribu\u00edda<\/strong><br>A diretora t\u00e9cnica da PSR chama aten\u00e7\u00e3o, por exemplo, para o crescimento do subs\u00eddio para a MMGD (Micro e Minigera\u00e7\u00e3o Distribu\u00edda), que embora n\u00e3o esteja dentro da CDE e seja incorporado \u00e0 tarifa de cada distribuidora, foi o subs\u00eddio que mais cresceu e deve manter ritmo acelerado de alta.&nbsp;<\/p>\n\n\n\n<p>Segundo ela, o montante que j\u00e1 chegava a R$ 11,5 bilh\u00f5es em 2024 ser\u00e1 ainda maior em 2025, uma vez que foi a fonte que mais cresceu no \u00faltimo ano. \u201cNeste&nbsp;ano, esse volume todo de GD [Gera\u00e7\u00e3o Distribu\u00edda] vai entrar. Provavelmente, se abrirmos o subsidi\u00f4metro da ANEEL no fim do ano, a GD ser\u00e1 a maior. Mas isso \u00e9 fora da CDE&#8221;, afirmou.&nbsp;<\/p>\n\n\n\n<p>Somando o crescimento da CDE a outros custos que tamb\u00e9m sinalizam para forte alta nos pr\u00f3ximos anos, como a MMGD e os contratos de energia de reserva, Angela diz que a situa\u00e7\u00e3o atual do setor \u00e9 insustent\u00e1vel. Para ela, \u00e9 preciso sentar \u00e0 mesa e, inclusive, alterar leis setoriais para evitar um colapso. Ela avalia que \u00e9 \u201cpreciso reduzir esses legados, porque a gente j\u00e1 foi muito al\u00e9m do que deveria&#8221;.&nbsp;<\/p>\n\n\n\n<p>\u201cEstamos&nbsp;numa situa\u00e7\u00e3o muito grave. Considerando os R$ 40 bilh\u00f5es da CDE, os R$ 12 bilh\u00f5es da GD, mais o Proinfa [Programa de Incentivo \u00e0s Fontes Alternativas de Energia El\u00e9trica] e energia de reserva, j\u00e1 s\u00e3o mais R$ 60 bilh\u00f5es em 2024. E isso j\u00e1 vai aumentar por si s\u00f3, pelo que j\u00e1 existe de legado. \u00c9 um c\u00edrculo vicioso&#8221;, declarou.<\/p>\n","protected":false},"excerpt":{"rendered":"<p>Geraldo Campos Jr. e Marisa Wanzeller, da Ag\u00eancia iNFRA A CDE (Conta de Desenvolvimento Energ\u00e9tico) foi criada a fim de contribuir com a universaliza\u00e7\u00e3o da energia el\u00e9trica e para custear a tarifa social. Em 2003, seu primeiro ano de vig\u00eancia, custou R$ 1 bilh\u00e3o aos consumidores. De l\u00e1 para c\u00e1, a conta virou uma esp\u00e9cie [&hellip;]<\/p>\n","protected":false},"author":1,"featured_media":20695,"comment_status":"closed","ping_status":"closed","sticky":false,"template":"","format":"standard","meta":{"_monsterinsights_skip_tracking":false,"_monsterinsights_sitenote_active":false,"_monsterinsights_sitenote_note":"","_monsterinsights_sitenote_category":0,"footnotes":""},"categories":[7250,1,10],"tags":[53,2606,56,9175,545,850,11594,12861,7366,12860,7801,12858,3797,1386,12859],"class_list":["post-20693","post","type-post","status-publish","format-standard","has-post-thumbnail","hentry","category-destaque-lista","category-geral","category-infraenergia","tag-aneel","tag-ccc","tag-cde","tag-consumidores-de-energia","tag-conta-de-desenvolvimento-energetico","tag-geracao-distribuida","tag-geraldo-campos-jr","tag-lei-12-783-2013","tag-marisa-wanzeller","tag-mp-579-2012","tag-proinfa","tag-subsidios-de-energia","tag-tarifa-social","tag-tarifas-de-energia","tag-universalizacao-da-energia-eletrica"],"yoast_head":"<!-- This site is optimized with the Yoast SEO Premium plugin v25.4 (Yoast SEO v26.0) - https:\/\/yoast.com\/wordpress\/plugins\/seo\/ -->\n<title>CDE: Conta de subs\u00eddios paga pelos consumidores j\u00e1 cresceu 38 vezes desde a sua cria\u00e7\u00e3o - Ag\u00eancia iNFRA<\/title>\n<meta name=\"robots\" content=\"index, follow, max-snippet:-1, max-image-preview:large, max-video-preview:-1\" \/>\n<link rel=\"canonical\" href=\"https:\/\/agenciainfra.com\/blog\/cde-conta-de-subsidios-paga-pelos-consumidores-ja-cresceu-38-vezes-desde-a-sua-criacao\/\" \/>\n<meta property=\"og:locale\" content=\"pt_BR\" \/>\n<meta property=\"og:type\" content=\"article\" \/>\n<meta property=\"og:title\" content=\"CDE: Conta de subs\u00eddios paga pelos consumidores j\u00e1 cresceu 38 vezes desde a sua cria\u00e7\u00e3o\" \/>\n<meta property=\"og:description\" content=\"Geraldo Campos Jr. e Marisa Wanzeller, da Ag\u00eancia iNFRA A CDE (Conta de Desenvolvimento Energ\u00e9tico) foi criada a fim de contribuir com a universaliza\u00e7\u00e3o da energia el\u00e9trica e para custear a tarifa social. Em 2003, seu primeiro ano de vig\u00eancia, custou R$ 1 bilh\u00e3o aos consumidores. De l\u00e1 para c\u00e1, a conta virou uma esp\u00e9cie [&hellip;]\" \/>\n<meta property=\"og:url\" content=\"https:\/\/agenciainfra.com\/blog\/cde-conta-de-subsidios-paga-pelos-consumidores-ja-cresceu-38-vezes-desde-a-sua-criacao\/\" \/>\n<meta property=\"og:site_name\" content=\"Ag\u00eancia iNFRA\" \/>\n<meta property=\"article:publisher\" content=\"https:\/\/www.facebook.com\/ageninfra\" \/>\n<meta property=\"article:published_time\" content=\"2025-03-24T12:00:00+00:00\" \/>\n<meta property=\"article:modified_time\" content=\"2025-03-24T14:00:27+00:00\" \/>\n<meta property=\"og:image\" content=\"https:\/\/agenciainfra.com\/blog\/wp-content\/uploads\/2025\/03\/calculo-conta-energia-foto-dominiopublico.png\" \/>\n\t<meta property=\"og:image:width\" content=\"1208\" \/>\n\t<meta property=\"og:image:height\" content=\"888\" \/>\n\t<meta property=\"og:image:type\" content=\"image\/png\" \/>\n<meta name=\"author\" content=\"Ag\u00eancia iNFRA\" \/>\n<meta name=\"twitter:card\" content=\"summary_large_image\" \/>\n<meta name=\"twitter:creator\" content=\"@agencia_infra\" \/>\n<meta name=\"twitter:site\" content=\"@agencia_infra\" \/>\n<meta name=\"twitter:label1\" content=\"Escrito por\" \/>\n\t<meta name=\"twitter:data1\" content=\"Ag\u00eancia iNFRA\" \/>\n\t<meta name=\"twitter:label2\" content=\"Est. tempo de leitura\" \/>\n\t<meta name=\"twitter:data2\" content=\"7 minutos\" \/>\n<script type=\"application\/ld+json\" class=\"yoast-schema-graph\">{\"@context\":\"https:\/\/schema.org\",\"@graph\":[{\"@type\":\"Article\",\"@id\":\"https:\/\/agenciainfra.com\/blog\/cde-conta-de-subsidios-paga-pelos-consumidores-ja-cresceu-38-vezes-desde-a-sua-criacao\/#article\",\"isPartOf\":{\"@id\":\"https:\/\/agenciainfra.com\/blog\/cde-conta-de-subsidios-paga-pelos-consumidores-ja-cresceu-38-vezes-desde-a-sua-criacao\/\"},\"author\":{\"name\":\"Ag\u00eancia iNFRA\",\"@id\":\"https:\/\/agenciainfra.com\/blog\/#\/schema\/person\/34af08dff6adea4cb22b06612ba7acfa\"},\"headline\":\"CDE: Conta de subs\u00eddios paga pelos consumidores j\u00e1 cresceu 38 vezes desde a sua cria\u00e7\u00e3o\",\"datePublished\":\"2025-03-24T12:00:00+00:00\",\"dateModified\":\"2025-03-24T14:00:27+00:00\",\"mainEntityOfPage\":{\"@id\":\"https:\/\/agenciainfra.com\/blog\/cde-conta-de-subsidios-paga-pelos-consumidores-ja-cresceu-38-vezes-desde-a-sua-criacao\/\"},\"wordCount\":1327,\"publisher\":{\"@id\":\"https:\/\/agenciainfra.com\/blog\/#organization\"},\"image\":{\"@id\":\"https:\/\/agenciainfra.com\/blog\/cde-conta-de-subsidios-paga-pelos-consumidores-ja-cresceu-38-vezes-desde-a-sua-criacao\/#primaryimage\"},\"thumbnailUrl\":\"https:\/\/agenciainfra.com\/blog\/wp-content\/uploads\/2025\/03\/calculo-conta-energia-foto-dominiopublico-e1750863917520.png\",\"keywords\":[\"ANEEL\",\"CCC\",\"CDE\",\"Consumidores de Energia\",\"Conta de Desenvolvimento Energ\u00e9tico\",\"gera\u00e7\u00e3o distribu\u00edda\",\"Geraldo Campos Jr.\",\"Lei 12.783\/2013\",\"Marisa Wanzeller\",\"mp 579\/2012\",\"Proinfa\",\"subs\u00eddios de energia\",\"Tarifa Social\",\"tarifas de energia\",\"universaliza\u00e7\u00e3o da energia el\u00e9trica\"],\"articleSection\":[\"Destaque lista\",\"Geral\",\"iNFRAEnergia\"],\"inLanguage\":\"pt-BR\",\"copyrightYear\":\"2025\",\"copyrightHolder\":{\"@id\":\"https:\/\/agenciainfra.com\/blog\/#organization\"}},{\"@type\":\"WebPage\",\"@id\":\"https:\/\/agenciainfra.com\/blog\/cde-conta-de-subsidios-paga-pelos-consumidores-ja-cresceu-38-vezes-desde-a-sua-criacao\/\",\"url\":\"https:\/\/agenciainfra.com\/blog\/cde-conta-de-subsidios-paga-pelos-consumidores-ja-cresceu-38-vezes-desde-a-sua-criacao\/\",\"name\":\"CDE: Conta de subs\u00eddios paga pelos consumidores j\u00e1 cresceu 38 vezes desde a sua cria\u00e7\u00e3o - Ag\u00eancia iNFRA\",\"isPartOf\":{\"@id\":\"https:\/\/agenciainfra.com\/blog\/#website\"},\"primaryImageOfPage\":{\"@id\":\"https:\/\/agenciainfra.com\/blog\/cde-conta-de-subsidios-paga-pelos-consumidores-ja-cresceu-38-vezes-desde-a-sua-criacao\/#primaryimage\"},\"image\":{\"@id\":\"https:\/\/agenciainfra.com\/blog\/cde-conta-de-subsidios-paga-pelos-consumidores-ja-cresceu-38-vezes-desde-a-sua-criacao\/#primaryimage\"},\"thumbnailUrl\":\"https:\/\/agenciainfra.com\/blog\/wp-content\/uploads\/2025\/03\/calculo-conta-energia-foto-dominiopublico-e1750863917520.png\",\"datePublished\":\"2025-03-24T12:00:00+00:00\",\"dateModified\":\"2025-03-24T14:00:27+00:00\",\"breadcrumb\":{\"@id\":\"https:\/\/agenciainfra.com\/blog\/cde-conta-de-subsidios-paga-pelos-consumidores-ja-cresceu-38-vezes-desde-a-sua-criacao\/#breadcrumb\"},\"inLanguage\":\"pt-BR\",\"potentialAction\":[{\"@type\":\"ReadAction\",\"target\":[\"https:\/\/agenciainfra.com\/blog\/cde-conta-de-subsidios-paga-pelos-consumidores-ja-cresceu-38-vezes-desde-a-sua-criacao\/\"]}]},{\"@type\":\"ImageObject\",\"inLanguage\":\"pt-BR\",\"@id\":\"https:\/\/agenciainfra.com\/blog\/cde-conta-de-subsidios-paga-pelos-consumidores-ja-cresceu-38-vezes-desde-a-sua-criacao\/#primaryimage\",\"url\":\"https:\/\/agenciainfra.com\/blog\/wp-content\/uploads\/2025\/03\/calculo-conta-energia-foto-dominiopublico-e1750863917520.png\",\"contentUrl\":\"https:\/\/agenciainfra.com\/blog\/wp-content\/uploads\/2025\/03\/calculo-conta-energia-foto-dominiopublico-e1750863917520.png\",\"width\":1208,\"height\":775,\"caption\":\"Foto: Dom\u00ednio P\u00fablico\"},{\"@type\":\"BreadcrumbList\",\"@id\":\"https:\/\/agenciainfra.com\/blog\/cde-conta-de-subsidios-paga-pelos-consumidores-ja-cresceu-38-vezes-desde-a-sua-criacao\/#breadcrumb\",\"itemListElement\":[{\"@type\":\"ListItem\",\"position\":1,\"name\":\"In\u00edcio\",\"item\":\"https:\/\/agenciainfra.com\/blog\/\"},{\"@type\":\"ListItem\",\"position\":2,\"name\":\"CDE: Conta de subs\u00eddios paga pelos consumidores j\u00e1 cresceu 38 vezes desde a sua cria\u00e7\u00e3o\"}]},{\"@type\":\"WebSite\",\"@id\":\"https:\/\/agenciainfra.com\/blog\/#website\",\"url\":\"https:\/\/agenciainfra.com\/blog\/\",\"name\":\"Ag\u00eancia iNFRA\",\"description\":\"Multiplataforma de informa\u00e7\u00e3o jornal\u00edstica refer\u00eancia na \u00e1rea de infraestrutura no Brasil!\",\"publisher\":{\"@id\":\"https:\/\/agenciainfra.com\/blog\/#organization\"},\"potentialAction\":[{\"@type\":\"SearchAction\",\"target\":{\"@type\":\"EntryPoint\",\"urlTemplate\":\"https:\/\/agenciainfra.com\/blog\/?s={search_term_string}\"},\"query-input\":{\"@type\":\"PropertyValueSpecification\",\"valueRequired\":true,\"valueName\":\"search_term_string\"}}],\"inLanguage\":\"pt-BR\"},{\"@type\":\"Organization\",\"@id\":\"https:\/\/agenciainfra.com\/blog\/#organization\",\"name\":\"Ag\u00eancia iNFRA\",\"url\":\"https:\/\/agenciainfra.com\/blog\/\",\"logo\":{\"@type\":\"ImageObject\",\"inLanguage\":\"pt-BR\",\"@id\":\"https:\/\/agenciainfra.com\/blog\/#\/schema\/logo\/image\/\",\"url\":\"https:\/\/agenciainfra.com\/blog\/wp-content\/uploads\/2023\/09\/iNFRA_5-e1761735885940.png\",\"contentUrl\":\"https:\/\/agenciainfra.com\/blog\/wp-content\/uploads\/2023\/09\/iNFRA_5-e1761735885940.png\",\"width\":1672,\"height\":454,\"caption\":\"Ag\u00eancia iNFRA\"},\"image\":{\"@id\":\"https:\/\/agenciainfra.com\/blog\/#\/schema\/logo\/image\/\"},\"sameAs\":[\"https:\/\/www.facebook.com\/ageninfra\",\"https:\/\/x.com\/agencia_infra\",\"https:\/\/www.linkedin.com\/company\/ag\u00eanciainfra\/\",\"https:\/\/www.instagram.com\/agenciainfra\/\"]},{\"@type\":\"Person\",\"@id\":\"https:\/\/agenciainfra.com\/blog\/#\/schema\/person\/34af08dff6adea4cb22b06612ba7acfa\",\"name\":\"Ag\u00eancia iNFRA\",\"image\":{\"@type\":\"ImageObject\",\"inLanguage\":\"pt-BR\",\"@id\":\"https:\/\/agenciainfra.com\/blog\/#\/schema\/person\/image\/\",\"url\":\"https:\/\/secure.gravatar.com\/avatar\/d189e01678f06d8eb84d4e01f08eb848b3fffe3f8443818d3c356c66892f5be8?s=96&d=mm&r=g\",\"contentUrl\":\"https:\/\/secure.gravatar.com\/avatar\/d189e01678f06d8eb84d4e01f08eb848b3fffe3f8443818d3c356c66892f5be8?s=96&d=mm&r=g\",\"caption\":\"Ag\u00eancia iNFRA\"},\"url\":\"https:\/\/agenciainfra.com\/blog\/author\/admin\/\"}]}<\/script>\n<!-- \/ Yoast SEO Premium plugin. -->","yoast_head_json":{"title":"CDE: Conta de subs\u00eddios paga pelos consumidores j\u00e1 cresceu 38 vezes desde a sua cria\u00e7\u00e3o - Ag\u00eancia iNFRA","robots":{"index":"index","follow":"follow","max-snippet":"max-snippet:-1","max-image-preview":"max-image-preview:large","max-video-preview":"max-video-preview:-1"},"canonical":"https:\/\/agenciainfra.com\/blog\/cde-conta-de-subsidios-paga-pelos-consumidores-ja-cresceu-38-vezes-desde-a-sua-criacao\/","og_locale":"pt_BR","og_type":"article","og_title":"CDE: Conta de subs\u00eddios paga pelos consumidores j\u00e1 cresceu 38 vezes desde a sua cria\u00e7\u00e3o","og_description":"Geraldo Campos Jr. e Marisa Wanzeller, da Ag\u00eancia iNFRA A CDE (Conta de Desenvolvimento Energ\u00e9tico) foi criada a fim de contribuir com a universaliza\u00e7\u00e3o da energia el\u00e9trica e para custear a tarifa social. Em 2003, seu primeiro ano de vig\u00eancia, custou R$ 1 bilh\u00e3o aos consumidores. De l\u00e1 para c\u00e1, a conta virou uma esp\u00e9cie [&hellip;]","og_url":"https:\/\/agenciainfra.com\/blog\/cde-conta-de-subsidios-paga-pelos-consumidores-ja-cresceu-38-vezes-desde-a-sua-criacao\/","og_site_name":"Ag\u00eancia iNFRA","article_publisher":"https:\/\/www.facebook.com\/ageninfra","article_published_time":"2025-03-24T12:00:00+00:00","article_modified_time":"2025-03-24T14:00:27+00:00","og_image":[{"width":1208,"height":888,"url":"https:\/\/agenciainfra.com\/blog\/wp-content\/uploads\/2025\/03\/calculo-conta-energia-foto-dominiopublico.png","type":"image\/png"}],"author":"Ag\u00eancia iNFRA","twitter_card":"summary_large_image","twitter_creator":"@agencia_infra","twitter_site":"@agencia_infra","twitter_misc":{"Escrito por":"Ag\u00eancia iNFRA","Est. tempo de leitura":"7 minutos"},"schema":{"@context":"https:\/\/schema.org","@graph":[{"@type":"Article","@id":"https:\/\/agenciainfra.com\/blog\/cde-conta-de-subsidios-paga-pelos-consumidores-ja-cresceu-38-vezes-desde-a-sua-criacao\/#article","isPartOf":{"@id":"https:\/\/agenciainfra.com\/blog\/cde-conta-de-subsidios-paga-pelos-consumidores-ja-cresceu-38-vezes-desde-a-sua-criacao\/"},"author":{"name":"Ag\u00eancia iNFRA","@id":"https:\/\/agenciainfra.com\/blog\/#\/schema\/person\/34af08dff6adea4cb22b06612ba7acfa"},"headline":"CDE: Conta de subs\u00eddios paga pelos consumidores j\u00e1 cresceu 38 vezes desde a sua cria\u00e7\u00e3o","datePublished":"2025-03-24T12:00:00+00:00","dateModified":"2025-03-24T14:00:27+00:00","mainEntityOfPage":{"@id":"https:\/\/agenciainfra.com\/blog\/cde-conta-de-subsidios-paga-pelos-consumidores-ja-cresceu-38-vezes-desde-a-sua-criacao\/"},"wordCount":1327,"publisher":{"@id":"https:\/\/agenciainfra.com\/blog\/#organization"},"image":{"@id":"https:\/\/agenciainfra.com\/blog\/cde-conta-de-subsidios-paga-pelos-consumidores-ja-cresceu-38-vezes-desde-a-sua-criacao\/#primaryimage"},"thumbnailUrl":"https:\/\/agenciainfra.com\/blog\/wp-content\/uploads\/2025\/03\/calculo-conta-energia-foto-dominiopublico-e1750863917520.png","keywords":["ANEEL","CCC","CDE","Consumidores de Energia","Conta de Desenvolvimento Energ\u00e9tico","gera\u00e7\u00e3o distribu\u00edda","Geraldo Campos Jr.","Lei 12.783\/2013","Marisa Wanzeller","mp 579\/2012","Proinfa","subs\u00eddios de energia","Tarifa Social","tarifas de energia","universaliza\u00e7\u00e3o da energia el\u00e9trica"],"articleSection":["Destaque lista","Geral","iNFRAEnergia"],"inLanguage":"pt-BR","copyrightYear":"2025","copyrightHolder":{"@id":"https:\/\/agenciainfra.com\/blog\/#organization"}},{"@type":"WebPage","@id":"https:\/\/agenciainfra.com\/blog\/cde-conta-de-subsidios-paga-pelos-consumidores-ja-cresceu-38-vezes-desde-a-sua-criacao\/","url":"https:\/\/agenciainfra.com\/blog\/cde-conta-de-subsidios-paga-pelos-consumidores-ja-cresceu-38-vezes-desde-a-sua-criacao\/","name":"CDE: Conta de subs\u00eddios paga pelos consumidores j\u00e1 cresceu 38 vezes desde a sua cria\u00e7\u00e3o - Ag\u00eancia iNFRA","isPartOf":{"@id":"https:\/\/agenciainfra.com\/blog\/#website"},"primaryImageOfPage":{"@id":"https:\/\/agenciainfra.com\/blog\/cde-conta-de-subsidios-paga-pelos-consumidores-ja-cresceu-38-vezes-desde-a-sua-criacao\/#primaryimage"},"image":{"@id":"https:\/\/agenciainfra.com\/blog\/cde-conta-de-subsidios-paga-pelos-consumidores-ja-cresceu-38-vezes-desde-a-sua-criacao\/#primaryimage"},"thumbnailUrl":"https:\/\/agenciainfra.com\/blog\/wp-content\/uploads\/2025\/03\/calculo-conta-energia-foto-dominiopublico-e1750863917520.png","datePublished":"2025-03-24T12:00:00+00:00","dateModified":"2025-03-24T14:00:27+00:00","breadcrumb":{"@id":"https:\/\/agenciainfra.com\/blog\/cde-conta-de-subsidios-paga-pelos-consumidores-ja-cresceu-38-vezes-desde-a-sua-criacao\/#breadcrumb"},"inLanguage":"pt-BR","potentialAction":[{"@type":"ReadAction","target":["https:\/\/agenciainfra.com\/blog\/cde-conta-de-subsidios-paga-pelos-consumidores-ja-cresceu-38-vezes-desde-a-sua-criacao\/"]}]},{"@type":"ImageObject","inLanguage":"pt-BR","@id":"https:\/\/agenciainfra.com\/blog\/cde-conta-de-subsidios-paga-pelos-consumidores-ja-cresceu-38-vezes-desde-a-sua-criacao\/#primaryimage","url":"https:\/\/agenciainfra.com\/blog\/wp-content\/uploads\/2025\/03\/calculo-conta-energia-foto-dominiopublico-e1750863917520.png","contentUrl":"https:\/\/agenciainfra.com\/blog\/wp-content\/uploads\/2025\/03\/calculo-conta-energia-foto-dominiopublico-e1750863917520.png","width":1208,"height":775,"caption":"Foto: Dom\u00ednio P\u00fablico"},{"@type":"BreadcrumbList","@id":"https:\/\/agenciainfra.com\/blog\/cde-conta-de-subsidios-paga-pelos-consumidores-ja-cresceu-38-vezes-desde-a-sua-criacao\/#breadcrumb","itemListElement":[{"@type":"ListItem","position":1,"name":"In\u00edcio","item":"https:\/\/agenciainfra.com\/blog\/"},{"@type":"ListItem","position":2,"name":"CDE: Conta de subs\u00eddios paga pelos consumidores j\u00e1 cresceu 38 vezes desde a sua cria\u00e7\u00e3o"}]},{"@type":"WebSite","@id":"https:\/\/agenciainfra.com\/blog\/#website","url":"https:\/\/agenciainfra.com\/blog\/","name":"Ag\u00eancia iNFRA","description":"Multiplataforma de informa\u00e7\u00e3o jornal\u00edstica refer\u00eancia na \u00e1rea de infraestrutura no Brasil!","publisher":{"@id":"https:\/\/agenciainfra.com\/blog\/#organization"},"potentialAction":[{"@type":"SearchAction","target":{"@type":"EntryPoint","urlTemplate":"https:\/\/agenciainfra.com\/blog\/?s={search_term_string}"},"query-input":{"@type":"PropertyValueSpecification","valueRequired":true,"valueName":"search_term_string"}}],"inLanguage":"pt-BR"},{"@type":"Organization","@id":"https:\/\/agenciainfra.com\/blog\/#organization","name":"Ag\u00eancia iNFRA","url":"https:\/\/agenciainfra.com\/blog\/","logo":{"@type":"ImageObject","inLanguage":"pt-BR","@id":"https:\/\/agenciainfra.com\/blog\/#\/schema\/logo\/image\/","url":"https:\/\/agenciainfra.com\/blog\/wp-content\/uploads\/2023\/09\/iNFRA_5-e1761735885940.png","contentUrl":"https:\/\/agenciainfra.com\/blog\/wp-content\/uploads\/2023\/09\/iNFRA_5-e1761735885940.png","width":1672,"height":454,"caption":"Ag\u00eancia iNFRA"},"image":{"@id":"https:\/\/agenciainfra.com\/blog\/#\/schema\/logo\/image\/"},"sameAs":["https:\/\/www.facebook.com\/ageninfra","https:\/\/x.com\/agencia_infra","https:\/\/www.linkedin.com\/company\/ag\u00eanciainfra\/","https:\/\/www.instagram.com\/agenciainfra\/"]},{"@type":"Person","@id":"https:\/\/agenciainfra.com\/blog\/#\/schema\/person\/34af08dff6adea4cb22b06612ba7acfa","name":"Ag\u00eancia iNFRA","image":{"@type":"ImageObject","inLanguage":"pt-BR","@id":"https:\/\/agenciainfra.com\/blog\/#\/schema\/person\/image\/","url":"https:\/\/secure.gravatar.com\/avatar\/d189e01678f06d8eb84d4e01f08eb848b3fffe3f8443818d3c356c66892f5be8?s=96&d=mm&r=g","contentUrl":"https:\/\/secure.gravatar.com\/avatar\/d189e01678f06d8eb84d4e01f08eb848b3fffe3f8443818d3c356c66892f5be8?s=96&d=mm&r=g","caption":"Ag\u00eancia iNFRA"},"url":"https:\/\/agenciainfra.com\/blog\/author\/admin\/"}]}},"_links":{"self":[{"href":"https:\/\/agenciainfra.com\/blog\/wp-json\/wp\/v2\/posts\/20693","targetHints":{"allow":["GET"]}}],"collection":[{"href":"https:\/\/agenciainfra.com\/blog\/wp-json\/wp\/v2\/posts"}],"about":[{"href":"https:\/\/agenciainfra.com\/blog\/wp-json\/wp\/v2\/types\/post"}],"author":[{"embeddable":true,"href":"https:\/\/agenciainfra.com\/blog\/wp-json\/wp\/v2\/users\/1"}],"replies":[{"embeddable":true,"href":"https:\/\/agenciainfra.com\/blog\/wp-json\/wp\/v2\/comments?post=20693"}],"version-history":[{"count":2,"href":"https:\/\/agenciainfra.com\/blog\/wp-json\/wp\/v2\/posts\/20693\/revisions"}],"predecessor-version":[{"id":20704,"href":"https:\/\/agenciainfra.com\/blog\/wp-json\/wp\/v2\/posts\/20693\/revisions\/20704"}],"wp:featuredmedia":[{"embeddable":true,"href":"https:\/\/agenciainfra.com\/blog\/wp-json\/wp\/v2\/media\/20695"}],"wp:attachment":[{"href":"https:\/\/agenciainfra.com\/blog\/wp-json\/wp\/v2\/media?parent=20693"}],"wp:term":[{"taxonomy":"category","embeddable":true,"href":"https:\/\/agenciainfra.com\/blog\/wp-json\/wp\/v2\/categories?post=20693"},{"taxonomy":"post_tag","embeddable":true,"href":"https:\/\/agenciainfra.com\/blog\/wp-json\/wp\/v2\/tags?post=20693"}],"curies":[{"name":"wp","href":"https:\/\/api.w.org\/{rel}","templated":true}]}}