{"id":20708,"date":"2025-03-25T09:00:00","date_gmt":"2025-03-25T12:00:00","guid":{"rendered":"https:\/\/agenciainfra.com\/blog\/?p=20708"},"modified":"2025-06-26T09:28:15","modified_gmt":"2025-06-26T12:28:15","slug":"tecnicos-da-aneel-sinalizam-reducao-de-59-no-bonus-de-itaipu-para-quitar-deficit-e-manter-tarifa","status":"publish","type":"post","link":"https:\/\/agenciainfra.com\/blog\/tecnicos-da-aneel-sinalizam-reducao-de-59-no-bonus-de-itaipu-para-quitar-deficit-e-manter-tarifa\/","title":{"rendered":"T\u00e9cnicos da ANEEL sinalizam redu\u00e7\u00e3o de 59% no B\u00f4nus de Itaipu para quitar d\u00e9ficit e manter tarifa"},"content":{"rendered":"\n<p class=\"has-text-align-right\"><strong>Geraldo Campos Jr. e Marisa Wanzeller, da Ag\u00eancia iNFRA<\/strong><\/p>\n\n\n\n<p>A Superintend\u00eancia de Gest\u00e3o Tarif\u00e1ria da ANEEL (Ag\u00eancia Nacional de Energia El\u00e9trica) publicou <a href=\"https:\/\/sei.aneel.gov.br\/sei\/modulos\/pesquisa\/md_pesq_documento_consulta_externa.php?yPDszXhdoNcWQHJaQlHJmJIqCNXRK_Sh2SMdn1U-tzMrc2KjYfcYIDbaK4QG2VSDnyuTNoN7lm30WMOmX5TksLpe1VWrAam9rg9428vpXuzaPD8jJq-dIwkT5ip9lwLR\" target=\"_blank\" rel=\"noreferrer noopener\">nota t\u00e9cnica<\/a> sinalizando para uma redu\u00e7\u00e3o de 59% no valor do B\u00f4nus de Itaipu a ser rateado entre os consumidores no segundo semestre. O valor a ser distribu\u00eddo, que seria de R$ 1,6 bilh\u00e3o, deve cair para R$ 656,6 milh\u00f5es. O processo est\u00e1 na <a href=\"https:\/\/www2.aneel.gov.br\/aplicacoes_liferay\/noticias_area\/dsp_detalheNoticia.cfm?idNoticia=14554&amp;idAreaNoticia=425\" target=\"_blank\" rel=\"noreferrer noopener\">pauta<\/a> da reuni\u00e3o de diretoria da ANEEL desta ter\u00e7a-feira (24), sob relatoria do diretor Fernando Mosna, que pode ou n\u00e3o acatar as sugest\u00f5es dos t\u00e9cnicos.<\/p>\n\n\n\n<p>As recomenda\u00e7\u00f5es da ANEEL baseiam-se no Decreto 12.390\/2025, que&nbsp;autorizou a utiliza\u00e7\u00e3o do valor do b\u00f4nus para cobrir o rombo de R$ 355,8 milh\u00f5es no saldo de 2024 da Conta de Comercializa\u00e7\u00e3o da usina.<\/p>\n\n\n\n<p>Al\u00e9m disso, o decreto determinou que parte do valor seja depositada em uma reserva t\u00e9cnica futura, que foi criada visando evitar novos saldos negativos na Conta de Comercializa\u00e7\u00e3o. Para 2025, esse valor foi estimado em US$ 101 milh\u00f5es, o que na convers\u00e3o do d\u00f3lar feita pela ag\u00eancia equivaleria a R$ 586 milh\u00f5es.<\/p>\n\n\n\n<p><strong>Manuten\u00e7\u00e3o da tarifa<\/strong><br>Segundo a NT 62\/2025, o decreto possibilita a manuten\u00e7\u00e3o da tarifa de Itaipu. Assim, a \u00e1rea t\u00e9cnica recomenda que o valor continue sendo o de US$ 17,66\/kW para o resto de 2025. A atual tarifa vale at\u00e9 o dia 31 de mar\u00e7o.<\/p>\n\n\n\n<p>Ainda conforme a nota t\u00e9cnica, o decreto, ao permitir o equacionamento do d\u00e9ficit da Conta de Comercializa\u00e7\u00e3o, \u201cevitou um aumento estimado de 5,99% na tarifa de Itaipu, que por sua vez teria repercuss\u00e3o nas tarifas praticadas pelas distribuidoras cotistas de Itaipu, localizadas nas regi\u00f5es Sul, Sudeste e Centro-Oeste\u201d.<\/p>\n\n\n\n<p>A ANEEL <a href=\"https:\/\/agenciainfra.com\/blog\/aneel-prorroga-tarifa-de-itaipu-ate-31-de-marco-de-2025-manutencao-para-resto-do-ano-e-incerta\/\" target=\"_blank\" rel=\"noreferrer noopener\">estimava<\/a> que seria preciso elevar as tarifas da usina para US$ 18,72\/kW, ou seja, haveria um aumento de US$ 1,06\/kW mensal para cobrir o d\u00e9ficit.<\/p>\n\n\n\n<p><strong>Reserva t\u00e9cnica<\/strong><br><a href=\"https:\/\/www.gov.br\/mme\/pt-br\/assuntos\/noticias\/decreto-aprimora-a-gestao-da-conta-de-comercializacao-de-itaipu\" target=\"_blank\" rel=\"noreferrer noopener\">Segundo<\/a> o MME (Minist\u00e9rio de Minas e Energia), a reserva t\u00e9cnica constitu\u00edda com o Decreto 12.390 visa \u201cmitigar os impactos associados a varia\u00e7\u00f5es de fluxo de caixa e de potenciais varia\u00e7\u00f5es da tarifa de repasse de Itaipu&#8221;. Contudo, ser\u00e1 limitada a 5% do recolhimento anual previsto.<\/p>\n\n\n\n<p>\u201cIsso \u00e9 importante para melhorar a gest\u00e3o da Conta de Itaipu, cujos resultados est\u00e3o sujeitos a varia\u00e7\u00f5es positivas ou negativas a depender de fatores como poss\u00edvel diferen\u00e7a significativa entre a estimativa e a gera\u00e7\u00e3o efetiva da usina de Itaipu ao longo do ano e de ajustes decorrentes de varia\u00e7\u00e3o cambial\u201d, afirma a nota t\u00e9cnica da ANEEL. Segundo a ag\u00eancia, a medida melhora a gest\u00e3o da conta ao longo do ano e tende a gerar maior estabilidade no saldo anual da Conta de Itaipu, sem grandes varia\u00e7\u00f5es positivas ou negativas.<\/p>\n\n\n\n<p><strong>Impacto<\/strong><br>Com o rombo identificado pela ENBPar (Empresa Brasileira de Participa\u00e7\u00f5es em Energia Nuclear e Binacional) ainda no \u00faltimo ano, a previs\u00e3o era de que, sem uma solu\u00e7\u00e3o, a tarifa de repasse de Itaipu aumentasse em 5,99%, conforme o <a href=\"https:\/\/mcusercontent.com\/d460dd1bcf9ba0ae040e1fc0f\/files\/c38e5a5b-2e5b-02c2-fc14-d6ebb42f80ba\/Voto_item_6.pdf\" target=\"_blank\" rel=\"noreferrer noopener\">voto<\/a> de fevereiro do relator do processo, diretor Fernando Mosna. Ele apontou para um impacto potencial de cerca de US$ 120,9 milh\u00f5es para os consumidores.&nbsp;<\/p>\n\n\n\n<p>Na ocasi\u00e3o, a diretoria da ANEEL deu prazo de 15 dias para que o MME e a ENBPar apresentassem uma solu\u00e7\u00e3o que permitisse a manuten\u00e7\u00e3o da tarifa em US$ 17,66\/KW. A solu\u00e7\u00e3o desenhada pelos \u00f3rg\u00e3os foi o decreto que permite a cobertura do rombo com o b\u00f4nus da usina.&nbsp;<\/p>\n\n\n\n<p>\u00c0 \u00e9poca, o diretor-geral da ag\u00eancia, Sandoval Feitosa, afirmou que, sem uma solu\u00e7\u00e3o, seria \u201cpraticamente compuls\u00f3rio\u201d para a ANEEL a necessidade de elevar a tarifa de repasse de Itaipu.<\/p>\n","protected":false},"excerpt":{"rendered":"<p>Geraldo Campos Jr. e Marisa Wanzeller, da Ag\u00eancia iNFRA A Superintend\u00eancia de Gest\u00e3o Tarif\u00e1ria da ANEEL (Ag\u00eancia Nacional de Energia El\u00e9trica) publicou nota t\u00e9cnica sinalizando para uma redu\u00e7\u00e3o de 59% no valor do B\u00f4nus de Itaipu a ser rateado entre os consumidores no segundo semestre. O valor a ser distribu\u00eddo, que seria de R$ 1,6 [&hellip;]<\/p>\n","protected":false},"author":1,"featured_media":7174,"comment_status":"closed","ping_status":"closed","sticky":false,"template":"","format":"standard","meta":{"_monsterinsights_skip_tracking":false,"_monsterinsights_sitenote_active":false,"_monsterinsights_sitenote_note":"","_monsterinsights_sitenote_category":0,"footnotes":""},"categories":[7250,1,10],"tags":[53,12469,11815,11816,12189,12190,5453,12470,11594,7366,11448],"class_list":["post-20708","post","type-post","status-publish","format-standard","has-post-thumbnail","hentry","category-destaque-lista","category-geral","category-infraenergia","tag-aneel","tag-aumento-tarifario-itaipu","tag-bonus-de-itaipu","tag-conta-de-comercializacao","tag-decreto-11-027-2022","tag-deficit-energetico","tag-enbpar","tag-fernando-mosna-aneel","tag-geraldo-campos-jr","tag-marisa-wanzeller","tag-tarifa-de-itaipu"],"yoast_head":"<!-- This site is optimized with the Yoast SEO Premium plugin v25.4 (Yoast SEO v26.0) - https:\/\/yoast.com\/wordpress\/plugins\/seo\/ -->\n<title>T\u00e9cnicos da ANEEL sinalizam redu\u00e7\u00e3o de 59% no B\u00f4nus de Itaipu para quitar d\u00e9ficit e manter tarifa - Ag\u00eancia iNFRA<\/title>\n<meta name=\"robots\" content=\"index, follow, max-snippet:-1, max-image-preview:large, max-video-preview:-1\" \/>\n<link rel=\"canonical\" href=\"https:\/\/agenciainfra.com\/blog\/tecnicos-da-aneel-sinalizam-reducao-de-59-no-bonus-de-itaipu-para-quitar-deficit-e-manter-tarifa\/\" \/>\n<meta property=\"og:locale\" content=\"pt_BR\" \/>\n<meta property=\"og:type\" content=\"article\" \/>\n<meta property=\"og:title\" content=\"T\u00e9cnicos da ANEEL sinalizam redu\u00e7\u00e3o de 59% no B\u00f4nus de Itaipu para quitar d\u00e9ficit e manter tarifa\" \/>\n<meta property=\"og:description\" content=\"Geraldo Campos Jr. e Marisa Wanzeller, da Ag\u00eancia iNFRA A Superintend\u00eancia de Gest\u00e3o Tarif\u00e1ria da ANEEL (Ag\u00eancia Nacional de Energia El\u00e9trica) publicou nota t\u00e9cnica sinalizando para uma redu\u00e7\u00e3o de 59% no valor do B\u00f4nus de Itaipu a ser rateado entre os consumidores no segundo semestre. O valor a ser distribu\u00eddo, que seria de R$ 1,6 [&hellip;]\" \/>\n<meta property=\"og:url\" content=\"https:\/\/agenciainfra.com\/blog\/tecnicos-da-aneel-sinalizam-reducao-de-59-no-bonus-de-itaipu-para-quitar-deficit-e-manter-tarifa\/\" \/>\n<meta property=\"og:site_name\" content=\"Ag\u00eancia iNFRA\" \/>\n<meta property=\"article:publisher\" content=\"https:\/\/www.facebook.com\/ageninfra\" \/>\n<meta property=\"article:published_time\" content=\"2025-03-25T12:00:00+00:00\" \/>\n<meta property=\"article:modified_time\" content=\"2025-06-26T12:28:15+00:00\" \/>\n<meta property=\"og:image\" content=\"https:\/\/agenciainfra.com\/blog\/wp-content\/uploads\/2021\/04\/lampada-luz-foto-dominio-publico.jpeg\" \/>\n\t<meta property=\"og:image:width\" content=\"1280\" \/>\n\t<meta property=\"og:image:height\" content=\"853\" \/>\n\t<meta property=\"og:image:type\" content=\"image\/jpeg\" \/>\n<meta name=\"author\" content=\"Ag\u00eancia iNFRA\" \/>\n<meta name=\"twitter:card\" content=\"summary_large_image\" \/>\n<meta name=\"twitter:creator\" content=\"@agencia_infra\" \/>\n<meta name=\"twitter:site\" content=\"@agencia_infra\" \/>\n<meta name=\"twitter:label1\" content=\"Escrito por\" \/>\n\t<meta name=\"twitter:data1\" content=\"Ag\u00eancia iNFRA\" \/>\n\t<meta name=\"twitter:label2\" content=\"Est. tempo de leitura\" \/>\n\t<meta name=\"twitter:data2\" content=\"3 minutos\" \/>\n<script type=\"application\/ld+json\" class=\"yoast-schema-graph\">{\"@context\":\"https:\/\/schema.org\",\"@graph\":[{\"@type\":\"Article\",\"@id\":\"https:\/\/agenciainfra.com\/blog\/tecnicos-da-aneel-sinalizam-reducao-de-59-no-bonus-de-itaipu-para-quitar-deficit-e-manter-tarifa\/#article\",\"isPartOf\":{\"@id\":\"https:\/\/agenciainfra.com\/blog\/tecnicos-da-aneel-sinalizam-reducao-de-59-no-bonus-de-itaipu-para-quitar-deficit-e-manter-tarifa\/\"},\"author\":{\"name\":\"Ag\u00eancia iNFRA\",\"@id\":\"https:\/\/agenciainfra.com\/blog\/#\/schema\/person\/34af08dff6adea4cb22b06612ba7acfa\"},\"headline\":\"T\u00e9cnicos da ANEEL sinalizam redu\u00e7\u00e3o de 59% no B\u00f4nus de Itaipu para quitar d\u00e9ficit e manter tarifa\",\"datePublished\":\"2025-03-25T12:00:00+00:00\",\"dateModified\":\"2025-06-26T12:28:15+00:00\",\"mainEntityOfPage\":{\"@id\":\"https:\/\/agenciainfra.com\/blog\/tecnicos-da-aneel-sinalizam-reducao-de-59-no-bonus-de-itaipu-para-quitar-deficit-e-manter-tarifa\/\"},\"wordCount\":648,\"publisher\":{\"@id\":\"https:\/\/agenciainfra.com\/blog\/#organization\"},\"image\":{\"@id\":\"https:\/\/agenciainfra.com\/blog\/tecnicos-da-aneel-sinalizam-reducao-de-59-no-bonus-de-itaipu-para-quitar-deficit-e-manter-tarifa\/#primaryimage\"},\"thumbnailUrl\":\"https:\/\/agenciainfra.com\/blog\/wp-content\/uploads\/2021\/04\/lampada-luz-foto-dominio-publico.jpeg\",\"keywords\":[\"ANEEL\",\"aumento tarif\u00e1rio Itaipu\",\"B\u00f4nus de Itaipu\",\"conta de comercializa\u00e7\u00e3o\",\"decreto 11.027\/2022\",\"d\u00e9ficit energ\u00e9tico\",\"ENBPar\",\"Fernando Mosna ANEEL\",\"Geraldo Campos Jr.\",\"Marisa Wanzeller\",\"tarifa de itaipu\"],\"articleSection\":[\"Destaque lista\",\"Geral\",\"iNFRAEnergia\"],\"inLanguage\":\"pt-BR\",\"copyrightYear\":\"2025\",\"copyrightHolder\":{\"@id\":\"https:\/\/agenciainfra.com\/blog\/#organization\"}},{\"@type\":\"WebPage\",\"@id\":\"https:\/\/agenciainfra.com\/blog\/tecnicos-da-aneel-sinalizam-reducao-de-59-no-bonus-de-itaipu-para-quitar-deficit-e-manter-tarifa\/\",\"url\":\"https:\/\/agenciainfra.com\/blog\/tecnicos-da-aneel-sinalizam-reducao-de-59-no-bonus-de-itaipu-para-quitar-deficit-e-manter-tarifa\/\",\"name\":\"T\u00e9cnicos da ANEEL sinalizam redu\u00e7\u00e3o de 59% no B\u00f4nus de Itaipu para quitar d\u00e9ficit e manter tarifa - Ag\u00eancia iNFRA\",\"isPartOf\":{\"@id\":\"https:\/\/agenciainfra.com\/blog\/#website\"},\"primaryImageOfPage\":{\"@id\":\"https:\/\/agenciainfra.com\/blog\/tecnicos-da-aneel-sinalizam-reducao-de-59-no-bonus-de-itaipu-para-quitar-deficit-e-manter-tarifa\/#primaryimage\"},\"image\":{\"@id\":\"https:\/\/agenciainfra.com\/blog\/tecnicos-da-aneel-sinalizam-reducao-de-59-no-bonus-de-itaipu-para-quitar-deficit-e-manter-tarifa\/#primaryimage\"},\"thumbnailUrl\":\"https:\/\/agenciainfra.com\/blog\/wp-content\/uploads\/2021\/04\/lampada-luz-foto-dominio-publico.jpeg\",\"datePublished\":\"2025-03-25T12:00:00+00:00\",\"dateModified\":\"2025-06-26T12:28:15+00:00\",\"breadcrumb\":{\"@id\":\"https:\/\/agenciainfra.com\/blog\/tecnicos-da-aneel-sinalizam-reducao-de-59-no-bonus-de-itaipu-para-quitar-deficit-e-manter-tarifa\/#breadcrumb\"},\"inLanguage\":\"pt-BR\",\"potentialAction\":[{\"@type\":\"ReadAction\",\"target\":[\"https:\/\/agenciainfra.com\/blog\/tecnicos-da-aneel-sinalizam-reducao-de-59-no-bonus-de-itaipu-para-quitar-deficit-e-manter-tarifa\/\"]}]},{\"@type\":\"ImageObject\",\"inLanguage\":\"pt-BR\",\"@id\":\"https:\/\/agenciainfra.com\/blog\/tecnicos-da-aneel-sinalizam-reducao-de-59-no-bonus-de-itaipu-para-quitar-deficit-e-manter-tarifa\/#primaryimage\",\"url\":\"https:\/\/agenciainfra.com\/blog\/wp-content\/uploads\/2021\/04\/lampada-luz-foto-dominio-publico.jpeg\",\"contentUrl\":\"https:\/\/agenciainfra.com\/blog\/wp-content\/uploads\/2021\/04\/lampada-luz-foto-dominio-publico.jpeg\",\"width\":1280,\"height\":853,\"caption\":\"Foto: Dom\u00ednio p\u00fablico\"},{\"@type\":\"BreadcrumbList\",\"@id\":\"https:\/\/agenciainfra.com\/blog\/tecnicos-da-aneel-sinalizam-reducao-de-59-no-bonus-de-itaipu-para-quitar-deficit-e-manter-tarifa\/#breadcrumb\",\"itemListElement\":[{\"@type\":\"ListItem\",\"position\":1,\"name\":\"In\u00edcio\",\"item\":\"https:\/\/agenciainfra.com\/blog\/\"},{\"@type\":\"ListItem\",\"position\":2,\"name\":\"T\u00e9cnicos da ANEEL sinalizam redu\u00e7\u00e3o de 59% no B\u00f4nus de Itaipu para quitar d\u00e9ficit e manter tarifa\"}]},{\"@type\":\"WebSite\",\"@id\":\"https:\/\/agenciainfra.com\/blog\/#website\",\"url\":\"https:\/\/agenciainfra.com\/blog\/\",\"name\":\"Ag\u00eancia iNFRA\",\"description\":\"Multiplataforma de informa\u00e7\u00e3o jornal\u00edstica refer\u00eancia na \u00e1rea de infraestrutura no Brasil!\",\"publisher\":{\"@id\":\"https:\/\/agenciainfra.com\/blog\/#organization\"},\"potentialAction\":[{\"@type\":\"SearchAction\",\"target\":{\"@type\":\"EntryPoint\",\"urlTemplate\":\"https:\/\/agenciainfra.com\/blog\/?s={search_term_string}\"},\"query-input\":{\"@type\":\"PropertyValueSpecification\",\"valueRequired\":true,\"valueName\":\"search_term_string\"}}],\"inLanguage\":\"pt-BR\"},{\"@type\":\"Organization\",\"@id\":\"https:\/\/agenciainfra.com\/blog\/#organization\",\"name\":\"Ag\u00eancia iNFRA\",\"url\":\"https:\/\/agenciainfra.com\/blog\/\",\"logo\":{\"@type\":\"ImageObject\",\"inLanguage\":\"pt-BR\",\"@id\":\"https:\/\/agenciainfra.com\/blog\/#\/schema\/logo\/image\/\",\"url\":\"https:\/\/agenciainfra.com\/blog\/wp-content\/uploads\/2023\/09\/iNFRA_5-e1761735885940.png\",\"contentUrl\":\"https:\/\/agenciainfra.com\/blog\/wp-content\/uploads\/2023\/09\/iNFRA_5-e1761735885940.png\",\"width\":1672,\"height\":454,\"caption\":\"Ag\u00eancia iNFRA\"},\"image\":{\"@id\":\"https:\/\/agenciainfra.com\/blog\/#\/schema\/logo\/image\/\"},\"sameAs\":[\"https:\/\/www.facebook.com\/ageninfra\",\"https:\/\/x.com\/agencia_infra\",\"https:\/\/www.linkedin.com\/company\/ag\u00eanciainfra\/\",\"https:\/\/www.instagram.com\/agenciainfra\/\"]},{\"@type\":\"Person\",\"@id\":\"https:\/\/agenciainfra.com\/blog\/#\/schema\/person\/34af08dff6adea4cb22b06612ba7acfa\",\"name\":\"Ag\u00eancia iNFRA\",\"image\":{\"@type\":\"ImageObject\",\"inLanguage\":\"pt-BR\",\"@id\":\"https:\/\/agenciainfra.com\/blog\/#\/schema\/person\/image\/\",\"url\":\"https:\/\/secure.gravatar.com\/avatar\/d189e01678f06d8eb84d4e01f08eb848b3fffe3f8443818d3c356c66892f5be8?s=96&d=mm&r=g\",\"contentUrl\":\"https:\/\/secure.gravatar.com\/avatar\/d189e01678f06d8eb84d4e01f08eb848b3fffe3f8443818d3c356c66892f5be8?s=96&d=mm&r=g\",\"caption\":\"Ag\u00eancia iNFRA\"},\"url\":\"https:\/\/agenciainfra.com\/blog\/author\/admin\/\"}]}<\/script>\n<!-- \/ Yoast SEO Premium plugin. -->","yoast_head_json":{"title":"T\u00e9cnicos da ANEEL sinalizam redu\u00e7\u00e3o de 59% no B\u00f4nus de Itaipu para quitar d\u00e9ficit e manter tarifa - Ag\u00eancia iNFRA","robots":{"index":"index","follow":"follow","max-snippet":"max-snippet:-1","max-image-preview":"max-image-preview:large","max-video-preview":"max-video-preview:-1"},"canonical":"https:\/\/agenciainfra.com\/blog\/tecnicos-da-aneel-sinalizam-reducao-de-59-no-bonus-de-itaipu-para-quitar-deficit-e-manter-tarifa\/","og_locale":"pt_BR","og_type":"article","og_title":"T\u00e9cnicos da ANEEL sinalizam redu\u00e7\u00e3o de 59% no B\u00f4nus de Itaipu para quitar d\u00e9ficit e manter tarifa","og_description":"Geraldo Campos Jr. e Marisa Wanzeller, da Ag\u00eancia iNFRA A Superintend\u00eancia de Gest\u00e3o Tarif\u00e1ria da ANEEL (Ag\u00eancia Nacional de Energia El\u00e9trica) publicou nota t\u00e9cnica sinalizando para uma redu\u00e7\u00e3o de 59% no valor do B\u00f4nus de Itaipu a ser rateado entre os consumidores no segundo semestre. O valor a ser distribu\u00eddo, que seria de R$ 1,6 [&hellip;]","og_url":"https:\/\/agenciainfra.com\/blog\/tecnicos-da-aneel-sinalizam-reducao-de-59-no-bonus-de-itaipu-para-quitar-deficit-e-manter-tarifa\/","og_site_name":"Ag\u00eancia iNFRA","article_publisher":"https:\/\/www.facebook.com\/ageninfra","article_published_time":"2025-03-25T12:00:00+00:00","article_modified_time":"2025-06-26T12:28:15+00:00","og_image":[{"width":1280,"height":853,"url":"https:\/\/agenciainfra.com\/blog\/wp-content\/uploads\/2021\/04\/lampada-luz-foto-dominio-publico.jpeg","type":"image\/jpeg"}],"author":"Ag\u00eancia iNFRA","twitter_card":"summary_large_image","twitter_creator":"@agencia_infra","twitter_site":"@agencia_infra","twitter_misc":{"Escrito por":"Ag\u00eancia iNFRA","Est. tempo de leitura":"3 minutos"},"schema":{"@context":"https:\/\/schema.org","@graph":[{"@type":"Article","@id":"https:\/\/agenciainfra.com\/blog\/tecnicos-da-aneel-sinalizam-reducao-de-59-no-bonus-de-itaipu-para-quitar-deficit-e-manter-tarifa\/#article","isPartOf":{"@id":"https:\/\/agenciainfra.com\/blog\/tecnicos-da-aneel-sinalizam-reducao-de-59-no-bonus-de-itaipu-para-quitar-deficit-e-manter-tarifa\/"},"author":{"name":"Ag\u00eancia iNFRA","@id":"https:\/\/agenciainfra.com\/blog\/#\/schema\/person\/34af08dff6adea4cb22b06612ba7acfa"},"headline":"T\u00e9cnicos da ANEEL sinalizam redu\u00e7\u00e3o de 59% no B\u00f4nus de Itaipu para quitar d\u00e9ficit e manter tarifa","datePublished":"2025-03-25T12:00:00+00:00","dateModified":"2025-06-26T12:28:15+00:00","mainEntityOfPage":{"@id":"https:\/\/agenciainfra.com\/blog\/tecnicos-da-aneel-sinalizam-reducao-de-59-no-bonus-de-itaipu-para-quitar-deficit-e-manter-tarifa\/"},"wordCount":648,"publisher":{"@id":"https:\/\/agenciainfra.com\/blog\/#organization"},"image":{"@id":"https:\/\/agenciainfra.com\/blog\/tecnicos-da-aneel-sinalizam-reducao-de-59-no-bonus-de-itaipu-para-quitar-deficit-e-manter-tarifa\/#primaryimage"},"thumbnailUrl":"https:\/\/agenciainfra.com\/blog\/wp-content\/uploads\/2021\/04\/lampada-luz-foto-dominio-publico.jpeg","keywords":["ANEEL","aumento tarif\u00e1rio Itaipu","B\u00f4nus de Itaipu","conta de comercializa\u00e7\u00e3o","decreto 11.027\/2022","d\u00e9ficit energ\u00e9tico","ENBPar","Fernando Mosna ANEEL","Geraldo Campos Jr.","Marisa Wanzeller","tarifa de itaipu"],"articleSection":["Destaque lista","Geral","iNFRAEnergia"],"inLanguage":"pt-BR","copyrightYear":"2025","copyrightHolder":{"@id":"https:\/\/agenciainfra.com\/blog\/#organization"}},{"@type":"WebPage","@id":"https:\/\/agenciainfra.com\/blog\/tecnicos-da-aneel-sinalizam-reducao-de-59-no-bonus-de-itaipu-para-quitar-deficit-e-manter-tarifa\/","url":"https:\/\/agenciainfra.com\/blog\/tecnicos-da-aneel-sinalizam-reducao-de-59-no-bonus-de-itaipu-para-quitar-deficit-e-manter-tarifa\/","name":"T\u00e9cnicos da ANEEL sinalizam redu\u00e7\u00e3o de 59% no B\u00f4nus de Itaipu para quitar d\u00e9ficit e manter tarifa - Ag\u00eancia iNFRA","isPartOf":{"@id":"https:\/\/agenciainfra.com\/blog\/#website"},"primaryImageOfPage":{"@id":"https:\/\/agenciainfra.com\/blog\/tecnicos-da-aneel-sinalizam-reducao-de-59-no-bonus-de-itaipu-para-quitar-deficit-e-manter-tarifa\/#primaryimage"},"image":{"@id":"https:\/\/agenciainfra.com\/blog\/tecnicos-da-aneel-sinalizam-reducao-de-59-no-bonus-de-itaipu-para-quitar-deficit-e-manter-tarifa\/#primaryimage"},"thumbnailUrl":"https:\/\/agenciainfra.com\/blog\/wp-content\/uploads\/2021\/04\/lampada-luz-foto-dominio-publico.jpeg","datePublished":"2025-03-25T12:00:00+00:00","dateModified":"2025-06-26T12:28:15+00:00","breadcrumb":{"@id":"https:\/\/agenciainfra.com\/blog\/tecnicos-da-aneel-sinalizam-reducao-de-59-no-bonus-de-itaipu-para-quitar-deficit-e-manter-tarifa\/#breadcrumb"},"inLanguage":"pt-BR","potentialAction":[{"@type":"ReadAction","target":["https:\/\/agenciainfra.com\/blog\/tecnicos-da-aneel-sinalizam-reducao-de-59-no-bonus-de-itaipu-para-quitar-deficit-e-manter-tarifa\/"]}]},{"@type":"ImageObject","inLanguage":"pt-BR","@id":"https:\/\/agenciainfra.com\/blog\/tecnicos-da-aneel-sinalizam-reducao-de-59-no-bonus-de-itaipu-para-quitar-deficit-e-manter-tarifa\/#primaryimage","url":"https:\/\/agenciainfra.com\/blog\/wp-content\/uploads\/2021\/04\/lampada-luz-foto-dominio-publico.jpeg","contentUrl":"https:\/\/agenciainfra.com\/blog\/wp-content\/uploads\/2021\/04\/lampada-luz-foto-dominio-publico.jpeg","width":1280,"height":853,"caption":"Foto: Dom\u00ednio p\u00fablico"},{"@type":"BreadcrumbList","@id":"https:\/\/agenciainfra.com\/blog\/tecnicos-da-aneel-sinalizam-reducao-de-59-no-bonus-de-itaipu-para-quitar-deficit-e-manter-tarifa\/#breadcrumb","itemListElement":[{"@type":"ListItem","position":1,"name":"In\u00edcio","item":"https:\/\/agenciainfra.com\/blog\/"},{"@type":"ListItem","position":2,"name":"T\u00e9cnicos da ANEEL sinalizam redu\u00e7\u00e3o de 59% no B\u00f4nus de Itaipu para quitar d\u00e9ficit e manter tarifa"}]},{"@type":"WebSite","@id":"https:\/\/agenciainfra.com\/blog\/#website","url":"https:\/\/agenciainfra.com\/blog\/","name":"Ag\u00eancia iNFRA","description":"Multiplataforma de informa\u00e7\u00e3o jornal\u00edstica refer\u00eancia na \u00e1rea de infraestrutura no Brasil!","publisher":{"@id":"https:\/\/agenciainfra.com\/blog\/#organization"},"potentialAction":[{"@type":"SearchAction","target":{"@type":"EntryPoint","urlTemplate":"https:\/\/agenciainfra.com\/blog\/?s={search_term_string}"},"query-input":{"@type":"PropertyValueSpecification","valueRequired":true,"valueName":"search_term_string"}}],"inLanguage":"pt-BR"},{"@type":"Organization","@id":"https:\/\/agenciainfra.com\/blog\/#organization","name":"Ag\u00eancia iNFRA","url":"https:\/\/agenciainfra.com\/blog\/","logo":{"@type":"ImageObject","inLanguage":"pt-BR","@id":"https:\/\/agenciainfra.com\/blog\/#\/schema\/logo\/image\/","url":"https:\/\/agenciainfra.com\/blog\/wp-content\/uploads\/2023\/09\/iNFRA_5-e1761735885940.png","contentUrl":"https:\/\/agenciainfra.com\/blog\/wp-content\/uploads\/2023\/09\/iNFRA_5-e1761735885940.png","width":1672,"height":454,"caption":"Ag\u00eancia iNFRA"},"image":{"@id":"https:\/\/agenciainfra.com\/blog\/#\/schema\/logo\/image\/"},"sameAs":["https:\/\/www.facebook.com\/ageninfra","https:\/\/x.com\/agencia_infra","https:\/\/www.linkedin.com\/company\/ag\u00eanciainfra\/","https:\/\/www.instagram.com\/agenciainfra\/"]},{"@type":"Person","@id":"https:\/\/agenciainfra.com\/blog\/#\/schema\/person\/34af08dff6adea4cb22b06612ba7acfa","name":"Ag\u00eancia iNFRA","image":{"@type":"ImageObject","inLanguage":"pt-BR","@id":"https:\/\/agenciainfra.com\/blog\/#\/schema\/person\/image\/","url":"https:\/\/secure.gravatar.com\/avatar\/d189e01678f06d8eb84d4e01f08eb848b3fffe3f8443818d3c356c66892f5be8?s=96&d=mm&r=g","contentUrl":"https:\/\/secure.gravatar.com\/avatar\/d189e01678f06d8eb84d4e01f08eb848b3fffe3f8443818d3c356c66892f5be8?s=96&d=mm&r=g","caption":"Ag\u00eancia iNFRA"},"url":"https:\/\/agenciainfra.com\/blog\/author\/admin\/"}]}},"_links":{"self":[{"href":"https:\/\/agenciainfra.com\/blog\/wp-json\/wp\/v2\/posts\/20708","targetHints":{"allow":["GET"]}}],"collection":[{"href":"https:\/\/agenciainfra.com\/blog\/wp-json\/wp\/v2\/posts"}],"about":[{"href":"https:\/\/agenciainfra.com\/blog\/wp-json\/wp\/v2\/types\/post"}],"author":[{"embeddable":true,"href":"https:\/\/agenciainfra.com\/blog\/wp-json\/wp\/v2\/users\/1"}],"replies":[{"embeddable":true,"href":"https:\/\/agenciainfra.com\/blog\/wp-json\/wp\/v2\/comments?post=20708"}],"version-history":[{"count":1,"href":"https:\/\/agenciainfra.com\/blog\/wp-json\/wp\/v2\/posts\/20708\/revisions"}],"predecessor-version":[{"id":20709,"href":"https:\/\/agenciainfra.com\/blog\/wp-json\/wp\/v2\/posts\/20708\/revisions\/20709"}],"wp:featuredmedia":[{"embeddable":true,"href":"https:\/\/agenciainfra.com\/blog\/wp-json\/wp\/v2\/media\/7174"}],"wp:attachment":[{"href":"https:\/\/agenciainfra.com\/blog\/wp-json\/wp\/v2\/media?parent=20708"}],"wp:term":[{"taxonomy":"category","embeddable":true,"href":"https:\/\/agenciainfra.com\/blog\/wp-json\/wp\/v2\/categories?post=20708"},{"taxonomy":"post_tag","embeddable":true,"href":"https:\/\/agenciainfra.com\/blog\/wp-json\/wp\/v2\/tags?post=20708"}],"curies":[{"name":"wp","href":"https:\/\/api.w.org\/{rel}","templated":true}]}}