{"id":20710,"date":"2025-03-25T10:00:00","date_gmt":"2025-03-25T13:00:00","guid":{"rendered":"https:\/\/agenciainfra.com\/blog\/?p=20710"},"modified":"2025-03-25T16:23:21","modified_gmt":"2025-03-25T19:23:21","slug":"ampliacao-metroferroviaria-segue-em-ritmo-lento-aponta-balanco-da-anptrilhos","status":"publish","type":"post","link":"https:\/\/agenciainfra.com\/blog\/ampliacao-metroferroviaria-segue-em-ritmo-lento-aponta-balanco-da-anptrilhos\/","title":{"rendered":"Amplia\u00e7\u00e3o metroferrovi\u00e1ria segue em ritmo lento, aponta balan\u00e7o da ANPTrilhos"},"content":{"rendered":"\n<p class=\"has-text-align-right\"><strong>Dimmi Amora, da Ag\u00eancia iNFRA<\/strong><\/p>\n\n\n\n<p>O Balan\u00e7o MetroFerrovi\u00e1rio de 2024 divulgado hoje (25) pela ANPTrilhos (Associa\u00e7\u00e3o Nacional dos Transportadores de Passageiros sobre Trilhos) mostra que o pa\u00eds segue a passos lentos no crescimento de sua rede de transporte p\u00fablico de alta capacidade. Em 2024, apenas duas novas esta\u00e7\u00f5es e quatro quil\u00f4metros foram acrescidos \u00e0 rede, que chegou a 1.137 quil\u00f4metros de extens\u00e3o.\u00a0<\/p>\n\n\n\n<p>Em uma d\u00e9cada, pouco mais de 100 quil\u00f4metros de metr\u00f4s, trens urbanos e VLTs (Ve\u00edculos Leves sobre Trilhos) foram implantados no pa\u00eds, sendo que, desde 2019, a m\u00e9dia n\u00e3o passa de seis quil\u00f4metros a mais por ano,&nbsp;o que para a diretora-executiva da associa\u00e7\u00e3o, Ana Patrizia Lira, arrisca levar o sistema do transporte urbano das grandes cidades ao colapso.<\/p>\n\n\n\n<p>&#8220;\u00c9 muito pouco. Precisamos avan\u00e7ar mais rapidamente para n\u00e3o colapsar&#8221;, defendeu em entrevista \u00e0&nbsp;<strong>Ag\u00eancia iNFRA<\/strong>&nbsp;para apresentar os dados do setor do ano passado.<\/p>\n\n\n\n<p>Os dados para os pr\u00f3ximos anos s\u00e3o levemente mais promissores. At\u00e9 o fim da d\u00e9cada, se tudo&nbsp;sair como planejado nos&nbsp;projetos j\u00e1 em andamento, a rede do pa\u00eds pode ganhar pouco mais de 100 quil\u00f4metros, de acordo com os dados do balan\u00e7o, especialmente por causa de projetos nas regi\u00f5es metropolitanas de S\u00e3o Paulo (SP) e Salvador (BA). Esses projetos somam cerca de R$ 50 bilh\u00f5es.<\/p>\n\n\n\n<p>Mas as esperan\u00e7as de uma maior transforma\u00e7\u00e3o, segundo Ana Patrizia, est\u00e3o depositadas em duas mudan\u00e7as mais profundas que est\u00e3o em produ\u00e7\u00e3o. A primeira \u00e9 a aprova\u00e7\u00e3o de um novo marco legal para o transporte p\u00fablico no pa\u00eds, <a href=\"https:\/\/www.camara.leg.br\/proposicoesWeb\/fichadetramitacao?idProposicao=2481715\" target=\"_blank\" rel=\"noreferrer noopener\">PL 3.278\/2021<\/a>, que foi aprovado pelo Senado no ano passado e j\u00e1 tramita na C\u00e2mara.<\/p>\n\n\n\n<p>O segundo \u00e9 o <a href=\"https:\/\/agenciainfra.com\/blog\/bndes-abre-estudo-para-projetos-de-mobilidade-urbana-em-21-regioes-metropolitanas-do-pais\/\" target=\"_blank\" rel=\"noreferrer noopener\">estudo que o BNDES<\/a>&nbsp;(Banco Nacional de Desenvolvimento Econ\u00f4mico e Social), em parceria com o Minist\u00e9rio das Cidades, est\u00e1 coordenando nas 21 maiores regi\u00f5es metropolitanas do pa\u00eds e que pretende mapear as necessidades de investimentos e definir uma pol\u00edtica nacional para o setor, de forma a dar maior racionalidade \u00e0s redes de transportes nessas regi\u00f5es. Esse trabalho est\u00e1 em desenvolvimento.<\/p>\n\n\n\n<p>Segundo a diretora-executiva, a lei tem um importante componente, que \u00e9 a cria\u00e7\u00e3o de incentivos para que os sistemas metropolitanos tenham integra\u00e7\u00e3o tarif\u00e1ria, o que para ela \u00e9 a forma como ser\u00e1 poss\u00edvel desenvolver projetos de grande capacidade.<\/p>\n\n\n\n<p>Para ela, o maior exemplo dessa necessidade \u00e9 a compara\u00e7\u00e3o entre o Rio de Janeiro, que segue perdendo passageiros em sua rede metroferrovi\u00e1ria, e&nbsp;S\u00e3o Paulo, que vem aumentando.&nbsp;<\/p>\n\n\n\n<p>A diferen\u00e7a principal, de acordo com Ana Patrizia,&nbsp;\u00e9 a integra\u00e7\u00e3o tarif\u00e1ria existente em S\u00e3o Paulo e ineficaz no Rio de Janeiro, local tamb\u00e9m fortemente impactado pela queda na qualidade do servi\u00e7o, atribu\u00edda \u00e0 viol\u00eancia urbana local, capaz de paralisar o sistema por causa de roubos de equipamentos, o que tira a confiabilidade dos passageiros.<\/p>\n\n\n\n<p>&#8220;Fazer integra\u00e7\u00e3o tarif\u00e1ria n\u00e3o significa menos recursos. S\u00e3o mais recursos porque voc\u00ea recupera os passageiros que n\u00e3o usavam o sistema&#8221;, explicou.<\/p>\n\n\n\n<p>No caso do estudo do BNDES, a diretora da associa\u00e7\u00e3o tem esperan\u00e7a de que possa criar projetos de melhor qualidade para direcionar os investimentos p\u00fablicos e privados e melhorar a integra\u00e7\u00e3o do sistema de transporte, indicando as linhas troncais dessas regi\u00f5es.&nbsp;<\/p>\n\n\n\n<p><strong>Pr\u00e9-pandemia distante<\/strong><br>O relat\u00f3rio estima o quanto isso pode ser significativo. Mesmo sem ainda voltar aos n\u00edveis pr\u00e9-pandemia de Covid-19 em n\u00famero de passageiros transportados e com a rede atual, a estimativa \u00e9 que foram economizadas 1,5 bilh\u00e3o de horas dos passageiros no tr\u00e2nsito e 1,2 bilh\u00e3o de litros de combust\u00edveis f\u00f3sseis. O impacto positivo geral na sociedade \u00e9 estimado em R$ 33 bilh\u00f5es.<\/p>\n\n\n\n<p>A diretora explica que houve crescimento do volume de passageiros transportados em 3,6% entre 2023 e 2024, atribu\u00eddo \u00e0 melhoria econ\u00f4mica. Mas a volta aos n\u00edveis pr\u00e9-pandemia (o n\u00famero de passageiros ainda \u00e9 pouco mais de 3\/4 de 2019) deve demorar por causa de mudan\u00e7as sociais como o home office, o ensino \u00e0 dist\u00e2ncia e as compras online. O balan\u00e7o pode ser visto <a href=\"https:\/\/anptrilhos.org.br\/balanco-setor-2024\" target=\"_blank\" rel=\"noreferrer noopener\">neste link<\/a>.<\/p>\n\n\n\n<p><em><sub>*A mat\u00e9ria foi atualizada \u00e0s 16h22 para corre\u00e7\u00e3o da data de divulga\u00e7\u00e3o do Balan\u00e7o MetroFerrovi\u00e1rio de 2024.  <\/sub><\/em><\/p>\n","protected":false},"excerpt":{"rendered":"<p>Dimmi Amora, da Ag\u00eancia iNFRA O Balan\u00e7o MetroFerrovi\u00e1rio de 2024 divulgado hoje (25) pela ANPTrilhos (Associa\u00e7\u00e3o Nacional dos Transportadores de Passageiros sobre Trilhos) mostra que o pa\u00eds segue a passos lentos no crescimento de sua rede de transporte p\u00fablico de alta capacidade. Em 2024, apenas duas novas esta\u00e7\u00f5es e quatro quil\u00f4metros foram acrescidos \u00e0 rede, [&hellip;]<\/p>\n","protected":false},"author":1,"featured_media":10962,"comment_status":"closed","ping_status":"closed","sticky":false,"template":"","format":"standard","meta":{"_monsterinsights_skip_tracking":false,"_monsterinsights_sitenote_active":false,"_monsterinsights_sitenote_note":"","_monsterinsights_sitenote_category":0,"footnotes":""},"categories":[7250,1,7],"tags":[12867,2380,12866,32,2233,70,12868],"class_list":["post-20710","post","type-post","status-publish","format-standard","has-post-thumbnail","hentry","category-destaque-lista","category-geral","category-infratransporte","tag-ampliacao-metroferroviaria","tag-anptrilhos","tag-balanco-metroferroviario","tag-investimentos","tag-transporte-publico","tag-transportes","tag-trens-e-metros"],"yoast_head":"<!-- This site is optimized with the Yoast SEO Premium plugin v25.4 (Yoast SEO v26.0) - https:\/\/yoast.com\/wordpress\/plugins\/seo\/ -->\n<title>Amplia\u00e7\u00e3o metroferrovi\u00e1ria segue em ritmo lento, aponta balan\u00e7o da ANPTrilhos - Ag\u00eancia iNFRA<\/title>\n<meta name=\"robots\" content=\"index, follow, max-snippet:-1, max-image-preview:large, max-video-preview:-1\" \/>\n<link rel=\"canonical\" href=\"https:\/\/agenciainfra.com\/blog\/ampliacao-metroferroviaria-segue-em-ritmo-lento-aponta-balanco-da-anptrilhos\/\" \/>\n<meta property=\"og:locale\" content=\"pt_BR\" \/>\n<meta property=\"og:type\" content=\"article\" \/>\n<meta property=\"og:title\" content=\"Amplia\u00e7\u00e3o metroferrovi\u00e1ria segue em ritmo lento, aponta balan\u00e7o da ANPTrilhos\" \/>\n<meta property=\"og:description\" content=\"Dimmi Amora, da Ag\u00eancia iNFRA O Balan\u00e7o MetroFerrovi\u00e1rio de 2024 divulgado hoje (25) pela ANPTrilhos (Associa\u00e7\u00e3o Nacional dos Transportadores de Passageiros sobre Trilhos) mostra que o pa\u00eds segue a passos lentos no crescimento de sua rede de transporte p\u00fablico de alta capacidade. Em 2024, apenas duas novas esta\u00e7\u00f5es e quatro quil\u00f4metros foram acrescidos \u00e0 rede, [&hellip;]\" \/>\n<meta property=\"og:url\" content=\"https:\/\/agenciainfra.com\/blog\/ampliacao-metroferroviaria-segue-em-ritmo-lento-aponta-balanco-da-anptrilhos\/\" \/>\n<meta property=\"og:site_name\" content=\"Ag\u00eancia iNFRA\" \/>\n<meta property=\"article:publisher\" content=\"https:\/\/www.facebook.com\/ageninfra\" \/>\n<meta property=\"article:published_time\" content=\"2025-03-25T13:00:00+00:00\" \/>\n<meta property=\"article:modified_time\" content=\"2025-03-25T19:23:21+00:00\" \/>\n<meta property=\"og:image\" content=\"https:\/\/agenciainfra.com\/blog\/wp-content\/uploads\/2022\/07\/metro-belo-horizonte-foto-cbtu.jpeg\" \/>\n\t<meta property=\"og:image:width\" content=\"1280\" \/>\n\t<meta property=\"og:image:height\" content=\"766\" \/>\n\t<meta property=\"og:image:type\" content=\"image\/jpeg\" \/>\n<meta name=\"author\" content=\"Ag\u00eancia iNFRA\" \/>\n<meta name=\"twitter:card\" content=\"summary_large_image\" \/>\n<meta name=\"twitter:creator\" content=\"@agencia_infra\" \/>\n<meta name=\"twitter:site\" content=\"@agencia_infra\" \/>\n<meta name=\"twitter:label1\" content=\"Escrito por\" \/>\n\t<meta name=\"twitter:data1\" content=\"Ag\u00eancia iNFRA\" \/>\n\t<meta name=\"twitter:label2\" content=\"Est. tempo de leitura\" \/>\n\t<meta name=\"twitter:data2\" content=\"4 minutos\" \/>\n<script type=\"application\/ld+json\" class=\"yoast-schema-graph\">{\"@context\":\"https:\/\/schema.org\",\"@graph\":[{\"@type\":\"Article\",\"@id\":\"https:\/\/agenciainfra.com\/blog\/ampliacao-metroferroviaria-segue-em-ritmo-lento-aponta-balanco-da-anptrilhos\/#article\",\"isPartOf\":{\"@id\":\"https:\/\/agenciainfra.com\/blog\/ampliacao-metroferroviaria-segue-em-ritmo-lento-aponta-balanco-da-anptrilhos\/\"},\"author\":{\"name\":\"Ag\u00eancia iNFRA\",\"@id\":\"https:\/\/agenciainfra.com\/blog\/#\/schema\/person\/34af08dff6adea4cb22b06612ba7acfa\"},\"headline\":\"Amplia\u00e7\u00e3o metroferrovi\u00e1ria segue em ritmo lento, aponta balan\u00e7o da ANPTrilhos\",\"datePublished\":\"2025-03-25T13:00:00+00:00\",\"dateModified\":\"2025-03-25T19:23:21+00:00\",\"mainEntityOfPage\":{\"@id\":\"https:\/\/agenciainfra.com\/blog\/ampliacao-metroferroviaria-segue-em-ritmo-lento-aponta-balanco-da-anptrilhos\/\"},\"wordCount\":743,\"publisher\":{\"@id\":\"https:\/\/agenciainfra.com\/blog\/#organization\"},\"image\":{\"@id\":\"https:\/\/agenciainfra.com\/blog\/ampliacao-metroferroviaria-segue-em-ritmo-lento-aponta-balanco-da-anptrilhos\/#primaryimage\"},\"thumbnailUrl\":\"https:\/\/agenciainfra.com\/blog\/wp-content\/uploads\/2022\/07\/metro-belo-horizonte-foto-cbtu.jpeg\",\"keywords\":[\"amplia\u00e7\u00e3o metroferrovi\u00e1ria\",\"ANPTrilhos\",\"balan\u00e7o metroferrovi\u00e1rio\",\"Investimentos\",\"transporte p\u00fablico\",\"transportes\",\"trens e metros\"],\"articleSection\":[\"Destaque lista\",\"Geral\",\"iNFRATransporte\"],\"inLanguage\":\"pt-BR\",\"copyrightYear\":\"2025\",\"copyrightHolder\":{\"@id\":\"https:\/\/agenciainfra.com\/blog\/#organization\"}},{\"@type\":\"WebPage\",\"@id\":\"https:\/\/agenciainfra.com\/blog\/ampliacao-metroferroviaria-segue-em-ritmo-lento-aponta-balanco-da-anptrilhos\/\",\"url\":\"https:\/\/agenciainfra.com\/blog\/ampliacao-metroferroviaria-segue-em-ritmo-lento-aponta-balanco-da-anptrilhos\/\",\"name\":\"Amplia\u00e7\u00e3o metroferrovi\u00e1ria segue em ritmo lento, aponta balan\u00e7o da ANPTrilhos - Ag\u00eancia iNFRA\",\"isPartOf\":{\"@id\":\"https:\/\/agenciainfra.com\/blog\/#website\"},\"primaryImageOfPage\":{\"@id\":\"https:\/\/agenciainfra.com\/blog\/ampliacao-metroferroviaria-segue-em-ritmo-lento-aponta-balanco-da-anptrilhos\/#primaryimage\"},\"image\":{\"@id\":\"https:\/\/agenciainfra.com\/blog\/ampliacao-metroferroviaria-segue-em-ritmo-lento-aponta-balanco-da-anptrilhos\/#primaryimage\"},\"thumbnailUrl\":\"https:\/\/agenciainfra.com\/blog\/wp-content\/uploads\/2022\/07\/metro-belo-horizonte-foto-cbtu.jpeg\",\"datePublished\":\"2025-03-25T13:00:00+00:00\",\"dateModified\":\"2025-03-25T19:23:21+00:00\",\"breadcrumb\":{\"@id\":\"https:\/\/agenciainfra.com\/blog\/ampliacao-metroferroviaria-segue-em-ritmo-lento-aponta-balanco-da-anptrilhos\/#breadcrumb\"},\"inLanguage\":\"pt-BR\",\"potentialAction\":[{\"@type\":\"ReadAction\",\"target\":[\"https:\/\/agenciainfra.com\/blog\/ampliacao-metroferroviaria-segue-em-ritmo-lento-aponta-balanco-da-anptrilhos\/\"]}]},{\"@type\":\"ImageObject\",\"inLanguage\":\"pt-BR\",\"@id\":\"https:\/\/agenciainfra.com\/blog\/ampliacao-metroferroviaria-segue-em-ritmo-lento-aponta-balanco-da-anptrilhos\/#primaryimage\",\"url\":\"https:\/\/agenciainfra.com\/blog\/wp-content\/uploads\/2022\/07\/metro-belo-horizonte-foto-cbtu.jpeg\",\"contentUrl\":\"https:\/\/agenciainfra.com\/blog\/wp-content\/uploads\/2022\/07\/metro-belo-horizonte-foto-cbtu.jpeg\",\"width\":1280,\"height\":766,\"caption\":\"Foto: CBTU\"},{\"@type\":\"BreadcrumbList\",\"@id\":\"https:\/\/agenciainfra.com\/blog\/ampliacao-metroferroviaria-segue-em-ritmo-lento-aponta-balanco-da-anptrilhos\/#breadcrumb\",\"itemListElement\":[{\"@type\":\"ListItem\",\"position\":1,\"name\":\"In\u00edcio\",\"item\":\"https:\/\/agenciainfra.com\/blog\/\"},{\"@type\":\"ListItem\",\"position\":2,\"name\":\"Amplia\u00e7\u00e3o metroferrovi\u00e1ria segue em ritmo lento, aponta balan\u00e7o da ANPTrilhos\"}]},{\"@type\":\"WebSite\",\"@id\":\"https:\/\/agenciainfra.com\/blog\/#website\",\"url\":\"https:\/\/agenciainfra.com\/blog\/\",\"name\":\"Ag\u00eancia iNFRA\",\"description\":\"Multiplataforma de informa\u00e7\u00e3o jornal\u00edstica refer\u00eancia na \u00e1rea de infraestrutura no Brasil!\",\"publisher\":{\"@id\":\"https:\/\/agenciainfra.com\/blog\/#organization\"},\"potentialAction\":[{\"@type\":\"SearchAction\",\"target\":{\"@type\":\"EntryPoint\",\"urlTemplate\":\"https:\/\/agenciainfra.com\/blog\/?s={search_term_string}\"},\"query-input\":{\"@type\":\"PropertyValueSpecification\",\"valueRequired\":true,\"valueName\":\"search_term_string\"}}],\"inLanguage\":\"pt-BR\"},{\"@type\":\"Organization\",\"@id\":\"https:\/\/agenciainfra.com\/blog\/#organization\",\"name\":\"Ag\u00eancia iNFRA\",\"url\":\"https:\/\/agenciainfra.com\/blog\/\",\"logo\":{\"@type\":\"ImageObject\",\"inLanguage\":\"pt-BR\",\"@id\":\"https:\/\/agenciainfra.com\/blog\/#\/schema\/logo\/image\/\",\"url\":\"https:\/\/agenciainfra.com\/blog\/wp-content\/uploads\/2023\/09\/iNFRA_5-e1761735885940.png\",\"contentUrl\":\"https:\/\/agenciainfra.com\/blog\/wp-content\/uploads\/2023\/09\/iNFRA_5-e1761735885940.png\",\"width\":1672,\"height\":454,\"caption\":\"Ag\u00eancia iNFRA\"},\"image\":{\"@id\":\"https:\/\/agenciainfra.com\/blog\/#\/schema\/logo\/image\/\"},\"sameAs\":[\"https:\/\/www.facebook.com\/ageninfra\",\"https:\/\/x.com\/agencia_infra\",\"https:\/\/www.linkedin.com\/company\/ag\u00eanciainfra\/\",\"https:\/\/www.instagram.com\/agenciainfra\/\"]},{\"@type\":\"Person\",\"@id\":\"https:\/\/agenciainfra.com\/blog\/#\/schema\/person\/34af08dff6adea4cb22b06612ba7acfa\",\"name\":\"Ag\u00eancia iNFRA\",\"image\":{\"@type\":\"ImageObject\",\"inLanguage\":\"pt-BR\",\"@id\":\"https:\/\/agenciainfra.com\/blog\/#\/schema\/person\/image\/\",\"url\":\"https:\/\/secure.gravatar.com\/avatar\/d189e01678f06d8eb84d4e01f08eb848b3fffe3f8443818d3c356c66892f5be8?s=96&d=mm&r=g\",\"contentUrl\":\"https:\/\/secure.gravatar.com\/avatar\/d189e01678f06d8eb84d4e01f08eb848b3fffe3f8443818d3c356c66892f5be8?s=96&d=mm&r=g\",\"caption\":\"Ag\u00eancia iNFRA\"},\"url\":\"https:\/\/agenciainfra.com\/blog\/author\/admin\/\"}]}<\/script>\n<!-- \/ Yoast SEO Premium plugin. -->","yoast_head_json":{"title":"Amplia\u00e7\u00e3o metroferrovi\u00e1ria segue em ritmo lento, aponta balan\u00e7o da ANPTrilhos - Ag\u00eancia iNFRA","robots":{"index":"index","follow":"follow","max-snippet":"max-snippet:-1","max-image-preview":"max-image-preview:large","max-video-preview":"max-video-preview:-1"},"canonical":"https:\/\/agenciainfra.com\/blog\/ampliacao-metroferroviaria-segue-em-ritmo-lento-aponta-balanco-da-anptrilhos\/","og_locale":"pt_BR","og_type":"article","og_title":"Amplia\u00e7\u00e3o metroferrovi\u00e1ria segue em ritmo lento, aponta balan\u00e7o da ANPTrilhos","og_description":"Dimmi Amora, da Ag\u00eancia iNFRA O Balan\u00e7o MetroFerrovi\u00e1rio de 2024 divulgado hoje (25) pela ANPTrilhos (Associa\u00e7\u00e3o Nacional dos Transportadores de Passageiros sobre Trilhos) mostra que o pa\u00eds segue a passos lentos no crescimento de sua rede de transporte p\u00fablico de alta capacidade. Em 2024, apenas duas novas esta\u00e7\u00f5es e quatro quil\u00f4metros foram acrescidos \u00e0 rede, [&hellip;]","og_url":"https:\/\/agenciainfra.com\/blog\/ampliacao-metroferroviaria-segue-em-ritmo-lento-aponta-balanco-da-anptrilhos\/","og_site_name":"Ag\u00eancia iNFRA","article_publisher":"https:\/\/www.facebook.com\/ageninfra","article_published_time":"2025-03-25T13:00:00+00:00","article_modified_time":"2025-03-25T19:23:21+00:00","og_image":[{"width":1280,"height":766,"url":"https:\/\/agenciainfra.com\/blog\/wp-content\/uploads\/2022\/07\/metro-belo-horizonte-foto-cbtu.jpeg","type":"image\/jpeg"}],"author":"Ag\u00eancia iNFRA","twitter_card":"summary_large_image","twitter_creator":"@agencia_infra","twitter_site":"@agencia_infra","twitter_misc":{"Escrito por":"Ag\u00eancia iNFRA","Est. tempo de leitura":"4 minutos"},"schema":{"@context":"https:\/\/schema.org","@graph":[{"@type":"Article","@id":"https:\/\/agenciainfra.com\/blog\/ampliacao-metroferroviaria-segue-em-ritmo-lento-aponta-balanco-da-anptrilhos\/#article","isPartOf":{"@id":"https:\/\/agenciainfra.com\/blog\/ampliacao-metroferroviaria-segue-em-ritmo-lento-aponta-balanco-da-anptrilhos\/"},"author":{"name":"Ag\u00eancia iNFRA","@id":"https:\/\/agenciainfra.com\/blog\/#\/schema\/person\/34af08dff6adea4cb22b06612ba7acfa"},"headline":"Amplia\u00e7\u00e3o metroferrovi\u00e1ria segue em ritmo lento, aponta balan\u00e7o da ANPTrilhos","datePublished":"2025-03-25T13:00:00+00:00","dateModified":"2025-03-25T19:23:21+00:00","mainEntityOfPage":{"@id":"https:\/\/agenciainfra.com\/blog\/ampliacao-metroferroviaria-segue-em-ritmo-lento-aponta-balanco-da-anptrilhos\/"},"wordCount":743,"publisher":{"@id":"https:\/\/agenciainfra.com\/blog\/#organization"},"image":{"@id":"https:\/\/agenciainfra.com\/blog\/ampliacao-metroferroviaria-segue-em-ritmo-lento-aponta-balanco-da-anptrilhos\/#primaryimage"},"thumbnailUrl":"https:\/\/agenciainfra.com\/blog\/wp-content\/uploads\/2022\/07\/metro-belo-horizonte-foto-cbtu.jpeg","keywords":["amplia\u00e7\u00e3o metroferrovi\u00e1ria","ANPTrilhos","balan\u00e7o metroferrovi\u00e1rio","Investimentos","transporte p\u00fablico","transportes","trens e metros"],"articleSection":["Destaque lista","Geral","iNFRATransporte"],"inLanguage":"pt-BR","copyrightYear":"2025","copyrightHolder":{"@id":"https:\/\/agenciainfra.com\/blog\/#organization"}},{"@type":"WebPage","@id":"https:\/\/agenciainfra.com\/blog\/ampliacao-metroferroviaria-segue-em-ritmo-lento-aponta-balanco-da-anptrilhos\/","url":"https:\/\/agenciainfra.com\/blog\/ampliacao-metroferroviaria-segue-em-ritmo-lento-aponta-balanco-da-anptrilhos\/","name":"Amplia\u00e7\u00e3o metroferrovi\u00e1ria segue em ritmo lento, aponta balan\u00e7o da ANPTrilhos - Ag\u00eancia iNFRA","isPartOf":{"@id":"https:\/\/agenciainfra.com\/blog\/#website"},"primaryImageOfPage":{"@id":"https:\/\/agenciainfra.com\/blog\/ampliacao-metroferroviaria-segue-em-ritmo-lento-aponta-balanco-da-anptrilhos\/#primaryimage"},"image":{"@id":"https:\/\/agenciainfra.com\/blog\/ampliacao-metroferroviaria-segue-em-ritmo-lento-aponta-balanco-da-anptrilhos\/#primaryimage"},"thumbnailUrl":"https:\/\/agenciainfra.com\/blog\/wp-content\/uploads\/2022\/07\/metro-belo-horizonte-foto-cbtu.jpeg","datePublished":"2025-03-25T13:00:00+00:00","dateModified":"2025-03-25T19:23:21+00:00","breadcrumb":{"@id":"https:\/\/agenciainfra.com\/blog\/ampliacao-metroferroviaria-segue-em-ritmo-lento-aponta-balanco-da-anptrilhos\/#breadcrumb"},"inLanguage":"pt-BR","potentialAction":[{"@type":"ReadAction","target":["https:\/\/agenciainfra.com\/blog\/ampliacao-metroferroviaria-segue-em-ritmo-lento-aponta-balanco-da-anptrilhos\/"]}]},{"@type":"ImageObject","inLanguage":"pt-BR","@id":"https:\/\/agenciainfra.com\/blog\/ampliacao-metroferroviaria-segue-em-ritmo-lento-aponta-balanco-da-anptrilhos\/#primaryimage","url":"https:\/\/agenciainfra.com\/blog\/wp-content\/uploads\/2022\/07\/metro-belo-horizonte-foto-cbtu.jpeg","contentUrl":"https:\/\/agenciainfra.com\/blog\/wp-content\/uploads\/2022\/07\/metro-belo-horizonte-foto-cbtu.jpeg","width":1280,"height":766,"caption":"Foto: CBTU"},{"@type":"BreadcrumbList","@id":"https:\/\/agenciainfra.com\/blog\/ampliacao-metroferroviaria-segue-em-ritmo-lento-aponta-balanco-da-anptrilhos\/#breadcrumb","itemListElement":[{"@type":"ListItem","position":1,"name":"In\u00edcio","item":"https:\/\/agenciainfra.com\/blog\/"},{"@type":"ListItem","position":2,"name":"Amplia\u00e7\u00e3o metroferrovi\u00e1ria segue em ritmo lento, aponta balan\u00e7o da ANPTrilhos"}]},{"@type":"WebSite","@id":"https:\/\/agenciainfra.com\/blog\/#website","url":"https:\/\/agenciainfra.com\/blog\/","name":"Ag\u00eancia iNFRA","description":"Multiplataforma de informa\u00e7\u00e3o jornal\u00edstica refer\u00eancia na \u00e1rea de infraestrutura no Brasil!","publisher":{"@id":"https:\/\/agenciainfra.com\/blog\/#organization"},"potentialAction":[{"@type":"SearchAction","target":{"@type":"EntryPoint","urlTemplate":"https:\/\/agenciainfra.com\/blog\/?s={search_term_string}"},"query-input":{"@type":"PropertyValueSpecification","valueRequired":true,"valueName":"search_term_string"}}],"inLanguage":"pt-BR"},{"@type":"Organization","@id":"https:\/\/agenciainfra.com\/blog\/#organization","name":"Ag\u00eancia iNFRA","url":"https:\/\/agenciainfra.com\/blog\/","logo":{"@type":"ImageObject","inLanguage":"pt-BR","@id":"https:\/\/agenciainfra.com\/blog\/#\/schema\/logo\/image\/","url":"https:\/\/agenciainfra.com\/blog\/wp-content\/uploads\/2023\/09\/iNFRA_5-e1761735885940.png","contentUrl":"https:\/\/agenciainfra.com\/blog\/wp-content\/uploads\/2023\/09\/iNFRA_5-e1761735885940.png","width":1672,"height":454,"caption":"Ag\u00eancia iNFRA"},"image":{"@id":"https:\/\/agenciainfra.com\/blog\/#\/schema\/logo\/image\/"},"sameAs":["https:\/\/www.facebook.com\/ageninfra","https:\/\/x.com\/agencia_infra","https:\/\/www.linkedin.com\/company\/ag\u00eanciainfra\/","https:\/\/www.instagram.com\/agenciainfra\/"]},{"@type":"Person","@id":"https:\/\/agenciainfra.com\/blog\/#\/schema\/person\/34af08dff6adea4cb22b06612ba7acfa","name":"Ag\u00eancia iNFRA","image":{"@type":"ImageObject","inLanguage":"pt-BR","@id":"https:\/\/agenciainfra.com\/blog\/#\/schema\/person\/image\/","url":"https:\/\/secure.gravatar.com\/avatar\/d189e01678f06d8eb84d4e01f08eb848b3fffe3f8443818d3c356c66892f5be8?s=96&d=mm&r=g","contentUrl":"https:\/\/secure.gravatar.com\/avatar\/d189e01678f06d8eb84d4e01f08eb848b3fffe3f8443818d3c356c66892f5be8?s=96&d=mm&r=g","caption":"Ag\u00eancia iNFRA"},"url":"https:\/\/agenciainfra.com\/blog\/author\/admin\/"}]}},"_links":{"self":[{"href":"https:\/\/agenciainfra.com\/blog\/wp-json\/wp\/v2\/posts\/20710","targetHints":{"allow":["GET"]}}],"collection":[{"href":"https:\/\/agenciainfra.com\/blog\/wp-json\/wp\/v2\/posts"}],"about":[{"href":"https:\/\/agenciainfra.com\/blog\/wp-json\/wp\/v2\/types\/post"}],"author":[{"embeddable":true,"href":"https:\/\/agenciainfra.com\/blog\/wp-json\/wp\/v2\/users\/1"}],"replies":[{"embeddable":true,"href":"https:\/\/agenciainfra.com\/blog\/wp-json\/wp\/v2\/comments?post=20710"}],"version-history":[{"count":3,"href":"https:\/\/agenciainfra.com\/blog\/wp-json\/wp\/v2\/posts\/20710\/revisions"}],"predecessor-version":[{"id":20714,"href":"https:\/\/agenciainfra.com\/blog\/wp-json\/wp\/v2\/posts\/20710\/revisions\/20714"}],"wp:featuredmedia":[{"embeddable":true,"href":"https:\/\/agenciainfra.com\/blog\/wp-json\/wp\/v2\/media\/10962"}],"wp:attachment":[{"href":"https:\/\/agenciainfra.com\/blog\/wp-json\/wp\/v2\/media?parent=20710"}],"wp:term":[{"taxonomy":"category","embeddable":true,"href":"https:\/\/agenciainfra.com\/blog\/wp-json\/wp\/v2\/categories?post=20710"},{"taxonomy":"post_tag","embeddable":true,"href":"https:\/\/agenciainfra.com\/blog\/wp-json\/wp\/v2\/tags?post=20710"}],"curies":[{"name":"wp","href":"https:\/\/api.w.org\/{rel}","templated":true}]}}