{"id":20715,"date":"2025-03-26T10:00:00","date_gmt":"2025-03-26T13:00:00","guid":{"rendered":"https:\/\/agenciainfra.com\/blog\/?p=20715"},"modified":"2025-03-26T07:03:25","modified_gmt":"2025-03-26T10:03:25","slug":"governo-do-para-realiza-leilao-de-concessao-de-saneamento-no-dia-11-de-abril","status":"publish","type":"post","link":"https:\/\/agenciainfra.com\/blog\/governo-do-para-realiza-leilao-de-concessao-de-saneamento-no-dia-11-de-abril\/","title":{"rendered":"Governo do Par\u00e1 realiza leil\u00e3o de concess\u00e3o de saneamento no dia 11 de abril"},"content":{"rendered":"\n<p class=\"has-text-align-right\"><strong>Paula Melissa, da Ag\u00eancia iNFRA<\/strong><\/p>\n\n\n\n<p>O Governo do Par\u00e1 realiza no pr\u00f3ximo dia 11 de abril leil\u00e3o para a concess\u00e3o regionalizada dos servi\u00e7os de saneamento b\u00e1sico em 126 dos 144 munic\u00edpios do estado. O certame, que ser\u00e1 realizado na B3, em S\u00e3o Paulo,&nbsp;prev\u00ea um investimento de R$ 18,8 bilh\u00f5es, com o objetivo de universalizar o abastecimento de \u00e1gua at\u00e9 2033, e o esgotamento sanit\u00e1rio at\u00e9 2039.&nbsp;<\/p>\n\n\n\n<p>A concess\u00e3o dos servi\u00e7os ser\u00e1 distribu\u00edda por cidades divididas em quatro blocos, denominados A, B, C e D. O crit\u00e9rio para vencer o leil\u00e3o ser\u00e1 o de maior valor de outorga fixa. O Bloco A, que abrange munic\u00edpios da Regi\u00e3o Metropolitana de Bel\u00e9m, tem o valor m\u00ednimo de R$ 1,042 bilh\u00e3o. Para os demais blocos, os valores s\u00e3o menores, sendo R$ 19 milh\u00f5es para o Bloco B, R$ 400 milh\u00f5es para o Bloco C e R$ 34 milh\u00f5es para o Bloco D.&nbsp;<\/p>\n\n\n\n<p>No Bloco A, o edital exige ainda o pagamento de uma outorga vari\u00e1vel, que deve ser parcialmente destinada ao custeio das tarifas sociais para fam\u00edlias de baixa renda. Al\u00e9m disso, a universaliza\u00e7\u00e3o do esgotamento sanit\u00e1rio dever\u00e1 ser atingida em 90% tamb\u00e9m em 2033,&nbsp;diferentemente dos demais blocos, que devem alcan\u00e7\u00e1-la em 2039. A&nbsp;expectativa \u00e9 que o atendimento de&nbsp;abastecimento da \u00e1gua chegue em 99% em todos os blocos at\u00e9 2033.<\/p>\n\n\n\n<p><strong>Inclus\u00e3o social&nbsp;<\/strong><br>Uma das diretrizes da licita\u00e7\u00e3o \u00e9 garantir que 30% dos usu\u00e1rios da concess\u00e3o tenham acesso \u00e0 tarifa social, com um desconto de 50% na tarifa residencial para consumo de at\u00e9 15 metros c\u00fabicos por m\u00eas. Acesse os documentos do edital&nbsp;<a href=\"https:\/\/agenciainfra.us14.list-manage.com\/track\/click?u=d460dd1bcf9ba0ae040e1fc0f&amp;id=0e554bd26e&amp;e=55b7a27fc9\" target=\"_blank\" rel=\"noreferrer noopener\">neste link<\/a>.<\/p>\n","protected":false},"excerpt":{"rendered":"<p>Paula Melissa, da Ag\u00eancia iNFRA O Governo do Par\u00e1 realiza no pr\u00f3ximo dia 11 de abril leil\u00e3o para a concess\u00e3o regionalizada dos servi\u00e7os de saneamento b\u00e1sico em 126 dos 144 munic\u00edpios do estado. O certame, que ser\u00e1 realizado na B3, em S\u00e3o Paulo,&nbsp;prev\u00ea um investimento de R$ 18,8 bilh\u00f5es, com o objetivo de universalizar o [&hellip;]<\/p>\n","protected":false},"author":1,"featured_media":20599,"comment_status":"closed","ping_status":"closed","sticky":false,"template":"","format":"standard","meta":{"_monsterinsights_skip_tracking":false,"_monsterinsights_sitenote_active":false,"_monsterinsights_sitenote_note":"","_monsterinsights_sitenote_category":0,"footnotes":""},"categories":[7250,1,7827],"tags":[12869,78,3010,32,254,179,73,12870,8081],"class_list":["post-20715","post","type-post","status-publish","format-standard","has-post-thumbnail","hentry","category-destaque-lista","category-geral","category-infrasaneamento","tag-concessao-de-saneamento","tag-concessoes","tag-esgotamento-sanitario","tag-investimentos","tag-leilao","tag-saneamento","tag-saneamento-basico","tag-saneamento-no-para","tag-universalizacao-do-saneamento"],"yoast_head":"<!-- This site is optimized with the Yoast SEO Premium plugin v25.4 (Yoast SEO v26.0) - https:\/\/yoast.com\/wordpress\/plugins\/seo\/ -->\n<title>Governo do Par\u00e1 realiza leil\u00e3o de concess\u00e3o de saneamento no dia 11 de abril - Ag\u00eancia iNFRA<\/title>\n<meta name=\"robots\" content=\"index, follow, max-snippet:-1, max-image-preview:large, max-video-preview:-1\" \/>\n<link rel=\"canonical\" href=\"https:\/\/agenciainfra.com\/blog\/governo-do-para-realiza-leilao-de-concessao-de-saneamento-no-dia-11-de-abril\/\" \/>\n<meta property=\"og:locale\" content=\"pt_BR\" \/>\n<meta property=\"og:type\" content=\"article\" \/>\n<meta property=\"og:title\" content=\"Governo do Par\u00e1 realiza leil\u00e3o de concess\u00e3o de saneamento no dia 11 de abril\" \/>\n<meta property=\"og:description\" content=\"Paula Melissa, da Ag\u00eancia iNFRA O Governo do Par\u00e1 realiza no pr\u00f3ximo dia 11 de abril leil\u00e3o para a concess\u00e3o regionalizada dos servi\u00e7os de saneamento b\u00e1sico em 126 dos 144 munic\u00edpios do estado. O certame, que ser\u00e1 realizado na B3, em S\u00e3o Paulo,&nbsp;prev\u00ea um investimento de R$ 18,8 bilh\u00f5es, com o objetivo de universalizar o [&hellip;]\" \/>\n<meta property=\"og:url\" content=\"https:\/\/agenciainfra.com\/blog\/governo-do-para-realiza-leilao-de-concessao-de-saneamento-no-dia-11-de-abril\/\" \/>\n<meta property=\"og:site_name\" content=\"Ag\u00eancia iNFRA\" \/>\n<meta property=\"article:publisher\" content=\"https:\/\/www.facebook.com\/ageninfra\" \/>\n<meta property=\"article:published_time\" content=\"2025-03-26T13:00:00+00:00\" \/>\n<meta property=\"og:image\" content=\"https:\/\/agenciainfra.com\/blog\/wp-content\/uploads\/2025\/03\/saneamento-agua-foto-governo-federal-1024x680-1.jpeg\" \/>\n\t<meta property=\"og:image:width\" content=\"1024\" \/>\n\t<meta property=\"og:image:height\" content=\"680\" \/>\n\t<meta property=\"og:image:type\" content=\"image\/jpeg\" \/>\n<meta name=\"author\" content=\"Ag\u00eancia iNFRA\" \/>\n<meta name=\"twitter:card\" content=\"summary_large_image\" \/>\n<meta name=\"twitter:creator\" content=\"@agencia_infra\" \/>\n<meta name=\"twitter:site\" content=\"@agencia_infra\" \/>\n<meta name=\"twitter:label1\" content=\"Escrito por\" \/>\n\t<meta name=\"twitter:data1\" content=\"Ag\u00eancia iNFRA\" \/>\n\t<meta name=\"twitter:label2\" content=\"Est. tempo de leitura\" \/>\n\t<meta name=\"twitter:data2\" content=\"1 minuto\" \/>\n<script type=\"application\/ld+json\" class=\"yoast-schema-graph\">{\"@context\":\"https:\/\/schema.org\",\"@graph\":[{\"@type\":\"Article\",\"@id\":\"https:\/\/agenciainfra.com\/blog\/governo-do-para-realiza-leilao-de-concessao-de-saneamento-no-dia-11-de-abril\/#article\",\"isPartOf\":{\"@id\":\"https:\/\/agenciainfra.com\/blog\/governo-do-para-realiza-leilao-de-concessao-de-saneamento-no-dia-11-de-abril\/\"},\"author\":{\"name\":\"Ag\u00eancia iNFRA\",\"@id\":\"https:\/\/agenciainfra.com\/blog\/#\/schema\/person\/34af08dff6adea4cb22b06612ba7acfa\"},\"headline\":\"Governo do Par\u00e1 realiza leil\u00e3o de concess\u00e3o de saneamento no dia 11 de abril\",\"datePublished\":\"2025-03-26T13:00:00+00:00\",\"mainEntityOfPage\":{\"@id\":\"https:\/\/agenciainfra.com\/blog\/governo-do-para-realiza-leilao-de-concessao-de-saneamento-no-dia-11-de-abril\/\"},\"wordCount\":303,\"publisher\":{\"@id\":\"https:\/\/agenciainfra.com\/blog\/#organization\"},\"image\":{\"@id\":\"https:\/\/agenciainfra.com\/blog\/governo-do-para-realiza-leilao-de-concessao-de-saneamento-no-dia-11-de-abril\/#primaryimage\"},\"thumbnailUrl\":\"https:\/\/agenciainfra.com\/blog\/wp-content\/uploads\/2025\/03\/saneamento-agua-foto-governo-federal-1024x680-1.jpeg\",\"keywords\":[\"concess\u00e3o de saneamento\",\"concess\u00f5es\",\"esgotamento sanit\u00e1rio\",\"Investimentos\",\"leil\u00e3o\",\"saneamento\",\"Saneamento B\u00e1sico\",\"saneamento no par\u00e1\",\"Universaliza\u00e7\u00e3o do Saneamento\"],\"articleSection\":[\"Destaque lista\",\"Geral\",\"iNFRASaneamento\"],\"inLanguage\":\"pt-BR\",\"copyrightYear\":\"2025\",\"copyrightHolder\":{\"@id\":\"https:\/\/agenciainfra.com\/blog\/#organization\"}},{\"@type\":\"WebPage\",\"@id\":\"https:\/\/agenciainfra.com\/blog\/governo-do-para-realiza-leilao-de-concessao-de-saneamento-no-dia-11-de-abril\/\",\"url\":\"https:\/\/agenciainfra.com\/blog\/governo-do-para-realiza-leilao-de-concessao-de-saneamento-no-dia-11-de-abril\/\",\"name\":\"Governo do Par\u00e1 realiza leil\u00e3o de concess\u00e3o de saneamento no dia 11 de abril - Ag\u00eancia iNFRA\",\"isPartOf\":{\"@id\":\"https:\/\/agenciainfra.com\/blog\/#website\"},\"primaryImageOfPage\":{\"@id\":\"https:\/\/agenciainfra.com\/blog\/governo-do-para-realiza-leilao-de-concessao-de-saneamento-no-dia-11-de-abril\/#primaryimage\"},\"image\":{\"@id\":\"https:\/\/agenciainfra.com\/blog\/governo-do-para-realiza-leilao-de-concessao-de-saneamento-no-dia-11-de-abril\/#primaryimage\"},\"thumbnailUrl\":\"https:\/\/agenciainfra.com\/blog\/wp-content\/uploads\/2025\/03\/saneamento-agua-foto-governo-federal-1024x680-1.jpeg\",\"datePublished\":\"2025-03-26T13:00:00+00:00\",\"breadcrumb\":{\"@id\":\"https:\/\/agenciainfra.com\/blog\/governo-do-para-realiza-leilao-de-concessao-de-saneamento-no-dia-11-de-abril\/#breadcrumb\"},\"inLanguage\":\"pt-BR\",\"potentialAction\":[{\"@type\":\"ReadAction\",\"target\":[\"https:\/\/agenciainfra.com\/blog\/governo-do-para-realiza-leilao-de-concessao-de-saneamento-no-dia-11-de-abril\/\"]}]},{\"@type\":\"ImageObject\",\"inLanguage\":\"pt-BR\",\"@id\":\"https:\/\/agenciainfra.com\/blog\/governo-do-para-realiza-leilao-de-concessao-de-saneamento-no-dia-11-de-abril\/#primaryimage\",\"url\":\"https:\/\/agenciainfra.com\/blog\/wp-content\/uploads\/2025\/03\/saneamento-agua-foto-governo-federal-1024x680-1.jpeg\",\"contentUrl\":\"https:\/\/agenciainfra.com\/blog\/wp-content\/uploads\/2025\/03\/saneamento-agua-foto-governo-federal-1024x680-1.jpeg\",\"width\":1024,\"height\":680,\"caption\":\"Foto: Governo Federal\"},{\"@type\":\"BreadcrumbList\",\"@id\":\"https:\/\/agenciainfra.com\/blog\/governo-do-para-realiza-leilao-de-concessao-de-saneamento-no-dia-11-de-abril\/#breadcrumb\",\"itemListElement\":[{\"@type\":\"ListItem\",\"position\":1,\"name\":\"In\u00edcio\",\"item\":\"https:\/\/agenciainfra.com\/blog\/\"},{\"@type\":\"ListItem\",\"position\":2,\"name\":\"Governo do Par\u00e1 realiza leil\u00e3o de concess\u00e3o de saneamento no dia 11 de abril\"}]},{\"@type\":\"WebSite\",\"@id\":\"https:\/\/agenciainfra.com\/blog\/#website\",\"url\":\"https:\/\/agenciainfra.com\/blog\/\",\"name\":\"Ag\u00eancia iNFRA\",\"description\":\"Multiplataforma de informa\u00e7\u00e3o jornal\u00edstica refer\u00eancia na \u00e1rea de infraestrutura no Brasil!\",\"publisher\":{\"@id\":\"https:\/\/agenciainfra.com\/blog\/#organization\"},\"potentialAction\":[{\"@type\":\"SearchAction\",\"target\":{\"@type\":\"EntryPoint\",\"urlTemplate\":\"https:\/\/agenciainfra.com\/blog\/?s={search_term_string}\"},\"query-input\":{\"@type\":\"PropertyValueSpecification\",\"valueRequired\":true,\"valueName\":\"search_term_string\"}}],\"inLanguage\":\"pt-BR\"},{\"@type\":\"Organization\",\"@id\":\"https:\/\/agenciainfra.com\/blog\/#organization\",\"name\":\"Ag\u00eancia iNFRA\",\"url\":\"https:\/\/agenciainfra.com\/blog\/\",\"logo\":{\"@type\":\"ImageObject\",\"inLanguage\":\"pt-BR\",\"@id\":\"https:\/\/agenciainfra.com\/blog\/#\/schema\/logo\/image\/\",\"url\":\"https:\/\/agenciainfra.com\/blog\/wp-content\/uploads\/2023\/09\/iNFRA_5-e1761735885940.png\",\"contentUrl\":\"https:\/\/agenciainfra.com\/blog\/wp-content\/uploads\/2023\/09\/iNFRA_5-e1761735885940.png\",\"width\":1672,\"height\":454,\"caption\":\"Ag\u00eancia iNFRA\"},\"image\":{\"@id\":\"https:\/\/agenciainfra.com\/blog\/#\/schema\/logo\/image\/\"},\"sameAs\":[\"https:\/\/www.facebook.com\/ageninfra\",\"https:\/\/x.com\/agencia_infra\",\"https:\/\/www.linkedin.com\/company\/ag\u00eanciainfra\/\",\"https:\/\/www.instagram.com\/agenciainfra\/\"]},{\"@type\":\"Person\",\"@id\":\"https:\/\/agenciainfra.com\/blog\/#\/schema\/person\/34af08dff6adea4cb22b06612ba7acfa\",\"name\":\"Ag\u00eancia iNFRA\",\"image\":{\"@type\":\"ImageObject\",\"inLanguage\":\"pt-BR\",\"@id\":\"https:\/\/agenciainfra.com\/blog\/#\/schema\/person\/image\/\",\"url\":\"https:\/\/secure.gravatar.com\/avatar\/d189e01678f06d8eb84d4e01f08eb848b3fffe3f8443818d3c356c66892f5be8?s=96&d=mm&r=g\",\"contentUrl\":\"https:\/\/secure.gravatar.com\/avatar\/d189e01678f06d8eb84d4e01f08eb848b3fffe3f8443818d3c356c66892f5be8?s=96&d=mm&r=g\",\"caption\":\"Ag\u00eancia iNFRA\"},\"url\":\"https:\/\/agenciainfra.com\/blog\/author\/admin\/\"}]}<\/script>\n<!-- \/ Yoast SEO Premium plugin. -->","yoast_head_json":{"title":"Governo do Par\u00e1 realiza leil\u00e3o de concess\u00e3o de saneamento no dia 11 de abril - Ag\u00eancia iNFRA","robots":{"index":"index","follow":"follow","max-snippet":"max-snippet:-1","max-image-preview":"max-image-preview:large","max-video-preview":"max-video-preview:-1"},"canonical":"https:\/\/agenciainfra.com\/blog\/governo-do-para-realiza-leilao-de-concessao-de-saneamento-no-dia-11-de-abril\/","og_locale":"pt_BR","og_type":"article","og_title":"Governo do Par\u00e1 realiza leil\u00e3o de concess\u00e3o de saneamento no dia 11 de abril","og_description":"Paula Melissa, da Ag\u00eancia iNFRA O Governo do Par\u00e1 realiza no pr\u00f3ximo dia 11 de abril leil\u00e3o para a concess\u00e3o regionalizada dos servi\u00e7os de saneamento b\u00e1sico em 126 dos 144 munic\u00edpios do estado. O certame, que ser\u00e1 realizado na B3, em S\u00e3o Paulo,&nbsp;prev\u00ea um investimento de R$ 18,8 bilh\u00f5es, com o objetivo de universalizar o [&hellip;]","og_url":"https:\/\/agenciainfra.com\/blog\/governo-do-para-realiza-leilao-de-concessao-de-saneamento-no-dia-11-de-abril\/","og_site_name":"Ag\u00eancia iNFRA","article_publisher":"https:\/\/www.facebook.com\/ageninfra","article_published_time":"2025-03-26T13:00:00+00:00","og_image":[{"width":1024,"height":680,"url":"https:\/\/agenciainfra.com\/blog\/wp-content\/uploads\/2025\/03\/saneamento-agua-foto-governo-federal-1024x680-1.jpeg","type":"image\/jpeg"}],"author":"Ag\u00eancia iNFRA","twitter_card":"summary_large_image","twitter_creator":"@agencia_infra","twitter_site":"@agencia_infra","twitter_misc":{"Escrito por":"Ag\u00eancia iNFRA","Est. tempo de leitura":"1 minuto"},"schema":{"@context":"https:\/\/schema.org","@graph":[{"@type":"Article","@id":"https:\/\/agenciainfra.com\/blog\/governo-do-para-realiza-leilao-de-concessao-de-saneamento-no-dia-11-de-abril\/#article","isPartOf":{"@id":"https:\/\/agenciainfra.com\/blog\/governo-do-para-realiza-leilao-de-concessao-de-saneamento-no-dia-11-de-abril\/"},"author":{"name":"Ag\u00eancia iNFRA","@id":"https:\/\/agenciainfra.com\/blog\/#\/schema\/person\/34af08dff6adea4cb22b06612ba7acfa"},"headline":"Governo do Par\u00e1 realiza leil\u00e3o de concess\u00e3o de saneamento no dia 11 de abril","datePublished":"2025-03-26T13:00:00+00:00","mainEntityOfPage":{"@id":"https:\/\/agenciainfra.com\/blog\/governo-do-para-realiza-leilao-de-concessao-de-saneamento-no-dia-11-de-abril\/"},"wordCount":303,"publisher":{"@id":"https:\/\/agenciainfra.com\/blog\/#organization"},"image":{"@id":"https:\/\/agenciainfra.com\/blog\/governo-do-para-realiza-leilao-de-concessao-de-saneamento-no-dia-11-de-abril\/#primaryimage"},"thumbnailUrl":"https:\/\/agenciainfra.com\/blog\/wp-content\/uploads\/2025\/03\/saneamento-agua-foto-governo-federal-1024x680-1.jpeg","keywords":["concess\u00e3o de saneamento","concess\u00f5es","esgotamento sanit\u00e1rio","Investimentos","leil\u00e3o","saneamento","Saneamento B\u00e1sico","saneamento no par\u00e1","Universaliza\u00e7\u00e3o do Saneamento"],"articleSection":["Destaque lista","Geral","iNFRASaneamento"],"inLanguage":"pt-BR","copyrightYear":"2025","copyrightHolder":{"@id":"https:\/\/agenciainfra.com\/blog\/#organization"}},{"@type":"WebPage","@id":"https:\/\/agenciainfra.com\/blog\/governo-do-para-realiza-leilao-de-concessao-de-saneamento-no-dia-11-de-abril\/","url":"https:\/\/agenciainfra.com\/blog\/governo-do-para-realiza-leilao-de-concessao-de-saneamento-no-dia-11-de-abril\/","name":"Governo do Par\u00e1 realiza leil\u00e3o de concess\u00e3o de saneamento no dia 11 de abril - Ag\u00eancia iNFRA","isPartOf":{"@id":"https:\/\/agenciainfra.com\/blog\/#website"},"primaryImageOfPage":{"@id":"https:\/\/agenciainfra.com\/blog\/governo-do-para-realiza-leilao-de-concessao-de-saneamento-no-dia-11-de-abril\/#primaryimage"},"image":{"@id":"https:\/\/agenciainfra.com\/blog\/governo-do-para-realiza-leilao-de-concessao-de-saneamento-no-dia-11-de-abril\/#primaryimage"},"thumbnailUrl":"https:\/\/agenciainfra.com\/blog\/wp-content\/uploads\/2025\/03\/saneamento-agua-foto-governo-federal-1024x680-1.jpeg","datePublished":"2025-03-26T13:00:00+00:00","breadcrumb":{"@id":"https:\/\/agenciainfra.com\/blog\/governo-do-para-realiza-leilao-de-concessao-de-saneamento-no-dia-11-de-abril\/#breadcrumb"},"inLanguage":"pt-BR","potentialAction":[{"@type":"ReadAction","target":["https:\/\/agenciainfra.com\/blog\/governo-do-para-realiza-leilao-de-concessao-de-saneamento-no-dia-11-de-abril\/"]}]},{"@type":"ImageObject","inLanguage":"pt-BR","@id":"https:\/\/agenciainfra.com\/blog\/governo-do-para-realiza-leilao-de-concessao-de-saneamento-no-dia-11-de-abril\/#primaryimage","url":"https:\/\/agenciainfra.com\/blog\/wp-content\/uploads\/2025\/03\/saneamento-agua-foto-governo-federal-1024x680-1.jpeg","contentUrl":"https:\/\/agenciainfra.com\/blog\/wp-content\/uploads\/2025\/03\/saneamento-agua-foto-governo-federal-1024x680-1.jpeg","width":1024,"height":680,"caption":"Foto: Governo Federal"},{"@type":"BreadcrumbList","@id":"https:\/\/agenciainfra.com\/blog\/governo-do-para-realiza-leilao-de-concessao-de-saneamento-no-dia-11-de-abril\/#breadcrumb","itemListElement":[{"@type":"ListItem","position":1,"name":"In\u00edcio","item":"https:\/\/agenciainfra.com\/blog\/"},{"@type":"ListItem","position":2,"name":"Governo do Par\u00e1 realiza leil\u00e3o de concess\u00e3o de saneamento no dia 11 de abril"}]},{"@type":"WebSite","@id":"https:\/\/agenciainfra.com\/blog\/#website","url":"https:\/\/agenciainfra.com\/blog\/","name":"Ag\u00eancia iNFRA","description":"Multiplataforma de informa\u00e7\u00e3o jornal\u00edstica refer\u00eancia na \u00e1rea de infraestrutura no Brasil!","publisher":{"@id":"https:\/\/agenciainfra.com\/blog\/#organization"},"potentialAction":[{"@type":"SearchAction","target":{"@type":"EntryPoint","urlTemplate":"https:\/\/agenciainfra.com\/blog\/?s={search_term_string}"},"query-input":{"@type":"PropertyValueSpecification","valueRequired":true,"valueName":"search_term_string"}}],"inLanguage":"pt-BR"},{"@type":"Organization","@id":"https:\/\/agenciainfra.com\/blog\/#organization","name":"Ag\u00eancia iNFRA","url":"https:\/\/agenciainfra.com\/blog\/","logo":{"@type":"ImageObject","inLanguage":"pt-BR","@id":"https:\/\/agenciainfra.com\/blog\/#\/schema\/logo\/image\/","url":"https:\/\/agenciainfra.com\/blog\/wp-content\/uploads\/2023\/09\/iNFRA_5-e1761735885940.png","contentUrl":"https:\/\/agenciainfra.com\/blog\/wp-content\/uploads\/2023\/09\/iNFRA_5-e1761735885940.png","width":1672,"height":454,"caption":"Ag\u00eancia iNFRA"},"image":{"@id":"https:\/\/agenciainfra.com\/blog\/#\/schema\/logo\/image\/"},"sameAs":["https:\/\/www.facebook.com\/ageninfra","https:\/\/x.com\/agencia_infra","https:\/\/www.linkedin.com\/company\/ag\u00eanciainfra\/","https:\/\/www.instagram.com\/agenciainfra\/"]},{"@type":"Person","@id":"https:\/\/agenciainfra.com\/blog\/#\/schema\/person\/34af08dff6adea4cb22b06612ba7acfa","name":"Ag\u00eancia iNFRA","image":{"@type":"ImageObject","inLanguage":"pt-BR","@id":"https:\/\/agenciainfra.com\/blog\/#\/schema\/person\/image\/","url":"https:\/\/secure.gravatar.com\/avatar\/d189e01678f06d8eb84d4e01f08eb848b3fffe3f8443818d3c356c66892f5be8?s=96&d=mm&r=g","contentUrl":"https:\/\/secure.gravatar.com\/avatar\/d189e01678f06d8eb84d4e01f08eb848b3fffe3f8443818d3c356c66892f5be8?s=96&d=mm&r=g","caption":"Ag\u00eancia iNFRA"},"url":"https:\/\/agenciainfra.com\/blog\/author\/admin\/"}]}},"_links":{"self":[{"href":"https:\/\/agenciainfra.com\/blog\/wp-json\/wp\/v2\/posts\/20715","targetHints":{"allow":["GET"]}}],"collection":[{"href":"https:\/\/agenciainfra.com\/blog\/wp-json\/wp\/v2\/posts"}],"about":[{"href":"https:\/\/agenciainfra.com\/blog\/wp-json\/wp\/v2\/types\/post"}],"author":[{"embeddable":true,"href":"https:\/\/agenciainfra.com\/blog\/wp-json\/wp\/v2\/users\/1"}],"replies":[{"embeddable":true,"href":"https:\/\/agenciainfra.com\/blog\/wp-json\/wp\/v2\/comments?post=20715"}],"version-history":[{"count":1,"href":"https:\/\/agenciainfra.com\/blog\/wp-json\/wp\/v2\/posts\/20715\/revisions"}],"predecessor-version":[{"id":20716,"href":"https:\/\/agenciainfra.com\/blog\/wp-json\/wp\/v2\/posts\/20715\/revisions\/20716"}],"wp:featuredmedia":[{"embeddable":true,"href":"https:\/\/agenciainfra.com\/blog\/wp-json\/wp\/v2\/media\/20599"}],"wp:attachment":[{"href":"https:\/\/agenciainfra.com\/blog\/wp-json\/wp\/v2\/media?parent=20715"}],"wp:term":[{"taxonomy":"category","embeddable":true,"href":"https:\/\/agenciainfra.com\/blog\/wp-json\/wp\/v2\/categories?post=20715"},{"taxonomy":"post_tag","embeddable":true,"href":"https:\/\/agenciainfra.com\/blog\/wp-json\/wp\/v2\/tags?post=20715"}],"curies":[{"name":"wp","href":"https:\/\/api.w.org\/{rel}","templated":true}]}}