{"id":20719,"date":"2025-03-26T08:00:00","date_gmt":"2025-03-26T11:00:00","guid":{"rendered":"https:\/\/agenciainfra.com\/blog\/?p=20719"},"modified":"2025-03-26T07:10:35","modified_gmt":"2025-03-26T10:10:35","slug":"aneel-pede-ao-mme-ajuste-de-calendario-para-comportar-os-seis-leiloes-previstos-para-2025","status":"publish","type":"post","link":"https:\/\/agenciainfra.com\/blog\/aneel-pede-ao-mme-ajuste-de-calendario-para-comportar-os-seis-leiloes-previstos-para-2025\/","title":{"rendered":"ANEEL pede ao MME ajuste de calend\u00e1rio para comportar os seis leil\u00f5es previstos para 2025"},"content":{"rendered":"\n<p class=\"has-text-align-right\"><strong>Marisa Wanzeller e Geraldo Campos Jr., da Ag\u00eancia iNFRA<\/strong><\/p>\n\n\n\n<p>O diretor-geral da ANEEL (Ag\u00eancia Nacional de Energia El\u00e9trica), Sandoval Feitosa, disse nesta ter\u00e7a-feira (25) que a ag\u00eancia solicitou ao MME (Minist\u00e9rio de Minas e Energia) ajustes no calend\u00e1rio de leil\u00f5es de 2025. A ideia \u00e9 que as datas sejam mais espa\u00e7adas para garantir maior \u201cf\u00f4lego\u201d para prepara\u00e7\u00e3o dos seis certames programados para o ano, informou \u00e0 imprensa ap\u00f3s reuni\u00e3o da diretoria.&nbsp;<\/p>\n\n\n\n<p>Para este ano est\u00e3o previstos os seguintes leil\u00f5es: 1) de transmiss\u00e3o; 2) LRCAP (Reserva de Capacidade); 3) de baterias; 4) A-5 voltado para pequenas hidrel\u00e9tricas; 5) sistemas isolados e 6) de energia existente A-1, A-2 e A-3. A maioria deve se concentrar no segundo semestre e isso prejudicaria o calend\u00e1rio.<\/p>\n\n\n\n<p>Segundo Feitosa, seria necess\u00e1rio um espa\u00e7amento entre os leil\u00f5es de 15 a 20 dias para conseguir acomodar todos os certames. Ele disse que o secret\u00e1rio de Planejamento e Transi\u00e7\u00e3o Energ\u00e9tica do MME, Thiago Barral, mostrou-se receptivo ao pleito \u201cpara que n\u00e3o haja o comprometimento das atividades e tampouco da qualidade\u201d.<\/p>\n\n\n\n<p>\u201cS\u00e3o altera\u00e7\u00f5es pequenas, porque a quantidade de leil\u00f5es n\u00e3o \u00e9 muito o problema. O problema \u00e9 que neste ano n\u00f3s vamos fazer dois leil\u00f5es bem diferentes: o leil\u00e3o de baterias, que \u00e9 um leil\u00e3o novo, e o LRCAP, que \u00e9 um leil\u00e3o diferente. Ent\u00e3o a gente pede normalmente pelo menos 30 dias entre um leil\u00e3o e outro. E ali no final do ano n\u00f3s estar\u00edamos acumulando muitos leil\u00f5es\u201d, disse o diretor-geral.<\/p>\n\n\n\n<p><strong>Datas previstas<\/strong><br>O leil\u00e3o de reserva de capacidade est\u00e1 programado para o dia 27 de junho. Os demais devem ser realizados no segundo semestre.<\/p>\n\n\n\n<p>O A-5 teve proposta de edital aprovada nesta ter\u00e7a-feira\u00a0pela diretoria da ANEEL, que agora ser\u00e1 submetida a consulta p\u00fablica at\u00e9 12 de maio. A data do certame est\u00e1 prevista para 22 de agosto.<\/p>\n\n\n\n<p>Segundo Sandoval, no rito ideal para realiza\u00e7\u00e3o dos leil\u00f5es, a ag\u00eancia contaria com 105 dias entre a publica\u00e7\u00e3o da portaria com diretrizes pelo MME e a data do certame: 45 dias em consulta p\u00fablica e mais 30 dias para an\u00e1lise das contribui\u00e7\u00f5es e aprova\u00e7\u00e3o do edital na ANEEL. Ap\u00f3s isso, \u00e9 preciso mais 30 dias para que ocorra o leil\u00e3o.<\/p>\n","protected":false},"excerpt":{"rendered":"<p>Marisa Wanzeller e Geraldo Campos Jr., da Ag\u00eancia iNFRA O diretor-geral da ANEEL (Ag\u00eancia Nacional de Energia El\u00e9trica), Sandoval Feitosa, disse nesta ter\u00e7a-feira (25) que a ag\u00eancia solicitou ao MME (Minist\u00e9rio de Minas e Energia) ajustes no calend\u00e1rio de leil\u00f5es de 2025. A ideia \u00e9 que as datas sejam mais espa\u00e7adas para garantir maior \u201cf\u00f4lego\u201d [&hellip;]<\/p>\n","protected":false},"author":1,"featured_media":10230,"comment_status":"closed","ping_status":"closed","sticky":false,"template":"","format":"standard","meta":{"_monsterinsights_skip_tracking":false,"_monsterinsights_sitenote_active":false,"_monsterinsights_sitenote_note":"","_monsterinsights_sitenote_category":0,"footnotes":""},"categories":[7250,1,10],"tags":[53,12873,11594,844,9822,7366,71,12468],"class_list":["post-20719","post","type-post","status-publish","format-standard","has-post-thumbnail","hentry","category-destaque-lista","category-geral","category-infraenergia","tag-aneel","tag-calendario-de-leiloes","tag-geraldo-campos-jr","tag-leiloes-de-energia","tag-lrcap","tag-marisa-wanzeller","tag-mme","tag-sandoval-feitosa-aneel"],"yoast_head":"<!-- This site is optimized with the Yoast SEO Premium plugin v25.4 (Yoast SEO v26.0) - https:\/\/yoast.com\/wordpress\/plugins\/seo\/ -->\n<title>ANEEL pede ao MME ajuste de calend\u00e1rio para comportar os seis leil\u00f5es previstos para 2025 - Ag\u00eancia iNFRA<\/title>\n<meta name=\"robots\" content=\"index, follow, max-snippet:-1, max-image-preview:large, max-video-preview:-1\" \/>\n<link rel=\"canonical\" href=\"https:\/\/agenciainfra.com\/blog\/aneel-pede-ao-mme-ajuste-de-calendario-para-comportar-os-seis-leiloes-previstos-para-2025\/\" \/>\n<meta property=\"og:locale\" content=\"pt_BR\" \/>\n<meta property=\"og:type\" content=\"article\" \/>\n<meta property=\"og:title\" content=\"ANEEL pede ao MME ajuste de calend\u00e1rio para comportar os seis leil\u00f5es previstos para 2025\" \/>\n<meta property=\"og:description\" content=\"Marisa Wanzeller e Geraldo Campos Jr., da Ag\u00eancia iNFRA O diretor-geral da ANEEL (Ag\u00eancia Nacional de Energia El\u00e9trica), Sandoval Feitosa, disse nesta ter\u00e7a-feira (25) que a ag\u00eancia solicitou ao MME (Minist\u00e9rio de Minas e Energia) ajustes no calend\u00e1rio de leil\u00f5es de 2025. A ideia \u00e9 que as datas sejam mais espa\u00e7adas para garantir maior \u201cf\u00f4lego\u201d [&hellip;]\" \/>\n<meta property=\"og:url\" content=\"https:\/\/agenciainfra.com\/blog\/aneel-pede-ao-mme-ajuste-de-calendario-para-comportar-os-seis-leiloes-previstos-para-2025\/\" \/>\n<meta property=\"og:site_name\" content=\"Ag\u00eancia iNFRA\" \/>\n<meta property=\"article:publisher\" content=\"https:\/\/www.facebook.com\/ageninfra\" \/>\n<meta property=\"article:published_time\" content=\"2025-03-26T11:00:00+00:00\" \/>\n<meta property=\"og:image\" content=\"https:\/\/agenciainfra.com\/blog\/wp-content\/uploads\/2022\/05\/energia-eletrica-lampada-foto-dominio-publico.jpg\" \/>\n\t<meta property=\"og:image:width\" content=\"1920\" \/>\n\t<meta property=\"og:image:height\" content=\"1084\" \/>\n\t<meta property=\"og:image:type\" content=\"image\/jpeg\" \/>\n<meta name=\"author\" content=\"Ag\u00eancia iNFRA\" \/>\n<meta name=\"twitter:card\" content=\"summary_large_image\" \/>\n<meta name=\"twitter:creator\" content=\"@agencia_infra\" \/>\n<meta name=\"twitter:site\" content=\"@agencia_infra\" \/>\n<meta name=\"twitter:label1\" content=\"Escrito por\" \/>\n\t<meta name=\"twitter:data1\" content=\"Ag\u00eancia iNFRA\" \/>\n\t<meta name=\"twitter:label2\" content=\"Est. tempo de leitura\" \/>\n\t<meta name=\"twitter:data2\" content=\"2 minutos\" \/>\n<script type=\"application\/ld+json\" class=\"yoast-schema-graph\">{\"@context\":\"https:\/\/schema.org\",\"@graph\":[{\"@type\":\"Article\",\"@id\":\"https:\/\/agenciainfra.com\/blog\/aneel-pede-ao-mme-ajuste-de-calendario-para-comportar-os-seis-leiloes-previstos-para-2025\/#article\",\"isPartOf\":{\"@id\":\"https:\/\/agenciainfra.com\/blog\/aneel-pede-ao-mme-ajuste-de-calendario-para-comportar-os-seis-leiloes-previstos-para-2025\/\"},\"author\":{\"name\":\"Ag\u00eancia iNFRA\",\"@id\":\"https:\/\/agenciainfra.com\/blog\/#\/schema\/person\/34af08dff6adea4cb22b06612ba7acfa\"},\"headline\":\"ANEEL pede ao MME ajuste de calend\u00e1rio para comportar os seis leil\u00f5es previstos para 2025\",\"datePublished\":\"2025-03-26T11:00:00+00:00\",\"mainEntityOfPage\":{\"@id\":\"https:\/\/agenciainfra.com\/blog\/aneel-pede-ao-mme-ajuste-de-calendario-para-comportar-os-seis-leiloes-previstos-para-2025\/\"},\"wordCount\":404,\"publisher\":{\"@id\":\"https:\/\/agenciainfra.com\/blog\/#organization\"},\"image\":{\"@id\":\"https:\/\/agenciainfra.com\/blog\/aneel-pede-ao-mme-ajuste-de-calendario-para-comportar-os-seis-leiloes-previstos-para-2025\/#primaryimage\"},\"thumbnailUrl\":\"https:\/\/agenciainfra.com\/blog\/wp-content\/uploads\/2022\/05\/energia-eletrica-lampada-foto-dominio-publico.jpg\",\"keywords\":[\"ANEEL\",\"calend\u00e1rio de leil\u00f5es\",\"Geraldo Campos Jr.\",\"leil\u00f5es de energia\",\"LRCAP\",\"Marisa Wanzeller\",\"MME\",\"Sandoval Feitosa ANEEL\"],\"articleSection\":[\"Destaque lista\",\"Geral\",\"iNFRAEnergia\"],\"inLanguage\":\"pt-BR\",\"copyrightYear\":\"2025\",\"copyrightHolder\":{\"@id\":\"https:\/\/agenciainfra.com\/blog\/#organization\"}},{\"@type\":\"WebPage\",\"@id\":\"https:\/\/agenciainfra.com\/blog\/aneel-pede-ao-mme-ajuste-de-calendario-para-comportar-os-seis-leiloes-previstos-para-2025\/\",\"url\":\"https:\/\/agenciainfra.com\/blog\/aneel-pede-ao-mme-ajuste-de-calendario-para-comportar-os-seis-leiloes-previstos-para-2025\/\",\"name\":\"ANEEL pede ao MME ajuste de calend\u00e1rio para comportar os seis leil\u00f5es previstos para 2025 - Ag\u00eancia iNFRA\",\"isPartOf\":{\"@id\":\"https:\/\/agenciainfra.com\/blog\/#website\"},\"primaryImageOfPage\":{\"@id\":\"https:\/\/agenciainfra.com\/blog\/aneel-pede-ao-mme-ajuste-de-calendario-para-comportar-os-seis-leiloes-previstos-para-2025\/#primaryimage\"},\"image\":{\"@id\":\"https:\/\/agenciainfra.com\/blog\/aneel-pede-ao-mme-ajuste-de-calendario-para-comportar-os-seis-leiloes-previstos-para-2025\/#primaryimage\"},\"thumbnailUrl\":\"https:\/\/agenciainfra.com\/blog\/wp-content\/uploads\/2022\/05\/energia-eletrica-lampada-foto-dominio-publico.jpg\",\"datePublished\":\"2025-03-26T11:00:00+00:00\",\"breadcrumb\":{\"@id\":\"https:\/\/agenciainfra.com\/blog\/aneel-pede-ao-mme-ajuste-de-calendario-para-comportar-os-seis-leiloes-previstos-para-2025\/#breadcrumb\"},\"inLanguage\":\"pt-BR\",\"potentialAction\":[{\"@type\":\"ReadAction\",\"target\":[\"https:\/\/agenciainfra.com\/blog\/aneel-pede-ao-mme-ajuste-de-calendario-para-comportar-os-seis-leiloes-previstos-para-2025\/\"]}]},{\"@type\":\"ImageObject\",\"inLanguage\":\"pt-BR\",\"@id\":\"https:\/\/agenciainfra.com\/blog\/aneel-pede-ao-mme-ajuste-de-calendario-para-comportar-os-seis-leiloes-previstos-para-2025\/#primaryimage\",\"url\":\"https:\/\/agenciainfra.com\/blog\/wp-content\/uploads\/2022\/05\/energia-eletrica-lampada-foto-dominio-publico.jpg\",\"contentUrl\":\"https:\/\/agenciainfra.com\/blog\/wp-content\/uploads\/2022\/05\/energia-eletrica-lampada-foto-dominio-publico.jpg\",\"width\":1920,\"height\":1084,\"caption\":\"Foto: Dom\u00ednio p\u00fablico\"},{\"@type\":\"BreadcrumbList\",\"@id\":\"https:\/\/agenciainfra.com\/blog\/aneel-pede-ao-mme-ajuste-de-calendario-para-comportar-os-seis-leiloes-previstos-para-2025\/#breadcrumb\",\"itemListElement\":[{\"@type\":\"ListItem\",\"position\":1,\"name\":\"In\u00edcio\",\"item\":\"https:\/\/agenciainfra.com\/blog\/\"},{\"@type\":\"ListItem\",\"position\":2,\"name\":\"ANEEL pede ao MME ajuste de calend\u00e1rio para comportar os seis leil\u00f5es previstos para 2025\"}]},{\"@type\":\"WebSite\",\"@id\":\"https:\/\/agenciainfra.com\/blog\/#website\",\"url\":\"https:\/\/agenciainfra.com\/blog\/\",\"name\":\"Ag\u00eancia iNFRA\",\"description\":\"Multiplataforma de informa\u00e7\u00e3o jornal\u00edstica refer\u00eancia na \u00e1rea de infraestrutura no Brasil!\",\"publisher\":{\"@id\":\"https:\/\/agenciainfra.com\/blog\/#organization\"},\"potentialAction\":[{\"@type\":\"SearchAction\",\"target\":{\"@type\":\"EntryPoint\",\"urlTemplate\":\"https:\/\/agenciainfra.com\/blog\/?s={search_term_string}\"},\"query-input\":{\"@type\":\"PropertyValueSpecification\",\"valueRequired\":true,\"valueName\":\"search_term_string\"}}],\"inLanguage\":\"pt-BR\"},{\"@type\":\"Organization\",\"@id\":\"https:\/\/agenciainfra.com\/blog\/#organization\",\"name\":\"Ag\u00eancia iNFRA\",\"url\":\"https:\/\/agenciainfra.com\/blog\/\",\"logo\":{\"@type\":\"ImageObject\",\"inLanguage\":\"pt-BR\",\"@id\":\"https:\/\/agenciainfra.com\/blog\/#\/schema\/logo\/image\/\",\"url\":\"https:\/\/agenciainfra.com\/blog\/wp-content\/uploads\/2023\/09\/iNFRA_5-e1761735885940.png\",\"contentUrl\":\"https:\/\/agenciainfra.com\/blog\/wp-content\/uploads\/2023\/09\/iNFRA_5-e1761735885940.png\",\"width\":1672,\"height\":454,\"caption\":\"Ag\u00eancia iNFRA\"},\"image\":{\"@id\":\"https:\/\/agenciainfra.com\/blog\/#\/schema\/logo\/image\/\"},\"sameAs\":[\"https:\/\/www.facebook.com\/ageninfra\",\"https:\/\/x.com\/agencia_infra\",\"https:\/\/www.linkedin.com\/company\/ag\u00eanciainfra\/\",\"https:\/\/www.instagram.com\/agenciainfra\/\"]},{\"@type\":\"Person\",\"@id\":\"https:\/\/agenciainfra.com\/blog\/#\/schema\/person\/34af08dff6adea4cb22b06612ba7acfa\",\"name\":\"Ag\u00eancia iNFRA\",\"image\":{\"@type\":\"ImageObject\",\"inLanguage\":\"pt-BR\",\"@id\":\"https:\/\/agenciainfra.com\/blog\/#\/schema\/person\/image\/\",\"url\":\"https:\/\/secure.gravatar.com\/avatar\/d189e01678f06d8eb84d4e01f08eb848b3fffe3f8443818d3c356c66892f5be8?s=96&d=mm&r=g\",\"contentUrl\":\"https:\/\/secure.gravatar.com\/avatar\/d189e01678f06d8eb84d4e01f08eb848b3fffe3f8443818d3c356c66892f5be8?s=96&d=mm&r=g\",\"caption\":\"Ag\u00eancia iNFRA\"},\"url\":\"https:\/\/agenciainfra.com\/blog\/author\/admin\/\"}]}<\/script>\n<!-- \/ Yoast SEO Premium plugin. -->","yoast_head_json":{"title":"ANEEL pede ao MME ajuste de calend\u00e1rio para comportar os seis leil\u00f5es previstos para 2025 - Ag\u00eancia iNFRA","robots":{"index":"index","follow":"follow","max-snippet":"max-snippet:-1","max-image-preview":"max-image-preview:large","max-video-preview":"max-video-preview:-1"},"canonical":"https:\/\/agenciainfra.com\/blog\/aneel-pede-ao-mme-ajuste-de-calendario-para-comportar-os-seis-leiloes-previstos-para-2025\/","og_locale":"pt_BR","og_type":"article","og_title":"ANEEL pede ao MME ajuste de calend\u00e1rio para comportar os seis leil\u00f5es previstos para 2025","og_description":"Marisa Wanzeller e Geraldo Campos Jr., da Ag\u00eancia iNFRA O diretor-geral da ANEEL (Ag\u00eancia Nacional de Energia El\u00e9trica), Sandoval Feitosa, disse nesta ter\u00e7a-feira (25) que a ag\u00eancia solicitou ao MME (Minist\u00e9rio de Minas e Energia) ajustes no calend\u00e1rio de leil\u00f5es de 2025. A ideia \u00e9 que as datas sejam mais espa\u00e7adas para garantir maior \u201cf\u00f4lego\u201d [&hellip;]","og_url":"https:\/\/agenciainfra.com\/blog\/aneel-pede-ao-mme-ajuste-de-calendario-para-comportar-os-seis-leiloes-previstos-para-2025\/","og_site_name":"Ag\u00eancia iNFRA","article_publisher":"https:\/\/www.facebook.com\/ageninfra","article_published_time":"2025-03-26T11:00:00+00:00","og_image":[{"width":1920,"height":1084,"url":"https:\/\/agenciainfra.com\/blog\/wp-content\/uploads\/2022\/05\/energia-eletrica-lampada-foto-dominio-publico.jpg","type":"image\/jpeg"}],"author":"Ag\u00eancia iNFRA","twitter_card":"summary_large_image","twitter_creator":"@agencia_infra","twitter_site":"@agencia_infra","twitter_misc":{"Escrito por":"Ag\u00eancia iNFRA","Est. tempo de leitura":"2 minutos"},"schema":{"@context":"https:\/\/schema.org","@graph":[{"@type":"Article","@id":"https:\/\/agenciainfra.com\/blog\/aneel-pede-ao-mme-ajuste-de-calendario-para-comportar-os-seis-leiloes-previstos-para-2025\/#article","isPartOf":{"@id":"https:\/\/agenciainfra.com\/blog\/aneel-pede-ao-mme-ajuste-de-calendario-para-comportar-os-seis-leiloes-previstos-para-2025\/"},"author":{"name":"Ag\u00eancia iNFRA","@id":"https:\/\/agenciainfra.com\/blog\/#\/schema\/person\/34af08dff6adea4cb22b06612ba7acfa"},"headline":"ANEEL pede ao MME ajuste de calend\u00e1rio para comportar os seis leil\u00f5es previstos para 2025","datePublished":"2025-03-26T11:00:00+00:00","mainEntityOfPage":{"@id":"https:\/\/agenciainfra.com\/blog\/aneel-pede-ao-mme-ajuste-de-calendario-para-comportar-os-seis-leiloes-previstos-para-2025\/"},"wordCount":404,"publisher":{"@id":"https:\/\/agenciainfra.com\/blog\/#organization"},"image":{"@id":"https:\/\/agenciainfra.com\/blog\/aneel-pede-ao-mme-ajuste-de-calendario-para-comportar-os-seis-leiloes-previstos-para-2025\/#primaryimage"},"thumbnailUrl":"https:\/\/agenciainfra.com\/blog\/wp-content\/uploads\/2022\/05\/energia-eletrica-lampada-foto-dominio-publico.jpg","keywords":["ANEEL","calend\u00e1rio de leil\u00f5es","Geraldo Campos Jr.","leil\u00f5es de energia","LRCAP","Marisa Wanzeller","MME","Sandoval Feitosa ANEEL"],"articleSection":["Destaque lista","Geral","iNFRAEnergia"],"inLanguage":"pt-BR","copyrightYear":"2025","copyrightHolder":{"@id":"https:\/\/agenciainfra.com\/blog\/#organization"}},{"@type":"WebPage","@id":"https:\/\/agenciainfra.com\/blog\/aneel-pede-ao-mme-ajuste-de-calendario-para-comportar-os-seis-leiloes-previstos-para-2025\/","url":"https:\/\/agenciainfra.com\/blog\/aneel-pede-ao-mme-ajuste-de-calendario-para-comportar-os-seis-leiloes-previstos-para-2025\/","name":"ANEEL pede ao MME ajuste de calend\u00e1rio para comportar os seis leil\u00f5es previstos para 2025 - Ag\u00eancia iNFRA","isPartOf":{"@id":"https:\/\/agenciainfra.com\/blog\/#website"},"primaryImageOfPage":{"@id":"https:\/\/agenciainfra.com\/blog\/aneel-pede-ao-mme-ajuste-de-calendario-para-comportar-os-seis-leiloes-previstos-para-2025\/#primaryimage"},"image":{"@id":"https:\/\/agenciainfra.com\/blog\/aneel-pede-ao-mme-ajuste-de-calendario-para-comportar-os-seis-leiloes-previstos-para-2025\/#primaryimage"},"thumbnailUrl":"https:\/\/agenciainfra.com\/blog\/wp-content\/uploads\/2022\/05\/energia-eletrica-lampada-foto-dominio-publico.jpg","datePublished":"2025-03-26T11:00:00+00:00","breadcrumb":{"@id":"https:\/\/agenciainfra.com\/blog\/aneel-pede-ao-mme-ajuste-de-calendario-para-comportar-os-seis-leiloes-previstos-para-2025\/#breadcrumb"},"inLanguage":"pt-BR","potentialAction":[{"@type":"ReadAction","target":["https:\/\/agenciainfra.com\/blog\/aneel-pede-ao-mme-ajuste-de-calendario-para-comportar-os-seis-leiloes-previstos-para-2025\/"]}]},{"@type":"ImageObject","inLanguage":"pt-BR","@id":"https:\/\/agenciainfra.com\/blog\/aneel-pede-ao-mme-ajuste-de-calendario-para-comportar-os-seis-leiloes-previstos-para-2025\/#primaryimage","url":"https:\/\/agenciainfra.com\/blog\/wp-content\/uploads\/2022\/05\/energia-eletrica-lampada-foto-dominio-publico.jpg","contentUrl":"https:\/\/agenciainfra.com\/blog\/wp-content\/uploads\/2022\/05\/energia-eletrica-lampada-foto-dominio-publico.jpg","width":1920,"height":1084,"caption":"Foto: Dom\u00ednio p\u00fablico"},{"@type":"BreadcrumbList","@id":"https:\/\/agenciainfra.com\/blog\/aneel-pede-ao-mme-ajuste-de-calendario-para-comportar-os-seis-leiloes-previstos-para-2025\/#breadcrumb","itemListElement":[{"@type":"ListItem","position":1,"name":"In\u00edcio","item":"https:\/\/agenciainfra.com\/blog\/"},{"@type":"ListItem","position":2,"name":"ANEEL pede ao MME ajuste de calend\u00e1rio para comportar os seis leil\u00f5es previstos para 2025"}]},{"@type":"WebSite","@id":"https:\/\/agenciainfra.com\/blog\/#website","url":"https:\/\/agenciainfra.com\/blog\/","name":"Ag\u00eancia iNFRA","description":"Multiplataforma de informa\u00e7\u00e3o jornal\u00edstica refer\u00eancia na \u00e1rea de infraestrutura no Brasil!","publisher":{"@id":"https:\/\/agenciainfra.com\/blog\/#organization"},"potentialAction":[{"@type":"SearchAction","target":{"@type":"EntryPoint","urlTemplate":"https:\/\/agenciainfra.com\/blog\/?s={search_term_string}"},"query-input":{"@type":"PropertyValueSpecification","valueRequired":true,"valueName":"search_term_string"}}],"inLanguage":"pt-BR"},{"@type":"Organization","@id":"https:\/\/agenciainfra.com\/blog\/#organization","name":"Ag\u00eancia iNFRA","url":"https:\/\/agenciainfra.com\/blog\/","logo":{"@type":"ImageObject","inLanguage":"pt-BR","@id":"https:\/\/agenciainfra.com\/blog\/#\/schema\/logo\/image\/","url":"https:\/\/agenciainfra.com\/blog\/wp-content\/uploads\/2023\/09\/iNFRA_5-e1761735885940.png","contentUrl":"https:\/\/agenciainfra.com\/blog\/wp-content\/uploads\/2023\/09\/iNFRA_5-e1761735885940.png","width":1672,"height":454,"caption":"Ag\u00eancia iNFRA"},"image":{"@id":"https:\/\/agenciainfra.com\/blog\/#\/schema\/logo\/image\/"},"sameAs":["https:\/\/www.facebook.com\/ageninfra","https:\/\/x.com\/agencia_infra","https:\/\/www.linkedin.com\/company\/ag\u00eanciainfra\/","https:\/\/www.instagram.com\/agenciainfra\/"]},{"@type":"Person","@id":"https:\/\/agenciainfra.com\/blog\/#\/schema\/person\/34af08dff6adea4cb22b06612ba7acfa","name":"Ag\u00eancia iNFRA","image":{"@type":"ImageObject","inLanguage":"pt-BR","@id":"https:\/\/agenciainfra.com\/blog\/#\/schema\/person\/image\/","url":"https:\/\/secure.gravatar.com\/avatar\/d189e01678f06d8eb84d4e01f08eb848b3fffe3f8443818d3c356c66892f5be8?s=96&d=mm&r=g","contentUrl":"https:\/\/secure.gravatar.com\/avatar\/d189e01678f06d8eb84d4e01f08eb848b3fffe3f8443818d3c356c66892f5be8?s=96&d=mm&r=g","caption":"Ag\u00eancia iNFRA"},"url":"https:\/\/agenciainfra.com\/blog\/author\/admin\/"}]}},"_links":{"self":[{"href":"https:\/\/agenciainfra.com\/blog\/wp-json\/wp\/v2\/posts\/20719","targetHints":{"allow":["GET"]}}],"collection":[{"href":"https:\/\/agenciainfra.com\/blog\/wp-json\/wp\/v2\/posts"}],"about":[{"href":"https:\/\/agenciainfra.com\/blog\/wp-json\/wp\/v2\/types\/post"}],"author":[{"embeddable":true,"href":"https:\/\/agenciainfra.com\/blog\/wp-json\/wp\/v2\/users\/1"}],"replies":[{"embeddable":true,"href":"https:\/\/agenciainfra.com\/blog\/wp-json\/wp\/v2\/comments?post=20719"}],"version-history":[{"count":1,"href":"https:\/\/agenciainfra.com\/blog\/wp-json\/wp\/v2\/posts\/20719\/revisions"}],"predecessor-version":[{"id":20720,"href":"https:\/\/agenciainfra.com\/blog\/wp-json\/wp\/v2\/posts\/20719\/revisions\/20720"}],"wp:featuredmedia":[{"embeddable":true,"href":"https:\/\/agenciainfra.com\/blog\/wp-json\/wp\/v2\/media\/10230"}],"wp:attachment":[{"href":"https:\/\/agenciainfra.com\/blog\/wp-json\/wp\/v2\/media?parent=20719"}],"wp:term":[{"taxonomy":"category","embeddable":true,"href":"https:\/\/agenciainfra.com\/blog\/wp-json\/wp\/v2\/categories?post=20719"},{"taxonomy":"post_tag","embeddable":true,"href":"https:\/\/agenciainfra.com\/blog\/wp-json\/wp\/v2\/tags?post=20719"}],"curies":[{"name":"wp","href":"https:\/\/api.w.org\/{rel}","templated":true}]}}