{"id":20736,"date":"2025-03-27T09:00:00","date_gmt":"2025-03-27T12:00:00","guid":{"rendered":"https:\/\/agenciainfra.com\/blog\/?p=20736"},"modified":"2025-03-27T07:30:09","modified_gmt":"2025-03-27T10:30:09","slug":"senador-marcos-rogerio-diz-nao-ver-ambiente-para-reforma-no-setor-eletrico-via-medida-provisoria","status":"publish","type":"post","link":"https:\/\/agenciainfra.com\/blog\/senador-marcos-rogerio-diz-nao-ver-ambiente-para-reforma-no-setor-eletrico-via-medida-provisoria\/","title":{"rendered":"Senador Marcos Rog\u00e9rio diz n\u00e3o ver &#8220;ambiente&#8221; para reforma no setor el\u00e9trico via medida provis\u00f3ria"},"content":{"rendered":"\n<p class=\"has-text-align-right\"><strong>Geraldo Campos Jr. e Marisa Wanzeller, da Ag\u00eancia iNFRA<\/strong><\/p>\n\n\n\n<p>O presidente da CI (Comiss\u00e3o de Servi\u00e7os de Infraestrutura) do Senado Federal, senador Marcos Rog\u00e9rio (PL-RO), disse nesta quarta-feira (26) que n\u00e3o v\u00ea ambiente e seguran\u00e7a para que a reforma do setor el\u00e9trico ocorra via MP (Medida Provis\u00f3ria). A op\u00e7\u00e3o de enviar uma MP para o Congresso para tratar do tema&nbsp;<a href=\"https:\/\/agenciainfra.com\/blog\/ministro-defende-reforma-estruturante-do-setor-eletrico-via-medida-provisoria\/\" target=\"_blank\" rel=\"noreferrer noopener\">foi defendida<\/a>&nbsp;pelo ministro de Minas e Energia, Alexandre Silveira, recentemente.&nbsp;<\/p>\n\n\n\n<p>\u201cN\u00e3o \u00e9 f\u00e1cil conseguir congregar e juntar na mesma proposta as v\u00e1rias vertentes, os v\u00e1rios grupos de interesses. Ent\u00e3o eu n\u00e3o vejo, com sinceridade, ambiente e seguran\u00e7a para voc\u00ea fazer uma reforma desse tamanho, desse porte, por medida provis\u00f3ria\u201d, afirmou em entrevista \u00e0 imprensa ap\u00f3s participa\u00e7\u00e3o no evento &#8220;CNN Talks &#8211; Caminhos para o Crescimento: os Desafios para o Avan\u00e7o da Infraestrutura no Brasil&#8221;, realizado nesta quarta-feira em Bras\u00edlia com o apoio da&nbsp;<strong>Ag\u00eancia iNFRA<\/strong>.<\/p>\n\n\n\n<p>Marcos Rog\u00e9rio disse que o \u201ctema \u00e9, sim, necess\u00e1rio, mas a tramita\u00e7\u00e3o de Medida Provis\u00f3ria pressup\u00f5e alguns requisitos constitucionais que eu n\u00e3o sei se \u00e9 o caso, se preencheria esse crit\u00e9rio\u201d. Por outro lado, disse que o governo precisa ser protagonista nesse debate. \u201cEle [governo] tem que chamar para si a coordena\u00e7\u00e3o desse tema. E \u00e0s vezes o que a gente observa \u00e9 um v\u00e1cuo, uma aus\u00eancia de lideran\u00e7a nesta pauta\u201d, criticou.<\/p>\n\n\n\n<p><strong>Ag\u00eancias reguladoras<\/strong><br>Marcos Rog\u00e9rio tamb\u00e9m falou durante o evento sobre a necessidade de recompor o quadro de diretores das ag\u00eancias reguladoras. Sem citar nominalmente a ANEEL (Ag\u00eancia Nacional de Energia El\u00e9trica), o presidente da CI disse que o Senado s\u00f3 dar\u00e1 in\u00edcio \u00e0s sabatinas para as reguladoras quando o governo federal encaminhar os nomes que faltam.<\/p>\n\n\n\n<p>\u201cNa \u00faltima conversa que tive com o presidente [do Senado] Davi [Alcolumbre], ele me disse que estava aguardando alguns nomes para fazer o encaminhamento a partir do conjunto dos nomes. [&#8230;] O que n\u00e3o pode acontecer \u00e9 ter uma situa\u00e7\u00e3o em que o governo est\u00e1 confort\u00e1vel com o substituto e n\u00e3o manda nenhum indicado novo. E numa outra situa\u00e7\u00e3o em que ele quer mudar, ele manda. Isso n\u00e3o \u00e9 honesto com o Parlamento. Eu acho que a rela\u00e7\u00e3o deve ser de respeito e de reciprocidade\u201d, disse.<\/p>\n\n\n\n<p>Questionado sobre poss\u00edveis altera\u00e7\u00f5es dos nomes j\u00e1 indicados pelo governo no final de 2024, como para a ANP (Ag\u00eancia Nacional do Petr\u00f3leo, G\u00e1s Natural e Biocombust\u00edveis), o senador disse que n\u00e3o h\u00e1 como afirmar se permanecer\u00e3o ou ser\u00e3o mudados e que isso depender\u00e1 do governo em articula\u00e7\u00e3o com seus aliados no Parlamento.<\/p>\n\n\n\n<p><strong>Curtailment<\/strong><br>O senador tamb\u00e9m afirmou durante o evento que as discuss\u00f5es sobre curtailment, cortes de gera\u00e7\u00e3o obrigat\u00f3rios, dever\u00e3o passar pela CI. No seu entendimento, o ONS (Operador Nacional do Sistema El\u00e9trico) e a ANEEL precisam encarar o problema como estruturante e dar mais transpar\u00eancia \u00e0 opera\u00e7\u00e3o, e a comiss\u00e3o \u201cvai chamar aten\u00e7\u00e3o para isso\u201d.&nbsp;<\/p>\n\n\n\n<p>Marcos Rog\u00e9rio ainda concordou com o diretor-geral da ANEEL, Sandoval Feitosa, sobre os custos dos cortes n\u00e3o poderem recair sobre o consumidor de energia, \u201cque arcou com incentivos\u201d para as fontes renov\u00e1veis ao longo dos \u00faltimos anos. No seu entendimento, \u00e9 preciso trabalhar o problema no \u00e2mbito regulat\u00f3rio, com aprimoramentos, mas tamb\u00e9m h\u00e1 espa\u00e7o no Legislativo, com a moderniza\u00e7\u00e3o do setor.<\/p>\n","protected":false},"excerpt":{"rendered":"<p>Geraldo Campos Jr. e Marisa Wanzeller, da Ag\u00eancia iNFRA O presidente da CI (Comiss\u00e3o de Servi\u00e7os de Infraestrutura) do Senado Federal, senador Marcos Rog\u00e9rio (PL-RO), disse nesta quarta-feira (26) que n\u00e3o v\u00ea ambiente e seguran\u00e7a para que a reforma do setor el\u00e9trico ocorra via MP (Medida Provis\u00f3ria). A op\u00e7\u00e3o de enviar uma MP para o [&hellip;]<\/p>\n","protected":false},"author":1,"featured_media":20737,"comment_status":"closed","ping_status":"closed","sticky":false,"template":"","format":"standard","meta":{"_monsterinsights_skip_tracking":false,"_monsterinsights_sitenote_active":false,"_monsterinsights_sitenote_note":"","_monsterinsights_sitenote_category":0,"footnotes":""},"categories":[7250,1,10],"tags":[46,6040,53,8780,11474,2804,11594,34,1193,7366,76,96,216,10710,48,4354],"class_list":["post-20736","post","type-post","status-publish","format-standard","has-post-thumbnail","hentry","category-destaque-lista","category-geral","category-infraenergia","tag-agencias-reguladoras","tag-alexandre-silveira","tag-aneel","tag-cnn-talks","tag-curtailment","tag-energia-renovavel","tag-geraldo-campos-jr","tag-infraestrutura","tag-marcos-rogerio","tag-marisa-wanzeller","tag-medida-provisoria","tag-ministerio-de-minas-e-energia","tag-ons","tag-reforma-do-setor-eletrico","tag-regulacao","tag-senado-federal"],"yoast_head":"<!-- This site is optimized with the Yoast SEO Premium plugin v25.4 (Yoast SEO v26.0) - https:\/\/yoast.com\/wordpress\/plugins\/seo\/ -->\n<title>Senador Marcos Rog\u00e9rio diz n\u00e3o ver &quot;ambiente&quot; para reforma no setor el\u00e9trico via medida provis\u00f3ria - Ag\u00eancia iNFRA<\/title>\n<meta name=\"robots\" content=\"index, follow, max-snippet:-1, max-image-preview:large, max-video-preview:-1\" \/>\n<link rel=\"canonical\" href=\"https:\/\/agenciainfra.com\/blog\/senador-marcos-rogerio-diz-nao-ver-ambiente-para-reforma-no-setor-eletrico-via-medida-provisoria\/\" \/>\n<meta property=\"og:locale\" content=\"pt_BR\" \/>\n<meta property=\"og:type\" content=\"article\" \/>\n<meta property=\"og:title\" content=\"Senador Marcos Rog\u00e9rio diz n\u00e3o ver &quot;ambiente&quot; para reforma no setor el\u00e9trico via medida provis\u00f3ria\" \/>\n<meta property=\"og:description\" content=\"Geraldo Campos Jr. e Marisa Wanzeller, da Ag\u00eancia iNFRA O presidente da CI (Comiss\u00e3o de Servi\u00e7os de Infraestrutura) do Senado Federal, senador Marcos Rog\u00e9rio (PL-RO), disse nesta quarta-feira (26) que n\u00e3o v\u00ea ambiente e seguran\u00e7a para que a reforma do setor el\u00e9trico ocorra via MP (Medida Provis\u00f3ria). A op\u00e7\u00e3o de enviar uma MP para o [&hellip;]\" \/>\n<meta property=\"og:url\" content=\"https:\/\/agenciainfra.com\/blog\/senador-marcos-rogerio-diz-nao-ver-ambiente-para-reforma-no-setor-eletrico-via-medida-provisoria\/\" \/>\n<meta property=\"og:site_name\" content=\"Ag\u00eancia iNFRA\" \/>\n<meta property=\"article:publisher\" content=\"https:\/\/www.facebook.com\/ageninfra\" \/>\n<meta property=\"article:published_time\" content=\"2025-03-27T12:00:00+00:00\" \/>\n<meta property=\"og:image\" content=\"https:\/\/agenciainfra.com\/blog\/wp-content\/uploads\/2025\/03\/marcos-rogerio-foto-waldemir-barreto-agencia-senado.jpg\" \/>\n\t<meta property=\"og:image:width\" content=\"1208\" \/>\n\t<meta property=\"og:image:height\" content=\"801\" \/>\n\t<meta property=\"og:image:type\" content=\"image\/jpeg\" \/>\n<meta name=\"author\" content=\"Ag\u00eancia iNFRA\" \/>\n<meta name=\"twitter:card\" content=\"summary_large_image\" \/>\n<meta name=\"twitter:creator\" content=\"@agencia_infra\" \/>\n<meta name=\"twitter:site\" content=\"@agencia_infra\" \/>\n<meta name=\"twitter:label1\" content=\"Escrito por\" \/>\n\t<meta name=\"twitter:data1\" content=\"Ag\u00eancia iNFRA\" \/>\n\t<meta name=\"twitter:label2\" content=\"Est. tempo de leitura\" \/>\n\t<meta name=\"twitter:data2\" content=\"3 minutos\" \/>\n<script type=\"application\/ld+json\" class=\"yoast-schema-graph\">{\"@context\":\"https:\/\/schema.org\",\"@graph\":[{\"@type\":\"Article\",\"@id\":\"https:\/\/agenciainfra.com\/blog\/senador-marcos-rogerio-diz-nao-ver-ambiente-para-reforma-no-setor-eletrico-via-medida-provisoria\/#article\",\"isPartOf\":{\"@id\":\"https:\/\/agenciainfra.com\/blog\/senador-marcos-rogerio-diz-nao-ver-ambiente-para-reforma-no-setor-eletrico-via-medida-provisoria\/\"},\"author\":{\"name\":\"Ag\u00eancia iNFRA\",\"@id\":\"https:\/\/agenciainfra.com\/blog\/#\/schema\/person\/34af08dff6adea4cb22b06612ba7acfa\"},\"headline\":\"Senador Marcos Rog\u00e9rio diz n\u00e3o ver &#8220;ambiente&#8221; para reforma no setor el\u00e9trico via medida provis\u00f3ria\",\"datePublished\":\"2025-03-27T12:00:00+00:00\",\"mainEntityOfPage\":{\"@id\":\"https:\/\/agenciainfra.com\/blog\/senador-marcos-rogerio-diz-nao-ver-ambiente-para-reforma-no-setor-eletrico-via-medida-provisoria\/\"},\"wordCount\":613,\"publisher\":{\"@id\":\"https:\/\/agenciainfra.com\/blog\/#organization\"},\"image\":{\"@id\":\"https:\/\/agenciainfra.com\/blog\/senador-marcos-rogerio-diz-nao-ver-ambiente-para-reforma-no-setor-eletrico-via-medida-provisoria\/#primaryimage\"},\"thumbnailUrl\":\"https:\/\/agenciainfra.com\/blog\/wp-content\/uploads\/2025\/03\/marcos-rogerio-foto-waldemir-barreto-agencia-senado.jpg\",\"keywords\":[\"Ag\u00eancias Reguladoras\",\"Alexandre Silveira\",\"ANEEL\",\"CNN Talks\",\"curtailment\",\"energia renov\u00e1vel\",\"Geraldo Campos Jr.\",\"Infraestrutura\",\"Marcos Rog\u00e9rio\",\"Marisa Wanzeller\",\"Medida Provis\u00f3ria\",\"Minist\u00e9rio de Minas e Energia\",\"ONS\",\"Reforma do Setor El\u00e9trico\",\"Regula\u00e7\u00e3o\",\"Senado Federal\"],\"articleSection\":[\"Destaque lista\",\"Geral\",\"iNFRAEnergia\"],\"inLanguage\":\"pt-BR\",\"copyrightYear\":\"2025\",\"copyrightHolder\":{\"@id\":\"https:\/\/agenciainfra.com\/blog\/#organization\"}},{\"@type\":\"WebPage\",\"@id\":\"https:\/\/agenciainfra.com\/blog\/senador-marcos-rogerio-diz-nao-ver-ambiente-para-reforma-no-setor-eletrico-via-medida-provisoria\/\",\"url\":\"https:\/\/agenciainfra.com\/blog\/senador-marcos-rogerio-diz-nao-ver-ambiente-para-reforma-no-setor-eletrico-via-medida-provisoria\/\",\"name\":\"Senador Marcos Rog\u00e9rio diz n\u00e3o ver \\\"ambiente\\\" para reforma no setor el\u00e9trico via medida provis\u00f3ria - Ag\u00eancia iNFRA\",\"isPartOf\":{\"@id\":\"https:\/\/agenciainfra.com\/blog\/#website\"},\"primaryImageOfPage\":{\"@id\":\"https:\/\/agenciainfra.com\/blog\/senador-marcos-rogerio-diz-nao-ver-ambiente-para-reforma-no-setor-eletrico-via-medida-provisoria\/#primaryimage\"},\"image\":{\"@id\":\"https:\/\/agenciainfra.com\/blog\/senador-marcos-rogerio-diz-nao-ver-ambiente-para-reforma-no-setor-eletrico-via-medida-provisoria\/#primaryimage\"},\"thumbnailUrl\":\"https:\/\/agenciainfra.com\/blog\/wp-content\/uploads\/2025\/03\/marcos-rogerio-foto-waldemir-barreto-agencia-senado.jpg\",\"datePublished\":\"2025-03-27T12:00:00+00:00\",\"breadcrumb\":{\"@id\":\"https:\/\/agenciainfra.com\/blog\/senador-marcos-rogerio-diz-nao-ver-ambiente-para-reforma-no-setor-eletrico-via-medida-provisoria\/#breadcrumb\"},\"inLanguage\":\"pt-BR\",\"potentialAction\":[{\"@type\":\"ReadAction\",\"target\":[\"https:\/\/agenciainfra.com\/blog\/senador-marcos-rogerio-diz-nao-ver-ambiente-para-reforma-no-setor-eletrico-via-medida-provisoria\/\"]}]},{\"@type\":\"ImageObject\",\"inLanguage\":\"pt-BR\",\"@id\":\"https:\/\/agenciainfra.com\/blog\/senador-marcos-rogerio-diz-nao-ver-ambiente-para-reforma-no-setor-eletrico-via-medida-provisoria\/#primaryimage\",\"url\":\"https:\/\/agenciainfra.com\/blog\/wp-content\/uploads\/2025\/03\/marcos-rogerio-foto-waldemir-barreto-agencia-senado.jpg\",\"contentUrl\":\"https:\/\/agenciainfra.com\/blog\/wp-content\/uploads\/2025\/03\/marcos-rogerio-foto-waldemir-barreto-agencia-senado.jpg\",\"width\":1208,\"height\":801,\"caption\":\"Foto: Waldemir Barreto\/Ag\u00eancia Senado\"},{\"@type\":\"BreadcrumbList\",\"@id\":\"https:\/\/agenciainfra.com\/blog\/senador-marcos-rogerio-diz-nao-ver-ambiente-para-reforma-no-setor-eletrico-via-medida-provisoria\/#breadcrumb\",\"itemListElement\":[{\"@type\":\"ListItem\",\"position\":1,\"name\":\"In\u00edcio\",\"item\":\"https:\/\/agenciainfra.com\/blog\/\"},{\"@type\":\"ListItem\",\"position\":2,\"name\":\"Senador Marcos Rog\u00e9rio diz n\u00e3o ver &#8220;ambiente&#8221; para reforma no setor el\u00e9trico via medida provis\u00f3ria\"}]},{\"@type\":\"WebSite\",\"@id\":\"https:\/\/agenciainfra.com\/blog\/#website\",\"url\":\"https:\/\/agenciainfra.com\/blog\/\",\"name\":\"Ag\u00eancia iNFRA\",\"description\":\"Multiplataforma de informa\u00e7\u00e3o jornal\u00edstica refer\u00eancia na \u00e1rea de infraestrutura no Brasil!\",\"publisher\":{\"@id\":\"https:\/\/agenciainfra.com\/blog\/#organization\"},\"potentialAction\":[{\"@type\":\"SearchAction\",\"target\":{\"@type\":\"EntryPoint\",\"urlTemplate\":\"https:\/\/agenciainfra.com\/blog\/?s={search_term_string}\"},\"query-input\":{\"@type\":\"PropertyValueSpecification\",\"valueRequired\":true,\"valueName\":\"search_term_string\"}}],\"inLanguage\":\"pt-BR\"},{\"@type\":\"Organization\",\"@id\":\"https:\/\/agenciainfra.com\/blog\/#organization\",\"name\":\"Ag\u00eancia iNFRA\",\"url\":\"https:\/\/agenciainfra.com\/blog\/\",\"logo\":{\"@type\":\"ImageObject\",\"inLanguage\":\"pt-BR\",\"@id\":\"https:\/\/agenciainfra.com\/blog\/#\/schema\/logo\/image\/\",\"url\":\"https:\/\/agenciainfra.com\/blog\/wp-content\/uploads\/2023\/09\/iNFRA_5-e1761735885940.png\",\"contentUrl\":\"https:\/\/agenciainfra.com\/blog\/wp-content\/uploads\/2023\/09\/iNFRA_5-e1761735885940.png\",\"width\":1672,\"height\":454,\"caption\":\"Ag\u00eancia iNFRA\"},\"image\":{\"@id\":\"https:\/\/agenciainfra.com\/blog\/#\/schema\/logo\/image\/\"},\"sameAs\":[\"https:\/\/www.facebook.com\/ageninfra\",\"https:\/\/x.com\/agencia_infra\",\"https:\/\/www.linkedin.com\/company\/ag\u00eanciainfra\/\",\"https:\/\/www.instagram.com\/agenciainfra\/\"]},{\"@type\":\"Person\",\"@id\":\"https:\/\/agenciainfra.com\/blog\/#\/schema\/person\/34af08dff6adea4cb22b06612ba7acfa\",\"name\":\"Ag\u00eancia iNFRA\",\"image\":{\"@type\":\"ImageObject\",\"inLanguage\":\"pt-BR\",\"@id\":\"https:\/\/agenciainfra.com\/blog\/#\/schema\/person\/image\/\",\"url\":\"https:\/\/secure.gravatar.com\/avatar\/d189e01678f06d8eb84d4e01f08eb848b3fffe3f8443818d3c356c66892f5be8?s=96&d=mm&r=g\",\"contentUrl\":\"https:\/\/secure.gravatar.com\/avatar\/d189e01678f06d8eb84d4e01f08eb848b3fffe3f8443818d3c356c66892f5be8?s=96&d=mm&r=g\",\"caption\":\"Ag\u00eancia iNFRA\"},\"url\":\"https:\/\/agenciainfra.com\/blog\/author\/admin\/\"}]}<\/script>\n<!-- \/ Yoast SEO Premium plugin. -->","yoast_head_json":{"title":"Senador Marcos Rog\u00e9rio diz n\u00e3o ver \"ambiente\" para reforma no setor el\u00e9trico via medida provis\u00f3ria - Ag\u00eancia iNFRA","robots":{"index":"index","follow":"follow","max-snippet":"max-snippet:-1","max-image-preview":"max-image-preview:large","max-video-preview":"max-video-preview:-1"},"canonical":"https:\/\/agenciainfra.com\/blog\/senador-marcos-rogerio-diz-nao-ver-ambiente-para-reforma-no-setor-eletrico-via-medida-provisoria\/","og_locale":"pt_BR","og_type":"article","og_title":"Senador Marcos Rog\u00e9rio diz n\u00e3o ver \"ambiente\" para reforma no setor el\u00e9trico via medida provis\u00f3ria","og_description":"Geraldo Campos Jr. e Marisa Wanzeller, da Ag\u00eancia iNFRA O presidente da CI (Comiss\u00e3o de Servi\u00e7os de Infraestrutura) do Senado Federal, senador Marcos Rog\u00e9rio (PL-RO), disse nesta quarta-feira (26) que n\u00e3o v\u00ea ambiente e seguran\u00e7a para que a reforma do setor el\u00e9trico ocorra via MP (Medida Provis\u00f3ria). A op\u00e7\u00e3o de enviar uma MP para o [&hellip;]","og_url":"https:\/\/agenciainfra.com\/blog\/senador-marcos-rogerio-diz-nao-ver-ambiente-para-reforma-no-setor-eletrico-via-medida-provisoria\/","og_site_name":"Ag\u00eancia iNFRA","article_publisher":"https:\/\/www.facebook.com\/ageninfra","article_published_time":"2025-03-27T12:00:00+00:00","og_image":[{"width":1208,"height":801,"url":"https:\/\/agenciainfra.com\/blog\/wp-content\/uploads\/2025\/03\/marcos-rogerio-foto-waldemir-barreto-agencia-senado.jpg","type":"image\/jpeg"}],"author":"Ag\u00eancia iNFRA","twitter_card":"summary_large_image","twitter_creator":"@agencia_infra","twitter_site":"@agencia_infra","twitter_misc":{"Escrito por":"Ag\u00eancia iNFRA","Est. tempo de leitura":"3 minutos"},"schema":{"@context":"https:\/\/schema.org","@graph":[{"@type":"Article","@id":"https:\/\/agenciainfra.com\/blog\/senador-marcos-rogerio-diz-nao-ver-ambiente-para-reforma-no-setor-eletrico-via-medida-provisoria\/#article","isPartOf":{"@id":"https:\/\/agenciainfra.com\/blog\/senador-marcos-rogerio-diz-nao-ver-ambiente-para-reforma-no-setor-eletrico-via-medida-provisoria\/"},"author":{"name":"Ag\u00eancia iNFRA","@id":"https:\/\/agenciainfra.com\/blog\/#\/schema\/person\/34af08dff6adea4cb22b06612ba7acfa"},"headline":"Senador Marcos Rog\u00e9rio diz n\u00e3o ver &#8220;ambiente&#8221; para reforma no setor el\u00e9trico via medida provis\u00f3ria","datePublished":"2025-03-27T12:00:00+00:00","mainEntityOfPage":{"@id":"https:\/\/agenciainfra.com\/blog\/senador-marcos-rogerio-diz-nao-ver-ambiente-para-reforma-no-setor-eletrico-via-medida-provisoria\/"},"wordCount":613,"publisher":{"@id":"https:\/\/agenciainfra.com\/blog\/#organization"},"image":{"@id":"https:\/\/agenciainfra.com\/blog\/senador-marcos-rogerio-diz-nao-ver-ambiente-para-reforma-no-setor-eletrico-via-medida-provisoria\/#primaryimage"},"thumbnailUrl":"https:\/\/agenciainfra.com\/blog\/wp-content\/uploads\/2025\/03\/marcos-rogerio-foto-waldemir-barreto-agencia-senado.jpg","keywords":["Ag\u00eancias Reguladoras","Alexandre Silveira","ANEEL","CNN Talks","curtailment","energia renov\u00e1vel","Geraldo Campos Jr.","Infraestrutura","Marcos Rog\u00e9rio","Marisa Wanzeller","Medida Provis\u00f3ria","Minist\u00e9rio de Minas e Energia","ONS","Reforma do Setor El\u00e9trico","Regula\u00e7\u00e3o","Senado Federal"],"articleSection":["Destaque lista","Geral","iNFRAEnergia"],"inLanguage":"pt-BR","copyrightYear":"2025","copyrightHolder":{"@id":"https:\/\/agenciainfra.com\/blog\/#organization"}},{"@type":"WebPage","@id":"https:\/\/agenciainfra.com\/blog\/senador-marcos-rogerio-diz-nao-ver-ambiente-para-reforma-no-setor-eletrico-via-medida-provisoria\/","url":"https:\/\/agenciainfra.com\/blog\/senador-marcos-rogerio-diz-nao-ver-ambiente-para-reforma-no-setor-eletrico-via-medida-provisoria\/","name":"Senador Marcos Rog\u00e9rio diz n\u00e3o ver \"ambiente\" para reforma no setor el\u00e9trico via medida provis\u00f3ria - Ag\u00eancia iNFRA","isPartOf":{"@id":"https:\/\/agenciainfra.com\/blog\/#website"},"primaryImageOfPage":{"@id":"https:\/\/agenciainfra.com\/blog\/senador-marcos-rogerio-diz-nao-ver-ambiente-para-reforma-no-setor-eletrico-via-medida-provisoria\/#primaryimage"},"image":{"@id":"https:\/\/agenciainfra.com\/blog\/senador-marcos-rogerio-diz-nao-ver-ambiente-para-reforma-no-setor-eletrico-via-medida-provisoria\/#primaryimage"},"thumbnailUrl":"https:\/\/agenciainfra.com\/blog\/wp-content\/uploads\/2025\/03\/marcos-rogerio-foto-waldemir-barreto-agencia-senado.jpg","datePublished":"2025-03-27T12:00:00+00:00","breadcrumb":{"@id":"https:\/\/agenciainfra.com\/blog\/senador-marcos-rogerio-diz-nao-ver-ambiente-para-reforma-no-setor-eletrico-via-medida-provisoria\/#breadcrumb"},"inLanguage":"pt-BR","potentialAction":[{"@type":"ReadAction","target":["https:\/\/agenciainfra.com\/blog\/senador-marcos-rogerio-diz-nao-ver-ambiente-para-reforma-no-setor-eletrico-via-medida-provisoria\/"]}]},{"@type":"ImageObject","inLanguage":"pt-BR","@id":"https:\/\/agenciainfra.com\/blog\/senador-marcos-rogerio-diz-nao-ver-ambiente-para-reforma-no-setor-eletrico-via-medida-provisoria\/#primaryimage","url":"https:\/\/agenciainfra.com\/blog\/wp-content\/uploads\/2025\/03\/marcos-rogerio-foto-waldemir-barreto-agencia-senado.jpg","contentUrl":"https:\/\/agenciainfra.com\/blog\/wp-content\/uploads\/2025\/03\/marcos-rogerio-foto-waldemir-barreto-agencia-senado.jpg","width":1208,"height":801,"caption":"Foto: Waldemir Barreto\/Ag\u00eancia Senado"},{"@type":"BreadcrumbList","@id":"https:\/\/agenciainfra.com\/blog\/senador-marcos-rogerio-diz-nao-ver-ambiente-para-reforma-no-setor-eletrico-via-medida-provisoria\/#breadcrumb","itemListElement":[{"@type":"ListItem","position":1,"name":"In\u00edcio","item":"https:\/\/agenciainfra.com\/blog\/"},{"@type":"ListItem","position":2,"name":"Senador Marcos Rog\u00e9rio diz n\u00e3o ver &#8220;ambiente&#8221; para reforma no setor el\u00e9trico via medida provis\u00f3ria"}]},{"@type":"WebSite","@id":"https:\/\/agenciainfra.com\/blog\/#website","url":"https:\/\/agenciainfra.com\/blog\/","name":"Ag\u00eancia iNFRA","description":"Multiplataforma de informa\u00e7\u00e3o jornal\u00edstica refer\u00eancia na \u00e1rea de infraestrutura no Brasil!","publisher":{"@id":"https:\/\/agenciainfra.com\/blog\/#organization"},"potentialAction":[{"@type":"SearchAction","target":{"@type":"EntryPoint","urlTemplate":"https:\/\/agenciainfra.com\/blog\/?s={search_term_string}"},"query-input":{"@type":"PropertyValueSpecification","valueRequired":true,"valueName":"search_term_string"}}],"inLanguage":"pt-BR"},{"@type":"Organization","@id":"https:\/\/agenciainfra.com\/blog\/#organization","name":"Ag\u00eancia iNFRA","url":"https:\/\/agenciainfra.com\/blog\/","logo":{"@type":"ImageObject","inLanguage":"pt-BR","@id":"https:\/\/agenciainfra.com\/blog\/#\/schema\/logo\/image\/","url":"https:\/\/agenciainfra.com\/blog\/wp-content\/uploads\/2023\/09\/iNFRA_5-e1761735885940.png","contentUrl":"https:\/\/agenciainfra.com\/blog\/wp-content\/uploads\/2023\/09\/iNFRA_5-e1761735885940.png","width":1672,"height":454,"caption":"Ag\u00eancia iNFRA"},"image":{"@id":"https:\/\/agenciainfra.com\/blog\/#\/schema\/logo\/image\/"},"sameAs":["https:\/\/www.facebook.com\/ageninfra","https:\/\/x.com\/agencia_infra","https:\/\/www.linkedin.com\/company\/ag\u00eanciainfra\/","https:\/\/www.instagram.com\/agenciainfra\/"]},{"@type":"Person","@id":"https:\/\/agenciainfra.com\/blog\/#\/schema\/person\/34af08dff6adea4cb22b06612ba7acfa","name":"Ag\u00eancia iNFRA","image":{"@type":"ImageObject","inLanguage":"pt-BR","@id":"https:\/\/agenciainfra.com\/blog\/#\/schema\/person\/image\/","url":"https:\/\/secure.gravatar.com\/avatar\/d189e01678f06d8eb84d4e01f08eb848b3fffe3f8443818d3c356c66892f5be8?s=96&d=mm&r=g","contentUrl":"https:\/\/secure.gravatar.com\/avatar\/d189e01678f06d8eb84d4e01f08eb848b3fffe3f8443818d3c356c66892f5be8?s=96&d=mm&r=g","caption":"Ag\u00eancia iNFRA"},"url":"https:\/\/agenciainfra.com\/blog\/author\/admin\/"}]}},"_links":{"self":[{"href":"https:\/\/agenciainfra.com\/blog\/wp-json\/wp\/v2\/posts\/20736","targetHints":{"allow":["GET"]}}],"collection":[{"href":"https:\/\/agenciainfra.com\/blog\/wp-json\/wp\/v2\/posts"}],"about":[{"href":"https:\/\/agenciainfra.com\/blog\/wp-json\/wp\/v2\/types\/post"}],"author":[{"embeddable":true,"href":"https:\/\/agenciainfra.com\/blog\/wp-json\/wp\/v2\/users\/1"}],"replies":[{"embeddable":true,"href":"https:\/\/agenciainfra.com\/blog\/wp-json\/wp\/v2\/comments?post=20736"}],"version-history":[{"count":1,"href":"https:\/\/agenciainfra.com\/blog\/wp-json\/wp\/v2\/posts\/20736\/revisions"}],"predecessor-version":[{"id":20738,"href":"https:\/\/agenciainfra.com\/blog\/wp-json\/wp\/v2\/posts\/20736\/revisions\/20738"}],"wp:featuredmedia":[{"embeddable":true,"href":"https:\/\/agenciainfra.com\/blog\/wp-json\/wp\/v2\/media\/20737"}],"wp:attachment":[{"href":"https:\/\/agenciainfra.com\/blog\/wp-json\/wp\/v2\/media?parent=20736"}],"wp:term":[{"taxonomy":"category","embeddable":true,"href":"https:\/\/agenciainfra.com\/blog\/wp-json\/wp\/v2\/categories?post=20736"},{"taxonomy":"post_tag","embeddable":true,"href":"https:\/\/agenciainfra.com\/blog\/wp-json\/wp\/v2\/tags?post=20736"}],"curies":[{"name":"wp","href":"https:\/\/api.w.org\/{rel}","templated":true}]}}