{"id":20755,"date":"2025-03-28T08:00:00","date_gmt":"2025-03-28T11:00:00","guid":{"rendered":"https:\/\/agenciainfra.com\/blog\/?p=20755"},"modified":"2025-03-28T06:33:29","modified_gmt":"2025-03-28T09:33:29","slug":"aneel-pauta-processo-sobre-renovacao-da-edp-espirito-santo-para-a-proxima-terca-feira-1o","status":"publish","type":"post","link":"https:\/\/agenciainfra.com\/blog\/aneel-pauta-processo-sobre-renovacao-da-edp-espirito-santo-para-a-proxima-terca-feira-1o\/","title":{"rendered":"ANEEL pauta processo sobre renova\u00e7\u00e3o da EDP Esp\u00edrito Santo para a pr\u00f3xima ter\u00e7a-feira (1\u00ba)"},"content":{"rendered":"\n<p class=\"has-text-align-right\"><strong>Geraldo Campos Jr. e Marisa Wanzeller, da Ag\u00eancia iNFRA<\/strong><\/p>\n\n\n\n<p>O processo que trata da renova\u00e7\u00e3o da concess\u00e3o da EDP Esp\u00edrito Santo est\u00e1 na&nbsp;<a href=\"https:\/\/www2.aneel.gov.br\/aplicacoes_liferay\/noticias_area\/dsp_detalheNoticia.cfm?idNoticia=14558&amp;idAreaNoticia=425\" target=\"_blank\" rel=\"noreferrer noopener\">pauta<\/a>&nbsp;da reuni\u00e3o de diretoria da ANEEL (Ag\u00eancia Nacional de Energia El\u00e9trica) que ocorre na pr\u00f3xima ter\u00e7a-feira (1\u00ba). O item \u00e9 relatado pela diretora substituta Ludimila Lima.&nbsp;<\/p>\n\n\n\n<p>A distribuidora ser\u00e1 a primeira de uma s\u00e9rie de 19 concess\u00f5es que ter\u00e3o prorroga\u00e7\u00e3o contratual analisada pela ag\u00eancia. O atual contrato da EDP termina em 17 de julho deste ano.<\/p>\n\n\n\n<p>A distribuidora afirmou ter recebido com satisfa\u00e7\u00e3o a not\u00edcia de que o processo foi pautado. \u201c[Este avan\u00e7o] refor\u00e7a nossa confian\u00e7a de que a assinatura do contrato acontecer\u00e1 at\u00e9 o final de maio, um marco de grande valor para o Grupo EDP, garantindo previsibilidade, seguran\u00e7a e fortalecendo nossa atua\u00e7\u00e3o no pa\u00eds pelos pr\u00f3ximos anos\u201d, disse.<\/p>\n\n\n\n<p>Ainda segundo a distribuidora, \u201ceste \u00e9 um passo fundamental para a continuidade da atua\u00e7\u00e3o da empresa no Brasil, especialmente no Estado do Esp\u00edrito Santo, que \u00e9 a primeira concess\u00e3o deste ciclo a vencer\u201d.&nbsp;<\/p>\n\n\n\n<p><strong>Adequa\u00e7\u00e3o ao decreto<\/strong><br>No processo, a diretoria deve avaliar se a distribuidora cumpre crit\u00e9rios para prorroga\u00e7\u00e3o do contrato, conforme o&nbsp;<a href=\"https:\/\/www.planalto.gov.br\/ccivil_03\/_ato2023-2026\/2024\/decreto\/d12068.htm\" target=\"_blank\" rel=\"noreferrer noopener\">Decreto 12.068\/2024<\/a>, que estipulou as diretrizes para as concession\u00e1rias terem as renova\u00e7\u00f5es.&nbsp;<\/p>\n\n\n\n<p>As \u00e1reas t\u00e9cnicas da ag\u00eancia afirmaram que a empresa atende aos crit\u00e9rios relativos \u00e0 efici\u00eancia na continuidade do fornecimento e na gest\u00e3o econ\u00f4mico-financeira, ficando dentro dos par\u00e2metros estipulados em indicadores como DEC (dura\u00e7\u00e3o de interrup\u00e7\u00f5es), FEC (frequ\u00eancia de interrup\u00e7\u00f5es), endividamento e alavancagem, conforme&nbsp;<a href=\"https:\/\/sei.aneel.gov.br\/sei\/modulos\/pesquisa\/md_pesq_documento_consulta_externa.php?yPDszXhdoNcWQHJaQlHJmJIqCNXRK_Sh2SMdn1U-tzNBbK0ExGKouIyNgaJ2dM1AU0kCdiN5xbxM23pVEQ2H6axS4y4yQs61xkf0kJGrTQYy5Hml71eWmuxPiVb7gs0D\" target=\"_blank\" rel=\"noreferrer noopener\">nota t\u00e9cnica<\/a>&nbsp;emitida em 26 de fevereiro. Agora, os diretores podem referendar ou n\u00e3o o parecer t\u00e9cnico.&nbsp;<\/p>\n\n\n\n<p>O diretor-geral da ag\u00eancia, Sandoval Feitosa, disse \u00e0 imprensa na \u00faltima ter\u00e7a-feira (25) que a concess\u00e3o \u201ctem indicadores que trazem uma maior ader\u00eancia \u00e0s exig\u00eancias do decreto&#8221;. Ele tamb\u00e9m informou que, junto com a relatora, vai se reunir com o governador do Esp\u00edrito Santo, Renato Casagrande (PSB), na pr\u00f3xima segunda-feira (31).<\/p>\n\n\n\n<p>\u201cVamos, enfim, conversar com o chefe do Poder Executivo estadual em uma defer\u00eancia, uma vez que n\u00f3s iremos instruir um processo que impactar\u00e1, de um lado ou de outro, renovando ou n\u00e3o, a vida da popula\u00e7\u00e3o do estado do Esp\u00edrito Santo pelos pr\u00f3ximos 30 anos&#8221;, declarou.<\/p>\n","protected":false},"excerpt":{"rendered":"<p>Geraldo Campos Jr. e Marisa Wanzeller, da Ag\u00eancia iNFRA O processo que trata da renova\u00e7\u00e3o da concess\u00e3o da EDP Esp\u00edrito Santo est\u00e1 na&nbsp;pauta&nbsp;da reuni\u00e3o de diretoria da ANEEL (Ag\u00eancia Nacional de Energia El\u00e9trica) que ocorre na pr\u00f3xima ter\u00e7a-feira (1\u00ba). O item \u00e9 relatado pela diretora substituta Ludimila Lima.&nbsp; A distribuidora ser\u00e1 a primeira de uma [&hellip;]<\/p>\n","protected":false},"author":1,"featured_media":10065,"comment_status":"closed","ping_status":"closed","sticky":false,"template":"","format":"standard","meta":{"_monsterinsights_skip_tracking":false,"_monsterinsights_sitenote_active":false,"_monsterinsights_sitenote_note":"","_monsterinsights_sitenote_category":0,"footnotes":""},"categories":[7250,1,10],"tags":[9043,491,12246,11594,7366,11709,11535,12907,12770],"class_list":["post-20755","post","type-post","status-publish","format-standard","has-post-thumbnail","hentry","category-destaque-lista","category-geral","category-infraenergia","tag-concessao-de-energia","tag-distribuidoras-de-energia","tag-edp-espirito-santo","tag-geraldo-campos-jr","tag-marisa-wanzeller","tag-pauta-aneel","tag-renovacao-de-concessao","tag-renovacao-de-contrato","tag-reuniao-aneel"],"yoast_head":"<!-- This site is optimized with the Yoast SEO Premium plugin v25.4 (Yoast SEO v26.0) - https:\/\/yoast.com\/wordpress\/plugins\/seo\/ -->\n<title>ANEEL pauta processo sobre renova\u00e7\u00e3o da EDP Esp\u00edrito Santo para a pr\u00f3xima ter\u00e7a-feira (1\u00ba) - Ag\u00eancia iNFRA<\/title>\n<meta name=\"robots\" content=\"index, follow, max-snippet:-1, max-image-preview:large, max-video-preview:-1\" \/>\n<link rel=\"canonical\" href=\"https:\/\/agenciainfra.com\/blog\/aneel-pauta-processo-sobre-renovacao-da-edp-espirito-santo-para-a-proxima-terca-feira-1o\/\" \/>\n<meta property=\"og:locale\" content=\"pt_BR\" \/>\n<meta property=\"og:type\" content=\"article\" \/>\n<meta property=\"og:title\" content=\"ANEEL pauta processo sobre renova\u00e7\u00e3o da EDP Esp\u00edrito Santo para a pr\u00f3xima ter\u00e7a-feira (1\u00ba)\" \/>\n<meta property=\"og:description\" content=\"Geraldo Campos Jr. e Marisa Wanzeller, da Ag\u00eancia iNFRA O processo que trata da renova\u00e7\u00e3o da concess\u00e3o da EDP Esp\u00edrito Santo est\u00e1 na&nbsp;pauta&nbsp;da reuni\u00e3o de diretoria da ANEEL (Ag\u00eancia Nacional de Energia El\u00e9trica) que ocorre na pr\u00f3xima ter\u00e7a-feira (1\u00ba). O item \u00e9 relatado pela diretora substituta Ludimila Lima.&nbsp; A distribuidora ser\u00e1 a primeira de uma [&hellip;]\" \/>\n<meta property=\"og:url\" content=\"https:\/\/agenciainfra.com\/blog\/aneel-pauta-processo-sobre-renovacao-da-edp-espirito-santo-para-a-proxima-terca-feira-1o\/\" \/>\n<meta property=\"og:site_name\" content=\"Ag\u00eancia iNFRA\" \/>\n<meta property=\"article:publisher\" content=\"https:\/\/www.facebook.com\/ageninfra\" \/>\n<meta property=\"article:published_time\" content=\"2025-03-28T11:00:00+00:00\" \/>\n<meta property=\"og:image\" content=\"https:\/\/agenciainfra.com\/blog\/wp-content\/uploads\/2022\/04\/divulgacao-aneel-scaled.jpeg\" \/>\n\t<meta property=\"og:image:width\" content=\"2560\" \/>\n\t<meta property=\"og:image:height\" content=\"1707\" \/>\n\t<meta property=\"og:image:type\" content=\"image\/jpeg\" \/>\n<meta name=\"author\" content=\"Ag\u00eancia iNFRA\" \/>\n<meta name=\"twitter:card\" content=\"summary_large_image\" \/>\n<meta name=\"twitter:creator\" content=\"@agencia_infra\" \/>\n<meta name=\"twitter:site\" content=\"@agencia_infra\" \/>\n<meta name=\"twitter:label1\" content=\"Escrito por\" \/>\n\t<meta name=\"twitter:data1\" content=\"Ag\u00eancia iNFRA\" \/>\n\t<meta name=\"twitter:label2\" content=\"Est. tempo de leitura\" \/>\n\t<meta name=\"twitter:data2\" content=\"2 minutos\" \/>\n<script type=\"application\/ld+json\" class=\"yoast-schema-graph\">{\"@context\":\"https:\/\/schema.org\",\"@graph\":[{\"@type\":\"Article\",\"@id\":\"https:\/\/agenciainfra.com\/blog\/aneel-pauta-processo-sobre-renovacao-da-edp-espirito-santo-para-a-proxima-terca-feira-1o\/#article\",\"isPartOf\":{\"@id\":\"https:\/\/agenciainfra.com\/blog\/aneel-pauta-processo-sobre-renovacao-da-edp-espirito-santo-para-a-proxima-terca-feira-1o\/\"},\"author\":{\"name\":\"Ag\u00eancia iNFRA\",\"@id\":\"https:\/\/agenciainfra.com\/blog\/#\/schema\/person\/34af08dff6adea4cb22b06612ba7acfa\"},\"headline\":\"ANEEL pauta processo sobre renova\u00e7\u00e3o da EDP Esp\u00edrito Santo para a pr\u00f3xima ter\u00e7a-feira (1\u00ba)\",\"datePublished\":\"2025-03-28T11:00:00+00:00\",\"mainEntityOfPage\":{\"@id\":\"https:\/\/agenciainfra.com\/blog\/aneel-pauta-processo-sobre-renovacao-da-edp-espirito-santo-para-a-proxima-terca-feira-1o\/\"},\"wordCount\":428,\"publisher\":{\"@id\":\"https:\/\/agenciainfra.com\/blog\/#organization\"},\"image\":{\"@id\":\"https:\/\/agenciainfra.com\/blog\/aneel-pauta-processo-sobre-renovacao-da-edp-espirito-santo-para-a-proxima-terca-feira-1o\/#primaryimage\"},\"thumbnailUrl\":\"https:\/\/agenciainfra.com\/blog\/wp-content\/uploads\/2022\/04\/divulgacao-aneel-scaled-e1770122374333.jpeg\",\"keywords\":[\"Concess\u00e3o de energia\",\"distribuidoras de energia\",\"EDP Esp\u00edrito Santo\",\"Geraldo Campos Jr.\",\"Marisa Wanzeller\",\"pauta ANEEL\",\"Renova\u00e7\u00e3o de concess\u00e3o\",\"renova\u00e7\u00e3o de contrato\",\"reuni\u00e3o aneel\"],\"articleSection\":[\"Destaque lista\",\"Geral\",\"iNFRAEnergia\"],\"inLanguage\":\"pt-BR\",\"copyrightYear\":\"2025\",\"copyrightHolder\":{\"@id\":\"https:\/\/agenciainfra.com\/blog\/#organization\"}},{\"@type\":\"WebPage\",\"@id\":\"https:\/\/agenciainfra.com\/blog\/aneel-pauta-processo-sobre-renovacao-da-edp-espirito-santo-para-a-proxima-terca-feira-1o\/\",\"url\":\"https:\/\/agenciainfra.com\/blog\/aneel-pauta-processo-sobre-renovacao-da-edp-espirito-santo-para-a-proxima-terca-feira-1o\/\",\"name\":\"ANEEL pauta processo sobre renova\u00e7\u00e3o da EDP Esp\u00edrito Santo para a pr\u00f3xima ter\u00e7a-feira (1\u00ba) - Ag\u00eancia iNFRA\",\"isPartOf\":{\"@id\":\"https:\/\/agenciainfra.com\/blog\/#website\"},\"primaryImageOfPage\":{\"@id\":\"https:\/\/agenciainfra.com\/blog\/aneel-pauta-processo-sobre-renovacao-da-edp-espirito-santo-para-a-proxima-terca-feira-1o\/#primaryimage\"},\"image\":{\"@id\":\"https:\/\/agenciainfra.com\/blog\/aneel-pauta-processo-sobre-renovacao-da-edp-espirito-santo-para-a-proxima-terca-feira-1o\/#primaryimage\"},\"thumbnailUrl\":\"https:\/\/agenciainfra.com\/blog\/wp-content\/uploads\/2022\/04\/divulgacao-aneel-scaled-e1770122374333.jpeg\",\"datePublished\":\"2025-03-28T11:00:00+00:00\",\"breadcrumb\":{\"@id\":\"https:\/\/agenciainfra.com\/blog\/aneel-pauta-processo-sobre-renovacao-da-edp-espirito-santo-para-a-proxima-terca-feira-1o\/#breadcrumb\"},\"inLanguage\":\"pt-BR\",\"potentialAction\":[{\"@type\":\"ReadAction\",\"target\":[\"https:\/\/agenciainfra.com\/blog\/aneel-pauta-processo-sobre-renovacao-da-edp-espirito-santo-para-a-proxima-terca-feira-1o\/\"]}]},{\"@type\":\"ImageObject\",\"inLanguage\":\"pt-BR\",\"@id\":\"https:\/\/agenciainfra.com\/blog\/aneel-pauta-processo-sobre-renovacao-da-edp-espirito-santo-para-a-proxima-terca-feira-1o\/#primaryimage\",\"url\":\"https:\/\/agenciainfra.com\/blog\/wp-content\/uploads\/2022\/04\/divulgacao-aneel-scaled-e1770122374333.jpeg\",\"contentUrl\":\"https:\/\/agenciainfra.com\/blog\/wp-content\/uploads\/2022\/04\/divulgacao-aneel-scaled-e1770122374333.jpeg\",\"width\":1280,\"height\":750,\"caption\":\"Foto: ANEEL\"},{\"@type\":\"BreadcrumbList\",\"@id\":\"https:\/\/agenciainfra.com\/blog\/aneel-pauta-processo-sobre-renovacao-da-edp-espirito-santo-para-a-proxima-terca-feira-1o\/#breadcrumb\",\"itemListElement\":[{\"@type\":\"ListItem\",\"position\":1,\"name\":\"In\u00edcio\",\"item\":\"https:\/\/agenciainfra.com\/blog\/\"},{\"@type\":\"ListItem\",\"position\":2,\"name\":\"ANEEL pauta processo sobre renova\u00e7\u00e3o da EDP Esp\u00edrito Santo para a pr\u00f3xima ter\u00e7a-feira (1\u00ba)\"}]},{\"@type\":\"WebSite\",\"@id\":\"https:\/\/agenciainfra.com\/blog\/#website\",\"url\":\"https:\/\/agenciainfra.com\/blog\/\",\"name\":\"Ag\u00eancia iNFRA\",\"description\":\"Multiplataforma de informa\u00e7\u00e3o jornal\u00edstica refer\u00eancia na \u00e1rea de infraestrutura no Brasil!\",\"publisher\":{\"@id\":\"https:\/\/agenciainfra.com\/blog\/#organization\"},\"potentialAction\":[{\"@type\":\"SearchAction\",\"target\":{\"@type\":\"EntryPoint\",\"urlTemplate\":\"https:\/\/agenciainfra.com\/blog\/?s={search_term_string}\"},\"query-input\":{\"@type\":\"PropertyValueSpecification\",\"valueRequired\":true,\"valueName\":\"search_term_string\"}}],\"inLanguage\":\"pt-BR\"},{\"@type\":\"Organization\",\"@id\":\"https:\/\/agenciainfra.com\/blog\/#organization\",\"name\":\"Ag\u00eancia iNFRA\",\"url\":\"https:\/\/agenciainfra.com\/blog\/\",\"logo\":{\"@type\":\"ImageObject\",\"inLanguage\":\"pt-BR\",\"@id\":\"https:\/\/agenciainfra.com\/blog\/#\/schema\/logo\/image\/\",\"url\":\"https:\/\/agenciainfra.com\/blog\/wp-content\/uploads\/2023\/09\/iNFRA_5-e1761735885940.png\",\"contentUrl\":\"https:\/\/agenciainfra.com\/blog\/wp-content\/uploads\/2023\/09\/iNFRA_5-e1761735885940.png\",\"width\":1672,\"height\":454,\"caption\":\"Ag\u00eancia iNFRA\"},\"image\":{\"@id\":\"https:\/\/agenciainfra.com\/blog\/#\/schema\/logo\/image\/\"},\"sameAs\":[\"https:\/\/www.facebook.com\/ageninfra\",\"https:\/\/x.com\/agencia_infra\",\"https:\/\/www.linkedin.com\/company\/ag\u00eanciainfra\/\",\"https:\/\/www.instagram.com\/agenciainfra\/\"]},{\"@type\":\"Person\",\"@id\":\"https:\/\/agenciainfra.com\/blog\/#\/schema\/person\/34af08dff6adea4cb22b06612ba7acfa\",\"name\":\"Ag\u00eancia iNFRA\",\"image\":{\"@type\":\"ImageObject\",\"inLanguage\":\"pt-BR\",\"@id\":\"https:\/\/agenciainfra.com\/blog\/#\/schema\/person\/image\/\",\"url\":\"https:\/\/secure.gravatar.com\/avatar\/d189e01678f06d8eb84d4e01f08eb848b3fffe3f8443818d3c356c66892f5be8?s=96&d=mm&r=g\",\"contentUrl\":\"https:\/\/secure.gravatar.com\/avatar\/d189e01678f06d8eb84d4e01f08eb848b3fffe3f8443818d3c356c66892f5be8?s=96&d=mm&r=g\",\"caption\":\"Ag\u00eancia iNFRA\"},\"url\":\"https:\/\/agenciainfra.com\/blog\/author\/admin\/\"}]}<\/script>\n<!-- \/ Yoast SEO Premium plugin. -->","yoast_head_json":{"title":"ANEEL pauta processo sobre renova\u00e7\u00e3o da EDP Esp\u00edrito Santo para a pr\u00f3xima ter\u00e7a-feira (1\u00ba) - Ag\u00eancia iNFRA","robots":{"index":"index","follow":"follow","max-snippet":"max-snippet:-1","max-image-preview":"max-image-preview:large","max-video-preview":"max-video-preview:-1"},"canonical":"https:\/\/agenciainfra.com\/blog\/aneel-pauta-processo-sobre-renovacao-da-edp-espirito-santo-para-a-proxima-terca-feira-1o\/","og_locale":"pt_BR","og_type":"article","og_title":"ANEEL pauta processo sobre renova\u00e7\u00e3o da EDP Esp\u00edrito Santo para a pr\u00f3xima ter\u00e7a-feira (1\u00ba)","og_description":"Geraldo Campos Jr. e Marisa Wanzeller, da Ag\u00eancia iNFRA O processo que trata da renova\u00e7\u00e3o da concess\u00e3o da EDP Esp\u00edrito Santo est\u00e1 na&nbsp;pauta&nbsp;da reuni\u00e3o de diretoria da ANEEL (Ag\u00eancia Nacional de Energia El\u00e9trica) que ocorre na pr\u00f3xima ter\u00e7a-feira (1\u00ba). O item \u00e9 relatado pela diretora substituta Ludimila Lima.&nbsp; A distribuidora ser\u00e1 a primeira de uma [&hellip;]","og_url":"https:\/\/agenciainfra.com\/blog\/aneel-pauta-processo-sobre-renovacao-da-edp-espirito-santo-para-a-proxima-terca-feira-1o\/","og_site_name":"Ag\u00eancia iNFRA","article_publisher":"https:\/\/www.facebook.com\/ageninfra","article_published_time":"2025-03-28T11:00:00+00:00","og_image":[{"width":2560,"height":1707,"url":"https:\/\/agenciainfra.com\/blog\/wp-content\/uploads\/2022\/04\/divulgacao-aneel-scaled.jpeg","type":"image\/jpeg"}],"author":"Ag\u00eancia iNFRA","twitter_card":"summary_large_image","twitter_creator":"@agencia_infra","twitter_site":"@agencia_infra","twitter_misc":{"Escrito por":"Ag\u00eancia iNFRA","Est. tempo de leitura":"2 minutos"},"schema":{"@context":"https:\/\/schema.org","@graph":[{"@type":"Article","@id":"https:\/\/agenciainfra.com\/blog\/aneel-pauta-processo-sobre-renovacao-da-edp-espirito-santo-para-a-proxima-terca-feira-1o\/#article","isPartOf":{"@id":"https:\/\/agenciainfra.com\/blog\/aneel-pauta-processo-sobre-renovacao-da-edp-espirito-santo-para-a-proxima-terca-feira-1o\/"},"author":{"name":"Ag\u00eancia iNFRA","@id":"https:\/\/agenciainfra.com\/blog\/#\/schema\/person\/34af08dff6adea4cb22b06612ba7acfa"},"headline":"ANEEL pauta processo sobre renova\u00e7\u00e3o da EDP Esp\u00edrito Santo para a pr\u00f3xima ter\u00e7a-feira (1\u00ba)","datePublished":"2025-03-28T11:00:00+00:00","mainEntityOfPage":{"@id":"https:\/\/agenciainfra.com\/blog\/aneel-pauta-processo-sobre-renovacao-da-edp-espirito-santo-para-a-proxima-terca-feira-1o\/"},"wordCount":428,"publisher":{"@id":"https:\/\/agenciainfra.com\/blog\/#organization"},"image":{"@id":"https:\/\/agenciainfra.com\/blog\/aneel-pauta-processo-sobre-renovacao-da-edp-espirito-santo-para-a-proxima-terca-feira-1o\/#primaryimage"},"thumbnailUrl":"https:\/\/agenciainfra.com\/blog\/wp-content\/uploads\/2022\/04\/divulgacao-aneel-scaled-e1770122374333.jpeg","keywords":["Concess\u00e3o de energia","distribuidoras de energia","EDP Esp\u00edrito Santo","Geraldo Campos Jr.","Marisa Wanzeller","pauta ANEEL","Renova\u00e7\u00e3o de concess\u00e3o","renova\u00e7\u00e3o de contrato","reuni\u00e3o aneel"],"articleSection":["Destaque lista","Geral","iNFRAEnergia"],"inLanguage":"pt-BR","copyrightYear":"2025","copyrightHolder":{"@id":"https:\/\/agenciainfra.com\/blog\/#organization"}},{"@type":"WebPage","@id":"https:\/\/agenciainfra.com\/blog\/aneel-pauta-processo-sobre-renovacao-da-edp-espirito-santo-para-a-proxima-terca-feira-1o\/","url":"https:\/\/agenciainfra.com\/blog\/aneel-pauta-processo-sobre-renovacao-da-edp-espirito-santo-para-a-proxima-terca-feira-1o\/","name":"ANEEL pauta processo sobre renova\u00e7\u00e3o da EDP Esp\u00edrito Santo para a pr\u00f3xima ter\u00e7a-feira (1\u00ba) - Ag\u00eancia iNFRA","isPartOf":{"@id":"https:\/\/agenciainfra.com\/blog\/#website"},"primaryImageOfPage":{"@id":"https:\/\/agenciainfra.com\/blog\/aneel-pauta-processo-sobre-renovacao-da-edp-espirito-santo-para-a-proxima-terca-feira-1o\/#primaryimage"},"image":{"@id":"https:\/\/agenciainfra.com\/blog\/aneel-pauta-processo-sobre-renovacao-da-edp-espirito-santo-para-a-proxima-terca-feira-1o\/#primaryimage"},"thumbnailUrl":"https:\/\/agenciainfra.com\/blog\/wp-content\/uploads\/2022\/04\/divulgacao-aneel-scaled-e1770122374333.jpeg","datePublished":"2025-03-28T11:00:00+00:00","breadcrumb":{"@id":"https:\/\/agenciainfra.com\/blog\/aneel-pauta-processo-sobre-renovacao-da-edp-espirito-santo-para-a-proxima-terca-feira-1o\/#breadcrumb"},"inLanguage":"pt-BR","potentialAction":[{"@type":"ReadAction","target":["https:\/\/agenciainfra.com\/blog\/aneel-pauta-processo-sobre-renovacao-da-edp-espirito-santo-para-a-proxima-terca-feira-1o\/"]}]},{"@type":"ImageObject","inLanguage":"pt-BR","@id":"https:\/\/agenciainfra.com\/blog\/aneel-pauta-processo-sobre-renovacao-da-edp-espirito-santo-para-a-proxima-terca-feira-1o\/#primaryimage","url":"https:\/\/agenciainfra.com\/blog\/wp-content\/uploads\/2022\/04\/divulgacao-aneel-scaled-e1770122374333.jpeg","contentUrl":"https:\/\/agenciainfra.com\/blog\/wp-content\/uploads\/2022\/04\/divulgacao-aneel-scaled-e1770122374333.jpeg","width":1280,"height":750,"caption":"Foto: ANEEL"},{"@type":"BreadcrumbList","@id":"https:\/\/agenciainfra.com\/blog\/aneel-pauta-processo-sobre-renovacao-da-edp-espirito-santo-para-a-proxima-terca-feira-1o\/#breadcrumb","itemListElement":[{"@type":"ListItem","position":1,"name":"In\u00edcio","item":"https:\/\/agenciainfra.com\/blog\/"},{"@type":"ListItem","position":2,"name":"ANEEL pauta processo sobre renova\u00e7\u00e3o da EDP Esp\u00edrito Santo para a pr\u00f3xima ter\u00e7a-feira (1\u00ba)"}]},{"@type":"WebSite","@id":"https:\/\/agenciainfra.com\/blog\/#website","url":"https:\/\/agenciainfra.com\/blog\/","name":"Ag\u00eancia iNFRA","description":"Multiplataforma de informa\u00e7\u00e3o jornal\u00edstica refer\u00eancia na \u00e1rea de infraestrutura no Brasil!","publisher":{"@id":"https:\/\/agenciainfra.com\/blog\/#organization"},"potentialAction":[{"@type":"SearchAction","target":{"@type":"EntryPoint","urlTemplate":"https:\/\/agenciainfra.com\/blog\/?s={search_term_string}"},"query-input":{"@type":"PropertyValueSpecification","valueRequired":true,"valueName":"search_term_string"}}],"inLanguage":"pt-BR"},{"@type":"Organization","@id":"https:\/\/agenciainfra.com\/blog\/#organization","name":"Ag\u00eancia iNFRA","url":"https:\/\/agenciainfra.com\/blog\/","logo":{"@type":"ImageObject","inLanguage":"pt-BR","@id":"https:\/\/agenciainfra.com\/blog\/#\/schema\/logo\/image\/","url":"https:\/\/agenciainfra.com\/blog\/wp-content\/uploads\/2023\/09\/iNFRA_5-e1761735885940.png","contentUrl":"https:\/\/agenciainfra.com\/blog\/wp-content\/uploads\/2023\/09\/iNFRA_5-e1761735885940.png","width":1672,"height":454,"caption":"Ag\u00eancia iNFRA"},"image":{"@id":"https:\/\/agenciainfra.com\/blog\/#\/schema\/logo\/image\/"},"sameAs":["https:\/\/www.facebook.com\/ageninfra","https:\/\/x.com\/agencia_infra","https:\/\/www.linkedin.com\/company\/ag\u00eanciainfra\/","https:\/\/www.instagram.com\/agenciainfra\/"]},{"@type":"Person","@id":"https:\/\/agenciainfra.com\/blog\/#\/schema\/person\/34af08dff6adea4cb22b06612ba7acfa","name":"Ag\u00eancia iNFRA","image":{"@type":"ImageObject","inLanguage":"pt-BR","@id":"https:\/\/agenciainfra.com\/blog\/#\/schema\/person\/image\/","url":"https:\/\/secure.gravatar.com\/avatar\/d189e01678f06d8eb84d4e01f08eb848b3fffe3f8443818d3c356c66892f5be8?s=96&d=mm&r=g","contentUrl":"https:\/\/secure.gravatar.com\/avatar\/d189e01678f06d8eb84d4e01f08eb848b3fffe3f8443818d3c356c66892f5be8?s=96&d=mm&r=g","caption":"Ag\u00eancia iNFRA"},"url":"https:\/\/agenciainfra.com\/blog\/author\/admin\/"}]}},"_links":{"self":[{"href":"https:\/\/agenciainfra.com\/blog\/wp-json\/wp\/v2\/posts\/20755","targetHints":{"allow":["GET"]}}],"collection":[{"href":"https:\/\/agenciainfra.com\/blog\/wp-json\/wp\/v2\/posts"}],"about":[{"href":"https:\/\/agenciainfra.com\/blog\/wp-json\/wp\/v2\/types\/post"}],"author":[{"embeddable":true,"href":"https:\/\/agenciainfra.com\/blog\/wp-json\/wp\/v2\/users\/1"}],"replies":[{"embeddable":true,"href":"https:\/\/agenciainfra.com\/blog\/wp-json\/wp\/v2\/comments?post=20755"}],"version-history":[{"count":1,"href":"https:\/\/agenciainfra.com\/blog\/wp-json\/wp\/v2\/posts\/20755\/revisions"}],"predecessor-version":[{"id":20756,"href":"https:\/\/agenciainfra.com\/blog\/wp-json\/wp\/v2\/posts\/20755\/revisions\/20756"}],"wp:featuredmedia":[{"embeddable":true,"href":"https:\/\/agenciainfra.com\/blog\/wp-json\/wp\/v2\/media\/10065"}],"wp:attachment":[{"href":"https:\/\/agenciainfra.com\/blog\/wp-json\/wp\/v2\/media?parent=20755"}],"wp:term":[{"taxonomy":"category","embeddable":true,"href":"https:\/\/agenciainfra.com\/blog\/wp-json\/wp\/v2\/categories?post=20755"},{"taxonomy":"post_tag","embeddable":true,"href":"https:\/\/agenciainfra.com\/blog\/wp-json\/wp\/v2\/tags?post=20755"}],"curies":[{"name":"wp","href":"https:\/\/api.w.org\/{rel}","templated":true}]}}