{"id":20757,"date":"2025-03-28T09:00:00","date_gmt":"2025-03-28T12:00:00","guid":{"rendered":"https:\/\/agenciainfra.com\/blog\/?p=20757"},"modified":"2025-03-28T07:47:49","modified_gmt":"2025-03-28T10:47:49","slug":"governo-indica-rondeau-tolmasquim-hubner-e-mantega-para-conselhos-da-eletrobras","status":"publish","type":"post","link":"https:\/\/agenciainfra.com\/blog\/governo-indica-rondeau-tolmasquim-hubner-e-mantega-para-conselhos-da-eletrobras\/","title":{"rendered":"Governo indica Rondeau, Tolmasquim, Hubner e Mantega para conselhos da Eletrobras"},"content":{"rendered":"\n<p class=\"has-text-align-right\"><strong>Marisa Wanzeller e Geraldo Campos Jr., da Ag\u00eancia iNFRA<\/strong><\/p>\n\n\n\n<p>O governo federal encaminhou \u00e0 Eletrobras nesta quinta-feira (27) as indica\u00e7\u00f5es para compor as cadeiras da Uni\u00e3o nos conselhos da companhia. Para o CA (Conselho de Administra\u00e7\u00e3o), os indicados foram os ex-ministros de Minas e Energia Silas Rondeau, Maur\u00edcio Tolmasquim e Nelson Hubner.&nbsp;<\/p>\n\n\n\n<p>Para o Conselho Fiscal, foi indicado o ex-ministro da Fazenda Guido Mantega para a vaga de titular. Como suplente, foi encaminhado o nome do atual secret\u00e1rio de Pr\u00eamios e Apostas do Minist\u00e9rio da Fazenda, Regis Dudena.<\/p>\n\n\n\n<p>Os nomes agora precisam passar pela AGO (Assembleia Geral Ordin\u00e1ria) dos acionistas da Eletrobras, marcada para 29 de abril, que tamb\u00e9m deve aprovar o acordo que dar\u00e1 \u00e0 Uni\u00e3o tr\u00eas dos 10 assentos no CA. A convoca\u00e7\u00e3o para a AGO, que seria feita nesta quinta-feira,&nbsp;<a href=\"https:\/\/www.rad.cvm.gov.br\/ENET\/frmExibirArquivoIPEExterno.aspx?NumeroProtocoloEntrega=1352982\" target=\"_blank\" rel=\"noreferrer noopener\">foi adiada<\/a>&nbsp;para hoje (28).<\/p>\n\n\n\n<p>Os nomes foram encaminhados um dia depois de ter sido conclu\u00eddo o acordo entre o governo e a Eletrobras, com a assinatura do termo de concilia\u00e7\u00e3o na quarta-feira (26). A solu\u00e7\u00e3o consensual ainda precisa ser homologada pelo STF (Supremo Tribunal Federal).<\/p>\n\n\n\n<p><strong>Pr\u00f3ximos a Lula<\/strong><br>Segundo fontes, os nomes partiram da Casa Civil e s\u00e3o consideradas pessoas pr\u00f3ximas e de confian\u00e7a do presidente Lula. Rondeau e Hubner foram ministros de Minas e Energia no segundo mandato do petista, assim como Tolmasquim, que chegou a ocupar a chefia da pasta interinamente.&nbsp;<\/p>\n\n\n\n<p>Atualmente, Silas Rondeau \u00e9 presidente da ENBPar (Empresa Brasileira de Participa\u00e7\u00f5es em Energia Nuclear e Binacional), tendo sido indicado em 2024, e Tolmasquim \u00e9 diretor de Transi\u00e7\u00e3o Energ\u00e9tica e Sustentabilidade da Petrobras desde 2023.<\/p>\n\n\n\n<p>Fontes a par das articula\u00e7\u00f5es do governo com a Eletrobras disseram que Nelson Hubner, que tamb\u00e9m \u00e9 ex-diretor-geral da ANEEL (Ag\u00eancia Nacional de Energia El\u00e9trica), posicionava-se contra o acordo que deu maior participa\u00e7\u00e3o \u00e0 Uni\u00e3o nos conselhos da companhia. A informa\u00e7\u00e3o \u00e9 que ele defendia a reestatiza\u00e7\u00e3o da empresa pelo governo Lula.<\/p>\n\n\n\n<p><strong>Conflito de interesse<\/strong><br>A indica\u00e7\u00e3o do atual diretor de Transi\u00e7\u00e3o Energ\u00e9tica da Petrobras, Maur\u00edcio Tolmasquim, foi apontada por agentes do setor como um poss\u00edvel caso de conflito de interesses. As empresas s\u00e3o concorrentes em algumas \u00e1reas de atua\u00e7\u00e3o, como por exemplo com empreendimentos voltados para transi\u00e7\u00e3o energ\u00e9tica. Ambas possuem projetos de usinas e\u00f3licas e solares.<\/p>\n\n\n\n<p>Em&nbsp;<a href=\"https:\/\/www.rad.cvm.gov.br\/ENET\/frmExibirArquivoIPEExterno.aspx?NumeroProtocoloEntrega=1352959\" target=\"_blank\" rel=\"noreferrer noopener\">comunicado ao mercado<\/a>, divulgado na noite desta quinta-feira, a Petrobras afirmou ter sido informada por Tolmasquim de sua indica\u00e7\u00e3o para o cargo no CA da Eletrobras. De acordo com a estatal, &#8220;caso a referida elei\u00e7\u00e3o venha a se confirmar&nbsp;na Assembleia, a companhia examinar\u00e1 os pr\u00f3ximos passos&#8221;.<\/p>\n\n\n\n<p>J\u00e1 Guido Mantega pode enfrentar outro tipo de dificuldade, com a resist\u00eancia dos pr\u00f3prios acionistas da Eletrobras, empresa que atualmente tem seus pap\u00e9is negociados em bolsa. O nome desagrada agentes do mercado financeiro e enfrenta resist\u00eancia em qualquer indica\u00e7\u00e3o em que o governo tenta lan\u00e7\u00e1-lo.<\/p>\n\n\n\n<p>O governo do presidente Lula tenta emplacar o ex-ministro da Fazenda em vagas em empresas h\u00e1 algum tempo. No in\u00edcio do \u00faltimo ano, o governo pressionou para colocar Mantega na Vale. A indica\u00e7\u00e3o s\u00f3 n\u00e3o foi concretizada ap\u00f3s forte resist\u00eancia na empresa. Posteriormente, o governo cogitou colocar Mantega no Conselho de Administra\u00e7\u00e3o da Braskem, nas vagas pertencentes \u00e0 Petrobras, mas a indica\u00e7\u00e3o tamb\u00e9m n\u00e3o foi confirmada.<\/p>\n","protected":false},"excerpt":{"rendered":"<p>Marisa Wanzeller e Geraldo Campos Jr., da Ag\u00eancia iNFRA O governo federal encaminhou \u00e0 Eletrobras nesta quinta-feira (27) as indica\u00e7\u00f5es para compor as cadeiras da Uni\u00e3o nos conselhos da companhia. Para o CA (Conselho de Administra\u00e7\u00e3o), os indicados foram os ex-ministros de Minas e Energia Silas Rondeau, Maur\u00edcio Tolmasquim e Nelson Hubner.&nbsp; Para o Conselho [&hellip;]<\/p>\n","protected":false},"author":1,"featured_media":10496,"comment_status":"closed","ping_status":"closed","sticky":false,"template":"","format":"standard","meta":{"_monsterinsights_skip_tracking":false,"_monsterinsights_sitenote_active":false,"_monsterinsights_sitenote_note":"","_monsterinsights_sitenote_category":0,"footnotes":""},"categories":[7250,1,10],"tags":[12908,50,11594,12909,12912,7366,5817,12910,12396],"class_list":["post-20757","post","type-post","status-publish","format-standard","has-post-thumbnail","hentry","category-destaque-lista","category-geral","category-infraenergia","tag-conselho-da-eletrobras","tag-eletrobras","tag-geraldo-campos-jr","tag-guido-mantega","tag-indicacao-do-governo-a-eletrobras","tag-marisa-wanzeller","tag-mauricio-tolmasquim","tag-nelson-hubner","tag-silas-rondeau"],"yoast_head":"<!-- This site is optimized with the Yoast SEO Premium plugin v25.4 (Yoast SEO v26.0) - https:\/\/yoast.com\/wordpress\/plugins\/seo\/ -->\n<title>Governo indica Rondeau, Tolmasquim, Hubner e Mantega para conselhos da Eletrobras - Ag\u00eancia iNFRA<\/title>\n<meta name=\"robots\" content=\"index, follow, max-snippet:-1, max-image-preview:large, max-video-preview:-1\" \/>\n<link rel=\"canonical\" href=\"https:\/\/agenciainfra.com\/blog\/governo-indica-rondeau-tolmasquim-hubner-e-mantega-para-conselhos-da-eletrobras\/\" \/>\n<meta property=\"og:locale\" content=\"pt_BR\" \/>\n<meta property=\"og:type\" content=\"article\" \/>\n<meta property=\"og:title\" content=\"Governo indica Rondeau, Tolmasquim, Hubner e Mantega para conselhos da Eletrobras\" \/>\n<meta property=\"og:description\" content=\"Marisa Wanzeller e Geraldo Campos Jr., da Ag\u00eancia iNFRA O governo federal encaminhou \u00e0 Eletrobras nesta quinta-feira (27) as indica\u00e7\u00f5es para compor as cadeiras da Uni\u00e3o nos conselhos da companhia. Para o CA (Conselho de Administra\u00e7\u00e3o), os indicados foram os ex-ministros de Minas e Energia Silas Rondeau, Maur\u00edcio Tolmasquim e Nelson Hubner.&nbsp; Para o Conselho [&hellip;]\" \/>\n<meta property=\"og:url\" content=\"https:\/\/agenciainfra.com\/blog\/governo-indica-rondeau-tolmasquim-hubner-e-mantega-para-conselhos-da-eletrobras\/\" \/>\n<meta property=\"og:site_name\" content=\"Ag\u00eancia iNFRA\" \/>\n<meta property=\"article:publisher\" content=\"https:\/\/www.facebook.com\/ageninfra\" \/>\n<meta property=\"article:published_time\" content=\"2025-03-28T12:00:00+00:00\" \/>\n<meta property=\"og:image\" content=\"https:\/\/agenciainfra.com\/blog\/wp-content\/uploads\/2022\/05\/eletrobras-foto-eletrobras-redes-sociais.png\" \/>\n\t<meta property=\"og:image:width\" content=\"1280\" \/>\n\t<meta property=\"og:image:height\" content=\"708\" \/>\n\t<meta property=\"og:image:type\" content=\"image\/png\" \/>\n<meta name=\"author\" content=\"Ag\u00eancia iNFRA\" \/>\n<meta name=\"twitter:card\" content=\"summary_large_image\" \/>\n<meta name=\"twitter:creator\" content=\"@agencia_infra\" \/>\n<meta name=\"twitter:site\" content=\"@agencia_infra\" \/>\n<meta name=\"twitter:label1\" content=\"Escrito por\" \/>\n\t<meta name=\"twitter:data1\" content=\"Ag\u00eancia iNFRA\" \/>\n\t<meta name=\"twitter:label2\" content=\"Est. tempo de leitura\" \/>\n\t<meta name=\"twitter:data2\" content=\"3 minutos\" \/>\n<script type=\"application\/ld+json\" class=\"yoast-schema-graph\">{\"@context\":\"https:\/\/schema.org\",\"@graph\":[{\"@type\":\"Article\",\"@id\":\"https:\/\/agenciainfra.com\/blog\/governo-indica-rondeau-tolmasquim-hubner-e-mantega-para-conselhos-da-eletrobras\/#article\",\"isPartOf\":{\"@id\":\"https:\/\/agenciainfra.com\/blog\/governo-indica-rondeau-tolmasquim-hubner-e-mantega-para-conselhos-da-eletrobras\/\"},\"author\":{\"name\":\"Ag\u00eancia iNFRA\",\"@id\":\"https:\/\/agenciainfra.com\/blog\/#\/schema\/person\/34af08dff6adea4cb22b06612ba7acfa\"},\"headline\":\"Governo indica Rondeau, Tolmasquim, Hubner e Mantega para conselhos da Eletrobras\",\"datePublished\":\"2025-03-28T12:00:00+00:00\",\"mainEntityOfPage\":{\"@id\":\"https:\/\/agenciainfra.com\/blog\/governo-indica-rondeau-tolmasquim-hubner-e-mantega-para-conselhos-da-eletrobras\/\"},\"wordCount\":588,\"publisher\":{\"@id\":\"https:\/\/agenciainfra.com\/blog\/#organization\"},\"image\":{\"@id\":\"https:\/\/agenciainfra.com\/blog\/governo-indica-rondeau-tolmasquim-hubner-e-mantega-para-conselhos-da-eletrobras\/#primaryimage\"},\"thumbnailUrl\":\"https:\/\/agenciainfra.com\/blog\/wp-content\/uploads\/2022\/05\/eletrobras-foto-eletrobras-redes-sociais.png\",\"keywords\":[\"conselho da eletrobras\",\"Eletrobras\",\"Geraldo Campos Jr.\",\"guido mantega\",\"Indica\u00e7\u00e3o do governo \u00e0 Eletrobras\",\"Marisa Wanzeller\",\"Maur\u00edcio Tolmasquim\",\"nelson hubner\",\"Silas Rondeau\"],\"articleSection\":[\"Destaque lista\",\"Geral\",\"iNFRAEnergia\"],\"inLanguage\":\"pt-BR\",\"copyrightYear\":\"2025\",\"copyrightHolder\":{\"@id\":\"https:\/\/agenciainfra.com\/blog\/#organization\"}},{\"@type\":\"WebPage\",\"@id\":\"https:\/\/agenciainfra.com\/blog\/governo-indica-rondeau-tolmasquim-hubner-e-mantega-para-conselhos-da-eletrobras\/\",\"url\":\"https:\/\/agenciainfra.com\/blog\/governo-indica-rondeau-tolmasquim-hubner-e-mantega-para-conselhos-da-eletrobras\/\",\"name\":\"Governo indica Rondeau, Tolmasquim, Hubner e Mantega para conselhos da Eletrobras - Ag\u00eancia iNFRA\",\"isPartOf\":{\"@id\":\"https:\/\/agenciainfra.com\/blog\/#website\"},\"primaryImageOfPage\":{\"@id\":\"https:\/\/agenciainfra.com\/blog\/governo-indica-rondeau-tolmasquim-hubner-e-mantega-para-conselhos-da-eletrobras\/#primaryimage\"},\"image\":{\"@id\":\"https:\/\/agenciainfra.com\/blog\/governo-indica-rondeau-tolmasquim-hubner-e-mantega-para-conselhos-da-eletrobras\/#primaryimage\"},\"thumbnailUrl\":\"https:\/\/agenciainfra.com\/blog\/wp-content\/uploads\/2022\/05\/eletrobras-foto-eletrobras-redes-sociais.png\",\"datePublished\":\"2025-03-28T12:00:00+00:00\",\"breadcrumb\":{\"@id\":\"https:\/\/agenciainfra.com\/blog\/governo-indica-rondeau-tolmasquim-hubner-e-mantega-para-conselhos-da-eletrobras\/#breadcrumb\"},\"inLanguage\":\"pt-BR\",\"potentialAction\":[{\"@type\":\"ReadAction\",\"target\":[\"https:\/\/agenciainfra.com\/blog\/governo-indica-rondeau-tolmasquim-hubner-e-mantega-para-conselhos-da-eletrobras\/\"]}]},{\"@type\":\"ImageObject\",\"inLanguage\":\"pt-BR\",\"@id\":\"https:\/\/agenciainfra.com\/blog\/governo-indica-rondeau-tolmasquim-hubner-e-mantega-para-conselhos-da-eletrobras\/#primaryimage\",\"url\":\"https:\/\/agenciainfra.com\/blog\/wp-content\/uploads\/2022\/05\/eletrobras-foto-eletrobras-redes-sociais.png\",\"contentUrl\":\"https:\/\/agenciainfra.com\/blog\/wp-content\/uploads\/2022\/05\/eletrobras-foto-eletrobras-redes-sociais.png\",\"width\":1280,\"height\":708,\"caption\":\"Foto: Divulga\u00e7\u00e3o\/Eletrobras\"},{\"@type\":\"BreadcrumbList\",\"@id\":\"https:\/\/agenciainfra.com\/blog\/governo-indica-rondeau-tolmasquim-hubner-e-mantega-para-conselhos-da-eletrobras\/#breadcrumb\",\"itemListElement\":[{\"@type\":\"ListItem\",\"position\":1,\"name\":\"In\u00edcio\",\"item\":\"https:\/\/agenciainfra.com\/blog\/\"},{\"@type\":\"ListItem\",\"position\":2,\"name\":\"Governo indica Rondeau, Tolmasquim, Hubner e Mantega para conselhos da Eletrobras\"}]},{\"@type\":\"WebSite\",\"@id\":\"https:\/\/agenciainfra.com\/blog\/#website\",\"url\":\"https:\/\/agenciainfra.com\/blog\/\",\"name\":\"Ag\u00eancia iNFRA\",\"description\":\"Multiplataforma de informa\u00e7\u00e3o jornal\u00edstica refer\u00eancia na \u00e1rea de infraestrutura no Brasil!\",\"publisher\":{\"@id\":\"https:\/\/agenciainfra.com\/blog\/#organization\"},\"potentialAction\":[{\"@type\":\"SearchAction\",\"target\":{\"@type\":\"EntryPoint\",\"urlTemplate\":\"https:\/\/agenciainfra.com\/blog\/?s={search_term_string}\"},\"query-input\":{\"@type\":\"PropertyValueSpecification\",\"valueRequired\":true,\"valueName\":\"search_term_string\"}}],\"inLanguage\":\"pt-BR\"},{\"@type\":\"Organization\",\"@id\":\"https:\/\/agenciainfra.com\/blog\/#organization\",\"name\":\"Ag\u00eancia iNFRA\",\"url\":\"https:\/\/agenciainfra.com\/blog\/\",\"logo\":{\"@type\":\"ImageObject\",\"inLanguage\":\"pt-BR\",\"@id\":\"https:\/\/agenciainfra.com\/blog\/#\/schema\/logo\/image\/\",\"url\":\"https:\/\/agenciainfra.com\/blog\/wp-content\/uploads\/2023\/09\/iNFRA_5-e1761735885940.png\",\"contentUrl\":\"https:\/\/agenciainfra.com\/blog\/wp-content\/uploads\/2023\/09\/iNFRA_5-e1761735885940.png\",\"width\":1672,\"height\":454,\"caption\":\"Ag\u00eancia iNFRA\"},\"image\":{\"@id\":\"https:\/\/agenciainfra.com\/blog\/#\/schema\/logo\/image\/\"},\"sameAs\":[\"https:\/\/www.facebook.com\/ageninfra\",\"https:\/\/x.com\/agencia_infra\",\"https:\/\/www.linkedin.com\/company\/ag\u00eanciainfra\/\",\"https:\/\/www.instagram.com\/agenciainfra\/\"]},{\"@type\":\"Person\",\"@id\":\"https:\/\/agenciainfra.com\/blog\/#\/schema\/person\/34af08dff6adea4cb22b06612ba7acfa\",\"name\":\"Ag\u00eancia iNFRA\",\"image\":{\"@type\":\"ImageObject\",\"inLanguage\":\"pt-BR\",\"@id\":\"https:\/\/agenciainfra.com\/blog\/#\/schema\/person\/image\/\",\"url\":\"https:\/\/secure.gravatar.com\/avatar\/d189e01678f06d8eb84d4e01f08eb848b3fffe3f8443818d3c356c66892f5be8?s=96&d=mm&r=g\",\"contentUrl\":\"https:\/\/secure.gravatar.com\/avatar\/d189e01678f06d8eb84d4e01f08eb848b3fffe3f8443818d3c356c66892f5be8?s=96&d=mm&r=g\",\"caption\":\"Ag\u00eancia iNFRA\"},\"url\":\"https:\/\/agenciainfra.com\/blog\/author\/admin\/\"}]}<\/script>\n<!-- \/ Yoast SEO Premium plugin. -->","yoast_head_json":{"title":"Governo indica Rondeau, Tolmasquim, Hubner e Mantega para conselhos da Eletrobras - Ag\u00eancia iNFRA","robots":{"index":"index","follow":"follow","max-snippet":"max-snippet:-1","max-image-preview":"max-image-preview:large","max-video-preview":"max-video-preview:-1"},"canonical":"https:\/\/agenciainfra.com\/blog\/governo-indica-rondeau-tolmasquim-hubner-e-mantega-para-conselhos-da-eletrobras\/","og_locale":"pt_BR","og_type":"article","og_title":"Governo indica Rondeau, Tolmasquim, Hubner e Mantega para conselhos da Eletrobras","og_description":"Marisa Wanzeller e Geraldo Campos Jr., da Ag\u00eancia iNFRA O governo federal encaminhou \u00e0 Eletrobras nesta quinta-feira (27) as indica\u00e7\u00f5es para compor as cadeiras da Uni\u00e3o nos conselhos da companhia. Para o CA (Conselho de Administra\u00e7\u00e3o), os indicados foram os ex-ministros de Minas e Energia Silas Rondeau, Maur\u00edcio Tolmasquim e Nelson Hubner.&nbsp; Para o Conselho [&hellip;]","og_url":"https:\/\/agenciainfra.com\/blog\/governo-indica-rondeau-tolmasquim-hubner-e-mantega-para-conselhos-da-eletrobras\/","og_site_name":"Ag\u00eancia iNFRA","article_publisher":"https:\/\/www.facebook.com\/ageninfra","article_published_time":"2025-03-28T12:00:00+00:00","og_image":[{"width":1280,"height":708,"url":"https:\/\/agenciainfra.com\/blog\/wp-content\/uploads\/2022\/05\/eletrobras-foto-eletrobras-redes-sociais.png","type":"image\/png"}],"author":"Ag\u00eancia iNFRA","twitter_card":"summary_large_image","twitter_creator":"@agencia_infra","twitter_site":"@agencia_infra","twitter_misc":{"Escrito por":"Ag\u00eancia iNFRA","Est. tempo de leitura":"3 minutos"},"schema":{"@context":"https:\/\/schema.org","@graph":[{"@type":"Article","@id":"https:\/\/agenciainfra.com\/blog\/governo-indica-rondeau-tolmasquim-hubner-e-mantega-para-conselhos-da-eletrobras\/#article","isPartOf":{"@id":"https:\/\/agenciainfra.com\/blog\/governo-indica-rondeau-tolmasquim-hubner-e-mantega-para-conselhos-da-eletrobras\/"},"author":{"name":"Ag\u00eancia iNFRA","@id":"https:\/\/agenciainfra.com\/blog\/#\/schema\/person\/34af08dff6adea4cb22b06612ba7acfa"},"headline":"Governo indica Rondeau, Tolmasquim, Hubner e Mantega para conselhos da Eletrobras","datePublished":"2025-03-28T12:00:00+00:00","mainEntityOfPage":{"@id":"https:\/\/agenciainfra.com\/blog\/governo-indica-rondeau-tolmasquim-hubner-e-mantega-para-conselhos-da-eletrobras\/"},"wordCount":588,"publisher":{"@id":"https:\/\/agenciainfra.com\/blog\/#organization"},"image":{"@id":"https:\/\/agenciainfra.com\/blog\/governo-indica-rondeau-tolmasquim-hubner-e-mantega-para-conselhos-da-eletrobras\/#primaryimage"},"thumbnailUrl":"https:\/\/agenciainfra.com\/blog\/wp-content\/uploads\/2022\/05\/eletrobras-foto-eletrobras-redes-sociais.png","keywords":["conselho da eletrobras","Eletrobras","Geraldo Campos Jr.","guido mantega","Indica\u00e7\u00e3o do governo \u00e0 Eletrobras","Marisa Wanzeller","Maur\u00edcio Tolmasquim","nelson hubner","Silas Rondeau"],"articleSection":["Destaque lista","Geral","iNFRAEnergia"],"inLanguage":"pt-BR","copyrightYear":"2025","copyrightHolder":{"@id":"https:\/\/agenciainfra.com\/blog\/#organization"}},{"@type":"WebPage","@id":"https:\/\/agenciainfra.com\/blog\/governo-indica-rondeau-tolmasquim-hubner-e-mantega-para-conselhos-da-eletrobras\/","url":"https:\/\/agenciainfra.com\/blog\/governo-indica-rondeau-tolmasquim-hubner-e-mantega-para-conselhos-da-eletrobras\/","name":"Governo indica Rondeau, Tolmasquim, Hubner e Mantega para conselhos da Eletrobras - Ag\u00eancia iNFRA","isPartOf":{"@id":"https:\/\/agenciainfra.com\/blog\/#website"},"primaryImageOfPage":{"@id":"https:\/\/agenciainfra.com\/blog\/governo-indica-rondeau-tolmasquim-hubner-e-mantega-para-conselhos-da-eletrobras\/#primaryimage"},"image":{"@id":"https:\/\/agenciainfra.com\/blog\/governo-indica-rondeau-tolmasquim-hubner-e-mantega-para-conselhos-da-eletrobras\/#primaryimage"},"thumbnailUrl":"https:\/\/agenciainfra.com\/blog\/wp-content\/uploads\/2022\/05\/eletrobras-foto-eletrobras-redes-sociais.png","datePublished":"2025-03-28T12:00:00+00:00","breadcrumb":{"@id":"https:\/\/agenciainfra.com\/blog\/governo-indica-rondeau-tolmasquim-hubner-e-mantega-para-conselhos-da-eletrobras\/#breadcrumb"},"inLanguage":"pt-BR","potentialAction":[{"@type":"ReadAction","target":["https:\/\/agenciainfra.com\/blog\/governo-indica-rondeau-tolmasquim-hubner-e-mantega-para-conselhos-da-eletrobras\/"]}]},{"@type":"ImageObject","inLanguage":"pt-BR","@id":"https:\/\/agenciainfra.com\/blog\/governo-indica-rondeau-tolmasquim-hubner-e-mantega-para-conselhos-da-eletrobras\/#primaryimage","url":"https:\/\/agenciainfra.com\/blog\/wp-content\/uploads\/2022\/05\/eletrobras-foto-eletrobras-redes-sociais.png","contentUrl":"https:\/\/agenciainfra.com\/blog\/wp-content\/uploads\/2022\/05\/eletrobras-foto-eletrobras-redes-sociais.png","width":1280,"height":708,"caption":"Foto: Divulga\u00e7\u00e3o\/Eletrobras"},{"@type":"BreadcrumbList","@id":"https:\/\/agenciainfra.com\/blog\/governo-indica-rondeau-tolmasquim-hubner-e-mantega-para-conselhos-da-eletrobras\/#breadcrumb","itemListElement":[{"@type":"ListItem","position":1,"name":"In\u00edcio","item":"https:\/\/agenciainfra.com\/blog\/"},{"@type":"ListItem","position":2,"name":"Governo indica Rondeau, Tolmasquim, Hubner e Mantega para conselhos da Eletrobras"}]},{"@type":"WebSite","@id":"https:\/\/agenciainfra.com\/blog\/#website","url":"https:\/\/agenciainfra.com\/blog\/","name":"Ag\u00eancia iNFRA","description":"Multiplataforma de informa\u00e7\u00e3o jornal\u00edstica refer\u00eancia na \u00e1rea de infraestrutura no Brasil!","publisher":{"@id":"https:\/\/agenciainfra.com\/blog\/#organization"},"potentialAction":[{"@type":"SearchAction","target":{"@type":"EntryPoint","urlTemplate":"https:\/\/agenciainfra.com\/blog\/?s={search_term_string}"},"query-input":{"@type":"PropertyValueSpecification","valueRequired":true,"valueName":"search_term_string"}}],"inLanguage":"pt-BR"},{"@type":"Organization","@id":"https:\/\/agenciainfra.com\/blog\/#organization","name":"Ag\u00eancia iNFRA","url":"https:\/\/agenciainfra.com\/blog\/","logo":{"@type":"ImageObject","inLanguage":"pt-BR","@id":"https:\/\/agenciainfra.com\/blog\/#\/schema\/logo\/image\/","url":"https:\/\/agenciainfra.com\/blog\/wp-content\/uploads\/2023\/09\/iNFRA_5-e1761735885940.png","contentUrl":"https:\/\/agenciainfra.com\/blog\/wp-content\/uploads\/2023\/09\/iNFRA_5-e1761735885940.png","width":1672,"height":454,"caption":"Ag\u00eancia iNFRA"},"image":{"@id":"https:\/\/agenciainfra.com\/blog\/#\/schema\/logo\/image\/"},"sameAs":["https:\/\/www.facebook.com\/ageninfra","https:\/\/x.com\/agencia_infra","https:\/\/www.linkedin.com\/company\/ag\u00eanciainfra\/","https:\/\/www.instagram.com\/agenciainfra\/"]},{"@type":"Person","@id":"https:\/\/agenciainfra.com\/blog\/#\/schema\/person\/34af08dff6adea4cb22b06612ba7acfa","name":"Ag\u00eancia iNFRA","image":{"@type":"ImageObject","inLanguage":"pt-BR","@id":"https:\/\/agenciainfra.com\/blog\/#\/schema\/person\/image\/","url":"https:\/\/secure.gravatar.com\/avatar\/d189e01678f06d8eb84d4e01f08eb848b3fffe3f8443818d3c356c66892f5be8?s=96&d=mm&r=g","contentUrl":"https:\/\/secure.gravatar.com\/avatar\/d189e01678f06d8eb84d4e01f08eb848b3fffe3f8443818d3c356c66892f5be8?s=96&d=mm&r=g","caption":"Ag\u00eancia iNFRA"},"url":"https:\/\/agenciainfra.com\/blog\/author\/admin\/"}]}},"_links":{"self":[{"href":"https:\/\/agenciainfra.com\/blog\/wp-json\/wp\/v2\/posts\/20757","targetHints":{"allow":["GET"]}}],"collection":[{"href":"https:\/\/agenciainfra.com\/blog\/wp-json\/wp\/v2\/posts"}],"about":[{"href":"https:\/\/agenciainfra.com\/blog\/wp-json\/wp\/v2\/types\/post"}],"author":[{"embeddable":true,"href":"https:\/\/agenciainfra.com\/blog\/wp-json\/wp\/v2\/users\/1"}],"replies":[{"embeddable":true,"href":"https:\/\/agenciainfra.com\/blog\/wp-json\/wp\/v2\/comments?post=20757"}],"version-history":[{"count":1,"href":"https:\/\/agenciainfra.com\/blog\/wp-json\/wp\/v2\/posts\/20757\/revisions"}],"predecessor-version":[{"id":20758,"href":"https:\/\/agenciainfra.com\/blog\/wp-json\/wp\/v2\/posts\/20757\/revisions\/20758"}],"wp:featuredmedia":[{"embeddable":true,"href":"https:\/\/agenciainfra.com\/blog\/wp-json\/wp\/v2\/media\/10496"}],"wp:attachment":[{"href":"https:\/\/agenciainfra.com\/blog\/wp-json\/wp\/v2\/media?parent=20757"}],"wp:term":[{"taxonomy":"category","embeddable":true,"href":"https:\/\/agenciainfra.com\/blog\/wp-json\/wp\/v2\/categories?post=20757"},{"taxonomy":"post_tag","embeddable":true,"href":"https:\/\/agenciainfra.com\/blog\/wp-json\/wp\/v2\/tags?post=20757"}],"curies":[{"name":"wp","href":"https:\/\/api.w.org\/{rel}","templated":true}]}}