{"id":20761,"date":"2025-03-29T10:00:00","date_gmt":"2025-03-29T13:00:00","guid":{"rendered":"https:\/\/agenciainfra.com\/blog\/?p=20761"},"modified":"2025-03-31T11:02:27","modified_gmt":"2025-03-31T14:02:27","slug":"mrs-apresenta-obras-que-deverao-ser-retiradas-da-obrigacao-contratual","status":"publish","type":"post","link":"https:\/\/agenciainfra.com\/blog\/mrs-apresenta-obras-que-deverao-ser-retiradas-da-obrigacao-contratual\/","title":{"rendered":"MRS apresenta obras que dever\u00e3o ser retiradas da obriga\u00e7\u00e3o contratual"},"content":{"rendered":"\n<p class=\"has-text-align-right\"><strong>da Ag\u00eancia iNFRA<\/strong><\/p>\n\n\n\n<p>O diretor institucional da MRS, Gustavo Bambini, afirmou na \u00faltima quinta-feira (27) que, na discuss\u00e3o sobre a repactua\u00e7\u00e3o do contrato de concess\u00e3o da Malha Sudeste, caber\u00e1 \u00e0 concession\u00e1ria retirar do contrato tr\u00eas terminais, um em cada estado por onde passa a malha\u00a0(Rio de Janeiro, S\u00e3o Paulo e Minas Gerais), al\u00e9m de duas passarelas no Guaruj\u00e1 (SP) e um viaduto em Mesquita (RJ).<br><br>\u201cS\u00e3o tr\u00eas terminais que ser\u00e3o feitos fora da obriga\u00e7\u00e3o contratual. Porque quando eles foram pensados l\u00e1 atr\u00e1s, eles eram terminais muito grandes. E a gente, avan\u00e7ando com os estudos de carga, percebeu [a possibilidade de] diversificar e pulverizar em terminais menores ao longo da malha e em outros locais&#8221;, disse \u00e0\u00a0<strong>Ag\u00eancia INFRA<\/strong>.\u00a0\u201cIsso est\u00e1 sendo retirado com a obriga\u00e7\u00e3o da MRS de fazer por conta pr\u00f3pria\u201d, explicou.<br><br>Bambini participou do Painel de Refer\u00eancia da Comiss\u00e3o de Solu\u00e7\u00e3o Consensual da Ferrovia Malha Sudeste, realizado pelo TCU (Tribunal de Contas da Uni\u00e3o) na quarta-feira (27) \u2013 assista \u00e0 \u00edntegra\u00a0<a href=\"https:\/\/agenciainfra.us14.list-manage.com\/track\/click?u=d460dd1bcf9ba0ae040e1fc0f&amp;id=03f27d8abe&amp;e=1192c754bc\" target=\"_blank\" rel=\"noreferrer noopener\">neste link<\/a>.<br><br>A repactua\u00e7\u00e3o do contrato que foi renovado em 2022 por mais 30 anos est\u00e1 em debate na comiss\u00e3o de solu\u00e7\u00e3o consensual at\u00e9 o dia 12 de abril. Em fevereiro do ano passado, o Minist\u00e9rio dos Transportes anunciou que o acordo com a concession\u00e1ria seria na casa dos R$ 2,6 bilh\u00f5es. A menor parte desse dinheiro \u00e9 decorrente da retirada das obriga\u00e7\u00f5es de investimento da\u00a0empresa para que elas se transformem em recursos pagos em outorgas.<br><br>As controv\u00e9rsias do contrato de concess\u00e3o da Malha Sudeste, segundo o TCU, incluem altera\u00e7\u00f5es de iniciativas de grande porte, incluindo a \u201cimplanta\u00e7\u00e3o de sistemas de sinaliza\u00e7\u00e3o, constru\u00e7\u00e3o de viadutos, passarelas, p\u00e1tios ferrovi\u00e1rios e terminais constantes do Caderno de Obriga\u00e7\u00f5es da concess\u00e3o\u201d. Al\u00e9m da destina\u00e7\u00e3o do excedente de recursos gerados na negocia\u00e7\u00e3o, a repactua\u00e7\u00e3o do contrato passa pela discuss\u00e3o de altera\u00e7\u00f5es em obras para resolver conflitos urbanos.\u00a0<br><br>\u201cTudo isso vai ser feito com o recurso da outorga, com o adicional de vantajosidade tamb\u00e9m, e ainda tem outorga remanescente, que, com a atualiza\u00e7\u00e3o do Prossefer [Programa Nacional de Seguran\u00e7a Ferrovi\u00e1ria], pelo governo federal, pode se utilizar. Hoje ela orbita na ordem de R$ 500 milh\u00f5es\u201d, disse Bambini.<br><br>\u201cTodo ano tamb\u00e9m, com compartilhamento de receita, esse valor vai sendo corrigido. E esse valor, sem preju\u00edzo do que est\u00e1 hoje no plano, pode virar novas obras, conforme o Prossefer indicar\u201d, completou.\u00a0<br><br>Na avalia\u00e7\u00e3o de Maur\u00edcio Wanderley, diretor da AudPortoFerrovia (unidade t\u00e9cnica do TCU), que tamb\u00e9m participou do evento, as \u201cpouqu\u00edssimas obras\u201d que sa\u00edram foram trazidas pela MRS e t\u00eam fundamento nos desejos das prefeituras.<br><br><strong>Transpar\u00eancia<\/strong><br>O presidente do TCU, ministro Vital do R\u00eago, que fez a abertura do evento sobre a repactua\u00e7\u00e3o da MRS, elogiou a iniciativa da corte de abrir pela primeira vez um debate sobre uma negocia\u00e7\u00e3o da SecexConsenso (Secretaria de Controle Externo de Solu\u00e7\u00e3o Consensual e Preven\u00e7\u00e3o de Conflitos), movimento que, segundo ele, traz mais transpar\u00eancia \u00e0s negocia\u00e7\u00f5es da secretaria.<br><br>Coordenadora da comiss\u00e3o de solu\u00e7\u00e3o consensual, Gabriela Farias afirmou que, apesar de o prazo para a conclus\u00e3o da negocia\u00e7\u00e3o da MRS na comiss\u00e3o terminar em 12 de abril, o caso poder\u00e1 ir a plen\u00e1rio somente em junho, por conta dos demais prazos previstos na din\u00e2mica da SecexConsenso. Segundo Gabriela, a ideia da corte \u00e9 que o evento realizado nesta quinta-feira sirva para subsidiar a proposta de acordo da comiss\u00e3o.<\/p>\n","protected":false},"excerpt":{"rendered":"<p>da Ag\u00eancia iNFRA O diretor institucional da MRS, Gustavo Bambini, afirmou na \u00faltima quinta-feira (27) que, na discuss\u00e3o sobre a repactua\u00e7\u00e3o do contrato de concess\u00e3o da Malha Sudeste, caber\u00e1 \u00e0 concession\u00e1ria retirar do contrato tr\u00eas terminais, um em cada estado por onde passa a malha\u00a0(Rio de Janeiro, S\u00e3o Paulo e Minas Gerais), al\u00e9m de duas [&hellip;]<\/p>\n","protected":false},"author":1,"featured_media":10535,"comment_status":"closed","ping_status":"closed","sticky":false,"template":"","format":"standard","meta":{"_monsterinsights_skip_tracking":false,"_monsterinsights_sitenote_active":false,"_monsterinsights_sitenote_note":"","_monsterinsights_sitenote_category":0,"footnotes":""},"categories":[7250,1,7],"tags":[78,12918,120,12917,34,32,81,11380,8010,7218,6379,70],"class_list":["post-20761","post","type-post","status-publish","format-standard","has-post-thumbnail","hentry","category-destaque-lista","category-geral","category-infratransporte","tag-concessoes","tag-ferrovia-malha-sudeste","tag-ferrovias","tag-gustavo-bambini-mrs","tag-infraestrutura","tag-investimentos","tag-mrs","tag-obrigacoes-contratuais","tag-repactuacao-de-contratos","tag-secexconsenso","tag-solucao-consensual","tag-transportes"],"yoast_head":"<!-- This site is optimized with the Yoast SEO Premium plugin v25.4 (Yoast SEO v26.0) - https:\/\/yoast.com\/wordpress\/plugins\/seo\/ -->\n<title>MRS apresenta obras que dever\u00e3o ser retiradas da obriga\u00e7\u00e3o contratual - Ag\u00eancia iNFRA<\/title>\n<meta name=\"robots\" content=\"index, follow, max-snippet:-1, max-image-preview:large, max-video-preview:-1\" \/>\n<link rel=\"canonical\" href=\"https:\/\/agenciainfra.com\/blog\/mrs-apresenta-obras-que-deverao-ser-retiradas-da-obrigacao-contratual\/\" \/>\n<meta property=\"og:locale\" content=\"pt_BR\" \/>\n<meta property=\"og:type\" content=\"article\" \/>\n<meta property=\"og:title\" content=\"MRS apresenta obras que dever\u00e3o ser retiradas da obriga\u00e7\u00e3o contratual\" \/>\n<meta property=\"og:description\" content=\"da Ag\u00eancia iNFRA O diretor institucional da MRS, Gustavo Bambini, afirmou na \u00faltima quinta-feira (27) que, na discuss\u00e3o sobre a repactua\u00e7\u00e3o do contrato de concess\u00e3o da Malha Sudeste, caber\u00e1 \u00e0 concession\u00e1ria retirar do contrato tr\u00eas terminais, um em cada estado por onde passa a malha\u00a0(Rio de Janeiro, S\u00e3o Paulo e Minas Gerais), al\u00e9m de duas [&hellip;]\" \/>\n<meta property=\"og:url\" content=\"https:\/\/agenciainfra.com\/blog\/mrs-apresenta-obras-que-deverao-ser-retiradas-da-obrigacao-contratual\/\" \/>\n<meta property=\"og:site_name\" content=\"Ag\u00eancia iNFRA\" \/>\n<meta property=\"article:publisher\" content=\"https:\/\/www.facebook.com\/ageninfra\" \/>\n<meta property=\"article:published_time\" content=\"2025-03-29T13:00:00+00:00\" \/>\n<meta property=\"article:modified_time\" content=\"2025-03-31T14:02:27+00:00\" \/>\n<meta property=\"og:image\" content=\"https:\/\/agenciainfra.com\/blog\/wp-content\/uploads\/2022\/06\/trem-da-MRS-Logistica-foto-MRS-1.jpg\" \/>\n\t<meta property=\"og:image:width\" content=\"1300\" \/>\n\t<meta property=\"og:image:height\" content=\"975\" \/>\n\t<meta property=\"og:image:type\" content=\"image\/jpeg\" \/>\n<meta name=\"author\" content=\"Ag\u00eancia iNFRA\" \/>\n<meta name=\"twitter:card\" content=\"summary_large_image\" \/>\n<meta name=\"twitter:creator\" content=\"@agencia_infra\" \/>\n<meta name=\"twitter:site\" content=\"@agencia_infra\" \/>\n<meta name=\"twitter:label1\" content=\"Escrito por\" \/>\n\t<meta name=\"twitter:data1\" content=\"Ag\u00eancia iNFRA\" \/>\n\t<meta name=\"twitter:label2\" content=\"Est. tempo de leitura\" \/>\n\t<meta name=\"twitter:data2\" content=\"3 minutos\" \/>\n<script type=\"application\/ld+json\" class=\"yoast-schema-graph\">{\"@context\":\"https:\/\/schema.org\",\"@graph\":[{\"@type\":\"Article\",\"@id\":\"https:\/\/agenciainfra.com\/blog\/mrs-apresenta-obras-que-deverao-ser-retiradas-da-obrigacao-contratual\/#article\",\"isPartOf\":{\"@id\":\"https:\/\/agenciainfra.com\/blog\/mrs-apresenta-obras-que-deverao-ser-retiradas-da-obrigacao-contratual\/\"},\"author\":{\"name\":\"Ag\u00eancia iNFRA\",\"@id\":\"https:\/\/agenciainfra.com\/blog\/#\/schema\/person\/34af08dff6adea4cb22b06612ba7acfa\"},\"headline\":\"MRS apresenta obras que dever\u00e3o ser retiradas da obriga\u00e7\u00e3o contratual\",\"datePublished\":\"2025-03-29T13:00:00+00:00\",\"dateModified\":\"2025-03-31T14:02:27+00:00\",\"mainEntityOfPage\":{\"@id\":\"https:\/\/agenciainfra.com\/blog\/mrs-apresenta-obras-que-deverao-ser-retiradas-da-obrigacao-contratual\/\"},\"wordCount\":621,\"publisher\":{\"@id\":\"https:\/\/agenciainfra.com\/blog\/#organization\"},\"image\":{\"@id\":\"https:\/\/agenciainfra.com\/blog\/mrs-apresenta-obras-que-deverao-ser-retiradas-da-obrigacao-contratual\/#primaryimage\"},\"thumbnailUrl\":\"https:\/\/agenciainfra.com\/blog\/wp-content\/uploads\/2022\/06\/trem-da-MRS-Logistica-foto-MRS-1.jpg\",\"keywords\":[\"concess\u00f5es\",\"ferrovia malha sudeste\",\"Ferrovias\",\"gustavo bambini mrs\",\"Infraestrutura\",\"Investimentos\",\"MRS\",\"obriga\u00e7\u00f5es contratuais\",\"repactua\u00e7\u00e3o de contratos\",\"SecexConsenso\",\"solu\u00e7\u00e3o consensual\",\"transportes\"],\"articleSection\":[\"Destaque lista\",\"Geral\",\"iNFRATransporte\"],\"inLanguage\":\"pt-BR\",\"copyrightYear\":\"2025\",\"copyrightHolder\":{\"@id\":\"https:\/\/agenciainfra.com\/blog\/#organization\"}},{\"@type\":\"WebPage\",\"@id\":\"https:\/\/agenciainfra.com\/blog\/mrs-apresenta-obras-que-deverao-ser-retiradas-da-obrigacao-contratual\/\",\"url\":\"https:\/\/agenciainfra.com\/blog\/mrs-apresenta-obras-que-deverao-ser-retiradas-da-obrigacao-contratual\/\",\"name\":\"MRS apresenta obras que dever\u00e3o ser retiradas da obriga\u00e7\u00e3o contratual - Ag\u00eancia iNFRA\",\"isPartOf\":{\"@id\":\"https:\/\/agenciainfra.com\/blog\/#website\"},\"primaryImageOfPage\":{\"@id\":\"https:\/\/agenciainfra.com\/blog\/mrs-apresenta-obras-que-deverao-ser-retiradas-da-obrigacao-contratual\/#primaryimage\"},\"image\":{\"@id\":\"https:\/\/agenciainfra.com\/blog\/mrs-apresenta-obras-que-deverao-ser-retiradas-da-obrigacao-contratual\/#primaryimage\"},\"thumbnailUrl\":\"https:\/\/agenciainfra.com\/blog\/wp-content\/uploads\/2022\/06\/trem-da-MRS-Logistica-foto-MRS-1.jpg\",\"datePublished\":\"2025-03-29T13:00:00+00:00\",\"dateModified\":\"2025-03-31T14:02:27+00:00\",\"breadcrumb\":{\"@id\":\"https:\/\/agenciainfra.com\/blog\/mrs-apresenta-obras-que-deverao-ser-retiradas-da-obrigacao-contratual\/#breadcrumb\"},\"inLanguage\":\"pt-BR\",\"potentialAction\":[{\"@type\":\"ReadAction\",\"target\":[\"https:\/\/agenciainfra.com\/blog\/mrs-apresenta-obras-que-deverao-ser-retiradas-da-obrigacao-contratual\/\"]}]},{\"@type\":\"ImageObject\",\"inLanguage\":\"pt-BR\",\"@id\":\"https:\/\/agenciainfra.com\/blog\/mrs-apresenta-obras-que-deverao-ser-retiradas-da-obrigacao-contratual\/#primaryimage\",\"url\":\"https:\/\/agenciainfra.com\/blog\/wp-content\/uploads\/2022\/06\/trem-da-MRS-Logistica-foto-MRS-1.jpg\",\"contentUrl\":\"https:\/\/agenciainfra.com\/blog\/wp-content\/uploads\/2022\/06\/trem-da-MRS-Logistica-foto-MRS-1.jpg\",\"width\":1300,\"height\":975},{\"@type\":\"BreadcrumbList\",\"@id\":\"https:\/\/agenciainfra.com\/blog\/mrs-apresenta-obras-que-deverao-ser-retiradas-da-obrigacao-contratual\/#breadcrumb\",\"itemListElement\":[{\"@type\":\"ListItem\",\"position\":1,\"name\":\"In\u00edcio\",\"item\":\"https:\/\/agenciainfra.com\/blog\/\"},{\"@type\":\"ListItem\",\"position\":2,\"name\":\"MRS apresenta obras que dever\u00e3o ser retiradas da obriga\u00e7\u00e3o contratual\"}]},{\"@type\":\"WebSite\",\"@id\":\"https:\/\/agenciainfra.com\/blog\/#website\",\"url\":\"https:\/\/agenciainfra.com\/blog\/\",\"name\":\"Ag\u00eancia iNFRA\",\"description\":\"Multiplataforma de informa\u00e7\u00e3o jornal\u00edstica refer\u00eancia na \u00e1rea de infraestrutura no Brasil!\",\"publisher\":{\"@id\":\"https:\/\/agenciainfra.com\/blog\/#organization\"},\"potentialAction\":[{\"@type\":\"SearchAction\",\"target\":{\"@type\":\"EntryPoint\",\"urlTemplate\":\"https:\/\/agenciainfra.com\/blog\/?s={search_term_string}\"},\"query-input\":{\"@type\":\"PropertyValueSpecification\",\"valueRequired\":true,\"valueName\":\"search_term_string\"}}],\"inLanguage\":\"pt-BR\"},{\"@type\":\"Organization\",\"@id\":\"https:\/\/agenciainfra.com\/blog\/#organization\",\"name\":\"Ag\u00eancia iNFRA\",\"url\":\"https:\/\/agenciainfra.com\/blog\/\",\"logo\":{\"@type\":\"ImageObject\",\"inLanguage\":\"pt-BR\",\"@id\":\"https:\/\/agenciainfra.com\/blog\/#\/schema\/logo\/image\/\",\"url\":\"https:\/\/agenciainfra.com\/blog\/wp-content\/uploads\/2023\/09\/iNFRA_5-e1761735885940.png\",\"contentUrl\":\"https:\/\/agenciainfra.com\/blog\/wp-content\/uploads\/2023\/09\/iNFRA_5-e1761735885940.png\",\"width\":1672,\"height\":454,\"caption\":\"Ag\u00eancia iNFRA\"},\"image\":{\"@id\":\"https:\/\/agenciainfra.com\/blog\/#\/schema\/logo\/image\/\"},\"sameAs\":[\"https:\/\/www.facebook.com\/ageninfra\",\"https:\/\/x.com\/agencia_infra\",\"https:\/\/www.linkedin.com\/company\/ag\u00eanciainfra\/\",\"https:\/\/www.instagram.com\/agenciainfra\/\"]},{\"@type\":\"Person\",\"@id\":\"https:\/\/agenciainfra.com\/blog\/#\/schema\/person\/34af08dff6adea4cb22b06612ba7acfa\",\"name\":\"Ag\u00eancia iNFRA\",\"image\":{\"@type\":\"ImageObject\",\"inLanguage\":\"pt-BR\",\"@id\":\"https:\/\/agenciainfra.com\/blog\/#\/schema\/person\/image\/\",\"url\":\"https:\/\/secure.gravatar.com\/avatar\/d189e01678f06d8eb84d4e01f08eb848b3fffe3f8443818d3c356c66892f5be8?s=96&d=mm&r=g\",\"contentUrl\":\"https:\/\/secure.gravatar.com\/avatar\/d189e01678f06d8eb84d4e01f08eb848b3fffe3f8443818d3c356c66892f5be8?s=96&d=mm&r=g\",\"caption\":\"Ag\u00eancia iNFRA\"},\"url\":\"https:\/\/agenciainfra.com\/blog\/author\/admin\/\"}]}<\/script>\n<!-- \/ Yoast SEO Premium plugin. -->","yoast_head_json":{"title":"MRS apresenta obras que dever\u00e3o ser retiradas da obriga\u00e7\u00e3o contratual - Ag\u00eancia iNFRA","robots":{"index":"index","follow":"follow","max-snippet":"max-snippet:-1","max-image-preview":"max-image-preview:large","max-video-preview":"max-video-preview:-1"},"canonical":"https:\/\/agenciainfra.com\/blog\/mrs-apresenta-obras-que-deverao-ser-retiradas-da-obrigacao-contratual\/","og_locale":"pt_BR","og_type":"article","og_title":"MRS apresenta obras que dever\u00e3o ser retiradas da obriga\u00e7\u00e3o contratual","og_description":"da Ag\u00eancia iNFRA O diretor institucional da MRS, Gustavo Bambini, afirmou na \u00faltima quinta-feira (27) que, na discuss\u00e3o sobre a repactua\u00e7\u00e3o do contrato de concess\u00e3o da Malha Sudeste, caber\u00e1 \u00e0 concession\u00e1ria retirar do contrato tr\u00eas terminais, um em cada estado por onde passa a malha\u00a0(Rio de Janeiro, S\u00e3o Paulo e Minas Gerais), al\u00e9m de duas [&hellip;]","og_url":"https:\/\/agenciainfra.com\/blog\/mrs-apresenta-obras-que-deverao-ser-retiradas-da-obrigacao-contratual\/","og_site_name":"Ag\u00eancia iNFRA","article_publisher":"https:\/\/www.facebook.com\/ageninfra","article_published_time":"2025-03-29T13:00:00+00:00","article_modified_time":"2025-03-31T14:02:27+00:00","og_image":[{"width":1300,"height":975,"url":"https:\/\/agenciainfra.com\/blog\/wp-content\/uploads\/2022\/06\/trem-da-MRS-Logistica-foto-MRS-1.jpg","type":"image\/jpeg"}],"author":"Ag\u00eancia iNFRA","twitter_card":"summary_large_image","twitter_creator":"@agencia_infra","twitter_site":"@agencia_infra","twitter_misc":{"Escrito por":"Ag\u00eancia iNFRA","Est. tempo de leitura":"3 minutos"},"schema":{"@context":"https:\/\/schema.org","@graph":[{"@type":"Article","@id":"https:\/\/agenciainfra.com\/blog\/mrs-apresenta-obras-que-deverao-ser-retiradas-da-obrigacao-contratual\/#article","isPartOf":{"@id":"https:\/\/agenciainfra.com\/blog\/mrs-apresenta-obras-que-deverao-ser-retiradas-da-obrigacao-contratual\/"},"author":{"name":"Ag\u00eancia iNFRA","@id":"https:\/\/agenciainfra.com\/blog\/#\/schema\/person\/34af08dff6adea4cb22b06612ba7acfa"},"headline":"MRS apresenta obras que dever\u00e3o ser retiradas da obriga\u00e7\u00e3o contratual","datePublished":"2025-03-29T13:00:00+00:00","dateModified":"2025-03-31T14:02:27+00:00","mainEntityOfPage":{"@id":"https:\/\/agenciainfra.com\/blog\/mrs-apresenta-obras-que-deverao-ser-retiradas-da-obrigacao-contratual\/"},"wordCount":621,"publisher":{"@id":"https:\/\/agenciainfra.com\/blog\/#organization"},"image":{"@id":"https:\/\/agenciainfra.com\/blog\/mrs-apresenta-obras-que-deverao-ser-retiradas-da-obrigacao-contratual\/#primaryimage"},"thumbnailUrl":"https:\/\/agenciainfra.com\/blog\/wp-content\/uploads\/2022\/06\/trem-da-MRS-Logistica-foto-MRS-1.jpg","keywords":["concess\u00f5es","ferrovia malha sudeste","Ferrovias","gustavo bambini mrs","Infraestrutura","Investimentos","MRS","obriga\u00e7\u00f5es contratuais","repactua\u00e7\u00e3o de contratos","SecexConsenso","solu\u00e7\u00e3o consensual","transportes"],"articleSection":["Destaque lista","Geral","iNFRATransporte"],"inLanguage":"pt-BR","copyrightYear":"2025","copyrightHolder":{"@id":"https:\/\/agenciainfra.com\/blog\/#organization"}},{"@type":"WebPage","@id":"https:\/\/agenciainfra.com\/blog\/mrs-apresenta-obras-que-deverao-ser-retiradas-da-obrigacao-contratual\/","url":"https:\/\/agenciainfra.com\/blog\/mrs-apresenta-obras-que-deverao-ser-retiradas-da-obrigacao-contratual\/","name":"MRS apresenta obras que dever\u00e3o ser retiradas da obriga\u00e7\u00e3o contratual - Ag\u00eancia iNFRA","isPartOf":{"@id":"https:\/\/agenciainfra.com\/blog\/#website"},"primaryImageOfPage":{"@id":"https:\/\/agenciainfra.com\/blog\/mrs-apresenta-obras-que-deverao-ser-retiradas-da-obrigacao-contratual\/#primaryimage"},"image":{"@id":"https:\/\/agenciainfra.com\/blog\/mrs-apresenta-obras-que-deverao-ser-retiradas-da-obrigacao-contratual\/#primaryimage"},"thumbnailUrl":"https:\/\/agenciainfra.com\/blog\/wp-content\/uploads\/2022\/06\/trem-da-MRS-Logistica-foto-MRS-1.jpg","datePublished":"2025-03-29T13:00:00+00:00","dateModified":"2025-03-31T14:02:27+00:00","breadcrumb":{"@id":"https:\/\/agenciainfra.com\/blog\/mrs-apresenta-obras-que-deverao-ser-retiradas-da-obrigacao-contratual\/#breadcrumb"},"inLanguage":"pt-BR","potentialAction":[{"@type":"ReadAction","target":["https:\/\/agenciainfra.com\/blog\/mrs-apresenta-obras-que-deverao-ser-retiradas-da-obrigacao-contratual\/"]}]},{"@type":"ImageObject","inLanguage":"pt-BR","@id":"https:\/\/agenciainfra.com\/blog\/mrs-apresenta-obras-que-deverao-ser-retiradas-da-obrigacao-contratual\/#primaryimage","url":"https:\/\/agenciainfra.com\/blog\/wp-content\/uploads\/2022\/06\/trem-da-MRS-Logistica-foto-MRS-1.jpg","contentUrl":"https:\/\/agenciainfra.com\/blog\/wp-content\/uploads\/2022\/06\/trem-da-MRS-Logistica-foto-MRS-1.jpg","width":1300,"height":975},{"@type":"BreadcrumbList","@id":"https:\/\/agenciainfra.com\/blog\/mrs-apresenta-obras-que-deverao-ser-retiradas-da-obrigacao-contratual\/#breadcrumb","itemListElement":[{"@type":"ListItem","position":1,"name":"In\u00edcio","item":"https:\/\/agenciainfra.com\/blog\/"},{"@type":"ListItem","position":2,"name":"MRS apresenta obras que dever\u00e3o ser retiradas da obriga\u00e7\u00e3o contratual"}]},{"@type":"WebSite","@id":"https:\/\/agenciainfra.com\/blog\/#website","url":"https:\/\/agenciainfra.com\/blog\/","name":"Ag\u00eancia iNFRA","description":"Multiplataforma de informa\u00e7\u00e3o jornal\u00edstica refer\u00eancia na \u00e1rea de infraestrutura no Brasil!","publisher":{"@id":"https:\/\/agenciainfra.com\/blog\/#organization"},"potentialAction":[{"@type":"SearchAction","target":{"@type":"EntryPoint","urlTemplate":"https:\/\/agenciainfra.com\/blog\/?s={search_term_string}"},"query-input":{"@type":"PropertyValueSpecification","valueRequired":true,"valueName":"search_term_string"}}],"inLanguage":"pt-BR"},{"@type":"Organization","@id":"https:\/\/agenciainfra.com\/blog\/#organization","name":"Ag\u00eancia iNFRA","url":"https:\/\/agenciainfra.com\/blog\/","logo":{"@type":"ImageObject","inLanguage":"pt-BR","@id":"https:\/\/agenciainfra.com\/blog\/#\/schema\/logo\/image\/","url":"https:\/\/agenciainfra.com\/blog\/wp-content\/uploads\/2023\/09\/iNFRA_5-e1761735885940.png","contentUrl":"https:\/\/agenciainfra.com\/blog\/wp-content\/uploads\/2023\/09\/iNFRA_5-e1761735885940.png","width":1672,"height":454,"caption":"Ag\u00eancia iNFRA"},"image":{"@id":"https:\/\/agenciainfra.com\/blog\/#\/schema\/logo\/image\/"},"sameAs":["https:\/\/www.facebook.com\/ageninfra","https:\/\/x.com\/agencia_infra","https:\/\/www.linkedin.com\/company\/ag\u00eanciainfra\/","https:\/\/www.instagram.com\/agenciainfra\/"]},{"@type":"Person","@id":"https:\/\/agenciainfra.com\/blog\/#\/schema\/person\/34af08dff6adea4cb22b06612ba7acfa","name":"Ag\u00eancia iNFRA","image":{"@type":"ImageObject","inLanguage":"pt-BR","@id":"https:\/\/agenciainfra.com\/blog\/#\/schema\/person\/image\/","url":"https:\/\/secure.gravatar.com\/avatar\/d189e01678f06d8eb84d4e01f08eb848b3fffe3f8443818d3c356c66892f5be8?s=96&d=mm&r=g","contentUrl":"https:\/\/secure.gravatar.com\/avatar\/d189e01678f06d8eb84d4e01f08eb848b3fffe3f8443818d3c356c66892f5be8?s=96&d=mm&r=g","caption":"Ag\u00eancia iNFRA"},"url":"https:\/\/agenciainfra.com\/blog\/author\/admin\/"}]}},"_links":{"self":[{"href":"https:\/\/agenciainfra.com\/blog\/wp-json\/wp\/v2\/posts\/20761","targetHints":{"allow":["GET"]}}],"collection":[{"href":"https:\/\/agenciainfra.com\/blog\/wp-json\/wp\/v2\/posts"}],"about":[{"href":"https:\/\/agenciainfra.com\/blog\/wp-json\/wp\/v2\/types\/post"}],"author":[{"embeddable":true,"href":"https:\/\/agenciainfra.com\/blog\/wp-json\/wp\/v2\/users\/1"}],"replies":[{"embeddable":true,"href":"https:\/\/agenciainfra.com\/blog\/wp-json\/wp\/v2\/comments?post=20761"}],"version-history":[{"count":2,"href":"https:\/\/agenciainfra.com\/blog\/wp-json\/wp\/v2\/posts\/20761\/revisions"}],"predecessor-version":[{"id":20777,"href":"https:\/\/agenciainfra.com\/blog\/wp-json\/wp\/v2\/posts\/20761\/revisions\/20777"}],"wp:featuredmedia":[{"embeddable":true,"href":"https:\/\/agenciainfra.com\/blog\/wp-json\/wp\/v2\/media\/10535"}],"wp:attachment":[{"href":"https:\/\/agenciainfra.com\/blog\/wp-json\/wp\/v2\/media?parent=20761"}],"wp:term":[{"taxonomy":"category","embeddable":true,"href":"https:\/\/agenciainfra.com\/blog\/wp-json\/wp\/v2\/categories?post=20761"},{"taxonomy":"post_tag","embeddable":true,"href":"https:\/\/agenciainfra.com\/blog\/wp-json\/wp\/v2\/tags?post=20761"}],"curies":[{"name":"wp","href":"https:\/\/api.w.org\/{rel}","templated":true}]}}