{"id":20779,"date":"2025-03-31T09:00:00","date_gmt":"2025-03-31T12:00:00","guid":{"rendered":"https:\/\/agenciainfra.com\/blog\/?p=20779"},"modified":"2025-04-02T12:57:26","modified_gmt":"2025-04-02T15:57:26","slug":"maior-aversao-ao-risco-provoca-aumento-no-pld-e-queixas-de-agentes-mme-estuda-mudanca","status":"publish","type":"post","link":"https:\/\/agenciainfra.com\/blog\/maior-aversao-ao-risco-provoca-aumento-no-pld-e-queixas-de-agentes-mme-estuda-mudanca\/","title":{"rendered":"Maior avers\u00e3o ao risco provoca aumento no PLD e queixas de agentes. MME estuda mudan\u00e7a"},"content":{"rendered":"\n<p class=\"has-text-align-right\"><strong>Marisa Wanzeller e Geraldo Campos Jr., da Ag\u00eancia iNFRA<\/strong><\/p>\n\n\n\n<p>A metodologia de precifica\u00e7\u00e3o do PLD (Pre\u00e7o de Liquida\u00e7\u00e3o das Diferen\u00e7as) tem deixado alguns agentes comercializadores insatisfeitos. Eles avaliam que o pre\u00e7o est\u00e1 mais suscet\u00edvel a oscila\u00e7\u00f5es com o aumento da avers\u00e3o ao risco, que entrou em vigor neste ano no c\u00e1lculo usado como refer\u00eancia para comercializa\u00e7\u00e3o da energia no mercado livre.<\/p>\n\n\n\n<p>O cen\u00e1rio vivenciado desde o fim de fevereiro deixou a situa\u00e7\u00e3o mais evidente. Com o baixo n\u00edvel de chuvas no m\u00eas, que \u00e9 tipicamente \u00famido, os crit\u00e9rios de avers\u00e3o ao risco nos modelos computacionais usados para calcular o PLD fizeram o pre\u00e7o disparar diante do temor de uma seca em 2025. Em um m\u00eas, o PLD subiu de cerca de R$ 90 por MWh (megawatt-hora) no subsistema Sudeste\/Centro-Oeste para quase R$ 400\/MWh na \u00faltima semana.<\/p>\n\n\n\n<p>Segundo Walter Fr\u00f3es, CEO da CMU Comercializadora de Energia, a atual metodologia est\u00e1 \u201cmuito mais sens\u00edvel\u201d, com uma avers\u00e3o ao risco \u201cestupidamente alta\u201d, fazendo com que o ONS (Operador Nacional do Sistema El\u00e9trico) \u201cn\u00e3o possa\u201d despachar hidrel\u00e9tricas. \u201cEnt\u00e3o do jeito que est\u00e1, o PLD nunca vai cair abaixo dos R$ 300\/MWh&#8221;, afirmou o executivo \u00e0&nbsp;<strong>Ag\u00eancia iNFRA<\/strong>.<\/p>\n\n\n\n<p>A avers\u00e3o ao risco \u00e9 calculada por mecanismo computacional que considera cen\u00e1rios desfavor\u00e1veis de hidrologia para influenciar a forma\u00e7\u00e3o de pre\u00e7os. Com a recente nova calibragem do par\u00e2metro, \u201cele ficou mais sens\u00edvel e responde mais r\u00e1pido\u201d, explicou Rodrigo Ferreira, presidente-executivo da Abraceel (Associa\u00e7\u00e3o Brasileira dos Comercializadores de Energia).&nbsp;<\/p>\n\n\n\n<p>\u201cO par\u00e2metro de risco aumentou o pre\u00e7o em prol da seguran\u00e7a. Mas o que alguns dizem \u00e9 que aumentou demais para pouca seguran\u00e7a a mais. Em tese, os modelos precificam \u00e1gua\u201d, explicou. Ferreira cita o exemplo em que h\u00e1 um m\u00eas muito seco, al\u00e9m do que estava previsto. \u201cEle [o par\u00e2metro] d\u00e1 um alerta e se aciona algumas usinas com anteced\u00eancia para reservar \u00e1gua. Ent\u00e3o, [a metodologia] nada mais \u00e9 do que calcular o valor da \u00e1gua.\u201d<\/p>\n\n\n\n<p><strong>Minist\u00e9rio estuda mudan\u00e7a<\/strong><br>A necessidade de aprimoramento no c\u00e1lculo j\u00e1 foi levada por agentes ao MME (Minist\u00e9rio de Minas e Energia), uma vez que o tema \u00e9 tratado no \u00e2mbito do CMSE (Comit\u00ea de Monitoramento do Setor El\u00e9trico). Na \u00faltima semana, a diretoria da Abraceel se reuniu com equipes da pasta para tratar dos modelos. Os executivos sa\u00edram de l\u00e1 com a resposta de que ainda n\u00e3o h\u00e1 indicativo de que haver\u00e1 mudan\u00e7a, mas que o tema est\u00e1 em estudo.&nbsp;<\/p>\n\n\n\n<p>O minist\u00e9rio marcou para esta segunda-feira (31) uma reuni\u00e3o t\u00e9cnica do CMSE para apresentar e discutir estudos sobre uma revis\u00e3o nos par\u00e2metros de avers\u00e3o ao risco. A reuni\u00e3o contar\u00e1 com apresenta\u00e7\u00f5es do ONS e da CCEE (C\u00e2mara de Comercializa\u00e7\u00e3o de Energia El\u00e9trica).<\/p>\n\n\n\n<p>H\u00e1 pressa para que a decis\u00e3o seja r\u00e1pida. Qualquer revis\u00e3o da metodologia do PLD e dos par\u00e2metros de avers\u00e3o ao risco precisa ser decidida at\u00e9 31 de julho, para poder iniciar a vig\u00eancia em janeiro do ano seguinte, conforme previsto na Resolu\u00e7\u00e3o CNPE (Conselho Nacional de Pol\u00edtica Energ\u00e9tica) 1\/2024. Al\u00e9m disso, altera\u00e7\u00f5es devem ser precedidas de consulta p\u00fablica, que somente ser\u00e1 aberta pelo MME se identificada a necessidade de mudan\u00e7a, informou a Abraceel a seus associados.&nbsp;<\/p>\n\n\n\n<p>O presidente-executivo da Abraceel disse \u00e0&nbsp;<strong>Ag\u00eancia iNFRA&nbsp;<\/strong>que a insatisfa\u00e7\u00e3o do mercado com os modelos matem\u00e1ticos que calculam o PLD \u201c\u00e9 uma demanda antiga\u201d. No seu entendimento, \u201ch\u00e1 uma discrep\u00e2ncia grande entre o que \u00e9 planejado e operado\u201d, al\u00e9m de pouca transpar\u00eancia nas informa\u00e7\u00f5es utilizadas para forma\u00e7\u00e3o do pre\u00e7o.<\/p>\n\n\n\n<p>\u201cH\u00e1 opera\u00e7\u00f5es que caem em conting\u00eancias que n\u00e3o s\u00e3o bem explicadas, e a\u00ed passa a ter uma interven\u00e7\u00e3o humana nesse c\u00e1lculo\u201d, afirmou. Segundo ele, o tema est\u00e1 sendo tratado com m\u00e1xima prioridade dentro da associa\u00e7\u00e3o.&nbsp;<\/p>\n\n\n\n<p>Ferreira disse que o modelo de forma\u00e7\u00e3o do PLD \u00e9 um tema tratado anualmente e que ele j\u00e1 foi aprimorado, mas ainda est\u00e1 distante do que seria o \u201ccen\u00e1rio ideal\u201d. Ele ainda informou que o conselho da Abraceel vai se reunir para fazer uma primeira grande discuss\u00e3o sobre o tema na pr\u00f3xima quinta-feira (3).<\/p>\n\n\n\n<p>A Abraceel realizou junto \u00e0 PSR Consultoria um estudo sobre os \u201cmodelos de curt\u00edssimo prazo&#8221; para propor aprimoramento da metodologia. Segundo Ferreira, o estudo levou a nove melhorias que devem ser trabalhadas ao longo deste ano.<\/p>\n\n\n\n<p><strong>Oscila\u00e7\u00f5es devem continuar<\/strong><br>Com o atual modelo em vigor, a tend\u00eancia para o resto de 2025 \u00e9 que as oscila\u00e7\u00f5es no PLD continuem. \u201c[O modelo atual] impacta na volatilidade dos pre\u00e7os porque ele reage muito, ele fica, digamos, mais arisco. Ou seja, ele percebe uma situa\u00e7\u00e3o clim\u00e1tica agora e ele te d\u00e1 um alerta muito mais conservador\u201d, diz Rodrigo Ferreira.<\/p>\n\n\n\n<p>Para al\u00e9m do modelo em si, a volatilidade nos pre\u00e7os deve persistir ao longo do ano por causa das pr\u00f3prias condi\u00e7\u00f5es clim\u00e1ticas. A exemplo de um fevereiro atipicamente menos chuvoso, o que elevou o PLD, a expectativa \u00e9 de mais oscila\u00e7\u00f5es nos pr\u00f3ximos meses, segundo an\u00e1lise da Nottus Meteorologia.<\/p>\n\n\n\n<p>\u201cAinda n\u00e3o d\u00e1 para bater o martelo, mas, eventualmente, pode ter algumas chuvas no per\u00edodo seco&#8221;, afirmou Alexandre Nascimento, s\u00f3cio-diretor e meteorologista da Nottus. Segundo o especialista, existe uma expectativa de alguma umidade entre maio e julho, o que pode mexer com o mercado de energia \u201cdependendo de onde a chuva cair, da forma e da intensidade&#8221;.<\/p>\n\n\n\n<p>J\u00e1 a meteorologista Deris\u00e9e Brandt, tamb\u00e9m s\u00f3cia-diretora da Nottus, afirma que, apesar do fevereiro menos chuvoso, o per\u00edodo \u00famido como um todo foi \u201crazo\u00e1vel\u201d. Isso porque as chuvas j\u00e1 come\u00e7aram intensas na primavera de 2024, o que compensou a queda de precipita\u00e7\u00e3o no final do ver\u00e3o. \u201cA gente est\u00e1 com n\u00edveis confort\u00e1veis para passar o per\u00edodo seco sem susto. No entanto, ficamos na depend\u00eancia do pr\u00f3ximo per\u00edodo \u00famido\u201d, avalia.<\/p>\n","protected":false},"excerpt":{"rendered":"<p>Marisa Wanzeller e Geraldo Campos Jr., da Ag\u00eancia iNFRA A metodologia de precifica\u00e7\u00e3o do PLD (Pre\u00e7o de Liquida\u00e7\u00e3o das Diferen\u00e7as) tem deixado alguns agentes comercializadores insatisfeitos. Eles avaliam que o pre\u00e7o est\u00e1 mais suscet\u00edvel a oscila\u00e7\u00f5es com o aumento da avers\u00e3o ao risco, que entrou em vigor neste ano no c\u00e1lculo usado como refer\u00eancia para [&hellip;]<\/p>\n","protected":false},"author":1,"featured_media":10420,"comment_status":"closed","ping_status":"closed","sticky":false,"template":"","format":"standard","meta":{"_monsterinsights_skip_tracking":false,"_monsterinsights_sitenote_active":false,"_monsterinsights_sitenote_note":"","_monsterinsights_sitenote_category":0,"footnotes":""},"categories":[7250,1,10],"tags":[12932,12933,12935,4802,282,11594,7366,924,1169,12934,10140],"class_list":["post-20779","post","type-post","status-publish","format-standard","has-post-thumbnail","hentry","category-destaque-lista","category-geral","category-infraenergia","tag-aumento-no-pld","tag-aversao-ao-risco","tag-calculo-do-pld","tag-comercializacao","tag-energia-eletrica","tag-geraldo-campos-jr","tag-marisa-wanzeller","tag-mercado-livre-de-energia","tag-pld","tag-preco-do-pld","tag-walter-froes"],"yoast_head":"<!-- This site is optimized with the Yoast SEO Premium plugin v25.4 (Yoast SEO v26.0) - https:\/\/yoast.com\/wordpress\/plugins\/seo\/ -->\n<title>Maior avers\u00e3o ao risco provoca aumento no PLD e queixas de agentes. MME estuda mudan\u00e7a - Ag\u00eancia iNFRA<\/title>\n<meta name=\"robots\" content=\"index, follow, max-snippet:-1, max-image-preview:large, max-video-preview:-1\" \/>\n<link rel=\"canonical\" href=\"https:\/\/agenciainfra.com\/blog\/maior-aversao-ao-risco-provoca-aumento-no-pld-e-queixas-de-agentes-mme-estuda-mudanca\/\" \/>\n<meta property=\"og:locale\" content=\"pt_BR\" \/>\n<meta property=\"og:type\" content=\"article\" \/>\n<meta property=\"og:title\" content=\"Maior avers\u00e3o ao risco provoca aumento no PLD e queixas de agentes. MME estuda mudan\u00e7a\" \/>\n<meta property=\"og:description\" content=\"Marisa Wanzeller e Geraldo Campos Jr., da Ag\u00eancia iNFRA A metodologia de precifica\u00e7\u00e3o do PLD (Pre\u00e7o de Liquida\u00e7\u00e3o das Diferen\u00e7as) tem deixado alguns agentes comercializadores insatisfeitos. Eles avaliam que o pre\u00e7o est\u00e1 mais suscet\u00edvel a oscila\u00e7\u00f5es com o aumento da avers\u00e3o ao risco, que entrou em vigor neste ano no c\u00e1lculo usado como refer\u00eancia para [&hellip;]\" \/>\n<meta property=\"og:url\" content=\"https:\/\/agenciainfra.com\/blog\/maior-aversao-ao-risco-provoca-aumento-no-pld-e-queixas-de-agentes-mme-estuda-mudanca\/\" \/>\n<meta property=\"og:site_name\" content=\"Ag\u00eancia iNFRA\" \/>\n<meta property=\"article:publisher\" content=\"https:\/\/www.facebook.com\/ageninfra\" \/>\n<meta property=\"article:published_time\" content=\"2025-03-31T12:00:00+00:00\" \/>\n<meta property=\"article:modified_time\" content=\"2025-04-02T15:57:26+00:00\" \/>\n<meta property=\"og:image\" content=\"https:\/\/agenciainfra.com\/blog\/wp-content\/uploads\/2022\/05\/tarifas-energia-eletrica-foto-dominio-publico.jpg\" \/>\n\t<meta property=\"og:image:width\" content=\"1920\" \/>\n\t<meta property=\"og:image:height\" content=\"1266\" \/>\n\t<meta property=\"og:image:type\" content=\"image\/jpeg\" \/>\n<meta name=\"author\" content=\"Ag\u00eancia iNFRA\" \/>\n<meta name=\"twitter:card\" content=\"summary_large_image\" \/>\n<meta name=\"twitter:creator\" content=\"@agencia_infra\" \/>\n<meta name=\"twitter:site\" content=\"@agencia_infra\" \/>\n<meta name=\"twitter:label1\" content=\"Escrito por\" \/>\n\t<meta name=\"twitter:data1\" content=\"Ag\u00eancia iNFRA\" \/>\n\t<meta name=\"twitter:label2\" content=\"Est. tempo de leitura\" \/>\n\t<meta name=\"twitter:data2\" content=\"5 minutos\" \/>\n<script type=\"application\/ld+json\" class=\"yoast-schema-graph\">{\"@context\":\"https:\/\/schema.org\",\"@graph\":[{\"@type\":\"Article\",\"@id\":\"https:\/\/agenciainfra.com\/blog\/maior-aversao-ao-risco-provoca-aumento-no-pld-e-queixas-de-agentes-mme-estuda-mudanca\/#article\",\"isPartOf\":{\"@id\":\"https:\/\/agenciainfra.com\/blog\/maior-aversao-ao-risco-provoca-aumento-no-pld-e-queixas-de-agentes-mme-estuda-mudanca\/\"},\"author\":{\"name\":\"Ag\u00eancia iNFRA\",\"@id\":\"https:\/\/agenciainfra.com\/blog\/#\/schema\/person\/34af08dff6adea4cb22b06612ba7acfa\"},\"headline\":\"Maior avers\u00e3o ao risco provoca aumento no PLD e queixas de agentes. MME estuda mudan\u00e7a\",\"datePublished\":\"2025-03-31T12:00:00+00:00\",\"dateModified\":\"2025-04-02T15:57:26+00:00\",\"mainEntityOfPage\":{\"@id\":\"https:\/\/agenciainfra.com\/blog\/maior-aversao-ao-risco-provoca-aumento-no-pld-e-queixas-de-agentes-mme-estuda-mudanca\/\"},\"wordCount\":1061,\"publisher\":{\"@id\":\"https:\/\/agenciainfra.com\/blog\/#organization\"},\"image\":{\"@id\":\"https:\/\/agenciainfra.com\/blog\/maior-aversao-ao-risco-provoca-aumento-no-pld-e-queixas-de-agentes-mme-estuda-mudanca\/#primaryimage\"},\"thumbnailUrl\":\"https:\/\/agenciainfra.com\/blog\/wp-content\/uploads\/2022\/05\/tarifas-energia-eletrica-foto-dominio-publico-e1750265444930.jpg\",\"keywords\":[\"aumento no pld\",\"avers\u00e3o ao risco\",\"c\u00e1lculo do pld\",\"comercializa\u00e7\u00e3o\",\"energia el\u00e9trica\",\"Geraldo Campos Jr.\",\"Marisa Wanzeller\",\"mercado livre de energia\",\"PLD\",\"pre\u00e7o do pld\",\"Walter Fr\u00f3es\"],\"articleSection\":[\"Destaque lista\",\"Geral\",\"iNFRAEnergia\"],\"inLanguage\":\"pt-BR\",\"copyrightYear\":\"2025\",\"copyrightHolder\":{\"@id\":\"https:\/\/agenciainfra.com\/blog\/#organization\"}},{\"@type\":\"WebPage\",\"@id\":\"https:\/\/agenciainfra.com\/blog\/maior-aversao-ao-risco-provoca-aumento-no-pld-e-queixas-de-agentes-mme-estuda-mudanca\/\",\"url\":\"https:\/\/agenciainfra.com\/blog\/maior-aversao-ao-risco-provoca-aumento-no-pld-e-queixas-de-agentes-mme-estuda-mudanca\/\",\"name\":\"Maior avers\u00e3o ao risco provoca aumento no PLD e queixas de agentes. MME estuda mudan\u00e7a - Ag\u00eancia iNFRA\",\"isPartOf\":{\"@id\":\"https:\/\/agenciainfra.com\/blog\/#website\"},\"primaryImageOfPage\":{\"@id\":\"https:\/\/agenciainfra.com\/blog\/maior-aversao-ao-risco-provoca-aumento-no-pld-e-queixas-de-agentes-mme-estuda-mudanca\/#primaryimage\"},\"image\":{\"@id\":\"https:\/\/agenciainfra.com\/blog\/maior-aversao-ao-risco-provoca-aumento-no-pld-e-queixas-de-agentes-mme-estuda-mudanca\/#primaryimage\"},\"thumbnailUrl\":\"https:\/\/agenciainfra.com\/blog\/wp-content\/uploads\/2022\/05\/tarifas-energia-eletrica-foto-dominio-publico-e1750265444930.jpg\",\"datePublished\":\"2025-03-31T12:00:00+00:00\",\"dateModified\":\"2025-04-02T15:57:26+00:00\",\"breadcrumb\":{\"@id\":\"https:\/\/agenciainfra.com\/blog\/maior-aversao-ao-risco-provoca-aumento-no-pld-e-queixas-de-agentes-mme-estuda-mudanca\/#breadcrumb\"},\"inLanguage\":\"pt-BR\",\"potentialAction\":[{\"@type\":\"ReadAction\",\"target\":[\"https:\/\/agenciainfra.com\/blog\/maior-aversao-ao-risco-provoca-aumento-no-pld-e-queixas-de-agentes-mme-estuda-mudanca\/\"]}]},{\"@type\":\"ImageObject\",\"inLanguage\":\"pt-BR\",\"@id\":\"https:\/\/agenciainfra.com\/blog\/maior-aversao-ao-risco-provoca-aumento-no-pld-e-queixas-de-agentes-mme-estuda-mudanca\/#primaryimage\",\"url\":\"https:\/\/agenciainfra.com\/blog\/wp-content\/uploads\/2022\/05\/tarifas-energia-eletrica-foto-dominio-publico-e1750265444930.jpg\",\"contentUrl\":\"https:\/\/agenciainfra.com\/blog\/wp-content\/uploads\/2022\/05\/tarifas-energia-eletrica-foto-dominio-publico-e1750265444930.jpg\",\"width\":1280,\"height\":783,\"caption\":\"Foto: Dom\u00ednio P\u00fablico\"},{\"@type\":\"BreadcrumbList\",\"@id\":\"https:\/\/agenciainfra.com\/blog\/maior-aversao-ao-risco-provoca-aumento-no-pld-e-queixas-de-agentes-mme-estuda-mudanca\/#breadcrumb\",\"itemListElement\":[{\"@type\":\"ListItem\",\"position\":1,\"name\":\"In\u00edcio\",\"item\":\"https:\/\/agenciainfra.com\/blog\/\"},{\"@type\":\"ListItem\",\"position\":2,\"name\":\"Maior avers\u00e3o ao risco provoca aumento no PLD e queixas de agentes. MME estuda mudan\u00e7a\"}]},{\"@type\":\"WebSite\",\"@id\":\"https:\/\/agenciainfra.com\/blog\/#website\",\"url\":\"https:\/\/agenciainfra.com\/blog\/\",\"name\":\"Ag\u00eancia iNFRA\",\"description\":\"Multiplataforma de informa\u00e7\u00e3o jornal\u00edstica refer\u00eancia na \u00e1rea de infraestrutura no Brasil!\",\"publisher\":{\"@id\":\"https:\/\/agenciainfra.com\/blog\/#organization\"},\"potentialAction\":[{\"@type\":\"SearchAction\",\"target\":{\"@type\":\"EntryPoint\",\"urlTemplate\":\"https:\/\/agenciainfra.com\/blog\/?s={search_term_string}\"},\"query-input\":{\"@type\":\"PropertyValueSpecification\",\"valueRequired\":true,\"valueName\":\"search_term_string\"}}],\"inLanguage\":\"pt-BR\"},{\"@type\":\"Organization\",\"@id\":\"https:\/\/agenciainfra.com\/blog\/#organization\",\"name\":\"Ag\u00eancia iNFRA\",\"url\":\"https:\/\/agenciainfra.com\/blog\/\",\"logo\":{\"@type\":\"ImageObject\",\"inLanguage\":\"pt-BR\",\"@id\":\"https:\/\/agenciainfra.com\/blog\/#\/schema\/logo\/image\/\",\"url\":\"https:\/\/agenciainfra.com\/blog\/wp-content\/uploads\/2023\/09\/iNFRA_5-e1761735885940.png\",\"contentUrl\":\"https:\/\/agenciainfra.com\/blog\/wp-content\/uploads\/2023\/09\/iNFRA_5-e1761735885940.png\",\"width\":1672,\"height\":454,\"caption\":\"Ag\u00eancia iNFRA\"},\"image\":{\"@id\":\"https:\/\/agenciainfra.com\/blog\/#\/schema\/logo\/image\/\"},\"sameAs\":[\"https:\/\/www.facebook.com\/ageninfra\",\"https:\/\/x.com\/agencia_infra\",\"https:\/\/www.linkedin.com\/company\/ag\u00eanciainfra\/\",\"https:\/\/www.instagram.com\/agenciainfra\/\"]},{\"@type\":\"Person\",\"@id\":\"https:\/\/agenciainfra.com\/blog\/#\/schema\/person\/34af08dff6adea4cb22b06612ba7acfa\",\"name\":\"Ag\u00eancia iNFRA\",\"image\":{\"@type\":\"ImageObject\",\"inLanguage\":\"pt-BR\",\"@id\":\"https:\/\/agenciainfra.com\/blog\/#\/schema\/person\/image\/\",\"url\":\"https:\/\/secure.gravatar.com\/avatar\/d189e01678f06d8eb84d4e01f08eb848b3fffe3f8443818d3c356c66892f5be8?s=96&d=mm&r=g\",\"contentUrl\":\"https:\/\/secure.gravatar.com\/avatar\/d189e01678f06d8eb84d4e01f08eb848b3fffe3f8443818d3c356c66892f5be8?s=96&d=mm&r=g\",\"caption\":\"Ag\u00eancia iNFRA\"},\"url\":\"https:\/\/agenciainfra.com\/blog\/author\/admin\/\"}]}<\/script>\n<!-- \/ Yoast SEO Premium plugin. -->","yoast_head_json":{"title":"Maior avers\u00e3o ao risco provoca aumento no PLD e queixas de agentes. MME estuda mudan\u00e7a - Ag\u00eancia iNFRA","robots":{"index":"index","follow":"follow","max-snippet":"max-snippet:-1","max-image-preview":"max-image-preview:large","max-video-preview":"max-video-preview:-1"},"canonical":"https:\/\/agenciainfra.com\/blog\/maior-aversao-ao-risco-provoca-aumento-no-pld-e-queixas-de-agentes-mme-estuda-mudanca\/","og_locale":"pt_BR","og_type":"article","og_title":"Maior avers\u00e3o ao risco provoca aumento no PLD e queixas de agentes. MME estuda mudan\u00e7a","og_description":"Marisa Wanzeller e Geraldo Campos Jr., da Ag\u00eancia iNFRA A metodologia de precifica\u00e7\u00e3o do PLD (Pre\u00e7o de Liquida\u00e7\u00e3o das Diferen\u00e7as) tem deixado alguns agentes comercializadores insatisfeitos. Eles avaliam que o pre\u00e7o est\u00e1 mais suscet\u00edvel a oscila\u00e7\u00f5es com o aumento da avers\u00e3o ao risco, que entrou em vigor neste ano no c\u00e1lculo usado como refer\u00eancia para [&hellip;]","og_url":"https:\/\/agenciainfra.com\/blog\/maior-aversao-ao-risco-provoca-aumento-no-pld-e-queixas-de-agentes-mme-estuda-mudanca\/","og_site_name":"Ag\u00eancia iNFRA","article_publisher":"https:\/\/www.facebook.com\/ageninfra","article_published_time":"2025-03-31T12:00:00+00:00","article_modified_time":"2025-04-02T15:57:26+00:00","og_image":[{"width":1920,"height":1266,"url":"https:\/\/agenciainfra.com\/blog\/wp-content\/uploads\/2022\/05\/tarifas-energia-eletrica-foto-dominio-publico.jpg","type":"image\/jpeg"}],"author":"Ag\u00eancia iNFRA","twitter_card":"summary_large_image","twitter_creator":"@agencia_infra","twitter_site":"@agencia_infra","twitter_misc":{"Escrito por":"Ag\u00eancia iNFRA","Est. tempo de leitura":"5 minutos"},"schema":{"@context":"https:\/\/schema.org","@graph":[{"@type":"Article","@id":"https:\/\/agenciainfra.com\/blog\/maior-aversao-ao-risco-provoca-aumento-no-pld-e-queixas-de-agentes-mme-estuda-mudanca\/#article","isPartOf":{"@id":"https:\/\/agenciainfra.com\/blog\/maior-aversao-ao-risco-provoca-aumento-no-pld-e-queixas-de-agentes-mme-estuda-mudanca\/"},"author":{"name":"Ag\u00eancia iNFRA","@id":"https:\/\/agenciainfra.com\/blog\/#\/schema\/person\/34af08dff6adea4cb22b06612ba7acfa"},"headline":"Maior avers\u00e3o ao risco provoca aumento no PLD e queixas de agentes. MME estuda mudan\u00e7a","datePublished":"2025-03-31T12:00:00+00:00","dateModified":"2025-04-02T15:57:26+00:00","mainEntityOfPage":{"@id":"https:\/\/agenciainfra.com\/blog\/maior-aversao-ao-risco-provoca-aumento-no-pld-e-queixas-de-agentes-mme-estuda-mudanca\/"},"wordCount":1061,"publisher":{"@id":"https:\/\/agenciainfra.com\/blog\/#organization"},"image":{"@id":"https:\/\/agenciainfra.com\/blog\/maior-aversao-ao-risco-provoca-aumento-no-pld-e-queixas-de-agentes-mme-estuda-mudanca\/#primaryimage"},"thumbnailUrl":"https:\/\/agenciainfra.com\/blog\/wp-content\/uploads\/2022\/05\/tarifas-energia-eletrica-foto-dominio-publico-e1750265444930.jpg","keywords":["aumento no pld","avers\u00e3o ao risco","c\u00e1lculo do pld","comercializa\u00e7\u00e3o","energia el\u00e9trica","Geraldo Campos Jr.","Marisa Wanzeller","mercado livre de energia","PLD","pre\u00e7o do pld","Walter Fr\u00f3es"],"articleSection":["Destaque lista","Geral","iNFRAEnergia"],"inLanguage":"pt-BR","copyrightYear":"2025","copyrightHolder":{"@id":"https:\/\/agenciainfra.com\/blog\/#organization"}},{"@type":"WebPage","@id":"https:\/\/agenciainfra.com\/blog\/maior-aversao-ao-risco-provoca-aumento-no-pld-e-queixas-de-agentes-mme-estuda-mudanca\/","url":"https:\/\/agenciainfra.com\/blog\/maior-aversao-ao-risco-provoca-aumento-no-pld-e-queixas-de-agentes-mme-estuda-mudanca\/","name":"Maior avers\u00e3o ao risco provoca aumento no PLD e queixas de agentes. MME estuda mudan\u00e7a - Ag\u00eancia iNFRA","isPartOf":{"@id":"https:\/\/agenciainfra.com\/blog\/#website"},"primaryImageOfPage":{"@id":"https:\/\/agenciainfra.com\/blog\/maior-aversao-ao-risco-provoca-aumento-no-pld-e-queixas-de-agentes-mme-estuda-mudanca\/#primaryimage"},"image":{"@id":"https:\/\/agenciainfra.com\/blog\/maior-aversao-ao-risco-provoca-aumento-no-pld-e-queixas-de-agentes-mme-estuda-mudanca\/#primaryimage"},"thumbnailUrl":"https:\/\/agenciainfra.com\/blog\/wp-content\/uploads\/2022\/05\/tarifas-energia-eletrica-foto-dominio-publico-e1750265444930.jpg","datePublished":"2025-03-31T12:00:00+00:00","dateModified":"2025-04-02T15:57:26+00:00","breadcrumb":{"@id":"https:\/\/agenciainfra.com\/blog\/maior-aversao-ao-risco-provoca-aumento-no-pld-e-queixas-de-agentes-mme-estuda-mudanca\/#breadcrumb"},"inLanguage":"pt-BR","potentialAction":[{"@type":"ReadAction","target":["https:\/\/agenciainfra.com\/blog\/maior-aversao-ao-risco-provoca-aumento-no-pld-e-queixas-de-agentes-mme-estuda-mudanca\/"]}]},{"@type":"ImageObject","inLanguage":"pt-BR","@id":"https:\/\/agenciainfra.com\/blog\/maior-aversao-ao-risco-provoca-aumento-no-pld-e-queixas-de-agentes-mme-estuda-mudanca\/#primaryimage","url":"https:\/\/agenciainfra.com\/blog\/wp-content\/uploads\/2022\/05\/tarifas-energia-eletrica-foto-dominio-publico-e1750265444930.jpg","contentUrl":"https:\/\/agenciainfra.com\/blog\/wp-content\/uploads\/2022\/05\/tarifas-energia-eletrica-foto-dominio-publico-e1750265444930.jpg","width":1280,"height":783,"caption":"Foto: Dom\u00ednio P\u00fablico"},{"@type":"BreadcrumbList","@id":"https:\/\/agenciainfra.com\/blog\/maior-aversao-ao-risco-provoca-aumento-no-pld-e-queixas-de-agentes-mme-estuda-mudanca\/#breadcrumb","itemListElement":[{"@type":"ListItem","position":1,"name":"In\u00edcio","item":"https:\/\/agenciainfra.com\/blog\/"},{"@type":"ListItem","position":2,"name":"Maior avers\u00e3o ao risco provoca aumento no PLD e queixas de agentes. MME estuda mudan\u00e7a"}]},{"@type":"WebSite","@id":"https:\/\/agenciainfra.com\/blog\/#website","url":"https:\/\/agenciainfra.com\/blog\/","name":"Ag\u00eancia iNFRA","description":"Multiplataforma de informa\u00e7\u00e3o jornal\u00edstica refer\u00eancia na \u00e1rea de infraestrutura no Brasil!","publisher":{"@id":"https:\/\/agenciainfra.com\/blog\/#organization"},"potentialAction":[{"@type":"SearchAction","target":{"@type":"EntryPoint","urlTemplate":"https:\/\/agenciainfra.com\/blog\/?s={search_term_string}"},"query-input":{"@type":"PropertyValueSpecification","valueRequired":true,"valueName":"search_term_string"}}],"inLanguage":"pt-BR"},{"@type":"Organization","@id":"https:\/\/agenciainfra.com\/blog\/#organization","name":"Ag\u00eancia iNFRA","url":"https:\/\/agenciainfra.com\/blog\/","logo":{"@type":"ImageObject","inLanguage":"pt-BR","@id":"https:\/\/agenciainfra.com\/blog\/#\/schema\/logo\/image\/","url":"https:\/\/agenciainfra.com\/blog\/wp-content\/uploads\/2023\/09\/iNFRA_5-e1761735885940.png","contentUrl":"https:\/\/agenciainfra.com\/blog\/wp-content\/uploads\/2023\/09\/iNFRA_5-e1761735885940.png","width":1672,"height":454,"caption":"Ag\u00eancia iNFRA"},"image":{"@id":"https:\/\/agenciainfra.com\/blog\/#\/schema\/logo\/image\/"},"sameAs":["https:\/\/www.facebook.com\/ageninfra","https:\/\/x.com\/agencia_infra","https:\/\/www.linkedin.com\/company\/ag\u00eanciainfra\/","https:\/\/www.instagram.com\/agenciainfra\/"]},{"@type":"Person","@id":"https:\/\/agenciainfra.com\/blog\/#\/schema\/person\/34af08dff6adea4cb22b06612ba7acfa","name":"Ag\u00eancia iNFRA","image":{"@type":"ImageObject","inLanguage":"pt-BR","@id":"https:\/\/agenciainfra.com\/blog\/#\/schema\/person\/image\/","url":"https:\/\/secure.gravatar.com\/avatar\/d189e01678f06d8eb84d4e01f08eb848b3fffe3f8443818d3c356c66892f5be8?s=96&d=mm&r=g","contentUrl":"https:\/\/secure.gravatar.com\/avatar\/d189e01678f06d8eb84d4e01f08eb848b3fffe3f8443818d3c356c66892f5be8?s=96&d=mm&r=g","caption":"Ag\u00eancia iNFRA"},"url":"https:\/\/agenciainfra.com\/blog\/author\/admin\/"}]}},"_links":{"self":[{"href":"https:\/\/agenciainfra.com\/blog\/wp-json\/wp\/v2\/posts\/20779","targetHints":{"allow":["GET"]}}],"collection":[{"href":"https:\/\/agenciainfra.com\/blog\/wp-json\/wp\/v2\/posts"}],"about":[{"href":"https:\/\/agenciainfra.com\/blog\/wp-json\/wp\/v2\/types\/post"}],"author":[{"embeddable":true,"href":"https:\/\/agenciainfra.com\/blog\/wp-json\/wp\/v2\/users\/1"}],"replies":[{"embeddable":true,"href":"https:\/\/agenciainfra.com\/blog\/wp-json\/wp\/v2\/comments?post=20779"}],"version-history":[{"count":1,"href":"https:\/\/agenciainfra.com\/blog\/wp-json\/wp\/v2\/posts\/20779\/revisions"}],"predecessor-version":[{"id":20780,"href":"https:\/\/agenciainfra.com\/blog\/wp-json\/wp\/v2\/posts\/20779\/revisions\/20780"}],"wp:featuredmedia":[{"embeddable":true,"href":"https:\/\/agenciainfra.com\/blog\/wp-json\/wp\/v2\/media\/10420"}],"wp:attachment":[{"href":"https:\/\/agenciainfra.com\/blog\/wp-json\/wp\/v2\/media?parent=20779"}],"wp:term":[{"taxonomy":"category","embeddable":true,"href":"https:\/\/agenciainfra.com\/blog\/wp-json\/wp\/v2\/categories?post=20779"},{"taxonomy":"post_tag","embeddable":true,"href":"https:\/\/agenciainfra.com\/blog\/wp-json\/wp\/v2\/tags?post=20779"}],"curies":[{"name":"wp","href":"https:\/\/api.w.org\/{rel}","templated":true}]}}