{"id":20783,"date":"2025-03-31T10:00:00","date_gmt":"2025-03-31T13:00:00","guid":{"rendered":"https:\/\/agenciainfra.com\/blog\/?p=20783"},"modified":"2025-04-01T05:46:09","modified_gmt":"2025-04-01T08:46:09","slug":"futuro-das-concessoes-e-ppps-agencia-infra-promove-encontro-para-debater-mudancas-na-legislacao","status":"publish","type":"post","link":"https:\/\/agenciainfra.com\/blog\/futuro-das-concessoes-e-ppps-agencia-infra-promove-encontro-para-debater-mudancas-na-legislacao\/","title":{"rendered":"Futuro das Concess\u00f5es e PPPs: Ag\u00eancia iNFRA promove encontro para debater mudan\u00e7as na legisla\u00e7\u00e3o"},"content":{"rendered":"\n<p class=\"has-text-align-right\"><strong>da Ag\u00eancia iNFRA<\/strong><\/p>\n\n\n\n<p>A moderniza\u00e7\u00e3o das leis de Concess\u00f5es e de PPPs, que est\u00e1 em tramita\u00e7\u00e3o no Congresso Nacional, ser\u00e1 o foco do evento &#8220;Futuro das Concess\u00f5es e PPPs&#8221;, promovido pela&nbsp;<strong>Ag\u00eancia iNFRA<\/strong>.&nbsp;<\/p>\n\n\n\n<p>O encontro ocorrer\u00e1 em Bras\u00edlia,&nbsp;no dia 15 de abril, a partir das 14h30, e conta com o patroc\u00ednio da Via Appia Concess\u00f5es, concession\u00e1ria de rodovias com atua\u00e7\u00e3o nos estados de S\u00e3o Paulo e Minas Gerais.&nbsp;O escrit\u00f3rio&nbsp;Queiroz Maluf Reis Sociedade de Advogados atuar\u00e1 como co-organizador.<\/p>\n\n\n\n<p>O &#8220;Futuro das Concess\u00f5es e PPPs&#8221; est\u00e1 sendo organizado com o apoio do relator do&nbsp;<a href=\"https:\/\/agenciainfra.us14.list-manage.com\/track\/click?u=d460dd1bcf9ba0ae040e1fc0f&amp;id=828e8be5f5&amp;e=1192c754bc\" rel=\"noreferrer noopener\" target=\"_blank\">PL (Projeto de Lei) 7.063\/2017<\/a>&nbsp;na C\u00e2mara, deputado federal Arnaldo Jardim (Cidadania-SP). Representantes de governos e do setor produtivo ser\u00e3o convidados a levar suas ideias e a debater, em mesas tem\u00e1ticas, parcerias para investimentos em infraestrutura sob a \u00f3tica do processo de moderniza\u00e7\u00e3o das leis que regem o setor.<\/p>\n\n\n\n<p>Ao reunir\u00a0autoridades e especialistas, o evento busca apoiar a elabora\u00e7\u00e3o da proposta que ser\u00e1 apresentada aos parlamentares.\u00a0Jardim afirma\u00a0que v\u00ea o evento organizado pela\u00a0<strong>Ag\u00eancia iNFRA<\/strong>\u00a0como essencial para o trabalho que est\u00e1 sendo desenvolvido.<\/p>\n\n\n\n<p>&#8220;Como relator do projeto que vai estabelecer a moderniza\u00e7\u00e3o das leis de concess\u00f5es e PPPs, estou auscultando&nbsp;entidades, especialistas. Aguardo com muita ansiedade este encontro. Tenho certeza&nbsp;de que contribuir\u00e1 muito para o trabalho que estamos fazendo&#8221;,&nbsp;diz&nbsp;o relator.<\/p>\n\n\n\n<p>O PL \u00e9 origin\u00e1rio de uma comiss\u00e3o especial,&nbsp;lan\u00e7ada em 2019 para fazer uma profunda mudan\u00e7a nessas leis. Jardim tem explicado que essa proposta maior ser\u00e1 alterada, em um&nbsp;novo relat\u00f3rio com mudan\u00e7as mais pontuais,&nbsp;as quais&nbsp;ele vem apresentando mais recentemente&nbsp;e est\u00e3o&nbsp;divididas em 20 pontos &#8211; confira em&nbsp;<a href=\"https:\/\/agenciainfra.us14.list-manage.com\/track\/click?u=d460dd1bcf9ba0ae040e1fc0f&amp;id=d1d59be99b&amp;e=1192c754bc\" target=\"_blank\" rel=\"noreferrer noopener\">reportagem da Ag\u00eancia iNFRA<\/a>.<\/p>\n\n\n\n<p><strong>&#8220;Fortalecimento das Parcerias&#8221;<\/strong><\/p>\n\n\n\n<p>Brendon Ramos, CEO\u00a0da\u00a0Via\u00a0Appia, patrocinadora do evento, lembra que o desenvolvimento da infraestrutura no Brasil depende do fortalecimento da parceria entre os setores p\u00fablico e privado e, por isso, \u00e9 essencial debater a legisla\u00e7\u00e3o sobre essa rela\u00e7\u00e3o.<\/p>\n\n\n\n<p>\u201cAcreditamos que o futuro da infraestrutura passa pelo fortalecimento das parcerias entre os setores p\u00fablico e privado. Por isso, apoiar e promover esse debate \u00e9, para n\u00f3s, uma forma de contribuir ativamente para a constru\u00e7\u00e3o de um ambiente mais moderno, seguro e eficiente para concess\u00f5es e PPPs&#8221;,&nbsp;afirma&nbsp;Brendon.<\/p>\n\n\n\n<p>Let\u00edcia Queiroz de Andrade, s\u00f3cia do Queiroz Maluf Reis Sociedade de Advogados, assinala&nbsp;que a&nbsp;realidade mostra que as concess\u00f5es e PPPS s\u00e3o instrumentos estrat\u00e9gicos para o desenvolvimento&nbsp;do pa\u00eds, com mais de R$ 5 trilh\u00f5es de investimentos realizados ao longo de seus mais de 30 anos de vig\u00eancia.<\/p>\n\n\n\n<p>&#8220;O marco legal desses contratos, que se desenvolvem em um ambiente din\u00e2mico e\u00a0de relev\u00e2ncia\u00a0estrat\u00e9gica, merece ajustes e atualiza\u00e7\u00f5es&#8221;, defende. &#8220;Essa tend\u00eancia de renova\u00e7\u00e3o do marco ganhou sua m\u00e1xima express\u00e3o no PL\u00a07.063\/2017.\u00a0O evento trata justamente do futuro das concess\u00f5es e PPPs nesse ambiente de\u00a0transforma\u00e7\u00e3o.&#8221;<\/p>\n","protected":false},"excerpt":{"rendered":"<p>da Ag\u00eancia iNFRA A moderniza\u00e7\u00e3o das leis de Concess\u00f5es e de PPPs, que est\u00e1 em tramita\u00e7\u00e3o no Congresso Nacional, ser\u00e1 o foco do evento &#8220;Futuro das Concess\u00f5es e PPPs&#8221;, promovido pela&nbsp;Ag\u00eancia iNFRA.&nbsp; O encontro ocorrer\u00e1 em Bras\u00edlia,&nbsp;no dia 15 de abril, a partir das 14h30, e conta com o patroc\u00ednio da Via Appia Concess\u00f5es, concession\u00e1ria [&hellip;]<\/p>\n","protected":false},"author":1,"featured_media":10406,"comment_status":"closed","ping_status":"closed","sticky":false,"template":"","format":"standard","meta":{"_monsterinsights_skip_tracking":false,"_monsterinsights_sitenote_active":false,"_monsterinsights_sitenote_note":"","_monsterinsights_sitenote_category":0,"footnotes":""},"categories":[7248,1,2053],"tags":[11651,12705,12939,12938,11904,1693,12941,6657],"class_list":["post-20783","post","type-post","status-publish","format-standard","has-post-thumbnail","hentry","category-cabecalho","category-geral","category-infraliveventos","tag-concessoes-e-ppps","tag-deputado-arnaldo-jardim","tag-eventos-agencia-infra","tag-futuro-das-concessoes-e-ppps","tag-infralive-e-eventos","tag-pl-7-063-2017","tag-queiroz-maluf-reis","tag-via-appia"],"yoast_head":"<!-- This site is optimized with the Yoast SEO Premium plugin v25.4 (Yoast SEO v26.0) - https:\/\/yoast.com\/wordpress\/plugins\/seo\/ -->\n<title>Futuro das Concess\u00f5es e PPPs: Ag\u00eancia iNFRA promove encontro para debater mudan\u00e7as na legisla\u00e7\u00e3o - Ag\u00eancia iNFRA<\/title>\n<meta name=\"robots\" content=\"index, follow, max-snippet:-1, max-image-preview:large, max-video-preview:-1\" \/>\n<link rel=\"canonical\" href=\"https:\/\/agenciainfra.com\/blog\/futuro-das-concessoes-e-ppps-agencia-infra-promove-encontro-para-debater-mudancas-na-legislacao\/\" \/>\n<meta property=\"og:locale\" content=\"pt_BR\" \/>\n<meta property=\"og:type\" content=\"article\" \/>\n<meta property=\"og:title\" content=\"Futuro das Concess\u00f5es e PPPs: Ag\u00eancia iNFRA promove encontro para debater mudan\u00e7as na legisla\u00e7\u00e3o\" \/>\n<meta property=\"og:description\" content=\"da Ag\u00eancia iNFRA A moderniza\u00e7\u00e3o das leis de Concess\u00f5es e de PPPs, que est\u00e1 em tramita\u00e7\u00e3o no Congresso Nacional, ser\u00e1 o foco do evento &#8220;Futuro das Concess\u00f5es e PPPs&#8221;, promovido pela&nbsp;Ag\u00eancia iNFRA.&nbsp; O encontro ocorrer\u00e1 em Bras\u00edlia,&nbsp;no dia 15 de abril, a partir das 14h30, e conta com o patroc\u00ednio da Via Appia Concess\u00f5es, concession\u00e1ria [&hellip;]\" \/>\n<meta property=\"og:url\" content=\"https:\/\/agenciainfra.com\/blog\/futuro-das-concessoes-e-ppps-agencia-infra-promove-encontro-para-debater-mudancas-na-legislacao\/\" \/>\n<meta property=\"og:site_name\" content=\"Ag\u00eancia iNFRA\" \/>\n<meta property=\"article:publisher\" content=\"https:\/\/www.facebook.com\/ageninfra\" \/>\n<meta property=\"article:published_time\" content=\"2025-03-31T13:00:00+00:00\" \/>\n<meta property=\"article:modified_time\" content=\"2025-04-01T08:46:09+00:00\" \/>\n<meta property=\"og:image\" content=\"https:\/\/agenciainfra.com\/blog\/wp-content\/uploads\/2022\/05\/infraestrutura-cidades-foto-dominio-publico.jpg\" \/>\n\t<meta property=\"og:image:width\" content=\"1920\" \/>\n\t<meta property=\"og:image:height\" content=\"1080\" \/>\n\t<meta property=\"og:image:type\" content=\"image\/jpeg\" \/>\n<meta name=\"author\" content=\"Ag\u00eancia iNFRA\" \/>\n<meta name=\"twitter:card\" content=\"summary_large_image\" \/>\n<meta name=\"twitter:creator\" content=\"@agencia_infra\" \/>\n<meta name=\"twitter:site\" content=\"@agencia_infra\" \/>\n<meta name=\"twitter:label1\" content=\"Escrito por\" \/>\n\t<meta name=\"twitter:data1\" content=\"Ag\u00eancia iNFRA\" \/>\n\t<meta name=\"twitter:label2\" content=\"Est. tempo de leitura\" \/>\n\t<meta name=\"twitter:data2\" content=\"3 minutos\" \/>\n<script type=\"application\/ld+json\" class=\"yoast-schema-graph\">{\"@context\":\"https:\/\/schema.org\",\"@graph\":[{\"@type\":\"Article\",\"@id\":\"https:\/\/agenciainfra.com\/blog\/futuro-das-concessoes-e-ppps-agencia-infra-promove-encontro-para-debater-mudancas-na-legislacao\/#article\",\"isPartOf\":{\"@id\":\"https:\/\/agenciainfra.com\/blog\/futuro-das-concessoes-e-ppps-agencia-infra-promove-encontro-para-debater-mudancas-na-legislacao\/\"},\"author\":{\"name\":\"Ag\u00eancia iNFRA\",\"@id\":\"https:\/\/agenciainfra.com\/blog\/#\/schema\/person\/34af08dff6adea4cb22b06612ba7acfa\"},\"headline\":\"Futuro das Concess\u00f5es e PPPs: Ag\u00eancia iNFRA promove encontro para debater mudan\u00e7as na legisla\u00e7\u00e3o\",\"datePublished\":\"2025-03-31T13:00:00+00:00\",\"dateModified\":\"2025-04-01T08:46:09+00:00\",\"mainEntityOfPage\":{\"@id\":\"https:\/\/agenciainfra.com\/blog\/futuro-das-concessoes-e-ppps-agencia-infra-promove-encontro-para-debater-mudancas-na-legislacao\/\"},\"wordCount\":550,\"publisher\":{\"@id\":\"https:\/\/agenciainfra.com\/blog\/#organization\"},\"image\":{\"@id\":\"https:\/\/agenciainfra.com\/blog\/futuro-das-concessoes-e-ppps-agencia-infra-promove-encontro-para-debater-mudancas-na-legislacao\/#primaryimage\"},\"thumbnailUrl\":\"https:\/\/agenciainfra.com\/blog\/wp-content\/uploads\/2022\/05\/infraestrutura-cidades-foto-dominio-publico-e1748270254361.jpg\",\"keywords\":[\"concess\u00f5es e ppps\",\"deputado arnaldo jardim\",\"eventos ag\u00eancia infra\",\"futuro das concess\u00f5es e ppps\",\"infralive e eventos\",\"PL 7.063\/2017\",\"queiroz maluf reis\",\"Via Appia\"],\"articleSection\":[\"Cabe\u00e7alho\",\"Geral\",\"iNFRALive e Eventos\"],\"inLanguage\":\"pt-BR\",\"copyrightYear\":\"2025\",\"copyrightHolder\":{\"@id\":\"https:\/\/agenciainfra.com\/blog\/#organization\"}},{\"@type\":\"WebPage\",\"@id\":\"https:\/\/agenciainfra.com\/blog\/futuro-das-concessoes-e-ppps-agencia-infra-promove-encontro-para-debater-mudancas-na-legislacao\/\",\"url\":\"https:\/\/agenciainfra.com\/blog\/futuro-das-concessoes-e-ppps-agencia-infra-promove-encontro-para-debater-mudancas-na-legislacao\/\",\"name\":\"Futuro das Concess\u00f5es e PPPs: Ag\u00eancia iNFRA promove encontro para debater mudan\u00e7as na legisla\u00e7\u00e3o - Ag\u00eancia iNFRA\",\"isPartOf\":{\"@id\":\"https:\/\/agenciainfra.com\/blog\/#website\"},\"primaryImageOfPage\":{\"@id\":\"https:\/\/agenciainfra.com\/blog\/futuro-das-concessoes-e-ppps-agencia-infra-promove-encontro-para-debater-mudancas-na-legislacao\/#primaryimage\"},\"image\":{\"@id\":\"https:\/\/agenciainfra.com\/blog\/futuro-das-concessoes-e-ppps-agencia-infra-promove-encontro-para-debater-mudancas-na-legislacao\/#primaryimage\"},\"thumbnailUrl\":\"https:\/\/agenciainfra.com\/blog\/wp-content\/uploads\/2022\/05\/infraestrutura-cidades-foto-dominio-publico-e1748270254361.jpg\",\"datePublished\":\"2025-03-31T13:00:00+00:00\",\"dateModified\":\"2025-04-01T08:46:09+00:00\",\"breadcrumb\":{\"@id\":\"https:\/\/agenciainfra.com\/blog\/futuro-das-concessoes-e-ppps-agencia-infra-promove-encontro-para-debater-mudancas-na-legislacao\/#breadcrumb\"},\"inLanguage\":\"pt-BR\",\"potentialAction\":[{\"@type\":\"ReadAction\",\"target\":[\"https:\/\/agenciainfra.com\/blog\/futuro-das-concessoes-e-ppps-agencia-infra-promove-encontro-para-debater-mudancas-na-legislacao\/\"]}]},{\"@type\":\"ImageObject\",\"inLanguage\":\"pt-BR\",\"@id\":\"https:\/\/agenciainfra.com\/blog\/futuro-das-concessoes-e-ppps-agencia-infra-promove-encontro-para-debater-mudancas-na-legislacao\/#primaryimage\",\"url\":\"https:\/\/agenciainfra.com\/blog\/wp-content\/uploads\/2022\/05\/infraestrutura-cidades-foto-dominio-publico-e1748270254361.jpg\",\"contentUrl\":\"https:\/\/agenciainfra.com\/blog\/wp-content\/uploads\/2022\/05\/infraestrutura-cidades-foto-dominio-publico-e1748270254361.jpg\",\"width\":1280,\"height\":720,\"caption\":\"Foto: Dom\u00ednio p\u00fablico\"},{\"@type\":\"BreadcrumbList\",\"@id\":\"https:\/\/agenciainfra.com\/blog\/futuro-das-concessoes-e-ppps-agencia-infra-promove-encontro-para-debater-mudancas-na-legislacao\/#breadcrumb\",\"itemListElement\":[{\"@type\":\"ListItem\",\"position\":1,\"name\":\"In\u00edcio\",\"item\":\"https:\/\/agenciainfra.com\/blog\/\"},{\"@type\":\"ListItem\",\"position\":2,\"name\":\"Futuro das Concess\u00f5es e PPPs: Ag\u00eancia iNFRA promove encontro para debater mudan\u00e7as na legisla\u00e7\u00e3o\"}]},{\"@type\":\"WebSite\",\"@id\":\"https:\/\/agenciainfra.com\/blog\/#website\",\"url\":\"https:\/\/agenciainfra.com\/blog\/\",\"name\":\"Ag\u00eancia iNFRA\",\"description\":\"Multiplataforma de informa\u00e7\u00e3o jornal\u00edstica refer\u00eancia na \u00e1rea de infraestrutura no Brasil!\",\"publisher\":{\"@id\":\"https:\/\/agenciainfra.com\/blog\/#organization\"},\"potentialAction\":[{\"@type\":\"SearchAction\",\"target\":{\"@type\":\"EntryPoint\",\"urlTemplate\":\"https:\/\/agenciainfra.com\/blog\/?s={search_term_string}\"},\"query-input\":{\"@type\":\"PropertyValueSpecification\",\"valueRequired\":true,\"valueName\":\"search_term_string\"}}],\"inLanguage\":\"pt-BR\"},{\"@type\":\"Organization\",\"@id\":\"https:\/\/agenciainfra.com\/blog\/#organization\",\"name\":\"Ag\u00eancia iNFRA\",\"url\":\"https:\/\/agenciainfra.com\/blog\/\",\"logo\":{\"@type\":\"ImageObject\",\"inLanguage\":\"pt-BR\",\"@id\":\"https:\/\/agenciainfra.com\/blog\/#\/schema\/logo\/image\/\",\"url\":\"https:\/\/agenciainfra.com\/blog\/wp-content\/uploads\/2023\/09\/iNFRA_5-e1761735885940.png\",\"contentUrl\":\"https:\/\/agenciainfra.com\/blog\/wp-content\/uploads\/2023\/09\/iNFRA_5-e1761735885940.png\",\"width\":1672,\"height\":454,\"caption\":\"Ag\u00eancia iNFRA\"},\"image\":{\"@id\":\"https:\/\/agenciainfra.com\/blog\/#\/schema\/logo\/image\/\"},\"sameAs\":[\"https:\/\/www.facebook.com\/ageninfra\",\"https:\/\/x.com\/agencia_infra\",\"https:\/\/www.linkedin.com\/company\/ag\u00eanciainfra\/\",\"https:\/\/www.instagram.com\/agenciainfra\/\"]},{\"@type\":\"Person\",\"@id\":\"https:\/\/agenciainfra.com\/blog\/#\/schema\/person\/34af08dff6adea4cb22b06612ba7acfa\",\"name\":\"Ag\u00eancia iNFRA\",\"image\":{\"@type\":\"ImageObject\",\"inLanguage\":\"pt-BR\",\"@id\":\"https:\/\/agenciainfra.com\/blog\/#\/schema\/person\/image\/\",\"url\":\"https:\/\/secure.gravatar.com\/avatar\/d189e01678f06d8eb84d4e01f08eb848b3fffe3f8443818d3c356c66892f5be8?s=96&d=mm&r=g\",\"contentUrl\":\"https:\/\/secure.gravatar.com\/avatar\/d189e01678f06d8eb84d4e01f08eb848b3fffe3f8443818d3c356c66892f5be8?s=96&d=mm&r=g\",\"caption\":\"Ag\u00eancia iNFRA\"},\"url\":\"https:\/\/agenciainfra.com\/blog\/author\/admin\/\"}]}<\/script>\n<!-- \/ Yoast SEO Premium plugin. -->","yoast_head_json":{"title":"Futuro das Concess\u00f5es e PPPs: Ag\u00eancia iNFRA promove encontro para debater mudan\u00e7as na legisla\u00e7\u00e3o - Ag\u00eancia iNFRA","robots":{"index":"index","follow":"follow","max-snippet":"max-snippet:-1","max-image-preview":"max-image-preview:large","max-video-preview":"max-video-preview:-1"},"canonical":"https:\/\/agenciainfra.com\/blog\/futuro-das-concessoes-e-ppps-agencia-infra-promove-encontro-para-debater-mudancas-na-legislacao\/","og_locale":"pt_BR","og_type":"article","og_title":"Futuro das Concess\u00f5es e PPPs: Ag\u00eancia iNFRA promove encontro para debater mudan\u00e7as na legisla\u00e7\u00e3o","og_description":"da Ag\u00eancia iNFRA A moderniza\u00e7\u00e3o das leis de Concess\u00f5es e de PPPs, que est\u00e1 em tramita\u00e7\u00e3o no Congresso Nacional, ser\u00e1 o foco do evento &#8220;Futuro das Concess\u00f5es e PPPs&#8221;, promovido pela&nbsp;Ag\u00eancia iNFRA.&nbsp; O encontro ocorrer\u00e1 em Bras\u00edlia,&nbsp;no dia 15 de abril, a partir das 14h30, e conta com o patroc\u00ednio da Via Appia Concess\u00f5es, concession\u00e1ria [&hellip;]","og_url":"https:\/\/agenciainfra.com\/blog\/futuro-das-concessoes-e-ppps-agencia-infra-promove-encontro-para-debater-mudancas-na-legislacao\/","og_site_name":"Ag\u00eancia iNFRA","article_publisher":"https:\/\/www.facebook.com\/ageninfra","article_published_time":"2025-03-31T13:00:00+00:00","article_modified_time":"2025-04-01T08:46:09+00:00","og_image":[{"width":1920,"height":1080,"url":"https:\/\/agenciainfra.com\/blog\/wp-content\/uploads\/2022\/05\/infraestrutura-cidades-foto-dominio-publico.jpg","type":"image\/jpeg"}],"author":"Ag\u00eancia iNFRA","twitter_card":"summary_large_image","twitter_creator":"@agencia_infra","twitter_site":"@agencia_infra","twitter_misc":{"Escrito por":"Ag\u00eancia iNFRA","Est. tempo de leitura":"3 minutos"},"schema":{"@context":"https:\/\/schema.org","@graph":[{"@type":"Article","@id":"https:\/\/agenciainfra.com\/blog\/futuro-das-concessoes-e-ppps-agencia-infra-promove-encontro-para-debater-mudancas-na-legislacao\/#article","isPartOf":{"@id":"https:\/\/agenciainfra.com\/blog\/futuro-das-concessoes-e-ppps-agencia-infra-promove-encontro-para-debater-mudancas-na-legislacao\/"},"author":{"name":"Ag\u00eancia iNFRA","@id":"https:\/\/agenciainfra.com\/blog\/#\/schema\/person\/34af08dff6adea4cb22b06612ba7acfa"},"headline":"Futuro das Concess\u00f5es e PPPs: Ag\u00eancia iNFRA promove encontro para debater mudan\u00e7as na legisla\u00e7\u00e3o","datePublished":"2025-03-31T13:00:00+00:00","dateModified":"2025-04-01T08:46:09+00:00","mainEntityOfPage":{"@id":"https:\/\/agenciainfra.com\/blog\/futuro-das-concessoes-e-ppps-agencia-infra-promove-encontro-para-debater-mudancas-na-legislacao\/"},"wordCount":550,"publisher":{"@id":"https:\/\/agenciainfra.com\/blog\/#organization"},"image":{"@id":"https:\/\/agenciainfra.com\/blog\/futuro-das-concessoes-e-ppps-agencia-infra-promove-encontro-para-debater-mudancas-na-legislacao\/#primaryimage"},"thumbnailUrl":"https:\/\/agenciainfra.com\/blog\/wp-content\/uploads\/2022\/05\/infraestrutura-cidades-foto-dominio-publico-e1748270254361.jpg","keywords":["concess\u00f5es e ppps","deputado arnaldo jardim","eventos ag\u00eancia infra","futuro das concess\u00f5es e ppps","infralive e eventos","PL 7.063\/2017","queiroz maluf reis","Via Appia"],"articleSection":["Cabe\u00e7alho","Geral","iNFRALive e Eventos"],"inLanguage":"pt-BR","copyrightYear":"2025","copyrightHolder":{"@id":"https:\/\/agenciainfra.com\/blog\/#organization"}},{"@type":"WebPage","@id":"https:\/\/agenciainfra.com\/blog\/futuro-das-concessoes-e-ppps-agencia-infra-promove-encontro-para-debater-mudancas-na-legislacao\/","url":"https:\/\/agenciainfra.com\/blog\/futuro-das-concessoes-e-ppps-agencia-infra-promove-encontro-para-debater-mudancas-na-legislacao\/","name":"Futuro das Concess\u00f5es e PPPs: Ag\u00eancia iNFRA promove encontro para debater mudan\u00e7as na legisla\u00e7\u00e3o - Ag\u00eancia iNFRA","isPartOf":{"@id":"https:\/\/agenciainfra.com\/blog\/#website"},"primaryImageOfPage":{"@id":"https:\/\/agenciainfra.com\/blog\/futuro-das-concessoes-e-ppps-agencia-infra-promove-encontro-para-debater-mudancas-na-legislacao\/#primaryimage"},"image":{"@id":"https:\/\/agenciainfra.com\/blog\/futuro-das-concessoes-e-ppps-agencia-infra-promove-encontro-para-debater-mudancas-na-legislacao\/#primaryimage"},"thumbnailUrl":"https:\/\/agenciainfra.com\/blog\/wp-content\/uploads\/2022\/05\/infraestrutura-cidades-foto-dominio-publico-e1748270254361.jpg","datePublished":"2025-03-31T13:00:00+00:00","dateModified":"2025-04-01T08:46:09+00:00","breadcrumb":{"@id":"https:\/\/agenciainfra.com\/blog\/futuro-das-concessoes-e-ppps-agencia-infra-promove-encontro-para-debater-mudancas-na-legislacao\/#breadcrumb"},"inLanguage":"pt-BR","potentialAction":[{"@type":"ReadAction","target":["https:\/\/agenciainfra.com\/blog\/futuro-das-concessoes-e-ppps-agencia-infra-promove-encontro-para-debater-mudancas-na-legislacao\/"]}]},{"@type":"ImageObject","inLanguage":"pt-BR","@id":"https:\/\/agenciainfra.com\/blog\/futuro-das-concessoes-e-ppps-agencia-infra-promove-encontro-para-debater-mudancas-na-legislacao\/#primaryimage","url":"https:\/\/agenciainfra.com\/blog\/wp-content\/uploads\/2022\/05\/infraestrutura-cidades-foto-dominio-publico-e1748270254361.jpg","contentUrl":"https:\/\/agenciainfra.com\/blog\/wp-content\/uploads\/2022\/05\/infraestrutura-cidades-foto-dominio-publico-e1748270254361.jpg","width":1280,"height":720,"caption":"Foto: Dom\u00ednio p\u00fablico"},{"@type":"BreadcrumbList","@id":"https:\/\/agenciainfra.com\/blog\/futuro-das-concessoes-e-ppps-agencia-infra-promove-encontro-para-debater-mudancas-na-legislacao\/#breadcrumb","itemListElement":[{"@type":"ListItem","position":1,"name":"In\u00edcio","item":"https:\/\/agenciainfra.com\/blog\/"},{"@type":"ListItem","position":2,"name":"Futuro das Concess\u00f5es e PPPs: Ag\u00eancia iNFRA promove encontro para debater mudan\u00e7as na legisla\u00e7\u00e3o"}]},{"@type":"WebSite","@id":"https:\/\/agenciainfra.com\/blog\/#website","url":"https:\/\/agenciainfra.com\/blog\/","name":"Ag\u00eancia iNFRA","description":"Multiplataforma de informa\u00e7\u00e3o jornal\u00edstica refer\u00eancia na \u00e1rea de infraestrutura no Brasil!","publisher":{"@id":"https:\/\/agenciainfra.com\/blog\/#organization"},"potentialAction":[{"@type":"SearchAction","target":{"@type":"EntryPoint","urlTemplate":"https:\/\/agenciainfra.com\/blog\/?s={search_term_string}"},"query-input":{"@type":"PropertyValueSpecification","valueRequired":true,"valueName":"search_term_string"}}],"inLanguage":"pt-BR"},{"@type":"Organization","@id":"https:\/\/agenciainfra.com\/blog\/#organization","name":"Ag\u00eancia iNFRA","url":"https:\/\/agenciainfra.com\/blog\/","logo":{"@type":"ImageObject","inLanguage":"pt-BR","@id":"https:\/\/agenciainfra.com\/blog\/#\/schema\/logo\/image\/","url":"https:\/\/agenciainfra.com\/blog\/wp-content\/uploads\/2023\/09\/iNFRA_5-e1761735885940.png","contentUrl":"https:\/\/agenciainfra.com\/blog\/wp-content\/uploads\/2023\/09\/iNFRA_5-e1761735885940.png","width":1672,"height":454,"caption":"Ag\u00eancia iNFRA"},"image":{"@id":"https:\/\/agenciainfra.com\/blog\/#\/schema\/logo\/image\/"},"sameAs":["https:\/\/www.facebook.com\/ageninfra","https:\/\/x.com\/agencia_infra","https:\/\/www.linkedin.com\/company\/ag\u00eanciainfra\/","https:\/\/www.instagram.com\/agenciainfra\/"]},{"@type":"Person","@id":"https:\/\/agenciainfra.com\/blog\/#\/schema\/person\/34af08dff6adea4cb22b06612ba7acfa","name":"Ag\u00eancia iNFRA","image":{"@type":"ImageObject","inLanguage":"pt-BR","@id":"https:\/\/agenciainfra.com\/blog\/#\/schema\/person\/image\/","url":"https:\/\/secure.gravatar.com\/avatar\/d189e01678f06d8eb84d4e01f08eb848b3fffe3f8443818d3c356c66892f5be8?s=96&d=mm&r=g","contentUrl":"https:\/\/secure.gravatar.com\/avatar\/d189e01678f06d8eb84d4e01f08eb848b3fffe3f8443818d3c356c66892f5be8?s=96&d=mm&r=g","caption":"Ag\u00eancia iNFRA"},"url":"https:\/\/agenciainfra.com\/blog\/author\/admin\/"}]}},"_links":{"self":[{"href":"https:\/\/agenciainfra.com\/blog\/wp-json\/wp\/v2\/posts\/20783","targetHints":{"allow":["GET"]}}],"collection":[{"href":"https:\/\/agenciainfra.com\/blog\/wp-json\/wp\/v2\/posts"}],"about":[{"href":"https:\/\/agenciainfra.com\/blog\/wp-json\/wp\/v2\/types\/post"}],"author":[{"embeddable":true,"href":"https:\/\/agenciainfra.com\/blog\/wp-json\/wp\/v2\/users\/1"}],"replies":[{"embeddable":true,"href":"https:\/\/agenciainfra.com\/blog\/wp-json\/wp\/v2\/comments?post=20783"}],"version-history":[{"count":1,"href":"https:\/\/agenciainfra.com\/blog\/wp-json\/wp\/v2\/posts\/20783\/revisions"}],"predecessor-version":[{"id":20784,"href":"https:\/\/agenciainfra.com\/blog\/wp-json\/wp\/v2\/posts\/20783\/revisions\/20784"}],"wp:featuredmedia":[{"embeddable":true,"href":"https:\/\/agenciainfra.com\/blog\/wp-json\/wp\/v2\/media\/10406"}],"wp:attachment":[{"href":"https:\/\/agenciainfra.com\/blog\/wp-json\/wp\/v2\/media?parent=20783"}],"wp:term":[{"taxonomy":"category","embeddable":true,"href":"https:\/\/agenciainfra.com\/blog\/wp-json\/wp\/v2\/categories?post=20783"},{"taxonomy":"post_tag","embeddable":true,"href":"https:\/\/agenciainfra.com\/blog\/wp-json\/wp\/v2\/tags?post=20783"}],"curies":[{"name":"wp","href":"https:\/\/api.w.org\/{rel}","templated":true}]}}