{"id":20829,"date":"2025-04-02T10:00:00","date_gmt":"2025-04-02T13:00:00","guid":{"rendered":"https:\/\/agenciainfra.com\/blog\/?p=20829"},"modified":"2025-04-02T07:33:26","modified_gmt":"2025-04-02T10:33:26","slug":"aneel-surpreende-e-adia-decisao-sobre-renovacao-da-concessao-da-edp-espirito-santo","status":"publish","type":"post","link":"https:\/\/agenciainfra.com\/blog\/aneel-surpreende-e-adia-decisao-sobre-renovacao-da-concessao-da-edp-espirito-santo\/","title":{"rendered":"ANEEL surpreende e adia decis\u00e3o sobre renova\u00e7\u00e3o da concess\u00e3o da EDP Esp\u00edrito Santo"},"content":{"rendered":"\n<p class=\"has-text-align-right\"><strong>Geraldo Campos Jr. e Marisa Wanzeller, da Ag\u00eancia iNFRA<\/strong><\/p>\n\n\n\n<p>Foi adiada a decis\u00e3o da ANEEL (Ag\u00eancia Nacional de Energia El\u00e9trica) sobre a renova\u00e7\u00e3o da concess\u00e3o da EDP Esp\u00edrito Santo. O diretor&nbsp;Fernando Mosna surpreendeu o setor e pediu vista do processo nesta ter\u00e7a-feira (1\u00ba).&nbsp;Segundo ele, \u201ca ag\u00eancia est\u00e1 adiantada no prazo\u201d e assim pretende se debru\u00e7ar melhor sobre a manifesta\u00e7\u00e3o da \u00e1rea t\u00e9cnica.&nbsp;<\/p>\n\n\n\n<p>O processo foi relatado pela diretora substituta Ludimila Lima, que apresentou&nbsp;<a href=\"https:\/\/www2.aneel.gov.br\/aplicacoes\/noticias_area\/arquivos\/48500.007421-2025-13.pdf\" target=\"_blank\" rel=\"noreferrer noopener\">voto<\/a>&nbsp;pela recomenda\u00e7\u00e3o da renova\u00e7\u00e3o do contrato ao MME (Minist\u00e9rio de Minas e Energia). A relatora seguiu o entendimento dos t\u00e9cnicos da ag\u00eancia que constataram equil\u00edbrio econ\u00f4mico-financeiro da concess\u00e3o, atendimento \u00e0s regras de qualidade do servi\u00e7o e ader\u00eancia ao Decreto 12.068\/2024, que trata das diretrizes para os novos contratos.&nbsp;<\/p>\n\n\n\n<p>Mosna disse \u00e0 imprensa que ainda n\u00e3o tem uma data para retornar o processo \u00e0 pauta da reuni\u00e3o da diretoria, mas que isso n\u00e3o deve ocorrer j\u00e1 na pr\u00f3xima semana. Afirmou ainda que \u201cvale a pena ter um cuidado\u201d com o tema, uma vez que trata-se do primeiro processo de prorroga\u00e7\u00e3o sob as novas regras que v\u00e3o reger as concess\u00f5es pelos pr\u00f3ximos 30 anos.&nbsp;<\/p>\n\n\n\n<p><strong>Receio<\/strong><br>O pedido de vista de Mosna n\u00e3o era esperado por&nbsp;agentes do segmento de distribui\u00e7\u00e3o. Houve receio sobre como a ag\u00eancia conduzir\u00e1 n\u00e3o apenas este, mas tamb\u00e9m os demais processos de renova\u00e7\u00e3o das concess\u00f5es.<\/p>\n\n\n\n<p>Segundo fontes, a preocupa\u00e7\u00e3o se deve ao fato de que a concess\u00e3o da EDP Esp\u00edrito Santo \u00e9 mais simples, com poucos problemas operacionais e financeiros comparada a outras. Assim, esperava-se que o entendimento pela renova\u00e7\u00e3o estivesse azeitado na ag\u00eancia, mas o impasse acendeu um alerta para concession\u00e1rias com situa\u00e7\u00e3o menos favor\u00e1vel.<\/p>\n\n\n\n<p>Foram citados os exemplos das renova\u00e7\u00f5es da Light e da Enel Rio, que ter\u00e3o seus contratos expirando em 2026, e s\u00e3o consideradas concess\u00f5es mais complexas por terem altos \u00edndices de perdas n\u00e3o t\u00e9cnicas, \u00e1reas de severa restri\u00e7\u00e3o operativa e situa\u00e7\u00e3o financeira mais delicada.&nbsp;<\/p>\n\n\n\n<p>O pedido de renova\u00e7\u00e3o da EDP Esp\u00edrito Santo \u00e9 o primeiro a ser avaliado pela ag\u00eancia do conjunto de 19 concess\u00f5es com contratos vincendos at\u00e9 2031.&nbsp;<\/p>\n\n\n\n<p><strong>Prazos<\/strong><br>Fernando Mosna disse nesta ter\u00e7a-feira que entende a preocupa\u00e7\u00e3o da empresa, mas que a ag\u00eancia est\u00e1 dentro do prazo legal para a an\u00e1lise da renova\u00e7\u00e3o, que \u00e9 de at\u00e9 60 dias ap\u00f3s a ratifica\u00e7\u00e3o do interesse pela distribuidora, o que foi feito pela EDP em 5 de mar\u00e7o. Com isso, o limite \u00e9 at\u00e9 4 de maio.&nbsp;<\/p>\n\n\n\n<p>A concession\u00e1ria tem contrato v\u00e1lido at\u00e9 17 de julho. Ap\u00f3s a aprova\u00e7\u00e3o da ANEEL, o Minist\u00e9rio de Minas e Energia tem at\u00e9 30 dias para decidir e comunicar a empresa para assinatura dos contratos. Depois, mais 60 para que a assinatura seja efetivada.<\/p>\n\n\n\n<p>\u201cAcredito que vale a pena me debru\u00e7ar sobre a manifesta\u00e7\u00e3o da \u00e1rea t\u00e9cnica, analisar e oportunamente trazer o voto, entendendo a preocupa\u00e7\u00e3o da EDP, at\u00e9 porque eles t\u00eam empr\u00e9stimos, eles t\u00eam umas quest\u00f5es obrigacionais que s\u00e3o importantes para eles poderem tamb\u00e9m ter condi\u00e7\u00e3o de fazer a prorroga\u00e7\u00e3o de concess\u00e3o&#8221;, disse Mosna.<\/p>\n","protected":false},"excerpt":{"rendered":"<p>Geraldo Campos Jr. e Marisa Wanzeller, da Ag\u00eancia iNFRA Foi adiada a decis\u00e3o da ANEEL (Ag\u00eancia Nacional de Energia El\u00e9trica) sobre a renova\u00e7\u00e3o da concess\u00e3o da EDP Esp\u00edrito Santo. O diretor&nbsp;Fernando Mosna surpreendeu o setor e pediu vista do processo nesta ter\u00e7a-feira (1\u00ba).&nbsp;Segundo ele, \u201ca ag\u00eancia est\u00e1 adiantada no prazo\u201d e assim pretende se debru\u00e7ar [&hellip;]<\/p>\n","protected":false},"author":1,"featured_media":10310,"comment_status":"closed","ping_status":"closed","sticky":false,"template":"","format":"standard","meta":{"_monsterinsights_skip_tracking":false,"_monsterinsights_sitenote_active":false,"_monsterinsights_sitenote_note":"","_monsterinsights_sitenote_category":0,"footnotes":""},"categories":[7250,1,10],"tags":[9043,491,12246,11594,7366,11709,12955,11535,12907,12770,12954],"class_list":["post-20829","post","type-post","status-publish","format-standard","has-post-thumbnail","hentry","category-destaque-lista","category-geral","category-infraenergia","tag-concessao-de-energia","tag-distribuidoras-de-energia","tag-edp-espirito-santo","tag-geraldo-campos-jr","tag-marisa-wanzeller","tag-pauta-aneel","tag-pedido-de-vista","tag-renovacao-de-concessao","tag-renovacao-de-contrato","tag-reuniao-aneel","tag-vista"],"yoast_head":"<!-- This site is optimized with the Yoast SEO Premium plugin v25.4 (Yoast SEO v26.0) - https:\/\/yoast.com\/wordpress\/plugins\/seo\/ -->\n<title>ANEEL surpreende e adia decis\u00e3o sobre renova\u00e7\u00e3o da concess\u00e3o da EDP Esp\u00edrito Santo - Ag\u00eancia iNFRA<\/title>\n<meta name=\"robots\" content=\"index, follow, max-snippet:-1, max-image-preview:large, max-video-preview:-1\" \/>\n<link rel=\"canonical\" href=\"https:\/\/agenciainfra.com\/blog\/aneel-surpreende-e-adia-decisao-sobre-renovacao-da-concessao-da-edp-espirito-santo\/\" \/>\n<meta property=\"og:locale\" content=\"pt_BR\" \/>\n<meta property=\"og:type\" content=\"article\" \/>\n<meta property=\"og:title\" content=\"ANEEL surpreende e adia decis\u00e3o sobre renova\u00e7\u00e3o da concess\u00e3o da EDP Esp\u00edrito Santo\" \/>\n<meta property=\"og:description\" content=\"Geraldo Campos Jr. e Marisa Wanzeller, da Ag\u00eancia iNFRA Foi adiada a decis\u00e3o da ANEEL (Ag\u00eancia Nacional de Energia El\u00e9trica) sobre a renova\u00e7\u00e3o da concess\u00e3o da EDP Esp\u00edrito Santo. O diretor&nbsp;Fernando Mosna surpreendeu o setor e pediu vista do processo nesta ter\u00e7a-feira (1\u00ba).&nbsp;Segundo ele, \u201ca ag\u00eancia est\u00e1 adiantada no prazo\u201d e assim pretende se debru\u00e7ar [&hellip;]\" \/>\n<meta property=\"og:url\" content=\"https:\/\/agenciainfra.com\/blog\/aneel-surpreende-e-adia-decisao-sobre-renovacao-da-concessao-da-edp-espirito-santo\/\" \/>\n<meta property=\"og:site_name\" content=\"Ag\u00eancia iNFRA\" \/>\n<meta property=\"article:publisher\" content=\"https:\/\/www.facebook.com\/ageninfra\" \/>\n<meta property=\"article:published_time\" content=\"2025-04-02T13:00:00+00:00\" \/>\n<meta property=\"og:image\" content=\"https:\/\/agenciainfra.com\/blog\/wp-content\/uploads\/2022\/05\/aneel-foto-aneel.jpg\" \/>\n\t<meta property=\"og:image:width\" content=\"1299\" \/>\n\t<meta property=\"og:image:height\" content=\"868\" \/>\n\t<meta property=\"og:image:type\" content=\"image\/jpeg\" \/>\n<meta name=\"author\" content=\"Ag\u00eancia iNFRA\" \/>\n<meta name=\"twitter:card\" content=\"summary_large_image\" \/>\n<meta name=\"twitter:creator\" content=\"@agencia_infra\" \/>\n<meta name=\"twitter:site\" content=\"@agencia_infra\" \/>\n<meta name=\"twitter:label1\" content=\"Escrito por\" \/>\n\t<meta name=\"twitter:data1\" content=\"Ag\u00eancia iNFRA\" \/>\n\t<meta name=\"twitter:label2\" content=\"Est. tempo de leitura\" \/>\n\t<meta name=\"twitter:data2\" content=\"3 minutos\" \/>\n<script type=\"application\/ld+json\" class=\"yoast-schema-graph\">{\"@context\":\"https:\/\/schema.org\",\"@graph\":[{\"@type\":\"Article\",\"@id\":\"https:\/\/agenciainfra.com\/blog\/aneel-surpreende-e-adia-decisao-sobre-renovacao-da-concessao-da-edp-espirito-santo\/#article\",\"isPartOf\":{\"@id\":\"https:\/\/agenciainfra.com\/blog\/aneel-surpreende-e-adia-decisao-sobre-renovacao-da-concessao-da-edp-espirito-santo\/\"},\"author\":{\"name\":\"Ag\u00eancia iNFRA\",\"@id\":\"https:\/\/agenciainfra.com\/blog\/#\/schema\/person\/34af08dff6adea4cb22b06612ba7acfa\"},\"headline\":\"ANEEL surpreende e adia decis\u00e3o sobre renova\u00e7\u00e3o da concess\u00e3o da EDP Esp\u00edrito Santo\",\"datePublished\":\"2025-04-02T13:00:00+00:00\",\"mainEntityOfPage\":{\"@id\":\"https:\/\/agenciainfra.com\/blog\/aneel-surpreende-e-adia-decisao-sobre-renovacao-da-concessao-da-edp-espirito-santo\/\"},\"wordCount\":588,\"publisher\":{\"@id\":\"https:\/\/agenciainfra.com\/blog\/#organization\"},\"image\":{\"@id\":\"https:\/\/agenciainfra.com\/blog\/aneel-surpreende-e-adia-decisao-sobre-renovacao-da-concessao-da-edp-espirito-santo\/#primaryimage\"},\"thumbnailUrl\":\"https:\/\/agenciainfra.com\/blog\/wp-content\/uploads\/2022\/05\/aneel-foto-aneel-e1764788022595.jpg\",\"keywords\":[\"Concess\u00e3o de energia\",\"distribuidoras de energia\",\"EDP Esp\u00edrito Santo\",\"Geraldo Campos Jr.\",\"Marisa Wanzeller\",\"pauta ANEEL\",\"pedido de vista\",\"Renova\u00e7\u00e3o de concess\u00e3o\",\"renova\u00e7\u00e3o de contrato\",\"reuni\u00e3o aneel\",\"vista\"],\"articleSection\":[\"Destaque lista\",\"Geral\",\"iNFRAEnergia\"],\"inLanguage\":\"pt-BR\",\"copyrightYear\":\"2025\",\"copyrightHolder\":{\"@id\":\"https:\/\/agenciainfra.com\/blog\/#organization\"}},{\"@type\":\"WebPage\",\"@id\":\"https:\/\/agenciainfra.com\/blog\/aneel-surpreende-e-adia-decisao-sobre-renovacao-da-concessao-da-edp-espirito-santo\/\",\"url\":\"https:\/\/agenciainfra.com\/blog\/aneel-surpreende-e-adia-decisao-sobre-renovacao-da-concessao-da-edp-espirito-santo\/\",\"name\":\"ANEEL surpreende e adia decis\u00e3o sobre renova\u00e7\u00e3o da concess\u00e3o da EDP Esp\u00edrito Santo - Ag\u00eancia iNFRA\",\"isPartOf\":{\"@id\":\"https:\/\/agenciainfra.com\/blog\/#website\"},\"primaryImageOfPage\":{\"@id\":\"https:\/\/agenciainfra.com\/blog\/aneel-surpreende-e-adia-decisao-sobre-renovacao-da-concessao-da-edp-espirito-santo\/#primaryimage\"},\"image\":{\"@id\":\"https:\/\/agenciainfra.com\/blog\/aneel-surpreende-e-adia-decisao-sobre-renovacao-da-concessao-da-edp-espirito-santo\/#primaryimage\"},\"thumbnailUrl\":\"https:\/\/agenciainfra.com\/blog\/wp-content\/uploads\/2022\/05\/aneel-foto-aneel-e1764788022595.jpg\",\"datePublished\":\"2025-04-02T13:00:00+00:00\",\"breadcrumb\":{\"@id\":\"https:\/\/agenciainfra.com\/blog\/aneel-surpreende-e-adia-decisao-sobre-renovacao-da-concessao-da-edp-espirito-santo\/#breadcrumb\"},\"inLanguage\":\"pt-BR\",\"potentialAction\":[{\"@type\":\"ReadAction\",\"target\":[\"https:\/\/agenciainfra.com\/blog\/aneel-surpreende-e-adia-decisao-sobre-renovacao-da-concessao-da-edp-espirito-santo\/\"]}]},{\"@type\":\"ImageObject\",\"inLanguage\":\"pt-BR\",\"@id\":\"https:\/\/agenciainfra.com\/blog\/aneel-surpreende-e-adia-decisao-sobre-renovacao-da-concessao-da-edp-espirito-santo\/#primaryimage\",\"url\":\"https:\/\/agenciainfra.com\/blog\/wp-content\/uploads\/2022\/05\/aneel-foto-aneel-e1764788022595.jpg\",\"contentUrl\":\"https:\/\/agenciainfra.com\/blog\/wp-content\/uploads\/2022\/05\/aneel-foto-aneel-e1764788022595.jpg\",\"width\":1280,\"height\":753,\"caption\":\"Foto: ANEEL\"},{\"@type\":\"BreadcrumbList\",\"@id\":\"https:\/\/agenciainfra.com\/blog\/aneel-surpreende-e-adia-decisao-sobre-renovacao-da-concessao-da-edp-espirito-santo\/#breadcrumb\",\"itemListElement\":[{\"@type\":\"ListItem\",\"position\":1,\"name\":\"In\u00edcio\",\"item\":\"https:\/\/agenciainfra.com\/blog\/\"},{\"@type\":\"ListItem\",\"position\":2,\"name\":\"ANEEL surpreende e adia decis\u00e3o sobre renova\u00e7\u00e3o da concess\u00e3o da EDP Esp\u00edrito Santo\"}]},{\"@type\":\"WebSite\",\"@id\":\"https:\/\/agenciainfra.com\/blog\/#website\",\"url\":\"https:\/\/agenciainfra.com\/blog\/\",\"name\":\"Ag\u00eancia iNFRA\",\"description\":\"Multiplataforma de informa\u00e7\u00e3o jornal\u00edstica refer\u00eancia na \u00e1rea de infraestrutura no Brasil!\",\"publisher\":{\"@id\":\"https:\/\/agenciainfra.com\/blog\/#organization\"},\"potentialAction\":[{\"@type\":\"SearchAction\",\"target\":{\"@type\":\"EntryPoint\",\"urlTemplate\":\"https:\/\/agenciainfra.com\/blog\/?s={search_term_string}\"},\"query-input\":{\"@type\":\"PropertyValueSpecification\",\"valueRequired\":true,\"valueName\":\"search_term_string\"}}],\"inLanguage\":\"pt-BR\"},{\"@type\":\"Organization\",\"@id\":\"https:\/\/agenciainfra.com\/blog\/#organization\",\"name\":\"Ag\u00eancia iNFRA\",\"url\":\"https:\/\/agenciainfra.com\/blog\/\",\"logo\":{\"@type\":\"ImageObject\",\"inLanguage\":\"pt-BR\",\"@id\":\"https:\/\/agenciainfra.com\/blog\/#\/schema\/logo\/image\/\",\"url\":\"https:\/\/agenciainfra.com\/blog\/wp-content\/uploads\/2023\/09\/iNFRA_5-e1761735885940.png\",\"contentUrl\":\"https:\/\/agenciainfra.com\/blog\/wp-content\/uploads\/2023\/09\/iNFRA_5-e1761735885940.png\",\"width\":1672,\"height\":454,\"caption\":\"Ag\u00eancia iNFRA\"},\"image\":{\"@id\":\"https:\/\/agenciainfra.com\/blog\/#\/schema\/logo\/image\/\"},\"sameAs\":[\"https:\/\/www.facebook.com\/ageninfra\",\"https:\/\/x.com\/agencia_infra\",\"https:\/\/www.linkedin.com\/company\/ag\u00eanciainfra\/\",\"https:\/\/www.instagram.com\/agenciainfra\/\"]},{\"@type\":\"Person\",\"@id\":\"https:\/\/agenciainfra.com\/blog\/#\/schema\/person\/34af08dff6adea4cb22b06612ba7acfa\",\"name\":\"Ag\u00eancia iNFRA\",\"image\":{\"@type\":\"ImageObject\",\"inLanguage\":\"pt-BR\",\"@id\":\"https:\/\/agenciainfra.com\/blog\/#\/schema\/person\/image\/\",\"url\":\"https:\/\/secure.gravatar.com\/avatar\/d189e01678f06d8eb84d4e01f08eb848b3fffe3f8443818d3c356c66892f5be8?s=96&d=mm&r=g\",\"contentUrl\":\"https:\/\/secure.gravatar.com\/avatar\/d189e01678f06d8eb84d4e01f08eb848b3fffe3f8443818d3c356c66892f5be8?s=96&d=mm&r=g\",\"caption\":\"Ag\u00eancia iNFRA\"},\"url\":\"https:\/\/agenciainfra.com\/blog\/author\/admin\/\"}]}<\/script>\n<!-- \/ Yoast SEO Premium plugin. -->","yoast_head_json":{"title":"ANEEL surpreende e adia decis\u00e3o sobre renova\u00e7\u00e3o da concess\u00e3o da EDP Esp\u00edrito Santo - Ag\u00eancia iNFRA","robots":{"index":"index","follow":"follow","max-snippet":"max-snippet:-1","max-image-preview":"max-image-preview:large","max-video-preview":"max-video-preview:-1"},"canonical":"https:\/\/agenciainfra.com\/blog\/aneel-surpreende-e-adia-decisao-sobre-renovacao-da-concessao-da-edp-espirito-santo\/","og_locale":"pt_BR","og_type":"article","og_title":"ANEEL surpreende e adia decis\u00e3o sobre renova\u00e7\u00e3o da concess\u00e3o da EDP Esp\u00edrito Santo","og_description":"Geraldo Campos Jr. e Marisa Wanzeller, da Ag\u00eancia iNFRA Foi adiada a decis\u00e3o da ANEEL (Ag\u00eancia Nacional de Energia El\u00e9trica) sobre a renova\u00e7\u00e3o da concess\u00e3o da EDP Esp\u00edrito Santo. O diretor&nbsp;Fernando Mosna surpreendeu o setor e pediu vista do processo nesta ter\u00e7a-feira (1\u00ba).&nbsp;Segundo ele, \u201ca ag\u00eancia est\u00e1 adiantada no prazo\u201d e assim pretende se debru\u00e7ar [&hellip;]","og_url":"https:\/\/agenciainfra.com\/blog\/aneel-surpreende-e-adia-decisao-sobre-renovacao-da-concessao-da-edp-espirito-santo\/","og_site_name":"Ag\u00eancia iNFRA","article_publisher":"https:\/\/www.facebook.com\/ageninfra","article_published_time":"2025-04-02T13:00:00+00:00","og_image":[{"width":1299,"height":868,"url":"https:\/\/agenciainfra.com\/blog\/wp-content\/uploads\/2022\/05\/aneel-foto-aneel.jpg","type":"image\/jpeg"}],"author":"Ag\u00eancia iNFRA","twitter_card":"summary_large_image","twitter_creator":"@agencia_infra","twitter_site":"@agencia_infra","twitter_misc":{"Escrito por":"Ag\u00eancia iNFRA","Est. tempo de leitura":"3 minutos"},"schema":{"@context":"https:\/\/schema.org","@graph":[{"@type":"Article","@id":"https:\/\/agenciainfra.com\/blog\/aneel-surpreende-e-adia-decisao-sobre-renovacao-da-concessao-da-edp-espirito-santo\/#article","isPartOf":{"@id":"https:\/\/agenciainfra.com\/blog\/aneel-surpreende-e-adia-decisao-sobre-renovacao-da-concessao-da-edp-espirito-santo\/"},"author":{"name":"Ag\u00eancia iNFRA","@id":"https:\/\/agenciainfra.com\/blog\/#\/schema\/person\/34af08dff6adea4cb22b06612ba7acfa"},"headline":"ANEEL surpreende e adia decis\u00e3o sobre renova\u00e7\u00e3o da concess\u00e3o da EDP Esp\u00edrito Santo","datePublished":"2025-04-02T13:00:00+00:00","mainEntityOfPage":{"@id":"https:\/\/agenciainfra.com\/blog\/aneel-surpreende-e-adia-decisao-sobre-renovacao-da-concessao-da-edp-espirito-santo\/"},"wordCount":588,"publisher":{"@id":"https:\/\/agenciainfra.com\/blog\/#organization"},"image":{"@id":"https:\/\/agenciainfra.com\/blog\/aneel-surpreende-e-adia-decisao-sobre-renovacao-da-concessao-da-edp-espirito-santo\/#primaryimage"},"thumbnailUrl":"https:\/\/agenciainfra.com\/blog\/wp-content\/uploads\/2022\/05\/aneel-foto-aneel-e1764788022595.jpg","keywords":["Concess\u00e3o de energia","distribuidoras de energia","EDP Esp\u00edrito Santo","Geraldo Campos Jr.","Marisa Wanzeller","pauta ANEEL","pedido de vista","Renova\u00e7\u00e3o de concess\u00e3o","renova\u00e7\u00e3o de contrato","reuni\u00e3o aneel","vista"],"articleSection":["Destaque lista","Geral","iNFRAEnergia"],"inLanguage":"pt-BR","copyrightYear":"2025","copyrightHolder":{"@id":"https:\/\/agenciainfra.com\/blog\/#organization"}},{"@type":"WebPage","@id":"https:\/\/agenciainfra.com\/blog\/aneel-surpreende-e-adia-decisao-sobre-renovacao-da-concessao-da-edp-espirito-santo\/","url":"https:\/\/agenciainfra.com\/blog\/aneel-surpreende-e-adia-decisao-sobre-renovacao-da-concessao-da-edp-espirito-santo\/","name":"ANEEL surpreende e adia decis\u00e3o sobre renova\u00e7\u00e3o da concess\u00e3o da EDP Esp\u00edrito Santo - Ag\u00eancia iNFRA","isPartOf":{"@id":"https:\/\/agenciainfra.com\/blog\/#website"},"primaryImageOfPage":{"@id":"https:\/\/agenciainfra.com\/blog\/aneel-surpreende-e-adia-decisao-sobre-renovacao-da-concessao-da-edp-espirito-santo\/#primaryimage"},"image":{"@id":"https:\/\/agenciainfra.com\/blog\/aneel-surpreende-e-adia-decisao-sobre-renovacao-da-concessao-da-edp-espirito-santo\/#primaryimage"},"thumbnailUrl":"https:\/\/agenciainfra.com\/blog\/wp-content\/uploads\/2022\/05\/aneel-foto-aneel-e1764788022595.jpg","datePublished":"2025-04-02T13:00:00+00:00","breadcrumb":{"@id":"https:\/\/agenciainfra.com\/blog\/aneel-surpreende-e-adia-decisao-sobre-renovacao-da-concessao-da-edp-espirito-santo\/#breadcrumb"},"inLanguage":"pt-BR","potentialAction":[{"@type":"ReadAction","target":["https:\/\/agenciainfra.com\/blog\/aneel-surpreende-e-adia-decisao-sobre-renovacao-da-concessao-da-edp-espirito-santo\/"]}]},{"@type":"ImageObject","inLanguage":"pt-BR","@id":"https:\/\/agenciainfra.com\/blog\/aneel-surpreende-e-adia-decisao-sobre-renovacao-da-concessao-da-edp-espirito-santo\/#primaryimage","url":"https:\/\/agenciainfra.com\/blog\/wp-content\/uploads\/2022\/05\/aneel-foto-aneel-e1764788022595.jpg","contentUrl":"https:\/\/agenciainfra.com\/blog\/wp-content\/uploads\/2022\/05\/aneel-foto-aneel-e1764788022595.jpg","width":1280,"height":753,"caption":"Foto: ANEEL"},{"@type":"BreadcrumbList","@id":"https:\/\/agenciainfra.com\/blog\/aneel-surpreende-e-adia-decisao-sobre-renovacao-da-concessao-da-edp-espirito-santo\/#breadcrumb","itemListElement":[{"@type":"ListItem","position":1,"name":"In\u00edcio","item":"https:\/\/agenciainfra.com\/blog\/"},{"@type":"ListItem","position":2,"name":"ANEEL surpreende e adia decis\u00e3o sobre renova\u00e7\u00e3o da concess\u00e3o da EDP Esp\u00edrito Santo"}]},{"@type":"WebSite","@id":"https:\/\/agenciainfra.com\/blog\/#website","url":"https:\/\/agenciainfra.com\/blog\/","name":"Ag\u00eancia iNFRA","description":"Multiplataforma de informa\u00e7\u00e3o jornal\u00edstica refer\u00eancia na \u00e1rea de infraestrutura no Brasil!","publisher":{"@id":"https:\/\/agenciainfra.com\/blog\/#organization"},"potentialAction":[{"@type":"SearchAction","target":{"@type":"EntryPoint","urlTemplate":"https:\/\/agenciainfra.com\/blog\/?s={search_term_string}"},"query-input":{"@type":"PropertyValueSpecification","valueRequired":true,"valueName":"search_term_string"}}],"inLanguage":"pt-BR"},{"@type":"Organization","@id":"https:\/\/agenciainfra.com\/blog\/#organization","name":"Ag\u00eancia iNFRA","url":"https:\/\/agenciainfra.com\/blog\/","logo":{"@type":"ImageObject","inLanguage":"pt-BR","@id":"https:\/\/agenciainfra.com\/blog\/#\/schema\/logo\/image\/","url":"https:\/\/agenciainfra.com\/blog\/wp-content\/uploads\/2023\/09\/iNFRA_5-e1761735885940.png","contentUrl":"https:\/\/agenciainfra.com\/blog\/wp-content\/uploads\/2023\/09\/iNFRA_5-e1761735885940.png","width":1672,"height":454,"caption":"Ag\u00eancia iNFRA"},"image":{"@id":"https:\/\/agenciainfra.com\/blog\/#\/schema\/logo\/image\/"},"sameAs":["https:\/\/www.facebook.com\/ageninfra","https:\/\/x.com\/agencia_infra","https:\/\/www.linkedin.com\/company\/ag\u00eanciainfra\/","https:\/\/www.instagram.com\/agenciainfra\/"]},{"@type":"Person","@id":"https:\/\/agenciainfra.com\/blog\/#\/schema\/person\/34af08dff6adea4cb22b06612ba7acfa","name":"Ag\u00eancia iNFRA","image":{"@type":"ImageObject","inLanguage":"pt-BR","@id":"https:\/\/agenciainfra.com\/blog\/#\/schema\/person\/image\/","url":"https:\/\/secure.gravatar.com\/avatar\/d189e01678f06d8eb84d4e01f08eb848b3fffe3f8443818d3c356c66892f5be8?s=96&d=mm&r=g","contentUrl":"https:\/\/secure.gravatar.com\/avatar\/d189e01678f06d8eb84d4e01f08eb848b3fffe3f8443818d3c356c66892f5be8?s=96&d=mm&r=g","caption":"Ag\u00eancia iNFRA"},"url":"https:\/\/agenciainfra.com\/blog\/author\/admin\/"}]}},"_links":{"self":[{"href":"https:\/\/agenciainfra.com\/blog\/wp-json\/wp\/v2\/posts\/20829","targetHints":{"allow":["GET"]}}],"collection":[{"href":"https:\/\/agenciainfra.com\/blog\/wp-json\/wp\/v2\/posts"}],"about":[{"href":"https:\/\/agenciainfra.com\/blog\/wp-json\/wp\/v2\/types\/post"}],"author":[{"embeddable":true,"href":"https:\/\/agenciainfra.com\/blog\/wp-json\/wp\/v2\/users\/1"}],"replies":[{"embeddable":true,"href":"https:\/\/agenciainfra.com\/blog\/wp-json\/wp\/v2\/comments?post=20829"}],"version-history":[{"count":1,"href":"https:\/\/agenciainfra.com\/blog\/wp-json\/wp\/v2\/posts\/20829\/revisions"}],"predecessor-version":[{"id":20830,"href":"https:\/\/agenciainfra.com\/blog\/wp-json\/wp\/v2\/posts\/20829\/revisions\/20830"}],"wp:featuredmedia":[{"embeddable":true,"href":"https:\/\/agenciainfra.com\/blog\/wp-json\/wp\/v2\/media\/10310"}],"wp:attachment":[{"href":"https:\/\/agenciainfra.com\/blog\/wp-json\/wp\/v2\/media?parent=20829"}],"wp:term":[{"taxonomy":"category","embeddable":true,"href":"https:\/\/agenciainfra.com\/blog\/wp-json\/wp\/v2\/categories?post=20829"},{"taxonomy":"post_tag","embeddable":true,"href":"https:\/\/agenciainfra.com\/blog\/wp-json\/wp\/v2\/tags?post=20829"}],"curies":[{"name":"wp","href":"https:\/\/api.w.org\/{rel}","templated":true}]}}